{"id":3216,"date":"2025-04-11T02:49:52","date_gmt":"2025-04-11T00:49:52","guid":{"rendered":"https:\/\/nordnesrepublikken.no\/index.php\/2025\/04\/11\/ai-di-zuckerberg-er-under-observasjon\/"},"modified":"2025-04-11T02:49:55","modified_gmt":"2025-04-11T00:49:55","slug":"ai-di-zuckerberg-er-under-observasjon","status":"publish","type":"post","link":"https:\/\/nordnesrepublikken.no\/index.php\/2025\/04\/11\/ai-di-zuckerberg-er-under-observasjon\/","title":{"rendered":"Ai Di Zuckerberg er under observasjon"},"content":{"rendered":"<div>\n<div class=\"cp_wrapper cp_wrapper--fw mb-30 mb-20@tablet\">\n<figure class=\"mm\"><picture class=\"img\" style=\"padding-top:56.25%\"><source  media=\"(min-width: 1024px)\"><source  media=\"(min-width: 768px)\"><\/source><\/source><\/picture><\/figure>\n<\/p><\/div>\n<p><strong>Meta AI<\/strong>den kunstige intelligensen til selskapet til <strong>Mark Zuckerberg<\/strong>ble gjort tilgjengelig i Europa gjennom n\u00f8klene p\u00e5 WhatsApp og Instagram og ankom p\u00e5 Facebook og Messenger, og \u00e5pnet debatter om personvernproblemer. Etter \u00e5 ha blokkert lanseringen av AI p\u00e5 grunn av den strenge lovgivningen om beskyttelse av personopplysninger som er til stede p\u00e5 EUs territorium, bestemte Gigante Tech of Menlo Park til slutt seg for \u00e5 gi ut chatbot, men foreldrel\u00f8se noen funksjoner, for eksempel de som ang\u00e5r generering av bilder. I mellomtiden, <strong>Dpc<\/strong> (<em>Databeskyttelseskommisjon<\/em>) Irish &#8211; som vesentlig tilsvarer v\u00e5r personverngarant &#8211; kunngjorde at han vil fortsette <strong>Hold \u00f8ye med destinasjonen min<\/strong> Ettersom teknologien vil ber\u00f8re alle EU -brukere p\u00e5 grunn av noen <strong>Uavklarte sp\u00f8rsm\u00e5l om styring av europeiske personopplysninger<\/strong>.<\/p>\n<h2>Meta AI og personvern i EU: En vanskelig f\u00f8dsel<\/h2>\n<p>Vi tar et skritt tilbake og snakker om prosessen, relativt lang og noe sammensatt, som brakte for noen uker siden en destinasjon til \u00e5 lande p\u00e5 europeisk jord. Meta har gitt ut sine funksjoner til In <strong>USA<\/strong> I <strong>2023<\/strong>men gikk til pause i lanseringen i Europa etter \u00ab<em>intense diskusjoner<\/em>\u00bbMed <em>Irish Data Protection Commission<\/em> eller <strong>Dpc<\/strong>. Disse diskusjonene har vendt seg p\u00e5 dannelsen av sine kunstige intelligensmodeller om europeiske data.<\/p>\n<p>Meta hadde til hensikt \u00e5 danne sine store spr\u00e5klige modeller, den s\u00e5 -kalt <strong>Llm<\/strong> (<em>Store spr\u00e5kmodeller<\/em>) Bruke innhold fra materialet som er delt av voksne brukere p\u00e5 Facebook og Instagram. Etter m\u00f8tene med den irske myndigheten valgte Meta \u00e5 avbryte prosedyren, men uttalte at det var en &laquo;<em>Jeg g\u00e5r tilbake for europeisk innovasjon, konkurranse i utviklingen av AI og ytterligere forsinkelser i \u00e5 bringe fordelene til folket til folk i Europa<\/em>\u00bb.<\/p>\n<p>I et innlegg p\u00e5 selskapets firmablogg, publisert 19. mars, er det slik selskapet til <strong>Mark Zuckerberg<\/strong> kommenterte ankomsten (sent) i EU av Meta AI:<\/p>\n<blockquote>\n<p><strong>Det tok mer tid enn vi ville ha gjort<\/strong> \u00f8nsket \u00e5 legge teknologien v\u00e5r i hendene p\u00e5 mennesker i Europa mens vi fortsetter \u00e5 navigere i hans <strong>Kompleks reguleringssystem<\/strong>men vi er glade for \u00e5 v\u00e6re endelig her.<\/p>\n<\/blockquote>\n<p>Funksjonene som er tilgjengelige for forbrukere i 41 land i Europa inkluderer for tiden en chatbot AI som kan svare p\u00e5 sp\u00f8rsm\u00e5l fra brukere av sosiale medieplattformer Meta, Facebook, Instagram, WhatsApp og Messenger, nyttige for \u00e5 lage id\u00e9dugnad, planlegge sine aktiviteter, f\u00e5 svaret p\u00e5 sp\u00f8rsm\u00e5l, men ikke for \u00e5 generere bilder (funksjonalitet som skulle komme videre). Disse siste funksjonene skal komme fremover.<\/p>\n<h2>Meta AI forblir &laquo;under observasjon&raquo;<\/h2>\n<p>Ankomsten av Meta AI vendte oppmerksomheten til <strong>Dpc<\/strong>den h\u00f8yeste europeiske autoriteten n\u00e5r det gjelder personvern og beskyttelse av personopplysninger, som gjennom en talsperson advarte:<\/p>\n<blockquote>\n<p>DPC, som en ledende tilsynsmyndighet etter m\u00e5l, har unders\u00f8kt en destinasjon de siste m\u00e5nedene sammen med v\u00e5re tilsynsmyndigheter i hele EU\/Se (EUs union\/European Economic Spazio, redakt\u00f8rens merknad), og vi vil fortsette \u00e5 holde plattformen under kontroll mens den distribueres til brukere de kommende ukene.<\/p>\n<\/blockquote>\n<p>Faktisk har den irske myndigheten for beskyttelse av personopplysninger mange tvil som venter p\u00e5 det kunstige intelligensverkt\u00f8yet til Meta. Noen av disse bekymrer sannsynligvis aspekter som bruk av sp\u00f8rsm\u00e5l (dvs. tekstkontrollene gitt av brukere), siden de potensielt kan deles med partnere valgt av Meta. Dette er i det minste det som l\u00e6res ved \u00e5 analysere vilk\u00e5rene for bruk av Meta AI, som reiser tvil om de mulige implikasjonene som dette kan ha i noen ganske delikate omr\u00e5der, for eksempel de som ligger i n\u00e6ringsliv og helse.<\/p>\n<p>Bare for \u00e5 f\u00e5 deg til \u00e5 forst\u00e5 hva vi snakker om, blant de mange tingene som er rapportert i vilk\u00e5rene for bruk av AI of Meta, leser vi:<\/p>\n<blockquote>\n<p>N\u00e5r informasjon deles med AI, <strong>AI kan beholde dem og bruke dem til \u00e5 gi mer personaliserte utganger<\/strong>. Brukeren m\u00e5 ikke dele informasjon som ikke \u00f8nsker \u00e5 bli brukt og oppbevart av AI, for eksempel identifisering av konto, passord, \u00f8konomisk informasjon eller andre sensitive emner. (&#8230;) Hvis AI ikke kan svare p\u00e5 foresp\u00f8rselen, eller hvis systemene v\u00e5re bestemmer at en partner kan gi et mer relevant eller oppdatert svar, kan vi be tredjeparter gi svar. (&#8230;) <strong>Informasjonen vi deler med tredjeparter kan inneholde personlig informasjon hvis foresp\u00f8rselen inneholder personlig informasjon om noen<\/strong>. Ved hjelp av AI inviterer brukeren oss til \u00e5 dele informasjonen sin med tredjeparter n\u00e5r tjenesten gir mer relevante eller nyttige svar.<\/p>\n<\/blockquote>\n<p>\u00c5 vente p\u00e5 at de kompetente myndighetene skal g\u00e5 videre til &laquo;Sieve&raquo; -destinasjonen, anbefalingen om ikke \u00e5 sende sp\u00f8rsm\u00e5l som inneholder personlig informasjon av noen slag er fortsatt veldig gyldig: og dette gjelder den kunstige intelligensen til Meta, men ogs\u00e5 for de av alle de andre selskapene som opererer p\u00e5 dette feltet. Du vet aldri!<\/p>\n<\/p><\/div>\n","protected":false},"excerpt":{"rendered":"<p>Meta AIden kunstige intelligensen til selskapet til Mark Zuckerbergble gjort tilgjengelig i Europa gjennom n\u00f8klene<\/p>\n","protected":false},"author":1,"featured_media":3217,"comment_status":"closed","ping_status":"open","sticky":false,"template":"","format":"standard","meta":{"footnotes":""},"categories":[25],"tags":[1002,1001],"class_list":["post-3216","post","type-post","status-publish","format-standard","has-post-thumbnail","hentry","category-teknologi","tag-observasjon","tag-zuckerberg","generate-columns","tablet-grid-50","mobile-grid-100","grid-parent","grid-33","resize-featured-image"],"yoast_head":"<!-- This site is optimized with the Yoast SEO plugin v24.4 - https:\/\/yoast.com\/wordpress\/plugins\/seo\/ -->\n<title>Ai Di Zuckerberg er under observasjon - Nordnesrepublikken<\/title>\n<meta name=\"robots\" content=\"index, follow, max-snippet:-1, max-image-preview:large, max-video-preview:-1\" \/>\n<link rel=\"canonical\" href=\"https:\/\/nordnesrepublikken.no\/index.php\/2025\/04\/11\/ai-di-zuckerberg-er-under-observasjon\/\" \/>\n<meta property=\"og:locale\" content=\"nb_NO\" \/>\n<meta property=\"og:type\" content=\"article\" \/>\n<meta property=\"og:title\" content=\"Ai Di Zuckerberg er under observasjon - Nordnesrepublikken\" \/>\n<meta property=\"og:description\" content=\"Meta AIden kunstige intelligensen til selskapet til Mark Zuckerbergble gjort tilgjengelig i Europa gjennom n\u00f8klene\" \/>\n<meta property=\"og:url\" content=\"https:\/\/nordnesrepublikken.no\/index.php\/2025\/04\/11\/ai-di-zuckerberg-er-under-observasjon\/\" \/>\n<meta property=\"og:site_name\" content=\"Nordnesrepublikken\" \/>\n<meta property=\"article:published_time\" content=\"2025-04-11T00:49:52+00:00\" \/>\n<meta property=\"article:modified_time\" content=\"2025-04-11T00:49:55+00:00\" \/>\n<meta property=\"og:image\" content=\"https:\/\/nordnesrepublikken.no\/wp-content\/uploads\/2025\/04\/1744332592_Ai-Di-Zuckerberg-er-under-observasjon.jpg\" \/>\n\t<meta property=\"og:image:width\" content=\"2500\" \/>\n\t<meta property=\"og:image:height\" content=\"1498\" \/>\n\t<meta property=\"og:image:type\" content=\"image\/jpeg\" \/>\n<meta name=\"author\" content=\"Ole Andersen\" \/>\n<meta name=\"twitter:card\" content=\"summary_large_image\" \/>\n<meta name=\"twitter:label1\" content=\"Skrevet av\" \/>\n\t<meta name=\"twitter:data1\" content=\"Ole Andersen\" \/>\n\t<meta name=\"twitter:label2\" content=\"Ansl. lesetid\" \/>\n\t<meta name=\"twitter:data2\" content=\"4 minutter\" \/>\n<script type=\"application\/ld+json\" class=\"yoast-schema-graph\">{\"@context\":\"https:\/\/schema.org\",\"@graph\":[{\"@type\":\"Article\",\"@id\":\"https:\/\/nordnesrepublikken.no\/index.php\/2025\/04\/11\/ai-di-zuckerberg-er-under-observasjon\/#article\",\"isPartOf\":{\"@id\":\"https:\/\/nordnesrepublikken.no\/index.php\/2025\/04\/11\/ai-di-zuckerberg-er-under-observasjon\/\"},\"author\":{\"name\":\"Ole Andersen\",\"@id\":\"https:\/\/nordnesrepublikken.no\/#\/schema\/person\/2e7e81935bab77882fffb79296240ff1\"},\"headline\":\"Ai Di Zuckerberg er under observasjon\",\"datePublished\":\"2025-04-11T00:49:52+00:00\",\"dateModified\":\"2025-04-11T00:49:55+00:00\",\"mainEntityOfPage\":{\"@id\":\"https:\/\/nordnesrepublikken.no\/index.php\/2025\/04\/11\/ai-di-zuckerberg-er-under-observasjon\/\"},\"wordCount\":775,\"publisher\":{\"@id\":\"https:\/\/nordnesrepublikken.no\/#organization\"},\"image\":{\"@id\":\"https:\/\/nordnesrepublikken.no\/index.php\/2025\/04\/11\/ai-di-zuckerberg-er-under-observasjon\/#primaryimage\"},\"thumbnailUrl\":\"https:\/\/nordnesrepublikken.no\/wp-content\/uploads\/2025\/04\/1744332592_Ai-Di-Zuckerberg-er-under-observasjon.jpg\",\"keywords\":[\"observasjon\",\"Zuckerberg\"],\"articleSection\":[\"Teknologi\"],\"inLanguage\":\"nb-NO\"},{\"@type\":\"WebPage\",\"@id\":\"https:\/\/nordnesrepublikken.no\/index.php\/2025\/04\/11\/ai-di-zuckerberg-er-under-observasjon\/\",\"url\":\"https:\/\/nordnesrepublikken.no\/index.php\/2025\/04\/11\/ai-di-zuckerberg-er-under-observasjon\/\",\"name\":\"Ai Di Zuckerberg er under observasjon - Nordnesrepublikken\",\"isPartOf\":{\"@id\":\"https:\/\/nordnesrepublikken.no\/#website\"},\"primaryImageOfPage\":{\"@id\":\"https:\/\/nordnesrepublikken.no\/index.php\/2025\/04\/11\/ai-di-zuckerberg-er-under-observasjon\/#primaryimage\"},\"image\":{\"@id\":\"https:\/\/nordnesrepublikken.no\/index.php\/2025\/04\/11\/ai-di-zuckerberg-er-under-observasjon\/#primaryimage\"},\"thumbnailUrl\":\"https:\/\/nordnesrepublikken.no\/wp-content\/uploads\/2025\/04\/1744332592_Ai-Di-Zuckerberg-er-under-observasjon.jpg\",\"datePublished\":\"2025-04-11T00:49:52+00:00\",\"dateModified\":\"2025-04-11T00:49:55+00:00\",\"breadcrumb\":{\"@id\":\"https:\/\/nordnesrepublikken.no\/index.php\/2025\/04\/11\/ai-di-zuckerberg-er-under-observasjon\/#breadcrumb\"},\"inLanguage\":\"nb-NO\",\"potentialAction\":[{\"@type\":\"ReadAction\",\"target\":[\"https:\/\/nordnesrepublikken.no\/index.php\/2025\/04\/11\/ai-di-zuckerberg-er-under-observasjon\/\"]}]},{\"@type\":\"ImageObject\",\"inLanguage\":\"nb-NO\",\"@id\":\"https:\/\/nordnesrepublikken.no\/index.php\/2025\/04\/11\/ai-di-zuckerberg-er-under-observasjon\/#primaryimage\",\"url\":\"https:\/\/nordnesrepublikken.no\/wp-content\/uploads\/2025\/04\/1744332592_Ai-Di-Zuckerberg-er-under-observasjon.jpg\",\"contentUrl\":\"https:\/\/nordnesrepublikken.no\/wp-content\/uploads\/2025\/04\/1744332592_Ai-Di-Zuckerberg-er-under-observasjon.jpg\",\"width\":2500,\"height\":1498,\"caption\":\"Meta AI\"},{\"@type\":\"BreadcrumbList\",\"@id\":\"https:\/\/nordnesrepublikken.no\/index.php\/2025\/04\/11\/ai-di-zuckerberg-er-under-observasjon\/#breadcrumb\",\"itemListElement\":[{\"@type\":\"ListItem\",\"position\":1,\"name\":\"Home\",\"item\":\"https:\/\/nordnesrepublikken.no\/\"},{\"@type\":\"ListItem\",\"position\":2,\"name\":\"Ai Di Zuckerberg er under observasjon\"}]},{\"@type\":\"WebSite\",\"@id\":\"https:\/\/nordnesrepublikken.no\/#website\",\"url\":\"https:\/\/nordnesrepublikken.no\/\",\"name\":\"Nordnesrepublikken\",\"description\":\"Stemmer og Visjoner fra Republikkens Hjerte\",\"publisher\":{\"@id\":\"https:\/\/nordnesrepublikken.no\/#organization\"},\"potentialAction\":[{\"@type\":\"SearchAction\",\"target\":{\"@type\":\"EntryPoint\",\"urlTemplate\":\"https:\/\/nordnesrepublikken.no\/?s={search_term_string}\"},\"query-input\":{\"@type\":\"PropertyValueSpecification\",\"valueRequired\":true,\"valueName\":\"search_term_string\"}}],\"inLanguage\":\"nb-NO\"},{\"@type\":\"Organization\",\"@id\":\"https:\/\/nordnesrepublikken.no\/#organization\",\"name\":\"Nordnesrepublikken\",\"url\":\"https:\/\/nordnesrepublikken.no\/\",\"logo\":{\"@type\":\"ImageObject\",\"inLanguage\":\"nb-NO\",\"@id\":\"https:\/\/nordnesrepublikken.no\/#\/schema\/logo\/image\/\",\"url\":\"https:\/\/nordnesrepublikken.no\/wp-content\/uploads\/2025\/02\/cropped-nordnesrepublikken-2.png\",\"contentUrl\":\"https:\/\/nordnesrepublikken.no\/wp-content\/uploads\/2025\/02\/cropped-nordnesrepublikken-2.png\",\"width\":1248,\"height\":362,\"caption\":\"Nordnesrepublikken\"},\"image\":{\"@id\":\"https:\/\/nordnesrepublikken.no\/#\/schema\/logo\/image\/\"}},{\"@type\":\"Person\",\"@id\":\"https:\/\/nordnesrepublikken.no\/#\/schema\/person\/2e7e81935bab77882fffb79296240ff1\",\"name\":\"Ole Andersen\",\"image\":{\"@type\":\"ImageObject\",\"inLanguage\":\"nb-NO\",\"@id\":\"https:\/\/nordnesrepublikken.no\/#\/schema\/person\/image\/\",\"url\":\"https:\/\/nordnesrepublikken.no\/wp-content\/uploads\/2025\/02\/nordnesrepublikken-2-2-150x150.jpg\",\"contentUrl\":\"https:\/\/nordnesrepublikken.no\/wp-content\/uploads\/2025\/02\/nordnesrepublikken-2-2-150x150.jpg\",\"caption\":\"Ole Andersen\"},\"description\":\"Ettersom jeg vokste opp i Oslo, har jeg alltid v\u00e6rt fascinert av ordenes kraft og deres evne til \u00e5 skape endringer. Etter \u00e5 ha fullf\u00f8rt min utdannelse i kommunikasjon ved Universitetet i Bergen, fikk jeg muligheten til \u00e5 jobbe innen ulike medier, der jeg har s\u00f8kt \u00e5 belyse viktige samfunnssp\u00f8rsm\u00e5l. I dag, som redakt\u00f8r for Nordnesrepublikken, pr\u00f8ver jeg \u00e5 forene min kj\u00e6rlighet for journalistikk med min lidenskap for innovasjon og eventyr.\",\"sameAs\":[\"https:\/\/nordnesrepublikken.no\/\"]}]}<\/script>\n<!-- \/ Yoast SEO plugin. -->","yoast_head_json":{"title":"Ai Di Zuckerberg er under observasjon - Nordnesrepublikken","robots":{"index":"index","follow":"follow","max-snippet":"max-snippet:-1","max-image-preview":"max-image-preview:large","max-video-preview":"max-video-preview:-1"},"canonical":"https:\/\/nordnesrepublikken.no\/index.php\/2025\/04\/11\/ai-di-zuckerberg-er-under-observasjon\/","og_locale":"nb_NO","og_type":"article","og_title":"Ai Di Zuckerberg er under observasjon - Nordnesrepublikken","og_description":"Meta AIden kunstige intelligensen til selskapet til Mark Zuckerbergble gjort tilgjengelig i Europa gjennom n\u00f8klene","og_url":"https:\/\/nordnesrepublikken.no\/index.php\/2025\/04\/11\/ai-di-zuckerberg-er-under-observasjon\/","og_site_name":"Nordnesrepublikken","article_published_time":"2025-04-11T00:49:52+00:00","article_modified_time":"2025-04-11T00:49:55+00:00","og_image":[{"width":2500,"height":1498,"url":"https:\/\/nordnesrepublikken.no\/wp-content\/uploads\/2025\/04\/1744332592_Ai-Di-Zuckerberg-er-under-observasjon.jpg","type":"image\/jpeg"}],"author":"Ole Andersen","twitter_card":"summary_large_image","twitter_misc":{"Skrevet av":"Ole Andersen","Ansl. lesetid":"4 minutter"},"schema":{"@context":"https:\/\/schema.org","@graph":[{"@type":"Article","@id":"https:\/\/nordnesrepublikken.no\/index.php\/2025\/04\/11\/ai-di-zuckerberg-er-under-observasjon\/#article","isPartOf":{"@id":"https:\/\/nordnesrepublikken.no\/index.php\/2025\/04\/11\/ai-di-zuckerberg-er-under-observasjon\/"},"author":{"name":"Ole Andersen","@id":"https:\/\/nordnesrepublikken.no\/#\/schema\/person\/2e7e81935bab77882fffb79296240ff1"},"headline":"Ai Di Zuckerberg er under observasjon","datePublished":"2025-04-11T00:49:52+00:00","dateModified":"2025-04-11T00:49:55+00:00","mainEntityOfPage":{"@id":"https:\/\/nordnesrepublikken.no\/index.php\/2025\/04\/11\/ai-di-zuckerberg-er-under-observasjon\/"},"wordCount":775,"publisher":{"@id":"https:\/\/nordnesrepublikken.no\/#organization"},"image":{"@id":"https:\/\/nordnesrepublikken.no\/index.php\/2025\/04\/11\/ai-di-zuckerberg-er-under-observasjon\/#primaryimage"},"thumbnailUrl":"https:\/\/nordnesrepublikken.no\/wp-content\/uploads\/2025\/04\/1744332592_Ai-Di-Zuckerberg-er-under-observasjon.jpg","keywords":["observasjon","Zuckerberg"],"articleSection":["Teknologi"],"inLanguage":"nb-NO"},{"@type":"WebPage","@id":"https:\/\/nordnesrepublikken.no\/index.php\/2025\/04\/11\/ai-di-zuckerberg-er-under-observasjon\/","url":"https:\/\/nordnesrepublikken.no\/index.php\/2025\/04\/11\/ai-di-zuckerberg-er-under-observasjon\/","name":"Ai Di Zuckerberg er under observasjon - Nordnesrepublikken","isPartOf":{"@id":"https:\/\/nordnesrepublikken.no\/#website"},"primaryImageOfPage":{"@id":"https:\/\/nordnesrepublikken.no\/index.php\/2025\/04\/11\/ai-di-zuckerberg-er-under-observasjon\/#primaryimage"},"image":{"@id":"https:\/\/nordnesrepublikken.no\/index.php\/2025\/04\/11\/ai-di-zuckerberg-er-under-observasjon\/#primaryimage"},"thumbnailUrl":"https:\/\/nordnesrepublikken.no\/wp-content\/uploads\/2025\/04\/1744332592_Ai-Di-Zuckerberg-er-under-observasjon.jpg","datePublished":"2025-04-11T00:49:52+00:00","dateModified":"2025-04-11T00:49:55+00:00","breadcrumb":{"@id":"https:\/\/nordnesrepublikken.no\/index.php\/2025\/04\/11\/ai-di-zuckerberg-er-under-observasjon\/#breadcrumb"},"inLanguage":"nb-NO","potentialAction":[{"@type":"ReadAction","target":["https:\/\/nordnesrepublikken.no\/index.php\/2025\/04\/11\/ai-di-zuckerberg-er-under-observasjon\/"]}]},{"@type":"ImageObject","inLanguage":"nb-NO","@id":"https:\/\/nordnesrepublikken.no\/index.php\/2025\/04\/11\/ai-di-zuckerberg-er-under-observasjon\/#primaryimage","url":"https:\/\/nordnesrepublikken.no\/wp-content\/uploads\/2025\/04\/1744332592_Ai-Di-Zuckerberg-er-under-observasjon.jpg","contentUrl":"https:\/\/nordnesrepublikken.no\/wp-content\/uploads\/2025\/04\/1744332592_Ai-Di-Zuckerberg-er-under-observasjon.jpg","width":2500,"height":1498,"caption":"Meta AI"},{"@type":"BreadcrumbList","@id":"https:\/\/nordnesrepublikken.no\/index.php\/2025\/04\/11\/ai-di-zuckerberg-er-under-observasjon\/#breadcrumb","itemListElement":[{"@type":"ListItem","position":1,"name":"Home","item":"https:\/\/nordnesrepublikken.no\/"},{"@type":"ListItem","position":2,"name":"Ai Di Zuckerberg er under observasjon"}]},{"@type":"WebSite","@id":"https:\/\/nordnesrepublikken.no\/#website","url":"https:\/\/nordnesrepublikken.no\/","name":"Nordnesrepublikken","description":"Stemmer og Visjoner fra Republikkens Hjerte","publisher":{"@id":"https:\/\/nordnesrepublikken.no\/#organization"},"potentialAction":[{"@type":"SearchAction","target":{"@type":"EntryPoint","urlTemplate":"https:\/\/nordnesrepublikken.no\/?s={search_term_string}"},"query-input":{"@type":"PropertyValueSpecification","valueRequired":true,"valueName":"search_term_string"}}],"inLanguage":"nb-NO"},{"@type":"Organization","@id":"https:\/\/nordnesrepublikken.no\/#organization","name":"Nordnesrepublikken","url":"https:\/\/nordnesrepublikken.no\/","logo":{"@type":"ImageObject","inLanguage":"nb-NO","@id":"https:\/\/nordnesrepublikken.no\/#\/schema\/logo\/image\/","url":"https:\/\/nordnesrepublikken.no\/wp-content\/uploads\/2025\/02\/cropped-nordnesrepublikken-2.png","contentUrl":"https:\/\/nordnesrepublikken.no\/wp-content\/uploads\/2025\/02\/cropped-nordnesrepublikken-2.png","width":1248,"height":362,"caption":"Nordnesrepublikken"},"image":{"@id":"https:\/\/nordnesrepublikken.no\/#\/schema\/logo\/image\/"}},{"@type":"Person","@id":"https:\/\/nordnesrepublikken.no\/#\/schema\/person\/2e7e81935bab77882fffb79296240ff1","name":"Ole Andersen","image":{"@type":"ImageObject","inLanguage":"nb-NO","@id":"https:\/\/nordnesrepublikken.no\/#\/schema\/person\/image\/","url":"https:\/\/nordnesrepublikken.no\/wp-content\/uploads\/2025\/02\/nordnesrepublikken-2-2-150x150.jpg","contentUrl":"https:\/\/nordnesrepublikken.no\/wp-content\/uploads\/2025\/02\/nordnesrepublikken-2-2-150x150.jpg","caption":"Ole Andersen"},"description":"Ettersom jeg vokste opp i Oslo, har jeg alltid v\u00e6rt fascinert av ordenes kraft og deres evne til \u00e5 skape endringer. Etter \u00e5 ha fullf\u00f8rt min utdannelse i kommunikasjon ved Universitetet i Bergen, fikk jeg muligheten til \u00e5 jobbe innen ulike medier, der jeg har s\u00f8kt \u00e5 belyse viktige samfunnssp\u00f8rsm\u00e5l. I dag, som redakt\u00f8r for Nordnesrepublikken, pr\u00f8ver jeg \u00e5 forene min kj\u00e6rlighet for journalistikk med min lidenskap for innovasjon og eventyr.","sameAs":["https:\/\/nordnesrepublikken.no\/"]}]}},"_links":{"self":[{"href":"https:\/\/nordnesrepublikken.no\/index.php\/wp-json\/wp\/v2\/posts\/3216","targetHints":{"allow":["GET"]}}],"collection":[{"href":"https:\/\/nordnesrepublikken.no\/index.php\/wp-json\/wp\/v2\/posts"}],"about":[{"href":"https:\/\/nordnesrepublikken.no\/index.php\/wp-json\/wp\/v2\/types\/post"}],"author":[{"embeddable":true,"href":"https:\/\/nordnesrepublikken.no\/index.php\/wp-json\/wp\/v2\/users\/1"}],"replies":[{"embeddable":true,"href":"https:\/\/nordnesrepublikken.no\/index.php\/wp-json\/wp\/v2\/comments?post=3216"}],"version-history":[{"count":1,"href":"https:\/\/nordnesrepublikken.no\/index.php\/wp-json\/wp\/v2\/posts\/3216\/revisions"}],"predecessor-version":[{"id":3218,"href":"https:\/\/nordnesrepublikken.no\/index.php\/wp-json\/wp\/v2\/posts\/3216\/revisions\/3218"}],"wp:featuredmedia":[{"embeddable":true,"href":"https:\/\/nordnesrepublikken.no\/index.php\/wp-json\/wp\/v2\/media\/3217"}],"wp:attachment":[{"href":"https:\/\/nordnesrepublikken.no\/index.php\/wp-json\/wp\/v2\/media?parent=3216"}],"wp:term":[{"taxonomy":"category","embeddable":true,"href":"https:\/\/nordnesrepublikken.no\/index.php\/wp-json\/wp\/v2\/categories?post=3216"},{"taxonomy":"post_tag","embeddable":true,"href":"https:\/\/nordnesrepublikken.no\/index.php\/wp-json\/wp\/v2\/tags?post=3216"}],"curies":[{"name":"wp","href":"https:\/\/api.w.org\/{rel}","templated":true}]}}