{"id":3207,"date":"2025-04-10T22:49:37","date_gmt":"2025-04-10T20:49:37","guid":{"rendered":"https:\/\/nordnesrepublikken.no\/index.php\/2025\/04\/10\/22-millioner-mennesker-uten-strom\/"},"modified":"2025-04-10T22:49:40","modified_gmt":"2025-04-10T20:49:40","slug":"22-millioner-mennesker-uten-strom","status":"publish","type":"post","link":"https:\/\/nordnesrepublikken.no\/index.php\/2025\/04\/10\/22-millioner-mennesker-uten-strom\/","title":{"rendered":"22 millioner mennesker uten str\u00f8m"},"content":{"rendered":"<div>\n<div class=\"cp_wrapper cp_wrapper--fw mb-30 mb-20@tablet\">\n<figure class=\"mm\"><picture class=\"img\" style=\"padding-top:56.25%\"><source  media=\"(min-width: 1024px)\"><source  media=\"(min-width: 768px)\"><\/source><\/source><\/picture><\/figure>\n<\/p><\/div>\n<p>s\u00f8ndag <strong>10. februar<\/strong> mot timene <strong>11:30<\/strong> Lokale blackouts har skjedd gjennom hele <strong>Sri Lanka<\/strong> Og \u00e5rsaken ser ut til \u00e5 tilskrives &#8230; en <strong>ape.<\/strong> I f\u00f8lge myndighetene ser det ut til at en <strong>Macaco fra hetten<\/strong> har klatret en p\u00e5 en <strong>Panadura kraftverk<\/strong>en forstad s\u00f8r for byen <strong>Columbus<\/strong>. I f\u00f8lge forskjellige vitner ville det v\u00e6rt en <strong>sterk eksplosjon<\/strong> ledsaget av en &laquo;<em>brannkule<\/em>&laquo;Noe som ville ha for\u00e5rsaket en nasjonal fiasko, med omtrent <strong>22 millioner mennesker som ble igjen uten str\u00f8m<\/strong> Eller i det minste tvunget til \u00e5 bruke personlige n\u00e5v\u00e6rende generatorer. Heldigvis var str\u00f8mmen <strong>gjenopprettet<\/strong> I mange omr\u00e5der i l\u00f8pet av f\u00e5 timer, mens noen flere perifere omr\u00e5der har m\u00e5ttet vente til dagen etter.<\/p>\n<p>Hypotesen om <strong>ape<\/strong> som <strong>Prim\u00e6r \u00e5rsak<\/strong> av feilen ville ogs\u00e5 blitt bekreftet av energiministeren <strong>Kumara Jayakredy<\/strong>som sa: &laquo;En ape kom i kontakt med nettverkstransformatoren og for\u00e5rsaket en ubalanse i kraftsystemet.&raquo; Hvordan er det mulig at et enkelt dyr for\u00e5rsaket s\u00e5 stor skade? For \u00f8yeblikket er det ingen visse svar, gitt at <em>Ceylon Electricity Board<\/em> &#8211; som publiserte en melding om unnskyldninger p\u00e5 sine sosiale kanaler &#8211; ga ikke detaljerte forklaringer p\u00e5 hendelsen. Disse er imidlertid ordene til en ansatt som foretrakk \u00e5 v\u00e6re anonyme:<\/p>\n<blockquote>\n<p>Tidligere regjeringer har ikke handlet eller oppdatert systemene (&#8230;) Faktisk er det nasjonale elektrisitetsnettet s\u00e5 svekket at hyppige str\u00f8mavbrudd kan gis over hele \u00f8ya hvis en forstyrrelse oppst\u00e5r selv i en av v\u00e5re linjer.<\/p>\n<\/blockquote>\n<p>Det er en begivenhet som har gjort mye i landet <strong>diskutere:<\/strong> P\u00e5 den ene siden har mange brukere p\u00e5 nettet lagt vekt p\u00e5 <strong>tragikomisk side<\/strong> av saken, mens andre har reist alvorlige bekymringer for nasjonal energiinfrastruktur og dens <strong>skj\u00f8rhet.<\/strong> Det asiatiske landet er faktisk ikke nytt for ulykker av denne typen, og de siste \u00e5rene har blackouts blitt stadig mer tilbakevendende. Sri Lanka bruker faktisk s\u00e5 mye vannkraft energi, men <strong>Fossilt brensel<\/strong>: Deres knapphet i 2022 presset til og med regjeringen til \u00e5 rasjonere str\u00f8m a <strong>13 timer om dagen<\/strong>.<\/p>\n<p>Til problemet med mangel p\u00e5 energi tilsettes en annen, det vil si den til <strong>Rask \u00f8kning i antall aper<\/strong>. Med \u00f8kningen av avskoging har disse dyrene alltid <strong>mindre plass<\/strong> Hvor du skal bo, g\u00e5 mer og mer til de store bebodde sentrene p\u00e5 jakt etter <strong>mat.<\/strong> Det er forel\u00f8pig ansl\u00e5tt at de p\u00e5 \u00f8ya er til stede <strong>mellom 2 og 3 millioner makaker <\/strong>og at antallet \u00f8ker.<\/p>\n<\/p><\/div>\n","protected":false},"excerpt":{"rendered":"<p>s\u00f8ndag 10. februar mot timene 11:30 Lokale blackouts har skjedd gjennom hele Sri Lanka Og<\/p>\n","protected":false},"author":1,"featured_media":3208,"comment_status":"closed","ping_status":"open","sticky":false,"template":"","format":"standard","meta":{"footnotes":""},"categories":[26],"tags":[36,34,994,684],"class_list":["post-3207","post","type-post","status-publish","format-standard","has-post-thumbnail","hentry","category-miljo","tag-mennesker","tag-millioner","tag-strom","tag-uten","generate-columns","tablet-grid-50","mobile-grid-100","grid-parent","grid-33","resize-featured-image"],"yoast_head":"<!-- This site is optimized with the Yoast SEO plugin v24.4 - https:\/\/yoast.com\/wordpress\/plugins\/seo\/ -->\n<title>22 millioner mennesker uten str\u00f8m - Nordnesrepublikken<\/title>\n<meta name=\"robots\" content=\"index, follow, max-snippet:-1, max-image-preview:large, max-video-preview:-1\" \/>\n<link rel=\"canonical\" href=\"https:\/\/nordnesrepublikken.no\/index.php\/2025\/04\/10\/22-millioner-mennesker-uten-strom\/\" \/>\n<meta property=\"og:locale\" content=\"nb_NO\" \/>\n<meta property=\"og:type\" content=\"article\" \/>\n<meta property=\"og:title\" content=\"22 millioner mennesker uten str\u00f8m - Nordnesrepublikken\" \/>\n<meta property=\"og:description\" content=\"s\u00f8ndag 10. februar mot timene 11:30 Lokale blackouts har skjedd gjennom hele Sri Lanka Og\" \/>\n<meta property=\"og:url\" content=\"https:\/\/nordnesrepublikken.no\/index.php\/2025\/04\/10\/22-millioner-mennesker-uten-strom\/\" \/>\n<meta property=\"og:site_name\" content=\"Nordnesrepublikken\" \/>\n<meta property=\"article:published_time\" content=\"2025-04-10T20:49:37+00:00\" \/>\n<meta property=\"article:modified_time\" content=\"2025-04-10T20:49:40+00:00\" \/>\n<meta property=\"og:image\" content=\"https:\/\/nordnesrepublikken.no\/wp-content\/uploads\/2025\/04\/1744318178_22-millioner-mennesker-uten-strom.jpg\" \/>\n\t<meta property=\"og:image:width\" content=\"2549\" \/>\n\t<meta property=\"og:image:height\" content=\"1491\" \/>\n\t<meta property=\"og:image:type\" content=\"image\/jpeg\" \/>\n<meta name=\"author\" content=\"Ole Andersen\" \/>\n<meta name=\"twitter:card\" content=\"summary_large_image\" \/>\n<meta name=\"twitter:label1\" content=\"Skrevet av\" \/>\n\t<meta name=\"twitter:data1\" content=\"Ole Andersen\" \/>\n\t<meta name=\"twitter:label2\" content=\"Ansl. lesetid\" \/>\n\t<meta name=\"twitter:data2\" content=\"2 minutter\" \/>\n<script type=\"application\/ld+json\" class=\"yoast-schema-graph\">{\"@context\":\"https:\/\/schema.org\",\"@graph\":[{\"@type\":\"Article\",\"@id\":\"https:\/\/nordnesrepublikken.no\/index.php\/2025\/04\/10\/22-millioner-mennesker-uten-strom\/#article\",\"isPartOf\":{\"@id\":\"https:\/\/nordnesrepublikken.no\/index.php\/2025\/04\/10\/22-millioner-mennesker-uten-strom\/\"},\"author\":{\"name\":\"Ole Andersen\",\"@id\":\"https:\/\/nordnesrepublikken.no\/#\/schema\/person\/2e7e81935bab77882fffb79296240ff1\"},\"headline\":\"22 millioner mennesker uten str\u00f8m\",\"datePublished\":\"2025-04-10T20:49:37+00:00\",\"dateModified\":\"2025-04-10T20:49:40+00:00\",\"mainEntityOfPage\":{\"@id\":\"https:\/\/nordnesrepublikken.no\/index.php\/2025\/04\/10\/22-millioner-mennesker-uten-strom\/\"},\"wordCount\":406,\"publisher\":{\"@id\":\"https:\/\/nordnesrepublikken.no\/#organization\"},\"image\":{\"@id\":\"https:\/\/nordnesrepublikken.no\/index.php\/2025\/04\/10\/22-millioner-mennesker-uten-strom\/#primaryimage\"},\"thumbnailUrl\":\"https:\/\/nordnesrepublikken.no\/wp-content\/uploads\/2025\/04\/1744318178_22-millioner-mennesker-uten-strom.jpg\",\"keywords\":[\"mennesker\",\"millioner\",\"str\u00f8m\",\"uten\"],\"articleSection\":[\"Milj\u00f8\"],\"inLanguage\":\"nb-NO\"},{\"@type\":\"WebPage\",\"@id\":\"https:\/\/nordnesrepublikken.no\/index.php\/2025\/04\/10\/22-millioner-mennesker-uten-strom\/\",\"url\":\"https:\/\/nordnesrepublikken.no\/index.php\/2025\/04\/10\/22-millioner-mennesker-uten-strom\/\",\"name\":\"22 millioner mennesker uten str\u00f8m - Nordnesrepublikken\",\"isPartOf\":{\"@id\":\"https:\/\/nordnesrepublikken.no\/#website\"},\"primaryImageOfPage\":{\"@id\":\"https:\/\/nordnesrepublikken.no\/index.php\/2025\/04\/10\/22-millioner-mennesker-uten-strom\/#primaryimage\"},\"image\":{\"@id\":\"https:\/\/nordnesrepublikken.no\/index.php\/2025\/04\/10\/22-millioner-mennesker-uten-strom\/#primaryimage\"},\"thumbnailUrl\":\"https:\/\/nordnesrepublikken.no\/wp-content\/uploads\/2025\/04\/1744318178_22-millioner-mennesker-uten-strom.jpg\",\"datePublished\":\"2025-04-10T20:49:37+00:00\",\"dateModified\":\"2025-04-10T20:49:40+00:00\",\"breadcrumb\":{\"@id\":\"https:\/\/nordnesrepublikken.no\/index.php\/2025\/04\/10\/22-millioner-mennesker-uten-strom\/#breadcrumb\"},\"inLanguage\":\"nb-NO\",\"potentialAction\":[{\"@type\":\"ReadAction\",\"target\":[\"https:\/\/nordnesrepublikken.no\/index.php\/2025\/04\/10\/22-millioner-mennesker-uten-strom\/\"]}]},{\"@type\":\"ImageObject\",\"inLanguage\":\"nb-NO\",\"@id\":\"https:\/\/nordnesrepublikken.no\/index.php\/2025\/04\/10\/22-millioner-mennesker-uten-strom\/#primaryimage\",\"url\":\"https:\/\/nordnesrepublikken.no\/wp-content\/uploads\/2025\/04\/1744318178_22-millioner-mennesker-uten-strom.jpg\",\"contentUrl\":\"https:\/\/nordnesrepublikken.no\/wp-content\/uploads\/2025\/04\/1744318178_22-millioner-mennesker-uten-strom.jpg\",\"width\":2549,\"height\":1491,\"caption\":\"Immagine\"},{\"@type\":\"BreadcrumbList\",\"@id\":\"https:\/\/nordnesrepublikken.no\/index.php\/2025\/04\/10\/22-millioner-mennesker-uten-strom\/#breadcrumb\",\"itemListElement\":[{\"@type\":\"ListItem\",\"position\":1,\"name\":\"Home\",\"item\":\"https:\/\/nordnesrepublikken.no\/\"},{\"@type\":\"ListItem\",\"position\":2,\"name\":\"22 millioner mennesker uten str\u00f8m\"}]},{\"@type\":\"WebSite\",\"@id\":\"https:\/\/nordnesrepublikken.no\/#website\",\"url\":\"https:\/\/nordnesrepublikken.no\/\",\"name\":\"Nordnesrepublikken\",\"description\":\"Stemmer og Visjoner fra Republikkens Hjerte\",\"publisher\":{\"@id\":\"https:\/\/nordnesrepublikken.no\/#organization\"},\"potentialAction\":[{\"@type\":\"SearchAction\",\"target\":{\"@type\":\"EntryPoint\",\"urlTemplate\":\"https:\/\/nordnesrepublikken.no\/?s={search_term_string}\"},\"query-input\":{\"@type\":\"PropertyValueSpecification\",\"valueRequired\":true,\"valueName\":\"search_term_string\"}}],\"inLanguage\":\"nb-NO\"},{\"@type\":\"Organization\",\"@id\":\"https:\/\/nordnesrepublikken.no\/#organization\",\"name\":\"Nordnesrepublikken\",\"url\":\"https:\/\/nordnesrepublikken.no\/\",\"logo\":{\"@type\":\"ImageObject\",\"inLanguage\":\"nb-NO\",\"@id\":\"https:\/\/nordnesrepublikken.no\/#\/schema\/logo\/image\/\",\"url\":\"https:\/\/nordnesrepublikken.no\/wp-content\/uploads\/2025\/02\/cropped-nordnesrepublikken-2.png\",\"contentUrl\":\"https:\/\/nordnesrepublikken.no\/wp-content\/uploads\/2025\/02\/cropped-nordnesrepublikken-2.png\",\"width\":1248,\"height\":362,\"caption\":\"Nordnesrepublikken\"},\"image\":{\"@id\":\"https:\/\/nordnesrepublikken.no\/#\/schema\/logo\/image\/\"}},{\"@type\":\"Person\",\"@id\":\"https:\/\/nordnesrepublikken.no\/#\/schema\/person\/2e7e81935bab77882fffb79296240ff1\",\"name\":\"Ole Andersen\",\"image\":{\"@type\":\"ImageObject\",\"inLanguage\":\"nb-NO\",\"@id\":\"https:\/\/nordnesrepublikken.no\/#\/schema\/person\/image\/\",\"url\":\"https:\/\/nordnesrepublikken.no\/wp-content\/uploads\/2025\/02\/nordnesrepublikken-2-2-150x150.jpg\",\"contentUrl\":\"https:\/\/nordnesrepublikken.no\/wp-content\/uploads\/2025\/02\/nordnesrepublikken-2-2-150x150.jpg\",\"caption\":\"Ole Andersen\"},\"description\":\"Ettersom jeg vokste opp i Oslo, har jeg alltid v\u00e6rt fascinert av ordenes kraft og deres evne til \u00e5 skape endringer. Etter \u00e5 ha fullf\u00f8rt min utdannelse i kommunikasjon ved Universitetet i Bergen, fikk jeg muligheten til \u00e5 jobbe innen ulike medier, der jeg har s\u00f8kt \u00e5 belyse viktige samfunnssp\u00f8rsm\u00e5l. I dag, som redakt\u00f8r for Nordnesrepublikken, pr\u00f8ver jeg \u00e5 forene min kj\u00e6rlighet for journalistikk med min lidenskap for innovasjon og eventyr.\",\"sameAs\":[\"https:\/\/nordnesrepublikken.no\/\"]}]}<\/script>\n<!-- \/ Yoast SEO plugin. -->","yoast_head_json":{"title":"22 millioner mennesker uten str\u00f8m - Nordnesrepublikken","robots":{"index":"index","follow":"follow","max-snippet":"max-snippet:-1","max-image-preview":"max-image-preview:large","max-video-preview":"max-video-preview:-1"},"canonical":"https:\/\/nordnesrepublikken.no\/index.php\/2025\/04\/10\/22-millioner-mennesker-uten-strom\/","og_locale":"nb_NO","og_type":"article","og_title":"22 millioner mennesker uten str\u00f8m - Nordnesrepublikken","og_description":"s\u00f8ndag 10. februar mot timene 11:30 Lokale blackouts har skjedd gjennom hele Sri Lanka Og","og_url":"https:\/\/nordnesrepublikken.no\/index.php\/2025\/04\/10\/22-millioner-mennesker-uten-strom\/","og_site_name":"Nordnesrepublikken","article_published_time":"2025-04-10T20:49:37+00:00","article_modified_time":"2025-04-10T20:49:40+00:00","og_image":[{"width":2549,"height":1491,"url":"https:\/\/nordnesrepublikken.no\/wp-content\/uploads\/2025\/04\/1744318178_22-millioner-mennesker-uten-strom.jpg","type":"image\/jpeg"}],"author":"Ole Andersen","twitter_card":"summary_large_image","twitter_misc":{"Skrevet av":"Ole Andersen","Ansl. lesetid":"2 minutter"},"schema":{"@context":"https:\/\/schema.org","@graph":[{"@type":"Article","@id":"https:\/\/nordnesrepublikken.no\/index.php\/2025\/04\/10\/22-millioner-mennesker-uten-strom\/#article","isPartOf":{"@id":"https:\/\/nordnesrepublikken.no\/index.php\/2025\/04\/10\/22-millioner-mennesker-uten-strom\/"},"author":{"name":"Ole Andersen","@id":"https:\/\/nordnesrepublikken.no\/#\/schema\/person\/2e7e81935bab77882fffb79296240ff1"},"headline":"22 millioner mennesker uten str\u00f8m","datePublished":"2025-04-10T20:49:37+00:00","dateModified":"2025-04-10T20:49:40+00:00","mainEntityOfPage":{"@id":"https:\/\/nordnesrepublikken.no\/index.php\/2025\/04\/10\/22-millioner-mennesker-uten-strom\/"},"wordCount":406,"publisher":{"@id":"https:\/\/nordnesrepublikken.no\/#organization"},"image":{"@id":"https:\/\/nordnesrepublikken.no\/index.php\/2025\/04\/10\/22-millioner-mennesker-uten-strom\/#primaryimage"},"thumbnailUrl":"https:\/\/nordnesrepublikken.no\/wp-content\/uploads\/2025\/04\/1744318178_22-millioner-mennesker-uten-strom.jpg","keywords":["mennesker","millioner","str\u00f8m","uten"],"articleSection":["Milj\u00f8"],"inLanguage":"nb-NO"},{"@type":"WebPage","@id":"https:\/\/nordnesrepublikken.no\/index.php\/2025\/04\/10\/22-millioner-mennesker-uten-strom\/","url":"https:\/\/nordnesrepublikken.no\/index.php\/2025\/04\/10\/22-millioner-mennesker-uten-strom\/","name":"22 millioner mennesker uten str\u00f8m - Nordnesrepublikken","isPartOf":{"@id":"https:\/\/nordnesrepublikken.no\/#website"},"primaryImageOfPage":{"@id":"https:\/\/nordnesrepublikken.no\/index.php\/2025\/04\/10\/22-millioner-mennesker-uten-strom\/#primaryimage"},"image":{"@id":"https:\/\/nordnesrepublikken.no\/index.php\/2025\/04\/10\/22-millioner-mennesker-uten-strom\/#primaryimage"},"thumbnailUrl":"https:\/\/nordnesrepublikken.no\/wp-content\/uploads\/2025\/04\/1744318178_22-millioner-mennesker-uten-strom.jpg","datePublished":"2025-04-10T20:49:37+00:00","dateModified":"2025-04-10T20:49:40+00:00","breadcrumb":{"@id":"https:\/\/nordnesrepublikken.no\/index.php\/2025\/04\/10\/22-millioner-mennesker-uten-strom\/#breadcrumb"},"inLanguage":"nb-NO","potentialAction":[{"@type":"ReadAction","target":["https:\/\/nordnesrepublikken.no\/index.php\/2025\/04\/10\/22-millioner-mennesker-uten-strom\/"]}]},{"@type":"ImageObject","inLanguage":"nb-NO","@id":"https:\/\/nordnesrepublikken.no\/index.php\/2025\/04\/10\/22-millioner-mennesker-uten-strom\/#primaryimage","url":"https:\/\/nordnesrepublikken.no\/wp-content\/uploads\/2025\/04\/1744318178_22-millioner-mennesker-uten-strom.jpg","contentUrl":"https:\/\/nordnesrepublikken.no\/wp-content\/uploads\/2025\/04\/1744318178_22-millioner-mennesker-uten-strom.jpg","width":2549,"height":1491,"caption":"Immagine"},{"@type":"BreadcrumbList","@id":"https:\/\/nordnesrepublikken.no\/index.php\/2025\/04\/10\/22-millioner-mennesker-uten-strom\/#breadcrumb","itemListElement":[{"@type":"ListItem","position":1,"name":"Home","item":"https:\/\/nordnesrepublikken.no\/"},{"@type":"ListItem","position":2,"name":"22 millioner mennesker uten str\u00f8m"}]},{"@type":"WebSite","@id":"https:\/\/nordnesrepublikken.no\/#website","url":"https:\/\/nordnesrepublikken.no\/","name":"Nordnesrepublikken","description":"Stemmer og Visjoner fra Republikkens Hjerte","publisher":{"@id":"https:\/\/nordnesrepublikken.no\/#organization"},"potentialAction":[{"@type":"SearchAction","target":{"@type":"EntryPoint","urlTemplate":"https:\/\/nordnesrepublikken.no\/?s={search_term_string}"},"query-input":{"@type":"PropertyValueSpecification","valueRequired":true,"valueName":"search_term_string"}}],"inLanguage":"nb-NO"},{"@type":"Organization","@id":"https:\/\/nordnesrepublikken.no\/#organization","name":"Nordnesrepublikken","url":"https:\/\/nordnesrepublikken.no\/","logo":{"@type":"ImageObject","inLanguage":"nb-NO","@id":"https:\/\/nordnesrepublikken.no\/#\/schema\/logo\/image\/","url":"https:\/\/nordnesrepublikken.no\/wp-content\/uploads\/2025\/02\/cropped-nordnesrepublikken-2.png","contentUrl":"https:\/\/nordnesrepublikken.no\/wp-content\/uploads\/2025\/02\/cropped-nordnesrepublikken-2.png","width":1248,"height":362,"caption":"Nordnesrepublikken"},"image":{"@id":"https:\/\/nordnesrepublikken.no\/#\/schema\/logo\/image\/"}},{"@type":"Person","@id":"https:\/\/nordnesrepublikken.no\/#\/schema\/person\/2e7e81935bab77882fffb79296240ff1","name":"Ole Andersen","image":{"@type":"ImageObject","inLanguage":"nb-NO","@id":"https:\/\/nordnesrepublikken.no\/#\/schema\/person\/image\/","url":"https:\/\/nordnesrepublikken.no\/wp-content\/uploads\/2025\/02\/nordnesrepublikken-2-2-150x150.jpg","contentUrl":"https:\/\/nordnesrepublikken.no\/wp-content\/uploads\/2025\/02\/nordnesrepublikken-2-2-150x150.jpg","caption":"Ole Andersen"},"description":"Ettersom jeg vokste opp i Oslo, har jeg alltid v\u00e6rt fascinert av ordenes kraft og deres evne til \u00e5 skape endringer. Etter \u00e5 ha fullf\u00f8rt min utdannelse i kommunikasjon ved Universitetet i Bergen, fikk jeg muligheten til \u00e5 jobbe innen ulike medier, der jeg har s\u00f8kt \u00e5 belyse viktige samfunnssp\u00f8rsm\u00e5l. I dag, som redakt\u00f8r for Nordnesrepublikken, pr\u00f8ver jeg \u00e5 forene min kj\u00e6rlighet for journalistikk med min lidenskap for innovasjon og eventyr.","sameAs":["https:\/\/nordnesrepublikken.no\/"]}]}},"_links":{"self":[{"href":"https:\/\/nordnesrepublikken.no\/index.php\/wp-json\/wp\/v2\/posts\/3207","targetHints":{"allow":["GET"]}}],"collection":[{"href":"https:\/\/nordnesrepublikken.no\/index.php\/wp-json\/wp\/v2\/posts"}],"about":[{"href":"https:\/\/nordnesrepublikken.no\/index.php\/wp-json\/wp\/v2\/types\/post"}],"author":[{"embeddable":true,"href":"https:\/\/nordnesrepublikken.no\/index.php\/wp-json\/wp\/v2\/users\/1"}],"replies":[{"embeddable":true,"href":"https:\/\/nordnesrepublikken.no\/index.php\/wp-json\/wp\/v2\/comments?post=3207"}],"version-history":[{"count":1,"href":"https:\/\/nordnesrepublikken.no\/index.php\/wp-json\/wp\/v2\/posts\/3207\/revisions"}],"predecessor-version":[{"id":3209,"href":"https:\/\/nordnesrepublikken.no\/index.php\/wp-json\/wp\/v2\/posts\/3207\/revisions\/3209"}],"wp:featuredmedia":[{"embeddable":true,"href":"https:\/\/nordnesrepublikken.no\/index.php\/wp-json\/wp\/v2\/media\/3208"}],"wp:attachment":[{"href":"https:\/\/nordnesrepublikken.no\/index.php\/wp-json\/wp\/v2\/media?parent=3207"}],"wp:term":[{"taxonomy":"category","embeddable":true,"href":"https:\/\/nordnesrepublikken.no\/index.php\/wp-json\/wp\/v2\/categories?post=3207"},{"taxonomy":"post_tag","embeddable":true,"href":"https:\/\/nordnesrepublikken.no\/index.php\/wp-json\/wp\/v2\/tags?post=3207"}],"curies":[{"name":"wp","href":"https:\/\/api.w.org\/{rel}","templated":true}]}}