{"id":3183,"date":"2025-04-10T12:50:16","date_gmt":"2025-04-10T10:50:16","guid":{"rendered":"https:\/\/nordnesrepublikken.no\/index.php\/2025\/04\/10\/problemer-spredt-over-italia-pa-operatorens-nettverk\/"},"modified":"2025-04-10T12:50:16","modified_gmt":"2025-04-10T10:50:16","slug":"problemer-spredt-over-italia-pa-operatorens-nettverk","status":"publish","type":"post","link":"https:\/\/nordnesrepublikken.no\/index.php\/2025\/04\/10\/problemer-spredt-over-italia-pa-operatorens-nettverk\/","title":{"rendered":"Problemer spredt over Italia p\u00e5 operat\u00f8rens nettverk"},"content":{"rendered":"<div>\n<div class=\"cp_wrapper cp_wrapper--fw mb-30 mb-20@tablet\">\n<figure class=\"mm\"><picture class=\"img\" style=\"padding-top:56.25%\"><source  media=\"(min-width: 1024px)\"><source  media=\"(min-width: 768px)\"><\/source><\/source><\/picture><\/figure>\n<\/p><\/div>\n<p>Tilsynelatende <strong>Fastweb -nettverket er ned<\/strong>. Hundrevis av brukere i hele Italia rapporterer funksjonsfeil i operat\u00f8rens nettverk, nylig hovedpersonen sammen med Vodafone av en viktig fusjonsprosess som ble avsluttet de siste m\u00e5nedene. En plutselig topp avbrudd ble registrert sent p\u00e5 morgenen i dag, <strong>Torsdag 10. april 2025<\/strong>. I f\u00f8lge data fra <em>Nedtettektor<\/em>et instrument som samler inn spontane rapporter om bj\u00f8rgere fra brukere, har fenomenet n\u00e5dd en betydelig intensitet rundt <strong>11:45<\/strong>med en topp p\u00e5 utover <strong>370 rapporter<\/strong>. De mest tydelige kritiske sp\u00f8rsm\u00e5lene har hovedsakelig fokusert i de store urbane omr\u00e5dene i Nord (spesielt <strong>Milan<\/strong> Og <strong>Torino<\/strong>), av sentrum (<strong>Bologna<\/strong>, <strong>Firenze <\/strong>Og<strong> Roma<\/strong>) og noen omr\u00e5der i s\u00f8r (<strong>Napoli<\/strong> Og <strong>Messina<\/strong>). De vanligste problemene gjelder tilgang til internett fra et fast nettverk, men det er ingen mangel p\u00e5 totale blackout -tilfeller eller vanskeligheter med tjenester relatert til e -post og mobiltelefoni.<\/p>\n<div class=\"cp_wrapper cp_wrapper--fw mb-50\">\n<figure class=\"mm\"><picture class=\"img\" style=\"padding-top:40.34620505992%\"><source  media=\"(min-width: 1024px)\"><source  media=\"(min-width: 768px)\"><img decoding=\"async\" loading=\"lazy\" src=\"https:\/\/nordnesrepublikken.no\/wp-content\/uploads\/2025\/04\/1744282216_3_Problemer-spredt-over-Italia-pa-operatorens-nettverk.jpg\" alt=\"Bilde\" width=\"1502\" height=\"606\"><\/source><\/source><\/picture><\/figure>\n<\/p><\/div>\n<h2>Mulige \u00e5rsaker til fastweb -nettverket ned<\/h2>\n<p>Hvis du ogs\u00e5 har lagt merke til problemer med \u00e5 koble til eller gj\u00f8re enhetene som er koblet til FastWeb -arbeid, er du ikke alene. Avbruddene vises faktisk fordelt litt p\u00e5 hele halv\u00f8ya, med en st\u00f8rre konsentrasjon i sentrum-nord. Avbruddskartet fremhever en stabil trend i l\u00f8pet av natten, etterfulgt av en<strong>Vertikal b\u00f8lge etter 10:00 om morgenen<\/strong>: En typisk trend med plutselig eller systemisk funksjonsfeil, og ikke en enkel nettverksoverbelastning.<\/p>\n<p>Fra et teknisk synspunkt kan et avbrudd av denne typen ha mange \u00e5rsaker: d\u00e5rlig administrerte programvareoppdateringer, nettverksinfrastrukturfeil eller problemer i utvekslingsnodene, som er viktige punkter der nettverkene til forskjellige operat\u00f8rer kobles til hverandre. N\u00e5r en av disse nodene har en sammenbrudd, kan effekten forplante seg raskt, og generere ogs\u00e5 kjede -bj\u00f8rnetegn. Faktum gjenst\u00e5r at det er vanskelig i denne fasen \u00e5 forst\u00e5 hvilken hypotese som er mer sannsynlig, og har ikke mye informasjon om hendelsen.<\/p>\n<h2>Hvordan holde deg oppdatert p\u00e5 fastweb nede<\/h2>\n<p>Forel\u00f8pig har FastWeb enn\u00e5 ikke gitt ut offisiell kommunikasjon, men overv\u00e5king av sanntid og analysen av rapporteringsm\u00f8nsteret antyder at det er en utvidet og ikke begrenset feil. Hvis du vil f\u00f8lge med p\u00e5 evolusjonen av situasjonen, som verkt\u00f8y som <em>Nedtettektor<\/em> eller de offisielle sosiale kanalene til operat\u00f8ren er gode kilder til oppfriskning.<\/p>\n<\/p><\/div>\n","protected":false},"excerpt":{"rendered":"<p>Tilsynelatende Fastweb -nettverket er ned. Hundrevis av brukere i hele Italia rapporterer funksjonsfeil i operat\u00f8rens<\/p>\n","protected":false},"author":1,"featured_media":3184,"comment_status":"closed","ping_status":"open","sticky":false,"template":"","format":"standard","meta":{"footnotes":""},"categories":[25],"tags":[437,967,966,81,964,965],"class_list":["post-3183","post","type-post","status-publish","format-standard","has-post-thumbnail","hentry","category-teknologi","tag-italia","tag-nettverk","tag-operatorens","tag-pa","tag-problemer","tag-spredt","generate-columns","tablet-grid-50","mobile-grid-100","grid-parent","grid-33","resize-featured-image"],"yoast_head":"<!-- This site is optimized with the Yoast SEO plugin v24.4 - https:\/\/yoast.com\/wordpress\/plugins\/seo\/ -->\n<title>Problemer spredt over Italia p\u00e5 operat\u00f8rens nettverk - Nordnesrepublikken<\/title>\n<meta name=\"robots\" content=\"index, follow, max-snippet:-1, max-image-preview:large, max-video-preview:-1\" \/>\n<link rel=\"canonical\" href=\"https:\/\/nordnesrepublikken.no\/index.php\/2025\/04\/10\/problemer-spredt-over-italia-pa-operatorens-nettverk\/\" \/>\n<meta property=\"og:locale\" content=\"nb_NO\" \/>\n<meta property=\"og:type\" content=\"article\" \/>\n<meta property=\"og:title\" content=\"Problemer spredt over Italia p\u00e5 operat\u00f8rens nettverk - Nordnesrepublikken\" \/>\n<meta property=\"og:description\" content=\"Tilsynelatende Fastweb -nettverket er ned. Hundrevis av brukere i hele Italia rapporterer funksjonsfeil i operat\u00f8rens\" \/>\n<meta property=\"og:url\" content=\"https:\/\/nordnesrepublikken.no\/index.php\/2025\/04\/10\/problemer-spredt-over-italia-pa-operatorens-nettverk\/\" \/>\n<meta property=\"og:site_name\" content=\"Nordnesrepublikken\" \/>\n<meta property=\"article:published_time\" content=\"2025-04-10T10:50:16+00:00\" \/>\n<meta property=\"og:image\" content=\"https:\/\/nordnesrepublikken.no\/wp-content\/uploads\/2025\/04\/1744282216_Problemer-spredt-over-Italia-pa-operatorens-nettverk.jpg\" \/>\n\t<meta property=\"og:image:width\" content=\"1200\" \/>\n\t<meta property=\"og:image:height\" content=\"700\" \/>\n\t<meta property=\"og:image:type\" content=\"image\/jpeg\" \/>\n<meta name=\"author\" content=\"Ole Andersen\" \/>\n<meta name=\"twitter:card\" content=\"summary_large_image\" \/>\n<meta name=\"twitter:label1\" content=\"Skrevet av\" \/>\n\t<meta name=\"twitter:data1\" content=\"Ole Andersen\" \/>\n\t<meta name=\"twitter:label2\" content=\"Ansl. lesetid\" \/>\n\t<meta name=\"twitter:data2\" content=\"2 minutter\" \/>\n<script type=\"application\/ld+json\" class=\"yoast-schema-graph\">{\"@context\":\"https:\/\/schema.org\",\"@graph\":[{\"@type\":\"Article\",\"@id\":\"https:\/\/nordnesrepublikken.no\/index.php\/2025\/04\/10\/problemer-spredt-over-italia-pa-operatorens-nettverk\/#article\",\"isPartOf\":{\"@id\":\"https:\/\/nordnesrepublikken.no\/index.php\/2025\/04\/10\/problemer-spredt-over-italia-pa-operatorens-nettverk\/\"},\"author\":{\"name\":\"Ole Andersen\",\"@id\":\"https:\/\/nordnesrepublikken.no\/#\/schema\/person\/2e7e81935bab77882fffb79296240ff1\"},\"headline\":\"Problemer spredt over Italia p\u00e5 operat\u00f8rens nettverk\",\"datePublished\":\"2025-04-10T10:50:16+00:00\",\"mainEntityOfPage\":{\"@id\":\"https:\/\/nordnesrepublikken.no\/index.php\/2025\/04\/10\/problemer-spredt-over-italia-pa-operatorens-nettverk\/\"},\"wordCount\":375,\"publisher\":{\"@id\":\"https:\/\/nordnesrepublikken.no\/#organization\"},\"image\":{\"@id\":\"https:\/\/nordnesrepublikken.no\/index.php\/2025\/04\/10\/problemer-spredt-over-italia-pa-operatorens-nettverk\/#primaryimage\"},\"thumbnailUrl\":\"https:\/\/nordnesrepublikken.no\/wp-content\/uploads\/2025\/04\/1744282216_Problemer-spredt-over-Italia-pa-operatorens-nettverk.jpg\",\"keywords\":[\"Italia\",\"nettverk\",\"operat\u00f8rens\",\"p\u00e5\",\"Problemer\",\"spredt\"],\"articleSection\":[\"Teknologi\"],\"inLanguage\":\"nb-NO\"},{\"@type\":\"WebPage\",\"@id\":\"https:\/\/nordnesrepublikken.no\/index.php\/2025\/04\/10\/problemer-spredt-over-italia-pa-operatorens-nettverk\/\",\"url\":\"https:\/\/nordnesrepublikken.no\/index.php\/2025\/04\/10\/problemer-spredt-over-italia-pa-operatorens-nettverk\/\",\"name\":\"Problemer spredt over Italia p\u00e5 operat\u00f8rens nettverk - Nordnesrepublikken\",\"isPartOf\":{\"@id\":\"https:\/\/nordnesrepublikken.no\/#website\"},\"primaryImageOfPage\":{\"@id\":\"https:\/\/nordnesrepublikken.no\/index.php\/2025\/04\/10\/problemer-spredt-over-italia-pa-operatorens-nettverk\/#primaryimage\"},\"image\":{\"@id\":\"https:\/\/nordnesrepublikken.no\/index.php\/2025\/04\/10\/problemer-spredt-over-italia-pa-operatorens-nettverk\/#primaryimage\"},\"thumbnailUrl\":\"https:\/\/nordnesrepublikken.no\/wp-content\/uploads\/2025\/04\/1744282216_Problemer-spredt-over-Italia-pa-operatorens-nettverk.jpg\",\"datePublished\":\"2025-04-10T10:50:16+00:00\",\"breadcrumb\":{\"@id\":\"https:\/\/nordnesrepublikken.no\/index.php\/2025\/04\/10\/problemer-spredt-over-italia-pa-operatorens-nettverk\/#breadcrumb\"},\"inLanguage\":\"nb-NO\",\"potentialAction\":[{\"@type\":\"ReadAction\",\"target\":[\"https:\/\/nordnesrepublikken.no\/index.php\/2025\/04\/10\/problemer-spredt-over-italia-pa-operatorens-nettverk\/\"]}]},{\"@type\":\"ImageObject\",\"inLanguage\":\"nb-NO\",\"@id\":\"https:\/\/nordnesrepublikken.no\/index.php\/2025\/04\/10\/problemer-spredt-over-italia-pa-operatorens-nettverk\/#primaryimage\",\"url\":\"https:\/\/nordnesrepublikken.no\/wp-content\/uploads\/2025\/04\/1744282216_Problemer-spredt-over-Italia-pa-operatorens-nettverk.jpg\",\"contentUrl\":\"https:\/\/nordnesrepublikken.no\/wp-content\/uploads\/2025\/04\/1744282216_Problemer-spredt-over-Italia-pa-operatorens-nettverk.jpg\",\"width\":1200,\"height\":700,\"caption\":\"Immagine\"},{\"@type\":\"BreadcrumbList\",\"@id\":\"https:\/\/nordnesrepublikken.no\/index.php\/2025\/04\/10\/problemer-spredt-over-italia-pa-operatorens-nettverk\/#breadcrumb\",\"itemListElement\":[{\"@type\":\"ListItem\",\"position\":1,\"name\":\"Home\",\"item\":\"https:\/\/nordnesrepublikken.no\/\"},{\"@type\":\"ListItem\",\"position\":2,\"name\":\"Problemer spredt over Italia p\u00e5 operat\u00f8rens nettverk\"}]},{\"@type\":\"WebSite\",\"@id\":\"https:\/\/nordnesrepublikken.no\/#website\",\"url\":\"https:\/\/nordnesrepublikken.no\/\",\"name\":\"Nordnesrepublikken\",\"description\":\"Stemmer og Visjoner fra Republikkens Hjerte\",\"publisher\":{\"@id\":\"https:\/\/nordnesrepublikken.no\/#organization\"},\"potentialAction\":[{\"@type\":\"SearchAction\",\"target\":{\"@type\":\"EntryPoint\",\"urlTemplate\":\"https:\/\/nordnesrepublikken.no\/?s={search_term_string}\"},\"query-input\":{\"@type\":\"PropertyValueSpecification\",\"valueRequired\":true,\"valueName\":\"search_term_string\"}}],\"inLanguage\":\"nb-NO\"},{\"@type\":\"Organization\",\"@id\":\"https:\/\/nordnesrepublikken.no\/#organization\",\"name\":\"Nordnesrepublikken\",\"url\":\"https:\/\/nordnesrepublikken.no\/\",\"logo\":{\"@type\":\"ImageObject\",\"inLanguage\":\"nb-NO\",\"@id\":\"https:\/\/nordnesrepublikken.no\/#\/schema\/logo\/image\/\",\"url\":\"https:\/\/nordnesrepublikken.no\/wp-content\/uploads\/2025\/02\/cropped-nordnesrepublikken-2.png\",\"contentUrl\":\"https:\/\/nordnesrepublikken.no\/wp-content\/uploads\/2025\/02\/cropped-nordnesrepublikken-2.png\",\"width\":1248,\"height\":362,\"caption\":\"Nordnesrepublikken\"},\"image\":{\"@id\":\"https:\/\/nordnesrepublikken.no\/#\/schema\/logo\/image\/\"}},{\"@type\":\"Person\",\"@id\":\"https:\/\/nordnesrepublikken.no\/#\/schema\/person\/2e7e81935bab77882fffb79296240ff1\",\"name\":\"Ole Andersen\",\"image\":{\"@type\":\"ImageObject\",\"inLanguage\":\"nb-NO\",\"@id\":\"https:\/\/nordnesrepublikken.no\/#\/schema\/person\/image\/\",\"url\":\"https:\/\/nordnesrepublikken.no\/wp-content\/uploads\/2025\/02\/nordnesrepublikken-2-2-150x150.jpg\",\"contentUrl\":\"https:\/\/nordnesrepublikken.no\/wp-content\/uploads\/2025\/02\/nordnesrepublikken-2-2-150x150.jpg\",\"caption\":\"Ole Andersen\"},\"description\":\"Ettersom jeg vokste opp i Oslo, har jeg alltid v\u00e6rt fascinert av ordenes kraft og deres evne til \u00e5 skape endringer. Etter \u00e5 ha fullf\u00f8rt min utdannelse i kommunikasjon ved Universitetet i Bergen, fikk jeg muligheten til \u00e5 jobbe innen ulike medier, der jeg har s\u00f8kt \u00e5 belyse viktige samfunnssp\u00f8rsm\u00e5l. I dag, som redakt\u00f8r for Nordnesrepublikken, pr\u00f8ver jeg \u00e5 forene min kj\u00e6rlighet for journalistikk med min lidenskap for innovasjon og eventyr.\",\"sameAs\":[\"https:\/\/nordnesrepublikken.no\/\"]}]}<\/script>\n<!-- \/ Yoast SEO plugin. -->","yoast_head_json":{"title":"Problemer spredt over Italia p\u00e5 operat\u00f8rens nettverk - Nordnesrepublikken","robots":{"index":"index","follow":"follow","max-snippet":"max-snippet:-1","max-image-preview":"max-image-preview:large","max-video-preview":"max-video-preview:-1"},"canonical":"https:\/\/nordnesrepublikken.no\/index.php\/2025\/04\/10\/problemer-spredt-over-italia-pa-operatorens-nettverk\/","og_locale":"nb_NO","og_type":"article","og_title":"Problemer spredt over Italia p\u00e5 operat\u00f8rens nettverk - Nordnesrepublikken","og_description":"Tilsynelatende Fastweb -nettverket er ned. Hundrevis av brukere i hele Italia rapporterer funksjonsfeil i operat\u00f8rens","og_url":"https:\/\/nordnesrepublikken.no\/index.php\/2025\/04\/10\/problemer-spredt-over-italia-pa-operatorens-nettverk\/","og_site_name":"Nordnesrepublikken","article_published_time":"2025-04-10T10:50:16+00:00","og_image":[{"width":1200,"height":700,"url":"https:\/\/nordnesrepublikken.no\/wp-content\/uploads\/2025\/04\/1744282216_Problemer-spredt-over-Italia-pa-operatorens-nettverk.jpg","type":"image\/jpeg"}],"author":"Ole Andersen","twitter_card":"summary_large_image","twitter_misc":{"Skrevet av":"Ole Andersen","Ansl. lesetid":"2 minutter"},"schema":{"@context":"https:\/\/schema.org","@graph":[{"@type":"Article","@id":"https:\/\/nordnesrepublikken.no\/index.php\/2025\/04\/10\/problemer-spredt-over-italia-pa-operatorens-nettverk\/#article","isPartOf":{"@id":"https:\/\/nordnesrepublikken.no\/index.php\/2025\/04\/10\/problemer-spredt-over-italia-pa-operatorens-nettverk\/"},"author":{"name":"Ole Andersen","@id":"https:\/\/nordnesrepublikken.no\/#\/schema\/person\/2e7e81935bab77882fffb79296240ff1"},"headline":"Problemer spredt over Italia p\u00e5 operat\u00f8rens nettverk","datePublished":"2025-04-10T10:50:16+00:00","mainEntityOfPage":{"@id":"https:\/\/nordnesrepublikken.no\/index.php\/2025\/04\/10\/problemer-spredt-over-italia-pa-operatorens-nettverk\/"},"wordCount":375,"publisher":{"@id":"https:\/\/nordnesrepublikken.no\/#organization"},"image":{"@id":"https:\/\/nordnesrepublikken.no\/index.php\/2025\/04\/10\/problemer-spredt-over-italia-pa-operatorens-nettverk\/#primaryimage"},"thumbnailUrl":"https:\/\/nordnesrepublikken.no\/wp-content\/uploads\/2025\/04\/1744282216_Problemer-spredt-over-Italia-pa-operatorens-nettverk.jpg","keywords":["Italia","nettverk","operat\u00f8rens","p\u00e5","Problemer","spredt"],"articleSection":["Teknologi"],"inLanguage":"nb-NO"},{"@type":"WebPage","@id":"https:\/\/nordnesrepublikken.no\/index.php\/2025\/04\/10\/problemer-spredt-over-italia-pa-operatorens-nettverk\/","url":"https:\/\/nordnesrepublikken.no\/index.php\/2025\/04\/10\/problemer-spredt-over-italia-pa-operatorens-nettverk\/","name":"Problemer spredt over Italia p\u00e5 operat\u00f8rens nettverk - Nordnesrepublikken","isPartOf":{"@id":"https:\/\/nordnesrepublikken.no\/#website"},"primaryImageOfPage":{"@id":"https:\/\/nordnesrepublikken.no\/index.php\/2025\/04\/10\/problemer-spredt-over-italia-pa-operatorens-nettverk\/#primaryimage"},"image":{"@id":"https:\/\/nordnesrepublikken.no\/index.php\/2025\/04\/10\/problemer-spredt-over-italia-pa-operatorens-nettverk\/#primaryimage"},"thumbnailUrl":"https:\/\/nordnesrepublikken.no\/wp-content\/uploads\/2025\/04\/1744282216_Problemer-spredt-over-Italia-pa-operatorens-nettverk.jpg","datePublished":"2025-04-10T10:50:16+00:00","breadcrumb":{"@id":"https:\/\/nordnesrepublikken.no\/index.php\/2025\/04\/10\/problemer-spredt-over-italia-pa-operatorens-nettverk\/#breadcrumb"},"inLanguage":"nb-NO","potentialAction":[{"@type":"ReadAction","target":["https:\/\/nordnesrepublikken.no\/index.php\/2025\/04\/10\/problemer-spredt-over-italia-pa-operatorens-nettverk\/"]}]},{"@type":"ImageObject","inLanguage":"nb-NO","@id":"https:\/\/nordnesrepublikken.no\/index.php\/2025\/04\/10\/problemer-spredt-over-italia-pa-operatorens-nettverk\/#primaryimage","url":"https:\/\/nordnesrepublikken.no\/wp-content\/uploads\/2025\/04\/1744282216_Problemer-spredt-over-Italia-pa-operatorens-nettverk.jpg","contentUrl":"https:\/\/nordnesrepublikken.no\/wp-content\/uploads\/2025\/04\/1744282216_Problemer-spredt-over-Italia-pa-operatorens-nettverk.jpg","width":1200,"height":700,"caption":"Immagine"},{"@type":"BreadcrumbList","@id":"https:\/\/nordnesrepublikken.no\/index.php\/2025\/04\/10\/problemer-spredt-over-italia-pa-operatorens-nettverk\/#breadcrumb","itemListElement":[{"@type":"ListItem","position":1,"name":"Home","item":"https:\/\/nordnesrepublikken.no\/"},{"@type":"ListItem","position":2,"name":"Problemer spredt over Italia p\u00e5 operat\u00f8rens nettverk"}]},{"@type":"WebSite","@id":"https:\/\/nordnesrepublikken.no\/#website","url":"https:\/\/nordnesrepublikken.no\/","name":"Nordnesrepublikken","description":"Stemmer og Visjoner fra Republikkens Hjerte","publisher":{"@id":"https:\/\/nordnesrepublikken.no\/#organization"},"potentialAction":[{"@type":"SearchAction","target":{"@type":"EntryPoint","urlTemplate":"https:\/\/nordnesrepublikken.no\/?s={search_term_string}"},"query-input":{"@type":"PropertyValueSpecification","valueRequired":true,"valueName":"search_term_string"}}],"inLanguage":"nb-NO"},{"@type":"Organization","@id":"https:\/\/nordnesrepublikken.no\/#organization","name":"Nordnesrepublikken","url":"https:\/\/nordnesrepublikken.no\/","logo":{"@type":"ImageObject","inLanguage":"nb-NO","@id":"https:\/\/nordnesrepublikken.no\/#\/schema\/logo\/image\/","url":"https:\/\/nordnesrepublikken.no\/wp-content\/uploads\/2025\/02\/cropped-nordnesrepublikken-2.png","contentUrl":"https:\/\/nordnesrepublikken.no\/wp-content\/uploads\/2025\/02\/cropped-nordnesrepublikken-2.png","width":1248,"height":362,"caption":"Nordnesrepublikken"},"image":{"@id":"https:\/\/nordnesrepublikken.no\/#\/schema\/logo\/image\/"}},{"@type":"Person","@id":"https:\/\/nordnesrepublikken.no\/#\/schema\/person\/2e7e81935bab77882fffb79296240ff1","name":"Ole Andersen","image":{"@type":"ImageObject","inLanguage":"nb-NO","@id":"https:\/\/nordnesrepublikken.no\/#\/schema\/person\/image\/","url":"https:\/\/nordnesrepublikken.no\/wp-content\/uploads\/2025\/02\/nordnesrepublikken-2-2-150x150.jpg","contentUrl":"https:\/\/nordnesrepublikken.no\/wp-content\/uploads\/2025\/02\/nordnesrepublikken-2-2-150x150.jpg","caption":"Ole Andersen"},"description":"Ettersom jeg vokste opp i Oslo, har jeg alltid v\u00e6rt fascinert av ordenes kraft og deres evne til \u00e5 skape endringer. Etter \u00e5 ha fullf\u00f8rt min utdannelse i kommunikasjon ved Universitetet i Bergen, fikk jeg muligheten til \u00e5 jobbe innen ulike medier, der jeg har s\u00f8kt \u00e5 belyse viktige samfunnssp\u00f8rsm\u00e5l. I dag, som redakt\u00f8r for Nordnesrepublikken, pr\u00f8ver jeg \u00e5 forene min kj\u00e6rlighet for journalistikk med min lidenskap for innovasjon og eventyr.","sameAs":["https:\/\/nordnesrepublikken.no\/"]}]}},"_links":{"self":[{"href":"https:\/\/nordnesrepublikken.no\/index.php\/wp-json\/wp\/v2\/posts\/3183","targetHints":{"allow":["GET"]}}],"collection":[{"href":"https:\/\/nordnesrepublikken.no\/index.php\/wp-json\/wp\/v2\/posts"}],"about":[{"href":"https:\/\/nordnesrepublikken.no\/index.php\/wp-json\/wp\/v2\/types\/post"}],"author":[{"embeddable":true,"href":"https:\/\/nordnesrepublikken.no\/index.php\/wp-json\/wp\/v2\/users\/1"}],"replies":[{"embeddable":true,"href":"https:\/\/nordnesrepublikken.no\/index.php\/wp-json\/wp\/v2\/comments?post=3183"}],"version-history":[{"count":1,"href":"https:\/\/nordnesrepublikken.no\/index.php\/wp-json\/wp\/v2\/posts\/3183\/revisions"}],"predecessor-version":[{"id":3185,"href":"https:\/\/nordnesrepublikken.no\/index.php\/wp-json\/wp\/v2\/posts\/3183\/revisions\/3185"}],"wp:featuredmedia":[{"embeddable":true,"href":"https:\/\/nordnesrepublikken.no\/index.php\/wp-json\/wp\/v2\/media\/3184"}],"wp:attachment":[{"href":"https:\/\/nordnesrepublikken.no\/index.php\/wp-json\/wp\/v2\/media?parent=3183"}],"wp:term":[{"taxonomy":"category","embeddable":true,"href":"https:\/\/nordnesrepublikken.no\/index.php\/wp-json\/wp\/v2\/categories?post=3183"},{"taxonomy":"post_tag","embeddable":true,"href":"https:\/\/nordnesrepublikken.no\/index.php\/wp-json\/wp\/v2\/tags?post=3183"}],"curies":[{"name":"wp","href":"https:\/\/api.w.org\/{rel}","templated":true}]}}