{"id":3174,"date":"2025-04-10T08:49:47","date_gmt":"2025-04-10T06:49:47","guid":{"rendered":"https:\/\/nordnesrepublikken.no\/index.php\/2025\/04\/10\/angrepet-av-en-drone-i-tsjernobyl-forarsaket-et-6-meter-hull-i-kjernefysisk-reaktorsarkofag-4\/"},"modified":"2025-04-10T08:49:51","modified_gmt":"2025-04-10T06:49:51","slug":"angrepet-av-en-drone-i-tsjernobyl-forarsaket-et-6-meter-hull-i-kjernefysisk-reaktorsarkofag-4","status":"publish","type":"post","link":"https:\/\/nordnesrepublikken.no\/index.php\/2025\/04\/10\/angrepet-av-en-drone-i-tsjernobyl-forarsaket-et-6-meter-hull-i-kjernefysisk-reaktorsarkofag-4\/","title":{"rendered":"Angrepet av en drone i Tsjernobyl for\u00e5rsaket et 6 -meter hull i kjernefysisk reaktorsarkofag 4"},"content":{"rendered":"<div>\n<div class=\"cp_wrapper cp_wrapper--fw mb-30 mb-20@tablet\">\n<figure class=\"mm\"><picture class=\"img\" style=\"padding-top:56.25%\"><source  media=\"(min-width: 1024px)\"><source  media=\"(min-width: 768px)\"><\/source><\/source><\/picture><\/figure>\n<\/p><\/div>\n<p>Fra en <strong>F\u00f8rste inspeksjon<\/strong> til den beskyttende sarkofagen til <strong>Reaktor 4<\/strong> av det tidligere Tsjernobyl -atomkraftverket identifiserte <strong>skader<\/strong> for\u00e5rsaket av angrepet av en kanskje russisk drone bev\u00e6pnet med eksplosive ladninger som ville ha krasjet inn i sarkofagen om natten mellom 13. og 14. februar 2025. If\u00f8lge en oppdatering publisert av <em>Verdens kjernefysiske nyheter<\/em>kjernefysisk tema aktuell side administrert av World Nuclear Association, har droneangrepet for\u00e5rsaket en <strong>Buld omtrent 6 meter bred<\/strong> I begge niv\u00e5er av reaktorbelegg, men b\u00e6restrukturen er ikke skadet og radioaktivitetsniv\u00e5er vil ikke gi bekymring. Ukrainske n\u00f8detater jobber for \u00e5 reparere skader p\u00e5 sarkofag.<\/p>\n<h2>Skaden p\u00e5 droneangrepet p\u00e5 sarkofagen til Tsjernobyl -kjernekraftverket<\/h2>\n<p>Ukrainske statens n\u00f8detat til den ukrainske staten erkl\u00e6rte at i g\u00e5r 17. februar <strong>Tre grupper av klatrere <\/strong>De begynte \u00e5 utf\u00f8re en inspeksjon, hver ansvar for \u00e5 analysere et r\u00f8ykeomr\u00e5de i sarkofagen. Den f\u00f8rste nyheten som dukket opp er at jeg <strong>Str\u00e5lingsniv\u00e5er<\/strong> de blir igjen <strong>Innenfor grensene som er planlagt<\/strong>mens senere et omr\u00e5de med det ytre belegget av <strong>15 m<sup>2<\/sup><\/strong>i en h\u00f8yde av omtrent <strong>87 meter<\/strong>.<\/p>\n<p>Mer spesifikt ville et hull blitt generert i begge beleggniv\u00e5er med en diameter p\u00e5 ca. <strong>6 meter<\/strong>som ogs\u00e5 ville ha skadet noen elektriske kabler. I tillegg til alt dette, ville det v\u00e6re et ytterligere litt skadet omr\u00e5de av <strong>200 m<sup>2<\/sup><\/strong>. Heldigvis var ikke skaden slik at de skader st\u00f8ttestrukturen, og til og med det innerste belegget ser ikke ut til \u00e5 ha f\u00e5tt s\u00e6rlig skade.<\/p>\n<h2>Tsjernobyl beskyttende sarkofager<\/h2>\n<p>Den f\u00f8rste tingen \u00e5 vite er at det etter den tragiske ulykken i april 1986 ble besluttet \u00e5 bygge rundt reaktoren 4 a <strong>beskyttende sarkofag,<\/strong> hvis oppgave ville v\u00e6rt den av <strong>innkapsler<\/strong> den smeltede hassen og omtrent <strong>200 tonn<\/strong> av sv\u00e6rt radioaktivt materiale. Dette ble imidlertid ikke designet med lang forventet levealder, og derfor ble det besluttet \u00e5 lage en ny beskyttende sarkofag, mer ekstern og i stand til \u00e5 omslutte den f\u00f8rste.<\/p>\n<div class=\"cp_wrapper cp_wrapper--fw mb-50\">\n<figure class=\"mm\"><picture class=\"img\" style=\"padding-top:73.75%\"><source  media=\"(min-width: 1024px)\"><source  media=\"(min-width: 768px)\"><img decoding=\"async\" loading=\"lazy\" src=\"https:\/\/nordnesrepublikken.no\/wp-content\/uploads\/2025\/04\/1744267786_121_Angrepet-av-en-drone-i-Tsjernobyl-forarsaket-et-6-meter.jpg\" alt=\"Bilde\" width=\"1200\" height=\"885\"><\/source><\/source><\/picture><\/figure>\n<\/p><\/div>\n<p>Denne m\u00e5lingen <strong>257 meter<\/strong> Til <strong>162 meter,<\/strong> med en h\u00f8yde p\u00e5 <strong>108 meter<\/strong> og en total vekt p\u00e5 omtrent <strong>36<\/strong> <strong>tusen tonn<\/strong>. Det best\u00e5r av et internt beleggslag og et eksternt rundt en struktur i <strong>st\u00e5l<\/strong>. Det er en struktur designet for \u00e5 motst\u00e5 jordskjelv opp til st\u00f8rrelsesorden 6,0, orkaner og plutselige temperaturvariasjoner. I motsetning til den f\u00f8rste sarkofagen, har dette en forventet levealder p\u00e5 omtrent <strong>et \u00e5rhundre<\/strong>.<\/p>\n<div class=\"cp_wrapper cp_wrapper--fw mb-50\">\n<figure class=\"mm\"><picture class=\"img\" style=\"padding-top:66.5625%\"><source  media=\"(min-width: 1024px)\"><source  media=\"(min-width: 768px)\"><img decoding=\"async\" loading=\"lazy\" src=\"https:\/\/nordnesrepublikken.no\/wp-content\/uploads\/2025\/04\/1744267787_682_Angrepet-av-en-drone-i-Tsjernobyl-forarsaket-et-6-meter.jpg\" alt=\"Bilde\" width=\"1280\" height=\"852\" class=\"js-seedtag-img\"><\/source><\/source><\/picture><\/figure>\n<\/p><\/div>\n<\/p><\/div>\n","protected":false},"excerpt":{"rendered":"<p>Fra en F\u00f8rste inspeksjon til den beskyttende sarkofagen til Reaktor 4 av det tidligere Tsjernobyl<\/p>\n","protected":false},"author":1,"featured_media":3175,"comment_status":"closed","ping_status":"open","sticky":false,"template":"","format":"standard","meta":{"footnotes":""},"categories":[26],"tags":[950,154,951,952,953,312,954,413],"class_list":["post-3174","post","type-post","status-publish","format-standard","has-post-thumbnail","hentry","category-miljo","tag-angrepet","tag-drone","tag-forarsaket","tag-hull","tag-kjernefysisk","tag-meter","tag-reaktorsarkofag","tag-tsjernobyl","generate-columns","tablet-grid-50","mobile-grid-100","grid-parent","grid-33","resize-featured-image"],"yoast_head":"<!-- This site is optimized with the Yoast SEO plugin v24.4 - https:\/\/yoast.com\/wordpress\/plugins\/seo\/ -->\n<title>Angrepet av en drone i Tsjernobyl for\u00e5rsaket et 6 -meter hull i kjernefysisk reaktorsarkofag 4 - Nordnesrepublikken<\/title>\n<meta name=\"robots\" content=\"index, follow, max-snippet:-1, max-image-preview:large, max-video-preview:-1\" \/>\n<link rel=\"canonical\" href=\"https:\/\/nordnesrepublikken.no\/index.php\/2025\/04\/10\/angrepet-av-en-drone-i-tsjernobyl-forarsaket-et-6-meter-hull-i-kjernefysisk-reaktorsarkofag-4\/\" \/>\n<meta property=\"og:locale\" content=\"nb_NO\" \/>\n<meta property=\"og:type\" content=\"article\" \/>\n<meta property=\"og:title\" content=\"Angrepet av en drone i Tsjernobyl for\u00e5rsaket et 6 -meter hull i kjernefysisk reaktorsarkofag 4 - Nordnesrepublikken\" \/>\n<meta property=\"og:description\" content=\"Fra en F\u00f8rste inspeksjon til den beskyttende sarkofagen til Reaktor 4 av det tidligere Tsjernobyl\" \/>\n<meta property=\"og:url\" content=\"https:\/\/nordnesrepublikken.no\/index.php\/2025\/04\/10\/angrepet-av-en-drone-i-tsjernobyl-forarsaket-et-6-meter-hull-i-kjernefysisk-reaktorsarkofag-4\/\" \/>\n<meta property=\"og:site_name\" content=\"Nordnesrepublikken\" \/>\n<meta property=\"article:published_time\" content=\"2025-04-10T06:49:47+00:00\" \/>\n<meta property=\"article:modified_time\" content=\"2025-04-10T06:49:51+00:00\" \/>\n<meta property=\"og:image\" content=\"https:\/\/nordnesrepublikken.no\/wp-content\/uploads\/2025\/04\/1744267789_Angrepet-av-en-drone-i-Tsjernobyl-forarsaket-et-6-meter.jpg\" \/>\n\t<meta property=\"og:image:width\" content=\"2549\" \/>\n\t<meta property=\"og:image:height\" content=\"1491\" \/>\n\t<meta property=\"og:image:type\" content=\"image\/jpeg\" \/>\n<meta name=\"author\" content=\"Ole Andersen\" \/>\n<meta name=\"twitter:card\" content=\"summary_large_image\" \/>\n<meta name=\"twitter:label1\" content=\"Skrevet av\" \/>\n\t<meta name=\"twitter:data1\" content=\"Ole Andersen\" \/>\n\t<meta name=\"twitter:label2\" content=\"Ansl. lesetid\" \/>\n\t<meta name=\"twitter:data2\" content=\"2 minutter\" \/>\n<script type=\"application\/ld+json\" class=\"yoast-schema-graph\">{\"@context\":\"https:\/\/schema.org\",\"@graph\":[{\"@type\":\"Article\",\"@id\":\"https:\/\/nordnesrepublikken.no\/index.php\/2025\/04\/10\/angrepet-av-en-drone-i-tsjernobyl-forarsaket-et-6-meter-hull-i-kjernefysisk-reaktorsarkofag-4\/#article\",\"isPartOf\":{\"@id\":\"https:\/\/nordnesrepublikken.no\/index.php\/2025\/04\/10\/angrepet-av-en-drone-i-tsjernobyl-forarsaket-et-6-meter-hull-i-kjernefysisk-reaktorsarkofag-4\/\"},\"author\":{\"name\":\"Ole Andersen\",\"@id\":\"https:\/\/nordnesrepublikken.no\/#\/schema\/person\/2e7e81935bab77882fffb79296240ff1\"},\"headline\":\"Angrepet av en drone i Tsjernobyl for\u00e5rsaket et 6 -meter hull i kjernefysisk reaktorsarkofag 4\",\"datePublished\":\"2025-04-10T06:49:47+00:00\",\"dateModified\":\"2025-04-10T06:49:51+00:00\",\"mainEntityOfPage\":{\"@id\":\"https:\/\/nordnesrepublikken.no\/index.php\/2025\/04\/10\/angrepet-av-en-drone-i-tsjernobyl-forarsaket-et-6-meter-hull-i-kjernefysisk-reaktorsarkofag-4\/\"},\"wordCount\":402,\"publisher\":{\"@id\":\"https:\/\/nordnesrepublikken.no\/#organization\"},\"image\":{\"@id\":\"https:\/\/nordnesrepublikken.no\/index.php\/2025\/04\/10\/angrepet-av-en-drone-i-tsjernobyl-forarsaket-et-6-meter-hull-i-kjernefysisk-reaktorsarkofag-4\/#primaryimage\"},\"thumbnailUrl\":\"https:\/\/nordnesrepublikken.no\/wp-content\/uploads\/2025\/04\/1744267789_Angrepet-av-en-drone-i-Tsjernobyl-forarsaket-et-6-meter.jpg\",\"keywords\":[\"Angrepet\",\"Drone\",\"for\u00e5rsaket\",\"hull\",\"kjernefysisk\",\"meter\",\"reaktorsarkofag\",\"Tsjernobyl\"],\"articleSection\":[\"Milj\u00f8\"],\"inLanguage\":\"nb-NO\"},{\"@type\":\"WebPage\",\"@id\":\"https:\/\/nordnesrepublikken.no\/index.php\/2025\/04\/10\/angrepet-av-en-drone-i-tsjernobyl-forarsaket-et-6-meter-hull-i-kjernefysisk-reaktorsarkofag-4\/\",\"url\":\"https:\/\/nordnesrepublikken.no\/index.php\/2025\/04\/10\/angrepet-av-en-drone-i-tsjernobyl-forarsaket-et-6-meter-hull-i-kjernefysisk-reaktorsarkofag-4\/\",\"name\":\"Angrepet av en drone i Tsjernobyl for\u00e5rsaket et 6 -meter hull i kjernefysisk reaktorsarkofag 4 - Nordnesrepublikken\",\"isPartOf\":{\"@id\":\"https:\/\/nordnesrepublikken.no\/#website\"},\"primaryImageOfPage\":{\"@id\":\"https:\/\/nordnesrepublikken.no\/index.php\/2025\/04\/10\/angrepet-av-en-drone-i-tsjernobyl-forarsaket-et-6-meter-hull-i-kjernefysisk-reaktorsarkofag-4\/#primaryimage\"},\"image\":{\"@id\":\"https:\/\/nordnesrepublikken.no\/index.php\/2025\/04\/10\/angrepet-av-en-drone-i-tsjernobyl-forarsaket-et-6-meter-hull-i-kjernefysisk-reaktorsarkofag-4\/#primaryimage\"},\"thumbnailUrl\":\"https:\/\/nordnesrepublikken.no\/wp-content\/uploads\/2025\/04\/1744267789_Angrepet-av-en-drone-i-Tsjernobyl-forarsaket-et-6-meter.jpg\",\"datePublished\":\"2025-04-10T06:49:47+00:00\",\"dateModified\":\"2025-04-10T06:49:51+00:00\",\"breadcrumb\":{\"@id\":\"https:\/\/nordnesrepublikken.no\/index.php\/2025\/04\/10\/angrepet-av-en-drone-i-tsjernobyl-forarsaket-et-6-meter-hull-i-kjernefysisk-reaktorsarkofag-4\/#breadcrumb\"},\"inLanguage\":\"nb-NO\",\"potentialAction\":[{\"@type\":\"ReadAction\",\"target\":[\"https:\/\/nordnesrepublikken.no\/index.php\/2025\/04\/10\/angrepet-av-en-drone-i-tsjernobyl-forarsaket-et-6-meter-hull-i-kjernefysisk-reaktorsarkofag-4\/\"]}]},{\"@type\":\"ImageObject\",\"inLanguage\":\"nb-NO\",\"@id\":\"https:\/\/nordnesrepublikken.no\/index.php\/2025\/04\/10\/angrepet-av-en-drone-i-tsjernobyl-forarsaket-et-6-meter-hull-i-kjernefysisk-reaktorsarkofag-4\/#primaryimage\",\"url\":\"https:\/\/nordnesrepublikken.no\/wp-content\/uploads\/2025\/04\/1744267789_Angrepet-av-en-drone-i-Tsjernobyl-forarsaket-et-6-meter.jpg\",\"contentUrl\":\"https:\/\/nordnesrepublikken.no\/wp-content\/uploads\/2025\/04\/1744267789_Angrepet-av-en-drone-i-Tsjernobyl-forarsaket-et-6-meter.jpg\",\"width\":2549,\"height\":1491,\"caption\":\"Immagine\"},{\"@type\":\"BreadcrumbList\",\"@id\":\"https:\/\/nordnesrepublikken.no\/index.php\/2025\/04\/10\/angrepet-av-en-drone-i-tsjernobyl-forarsaket-et-6-meter-hull-i-kjernefysisk-reaktorsarkofag-4\/#breadcrumb\",\"itemListElement\":[{\"@type\":\"ListItem\",\"position\":1,\"name\":\"Home\",\"item\":\"https:\/\/nordnesrepublikken.no\/\"},{\"@type\":\"ListItem\",\"position\":2,\"name\":\"Angrepet av en drone i Tsjernobyl for\u00e5rsaket et 6 -meter hull i kjernefysisk reaktorsarkofag 4\"}]},{\"@type\":\"WebSite\",\"@id\":\"https:\/\/nordnesrepublikken.no\/#website\",\"url\":\"https:\/\/nordnesrepublikken.no\/\",\"name\":\"Nordnesrepublikken\",\"description\":\"Stemmer og Visjoner fra Republikkens Hjerte\",\"publisher\":{\"@id\":\"https:\/\/nordnesrepublikken.no\/#organization\"},\"potentialAction\":[{\"@type\":\"SearchAction\",\"target\":{\"@type\":\"EntryPoint\",\"urlTemplate\":\"https:\/\/nordnesrepublikken.no\/?s={search_term_string}\"},\"query-input\":{\"@type\":\"PropertyValueSpecification\",\"valueRequired\":true,\"valueName\":\"search_term_string\"}}],\"inLanguage\":\"nb-NO\"},{\"@type\":\"Organization\",\"@id\":\"https:\/\/nordnesrepublikken.no\/#organization\",\"name\":\"Nordnesrepublikken\",\"url\":\"https:\/\/nordnesrepublikken.no\/\",\"logo\":{\"@type\":\"ImageObject\",\"inLanguage\":\"nb-NO\",\"@id\":\"https:\/\/nordnesrepublikken.no\/#\/schema\/logo\/image\/\",\"url\":\"https:\/\/nordnesrepublikken.no\/wp-content\/uploads\/2025\/02\/cropped-nordnesrepublikken-2.png\",\"contentUrl\":\"https:\/\/nordnesrepublikken.no\/wp-content\/uploads\/2025\/02\/cropped-nordnesrepublikken-2.png\",\"width\":1248,\"height\":362,\"caption\":\"Nordnesrepublikken\"},\"image\":{\"@id\":\"https:\/\/nordnesrepublikken.no\/#\/schema\/logo\/image\/\"}},{\"@type\":\"Person\",\"@id\":\"https:\/\/nordnesrepublikken.no\/#\/schema\/person\/2e7e81935bab77882fffb79296240ff1\",\"name\":\"Ole Andersen\",\"image\":{\"@type\":\"ImageObject\",\"inLanguage\":\"nb-NO\",\"@id\":\"https:\/\/nordnesrepublikken.no\/#\/schema\/person\/image\/\",\"url\":\"https:\/\/nordnesrepublikken.no\/wp-content\/uploads\/2025\/02\/nordnesrepublikken-2-2-150x150.jpg\",\"contentUrl\":\"https:\/\/nordnesrepublikken.no\/wp-content\/uploads\/2025\/02\/nordnesrepublikken-2-2-150x150.jpg\",\"caption\":\"Ole Andersen\"},\"description\":\"Ettersom jeg vokste opp i Oslo, har jeg alltid v\u00e6rt fascinert av ordenes kraft og deres evne til \u00e5 skape endringer. Etter \u00e5 ha fullf\u00f8rt min utdannelse i kommunikasjon ved Universitetet i Bergen, fikk jeg muligheten til \u00e5 jobbe innen ulike medier, der jeg har s\u00f8kt \u00e5 belyse viktige samfunnssp\u00f8rsm\u00e5l. I dag, som redakt\u00f8r for Nordnesrepublikken, pr\u00f8ver jeg \u00e5 forene min kj\u00e6rlighet for journalistikk med min lidenskap for innovasjon og eventyr.\",\"sameAs\":[\"https:\/\/nordnesrepublikken.no\/\"]}]}<\/script>\n<!-- \/ Yoast SEO plugin. -->","yoast_head_json":{"title":"Angrepet av en drone i Tsjernobyl for\u00e5rsaket et 6 -meter hull i kjernefysisk reaktorsarkofag 4 - Nordnesrepublikken","robots":{"index":"index","follow":"follow","max-snippet":"max-snippet:-1","max-image-preview":"max-image-preview:large","max-video-preview":"max-video-preview:-1"},"canonical":"https:\/\/nordnesrepublikken.no\/index.php\/2025\/04\/10\/angrepet-av-en-drone-i-tsjernobyl-forarsaket-et-6-meter-hull-i-kjernefysisk-reaktorsarkofag-4\/","og_locale":"nb_NO","og_type":"article","og_title":"Angrepet av en drone i Tsjernobyl for\u00e5rsaket et 6 -meter hull i kjernefysisk reaktorsarkofag 4 - Nordnesrepublikken","og_description":"Fra en F\u00f8rste inspeksjon til den beskyttende sarkofagen til Reaktor 4 av det tidligere Tsjernobyl","og_url":"https:\/\/nordnesrepublikken.no\/index.php\/2025\/04\/10\/angrepet-av-en-drone-i-tsjernobyl-forarsaket-et-6-meter-hull-i-kjernefysisk-reaktorsarkofag-4\/","og_site_name":"Nordnesrepublikken","article_published_time":"2025-04-10T06:49:47+00:00","article_modified_time":"2025-04-10T06:49:51+00:00","og_image":[{"width":2549,"height":1491,"url":"https:\/\/nordnesrepublikken.no\/wp-content\/uploads\/2025\/04\/1744267789_Angrepet-av-en-drone-i-Tsjernobyl-forarsaket-et-6-meter.jpg","type":"image\/jpeg"}],"author":"Ole Andersen","twitter_card":"summary_large_image","twitter_misc":{"Skrevet av":"Ole Andersen","Ansl. lesetid":"2 minutter"},"schema":{"@context":"https:\/\/schema.org","@graph":[{"@type":"Article","@id":"https:\/\/nordnesrepublikken.no\/index.php\/2025\/04\/10\/angrepet-av-en-drone-i-tsjernobyl-forarsaket-et-6-meter-hull-i-kjernefysisk-reaktorsarkofag-4\/#article","isPartOf":{"@id":"https:\/\/nordnesrepublikken.no\/index.php\/2025\/04\/10\/angrepet-av-en-drone-i-tsjernobyl-forarsaket-et-6-meter-hull-i-kjernefysisk-reaktorsarkofag-4\/"},"author":{"name":"Ole Andersen","@id":"https:\/\/nordnesrepublikken.no\/#\/schema\/person\/2e7e81935bab77882fffb79296240ff1"},"headline":"Angrepet av en drone i Tsjernobyl for\u00e5rsaket et 6 -meter hull i kjernefysisk reaktorsarkofag 4","datePublished":"2025-04-10T06:49:47+00:00","dateModified":"2025-04-10T06:49:51+00:00","mainEntityOfPage":{"@id":"https:\/\/nordnesrepublikken.no\/index.php\/2025\/04\/10\/angrepet-av-en-drone-i-tsjernobyl-forarsaket-et-6-meter-hull-i-kjernefysisk-reaktorsarkofag-4\/"},"wordCount":402,"publisher":{"@id":"https:\/\/nordnesrepublikken.no\/#organization"},"image":{"@id":"https:\/\/nordnesrepublikken.no\/index.php\/2025\/04\/10\/angrepet-av-en-drone-i-tsjernobyl-forarsaket-et-6-meter-hull-i-kjernefysisk-reaktorsarkofag-4\/#primaryimage"},"thumbnailUrl":"https:\/\/nordnesrepublikken.no\/wp-content\/uploads\/2025\/04\/1744267789_Angrepet-av-en-drone-i-Tsjernobyl-forarsaket-et-6-meter.jpg","keywords":["Angrepet","Drone","for\u00e5rsaket","hull","kjernefysisk","meter","reaktorsarkofag","Tsjernobyl"],"articleSection":["Milj\u00f8"],"inLanguage":"nb-NO"},{"@type":"WebPage","@id":"https:\/\/nordnesrepublikken.no\/index.php\/2025\/04\/10\/angrepet-av-en-drone-i-tsjernobyl-forarsaket-et-6-meter-hull-i-kjernefysisk-reaktorsarkofag-4\/","url":"https:\/\/nordnesrepublikken.no\/index.php\/2025\/04\/10\/angrepet-av-en-drone-i-tsjernobyl-forarsaket-et-6-meter-hull-i-kjernefysisk-reaktorsarkofag-4\/","name":"Angrepet av en drone i Tsjernobyl for\u00e5rsaket et 6 -meter hull i kjernefysisk reaktorsarkofag 4 - Nordnesrepublikken","isPartOf":{"@id":"https:\/\/nordnesrepublikken.no\/#website"},"primaryImageOfPage":{"@id":"https:\/\/nordnesrepublikken.no\/index.php\/2025\/04\/10\/angrepet-av-en-drone-i-tsjernobyl-forarsaket-et-6-meter-hull-i-kjernefysisk-reaktorsarkofag-4\/#primaryimage"},"image":{"@id":"https:\/\/nordnesrepublikken.no\/index.php\/2025\/04\/10\/angrepet-av-en-drone-i-tsjernobyl-forarsaket-et-6-meter-hull-i-kjernefysisk-reaktorsarkofag-4\/#primaryimage"},"thumbnailUrl":"https:\/\/nordnesrepublikken.no\/wp-content\/uploads\/2025\/04\/1744267789_Angrepet-av-en-drone-i-Tsjernobyl-forarsaket-et-6-meter.jpg","datePublished":"2025-04-10T06:49:47+00:00","dateModified":"2025-04-10T06:49:51+00:00","breadcrumb":{"@id":"https:\/\/nordnesrepublikken.no\/index.php\/2025\/04\/10\/angrepet-av-en-drone-i-tsjernobyl-forarsaket-et-6-meter-hull-i-kjernefysisk-reaktorsarkofag-4\/#breadcrumb"},"inLanguage":"nb-NO","potentialAction":[{"@type":"ReadAction","target":["https:\/\/nordnesrepublikken.no\/index.php\/2025\/04\/10\/angrepet-av-en-drone-i-tsjernobyl-forarsaket-et-6-meter-hull-i-kjernefysisk-reaktorsarkofag-4\/"]}]},{"@type":"ImageObject","inLanguage":"nb-NO","@id":"https:\/\/nordnesrepublikken.no\/index.php\/2025\/04\/10\/angrepet-av-en-drone-i-tsjernobyl-forarsaket-et-6-meter-hull-i-kjernefysisk-reaktorsarkofag-4\/#primaryimage","url":"https:\/\/nordnesrepublikken.no\/wp-content\/uploads\/2025\/04\/1744267789_Angrepet-av-en-drone-i-Tsjernobyl-forarsaket-et-6-meter.jpg","contentUrl":"https:\/\/nordnesrepublikken.no\/wp-content\/uploads\/2025\/04\/1744267789_Angrepet-av-en-drone-i-Tsjernobyl-forarsaket-et-6-meter.jpg","width":2549,"height":1491,"caption":"Immagine"},{"@type":"BreadcrumbList","@id":"https:\/\/nordnesrepublikken.no\/index.php\/2025\/04\/10\/angrepet-av-en-drone-i-tsjernobyl-forarsaket-et-6-meter-hull-i-kjernefysisk-reaktorsarkofag-4\/#breadcrumb","itemListElement":[{"@type":"ListItem","position":1,"name":"Home","item":"https:\/\/nordnesrepublikken.no\/"},{"@type":"ListItem","position":2,"name":"Angrepet av en drone i Tsjernobyl for\u00e5rsaket et 6 -meter hull i kjernefysisk reaktorsarkofag 4"}]},{"@type":"WebSite","@id":"https:\/\/nordnesrepublikken.no\/#website","url":"https:\/\/nordnesrepublikken.no\/","name":"Nordnesrepublikken","description":"Stemmer og Visjoner fra Republikkens Hjerte","publisher":{"@id":"https:\/\/nordnesrepublikken.no\/#organization"},"potentialAction":[{"@type":"SearchAction","target":{"@type":"EntryPoint","urlTemplate":"https:\/\/nordnesrepublikken.no\/?s={search_term_string}"},"query-input":{"@type":"PropertyValueSpecification","valueRequired":true,"valueName":"search_term_string"}}],"inLanguage":"nb-NO"},{"@type":"Organization","@id":"https:\/\/nordnesrepublikken.no\/#organization","name":"Nordnesrepublikken","url":"https:\/\/nordnesrepublikken.no\/","logo":{"@type":"ImageObject","inLanguage":"nb-NO","@id":"https:\/\/nordnesrepublikken.no\/#\/schema\/logo\/image\/","url":"https:\/\/nordnesrepublikken.no\/wp-content\/uploads\/2025\/02\/cropped-nordnesrepublikken-2.png","contentUrl":"https:\/\/nordnesrepublikken.no\/wp-content\/uploads\/2025\/02\/cropped-nordnesrepublikken-2.png","width":1248,"height":362,"caption":"Nordnesrepublikken"},"image":{"@id":"https:\/\/nordnesrepublikken.no\/#\/schema\/logo\/image\/"}},{"@type":"Person","@id":"https:\/\/nordnesrepublikken.no\/#\/schema\/person\/2e7e81935bab77882fffb79296240ff1","name":"Ole Andersen","image":{"@type":"ImageObject","inLanguage":"nb-NO","@id":"https:\/\/nordnesrepublikken.no\/#\/schema\/person\/image\/","url":"https:\/\/nordnesrepublikken.no\/wp-content\/uploads\/2025\/02\/nordnesrepublikken-2-2-150x150.jpg","contentUrl":"https:\/\/nordnesrepublikken.no\/wp-content\/uploads\/2025\/02\/nordnesrepublikken-2-2-150x150.jpg","caption":"Ole Andersen"},"description":"Ettersom jeg vokste opp i Oslo, har jeg alltid v\u00e6rt fascinert av ordenes kraft og deres evne til \u00e5 skape endringer. Etter \u00e5 ha fullf\u00f8rt min utdannelse i kommunikasjon ved Universitetet i Bergen, fikk jeg muligheten til \u00e5 jobbe innen ulike medier, der jeg har s\u00f8kt \u00e5 belyse viktige samfunnssp\u00f8rsm\u00e5l. I dag, som redakt\u00f8r for Nordnesrepublikken, pr\u00f8ver jeg \u00e5 forene min kj\u00e6rlighet for journalistikk med min lidenskap for innovasjon og eventyr.","sameAs":["https:\/\/nordnesrepublikken.no\/"]}]}},"_links":{"self":[{"href":"https:\/\/nordnesrepublikken.no\/index.php\/wp-json\/wp\/v2\/posts\/3174","targetHints":{"allow":["GET"]}}],"collection":[{"href":"https:\/\/nordnesrepublikken.no\/index.php\/wp-json\/wp\/v2\/posts"}],"about":[{"href":"https:\/\/nordnesrepublikken.no\/index.php\/wp-json\/wp\/v2\/types\/post"}],"author":[{"embeddable":true,"href":"https:\/\/nordnesrepublikken.no\/index.php\/wp-json\/wp\/v2\/users\/1"}],"replies":[{"embeddable":true,"href":"https:\/\/nordnesrepublikken.no\/index.php\/wp-json\/wp\/v2\/comments?post=3174"}],"version-history":[{"count":1,"href":"https:\/\/nordnesrepublikken.no\/index.php\/wp-json\/wp\/v2\/posts\/3174\/revisions"}],"predecessor-version":[{"id":3176,"href":"https:\/\/nordnesrepublikken.no\/index.php\/wp-json\/wp\/v2\/posts\/3174\/revisions\/3176"}],"wp:featuredmedia":[{"embeddable":true,"href":"https:\/\/nordnesrepublikken.no\/index.php\/wp-json\/wp\/v2\/media\/3175"}],"wp:attachment":[{"href":"https:\/\/nordnesrepublikken.no\/index.php\/wp-json\/wp\/v2\/media?parent=3174"}],"wp:term":[{"taxonomy":"category","embeddable":true,"href":"https:\/\/nordnesrepublikken.no\/index.php\/wp-json\/wp\/v2\/categories?post=3174"},{"taxonomy":"post_tag","embeddable":true,"href":"https:\/\/nordnesrepublikken.no\/index.php\/wp-json\/wp\/v2\/tags?post=3174"}],"curies":[{"name":"wp","href":"https:\/\/api.w.org\/{rel}","templated":true}]}}