{"id":3139,"date":"2025-04-09T16:50:15","date_gmt":"2025-04-09T14:50:15","guid":{"rendered":"https:\/\/nordnesrepublikken.no\/index.php\/2025\/04\/09\/plikter-mot-kina-stiger-med-104-det-nye-kapittelet-i-trump-kommersiell-krig-hva-som-skjer\/"},"modified":"2025-04-09T16:50:16","modified_gmt":"2025-04-09T14:50:16","slug":"plikter-mot-kina-stiger-med-104-det-nye-kapittelet-i-trump-kommersiell-krig-hva-som-skjer","status":"publish","type":"post","link":"https:\/\/nordnesrepublikken.no\/index.php\/2025\/04\/09\/plikter-mot-kina-stiger-med-104-det-nye-kapittelet-i-trump-kommersiell-krig-hva-som-skjer\/","title":{"rendered":"Plikter mot Kina stiger med 104%, det nye kapittelet i Trump -kommersiell krig: hva som skjer"},"content":{"rendered":"<div>\n<div class=\"cp_wrapper cp_wrapper--fw mb-30 mb-20@tablet\">\n<figure class=\"mm\"><picture class=\"img\" style=\"padding-top:56.25%\"><source  media=\"(min-width: 1024px)\"><source  media=\"(min-width: 768px)\"><\/source><\/source><\/picture><\/figure>\n<\/p><\/div>\n<p>Noen timer har v\u00e6rt aktive <strong>104% plikter p\u00e5 alle kinesiske varer importert i USA<\/strong>. Disse vil bli lagt til de p\u00e5 20% som allerede er gjeldende f\u00f8r Trumps bosetting til Det hvite hus, og n\u00e5r en <strong>totalt som ber\u00f8rer 125%<\/strong>. Tiltaket, som ble kunngjort tirsdag 8. april av talsmannen for Det hvite hus Karoline Leavitt, er en gjengjeldelse mot Beijings beslutning om \u00e5 innf\u00f8re 34% plikter p\u00e5 varene som Kina betyr noe fra USA, et tiltak som igjen er den direkte reaksjonen p\u00e5 pliktene mot Kina som ble kunngjort av Washington under &laquo;<strong>Frigj\u00f8ringsdag<\/strong>&laquo;2. april. I mellomtiden, sent p\u00e5 morgenen onsdag 9. april, kunngjorde regjeringen i Beijing at den vil bringe prisene p\u00e5 MADE i USAs eiendeler fra 34% til 84% fra klokka 10. april.<\/p>\n<h2>Fordi pliktene i Kina er s\u00e5 h\u00f8ye<\/h2>\n<p>I tilfelle du ber deg, er \u00e5rsakene som presset Trump til \u00e5 anvende slike h\u00f8ye plikter overfor Kina hovedsakelig to: For det f\u00f8rste representerer Kina den viktigste kommersielle partneren i USA (Kina er faktisk det andre importerte landet for USA), men det er ogs\u00e5 landet som USA registrerte det <strong>St\u00f8rre underskudd <\/strong>(Med andre ord, USA skaffer seg flere eiendeler fra Kina enn de som selger til sistnevnte). I 2024 n\u00e5dde handel mellom Kina og USA en total verdi p\u00e5 582 milliarder dollar: USA eksporterte eiendeler for nesten 144 milliarder totalt, mens Kina eksporterte eiendeler for <strong>439 milliarder dollar varer<\/strong>. Det kommersielle underskuddet i USA utgj\u00f8r derfor omtrent 295 milliarder dollar. Trump er overbevist om at Kina har utnyttet den amerikanske \u00f8konomien for mye, og at den n\u00e5 m\u00e5 tilpasse regnskapet.<\/p>\n<p>Den andre grunnen er veldig tydelig og tydelig: Kina blir sett av den amerikanske regjeringen som<strong>\u00d8konomisk, farligste \u00f8konomiske, politiske motstander, som m\u00e5 stammet p\u00e5 alle fronter<\/strong>. I f\u00f8lge Trump -administrasjonen har fri handel og \u00f8konomisk sammenkobling med Kina bare svekket USA, mens de har gjort Kina sterkere, og n\u00e5 b\u00f8r koblingen mellom de to landene reduseres eller fullstendig avbrutt.<\/p>\n<h2>Skepsisen til verdensposer<\/h2>\n<p>Etter dager med veldig tunge tap i poser rundt om i verden, dro den umpteenth opptrappingen av den globale kommersielle krigen som er erkl\u00e6rt av Trump -administrasjonen, prisene p\u00e5 <strong>Wall Street<\/strong>som tirsdag stengte med <strong>Alle listene i r\u00f8dt<\/strong>. Dow Jones (den mest kjente aksjen i New York Stock Exchange) falt med 320 poeng, lik 0,84%. Standard og d\u00e5rlig 500 -indeksen falt med 1,57%. Den teknologiske prislisten for NASDAQ registrerte en nedstigning p\u00e5 2,15%.<\/p>\n<p>Ogs\u00e5 listene over de viktigste <strong>Asiatiske poser har \u00e5pnet med stor usikkerhet<\/strong> Onsdag 9. april: Den japanske Nikkei 225 som \u00e5pnet 3%tap. Hong Kongs Hang Seng falt ogs\u00e5 med 3%. Kospi of S\u00f8r -Korea og ASX 200 -indeksen i Australia falt begge med omtrent 1%.<\/p>\n<div class=\"cp_wrapper cp_wrapper--fw mb-50\">\n<figure class=\"mm\"><picture class=\"img\" style=\"padding-top:64.858490566038%\"><source  media=\"(min-width: 1024px)\"><source  media=\"(min-width: 768px)\"><img decoding=\"async\" loading=\"lazy\" src=\"https:\/\/nordnesrepublikken.no\/wp-content\/uploads\/2025\/04\/Plikter-mot-Kina-stiger-med-104-det-nye-kapittelet-i.jpg\" alt=\"Trump -plikter kollapser\" width=\"1272\" height=\"825\"><\/source><\/source><\/picture><\/figure>\n<\/p><\/div>\n<h2>Iver av Trump -administrasjonen<\/h2>\n<p>Mens finansverdenen viser mye <strong>mistillit til den \u00f8konomiske politikken til Trump -administrasjonen<\/strong>presidentens intensjon om \u00e5 fortsette med en strategi som for avisen L&#8217;Aconomist &laquo;har rapportert den kommersielle politikken i USA p\u00e5 slutten av det nittende \u00e5rhundre&raquo;.<\/p>\n<p>Til tross for de utilfredse artiklene fra forskjellige amerikanske og internasjonale nyheter om saken, talsmannen for Det hvite hus <strong>Karoline Leavitt<\/strong> Han overbeviste om at ::<\/p>\n<blockquote>\n<p>Land som Kina, som har valgt \u00e5 svare og pr\u00f8ve \u00e5 insistere p\u00e5 \u00e5 mishandle amerikanske arbeidere, gj\u00f8r en feil. De <strong>President Trump har en st\u00e5lryggrad og vil ikke gi etter for<\/strong>.<\/p>\n<\/blockquote>\n<p>Videre, i henhold til det som ble skrevet tirsdag 8. april av det samme <strong>Trump<\/strong> P\u00e5 hans sosiale medier <em>Sannhet<\/em>&laquo;<strong>Kina \u00f8nsker \u00e5 inng\u00e5 en avtale veldig mye<\/strong>men han vet ikke hvor han skal begynne. <strong>Vi venter p\u00e5 telefonsamtalen deres. Det vil skje!<\/strong>\u00bb.<\/p>\n<p>Som om det ikke var nok, returnerte han for noen timer siden dosen: Under en innsamlingsmiddag for det republikanske partiet, sa presidenten, ang\u00e5ende statene som &laquo;gj\u00f8r alt&raquo; for \u00e5 takle ham og unng\u00e5 plikter:<\/p>\n<blockquote>\n<p><b>Disse landene ringer oss, de kysser meg Cu*o<\/b>d\u00f8r av \u00f8nsket om \u00e5 inng\u00e5 en avtale.<\/p>\n<\/blockquote>\n<h2>Angrepet p\u00e5 online handel<\/h2>\n<p>I tillegg til 104% plikter p\u00e5 kinesisk import, signerte Donald Trump tirsdag kveld ogs\u00e5 en ut\u00f8vende ordre som <strong>Eliminerer den s\u00e5 -kalt &laquo;dispensasjon de minimis&raquo; p\u00e5 forsendelser fra Kina<\/strong> Mot USA for en verdi p\u00e5 under 800 dollar. I f\u00f8lge et tidligere tiltak ville disse varene blitt beskattet med 30% fra 2. mai, men n\u00e5 er denne prosentandelen satt til 90%. Dette betyr a <strong>Betydelig \u00f8kning i prisene<\/strong> For alle amerikanske forbrukere som bestiller <strong>Produkter p\u00e5 online plattformer som Shein, Temu eller Aliexpress<\/strong>.<\/p>\n<div class=\"cp_wrapper cp_wrapper--fw mb-50\">\n<figure class=\"mm\"><picture class=\"img\" style=\"padding-top:69.416941694169%\"><source  media=\"(min-width: 1024px)\"><source  media=\"(min-width: 768px)\"><img decoding=\"async\" loading=\"lazy\" src=\"https:\/\/nordnesrepublikken.no\/wp-content\/uploads\/2025\/04\/1743969001_778_20-til-EU-og-Italia-hvilke-endringer-og-hva-de.jpg\" alt=\"Bilde\" width=\"909\" height=\"631\" class=\"js-seedtag-img\"><\/source><\/source><\/picture><\/figure>\n<\/p><\/div>\n<h2>Kinaens reaksjon p\u00e5 USA<\/h2>\n<p>De stadig mer alvorlige truslene og tiltakene mot ham har ikke redd den kinesiske presidenten Xi Jinping. Regjeringen hans har kunngjort at han studerer flere tiltak for \u00e5 &laquo;kirurgisk&raquo; p\u00e5virke de amerikanske strategiske sektorene. Hypotesen om en <strong>Betydelig \u00f8kning i plikter p\u00e5 amerikanske landbruksprodukter som soya og sorghum<\/strong>forbudet mot \u00e5 importere oss fj\u00e6rkre, suspensjon av samarbeid om kontrasten til ulovlig salg av komponentene for \u00e5 produsere <strong>Fenestanil<\/strong>The <strong>Begrensning av tilgang til servicemarkedet<\/strong>innsnevring eller til og med <strong>Totalt forbud mot import av amerikanske filmer<\/strong> Og etterforskningen av hvor mye amerikanske selskaper har f\u00e5tt fra deres \u00e5ndsverk i Kina.<\/p>\n<p>I mellomtiden, sent p\u00e5 morgenen 9. april, kunngjorde Kina sin svar p\u00e5 plikter <strong>\u00c5 bringe tollene til varene som er laget i USA fra 34% til 84%<\/strong>som trer i kraft fra 12:01 10. april 2025. I mellomtiden har Beijing -regjeringen oppfordret USA til \u00e5 umiddelbart rette opp feil praksis, og til \u00e5 kansellere de ensidige tolltiltakene som Trump har lansert mot Kina. Andre sp\u00f8rsm\u00e5l, rapporterte om et notat fra Finansdepartementet, vil bli implementert i l\u00f8pet av de neste timene.<\/p>\n<\/p><\/div>\n","protected":false},"excerpt":{"rendered":"<p>Noen timer har v\u00e6rt aktive 104% plikter p\u00e5 alle kinesiske varer importert i USA. Disse<\/p>\n","protected":false},"author":1,"featured_media":3025,"comment_status":"closed","ping_status":"open","sticky":false,"template":"","format":"standard","meta":{"footnotes":""},"categories":[23],"tags":[66,144,901,365,902,903,79,152,260,362,360,31,900,61],"class_list":["post-3139","post","type-post","status-publish","format-standard","has-post-thumbnail","hentry","category-politikk","tag-det","tag-hva","tag-kapittelet","tag-kina","tag-kommersiell","tag-krig","tag-med","tag-mot","tag-nye","tag-plikter","tag-skjer","tag-som","tag-stiger","tag-trump","generate-columns","tablet-grid-50","mobile-grid-100","grid-parent","grid-33","resize-featured-image"],"yoast_head":"<!-- This site is optimized with the Yoast SEO plugin v24.4 - https:\/\/yoast.com\/wordpress\/plugins\/seo\/ -->\n<title>Plikter mot Kina stiger med 104%, det nye kapittelet i Trump -kommersiell krig: hva som skjer - Nordnesrepublikken<\/title>\n<meta name=\"robots\" content=\"index, follow, max-snippet:-1, max-image-preview:large, max-video-preview:-1\" \/>\n<link rel=\"canonical\" href=\"https:\/\/nordnesrepublikken.no\/index.php\/2025\/04\/09\/plikter-mot-kina-stiger-med-104-det-nye-kapittelet-i-trump-kommersiell-krig-hva-som-skjer\/\" \/>\n<meta property=\"og:locale\" content=\"nb_NO\" \/>\n<meta property=\"og:type\" content=\"article\" \/>\n<meta property=\"og:title\" content=\"Plikter mot Kina stiger med 104%, det nye kapittelet i Trump -kommersiell krig: hva som skjer - Nordnesrepublikken\" \/>\n<meta property=\"og:description\" content=\"Noen timer har v\u00e6rt aktive 104% plikter p\u00e5 alle kinesiske varer importert i USA. Disse\" \/>\n<meta property=\"og:url\" content=\"https:\/\/nordnesrepublikken.no\/index.php\/2025\/04\/09\/plikter-mot-kina-stiger-med-104-det-nye-kapittelet-i-trump-kommersiell-krig-hva-som-skjer\/\" \/>\n<meta property=\"og:site_name\" content=\"Nordnesrepublikken\" \/>\n<meta property=\"article:published_time\" content=\"2025-04-09T14:50:15+00:00\" \/>\n<meta property=\"article:modified_time\" content=\"2025-04-09T14:50:16+00:00\" \/>\n<meta property=\"og:image\" content=\"https:\/\/nordnesrepublikken.no\/wp-content\/uploads\/2025\/04\/1743616222_Fra-forholdet-til-Europa-til-utvidelsen-pa-Gronland.jpg\" \/>\n\t<meta property=\"og:image:width\" content=\"1280\" \/>\n\t<meta property=\"og:image:height\" content=\"720\" \/>\n\t<meta property=\"og:image:type\" content=\"image\/jpeg\" \/>\n<meta name=\"author\" content=\"Ole Andersen\" \/>\n<meta name=\"twitter:card\" content=\"summary_large_image\" \/>\n<meta name=\"twitter:label1\" content=\"Skrevet av\" \/>\n\t<meta name=\"twitter:data1\" content=\"Ole Andersen\" \/>\n\t<meta name=\"twitter:label2\" content=\"Ansl. lesetid\" \/>\n\t<meta name=\"twitter:data2\" content=\"4 minutter\" \/>\n<script type=\"application\/ld+json\" class=\"yoast-schema-graph\">{\"@context\":\"https:\/\/schema.org\",\"@graph\":[{\"@type\":\"Article\",\"@id\":\"https:\/\/nordnesrepublikken.no\/index.php\/2025\/04\/09\/plikter-mot-kina-stiger-med-104-det-nye-kapittelet-i-trump-kommersiell-krig-hva-som-skjer\/#article\",\"isPartOf\":{\"@id\":\"https:\/\/nordnesrepublikken.no\/index.php\/2025\/04\/09\/plikter-mot-kina-stiger-med-104-det-nye-kapittelet-i-trump-kommersiell-krig-hva-som-skjer\/\"},\"author\":{\"name\":\"Ole Andersen\",\"@id\":\"https:\/\/nordnesrepublikken.no\/#\/schema\/person\/2e7e81935bab77882fffb79296240ff1\"},\"headline\":\"Plikter mot Kina stiger med 104%, det nye kapittelet i Trump -kommersiell krig: hva som skjer\",\"datePublished\":\"2025-04-09T14:50:15+00:00\",\"dateModified\":\"2025-04-09T14:50:16+00:00\",\"mainEntityOfPage\":{\"@id\":\"https:\/\/nordnesrepublikken.no\/index.php\/2025\/04\/09\/plikter-mot-kina-stiger-med-104-det-nye-kapittelet-i-trump-kommersiell-krig-hva-som-skjer\/\"},\"wordCount\":897,\"publisher\":{\"@id\":\"https:\/\/nordnesrepublikken.no\/#organization\"},\"image\":{\"@id\":\"https:\/\/nordnesrepublikken.no\/index.php\/2025\/04\/09\/plikter-mot-kina-stiger-med-104-det-nye-kapittelet-i-trump-kommersiell-krig-hva-som-skjer\/#primaryimage\"},\"thumbnailUrl\":\"https:\/\/nordnesrepublikken.no\/wp-content\/uploads\/2025\/04\/1743616222_Fra-forholdet-til-Europa-til-utvidelsen-pa-Gronland.jpg\",\"keywords\":[\"Det\",\"Hva\",\"kapittelet\",\"Kina\",\"kommersiell\",\"krig\",\"med\",\"mot\",\"nye\",\"plikter\",\"skjer\",\"som\",\"stiger\",\"Trump\"],\"articleSection\":[\"Politikk\"],\"inLanguage\":\"nb-NO\"},{\"@type\":\"WebPage\",\"@id\":\"https:\/\/nordnesrepublikken.no\/index.php\/2025\/04\/09\/plikter-mot-kina-stiger-med-104-det-nye-kapittelet-i-trump-kommersiell-krig-hva-som-skjer\/\",\"url\":\"https:\/\/nordnesrepublikken.no\/index.php\/2025\/04\/09\/plikter-mot-kina-stiger-med-104-det-nye-kapittelet-i-trump-kommersiell-krig-hva-som-skjer\/\",\"name\":\"Plikter mot Kina stiger med 104%, det nye kapittelet i Trump -kommersiell krig: hva som skjer - Nordnesrepublikken\",\"isPartOf\":{\"@id\":\"https:\/\/nordnesrepublikken.no\/#website\"},\"primaryImageOfPage\":{\"@id\":\"https:\/\/nordnesrepublikken.no\/index.php\/2025\/04\/09\/plikter-mot-kina-stiger-med-104-det-nye-kapittelet-i-trump-kommersiell-krig-hva-som-skjer\/#primaryimage\"},\"image\":{\"@id\":\"https:\/\/nordnesrepublikken.no\/index.php\/2025\/04\/09\/plikter-mot-kina-stiger-med-104-det-nye-kapittelet-i-trump-kommersiell-krig-hva-som-skjer\/#primaryimage\"},\"thumbnailUrl\":\"https:\/\/nordnesrepublikken.no\/wp-content\/uploads\/2025\/04\/1743616222_Fra-forholdet-til-Europa-til-utvidelsen-pa-Gronland.jpg\",\"datePublished\":\"2025-04-09T14:50:15+00:00\",\"dateModified\":\"2025-04-09T14:50:16+00:00\",\"breadcrumb\":{\"@id\":\"https:\/\/nordnesrepublikken.no\/index.php\/2025\/04\/09\/plikter-mot-kina-stiger-med-104-det-nye-kapittelet-i-trump-kommersiell-krig-hva-som-skjer\/#breadcrumb\"},\"inLanguage\":\"nb-NO\",\"potentialAction\":[{\"@type\":\"ReadAction\",\"target\":[\"https:\/\/nordnesrepublikken.no\/index.php\/2025\/04\/09\/plikter-mot-kina-stiger-med-104-det-nye-kapittelet-i-trump-kommersiell-krig-hva-som-skjer\/\"]}]},{\"@type\":\"ImageObject\",\"inLanguage\":\"nb-NO\",\"@id\":\"https:\/\/nordnesrepublikken.no\/index.php\/2025\/04\/09\/plikter-mot-kina-stiger-med-104-det-nye-kapittelet-i-trump-kommersiell-krig-hva-som-skjer\/#primaryimage\",\"url\":\"https:\/\/nordnesrepublikken.no\/wp-content\/uploads\/2025\/04\/1743616222_Fra-forholdet-til-Europa-til-utvidelsen-pa-Gronland.jpg\",\"contentUrl\":\"https:\/\/nordnesrepublikken.no\/wp-content\/uploads\/2025\/04\/1743616222_Fra-forholdet-til-Europa-til-utvidelsen-pa-Gronland.jpg\",\"width\":1280,\"height\":720,\"caption\":\"Ciclone Trump THUMB-CLEAN\"},{\"@type\":\"BreadcrumbList\",\"@id\":\"https:\/\/nordnesrepublikken.no\/index.php\/2025\/04\/09\/plikter-mot-kina-stiger-med-104-det-nye-kapittelet-i-trump-kommersiell-krig-hva-som-skjer\/#breadcrumb\",\"itemListElement\":[{\"@type\":\"ListItem\",\"position\":1,\"name\":\"Home\",\"item\":\"https:\/\/nordnesrepublikken.no\/\"},{\"@type\":\"ListItem\",\"position\":2,\"name\":\"Plikter mot Kina stiger med 104%, det nye kapittelet i Trump -kommersiell krig: hva som skjer\"}]},{\"@type\":\"WebSite\",\"@id\":\"https:\/\/nordnesrepublikken.no\/#website\",\"url\":\"https:\/\/nordnesrepublikken.no\/\",\"name\":\"Nordnesrepublikken\",\"description\":\"Stemmer og Visjoner fra Republikkens Hjerte\",\"publisher\":{\"@id\":\"https:\/\/nordnesrepublikken.no\/#organization\"},\"potentialAction\":[{\"@type\":\"SearchAction\",\"target\":{\"@type\":\"EntryPoint\",\"urlTemplate\":\"https:\/\/nordnesrepublikken.no\/?s={search_term_string}\"},\"query-input\":{\"@type\":\"PropertyValueSpecification\",\"valueRequired\":true,\"valueName\":\"search_term_string\"}}],\"inLanguage\":\"nb-NO\"},{\"@type\":\"Organization\",\"@id\":\"https:\/\/nordnesrepublikken.no\/#organization\",\"name\":\"Nordnesrepublikken\",\"url\":\"https:\/\/nordnesrepublikken.no\/\",\"logo\":{\"@type\":\"ImageObject\",\"inLanguage\":\"nb-NO\",\"@id\":\"https:\/\/nordnesrepublikken.no\/#\/schema\/logo\/image\/\",\"url\":\"https:\/\/nordnesrepublikken.no\/wp-content\/uploads\/2025\/02\/cropped-nordnesrepublikken-2.png\",\"contentUrl\":\"https:\/\/nordnesrepublikken.no\/wp-content\/uploads\/2025\/02\/cropped-nordnesrepublikken-2.png\",\"width\":1248,\"height\":362,\"caption\":\"Nordnesrepublikken\"},\"image\":{\"@id\":\"https:\/\/nordnesrepublikken.no\/#\/schema\/logo\/image\/\"}},{\"@type\":\"Person\",\"@id\":\"https:\/\/nordnesrepublikken.no\/#\/schema\/person\/2e7e81935bab77882fffb79296240ff1\",\"name\":\"Ole Andersen\",\"image\":{\"@type\":\"ImageObject\",\"inLanguage\":\"nb-NO\",\"@id\":\"https:\/\/nordnesrepublikken.no\/#\/schema\/person\/image\/\",\"url\":\"https:\/\/nordnesrepublikken.no\/wp-content\/uploads\/2025\/02\/nordnesrepublikken-2-2-150x150.jpg\",\"contentUrl\":\"https:\/\/nordnesrepublikken.no\/wp-content\/uploads\/2025\/02\/nordnesrepublikken-2-2-150x150.jpg\",\"caption\":\"Ole Andersen\"},\"description\":\"Ettersom jeg vokste opp i Oslo, har jeg alltid v\u00e6rt fascinert av ordenes kraft og deres evne til \u00e5 skape endringer. Etter \u00e5 ha fullf\u00f8rt min utdannelse i kommunikasjon ved Universitetet i Bergen, fikk jeg muligheten til \u00e5 jobbe innen ulike medier, der jeg har s\u00f8kt \u00e5 belyse viktige samfunnssp\u00f8rsm\u00e5l. I dag, som redakt\u00f8r for Nordnesrepublikken, pr\u00f8ver jeg \u00e5 forene min kj\u00e6rlighet for journalistikk med min lidenskap for innovasjon og eventyr.\",\"sameAs\":[\"https:\/\/nordnesrepublikken.no\/\"]}]}<\/script>\n<!-- \/ Yoast SEO plugin. -->","yoast_head_json":{"title":"Plikter mot Kina stiger med 104%, det nye kapittelet i Trump -kommersiell krig: hva som skjer - Nordnesrepublikken","robots":{"index":"index","follow":"follow","max-snippet":"max-snippet:-1","max-image-preview":"max-image-preview:large","max-video-preview":"max-video-preview:-1"},"canonical":"https:\/\/nordnesrepublikken.no\/index.php\/2025\/04\/09\/plikter-mot-kina-stiger-med-104-det-nye-kapittelet-i-trump-kommersiell-krig-hva-som-skjer\/","og_locale":"nb_NO","og_type":"article","og_title":"Plikter mot Kina stiger med 104%, det nye kapittelet i Trump -kommersiell krig: hva som skjer - Nordnesrepublikken","og_description":"Noen timer har v\u00e6rt aktive 104% plikter p\u00e5 alle kinesiske varer importert i USA. Disse","og_url":"https:\/\/nordnesrepublikken.no\/index.php\/2025\/04\/09\/plikter-mot-kina-stiger-med-104-det-nye-kapittelet-i-trump-kommersiell-krig-hva-som-skjer\/","og_site_name":"Nordnesrepublikken","article_published_time":"2025-04-09T14:50:15+00:00","article_modified_time":"2025-04-09T14:50:16+00:00","og_image":[{"width":1280,"height":720,"url":"https:\/\/nordnesrepublikken.no\/wp-content\/uploads\/2025\/04\/1743616222_Fra-forholdet-til-Europa-til-utvidelsen-pa-Gronland.jpg","type":"image\/jpeg"}],"author":"Ole Andersen","twitter_card":"summary_large_image","twitter_misc":{"Skrevet av":"Ole Andersen","Ansl. lesetid":"4 minutter"},"schema":{"@context":"https:\/\/schema.org","@graph":[{"@type":"Article","@id":"https:\/\/nordnesrepublikken.no\/index.php\/2025\/04\/09\/plikter-mot-kina-stiger-med-104-det-nye-kapittelet-i-trump-kommersiell-krig-hva-som-skjer\/#article","isPartOf":{"@id":"https:\/\/nordnesrepublikken.no\/index.php\/2025\/04\/09\/plikter-mot-kina-stiger-med-104-det-nye-kapittelet-i-trump-kommersiell-krig-hva-som-skjer\/"},"author":{"name":"Ole Andersen","@id":"https:\/\/nordnesrepublikken.no\/#\/schema\/person\/2e7e81935bab77882fffb79296240ff1"},"headline":"Plikter mot Kina stiger med 104%, det nye kapittelet i Trump -kommersiell krig: hva som skjer","datePublished":"2025-04-09T14:50:15+00:00","dateModified":"2025-04-09T14:50:16+00:00","mainEntityOfPage":{"@id":"https:\/\/nordnesrepublikken.no\/index.php\/2025\/04\/09\/plikter-mot-kina-stiger-med-104-det-nye-kapittelet-i-trump-kommersiell-krig-hva-som-skjer\/"},"wordCount":897,"publisher":{"@id":"https:\/\/nordnesrepublikken.no\/#organization"},"image":{"@id":"https:\/\/nordnesrepublikken.no\/index.php\/2025\/04\/09\/plikter-mot-kina-stiger-med-104-det-nye-kapittelet-i-trump-kommersiell-krig-hva-som-skjer\/#primaryimage"},"thumbnailUrl":"https:\/\/nordnesrepublikken.no\/wp-content\/uploads\/2025\/04\/1743616222_Fra-forholdet-til-Europa-til-utvidelsen-pa-Gronland.jpg","keywords":["Det","Hva","kapittelet","Kina","kommersiell","krig","med","mot","nye","plikter","skjer","som","stiger","Trump"],"articleSection":["Politikk"],"inLanguage":"nb-NO"},{"@type":"WebPage","@id":"https:\/\/nordnesrepublikken.no\/index.php\/2025\/04\/09\/plikter-mot-kina-stiger-med-104-det-nye-kapittelet-i-trump-kommersiell-krig-hva-som-skjer\/","url":"https:\/\/nordnesrepublikken.no\/index.php\/2025\/04\/09\/plikter-mot-kina-stiger-med-104-det-nye-kapittelet-i-trump-kommersiell-krig-hva-som-skjer\/","name":"Plikter mot Kina stiger med 104%, det nye kapittelet i Trump -kommersiell krig: hva som skjer - Nordnesrepublikken","isPartOf":{"@id":"https:\/\/nordnesrepublikken.no\/#website"},"primaryImageOfPage":{"@id":"https:\/\/nordnesrepublikken.no\/index.php\/2025\/04\/09\/plikter-mot-kina-stiger-med-104-det-nye-kapittelet-i-trump-kommersiell-krig-hva-som-skjer\/#primaryimage"},"image":{"@id":"https:\/\/nordnesrepublikken.no\/index.php\/2025\/04\/09\/plikter-mot-kina-stiger-med-104-det-nye-kapittelet-i-trump-kommersiell-krig-hva-som-skjer\/#primaryimage"},"thumbnailUrl":"https:\/\/nordnesrepublikken.no\/wp-content\/uploads\/2025\/04\/1743616222_Fra-forholdet-til-Europa-til-utvidelsen-pa-Gronland.jpg","datePublished":"2025-04-09T14:50:15+00:00","dateModified":"2025-04-09T14:50:16+00:00","breadcrumb":{"@id":"https:\/\/nordnesrepublikken.no\/index.php\/2025\/04\/09\/plikter-mot-kina-stiger-med-104-det-nye-kapittelet-i-trump-kommersiell-krig-hva-som-skjer\/#breadcrumb"},"inLanguage":"nb-NO","potentialAction":[{"@type":"ReadAction","target":["https:\/\/nordnesrepublikken.no\/index.php\/2025\/04\/09\/plikter-mot-kina-stiger-med-104-det-nye-kapittelet-i-trump-kommersiell-krig-hva-som-skjer\/"]}]},{"@type":"ImageObject","inLanguage":"nb-NO","@id":"https:\/\/nordnesrepublikken.no\/index.php\/2025\/04\/09\/plikter-mot-kina-stiger-med-104-det-nye-kapittelet-i-trump-kommersiell-krig-hva-som-skjer\/#primaryimage","url":"https:\/\/nordnesrepublikken.no\/wp-content\/uploads\/2025\/04\/1743616222_Fra-forholdet-til-Europa-til-utvidelsen-pa-Gronland.jpg","contentUrl":"https:\/\/nordnesrepublikken.no\/wp-content\/uploads\/2025\/04\/1743616222_Fra-forholdet-til-Europa-til-utvidelsen-pa-Gronland.jpg","width":1280,"height":720,"caption":"Ciclone Trump THUMB-CLEAN"},{"@type":"BreadcrumbList","@id":"https:\/\/nordnesrepublikken.no\/index.php\/2025\/04\/09\/plikter-mot-kina-stiger-med-104-det-nye-kapittelet-i-trump-kommersiell-krig-hva-som-skjer\/#breadcrumb","itemListElement":[{"@type":"ListItem","position":1,"name":"Home","item":"https:\/\/nordnesrepublikken.no\/"},{"@type":"ListItem","position":2,"name":"Plikter mot Kina stiger med 104%, det nye kapittelet i Trump -kommersiell krig: hva som skjer"}]},{"@type":"WebSite","@id":"https:\/\/nordnesrepublikken.no\/#website","url":"https:\/\/nordnesrepublikken.no\/","name":"Nordnesrepublikken","description":"Stemmer og Visjoner fra Republikkens Hjerte","publisher":{"@id":"https:\/\/nordnesrepublikken.no\/#organization"},"potentialAction":[{"@type":"SearchAction","target":{"@type":"EntryPoint","urlTemplate":"https:\/\/nordnesrepublikken.no\/?s={search_term_string}"},"query-input":{"@type":"PropertyValueSpecification","valueRequired":true,"valueName":"search_term_string"}}],"inLanguage":"nb-NO"},{"@type":"Organization","@id":"https:\/\/nordnesrepublikken.no\/#organization","name":"Nordnesrepublikken","url":"https:\/\/nordnesrepublikken.no\/","logo":{"@type":"ImageObject","inLanguage":"nb-NO","@id":"https:\/\/nordnesrepublikken.no\/#\/schema\/logo\/image\/","url":"https:\/\/nordnesrepublikken.no\/wp-content\/uploads\/2025\/02\/cropped-nordnesrepublikken-2.png","contentUrl":"https:\/\/nordnesrepublikken.no\/wp-content\/uploads\/2025\/02\/cropped-nordnesrepublikken-2.png","width":1248,"height":362,"caption":"Nordnesrepublikken"},"image":{"@id":"https:\/\/nordnesrepublikken.no\/#\/schema\/logo\/image\/"}},{"@type":"Person","@id":"https:\/\/nordnesrepublikken.no\/#\/schema\/person\/2e7e81935bab77882fffb79296240ff1","name":"Ole Andersen","image":{"@type":"ImageObject","inLanguage":"nb-NO","@id":"https:\/\/nordnesrepublikken.no\/#\/schema\/person\/image\/","url":"https:\/\/nordnesrepublikken.no\/wp-content\/uploads\/2025\/02\/nordnesrepublikken-2-2-150x150.jpg","contentUrl":"https:\/\/nordnesrepublikken.no\/wp-content\/uploads\/2025\/02\/nordnesrepublikken-2-2-150x150.jpg","caption":"Ole Andersen"},"description":"Ettersom jeg vokste opp i Oslo, har jeg alltid v\u00e6rt fascinert av ordenes kraft og deres evne til \u00e5 skape endringer. Etter \u00e5 ha fullf\u00f8rt min utdannelse i kommunikasjon ved Universitetet i Bergen, fikk jeg muligheten til \u00e5 jobbe innen ulike medier, der jeg har s\u00f8kt \u00e5 belyse viktige samfunnssp\u00f8rsm\u00e5l. I dag, som redakt\u00f8r for Nordnesrepublikken, pr\u00f8ver jeg \u00e5 forene min kj\u00e6rlighet for journalistikk med min lidenskap for innovasjon og eventyr.","sameAs":["https:\/\/nordnesrepublikken.no\/"]}]}},"_links":{"self":[{"href":"https:\/\/nordnesrepublikken.no\/index.php\/wp-json\/wp\/v2\/posts\/3139","targetHints":{"allow":["GET"]}}],"collection":[{"href":"https:\/\/nordnesrepublikken.no\/index.php\/wp-json\/wp\/v2\/posts"}],"about":[{"href":"https:\/\/nordnesrepublikken.no\/index.php\/wp-json\/wp\/v2\/types\/post"}],"author":[{"embeddable":true,"href":"https:\/\/nordnesrepublikken.no\/index.php\/wp-json\/wp\/v2\/users\/1"}],"replies":[{"embeddable":true,"href":"https:\/\/nordnesrepublikken.no\/index.php\/wp-json\/wp\/v2\/comments?post=3139"}],"version-history":[{"count":1,"href":"https:\/\/nordnesrepublikken.no\/index.php\/wp-json\/wp\/v2\/posts\/3139\/revisions"}],"predecessor-version":[{"id":3140,"href":"https:\/\/nordnesrepublikken.no\/index.php\/wp-json\/wp\/v2\/posts\/3139\/revisions\/3140"}],"wp:featuredmedia":[{"embeddable":true,"href":"https:\/\/nordnesrepublikken.no\/index.php\/wp-json\/wp\/v2\/media\/3025"}],"wp:attachment":[{"href":"https:\/\/nordnesrepublikken.no\/index.php\/wp-json\/wp\/v2\/media?parent=3139"}],"wp:term":[{"taxonomy":"category","embeddable":true,"href":"https:\/\/nordnesrepublikken.no\/index.php\/wp-json\/wp\/v2\/categories?post=3139"},{"taxonomy":"post_tag","embeddable":true,"href":"https:\/\/nordnesrepublikken.no\/index.php\/wp-json\/wp\/v2\/tags?post=3139"}],"curies":[{"name":"wp","href":"https:\/\/api.w.org\/{rel}","templated":true}]}}