{"id":3124,"date":"2025-04-09T11:49:37","date_gmt":"2025-04-09T09:49:37","guid":{"rendered":"https:\/\/nordnesrepublikken.no\/index.php\/2025\/04\/09\/tyrrhenian-link-rekordarbeidet-som-vil-fa-kontakt-med-en-undervannskabel-campania-sicilia-og-sardinia\/"},"modified":"2025-04-09T11:49:41","modified_gmt":"2025-04-09T09:49:41","slug":"tyrrhenian-link-rekordarbeidet-som-vil-fa-kontakt-med-en-undervannskabel-campania-sicilia-og-sardinia","status":"publish","type":"post","link":"https:\/\/nordnesrepublikken.no\/index.php\/2025\/04\/09\/tyrrhenian-link-rekordarbeidet-som-vil-fa-kontakt-med-en-undervannskabel-campania-sicilia-og-sardinia\/","title":{"rendered":"Tyrrhenian Link, rekordarbeidet som vil f\u00e5 kontakt med en undervannskabel Campania, Sicilia og Sardinia"},"content":{"rendered":"<div>\n<div class=\"cp_wrapper cp_wrapper--fw mb-30 mb-20@tablet\">\n<figure class=\"mm\"><picture class=\"img\" style=\"padding-top:56.25%\"><source  media=\"(min-width: 1024px)\"><source  media=\"(min-width: 768px)\"><\/source><\/source><\/picture><\/figure>\n<\/p><\/div>\n<p>De <strong>Tyrrhenian Link<\/strong> Det er et internasjonalt viktig ingeni\u00f8rprosjekt som best\u00e5r i realiseringen av <strong>To ub\u00e5t elektriske linjer<\/strong>designet for \u00e5 etablere en forbindelse mellom Sardinia og Sicilia (<strong>Vest -seksjon<\/strong>) og Sicilia og Campania (<strong>Est<\/strong>). Infrastrukturen utvikler seg p\u00e5 en total lengde p\u00e5 omtrent <strong>970 km<\/strong> og best\u00e5r av et dobbelt bipol\u00e6rt system for undervanns kabel <strong>Hvdc<\/strong> (<em>H\u00f8yspenningsm\u00e5lsstr\u00f8m<\/em>) opererer a <strong>500 kV,<\/strong> med en transportkapasitet p\u00e5 <strong>1000 MW<\/strong> i kontinuerlig str\u00f8m for hver tilkobling. Den teknologiske l\u00f8sningen av det implementerte Terna SPA vil sikre driftseffektivitet (> 97%) og dynamisk stabilitet i langdistansekraftoverf\u00f8ringen, og reduserer tapet av transport drastisk sammenlignet med tradisjonelle vekslende str\u00f8mlinjer.<\/p>\n<h2>Realiseringen av den tyrrheniske lenken: prosjektet, stadiene og hva det er for<\/h2>\n<p>De <strong>7. februar 2025<\/strong> Han markerte starten p\u00e5 den f\u00f8rste fasen av leggingen av ub\u00e5tkabelen til East -grenen, i Fiumeorto. Den tyrrheniske lenken, n\u00e5r han f\u00f8rst har n\u00e5dd full drift p\u00e5 begge seksjonene planlagt for<strong> 2028<\/strong>vil det v\u00e6re i stand til \u00e5 sikre st\u00f8rre stabilitet for det elektriske systemet p\u00e5 de to \u00f8yene og vil tillate en mer fleksibel integrering av ikke -programmerbare fornybare energikilder, for eksempel vind og fotovoltaisk, og utvides raskt b\u00e5de p\u00e5 Sicilia og p\u00e5 Sardinia, innenfor det nasjonale elektrisitetsnettet. Hovedm\u00e5lene med det tyrrheniske lenkeprosjektet er \u00e5 markedsf\u00f8re <strong>dekarbonisering<\/strong> og <strong>energiovergang<\/strong>Optimaliser den generelle effektiviteten til det italienske elektriske systemet og bidra til \u00e5 oppn\u00e5 forh\u00e5ndsopprettede klimatiske og energim\u00e5l.<\/p>\n<p>Realiseringen av den tyrrheniske lenken, som er en del av prosjektene til <strong>strategisk betydning<\/strong> For det italienske elektriske systemet i sammenheng med energiovergangsm\u00e5lene som er definert i den nasjonale planen integrert for energi og klima (PNIEC), ble det tildelt Terna Spa, som generelt vil investere <strong>3,7 milliarder euro<\/strong>. For \u00f8stseksjonen, inkludert i programmet <strong>Repowereu<\/strong>Den europeiske investeringsbanken (<strong>Hyggelig<\/strong>) har gitt en finansiering p\u00e5 1,9 milliarder euro, ment \u00e5 fremme b\u00e6rekraftig utvikling av europeisk energiinfrastruktur.<\/p>\n<div class=\"cp_wrapper cp_wrapper--fw mb-50\">\n<figure class=\"mm\"><picture class=\"img\" style=\"padding-top:56.3%\"><source  media=\"(min-width: 1024px)\"><source  media=\"(min-width: 768px)\"><img decoding=\"async\" loading=\"lazy\" src=\"https:\/\/nordnesrepublikken.no\/wp-content\/uploads\/2025\/04\/1744192177_862_Tyrrhenian-Link-rekordarbeidet-som-vil-fa-kontakt-med-en-undervannskabel.jpg\" alt=\"Bilde\" width=\"1000\" height=\"563\"><\/source><\/source><\/picture><\/figure>\n<\/p><\/div>\n<h3>Est<\/h3>\n<p>\u00d8st -delen, om<strong> 490 km<\/strong>kobler landingen av <strong>Elv<\/strong>p\u00e5 Sicilia, til landing av <strong>Torre Tuscia Magazzeno<\/strong>i Campania. Fra landingen av Fiumeorto vil de underjordiske kablene kort krysse det industrielle omr\u00e5det Termini Imerese. Integrasjonen i det nasjonale overf\u00f8ringsnettverket (RTN) sicula vil bli muliggjort takket v\u00e6re en kontinuerlig gjeldende konverteringsstasjon til \u00e5 veksle, som ligger i et omr\u00e5de som er sammenhengende med kraftstasjonen til <strong>Rolig<\/strong>sikre kompatibilitet med det eksisterende str\u00f8mnettverket. Fra Appeado Campania vil de underjordiske kablene f\u00f8lge eksisterende veier, og minimere milj\u00f8messige og landskapseffekten, med en bane p\u00e5 omtrent 14-15 km opp til konverteringsstasjonen som ligger p\u00e5 <strong>Eboli.<\/strong><\/p>\n<h3>Vest -seksjon<\/h3>\n<p>Vest -delen, om <strong>480 km<\/strong>kobler landingen av Fiumeorto til den av <strong>Mala land<\/strong>p\u00e5 Sardinia. For \u00e5 optimalisere integrasjonen av infrastrukturen med den lokale konteksten, ble den valgt \u00e5 lokalisere konverteringsstasjonen i et omr\u00e5de n\u00e6r det n\u00e5v\u00e6rende stedet, i kommunen i <strong>Selargius<\/strong>.<\/p>\n<h2>Hva er de viktigste tekniske utfordringene<\/h2>\n<p>Med sikte p\u00e5<strong> Kontrollert horisontal boring<\/strong> (TOC), som lar deg minimere milj\u00f8p\u00e5virkningen og bevare den beskyttede marine floraen, for eksempel <em>Posidonia Oceanica<\/em> og <em>Cymodocea nodosa<\/em>. Samtidig vil leggingen av ub\u00e5tkablene, laget med en rustning i sammensatt materiale som et alternativ til tradisjonelt st\u00e5l, etablere en forresten for en ub\u00e5tinfrastruktur, ettersom enest\u00e5ende dybder vil bli n\u00e5dd ovenfor <strong>2100 m<\/strong> under havniv\u00e5et. Denne operasjonen krever avanserte teknologier for \u00e5 beskytte kabler mot ekstrem trykk og ub\u00e5tstr\u00f8mmer, noe som sikrer integritet og holdbarhet.<\/p>\n<\/p><\/div>\n","protected":false},"excerpt":{"rendered":"<p>De Tyrrhenian Link Det er et internasjonalt viktig ingeni\u00f8rprosjekt som best\u00e5r i realiseringen av To<\/p>\n","protected":false},"author":1,"featured_media":3125,"comment_status":"closed","ping_status":"open","sticky":false,"template":"","format":"standard","meta":{"footnotes":""},"categories":[26],"tags":[879,877,720,875,79,876,880,82,31,874,878,149],"class_list":["post-3124","post","type-post","status-publish","format-standard","has-post-thumbnail","hentry","category-miljo","tag-campania","tag-fa","tag-kontakt","tag-link","tag-med","tag-rekordarbeidet","tag-sardinia","tag-sicilia","tag-som","tag-tyrrhenian","tag-undervannskabel","tag-vil","generate-columns","tablet-grid-50","mobile-grid-100","grid-parent","grid-33","resize-featured-image"],"yoast_head":"<!-- This site is optimized with the Yoast SEO plugin v24.4 - https:\/\/yoast.com\/wordpress\/plugins\/seo\/ -->\n<title>Tyrrhenian Link, rekordarbeidet som vil f\u00e5 kontakt med en undervannskabel Campania, Sicilia og Sardinia - Nordnesrepublikken<\/title>\n<meta name=\"robots\" content=\"index, follow, max-snippet:-1, max-image-preview:large, max-video-preview:-1\" \/>\n<link rel=\"canonical\" href=\"https:\/\/nordnesrepublikken.no\/index.php\/2025\/04\/09\/tyrrhenian-link-rekordarbeidet-som-vil-fa-kontakt-med-en-undervannskabel-campania-sicilia-og-sardinia\/\" \/>\n<meta property=\"og:locale\" content=\"nb_NO\" \/>\n<meta property=\"og:type\" content=\"article\" \/>\n<meta property=\"og:title\" content=\"Tyrrhenian Link, rekordarbeidet som vil f\u00e5 kontakt med en undervannskabel Campania, Sicilia og Sardinia - Nordnesrepublikken\" \/>\n<meta property=\"og:description\" content=\"De Tyrrhenian Link Det er et internasjonalt viktig ingeni\u00f8rprosjekt som best\u00e5r i realiseringen av To\" \/>\n<meta property=\"og:url\" content=\"https:\/\/nordnesrepublikken.no\/index.php\/2025\/04\/09\/tyrrhenian-link-rekordarbeidet-som-vil-fa-kontakt-med-en-undervannskabel-campania-sicilia-og-sardinia\/\" \/>\n<meta property=\"og:site_name\" content=\"Nordnesrepublikken\" \/>\n<meta property=\"article:published_time\" content=\"2025-04-09T09:49:37+00:00\" \/>\n<meta property=\"article:modified_time\" content=\"2025-04-09T09:49:41+00:00\" \/>\n<meta property=\"og:image\" content=\"https:\/\/nordnesrepublikken.no\/wp-content\/uploads\/2025\/04\/1744192178_Tyrrhenian-Link-rekordarbeidet-som-vil-fa-kontakt-med-en-undervannskabel.jpg\" \/>\n\t<meta property=\"og:image:width\" content=\"2549\" \/>\n\t<meta property=\"og:image:height\" content=\"1491\" \/>\n\t<meta property=\"og:image:type\" content=\"image\/jpeg\" \/>\n<meta name=\"author\" content=\"Ole Andersen\" \/>\n<meta name=\"twitter:card\" content=\"summary_large_image\" \/>\n<meta name=\"twitter:label1\" content=\"Skrevet av\" \/>\n\t<meta name=\"twitter:data1\" content=\"Ole Andersen\" \/>\n\t<meta name=\"twitter:label2\" content=\"Ansl. lesetid\" \/>\n\t<meta name=\"twitter:data2\" content=\"3 minutter\" \/>\n<script type=\"application\/ld+json\" class=\"yoast-schema-graph\">{\"@context\":\"https:\/\/schema.org\",\"@graph\":[{\"@type\":\"Article\",\"@id\":\"https:\/\/nordnesrepublikken.no\/index.php\/2025\/04\/09\/tyrrhenian-link-rekordarbeidet-som-vil-fa-kontakt-med-en-undervannskabel-campania-sicilia-og-sardinia\/#article\",\"isPartOf\":{\"@id\":\"https:\/\/nordnesrepublikken.no\/index.php\/2025\/04\/09\/tyrrhenian-link-rekordarbeidet-som-vil-fa-kontakt-med-en-undervannskabel-campania-sicilia-og-sardinia\/\"},\"author\":{\"name\":\"Ole Andersen\",\"@id\":\"https:\/\/nordnesrepublikken.no\/#\/schema\/person\/2e7e81935bab77882fffb79296240ff1\"},\"headline\":\"Tyrrhenian Link, rekordarbeidet som vil f\u00e5 kontakt med en undervannskabel Campania, Sicilia og Sardinia\",\"datePublished\":\"2025-04-09T09:49:37+00:00\",\"dateModified\":\"2025-04-09T09:49:41+00:00\",\"mainEntityOfPage\":{\"@id\":\"https:\/\/nordnesrepublikken.no\/index.php\/2025\/04\/09\/tyrrhenian-link-rekordarbeidet-som-vil-fa-kontakt-med-en-undervannskabel-campania-sicilia-og-sardinia\/\"},\"wordCount\":564,\"publisher\":{\"@id\":\"https:\/\/nordnesrepublikken.no\/#organization\"},\"image\":{\"@id\":\"https:\/\/nordnesrepublikken.no\/index.php\/2025\/04\/09\/tyrrhenian-link-rekordarbeidet-som-vil-fa-kontakt-med-en-undervannskabel-campania-sicilia-og-sardinia\/#primaryimage\"},\"thumbnailUrl\":\"https:\/\/nordnesrepublikken.no\/wp-content\/uploads\/2025\/04\/1744192178_Tyrrhenian-Link-rekordarbeidet-som-vil-fa-kontakt-med-en-undervannskabel.jpg\",\"keywords\":[\"Campania\",\"f\u00e5\",\"kontakt\",\"Link\",\"med\",\"rekordarbeidet\",\"Sardinia\",\"Sicilia\",\"som\",\"Tyrrhenian\",\"undervannskabel\",\"vil\"],\"articleSection\":[\"Milj\u00f8\"],\"inLanguage\":\"nb-NO\"},{\"@type\":\"WebPage\",\"@id\":\"https:\/\/nordnesrepublikken.no\/index.php\/2025\/04\/09\/tyrrhenian-link-rekordarbeidet-som-vil-fa-kontakt-med-en-undervannskabel-campania-sicilia-og-sardinia\/\",\"url\":\"https:\/\/nordnesrepublikken.no\/index.php\/2025\/04\/09\/tyrrhenian-link-rekordarbeidet-som-vil-fa-kontakt-med-en-undervannskabel-campania-sicilia-og-sardinia\/\",\"name\":\"Tyrrhenian Link, rekordarbeidet som vil f\u00e5 kontakt med en undervannskabel Campania, Sicilia og Sardinia - Nordnesrepublikken\",\"isPartOf\":{\"@id\":\"https:\/\/nordnesrepublikken.no\/#website\"},\"primaryImageOfPage\":{\"@id\":\"https:\/\/nordnesrepublikken.no\/index.php\/2025\/04\/09\/tyrrhenian-link-rekordarbeidet-som-vil-fa-kontakt-med-en-undervannskabel-campania-sicilia-og-sardinia\/#primaryimage\"},\"image\":{\"@id\":\"https:\/\/nordnesrepublikken.no\/index.php\/2025\/04\/09\/tyrrhenian-link-rekordarbeidet-som-vil-fa-kontakt-med-en-undervannskabel-campania-sicilia-og-sardinia\/#primaryimage\"},\"thumbnailUrl\":\"https:\/\/nordnesrepublikken.no\/wp-content\/uploads\/2025\/04\/1744192178_Tyrrhenian-Link-rekordarbeidet-som-vil-fa-kontakt-med-en-undervannskabel.jpg\",\"datePublished\":\"2025-04-09T09:49:37+00:00\",\"dateModified\":\"2025-04-09T09:49:41+00:00\",\"breadcrumb\":{\"@id\":\"https:\/\/nordnesrepublikken.no\/index.php\/2025\/04\/09\/tyrrhenian-link-rekordarbeidet-som-vil-fa-kontakt-med-en-undervannskabel-campania-sicilia-og-sardinia\/#breadcrumb\"},\"inLanguage\":\"nb-NO\",\"potentialAction\":[{\"@type\":\"ReadAction\",\"target\":[\"https:\/\/nordnesrepublikken.no\/index.php\/2025\/04\/09\/tyrrhenian-link-rekordarbeidet-som-vil-fa-kontakt-med-en-undervannskabel-campania-sicilia-og-sardinia\/\"]}]},{\"@type\":\"ImageObject\",\"inLanguage\":\"nb-NO\",\"@id\":\"https:\/\/nordnesrepublikken.no\/index.php\/2025\/04\/09\/tyrrhenian-link-rekordarbeidet-som-vil-fa-kontakt-med-en-undervannskabel-campania-sicilia-og-sardinia\/#primaryimage\",\"url\":\"https:\/\/nordnesrepublikken.no\/wp-content\/uploads\/2025\/04\/1744192178_Tyrrhenian-Link-rekordarbeidet-som-vil-fa-kontakt-med-en-undervannskabel.jpg\",\"contentUrl\":\"https:\/\/nordnesrepublikken.no\/wp-content\/uploads\/2025\/04\/1744192178_Tyrrhenian-Link-rekordarbeidet-som-vil-fa-kontakt-med-en-undervannskabel.jpg\",\"width\":2549,\"height\":1491,\"caption\":\"Immagine\"},{\"@type\":\"BreadcrumbList\",\"@id\":\"https:\/\/nordnesrepublikken.no\/index.php\/2025\/04\/09\/tyrrhenian-link-rekordarbeidet-som-vil-fa-kontakt-med-en-undervannskabel-campania-sicilia-og-sardinia\/#breadcrumb\",\"itemListElement\":[{\"@type\":\"ListItem\",\"position\":1,\"name\":\"Home\",\"item\":\"https:\/\/nordnesrepublikken.no\/\"},{\"@type\":\"ListItem\",\"position\":2,\"name\":\"Tyrrhenian Link, rekordarbeidet som vil f\u00e5 kontakt med en undervannskabel Campania, Sicilia og Sardinia\"}]},{\"@type\":\"WebSite\",\"@id\":\"https:\/\/nordnesrepublikken.no\/#website\",\"url\":\"https:\/\/nordnesrepublikken.no\/\",\"name\":\"Nordnesrepublikken\",\"description\":\"Stemmer og Visjoner fra Republikkens Hjerte\",\"publisher\":{\"@id\":\"https:\/\/nordnesrepublikken.no\/#organization\"},\"potentialAction\":[{\"@type\":\"SearchAction\",\"target\":{\"@type\":\"EntryPoint\",\"urlTemplate\":\"https:\/\/nordnesrepublikken.no\/?s={search_term_string}\"},\"query-input\":{\"@type\":\"PropertyValueSpecification\",\"valueRequired\":true,\"valueName\":\"search_term_string\"}}],\"inLanguage\":\"nb-NO\"},{\"@type\":\"Organization\",\"@id\":\"https:\/\/nordnesrepublikken.no\/#organization\",\"name\":\"Nordnesrepublikken\",\"url\":\"https:\/\/nordnesrepublikken.no\/\",\"logo\":{\"@type\":\"ImageObject\",\"inLanguage\":\"nb-NO\",\"@id\":\"https:\/\/nordnesrepublikken.no\/#\/schema\/logo\/image\/\",\"url\":\"https:\/\/nordnesrepublikken.no\/wp-content\/uploads\/2025\/02\/cropped-nordnesrepublikken-2.png\",\"contentUrl\":\"https:\/\/nordnesrepublikken.no\/wp-content\/uploads\/2025\/02\/cropped-nordnesrepublikken-2.png\",\"width\":1248,\"height\":362,\"caption\":\"Nordnesrepublikken\"},\"image\":{\"@id\":\"https:\/\/nordnesrepublikken.no\/#\/schema\/logo\/image\/\"}},{\"@type\":\"Person\",\"@id\":\"https:\/\/nordnesrepublikken.no\/#\/schema\/person\/2e7e81935bab77882fffb79296240ff1\",\"name\":\"Ole Andersen\",\"image\":{\"@type\":\"ImageObject\",\"inLanguage\":\"nb-NO\",\"@id\":\"https:\/\/nordnesrepublikken.no\/#\/schema\/person\/image\/\",\"url\":\"https:\/\/nordnesrepublikken.no\/wp-content\/uploads\/2025\/02\/nordnesrepublikken-2-2-150x150.jpg\",\"contentUrl\":\"https:\/\/nordnesrepublikken.no\/wp-content\/uploads\/2025\/02\/nordnesrepublikken-2-2-150x150.jpg\",\"caption\":\"Ole Andersen\"},\"description\":\"Ettersom jeg vokste opp i Oslo, har jeg alltid v\u00e6rt fascinert av ordenes kraft og deres evne til \u00e5 skape endringer. Etter \u00e5 ha fullf\u00f8rt min utdannelse i kommunikasjon ved Universitetet i Bergen, fikk jeg muligheten til \u00e5 jobbe innen ulike medier, der jeg har s\u00f8kt \u00e5 belyse viktige samfunnssp\u00f8rsm\u00e5l. I dag, som redakt\u00f8r for Nordnesrepublikken, pr\u00f8ver jeg \u00e5 forene min kj\u00e6rlighet for journalistikk med min lidenskap for innovasjon og eventyr.\",\"sameAs\":[\"https:\/\/nordnesrepublikken.no\/\"]}]}<\/script>\n<!-- \/ Yoast SEO plugin. -->","yoast_head_json":{"title":"Tyrrhenian Link, rekordarbeidet som vil f\u00e5 kontakt med en undervannskabel Campania, Sicilia og Sardinia - Nordnesrepublikken","robots":{"index":"index","follow":"follow","max-snippet":"max-snippet:-1","max-image-preview":"max-image-preview:large","max-video-preview":"max-video-preview:-1"},"canonical":"https:\/\/nordnesrepublikken.no\/index.php\/2025\/04\/09\/tyrrhenian-link-rekordarbeidet-som-vil-fa-kontakt-med-en-undervannskabel-campania-sicilia-og-sardinia\/","og_locale":"nb_NO","og_type":"article","og_title":"Tyrrhenian Link, rekordarbeidet som vil f\u00e5 kontakt med en undervannskabel Campania, Sicilia og Sardinia - Nordnesrepublikken","og_description":"De Tyrrhenian Link Det er et internasjonalt viktig ingeni\u00f8rprosjekt som best\u00e5r i realiseringen av To","og_url":"https:\/\/nordnesrepublikken.no\/index.php\/2025\/04\/09\/tyrrhenian-link-rekordarbeidet-som-vil-fa-kontakt-med-en-undervannskabel-campania-sicilia-og-sardinia\/","og_site_name":"Nordnesrepublikken","article_published_time":"2025-04-09T09:49:37+00:00","article_modified_time":"2025-04-09T09:49:41+00:00","og_image":[{"width":2549,"height":1491,"url":"https:\/\/nordnesrepublikken.no\/wp-content\/uploads\/2025\/04\/1744192178_Tyrrhenian-Link-rekordarbeidet-som-vil-fa-kontakt-med-en-undervannskabel.jpg","type":"image\/jpeg"}],"author":"Ole Andersen","twitter_card":"summary_large_image","twitter_misc":{"Skrevet av":"Ole Andersen","Ansl. lesetid":"3 minutter"},"schema":{"@context":"https:\/\/schema.org","@graph":[{"@type":"Article","@id":"https:\/\/nordnesrepublikken.no\/index.php\/2025\/04\/09\/tyrrhenian-link-rekordarbeidet-som-vil-fa-kontakt-med-en-undervannskabel-campania-sicilia-og-sardinia\/#article","isPartOf":{"@id":"https:\/\/nordnesrepublikken.no\/index.php\/2025\/04\/09\/tyrrhenian-link-rekordarbeidet-som-vil-fa-kontakt-med-en-undervannskabel-campania-sicilia-og-sardinia\/"},"author":{"name":"Ole Andersen","@id":"https:\/\/nordnesrepublikken.no\/#\/schema\/person\/2e7e81935bab77882fffb79296240ff1"},"headline":"Tyrrhenian Link, rekordarbeidet som vil f\u00e5 kontakt med en undervannskabel Campania, Sicilia og Sardinia","datePublished":"2025-04-09T09:49:37+00:00","dateModified":"2025-04-09T09:49:41+00:00","mainEntityOfPage":{"@id":"https:\/\/nordnesrepublikken.no\/index.php\/2025\/04\/09\/tyrrhenian-link-rekordarbeidet-som-vil-fa-kontakt-med-en-undervannskabel-campania-sicilia-og-sardinia\/"},"wordCount":564,"publisher":{"@id":"https:\/\/nordnesrepublikken.no\/#organization"},"image":{"@id":"https:\/\/nordnesrepublikken.no\/index.php\/2025\/04\/09\/tyrrhenian-link-rekordarbeidet-som-vil-fa-kontakt-med-en-undervannskabel-campania-sicilia-og-sardinia\/#primaryimage"},"thumbnailUrl":"https:\/\/nordnesrepublikken.no\/wp-content\/uploads\/2025\/04\/1744192178_Tyrrhenian-Link-rekordarbeidet-som-vil-fa-kontakt-med-en-undervannskabel.jpg","keywords":["Campania","f\u00e5","kontakt","Link","med","rekordarbeidet","Sardinia","Sicilia","som","Tyrrhenian","undervannskabel","vil"],"articleSection":["Milj\u00f8"],"inLanguage":"nb-NO"},{"@type":"WebPage","@id":"https:\/\/nordnesrepublikken.no\/index.php\/2025\/04\/09\/tyrrhenian-link-rekordarbeidet-som-vil-fa-kontakt-med-en-undervannskabel-campania-sicilia-og-sardinia\/","url":"https:\/\/nordnesrepublikken.no\/index.php\/2025\/04\/09\/tyrrhenian-link-rekordarbeidet-som-vil-fa-kontakt-med-en-undervannskabel-campania-sicilia-og-sardinia\/","name":"Tyrrhenian Link, rekordarbeidet som vil f\u00e5 kontakt med en undervannskabel Campania, Sicilia og Sardinia - Nordnesrepublikken","isPartOf":{"@id":"https:\/\/nordnesrepublikken.no\/#website"},"primaryImageOfPage":{"@id":"https:\/\/nordnesrepublikken.no\/index.php\/2025\/04\/09\/tyrrhenian-link-rekordarbeidet-som-vil-fa-kontakt-med-en-undervannskabel-campania-sicilia-og-sardinia\/#primaryimage"},"image":{"@id":"https:\/\/nordnesrepublikken.no\/index.php\/2025\/04\/09\/tyrrhenian-link-rekordarbeidet-som-vil-fa-kontakt-med-en-undervannskabel-campania-sicilia-og-sardinia\/#primaryimage"},"thumbnailUrl":"https:\/\/nordnesrepublikken.no\/wp-content\/uploads\/2025\/04\/1744192178_Tyrrhenian-Link-rekordarbeidet-som-vil-fa-kontakt-med-en-undervannskabel.jpg","datePublished":"2025-04-09T09:49:37+00:00","dateModified":"2025-04-09T09:49:41+00:00","breadcrumb":{"@id":"https:\/\/nordnesrepublikken.no\/index.php\/2025\/04\/09\/tyrrhenian-link-rekordarbeidet-som-vil-fa-kontakt-med-en-undervannskabel-campania-sicilia-og-sardinia\/#breadcrumb"},"inLanguage":"nb-NO","potentialAction":[{"@type":"ReadAction","target":["https:\/\/nordnesrepublikken.no\/index.php\/2025\/04\/09\/tyrrhenian-link-rekordarbeidet-som-vil-fa-kontakt-med-en-undervannskabel-campania-sicilia-og-sardinia\/"]}]},{"@type":"ImageObject","inLanguage":"nb-NO","@id":"https:\/\/nordnesrepublikken.no\/index.php\/2025\/04\/09\/tyrrhenian-link-rekordarbeidet-som-vil-fa-kontakt-med-en-undervannskabel-campania-sicilia-og-sardinia\/#primaryimage","url":"https:\/\/nordnesrepublikken.no\/wp-content\/uploads\/2025\/04\/1744192178_Tyrrhenian-Link-rekordarbeidet-som-vil-fa-kontakt-med-en-undervannskabel.jpg","contentUrl":"https:\/\/nordnesrepublikken.no\/wp-content\/uploads\/2025\/04\/1744192178_Tyrrhenian-Link-rekordarbeidet-som-vil-fa-kontakt-med-en-undervannskabel.jpg","width":2549,"height":1491,"caption":"Immagine"},{"@type":"BreadcrumbList","@id":"https:\/\/nordnesrepublikken.no\/index.php\/2025\/04\/09\/tyrrhenian-link-rekordarbeidet-som-vil-fa-kontakt-med-en-undervannskabel-campania-sicilia-og-sardinia\/#breadcrumb","itemListElement":[{"@type":"ListItem","position":1,"name":"Home","item":"https:\/\/nordnesrepublikken.no\/"},{"@type":"ListItem","position":2,"name":"Tyrrhenian Link, rekordarbeidet som vil f\u00e5 kontakt med en undervannskabel Campania, Sicilia og Sardinia"}]},{"@type":"WebSite","@id":"https:\/\/nordnesrepublikken.no\/#website","url":"https:\/\/nordnesrepublikken.no\/","name":"Nordnesrepublikken","description":"Stemmer og Visjoner fra Republikkens Hjerte","publisher":{"@id":"https:\/\/nordnesrepublikken.no\/#organization"},"potentialAction":[{"@type":"SearchAction","target":{"@type":"EntryPoint","urlTemplate":"https:\/\/nordnesrepublikken.no\/?s={search_term_string}"},"query-input":{"@type":"PropertyValueSpecification","valueRequired":true,"valueName":"search_term_string"}}],"inLanguage":"nb-NO"},{"@type":"Organization","@id":"https:\/\/nordnesrepublikken.no\/#organization","name":"Nordnesrepublikken","url":"https:\/\/nordnesrepublikken.no\/","logo":{"@type":"ImageObject","inLanguage":"nb-NO","@id":"https:\/\/nordnesrepublikken.no\/#\/schema\/logo\/image\/","url":"https:\/\/nordnesrepublikken.no\/wp-content\/uploads\/2025\/02\/cropped-nordnesrepublikken-2.png","contentUrl":"https:\/\/nordnesrepublikken.no\/wp-content\/uploads\/2025\/02\/cropped-nordnesrepublikken-2.png","width":1248,"height":362,"caption":"Nordnesrepublikken"},"image":{"@id":"https:\/\/nordnesrepublikken.no\/#\/schema\/logo\/image\/"}},{"@type":"Person","@id":"https:\/\/nordnesrepublikken.no\/#\/schema\/person\/2e7e81935bab77882fffb79296240ff1","name":"Ole Andersen","image":{"@type":"ImageObject","inLanguage":"nb-NO","@id":"https:\/\/nordnesrepublikken.no\/#\/schema\/person\/image\/","url":"https:\/\/nordnesrepublikken.no\/wp-content\/uploads\/2025\/02\/nordnesrepublikken-2-2-150x150.jpg","contentUrl":"https:\/\/nordnesrepublikken.no\/wp-content\/uploads\/2025\/02\/nordnesrepublikken-2-2-150x150.jpg","caption":"Ole Andersen"},"description":"Ettersom jeg vokste opp i Oslo, har jeg alltid v\u00e6rt fascinert av ordenes kraft og deres evne til \u00e5 skape endringer. Etter \u00e5 ha fullf\u00f8rt min utdannelse i kommunikasjon ved Universitetet i Bergen, fikk jeg muligheten til \u00e5 jobbe innen ulike medier, der jeg har s\u00f8kt \u00e5 belyse viktige samfunnssp\u00f8rsm\u00e5l. I dag, som redakt\u00f8r for Nordnesrepublikken, pr\u00f8ver jeg \u00e5 forene min kj\u00e6rlighet for journalistikk med min lidenskap for innovasjon og eventyr.","sameAs":["https:\/\/nordnesrepublikken.no\/"]}]}},"_links":{"self":[{"href":"https:\/\/nordnesrepublikken.no\/index.php\/wp-json\/wp\/v2\/posts\/3124","targetHints":{"allow":["GET"]}}],"collection":[{"href":"https:\/\/nordnesrepublikken.no\/index.php\/wp-json\/wp\/v2\/posts"}],"about":[{"href":"https:\/\/nordnesrepublikken.no\/index.php\/wp-json\/wp\/v2\/types\/post"}],"author":[{"embeddable":true,"href":"https:\/\/nordnesrepublikken.no\/index.php\/wp-json\/wp\/v2\/users\/1"}],"replies":[{"embeddable":true,"href":"https:\/\/nordnesrepublikken.no\/index.php\/wp-json\/wp\/v2\/comments?post=3124"}],"version-history":[{"count":1,"href":"https:\/\/nordnesrepublikken.no\/index.php\/wp-json\/wp\/v2\/posts\/3124\/revisions"}],"predecessor-version":[{"id":3126,"href":"https:\/\/nordnesrepublikken.no\/index.php\/wp-json\/wp\/v2\/posts\/3124\/revisions\/3126"}],"wp:featuredmedia":[{"embeddable":true,"href":"https:\/\/nordnesrepublikken.no\/index.php\/wp-json\/wp\/v2\/media\/3125"}],"wp:attachment":[{"href":"https:\/\/nordnesrepublikken.no\/index.php\/wp-json\/wp\/v2\/media?parent=3124"}],"wp:term":[{"taxonomy":"category","embeddable":true,"href":"https:\/\/nordnesrepublikken.no\/index.php\/wp-json\/wp\/v2\/categories?post=3124"},{"taxonomy":"post_tag","embeddable":true,"href":"https:\/\/nordnesrepublikken.no\/index.php\/wp-json\/wp\/v2\/tags?post=3124"}],"curies":[{"name":"wp","href":"https:\/\/api.w.org\/{rel}","templated":true}]}}