{"id":3088,"date":"2025-04-08T19:49:41","date_gmt":"2025-04-08T17:49:41","guid":{"rendered":"https:\/\/nordnesrepublikken.no\/index.php\/2025\/04\/08\/trump-vil-ha-gronland-men-kan-han-annektere-det-de-mulige-konsekvensene-av-et-mulig-amerikansk-angrep\/"},"modified":"2025-04-08T19:49:44","modified_gmt":"2025-04-08T17:49:44","slug":"trump-vil-ha-gronland-men-kan-han-annektere-det-de-mulige-konsekvensene-av-et-mulig-amerikansk-angrep","status":"publish","type":"post","link":"https:\/\/nordnesrepublikken.no\/index.php\/2025\/04\/08\/trump-vil-ha-gronland-men-kan-han-annektere-det-de-mulige-konsekvensene-av-et-mulig-amerikansk-angrep\/","title":{"rendered":"Trump vil ha Gr\u00f8nland, men kan han annektere det? De mulige konsekvensene av et mulig amerikansk angrep"},"content":{"rendered":"<div>\n<div class=\"cp_wrapper cp_wrapper--fw mb-30 mb-20@tablet\">\n<figure class=\"mm\"><picture class=\"img\" style=\"padding-top:56.25%\"><source  media=\"(min-width: 1024px)\"><source  media=\"(min-width: 768px)\"><\/source><\/source><\/picture><\/figure>\n<\/p><\/div>\n<p>Som lovet i valgkampen, den amerikanske presidenten <strong>Donald Trump<\/strong> fortsetter \u00e5 true Danmark med intensjonen om <strong>Vedlegg Gr\u00f8nland<\/strong> ogs\u00e5 med milit\u00e6r styrke. For Trump ville faktisk \u00f8ya v\u00e6re grunnleggende for &laquo;nasjonal og internasjonal sikkerhet&raquo;. Gr\u00f8nland, til tross for at han er geografisk en del av det amerikanske kontinentet, er <strong>kontrollert av kongeriket Danmark i nesten 300 \u00e5r<\/strong>selv om den lokale regjeringen siden 1979 har blitt overf\u00f8rt til lovgivende, rettslig og styring av naturressurser. Den danske regjeringen kontrollerer imidlertid fortsatt \u00f8konomi, utenrikspolitikk og forsvaret av \u00f8ya, og dette er grunnen til at den amerikanske administrasjonen truer Danmark for ikke \u00e5 ha gjort nok for de gr\u00f8nlandere innen sosial politikk og for deres forsvar mot den \u00f8kende innflytelsen fra Russland og Kina i Arktis.<\/p>\n<h2>Regjeringsavtalen for \u00e5 dempe oss aggresjon<\/h2>\n<p>Under sitt bes\u00f8k i Greenland 28. mars, den amerikanske visepresidenten <strong>JD Vance<\/strong> Han sa:<\/p>\n<blockquote>\n<p>Meldingen v\u00e5r til Danmark er veldig enkel: <strong>Du gjorde ikke en god jobb med folket p\u00e5 Gr\u00f8nland<\/strong>. Du har investert mindre og mindre for dem og for \u00e5 skape en sikkerhetsarkitektur for denne utrolige og fantastiske kontinentale massen bebodd av utrolige mennesker. Dette m\u00e5 endres.<\/p>\n<\/blockquote>\n<p>Vance justerte ogs\u00e5 Gr\u00f8nlands opinionen for \u00e5 f\u00e5 uavhengighet fra Danmark, til tross for at det parlamentariske valget av 11. mars vant <strong>Demokratenes parti<\/strong>liberal sentrist med en <strong>Veldig forventningstiln\u00e6rming til temaet uavhengighet<\/strong> Fra K\u00f8benhavn. Viljen til \u00e5 dempe p\u00e5 en mulig definitiv l\u00f8srivelse fra Danmark har blitt enda tydeligere n\u00e5r demokratene 28. mars, det venstreorienterte milj\u00f8partiet i inuitsamfunnet, sosialdemokratene til Next og Solidarity (som forsvarer union med Danmark) har kunngjort en regjeringsavtale unntatt Naleraq, den eneste parten som er gunstig for umiddelbar uavhengighet.<\/p>\n<p>\u00c5 lede denne alliansen er ogs\u00e5 frykten mot de ekspansjonistiske m\u00e5lene for <strong>Donald Trump<\/strong>Det <strong>L\u00f8rdag 29. mars gjentok han sin tro p\u00e5 at det er en god sjanse for \u00e5 skaffe Gr\u00f8nland<\/strong> For diplomatiske m\u00e5ter, uten \u00e5 ekskludere den milit\u00e6re l\u00f8sningen. Denne aggresjonen betaler absolutt ikke blant innbyggerne p\u00e5 \u00f8ya: hvis 80% av dem er for en prosess som f\u00f8rer til uavhengighet fra Danmark,<strong>85% vil ikke vite at de blir en del av USA<\/strong>mot bare 6% for.<\/p>\n<div class=\"cp_wrapper cp_wrapper--fw mb-50\">\n<figure class=\"mm\"><picture class=\"img\" style=\"padding-top:61.397934868944%\"><source  media=\"(min-width: 1024px)\"><source  media=\"(min-width: 768px)\"><img decoding=\"async\" loading=\"lazy\" src=\"https:\/\/nordnesrepublikken.no\/wp-content\/uploads\/2025\/04\/1744134579_664_Trump-vil-ha-Gronland-men-kan-han-annektere-det-De.jpg\" alt=\"Trump og Vance\" width=\"1259\" height=\"773\"><\/source><\/source><\/picture><\/figure>\n<\/p><\/div>\n<h2>Den milit\u00e6re tilstedev\u00e6relsen bruker p\u00e5 Gr\u00f8nland: situasjonen<\/h2>\n<p>Det milit\u00e6re alternativet truet av Trump spiller mye <strong>urealistisk<\/strong>gitt at Gr\u00f8nland er under dansk suverenitet, nemlig NATO, hvorav Danmark er en del av institusjonen for Atlanterhavsalliansen i 1949. Videre, som dansk utenriksminister L\u00e6r L\u00f8ye Rasmussen p\u00e5pekte, utpekte, ut, p\u00e5pekte L\u00f8ye Rasmussen, <strong>Siden 1951 <\/strong>en<strong> gjensidig forsvarsavhandling mellom Danmark og USA<\/strong> som gj\u00f8r at Washington kan ha baser og milit\u00e6re installasjoner p\u00e5 Gr\u00f8nland. I 1945 hadde Washington lokalisert i Gr\u00f8nland <strong>Pituffik Space Base<\/strong>viktig for \u00e5 integrere det amerikanske rakettforsvarssystemet. For Rasmussen tilbyr 1951 -avtalen &laquo;USA muligheten for \u00e5 ha en mer massiv milit\u00e6r tilstedev\u00e6relse p\u00e5 Gr\u00f8nland. Hvis dette er deres \u00f8nske, er det bare \u00e5 diskutere det\u00bb.<\/p>\n<p>I et fors\u00f8k p\u00e5 \u00e5 demontere den amerikanske &laquo;muskel&raquo; -propagandaen, husket Rasmussen at <strong>Danmark har \u00f8kt investeringer for forsvaret av Arktis<\/strong>: I januar 2025 kunngjorde han en investering p\u00e5 nesten 2 milliarder euro for \u00e5 fortrenge tre nye krigsskip, droner og satellitter i regionen.<\/p>\n<div class=\"cp_wrapper cp_wrapper--fw mb-50\">\n<figure class=\"mm\"><picture class=\"img\" style=\"padding-top:66.766666666667%\"><source  media=\"(min-width: 1024px)\"><source  media=\"(min-width: 768px)\"><img decoding=\"async\" loading=\"lazy\" src=\"https:\/\/nordnesrepublikken.no\/wp-content\/uploads\/2025\/04\/1744134580_441_Trump-vil-ha-Gronland-men-kan-han-annektere-det-De.jpg\" alt=\"Bilde\" width=\"3000\" height=\"2003\" class=\"js-seedtag-img\"><\/source><\/source><\/picture><\/figure>\n<\/p><\/div>\n<h2>Hva ville skje hvis Trump invaderte Gr\u00f8nland: NATOs rolle<\/h2>\n<p>\u00d8nsker \u00e5 vurdere den verste hypotesen, nemlig at Trumps uttalelser om Gr\u00f8nland ikke er et v\u00e5pen for massedistraksjon, men en presis politisk vilje, kan USA virkelig annektere Gr\u00f8nland, kanskje etter et sammenst\u00f8t med Danmark? DE&#8217;<strong>hendelsen ville sette i krise grunnlaget som NATO er basert p\u00e5<\/strong>med sin viktigste finansmann og grunnleggende land som angriper et annet medlem av Atlantic Alliance. For ikke \u00e5 nevne artikkel 5, som s\u00f8rger for gjensidig forpliktelse fra medlemslandene til \u00e5 vurdere et v\u00e6pnet angrep mot en eller flere av dem som en <strong>Direkte angrep mot alle<\/strong>.<\/p>\n<p>Artikkelen viser til hendelsen at angriperen er en stat <strong>utvendig<\/strong> til alliansen. Men hva om de er to medlemmer av NATO for \u00e5 erkl\u00e6re krig? Det eneste historiske eksemplet som er tilgjengelig er det av <strong>Sammenst\u00f8t mellom Hellas og T\u00fcrkiye<\/strong> (Begge deler av NATO siden 1952) <strong>For \u00f8ya Kypros fra 1974<\/strong>. Under den korte konflikten som f\u00f8rte til delingen av \u00f8ya i to, unngikk NATO \u00e5 gripe inn mellom de to utfordrerne og forventet formidling av FN. Hvis Greenland angrep henne, ville det derfor v\u00e6re som \u00e5 invadere Danmark for ham.<\/p>\n<div class=\"cp_wrapper cp_wrapper--fw mb-50\">\n<figure class=\"mm\"><picture class=\"img\" style=\"padding-top:47.583333333333%\"><source  media=\"(min-width: 1024px)\"><source  media=\"(min-width: 768px)\"><img decoding=\"async\" loading=\"lazy\" src=\"https:\/\/nordnesrepublikken.no\/wp-content\/uploads\/2025\/04\/1744134581_145_Trump-vil-ha-Gronland-men-kan-han-annektere-det-De.jpg\" alt=\"Bilde\" width=\"1200\" height=\"571\"><\/source><\/source><\/picture><\/figure>\n<\/p><\/div>\n<\/p><\/div>\n","protected":false},"excerpt":{"rendered":"<p>Som lovet i valgkampen, den amerikanske presidenten Donald Trump fortsetter \u00e5 true Danmark med intensjonen<\/p>\n","protected":false},"author":1,"featured_media":3089,"comment_status":"closed","ping_status":"open","sticky":false,"template":"","format":"standard","meta":{"footnotes":""},"categories":[23],"tags":[820,712,819,66,667,592,339,203,355,316,253,61,149],"class_list":["post-3088","post","type-post","status-publish","format-standard","has-post-thumbnail","hentry","category-politikk","tag-amerikansk","tag-angrep","tag-annektere","tag-det","tag-gronland","tag-han","tag-kan","tag-konsekvensene","tag-men","tag-mulig","tag-mulige","tag-trump","tag-vil","generate-columns","tablet-grid-50","mobile-grid-100","grid-parent","grid-33","resize-featured-image"],"yoast_head":"<!-- This site is optimized with the Yoast SEO plugin v24.4 - https:\/\/yoast.com\/wordpress\/plugins\/seo\/ -->\n<title>Trump vil ha Gr\u00f8nland, men kan han annektere det? De mulige konsekvensene av et mulig amerikansk angrep - Nordnesrepublikken<\/title>\n<meta name=\"robots\" content=\"index, follow, max-snippet:-1, max-image-preview:large, max-video-preview:-1\" \/>\n<link rel=\"canonical\" href=\"https:\/\/nordnesrepublikken.no\/index.php\/2025\/04\/08\/trump-vil-ha-gronland-men-kan-han-annektere-det-de-mulige-konsekvensene-av-et-mulig-amerikansk-angrep\/\" \/>\n<meta property=\"og:locale\" content=\"nb_NO\" \/>\n<meta property=\"og:type\" content=\"article\" \/>\n<meta property=\"og:title\" content=\"Trump vil ha Gr\u00f8nland, men kan han annektere det? De mulige konsekvensene av et mulig amerikansk angrep - Nordnesrepublikken\" \/>\n<meta property=\"og:description\" content=\"Som lovet i valgkampen, den amerikanske presidenten Donald Trump fortsetter \u00e5 true Danmark med intensjonen\" \/>\n<meta property=\"og:url\" content=\"https:\/\/nordnesrepublikken.no\/index.php\/2025\/04\/08\/trump-vil-ha-gronland-men-kan-han-annektere-det-de-mulige-konsekvensene-av-et-mulig-amerikansk-angrep\/\" \/>\n<meta property=\"og:site_name\" content=\"Nordnesrepublikken\" \/>\n<meta property=\"article:published_time\" content=\"2025-04-08T17:49:41+00:00\" \/>\n<meta property=\"article:modified_time\" content=\"2025-04-08T17:49:44+00:00\" \/>\n<meta property=\"og:image\" content=\"https:\/\/nordnesrepublikken.no\/wp-content\/uploads\/2025\/04\/1744134582_Trump-vil-ha-Gronland-men-kan-han-annektere-det-De.jpg\" \/>\n\t<meta property=\"og:image:width\" content=\"2549\" \/>\n\t<meta property=\"og:image:height\" content=\"1491\" \/>\n\t<meta property=\"og:image:type\" content=\"image\/jpeg\" \/>\n<meta name=\"author\" content=\"Ole Andersen\" \/>\n<meta name=\"twitter:card\" content=\"summary_large_image\" \/>\n<meta name=\"twitter:label1\" content=\"Skrevet av\" \/>\n\t<meta name=\"twitter:data1\" content=\"Ole Andersen\" \/>\n\t<meta name=\"twitter:label2\" content=\"Ansl. lesetid\" \/>\n\t<meta name=\"twitter:data2\" content=\"4 minutter\" \/>\n<script type=\"application\/ld+json\" class=\"yoast-schema-graph\">{\"@context\":\"https:\/\/schema.org\",\"@graph\":[{\"@type\":\"Article\",\"@id\":\"https:\/\/nordnesrepublikken.no\/index.php\/2025\/04\/08\/trump-vil-ha-gronland-men-kan-han-annektere-det-de-mulige-konsekvensene-av-et-mulig-amerikansk-angrep\/#article\",\"isPartOf\":{\"@id\":\"https:\/\/nordnesrepublikken.no\/index.php\/2025\/04\/08\/trump-vil-ha-gronland-men-kan-han-annektere-det-de-mulige-konsekvensene-av-et-mulig-amerikansk-angrep\/\"},\"author\":{\"name\":\"Ole Andersen\",\"@id\":\"https:\/\/nordnesrepublikken.no\/#\/schema\/person\/2e7e81935bab77882fffb79296240ff1\"},\"headline\":\"Trump vil ha Gr\u00f8nland, men kan han annektere det? De mulige konsekvensene av et mulig amerikansk angrep\",\"datePublished\":\"2025-04-08T17:49:41+00:00\",\"dateModified\":\"2025-04-08T17:49:44+00:00\",\"mainEntityOfPage\":{\"@id\":\"https:\/\/nordnesrepublikken.no\/index.php\/2025\/04\/08\/trump-vil-ha-gronland-men-kan-han-annektere-det-de-mulige-konsekvensene-av-et-mulig-amerikansk-angrep\/\"},\"wordCount\":729,\"publisher\":{\"@id\":\"https:\/\/nordnesrepublikken.no\/#organization\"},\"image\":{\"@id\":\"https:\/\/nordnesrepublikken.no\/index.php\/2025\/04\/08\/trump-vil-ha-gronland-men-kan-han-annektere-det-de-mulige-konsekvensene-av-et-mulig-amerikansk-angrep\/#primaryimage\"},\"thumbnailUrl\":\"https:\/\/nordnesrepublikken.no\/wp-content\/uploads\/2025\/04\/1744134582_Trump-vil-ha-Gronland-men-kan-han-annektere-det-De.jpg\",\"keywords\":[\"amerikansk\",\"angrep\",\"annektere\",\"Det\",\"Gr\u00f8nland\",\"Han\",\"kan\",\"konsekvensene\",\"men\",\"mulig\",\"mulige\",\"Trump\",\"vil\"],\"articleSection\":[\"Politikk\"],\"inLanguage\":\"nb-NO\"},{\"@type\":\"WebPage\",\"@id\":\"https:\/\/nordnesrepublikken.no\/index.php\/2025\/04\/08\/trump-vil-ha-gronland-men-kan-han-annektere-det-de-mulige-konsekvensene-av-et-mulig-amerikansk-angrep\/\",\"url\":\"https:\/\/nordnesrepublikken.no\/index.php\/2025\/04\/08\/trump-vil-ha-gronland-men-kan-han-annektere-det-de-mulige-konsekvensene-av-et-mulig-amerikansk-angrep\/\",\"name\":\"Trump vil ha Gr\u00f8nland, men kan han annektere det? De mulige konsekvensene av et mulig amerikansk angrep - Nordnesrepublikken\",\"isPartOf\":{\"@id\":\"https:\/\/nordnesrepublikken.no\/#website\"},\"primaryImageOfPage\":{\"@id\":\"https:\/\/nordnesrepublikken.no\/index.php\/2025\/04\/08\/trump-vil-ha-gronland-men-kan-han-annektere-det-de-mulige-konsekvensene-av-et-mulig-amerikansk-angrep\/#primaryimage\"},\"image\":{\"@id\":\"https:\/\/nordnesrepublikken.no\/index.php\/2025\/04\/08\/trump-vil-ha-gronland-men-kan-han-annektere-det-de-mulige-konsekvensene-av-et-mulig-amerikansk-angrep\/#primaryimage\"},\"thumbnailUrl\":\"https:\/\/nordnesrepublikken.no\/wp-content\/uploads\/2025\/04\/1744134582_Trump-vil-ha-Gronland-men-kan-han-annektere-det-De.jpg\",\"datePublished\":\"2025-04-08T17:49:41+00:00\",\"dateModified\":\"2025-04-08T17:49:44+00:00\",\"breadcrumb\":{\"@id\":\"https:\/\/nordnesrepublikken.no\/index.php\/2025\/04\/08\/trump-vil-ha-gronland-men-kan-han-annektere-det-de-mulige-konsekvensene-av-et-mulig-amerikansk-angrep\/#breadcrumb\"},\"inLanguage\":\"nb-NO\",\"potentialAction\":[{\"@type\":\"ReadAction\",\"target\":[\"https:\/\/nordnesrepublikken.no\/index.php\/2025\/04\/08\/trump-vil-ha-gronland-men-kan-han-annektere-det-de-mulige-konsekvensene-av-et-mulig-amerikansk-angrep\/\"]}]},{\"@type\":\"ImageObject\",\"inLanguage\":\"nb-NO\",\"@id\":\"https:\/\/nordnesrepublikken.no\/index.php\/2025\/04\/08\/trump-vil-ha-gronland-men-kan-han-annektere-det-de-mulige-konsekvensene-av-et-mulig-amerikansk-angrep\/#primaryimage\",\"url\":\"https:\/\/nordnesrepublikken.no\/wp-content\/uploads\/2025\/04\/1744134582_Trump-vil-ha-Gronland-men-kan-han-annektere-det-De.jpg\",\"contentUrl\":\"https:\/\/nordnesrepublikken.no\/wp-content\/uploads\/2025\/04\/1744134582_Trump-vil-ha-Gronland-men-kan-han-annektere-det-De.jpg\",\"width\":2549,\"height\":1491,\"caption\":\"Immagine\"},{\"@type\":\"BreadcrumbList\",\"@id\":\"https:\/\/nordnesrepublikken.no\/index.php\/2025\/04\/08\/trump-vil-ha-gronland-men-kan-han-annektere-det-de-mulige-konsekvensene-av-et-mulig-amerikansk-angrep\/#breadcrumb\",\"itemListElement\":[{\"@type\":\"ListItem\",\"position\":1,\"name\":\"Home\",\"item\":\"https:\/\/nordnesrepublikken.no\/\"},{\"@type\":\"ListItem\",\"position\":2,\"name\":\"Trump vil ha Gr\u00f8nland, men kan han annektere det? De mulige konsekvensene av et mulig amerikansk angrep\"}]},{\"@type\":\"WebSite\",\"@id\":\"https:\/\/nordnesrepublikken.no\/#website\",\"url\":\"https:\/\/nordnesrepublikken.no\/\",\"name\":\"Nordnesrepublikken\",\"description\":\"Stemmer og Visjoner fra Republikkens Hjerte\",\"publisher\":{\"@id\":\"https:\/\/nordnesrepublikken.no\/#organization\"},\"potentialAction\":[{\"@type\":\"SearchAction\",\"target\":{\"@type\":\"EntryPoint\",\"urlTemplate\":\"https:\/\/nordnesrepublikken.no\/?s={search_term_string}\"},\"query-input\":{\"@type\":\"PropertyValueSpecification\",\"valueRequired\":true,\"valueName\":\"search_term_string\"}}],\"inLanguage\":\"nb-NO\"},{\"@type\":\"Organization\",\"@id\":\"https:\/\/nordnesrepublikken.no\/#organization\",\"name\":\"Nordnesrepublikken\",\"url\":\"https:\/\/nordnesrepublikken.no\/\",\"logo\":{\"@type\":\"ImageObject\",\"inLanguage\":\"nb-NO\",\"@id\":\"https:\/\/nordnesrepublikken.no\/#\/schema\/logo\/image\/\",\"url\":\"https:\/\/nordnesrepublikken.no\/wp-content\/uploads\/2025\/02\/cropped-nordnesrepublikken-2.png\",\"contentUrl\":\"https:\/\/nordnesrepublikken.no\/wp-content\/uploads\/2025\/02\/cropped-nordnesrepublikken-2.png\",\"width\":1248,\"height\":362,\"caption\":\"Nordnesrepublikken\"},\"image\":{\"@id\":\"https:\/\/nordnesrepublikken.no\/#\/schema\/logo\/image\/\"}},{\"@type\":\"Person\",\"@id\":\"https:\/\/nordnesrepublikken.no\/#\/schema\/person\/2e7e81935bab77882fffb79296240ff1\",\"name\":\"Ole Andersen\",\"image\":{\"@type\":\"ImageObject\",\"inLanguage\":\"nb-NO\",\"@id\":\"https:\/\/nordnesrepublikken.no\/#\/schema\/person\/image\/\",\"url\":\"https:\/\/nordnesrepublikken.no\/wp-content\/uploads\/2025\/02\/nordnesrepublikken-2-2-150x150.jpg\",\"contentUrl\":\"https:\/\/nordnesrepublikken.no\/wp-content\/uploads\/2025\/02\/nordnesrepublikken-2-2-150x150.jpg\",\"caption\":\"Ole Andersen\"},\"description\":\"Ettersom jeg vokste opp i Oslo, har jeg alltid v\u00e6rt fascinert av ordenes kraft og deres evne til \u00e5 skape endringer. Etter \u00e5 ha fullf\u00f8rt min utdannelse i kommunikasjon ved Universitetet i Bergen, fikk jeg muligheten til \u00e5 jobbe innen ulike medier, der jeg har s\u00f8kt \u00e5 belyse viktige samfunnssp\u00f8rsm\u00e5l. I dag, som redakt\u00f8r for Nordnesrepublikken, pr\u00f8ver jeg \u00e5 forene min kj\u00e6rlighet for journalistikk med min lidenskap for innovasjon og eventyr.\",\"sameAs\":[\"https:\/\/nordnesrepublikken.no\/\"]}]}<\/script>\n<!-- \/ Yoast SEO plugin. -->","yoast_head_json":{"title":"Trump vil ha Gr\u00f8nland, men kan han annektere det? De mulige konsekvensene av et mulig amerikansk angrep - Nordnesrepublikken","robots":{"index":"index","follow":"follow","max-snippet":"max-snippet:-1","max-image-preview":"max-image-preview:large","max-video-preview":"max-video-preview:-1"},"canonical":"https:\/\/nordnesrepublikken.no\/index.php\/2025\/04\/08\/trump-vil-ha-gronland-men-kan-han-annektere-det-de-mulige-konsekvensene-av-et-mulig-amerikansk-angrep\/","og_locale":"nb_NO","og_type":"article","og_title":"Trump vil ha Gr\u00f8nland, men kan han annektere det? De mulige konsekvensene av et mulig amerikansk angrep - Nordnesrepublikken","og_description":"Som lovet i valgkampen, den amerikanske presidenten Donald Trump fortsetter \u00e5 true Danmark med intensjonen","og_url":"https:\/\/nordnesrepublikken.no\/index.php\/2025\/04\/08\/trump-vil-ha-gronland-men-kan-han-annektere-det-de-mulige-konsekvensene-av-et-mulig-amerikansk-angrep\/","og_site_name":"Nordnesrepublikken","article_published_time":"2025-04-08T17:49:41+00:00","article_modified_time":"2025-04-08T17:49:44+00:00","og_image":[{"width":2549,"height":1491,"url":"https:\/\/nordnesrepublikken.no\/wp-content\/uploads\/2025\/04\/1744134582_Trump-vil-ha-Gronland-men-kan-han-annektere-det-De.jpg","type":"image\/jpeg"}],"author":"Ole Andersen","twitter_card":"summary_large_image","twitter_misc":{"Skrevet av":"Ole Andersen","Ansl. lesetid":"4 minutter"},"schema":{"@context":"https:\/\/schema.org","@graph":[{"@type":"Article","@id":"https:\/\/nordnesrepublikken.no\/index.php\/2025\/04\/08\/trump-vil-ha-gronland-men-kan-han-annektere-det-de-mulige-konsekvensene-av-et-mulig-amerikansk-angrep\/#article","isPartOf":{"@id":"https:\/\/nordnesrepublikken.no\/index.php\/2025\/04\/08\/trump-vil-ha-gronland-men-kan-han-annektere-det-de-mulige-konsekvensene-av-et-mulig-amerikansk-angrep\/"},"author":{"name":"Ole Andersen","@id":"https:\/\/nordnesrepublikken.no\/#\/schema\/person\/2e7e81935bab77882fffb79296240ff1"},"headline":"Trump vil ha Gr\u00f8nland, men kan han annektere det? De mulige konsekvensene av et mulig amerikansk angrep","datePublished":"2025-04-08T17:49:41+00:00","dateModified":"2025-04-08T17:49:44+00:00","mainEntityOfPage":{"@id":"https:\/\/nordnesrepublikken.no\/index.php\/2025\/04\/08\/trump-vil-ha-gronland-men-kan-han-annektere-det-de-mulige-konsekvensene-av-et-mulig-amerikansk-angrep\/"},"wordCount":729,"publisher":{"@id":"https:\/\/nordnesrepublikken.no\/#organization"},"image":{"@id":"https:\/\/nordnesrepublikken.no\/index.php\/2025\/04\/08\/trump-vil-ha-gronland-men-kan-han-annektere-det-de-mulige-konsekvensene-av-et-mulig-amerikansk-angrep\/#primaryimage"},"thumbnailUrl":"https:\/\/nordnesrepublikken.no\/wp-content\/uploads\/2025\/04\/1744134582_Trump-vil-ha-Gronland-men-kan-han-annektere-det-De.jpg","keywords":["amerikansk","angrep","annektere","Det","Gr\u00f8nland","Han","kan","konsekvensene","men","mulig","mulige","Trump","vil"],"articleSection":["Politikk"],"inLanguage":"nb-NO"},{"@type":"WebPage","@id":"https:\/\/nordnesrepublikken.no\/index.php\/2025\/04\/08\/trump-vil-ha-gronland-men-kan-han-annektere-det-de-mulige-konsekvensene-av-et-mulig-amerikansk-angrep\/","url":"https:\/\/nordnesrepublikken.no\/index.php\/2025\/04\/08\/trump-vil-ha-gronland-men-kan-han-annektere-det-de-mulige-konsekvensene-av-et-mulig-amerikansk-angrep\/","name":"Trump vil ha Gr\u00f8nland, men kan han annektere det? De mulige konsekvensene av et mulig amerikansk angrep - Nordnesrepublikken","isPartOf":{"@id":"https:\/\/nordnesrepublikken.no\/#website"},"primaryImageOfPage":{"@id":"https:\/\/nordnesrepublikken.no\/index.php\/2025\/04\/08\/trump-vil-ha-gronland-men-kan-han-annektere-det-de-mulige-konsekvensene-av-et-mulig-amerikansk-angrep\/#primaryimage"},"image":{"@id":"https:\/\/nordnesrepublikken.no\/index.php\/2025\/04\/08\/trump-vil-ha-gronland-men-kan-han-annektere-det-de-mulige-konsekvensene-av-et-mulig-amerikansk-angrep\/#primaryimage"},"thumbnailUrl":"https:\/\/nordnesrepublikken.no\/wp-content\/uploads\/2025\/04\/1744134582_Trump-vil-ha-Gronland-men-kan-han-annektere-det-De.jpg","datePublished":"2025-04-08T17:49:41+00:00","dateModified":"2025-04-08T17:49:44+00:00","breadcrumb":{"@id":"https:\/\/nordnesrepublikken.no\/index.php\/2025\/04\/08\/trump-vil-ha-gronland-men-kan-han-annektere-det-de-mulige-konsekvensene-av-et-mulig-amerikansk-angrep\/#breadcrumb"},"inLanguage":"nb-NO","potentialAction":[{"@type":"ReadAction","target":["https:\/\/nordnesrepublikken.no\/index.php\/2025\/04\/08\/trump-vil-ha-gronland-men-kan-han-annektere-det-de-mulige-konsekvensene-av-et-mulig-amerikansk-angrep\/"]}]},{"@type":"ImageObject","inLanguage":"nb-NO","@id":"https:\/\/nordnesrepublikken.no\/index.php\/2025\/04\/08\/trump-vil-ha-gronland-men-kan-han-annektere-det-de-mulige-konsekvensene-av-et-mulig-amerikansk-angrep\/#primaryimage","url":"https:\/\/nordnesrepublikken.no\/wp-content\/uploads\/2025\/04\/1744134582_Trump-vil-ha-Gronland-men-kan-han-annektere-det-De.jpg","contentUrl":"https:\/\/nordnesrepublikken.no\/wp-content\/uploads\/2025\/04\/1744134582_Trump-vil-ha-Gronland-men-kan-han-annektere-det-De.jpg","width":2549,"height":1491,"caption":"Immagine"},{"@type":"BreadcrumbList","@id":"https:\/\/nordnesrepublikken.no\/index.php\/2025\/04\/08\/trump-vil-ha-gronland-men-kan-han-annektere-det-de-mulige-konsekvensene-av-et-mulig-amerikansk-angrep\/#breadcrumb","itemListElement":[{"@type":"ListItem","position":1,"name":"Home","item":"https:\/\/nordnesrepublikken.no\/"},{"@type":"ListItem","position":2,"name":"Trump vil ha Gr\u00f8nland, men kan han annektere det? De mulige konsekvensene av et mulig amerikansk angrep"}]},{"@type":"WebSite","@id":"https:\/\/nordnesrepublikken.no\/#website","url":"https:\/\/nordnesrepublikken.no\/","name":"Nordnesrepublikken","description":"Stemmer og Visjoner fra Republikkens Hjerte","publisher":{"@id":"https:\/\/nordnesrepublikken.no\/#organization"},"potentialAction":[{"@type":"SearchAction","target":{"@type":"EntryPoint","urlTemplate":"https:\/\/nordnesrepublikken.no\/?s={search_term_string}"},"query-input":{"@type":"PropertyValueSpecification","valueRequired":true,"valueName":"search_term_string"}}],"inLanguage":"nb-NO"},{"@type":"Organization","@id":"https:\/\/nordnesrepublikken.no\/#organization","name":"Nordnesrepublikken","url":"https:\/\/nordnesrepublikken.no\/","logo":{"@type":"ImageObject","inLanguage":"nb-NO","@id":"https:\/\/nordnesrepublikken.no\/#\/schema\/logo\/image\/","url":"https:\/\/nordnesrepublikken.no\/wp-content\/uploads\/2025\/02\/cropped-nordnesrepublikken-2.png","contentUrl":"https:\/\/nordnesrepublikken.no\/wp-content\/uploads\/2025\/02\/cropped-nordnesrepublikken-2.png","width":1248,"height":362,"caption":"Nordnesrepublikken"},"image":{"@id":"https:\/\/nordnesrepublikken.no\/#\/schema\/logo\/image\/"}},{"@type":"Person","@id":"https:\/\/nordnesrepublikken.no\/#\/schema\/person\/2e7e81935bab77882fffb79296240ff1","name":"Ole Andersen","image":{"@type":"ImageObject","inLanguage":"nb-NO","@id":"https:\/\/nordnesrepublikken.no\/#\/schema\/person\/image\/","url":"https:\/\/nordnesrepublikken.no\/wp-content\/uploads\/2025\/02\/nordnesrepublikken-2-2-150x150.jpg","contentUrl":"https:\/\/nordnesrepublikken.no\/wp-content\/uploads\/2025\/02\/nordnesrepublikken-2-2-150x150.jpg","caption":"Ole Andersen"},"description":"Ettersom jeg vokste opp i Oslo, har jeg alltid v\u00e6rt fascinert av ordenes kraft og deres evne til \u00e5 skape endringer. Etter \u00e5 ha fullf\u00f8rt min utdannelse i kommunikasjon ved Universitetet i Bergen, fikk jeg muligheten til \u00e5 jobbe innen ulike medier, der jeg har s\u00f8kt \u00e5 belyse viktige samfunnssp\u00f8rsm\u00e5l. I dag, som redakt\u00f8r for Nordnesrepublikken, pr\u00f8ver jeg \u00e5 forene min kj\u00e6rlighet for journalistikk med min lidenskap for innovasjon og eventyr.","sameAs":["https:\/\/nordnesrepublikken.no\/"]}]}},"_links":{"self":[{"href":"https:\/\/nordnesrepublikken.no\/index.php\/wp-json\/wp\/v2\/posts\/3088","targetHints":{"allow":["GET"]}}],"collection":[{"href":"https:\/\/nordnesrepublikken.no\/index.php\/wp-json\/wp\/v2\/posts"}],"about":[{"href":"https:\/\/nordnesrepublikken.no\/index.php\/wp-json\/wp\/v2\/types\/post"}],"author":[{"embeddable":true,"href":"https:\/\/nordnesrepublikken.no\/index.php\/wp-json\/wp\/v2\/users\/1"}],"replies":[{"embeddable":true,"href":"https:\/\/nordnesrepublikken.no\/index.php\/wp-json\/wp\/v2\/comments?post=3088"}],"version-history":[{"count":1,"href":"https:\/\/nordnesrepublikken.no\/index.php\/wp-json\/wp\/v2\/posts\/3088\/revisions"}],"predecessor-version":[{"id":3090,"href":"https:\/\/nordnesrepublikken.no\/index.php\/wp-json\/wp\/v2\/posts\/3088\/revisions\/3090"}],"wp:featuredmedia":[{"embeddable":true,"href":"https:\/\/nordnesrepublikken.no\/index.php\/wp-json\/wp\/v2\/media\/3089"}],"wp:attachment":[{"href":"https:\/\/nordnesrepublikken.no\/index.php\/wp-json\/wp\/v2\/media?parent=3088"}],"wp:term":[{"taxonomy":"category","embeddable":true,"href":"https:\/\/nordnesrepublikken.no\/index.php\/wp-json\/wp\/v2\/categories?post=3088"},{"taxonomy":"post_tag","embeddable":true,"href":"https:\/\/nordnesrepublikken.no\/index.php\/wp-json\/wp\/v2\/tags?post=3088"}],"curies":[{"name":"wp","href":"https:\/\/api.w.org\/{rel}","templated":true}]}}