{"id":3079,"date":"2025-04-08T16:49:33","date_gmt":"2025-04-08T14:49:33","guid":{"rendered":"https:\/\/nordnesrepublikken.no\/index.php\/2025\/04\/08\/paskeferiens-flyreiser-streik-italia-og-hellas\/"},"modified":"2025-04-08T16:49:34","modified_gmt":"2025-04-08T14:49:34","slug":"paskeferiens-flyreiser-streik-italia-og-hellas","status":"publish","type":"post","link":"https:\/\/nordnesrepublikken.no\/index.php\/2025\/04\/08\/paskeferiens-flyreiser-streik-italia-og-hellas\/","title":{"rendered":"P\u00e5skeferiens flyreiser streik: Italia og Hellas"},"content":{"rendered":"<p><\/p>\n<div class=\"wordpress-content\">\n                    <!-- Article Start --><\/p>\n<p><strong>Feriegjester blir advart om alvorlig forstyrrelse denne p\u00e5sken som luftfartsarbeidere i Italia og Hellas forbereder seg p\u00e5 \u00e5 streike onsdag 9. april, if\u00f8lge flere rapporter.<\/strong><\/p>\n<h2><strong>Ita<\/strong><strong>ly: EasyJet Cabin Crew Strikes<\/strong><\/h2>\n<p>Som rapportert av <em>GB News<\/em>hyttebesetningen for EasyJet i Italia vil g\u00e5 ut i fire timer mellom 10:30 og 14:30 CET. Streiken, organisert av den italienske Federation of Transport Workers (FILT), den italienske General Confederation of Labour (CGIL), og den italienske transportforeningen (UIL), sammenfaller med p\u00e5skeferien og forventes \u00e5 p\u00e5virke tusenvis av reisende.<\/p>\n<p>I en uttalelse som deles med <em>Det uavhengige<\/em>En talsperson for EasyJet sa: &laquo;EasyJet har blitt formelt informert om en fire timers streik av lufttransportarbeidere inkludert noen italiensk-baserte kabinmannskapsforeninger onsdag 9. april 2025, noe som forventes \u00e5 p\u00e5virke noen flyreiser til og fra Milan og Napoli flyplasser.&raquo; Flyselskapet la til: &laquo;Vi vil forsikre kunder om at vi gj\u00f8r alt mulig for \u00e5 minimere enhver forstyrrelse &#8230; og hvis noen flyreiser p\u00e5virkes, vil vi kontakte kunder direkte med alternativene deres.&raquo;<\/p>\n<div class=\"sra_unit\"><link rel=\"stylesheet\" id=\"block-sra\" href=\"https:\/\/euroweeklynews.com\/wp-content\/plugins\/snack-related-articles\/dist\/css\/snack-related.min.css?250312-193541\" type=\"text\/css\" media=\"all\">\n<\/div>\n<h2><strong>Passasjerer som er ber\u00f8rt kan ha rett til erstatning<\/strong><\/h2>\n<p>Sitert av <em>GB News<\/em>Anton Radchenko, en internasjonal advokat og administrerende direkt\u00f8r i AirAdvisor, forklarte at reisende kan v\u00e6re kvalifisert for erstatning p\u00e5 \u00a3 220 til \u00a3 520 (\u00a3 260 til \u20ac 610) hvis flystabene deres blir forsinket med mer enn tre timer eller kansellert p\u00e5 grunn av \u20ac 610). Radchenko r\u00e5det ber\u00f8rte reisende til \u00e5 &laquo;samle inn skriftlige bevis p\u00e5 forsinkelser eller kanselleringer.&raquo;<\/p>\n<h2><strong>Gresk flytrafikkontroll streik <\/strong><\/h2>\n<p>Samme dag, onsdag 9. april, vil flygeledere i Hellas ogs\u00e5 g\u00e5 i en 24-timers streik, if\u00f8lge <em>Det uavhengige<\/em>. Denne streiken ledes av Adedy, Hellas sin fagforening, og forventes \u00e5 forstyrre de fleste kommersielle flyvninger.<\/p>\n<p>En talsperson for den greske flygeledereforeningen fortalte <em>Det uavhengige<\/em>: &laquo;Dessverre er flytrafikkontroll i Hellas i en d\u00e5rlig situasjon, da vi har bemanningsmangel og utstyrsproblemer som for\u00e5rsaker mange forsinkelser &#8230; og vil for\u00e5rsake mye i \u00e5r ogs\u00e5.&raquo;<\/p>\n<p>Under streiken vil bare medisinske, milit\u00e6re, humanit\u00e6re og beredskapsflyvninger f\u00e5 lov til \u00e5 operere, rapporterer greske nyhetssteder.<\/p>\n<p>Adedy har bedt om gjeninnsetting av feriebonuser, l\u00f8nns\u00f8kninger og handlinger mot boligkrisen. Dette f\u00f8lger en landsomfattende generalstreik i februar, hvor nesten alle flyreiser inn og ut av Hellas ble forankret i protest over jernbanesikkerhetssp\u00f8rsm\u00e5l som stammet fra tog -krasjet i 2023.<\/p>\n<p>Reisende b\u00f8r sjekke direkte med flyselskapet deres for oppdateringer og vurdere \u00e5 ombook om n\u00f8dvendig. Gi oss beskjed om flyvningene dine har blitt ber\u00f8rt, og hvordan f\u00f8ler du om streik i h\u00f8ye reiseperioder?<\/p>\n<p>Se alle reisenyheter.<\/p>\n<p>                    <!-- Article End --><\/p><\/div>\n","protected":false},"excerpt":{"rendered":"<p>Feriegjester blir advart om alvorlig forstyrrelse denne p\u00e5sken som luftfartsarbeidere i Italia og Hellas forbereder<\/p>\n","protected":false},"author":1,"featured_media":3080,"comment_status":"closed","ping_status":"open","sticky":false,"template":"","format":"standard","meta":{"footnotes":""},"categories":[105],"tags":[805,807,437,804,806],"class_list":["post-3079","post","type-post","status-publish","format-standard","has-post-thumbnail","hentry","category-livsstil","tag-flyreiser","tag-hellas","tag-italia","tag-paskeferiens","tag-streik","generate-columns","tablet-grid-50","mobile-grid-100","grid-parent","grid-33","resize-featured-image"],"yoast_head":"<!-- This site is optimized with the Yoast SEO plugin v24.4 - https:\/\/yoast.com\/wordpress\/plugins\/seo\/ -->\n<title>P\u00e5skeferiens flyreiser streik: Italia og Hellas - Nordnesrepublikken<\/title>\n<meta name=\"robots\" content=\"index, follow, max-snippet:-1, max-image-preview:large, max-video-preview:-1\" \/>\n<link rel=\"canonical\" href=\"https:\/\/nordnesrepublikken.no\/index.php\/2025\/04\/08\/paskeferiens-flyreiser-streik-italia-og-hellas\/\" \/>\n<meta property=\"og:locale\" content=\"nb_NO\" \/>\n<meta property=\"og:type\" content=\"article\" \/>\n<meta property=\"og:title\" content=\"P\u00e5skeferiens flyreiser streik: Italia og Hellas - Nordnesrepublikken\" \/>\n<meta property=\"og:description\" content=\"Feriegjester blir advart om alvorlig forstyrrelse denne p\u00e5sken som luftfartsarbeidere i Italia og Hellas forbereder\" \/>\n<meta property=\"og:url\" content=\"https:\/\/nordnesrepublikken.no\/index.php\/2025\/04\/08\/paskeferiens-flyreiser-streik-italia-og-hellas\/\" \/>\n<meta property=\"og:site_name\" content=\"Nordnesrepublikken\" \/>\n<meta property=\"article:published_time\" content=\"2025-04-08T14:49:33+00:00\" \/>\n<meta property=\"article:modified_time\" content=\"2025-04-08T14:49:34+00:00\" \/>\n<meta property=\"og:image\" content=\"https:\/\/nordnesrepublikken.no\/wp-content\/uploads\/2025\/04\/1744123774_Paskeferiens-flyreiser-streik-Italia-og-Hellas.jpg\" \/>\n\t<meta property=\"og:image:width\" content=\"1200\" \/>\n\t<meta property=\"og:image:height\" content=\"798\" \/>\n\t<meta property=\"og:image:type\" content=\"image\/jpeg\" \/>\n<meta name=\"author\" content=\"Ole Andersen\" \/>\n<meta name=\"twitter:card\" content=\"summary_large_image\" \/>\n<meta name=\"twitter:label1\" content=\"Skrevet av\" \/>\n\t<meta name=\"twitter:data1\" content=\"Ole Andersen\" \/>\n\t<meta name=\"twitter:label2\" content=\"Ansl. lesetid\" \/>\n\t<meta name=\"twitter:data2\" content=\"2 minutter\" \/>\n<script type=\"application\/ld+json\" class=\"yoast-schema-graph\">{\"@context\":\"https:\/\/schema.org\",\"@graph\":[{\"@type\":\"Article\",\"@id\":\"https:\/\/nordnesrepublikken.no\/index.php\/2025\/04\/08\/paskeferiens-flyreiser-streik-italia-og-hellas\/#article\",\"isPartOf\":{\"@id\":\"https:\/\/nordnesrepublikken.no\/index.php\/2025\/04\/08\/paskeferiens-flyreiser-streik-italia-og-hellas\/\"},\"author\":{\"name\":\"Ole Andersen\",\"@id\":\"https:\/\/nordnesrepublikken.no\/#\/schema\/person\/2e7e81935bab77882fffb79296240ff1\"},\"headline\":\"P\u00e5skeferiens flyreiser streik: Italia og Hellas\",\"datePublished\":\"2025-04-08T14:49:33+00:00\",\"dateModified\":\"2025-04-08T14:49:34+00:00\",\"mainEntityOfPage\":{\"@id\":\"https:\/\/nordnesrepublikken.no\/index.php\/2025\/04\/08\/paskeferiens-flyreiser-streik-italia-og-hellas\/\"},\"wordCount\":408,\"publisher\":{\"@id\":\"https:\/\/nordnesrepublikken.no\/#organization\"},\"image\":{\"@id\":\"https:\/\/nordnesrepublikken.no\/index.php\/2025\/04\/08\/paskeferiens-flyreiser-streik-italia-og-hellas\/#primaryimage\"},\"thumbnailUrl\":\"https:\/\/nordnesrepublikken.no\/wp-content\/uploads\/2025\/04\/1744123774_Paskeferiens-flyreiser-streik-Italia-og-Hellas.jpg\",\"keywords\":[\"flyreiser\",\"Hellas\",\"Italia\",\"P\u00e5skeferiens\",\"streik\"],\"articleSection\":[\"Livsstil\"],\"inLanguage\":\"nb-NO\"},{\"@type\":\"WebPage\",\"@id\":\"https:\/\/nordnesrepublikken.no\/index.php\/2025\/04\/08\/paskeferiens-flyreiser-streik-italia-og-hellas\/\",\"url\":\"https:\/\/nordnesrepublikken.no\/index.php\/2025\/04\/08\/paskeferiens-flyreiser-streik-italia-og-hellas\/\",\"name\":\"P\u00e5skeferiens flyreiser streik: Italia og Hellas - Nordnesrepublikken\",\"isPartOf\":{\"@id\":\"https:\/\/nordnesrepublikken.no\/#website\"},\"primaryImageOfPage\":{\"@id\":\"https:\/\/nordnesrepublikken.no\/index.php\/2025\/04\/08\/paskeferiens-flyreiser-streik-italia-og-hellas\/#primaryimage\"},\"image\":{\"@id\":\"https:\/\/nordnesrepublikken.no\/index.php\/2025\/04\/08\/paskeferiens-flyreiser-streik-italia-og-hellas\/#primaryimage\"},\"thumbnailUrl\":\"https:\/\/nordnesrepublikken.no\/wp-content\/uploads\/2025\/04\/1744123774_Paskeferiens-flyreiser-streik-Italia-og-Hellas.jpg\",\"datePublished\":\"2025-04-08T14:49:33+00:00\",\"dateModified\":\"2025-04-08T14:49:34+00:00\",\"breadcrumb\":{\"@id\":\"https:\/\/nordnesrepublikken.no\/index.php\/2025\/04\/08\/paskeferiens-flyreiser-streik-italia-og-hellas\/#breadcrumb\"},\"inLanguage\":\"nb-NO\",\"potentialAction\":[{\"@type\":\"ReadAction\",\"target\":[\"https:\/\/nordnesrepublikken.no\/index.php\/2025\/04\/08\/paskeferiens-flyreiser-streik-italia-og-hellas\/\"]}]},{\"@type\":\"ImageObject\",\"inLanguage\":\"nb-NO\",\"@id\":\"https:\/\/nordnesrepublikken.no\/index.php\/2025\/04\/08\/paskeferiens-flyreiser-streik-italia-og-hellas\/#primaryimage\",\"url\":\"https:\/\/nordnesrepublikken.no\/wp-content\/uploads\/2025\/04\/1744123774_Paskeferiens-flyreiser-streik-Italia-og-Hellas.jpg\",\"contentUrl\":\"https:\/\/nordnesrepublikken.no\/wp-content\/uploads\/2025\/04\/1744123774_Paskeferiens-flyreiser-streik-Italia-og-Hellas.jpg\",\"width\":1200,\"height\":798,\"caption\":\"P\u00e5skeferiens flyreiser streik: Italia og Hellas\"},{\"@type\":\"BreadcrumbList\",\"@id\":\"https:\/\/nordnesrepublikken.no\/index.php\/2025\/04\/08\/paskeferiens-flyreiser-streik-italia-og-hellas\/#breadcrumb\",\"itemListElement\":[{\"@type\":\"ListItem\",\"position\":1,\"name\":\"Home\",\"item\":\"https:\/\/nordnesrepublikken.no\/\"},{\"@type\":\"ListItem\",\"position\":2,\"name\":\"P\u00e5skeferiens flyreiser streik: Italia og Hellas\"}]},{\"@type\":\"WebSite\",\"@id\":\"https:\/\/nordnesrepublikken.no\/#website\",\"url\":\"https:\/\/nordnesrepublikken.no\/\",\"name\":\"Nordnesrepublikken\",\"description\":\"Stemmer og Visjoner fra Republikkens Hjerte\",\"publisher\":{\"@id\":\"https:\/\/nordnesrepublikken.no\/#organization\"},\"potentialAction\":[{\"@type\":\"SearchAction\",\"target\":{\"@type\":\"EntryPoint\",\"urlTemplate\":\"https:\/\/nordnesrepublikken.no\/?s={search_term_string}\"},\"query-input\":{\"@type\":\"PropertyValueSpecification\",\"valueRequired\":true,\"valueName\":\"search_term_string\"}}],\"inLanguage\":\"nb-NO\"},{\"@type\":\"Organization\",\"@id\":\"https:\/\/nordnesrepublikken.no\/#organization\",\"name\":\"Nordnesrepublikken\",\"url\":\"https:\/\/nordnesrepublikken.no\/\",\"logo\":{\"@type\":\"ImageObject\",\"inLanguage\":\"nb-NO\",\"@id\":\"https:\/\/nordnesrepublikken.no\/#\/schema\/logo\/image\/\",\"url\":\"https:\/\/nordnesrepublikken.no\/wp-content\/uploads\/2025\/02\/cropped-nordnesrepublikken-2.png\",\"contentUrl\":\"https:\/\/nordnesrepublikken.no\/wp-content\/uploads\/2025\/02\/cropped-nordnesrepublikken-2.png\",\"width\":1248,\"height\":362,\"caption\":\"Nordnesrepublikken\"},\"image\":{\"@id\":\"https:\/\/nordnesrepublikken.no\/#\/schema\/logo\/image\/\"}},{\"@type\":\"Person\",\"@id\":\"https:\/\/nordnesrepublikken.no\/#\/schema\/person\/2e7e81935bab77882fffb79296240ff1\",\"name\":\"Ole Andersen\",\"image\":{\"@type\":\"ImageObject\",\"inLanguage\":\"nb-NO\",\"@id\":\"https:\/\/nordnesrepublikken.no\/#\/schema\/person\/image\/\",\"url\":\"https:\/\/nordnesrepublikken.no\/wp-content\/uploads\/2025\/02\/nordnesrepublikken-2-2-150x150.jpg\",\"contentUrl\":\"https:\/\/nordnesrepublikken.no\/wp-content\/uploads\/2025\/02\/nordnesrepublikken-2-2-150x150.jpg\",\"caption\":\"Ole Andersen\"},\"description\":\"Ettersom jeg vokste opp i Oslo, har jeg alltid v\u00e6rt fascinert av ordenes kraft og deres evne til \u00e5 skape endringer. Etter \u00e5 ha fullf\u00f8rt min utdannelse i kommunikasjon ved Universitetet i Bergen, fikk jeg muligheten til \u00e5 jobbe innen ulike medier, der jeg har s\u00f8kt \u00e5 belyse viktige samfunnssp\u00f8rsm\u00e5l. I dag, som redakt\u00f8r for Nordnesrepublikken, pr\u00f8ver jeg \u00e5 forene min kj\u00e6rlighet for journalistikk med min lidenskap for innovasjon og eventyr.\",\"sameAs\":[\"https:\/\/nordnesrepublikken.no\/\"]}]}<\/script>\n<!-- \/ Yoast SEO plugin. -->","yoast_head_json":{"title":"P\u00e5skeferiens flyreiser streik: Italia og Hellas - Nordnesrepublikken","robots":{"index":"index","follow":"follow","max-snippet":"max-snippet:-1","max-image-preview":"max-image-preview:large","max-video-preview":"max-video-preview:-1"},"canonical":"https:\/\/nordnesrepublikken.no\/index.php\/2025\/04\/08\/paskeferiens-flyreiser-streik-italia-og-hellas\/","og_locale":"nb_NO","og_type":"article","og_title":"P\u00e5skeferiens flyreiser streik: Italia og Hellas - Nordnesrepublikken","og_description":"Feriegjester blir advart om alvorlig forstyrrelse denne p\u00e5sken som luftfartsarbeidere i Italia og Hellas forbereder","og_url":"https:\/\/nordnesrepublikken.no\/index.php\/2025\/04\/08\/paskeferiens-flyreiser-streik-italia-og-hellas\/","og_site_name":"Nordnesrepublikken","article_published_time":"2025-04-08T14:49:33+00:00","article_modified_time":"2025-04-08T14:49:34+00:00","og_image":[{"width":1200,"height":798,"url":"https:\/\/nordnesrepublikken.no\/wp-content\/uploads\/2025\/04\/1744123774_Paskeferiens-flyreiser-streik-Italia-og-Hellas.jpg","type":"image\/jpeg"}],"author":"Ole Andersen","twitter_card":"summary_large_image","twitter_misc":{"Skrevet av":"Ole Andersen","Ansl. lesetid":"2 minutter"},"schema":{"@context":"https:\/\/schema.org","@graph":[{"@type":"Article","@id":"https:\/\/nordnesrepublikken.no\/index.php\/2025\/04\/08\/paskeferiens-flyreiser-streik-italia-og-hellas\/#article","isPartOf":{"@id":"https:\/\/nordnesrepublikken.no\/index.php\/2025\/04\/08\/paskeferiens-flyreiser-streik-italia-og-hellas\/"},"author":{"name":"Ole Andersen","@id":"https:\/\/nordnesrepublikken.no\/#\/schema\/person\/2e7e81935bab77882fffb79296240ff1"},"headline":"P\u00e5skeferiens flyreiser streik: Italia og Hellas","datePublished":"2025-04-08T14:49:33+00:00","dateModified":"2025-04-08T14:49:34+00:00","mainEntityOfPage":{"@id":"https:\/\/nordnesrepublikken.no\/index.php\/2025\/04\/08\/paskeferiens-flyreiser-streik-italia-og-hellas\/"},"wordCount":408,"publisher":{"@id":"https:\/\/nordnesrepublikken.no\/#organization"},"image":{"@id":"https:\/\/nordnesrepublikken.no\/index.php\/2025\/04\/08\/paskeferiens-flyreiser-streik-italia-og-hellas\/#primaryimage"},"thumbnailUrl":"https:\/\/nordnesrepublikken.no\/wp-content\/uploads\/2025\/04\/1744123774_Paskeferiens-flyreiser-streik-Italia-og-Hellas.jpg","keywords":["flyreiser","Hellas","Italia","P\u00e5skeferiens","streik"],"articleSection":["Livsstil"],"inLanguage":"nb-NO"},{"@type":"WebPage","@id":"https:\/\/nordnesrepublikken.no\/index.php\/2025\/04\/08\/paskeferiens-flyreiser-streik-italia-og-hellas\/","url":"https:\/\/nordnesrepublikken.no\/index.php\/2025\/04\/08\/paskeferiens-flyreiser-streik-italia-og-hellas\/","name":"P\u00e5skeferiens flyreiser streik: Italia og Hellas - Nordnesrepublikken","isPartOf":{"@id":"https:\/\/nordnesrepublikken.no\/#website"},"primaryImageOfPage":{"@id":"https:\/\/nordnesrepublikken.no\/index.php\/2025\/04\/08\/paskeferiens-flyreiser-streik-italia-og-hellas\/#primaryimage"},"image":{"@id":"https:\/\/nordnesrepublikken.no\/index.php\/2025\/04\/08\/paskeferiens-flyreiser-streik-italia-og-hellas\/#primaryimage"},"thumbnailUrl":"https:\/\/nordnesrepublikken.no\/wp-content\/uploads\/2025\/04\/1744123774_Paskeferiens-flyreiser-streik-Italia-og-Hellas.jpg","datePublished":"2025-04-08T14:49:33+00:00","dateModified":"2025-04-08T14:49:34+00:00","breadcrumb":{"@id":"https:\/\/nordnesrepublikken.no\/index.php\/2025\/04\/08\/paskeferiens-flyreiser-streik-italia-og-hellas\/#breadcrumb"},"inLanguage":"nb-NO","potentialAction":[{"@type":"ReadAction","target":["https:\/\/nordnesrepublikken.no\/index.php\/2025\/04\/08\/paskeferiens-flyreiser-streik-italia-og-hellas\/"]}]},{"@type":"ImageObject","inLanguage":"nb-NO","@id":"https:\/\/nordnesrepublikken.no\/index.php\/2025\/04\/08\/paskeferiens-flyreiser-streik-italia-og-hellas\/#primaryimage","url":"https:\/\/nordnesrepublikken.no\/wp-content\/uploads\/2025\/04\/1744123774_Paskeferiens-flyreiser-streik-Italia-og-Hellas.jpg","contentUrl":"https:\/\/nordnesrepublikken.no\/wp-content\/uploads\/2025\/04\/1744123774_Paskeferiens-flyreiser-streik-Italia-og-Hellas.jpg","width":1200,"height":798,"caption":"P\u00e5skeferiens flyreiser streik: Italia og Hellas"},{"@type":"BreadcrumbList","@id":"https:\/\/nordnesrepublikken.no\/index.php\/2025\/04\/08\/paskeferiens-flyreiser-streik-italia-og-hellas\/#breadcrumb","itemListElement":[{"@type":"ListItem","position":1,"name":"Home","item":"https:\/\/nordnesrepublikken.no\/"},{"@type":"ListItem","position":2,"name":"P\u00e5skeferiens flyreiser streik: Italia og Hellas"}]},{"@type":"WebSite","@id":"https:\/\/nordnesrepublikken.no\/#website","url":"https:\/\/nordnesrepublikken.no\/","name":"Nordnesrepublikken","description":"Stemmer og Visjoner fra Republikkens Hjerte","publisher":{"@id":"https:\/\/nordnesrepublikken.no\/#organization"},"potentialAction":[{"@type":"SearchAction","target":{"@type":"EntryPoint","urlTemplate":"https:\/\/nordnesrepublikken.no\/?s={search_term_string}"},"query-input":{"@type":"PropertyValueSpecification","valueRequired":true,"valueName":"search_term_string"}}],"inLanguage":"nb-NO"},{"@type":"Organization","@id":"https:\/\/nordnesrepublikken.no\/#organization","name":"Nordnesrepublikken","url":"https:\/\/nordnesrepublikken.no\/","logo":{"@type":"ImageObject","inLanguage":"nb-NO","@id":"https:\/\/nordnesrepublikken.no\/#\/schema\/logo\/image\/","url":"https:\/\/nordnesrepublikken.no\/wp-content\/uploads\/2025\/02\/cropped-nordnesrepublikken-2.png","contentUrl":"https:\/\/nordnesrepublikken.no\/wp-content\/uploads\/2025\/02\/cropped-nordnesrepublikken-2.png","width":1248,"height":362,"caption":"Nordnesrepublikken"},"image":{"@id":"https:\/\/nordnesrepublikken.no\/#\/schema\/logo\/image\/"}},{"@type":"Person","@id":"https:\/\/nordnesrepublikken.no\/#\/schema\/person\/2e7e81935bab77882fffb79296240ff1","name":"Ole Andersen","image":{"@type":"ImageObject","inLanguage":"nb-NO","@id":"https:\/\/nordnesrepublikken.no\/#\/schema\/person\/image\/","url":"https:\/\/nordnesrepublikken.no\/wp-content\/uploads\/2025\/02\/nordnesrepublikken-2-2-150x150.jpg","contentUrl":"https:\/\/nordnesrepublikken.no\/wp-content\/uploads\/2025\/02\/nordnesrepublikken-2-2-150x150.jpg","caption":"Ole Andersen"},"description":"Ettersom jeg vokste opp i Oslo, har jeg alltid v\u00e6rt fascinert av ordenes kraft og deres evne til \u00e5 skape endringer. Etter \u00e5 ha fullf\u00f8rt min utdannelse i kommunikasjon ved Universitetet i Bergen, fikk jeg muligheten til \u00e5 jobbe innen ulike medier, der jeg har s\u00f8kt \u00e5 belyse viktige samfunnssp\u00f8rsm\u00e5l. I dag, som redakt\u00f8r for Nordnesrepublikken, pr\u00f8ver jeg \u00e5 forene min kj\u00e6rlighet for journalistikk med min lidenskap for innovasjon og eventyr.","sameAs":["https:\/\/nordnesrepublikken.no\/"]}]}},"_links":{"self":[{"href":"https:\/\/nordnesrepublikken.no\/index.php\/wp-json\/wp\/v2\/posts\/3079","targetHints":{"allow":["GET"]}}],"collection":[{"href":"https:\/\/nordnesrepublikken.no\/index.php\/wp-json\/wp\/v2\/posts"}],"about":[{"href":"https:\/\/nordnesrepublikken.no\/index.php\/wp-json\/wp\/v2\/types\/post"}],"author":[{"embeddable":true,"href":"https:\/\/nordnesrepublikken.no\/index.php\/wp-json\/wp\/v2\/users\/1"}],"replies":[{"embeddable":true,"href":"https:\/\/nordnesrepublikken.no\/index.php\/wp-json\/wp\/v2\/comments?post=3079"}],"version-history":[{"count":1,"href":"https:\/\/nordnesrepublikken.no\/index.php\/wp-json\/wp\/v2\/posts\/3079\/revisions"}],"predecessor-version":[{"id":3081,"href":"https:\/\/nordnesrepublikken.no\/index.php\/wp-json\/wp\/v2\/posts\/3079\/revisions\/3081"}],"wp:featuredmedia":[{"embeddable":true,"href":"https:\/\/nordnesrepublikken.no\/index.php\/wp-json\/wp\/v2\/media\/3080"}],"wp:attachment":[{"href":"https:\/\/nordnesrepublikken.no\/index.php\/wp-json\/wp\/v2\/media?parent=3079"}],"wp:term":[{"taxonomy":"category","embeddable":true,"href":"https:\/\/nordnesrepublikken.no\/index.php\/wp-json\/wp\/v2\/categories?post=3079"},{"taxonomy":"post_tag","embeddable":true,"href":"https:\/\/nordnesrepublikken.no\/index.php\/wp-json\/wp\/v2\/tags?post=3079"}],"curies":[{"name":"wp","href":"https:\/\/api.w.org\/{rel}","templated":true}]}}