{"id":3072,"date":"2025-04-08T11:49:34","date_gmt":"2025-04-08T09:49:34","guid":{"rendered":"https:\/\/nordnesrepublikken.no\/index.php\/2025\/04\/08\/hva-er-forskjellene-mellom-hvitt-brod-og-fullkornsbrod\/"},"modified":"2025-04-08T11:49:36","modified_gmt":"2025-04-08T09:49:36","slug":"hva-er-forskjellene-mellom-hvitt-brod-og-fullkornsbrod","status":"publish","type":"post","link":"https:\/\/nordnesrepublikken.no\/index.php\/2025\/04\/08\/hva-er-forskjellene-mellom-hvitt-brod-og-fullkornsbrod\/","title":{"rendered":"Hva er forskjellene mellom hvitt br\u00f8d og fullkornsbr\u00f8d?"},"content":{"rendered":"<div>\n<div class=\"cp_wrapper cp_wrapper--fw mb-30 mb-20@tablet\">\n<figure class=\"mm\"><picture class=\"img\" style=\"padding-top:56.25%\"><source  media=\"(min-width: 1024px)\"><source  media=\"(min-width: 768px)\"><\/source><\/source><\/picture><\/figure>\n<\/p><\/div>\n<p>Forskjellene mellom <strong>hvitt br\u00f8d<\/strong> Og <strong>Hele hvete<\/strong> De er avhengige av typen mel som brukes i deigen. I motsetning til raffinert mel (som typen 00), er den fulle ikke siktet, eller den er ikke fjernet <strong>kli<\/strong>den ytterste delen av kornet. Dette er grunnen til at det er m\u00f8rkere! Kort sagt, full mel er <strong>ujevn<\/strong> og derfor har ogs\u00e5 fullt br\u00f8d: F\u00f8lgelig har sistnevnte ogs\u00e5 et bidrag <strong>Ern\u00e6ring<\/strong> Og <strong>protein<\/strong> litt forskjellig fra hvitt br\u00f8d, spesielt for <strong>st\u00f8rre fiberinnhold<\/strong>. Hvitt br\u00f8d inneholder omtrent 3,8 gram fiber hver 100 gram, mens det fullkornsbr\u00f8det bringer omtrent 6,5. I henhold til CREA -retningslinjene (Center for Research in Agriculture og analysen av landbruks\u00f8konomien), b\u00f8r det foretrekkes n\u00e5r det er mulig forbruk av fullkorn, som ogs\u00e5 gir fordeler i <strong>forebygging<\/strong> av noen sykdommer.<\/p>\n<h2>Hvordan f\u00e5 hvitt og fullkornsmel<\/h2>\n<p>Enten det er hvitt eller fullkornsbr\u00f8d, alt starter fra <strong>m\u00f8r hvete<\/strong>The <em>Triticum aestivum<\/em>som krysser flere prosesser.<\/p>\n<div class=\"cp_wrapper cp_wrapper--fw mb-50\">\n<figure class=\"mm\"><picture class=\"img\" style=\"padding-top:56.138684398005%\"><source  media=\"(min-width: 1024px)\"><source  media=\"(min-width: 768px)\"><img decoding=\"async\" loading=\"lazy\" src=\"https:\/\/nordnesrepublikken.no\/wp-content\/uploads\/2025\/04\/1744105774_161_Hva-er-forskjellene-mellom-hvitt-brod-og-fullkornsbrod.jpg\" alt=\"M\u00f8r hvetefelt\" width=\"4211\" height=\"2364\"><\/source><\/source><\/picture><\/figure>\n<\/p><\/div>\n<p>Blant alle disse prosessene er det ogs\u00e5 slipefaser og <b>sil<\/b>hvor noen deler av hvetekornet blir kastet som &laquo;skitten&raquo; melet. Spesielt den delen som kasseres er <b>kli<\/b>den ytterste delen av hvetekno og rikere p\u00e5 proteiner.<\/p>\n<p>P\u00e5 denne m\u00e5ten oppn\u00e5s forskjellige <strong>grader av raffinering<\/strong> av melet: Fra det mest bearbeidet til r\u00e5 vil vi ha en skala av typen <strong>00<\/strong>, <strong>0<\/strong>, <strong>1<\/strong> Og <strong>2<\/strong>. Utover klasse 2 er det fullt mel, der <strong>Sikting faser <\/strong>De kommer <strong>unng\u00e5 <\/strong>fullstendig.<\/p>\n<div class=\"cp_wrapper cp_wrapper--fw mb-50\">\n<figure class=\"mm\"><picture class=\"img\" style=\"padding-top:72.663425175581%\"><source  media=\"(min-width: 1024px)\"><source  media=\"(min-width: 768px)\"><img decoding=\"async\" loading=\"lazy\" src=\"https:\/\/nordnesrepublikken.no\/wp-content\/uploads\/2025\/04\/1744105774_403_Hva-er-forskjellene-mellom-hvitt-brod-og-fullkornsbrod.jpg\" alt=\"Cariosside -struktur\" width=\"3702\" height=\"2690\" class=\"js-seedtag-img\"><\/source><\/source><\/picture><\/figure>\n<\/p><\/div>\n<p>\u00c5 v\u00e6re presis, lov nr. 580 av 4. juli 1967 (og oppdateringer) definerer egenskapene til de m\u00f8re hvetemelene uttrykt som prosentandelen av aske av 100 deler t\u00f8rt stoff. N\u00e5r det gjelder full mel, m\u00e5 prosentandelen av aske forst\u00e5s <strong>Mellom 1,3 og 1,7%. <\/strong>Bruken av denne typen ikke -refererte mel bestemmer ogs\u00e5 ern\u00e6ringsforskjellene mellom hvitt og fullkornsbr\u00f8d.<\/p>\n<h2>Ern\u00e6ringsforskjellene mellom hvitt br\u00f8d og fullkornsbr\u00f8d: Kalorier<\/h2>\n<p>Mer eller mindre siktet mel er preget av et annet kliinnhold, som involverer en <b>Ulike proteininntak<\/b> Og derfor, <b>Ern\u00e6ring<\/b>. Jo mer melet er fullt, jo mer inneholder det kli og derfor proteiner, selv om i virkeligheten p\u00e5 en del av 100 gram br\u00f8d der<strong> Forskjellen er ikke avgrenset<\/strong>. I gjennomsnitt vil vi ha:<\/p>\n<ul>\n<li><strong>268<\/strong> kalorier for hvitt br\u00f8d, hvorav <strong>12%<\/strong> av proteiner;<\/li>\n<li><strong>224<\/strong> Kcal for fullkornsbr\u00f8d, hvorav den <strong>15%<\/strong> av protein<\/li>\n<\/ul>\n<div class=\"cp_wrapper cp_wrapper--fw mb-50\">\n<figure class=\"mm\"><picture class=\"img\" style=\"padding-top:66.686080372743%\"><source  media=\"(min-width: 1024px)\"><source  media=\"(min-width: 768px)\"><img decoding=\"async\" loading=\"lazy\" src=\"https:\/\/nordnesrepublikken.no\/wp-content\/uploads\/2025\/04\/1744105774_462_Hva-er-forskjellene-mellom-hvitt-brod-og-fullkornsbrod.jpg\" alt=\"Crusca mel\" width=\"3434\" height=\"2290\"><\/source><\/source><\/picture><\/figure>\n<\/p><\/div>\n<p>Den fordede kimen til Wholemeal Mel inneholder <strong>vitaminer<\/strong>, <strong>mineraler<\/strong> Og <strong>umettet fett<\/strong>. Disse umettet fettstoffene lager mel <strong>mer forgjengelige<\/strong> Og av denne grunn er det foretrukket \u00e5 produsere hvitt mel, fordi det er bevart bedre og lengre.<\/p>\n<p>Samtidig er dette imidlertid disse vitaminene, proteiner og fettfett som bestemmer noen <b>Ern\u00e6ringsforskjeller<\/b> mellom hvitt og fullkornsbr\u00f8d. En serie med forbindelser som er viktige for helse er assosiert med hele korn: oligosaccaridi, lignani (polyfenoler som hjelper immunforsvar), fytosteroler (nyttig mot d\u00e5rlig kolesterol), fytinsyre (Phosphorus avsetning), Tanniner, lipids og mineraler som sodium, kantisk kant.<\/p>\n<p>Som alltid spesifiserer vi at i sammenheng med et sunt, variert og balansert kosthold, <strong>Det er ikke den enkelte mat<\/strong>som fullkornsbr\u00f8d, <strong>For \u00e5 gj\u00f8re forskjellen<\/strong>men hele ern\u00e6ringen.<\/p>\n<h2>Fordelene med fullkornsbr\u00f8d<\/h2>\n<p>Selv om vi ikke m\u00e5 demonisere hvitt br\u00f8d, ville det i henhold til CREATE -retningslinjene v\u00e6re det <strong>\u00e5 foretrekke<\/strong> Ta flere fullkorn. F\u00f8rst av alt, \u00e5 spise fullkornsbr\u00f8d i stedet for hvitt lar oss ta mer <b>fiber <\/b>Og<b> mineraler<\/b>. Og dette er grunnen til at det vanligvis er assosiert med <strong>Lav -kalori dietter <\/strong>Og vekttap: Den reelle forskjellen mellom hvitt og fullkornsbr\u00f8d er ikke s\u00e5 mye i kalorier, men snarere i mengden fibre som <strong>\u00f8ker matens matierende kraft<\/strong>.<\/p>\n<p>I henhold til retningslinjene for riktig ern\u00e6ring som deles av CREA, er fullkornsbr\u00f8d (og generelt forbruket av alle fullkorn) assosiert med forebygging av noen kroniske degenerative sykdommer som den <b>Diabetes<\/b>eller <b>Kardiovaskul\u00e6re sykdommer<\/b> og noen former for <b>kreft<\/b>.<\/p>\n<p>Risikoen for hjerte- og karsykdommer avtar fordi fullkorn reduserer absorpsjonen av <strong>kolesterol<\/strong> og LDL -niv\u00e5er (det s\u00e5kalte &laquo;d\u00e5rlige kolesterolet&raquo;). Wholemeal korn har ogs\u00e5 <strong>Glykemisk indeks<\/strong> mindre enn hvitt br\u00f8d, noe som gj\u00f8r dem <strong>Utmerkede allierte<\/strong> I math\u00e5ndtering av diabetes type 2. I f\u00f8lge informasjon delt av CREA, bruker du flere fullkorn <strong>kunne v\u00e6re<\/strong> V\u00e6r ogs\u00e5 en beskyttende faktor mot noen typer kreft som tykktarmen eller brystet.<\/p>\n<div class=\"cp_wrapper cp_wrapper--fw mb-50\">\n<figure class=\"mm\"><picture class=\"img\" style=\"padding-top:66.745283018868%\"><source  media=\"(min-width: 1024px)\"><source  media=\"(min-width: 768px)\"><img decoding=\"async\" loading=\"lazy\" src=\"https:\/\/nordnesrepublikken.no\/wp-content\/uploads\/2025\/04\/1744105774_420_Hva-er-forskjellene-mellom-hvitt-brod-og-fullkornsbrod.jpg\" alt=\"Wholemeal Bread Health\" width=\"2120\" height=\"1415\" class=\"js-seedtag-img\"><\/source><\/source><\/picture><\/figure>\n<\/p><\/div>\n<p>I tillegg bidrar full br\u00f8d til \u00e5 forbedre hjerneslagets helse <b>Gastrointestinal: <\/b>Fiber og oligosakkarider som har en prebiotisk effekt<b> <\/b>Det vil si at de fremmer veksten av &laquo;gode bakterier&raquo; og samtidig hjelper tarmperistaltikk (med d\u00e5rlige ord, de kaster seg).<\/p>\n<\/p><\/div>\n","protected":false},"excerpt":{"rendered":"<p>Forskjellene mellom hvitt br\u00f8d Og Hele hvete De er avhengige av typen mel som brukes<\/p>\n","protected":false},"author":1,"featured_media":3073,"comment_status":"closed","ping_status":"open","sticky":false,"template":"","format":"standard","meta":{"footnotes":""},"categories":[24],"tags":[797,795,798,144,796,212],"class_list":["post-3072","post","type-post","status-publish","format-standard","has-post-thumbnail","hentry","category-vitenskap","tag-brod","tag-forskjellene","tag-fullkornsbrod","tag-hva","tag-hvitt","tag-mellom","generate-columns","tablet-grid-50","mobile-grid-100","grid-parent","grid-33","resize-featured-image"],"yoast_head":"<!-- This site is optimized with the Yoast SEO plugin v24.4 - https:\/\/yoast.com\/wordpress\/plugins\/seo\/ -->\n<title>Hva er forskjellene mellom hvitt br\u00f8d og fullkornsbr\u00f8d? - Nordnesrepublikken<\/title>\n<meta name=\"robots\" content=\"index, follow, max-snippet:-1, max-image-preview:large, max-video-preview:-1\" \/>\n<link rel=\"canonical\" href=\"https:\/\/nordnesrepublikken.no\/index.php\/2025\/04\/08\/hva-er-forskjellene-mellom-hvitt-brod-og-fullkornsbrod\/\" \/>\n<meta property=\"og:locale\" content=\"nb_NO\" \/>\n<meta property=\"og:type\" content=\"article\" \/>\n<meta property=\"og:title\" content=\"Hva er forskjellene mellom hvitt br\u00f8d og fullkornsbr\u00f8d? - Nordnesrepublikken\" \/>\n<meta property=\"og:description\" content=\"Forskjellene mellom hvitt br\u00f8d Og Hele hvete De er avhengige av typen mel som brukes\" \/>\n<meta property=\"og:url\" content=\"https:\/\/nordnesrepublikken.no\/index.php\/2025\/04\/08\/hva-er-forskjellene-mellom-hvitt-brod-og-fullkornsbrod\/\" \/>\n<meta property=\"og:site_name\" content=\"Nordnesrepublikken\" \/>\n<meta property=\"article:published_time\" content=\"2025-04-08T09:49:34+00:00\" \/>\n<meta property=\"article:modified_time\" content=\"2025-04-08T09:49:36+00:00\" \/>\n<meta property=\"og:image\" content=\"https:\/\/nordnesrepublikken.no\/wp-content\/uploads\/2025\/04\/1744105774_Hva-er-forskjellene-mellom-hvitt-brod-og-fullkornsbrod.jpg\" \/>\n\t<meta property=\"og:image:width\" content=\"2121\" \/>\n\t<meta property=\"og:image:height\" content=\"1414\" \/>\n\t<meta property=\"og:image:type\" content=\"image\/jpeg\" \/>\n<meta name=\"author\" content=\"Ole Andersen\" \/>\n<meta name=\"twitter:card\" content=\"summary_large_image\" \/>\n<meta name=\"twitter:label1\" content=\"Skrevet av\" \/>\n\t<meta name=\"twitter:data1\" content=\"Ole Andersen\" \/>\n\t<meta name=\"twitter:label2\" content=\"Ansl. lesetid\" \/>\n\t<meta name=\"twitter:data2\" content=\"4 minutter\" \/>\n<script type=\"application\/ld+json\" class=\"yoast-schema-graph\">{\"@context\":\"https:\/\/schema.org\",\"@graph\":[{\"@type\":\"Article\",\"@id\":\"https:\/\/nordnesrepublikken.no\/index.php\/2025\/04\/08\/hva-er-forskjellene-mellom-hvitt-brod-og-fullkornsbrod\/#article\",\"isPartOf\":{\"@id\":\"https:\/\/nordnesrepublikken.no\/index.php\/2025\/04\/08\/hva-er-forskjellene-mellom-hvitt-brod-og-fullkornsbrod\/\"},\"author\":{\"name\":\"Ole Andersen\",\"@id\":\"https:\/\/nordnesrepublikken.no\/#\/schema\/person\/2e7e81935bab77882fffb79296240ff1\"},\"headline\":\"Hva er forskjellene mellom hvitt br\u00f8d og fullkornsbr\u00f8d?\",\"datePublished\":\"2025-04-08T09:49:34+00:00\",\"dateModified\":\"2025-04-08T09:49:36+00:00\",\"mainEntityOfPage\":{\"@id\":\"https:\/\/nordnesrepublikken.no\/index.php\/2025\/04\/08\/hva-er-forskjellene-mellom-hvitt-brod-og-fullkornsbrod\/\"},\"wordCount\":737,\"publisher\":{\"@id\":\"https:\/\/nordnesrepublikken.no\/#organization\"},\"image\":{\"@id\":\"https:\/\/nordnesrepublikken.no\/index.php\/2025\/04\/08\/hva-er-forskjellene-mellom-hvitt-brod-og-fullkornsbrod\/#primaryimage\"},\"thumbnailUrl\":\"https:\/\/nordnesrepublikken.no\/wp-content\/uploads\/2025\/04\/1744105774_Hva-er-forskjellene-mellom-hvitt-brod-og-fullkornsbrod.jpg\",\"keywords\":[\"br\u00f8d\",\"forskjellene\",\"fullkornsbr\u00f8d\",\"Hva\",\"hvitt\",\"mellom\"],\"articleSection\":[\"Vitenskap\"],\"inLanguage\":\"nb-NO\"},{\"@type\":\"WebPage\",\"@id\":\"https:\/\/nordnesrepublikken.no\/index.php\/2025\/04\/08\/hva-er-forskjellene-mellom-hvitt-brod-og-fullkornsbrod\/\",\"url\":\"https:\/\/nordnesrepublikken.no\/index.php\/2025\/04\/08\/hva-er-forskjellene-mellom-hvitt-brod-og-fullkornsbrod\/\",\"name\":\"Hva er forskjellene mellom hvitt br\u00f8d og fullkornsbr\u00f8d? - Nordnesrepublikken\",\"isPartOf\":{\"@id\":\"https:\/\/nordnesrepublikken.no\/#website\"},\"primaryImageOfPage\":{\"@id\":\"https:\/\/nordnesrepublikken.no\/index.php\/2025\/04\/08\/hva-er-forskjellene-mellom-hvitt-brod-og-fullkornsbrod\/#primaryimage\"},\"image\":{\"@id\":\"https:\/\/nordnesrepublikken.no\/index.php\/2025\/04\/08\/hva-er-forskjellene-mellom-hvitt-brod-og-fullkornsbrod\/#primaryimage\"},\"thumbnailUrl\":\"https:\/\/nordnesrepublikken.no\/wp-content\/uploads\/2025\/04\/1744105774_Hva-er-forskjellene-mellom-hvitt-brod-og-fullkornsbrod.jpg\",\"datePublished\":\"2025-04-08T09:49:34+00:00\",\"dateModified\":\"2025-04-08T09:49:36+00:00\",\"breadcrumb\":{\"@id\":\"https:\/\/nordnesrepublikken.no\/index.php\/2025\/04\/08\/hva-er-forskjellene-mellom-hvitt-brod-og-fullkornsbrod\/#breadcrumb\"},\"inLanguage\":\"nb-NO\",\"potentialAction\":[{\"@type\":\"ReadAction\",\"target\":[\"https:\/\/nordnesrepublikken.no\/index.php\/2025\/04\/08\/hva-er-forskjellene-mellom-hvitt-brod-og-fullkornsbrod\/\"]}]},{\"@type\":\"ImageObject\",\"inLanguage\":\"nb-NO\",\"@id\":\"https:\/\/nordnesrepublikken.no\/index.php\/2025\/04\/08\/hva-er-forskjellene-mellom-hvitt-brod-og-fullkornsbrod\/#primaryimage\",\"url\":\"https:\/\/nordnesrepublikken.no\/wp-content\/uploads\/2025\/04\/1744105774_Hva-er-forskjellene-mellom-hvitt-brod-og-fullkornsbrod.jpg\",\"contentUrl\":\"https:\/\/nordnesrepublikken.no\/wp-content\/uploads\/2025\/04\/1744105774_Hva-er-forskjellene-mellom-hvitt-brod-og-fullkornsbrod.jpg\",\"width\":2121,\"height\":1414,\"caption\":\"pane bianco e integrale\"},{\"@type\":\"BreadcrumbList\",\"@id\":\"https:\/\/nordnesrepublikken.no\/index.php\/2025\/04\/08\/hva-er-forskjellene-mellom-hvitt-brod-og-fullkornsbrod\/#breadcrumb\",\"itemListElement\":[{\"@type\":\"ListItem\",\"position\":1,\"name\":\"Home\",\"item\":\"https:\/\/nordnesrepublikken.no\/\"},{\"@type\":\"ListItem\",\"position\":2,\"name\":\"Hva er forskjellene mellom hvitt br\u00f8d og fullkornsbr\u00f8d?\"}]},{\"@type\":\"WebSite\",\"@id\":\"https:\/\/nordnesrepublikken.no\/#website\",\"url\":\"https:\/\/nordnesrepublikken.no\/\",\"name\":\"Nordnesrepublikken\",\"description\":\"Stemmer og Visjoner fra Republikkens Hjerte\",\"publisher\":{\"@id\":\"https:\/\/nordnesrepublikken.no\/#organization\"},\"potentialAction\":[{\"@type\":\"SearchAction\",\"target\":{\"@type\":\"EntryPoint\",\"urlTemplate\":\"https:\/\/nordnesrepublikken.no\/?s={search_term_string}\"},\"query-input\":{\"@type\":\"PropertyValueSpecification\",\"valueRequired\":true,\"valueName\":\"search_term_string\"}}],\"inLanguage\":\"nb-NO\"},{\"@type\":\"Organization\",\"@id\":\"https:\/\/nordnesrepublikken.no\/#organization\",\"name\":\"Nordnesrepublikken\",\"url\":\"https:\/\/nordnesrepublikken.no\/\",\"logo\":{\"@type\":\"ImageObject\",\"inLanguage\":\"nb-NO\",\"@id\":\"https:\/\/nordnesrepublikken.no\/#\/schema\/logo\/image\/\",\"url\":\"https:\/\/nordnesrepublikken.no\/wp-content\/uploads\/2025\/02\/cropped-nordnesrepublikken-2.png\",\"contentUrl\":\"https:\/\/nordnesrepublikken.no\/wp-content\/uploads\/2025\/02\/cropped-nordnesrepublikken-2.png\",\"width\":1248,\"height\":362,\"caption\":\"Nordnesrepublikken\"},\"image\":{\"@id\":\"https:\/\/nordnesrepublikken.no\/#\/schema\/logo\/image\/\"}},{\"@type\":\"Person\",\"@id\":\"https:\/\/nordnesrepublikken.no\/#\/schema\/person\/2e7e81935bab77882fffb79296240ff1\",\"name\":\"Ole Andersen\",\"image\":{\"@type\":\"ImageObject\",\"inLanguage\":\"nb-NO\",\"@id\":\"https:\/\/nordnesrepublikken.no\/#\/schema\/person\/image\/\",\"url\":\"https:\/\/nordnesrepublikken.no\/wp-content\/uploads\/2025\/02\/nordnesrepublikken-2-2-150x150.jpg\",\"contentUrl\":\"https:\/\/nordnesrepublikken.no\/wp-content\/uploads\/2025\/02\/nordnesrepublikken-2-2-150x150.jpg\",\"caption\":\"Ole Andersen\"},\"description\":\"Ettersom jeg vokste opp i Oslo, har jeg alltid v\u00e6rt fascinert av ordenes kraft og deres evne til \u00e5 skape endringer. Etter \u00e5 ha fullf\u00f8rt min utdannelse i kommunikasjon ved Universitetet i Bergen, fikk jeg muligheten til \u00e5 jobbe innen ulike medier, der jeg har s\u00f8kt \u00e5 belyse viktige samfunnssp\u00f8rsm\u00e5l. I dag, som redakt\u00f8r for Nordnesrepublikken, pr\u00f8ver jeg \u00e5 forene min kj\u00e6rlighet for journalistikk med min lidenskap for innovasjon og eventyr.\",\"sameAs\":[\"https:\/\/nordnesrepublikken.no\/\"]}]}<\/script>\n<!-- \/ Yoast SEO plugin. -->","yoast_head_json":{"title":"Hva er forskjellene mellom hvitt br\u00f8d og fullkornsbr\u00f8d? - Nordnesrepublikken","robots":{"index":"index","follow":"follow","max-snippet":"max-snippet:-1","max-image-preview":"max-image-preview:large","max-video-preview":"max-video-preview:-1"},"canonical":"https:\/\/nordnesrepublikken.no\/index.php\/2025\/04\/08\/hva-er-forskjellene-mellom-hvitt-brod-og-fullkornsbrod\/","og_locale":"nb_NO","og_type":"article","og_title":"Hva er forskjellene mellom hvitt br\u00f8d og fullkornsbr\u00f8d? - Nordnesrepublikken","og_description":"Forskjellene mellom hvitt br\u00f8d Og Hele hvete De er avhengige av typen mel som brukes","og_url":"https:\/\/nordnesrepublikken.no\/index.php\/2025\/04\/08\/hva-er-forskjellene-mellom-hvitt-brod-og-fullkornsbrod\/","og_site_name":"Nordnesrepublikken","article_published_time":"2025-04-08T09:49:34+00:00","article_modified_time":"2025-04-08T09:49:36+00:00","og_image":[{"width":2121,"height":1414,"url":"https:\/\/nordnesrepublikken.no\/wp-content\/uploads\/2025\/04\/1744105774_Hva-er-forskjellene-mellom-hvitt-brod-og-fullkornsbrod.jpg","type":"image\/jpeg"}],"author":"Ole Andersen","twitter_card":"summary_large_image","twitter_misc":{"Skrevet av":"Ole Andersen","Ansl. lesetid":"4 minutter"},"schema":{"@context":"https:\/\/schema.org","@graph":[{"@type":"Article","@id":"https:\/\/nordnesrepublikken.no\/index.php\/2025\/04\/08\/hva-er-forskjellene-mellom-hvitt-brod-og-fullkornsbrod\/#article","isPartOf":{"@id":"https:\/\/nordnesrepublikken.no\/index.php\/2025\/04\/08\/hva-er-forskjellene-mellom-hvitt-brod-og-fullkornsbrod\/"},"author":{"name":"Ole Andersen","@id":"https:\/\/nordnesrepublikken.no\/#\/schema\/person\/2e7e81935bab77882fffb79296240ff1"},"headline":"Hva er forskjellene mellom hvitt br\u00f8d og fullkornsbr\u00f8d?","datePublished":"2025-04-08T09:49:34+00:00","dateModified":"2025-04-08T09:49:36+00:00","mainEntityOfPage":{"@id":"https:\/\/nordnesrepublikken.no\/index.php\/2025\/04\/08\/hva-er-forskjellene-mellom-hvitt-brod-og-fullkornsbrod\/"},"wordCount":737,"publisher":{"@id":"https:\/\/nordnesrepublikken.no\/#organization"},"image":{"@id":"https:\/\/nordnesrepublikken.no\/index.php\/2025\/04\/08\/hva-er-forskjellene-mellom-hvitt-brod-og-fullkornsbrod\/#primaryimage"},"thumbnailUrl":"https:\/\/nordnesrepublikken.no\/wp-content\/uploads\/2025\/04\/1744105774_Hva-er-forskjellene-mellom-hvitt-brod-og-fullkornsbrod.jpg","keywords":["br\u00f8d","forskjellene","fullkornsbr\u00f8d","Hva","hvitt","mellom"],"articleSection":["Vitenskap"],"inLanguage":"nb-NO"},{"@type":"WebPage","@id":"https:\/\/nordnesrepublikken.no\/index.php\/2025\/04\/08\/hva-er-forskjellene-mellom-hvitt-brod-og-fullkornsbrod\/","url":"https:\/\/nordnesrepublikken.no\/index.php\/2025\/04\/08\/hva-er-forskjellene-mellom-hvitt-brod-og-fullkornsbrod\/","name":"Hva er forskjellene mellom hvitt br\u00f8d og fullkornsbr\u00f8d? - Nordnesrepublikken","isPartOf":{"@id":"https:\/\/nordnesrepublikken.no\/#website"},"primaryImageOfPage":{"@id":"https:\/\/nordnesrepublikken.no\/index.php\/2025\/04\/08\/hva-er-forskjellene-mellom-hvitt-brod-og-fullkornsbrod\/#primaryimage"},"image":{"@id":"https:\/\/nordnesrepublikken.no\/index.php\/2025\/04\/08\/hva-er-forskjellene-mellom-hvitt-brod-og-fullkornsbrod\/#primaryimage"},"thumbnailUrl":"https:\/\/nordnesrepublikken.no\/wp-content\/uploads\/2025\/04\/1744105774_Hva-er-forskjellene-mellom-hvitt-brod-og-fullkornsbrod.jpg","datePublished":"2025-04-08T09:49:34+00:00","dateModified":"2025-04-08T09:49:36+00:00","breadcrumb":{"@id":"https:\/\/nordnesrepublikken.no\/index.php\/2025\/04\/08\/hva-er-forskjellene-mellom-hvitt-brod-og-fullkornsbrod\/#breadcrumb"},"inLanguage":"nb-NO","potentialAction":[{"@type":"ReadAction","target":["https:\/\/nordnesrepublikken.no\/index.php\/2025\/04\/08\/hva-er-forskjellene-mellom-hvitt-brod-og-fullkornsbrod\/"]}]},{"@type":"ImageObject","inLanguage":"nb-NO","@id":"https:\/\/nordnesrepublikken.no\/index.php\/2025\/04\/08\/hva-er-forskjellene-mellom-hvitt-brod-og-fullkornsbrod\/#primaryimage","url":"https:\/\/nordnesrepublikken.no\/wp-content\/uploads\/2025\/04\/1744105774_Hva-er-forskjellene-mellom-hvitt-brod-og-fullkornsbrod.jpg","contentUrl":"https:\/\/nordnesrepublikken.no\/wp-content\/uploads\/2025\/04\/1744105774_Hva-er-forskjellene-mellom-hvitt-brod-og-fullkornsbrod.jpg","width":2121,"height":1414,"caption":"pane bianco e integrale"},{"@type":"BreadcrumbList","@id":"https:\/\/nordnesrepublikken.no\/index.php\/2025\/04\/08\/hva-er-forskjellene-mellom-hvitt-brod-og-fullkornsbrod\/#breadcrumb","itemListElement":[{"@type":"ListItem","position":1,"name":"Home","item":"https:\/\/nordnesrepublikken.no\/"},{"@type":"ListItem","position":2,"name":"Hva er forskjellene mellom hvitt br\u00f8d og fullkornsbr\u00f8d?"}]},{"@type":"WebSite","@id":"https:\/\/nordnesrepublikken.no\/#website","url":"https:\/\/nordnesrepublikken.no\/","name":"Nordnesrepublikken","description":"Stemmer og Visjoner fra Republikkens Hjerte","publisher":{"@id":"https:\/\/nordnesrepublikken.no\/#organization"},"potentialAction":[{"@type":"SearchAction","target":{"@type":"EntryPoint","urlTemplate":"https:\/\/nordnesrepublikken.no\/?s={search_term_string}"},"query-input":{"@type":"PropertyValueSpecification","valueRequired":true,"valueName":"search_term_string"}}],"inLanguage":"nb-NO"},{"@type":"Organization","@id":"https:\/\/nordnesrepublikken.no\/#organization","name":"Nordnesrepublikken","url":"https:\/\/nordnesrepublikken.no\/","logo":{"@type":"ImageObject","inLanguage":"nb-NO","@id":"https:\/\/nordnesrepublikken.no\/#\/schema\/logo\/image\/","url":"https:\/\/nordnesrepublikken.no\/wp-content\/uploads\/2025\/02\/cropped-nordnesrepublikken-2.png","contentUrl":"https:\/\/nordnesrepublikken.no\/wp-content\/uploads\/2025\/02\/cropped-nordnesrepublikken-2.png","width":1248,"height":362,"caption":"Nordnesrepublikken"},"image":{"@id":"https:\/\/nordnesrepublikken.no\/#\/schema\/logo\/image\/"}},{"@type":"Person","@id":"https:\/\/nordnesrepublikken.no\/#\/schema\/person\/2e7e81935bab77882fffb79296240ff1","name":"Ole Andersen","image":{"@type":"ImageObject","inLanguage":"nb-NO","@id":"https:\/\/nordnesrepublikken.no\/#\/schema\/person\/image\/","url":"https:\/\/nordnesrepublikken.no\/wp-content\/uploads\/2025\/02\/nordnesrepublikken-2-2-150x150.jpg","contentUrl":"https:\/\/nordnesrepublikken.no\/wp-content\/uploads\/2025\/02\/nordnesrepublikken-2-2-150x150.jpg","caption":"Ole Andersen"},"description":"Ettersom jeg vokste opp i Oslo, har jeg alltid v\u00e6rt fascinert av ordenes kraft og deres evne til \u00e5 skape endringer. Etter \u00e5 ha fullf\u00f8rt min utdannelse i kommunikasjon ved Universitetet i Bergen, fikk jeg muligheten til \u00e5 jobbe innen ulike medier, der jeg har s\u00f8kt \u00e5 belyse viktige samfunnssp\u00f8rsm\u00e5l. I dag, som redakt\u00f8r for Nordnesrepublikken, pr\u00f8ver jeg \u00e5 forene min kj\u00e6rlighet for journalistikk med min lidenskap for innovasjon og eventyr.","sameAs":["https:\/\/nordnesrepublikken.no\/"]}]}},"_links":{"self":[{"href":"https:\/\/nordnesrepublikken.no\/index.php\/wp-json\/wp\/v2\/posts\/3072","targetHints":{"allow":["GET"]}}],"collection":[{"href":"https:\/\/nordnesrepublikken.no\/index.php\/wp-json\/wp\/v2\/posts"}],"about":[{"href":"https:\/\/nordnesrepublikken.no\/index.php\/wp-json\/wp\/v2\/types\/post"}],"author":[{"embeddable":true,"href":"https:\/\/nordnesrepublikken.no\/index.php\/wp-json\/wp\/v2\/users\/1"}],"replies":[{"embeddable":true,"href":"https:\/\/nordnesrepublikken.no\/index.php\/wp-json\/wp\/v2\/comments?post=3072"}],"version-history":[{"count":1,"href":"https:\/\/nordnesrepublikken.no\/index.php\/wp-json\/wp\/v2\/posts\/3072\/revisions"}],"predecessor-version":[{"id":3074,"href":"https:\/\/nordnesrepublikken.no\/index.php\/wp-json\/wp\/v2\/posts\/3072\/revisions\/3074"}],"wp:featuredmedia":[{"embeddable":true,"href":"https:\/\/nordnesrepublikken.no\/index.php\/wp-json\/wp\/v2\/media\/3073"}],"wp:attachment":[{"href":"https:\/\/nordnesrepublikken.no\/index.php\/wp-json\/wp\/v2\/media?parent=3072"}],"wp:term":[{"taxonomy":"category","embeddable":true,"href":"https:\/\/nordnesrepublikken.no\/index.php\/wp-json\/wp\/v2\/categories?post=3072"},{"taxonomy":"post_tag","embeddable":true,"href":"https:\/\/nordnesrepublikken.no\/index.php\/wp-json\/wp\/v2\/tags?post=3072"}],"curies":[{"name":"wp","href":"https:\/\/api.w.org\/{rel}","templated":true}]}}