{"id":3069,"date":"2025-04-08T08:49:33","date_gmt":"2025-04-08T06:49:33","guid":{"rendered":"https:\/\/nordnesrepublikken.no\/index.php\/2025\/04\/08\/ma-de-gjore-trump-pliktene-mot-kina\/"},"modified":"2025-04-08T08:49:34","modified_gmt":"2025-04-08T06:49:34","slug":"ma-de-gjore-trump-pliktene-mot-kina","status":"publish","type":"post","link":"https:\/\/nordnesrepublikken.no\/index.php\/2025\/04\/08\/ma-de-gjore-trump-pliktene-mot-kina\/","title":{"rendered":"M\u00e5 de gj\u00f8re Trump -pliktene mot Kina?"},"content":{"rendered":"<div>\n<div class=\"cp_wrapper cp_wrapper--fw mb-30 mb-20@tablet\">\n<figure class=\"mm\"><picture class=\"img\" style=\"padding-top:56.25%\"><source  media=\"(min-width: 1024px)\"><source  media=\"(min-width: 768px)\"><\/source><\/source><\/picture><\/figure>\n<\/p><\/div>\n<p>DE&#8217;<strong>Trump -administrasjonen<\/strong> har bestemt seg for \u00e5 gi videre <strong>75 -dagsutvidelse til bytans<\/strong>det kinesiske selskapet som eies av <strong>Tiktok<\/strong>for \u00e5 fullf\u00f8re salget av hans amerikanske virksomhet. Alternativet? Forbudet mot appen i USA. Denne utsettelsen forskyver fristen i midten av juni, og gir mer tid til \u00e5 finne en amerikansk kj\u00f8per og overvinne de regulatoriske hindringene som truer tilstedev\u00e6relsen av kinesiske sosiale medier p\u00e5 amerikansk jord. Dette er den andre forlengelsen fra bosettingen av Donald Trump til Det hvite hus og ankommer i et \u00f8yeblikk av komplekse forhandlinger, som ikke bare involverer selskaper og investorer, men ogs\u00e5 de delikate kommersielle saldoen mellom Washington og Beijing, p\u00e5 grunn av politikken for <strong>plikter<\/strong> som skaper ikke et lite rot p\u00e5 markedene. Trump forklarte at avtalen &laquo;<em>Krever mer arbeid for \u00e5 sikre signatur av alle n\u00f8dvendige godkjenninger<\/em>\u00bb. Mens Kina er motvillig til \u00e5 godkjenne overf\u00f8ringen som svar p\u00e5 nye kommersielle priser p\u00e5lagt av USAs forskjellige amerikanske industrielle og \u00f8konomiske realiteter &#8211; fra <strong>Amazon<\/strong> til <strong>Microsoft<\/strong>passerer gjennom investeringsmidler fra kaliberet til <strong>Blackstone<\/strong> &#8211; De viste interesse for anskaffelsen. Uten Beijings OK, kan det imidlertid ikke konkluderes noen avtale.<\/p>\n<h2>Fordi salget er ulokket innen 75 dager og loven om &laquo;anti tiktok&raquo;<\/h2>\n<p>For de som mistet noe, la oss gj\u00f8re et kort &laquo;sammendrag av de forrige episodene&raquo;. Sp\u00f8rsm\u00e5let om Tiktoks forbud i USA ang\u00e5r en<strong> Lov godkjent av kongressen i 2024<\/strong>som tvang Bytedance til \u00e5 selge Tiktok innen seks m\u00e5neder av grunner relatert til nasjonal sikkerhet. I f\u00f8lge den tidligere Biden -administrasjonen ville appen representere et potensielt spionasjeverkt\u00f8y av den kinesiske regjeringen. Og faktisk forsvant Tiktok -appen i en kort periode fra USA 19. januar, og returnerte deretter tilgjengelig etter Trump -bosetningen til Det hvite hus. Sistnevnte frosset faktisk implementeringen av loven gjennom en ut\u00f8vende ordre og henviser avgj\u00f8relsen om Tiktoks forbud &laquo;til en dato for \u00e5 bli bestemt&raquo;.<\/p>\n<p>P\u00e5 den geopolitiske fronten er Tiktok -historien sammenvevd med den nye pakken med kommersiell plikt signert av Trump, som brakte<strong>total sats p\u00e5 kinesiske varer til 54%<\/strong>. Som svar, <strong>Kina har p\u00e5lagt 34% mothede<\/strong>F\u00f4ring av spenninger som gjenspeiles direkte p\u00e5 forhandlingene om Tiktok. Ikke overraskende har Beijing gjort det kjent at han ikke vil godkjenne salget uten \u00e5 f\u00f8rst starte en bredere konfrontasjon med tollpolitikk. Presidenten \u00e5pnet ogs\u00e5 for et mulig kompromiss, kan dukke opp nettopp fra en plyndring av prisene, i bytte mot det gr\u00f8nne lys kinesisk til salg av plattformen. Men p\u00e5 dette vil det v\u00e6re n\u00f8dvendig \u00e5 se utviklingen av situasjonen.<\/p>\n<h2>Mulige kj\u00f8pere av Tiktok<\/h2>\n<p>I mellomtiden har forskjellige fag presentert innkj\u00f8p av forslag: blant disse er det store selskaper som som <strong>Amazon<\/strong>, <strong>Blackstone <\/strong>Og <strong>Forvirring AI<\/strong>men ogs\u00e5 private investorer og teknologiske gr\u00fcndere som <strong>Frank McCourt<\/strong>, <strong>Kevin O&#8217;Leary<\/strong> Og<strong> Alexis Ohanian<\/strong> (Reddit medgr\u00fcnder). Noen planer s\u00f8rger for \u00e5 opprette en ny amerikansk enhet for \u00e5 administrere Tiktok i USA, og involverer ogs\u00e5 midler som allerede har plattformsandelene.<\/p>\n<\/p><\/div>\n","protected":false},"excerpt":{"rendered":"<p>DE&#8217;Trump -administrasjonen har bestemt seg for \u00e5 gi videre 75 -dagsutvidelse til bytansdet kinesiske selskapet<\/p>\n","protected":false},"author":1,"featured_media":3070,"comment_status":"closed","ping_status":"open","sticky":false,"template":"","format":"standard","meta":{"footnotes":""},"categories":[25],"tags":[713,365,517,152,794,61],"class_list":["post-3069","post","type-post","status-publish","format-standard","has-post-thumbnail","hentry","category-teknologi","tag-gjore","tag-kina","tag-ma","tag-mot","tag-pliktene","tag-trump","generate-columns","tablet-grid-50","mobile-grid-100","grid-parent","grid-33","resize-featured-image"],"yoast_head":"<!-- This site is optimized with the Yoast SEO plugin v24.4 - https:\/\/yoast.com\/wordpress\/plugins\/seo\/ -->\n<title>M\u00e5 de gj\u00f8re Trump -pliktene mot Kina? - Nordnesrepublikken<\/title>\n<meta name=\"robots\" content=\"index, follow, max-snippet:-1, max-image-preview:large, max-video-preview:-1\" \/>\n<link rel=\"canonical\" href=\"https:\/\/nordnesrepublikken.no\/index.php\/2025\/04\/08\/ma-de-gjore-trump-pliktene-mot-kina\/\" \/>\n<meta property=\"og:locale\" content=\"nb_NO\" \/>\n<meta property=\"og:type\" content=\"article\" \/>\n<meta property=\"og:title\" content=\"M\u00e5 de gj\u00f8re Trump -pliktene mot Kina? - Nordnesrepublikken\" \/>\n<meta property=\"og:description\" content=\"DE&#8217;Trump -administrasjonen har bestemt seg for \u00e5 gi videre 75 -dagsutvidelse til bytansdet kinesiske selskapet\" \/>\n<meta property=\"og:url\" content=\"https:\/\/nordnesrepublikken.no\/index.php\/2025\/04\/08\/ma-de-gjore-trump-pliktene-mot-kina\/\" \/>\n<meta property=\"og:site_name\" content=\"Nordnesrepublikken\" \/>\n<meta property=\"article:published_time\" content=\"2025-04-08T06:49:33+00:00\" \/>\n<meta property=\"article:modified_time\" content=\"2025-04-08T06:49:34+00:00\" \/>\n<meta property=\"og:image\" content=\"https:\/\/nordnesrepublikken.no\/wp-content\/uploads\/2025\/04\/1744094973_Ma-de-gjore-Trump-pliktene-mot-Kina.jpg\" \/>\n\t<meta property=\"og:image:width\" content=\"1200\" \/>\n\t<meta property=\"og:image:height\" content=\"719\" \/>\n\t<meta property=\"og:image:type\" content=\"image\/jpeg\" \/>\n<meta name=\"author\" content=\"Ole Andersen\" \/>\n<meta name=\"twitter:card\" content=\"summary_large_image\" \/>\n<meta name=\"twitter:label1\" content=\"Skrevet av\" \/>\n\t<meta name=\"twitter:data1\" content=\"Ole Andersen\" \/>\n\t<meta name=\"twitter:label2\" content=\"Ansl. lesetid\" \/>\n\t<meta name=\"twitter:data2\" content=\"2 minutter\" \/>\n<script type=\"application\/ld+json\" class=\"yoast-schema-graph\">{\"@context\":\"https:\/\/schema.org\",\"@graph\":[{\"@type\":\"Article\",\"@id\":\"https:\/\/nordnesrepublikken.no\/index.php\/2025\/04\/08\/ma-de-gjore-trump-pliktene-mot-kina\/#article\",\"isPartOf\":{\"@id\":\"https:\/\/nordnesrepublikken.no\/index.php\/2025\/04\/08\/ma-de-gjore-trump-pliktene-mot-kina\/\"},\"author\":{\"name\":\"Ole Andersen\",\"@id\":\"https:\/\/nordnesrepublikken.no\/#\/schema\/person\/2e7e81935bab77882fffb79296240ff1\"},\"headline\":\"M\u00e5 de gj\u00f8re Trump -pliktene mot Kina?\",\"datePublished\":\"2025-04-08T06:49:33+00:00\",\"dateModified\":\"2025-04-08T06:49:34+00:00\",\"mainEntityOfPage\":{\"@id\":\"https:\/\/nordnesrepublikken.no\/index.php\/2025\/04\/08\/ma-de-gjore-trump-pliktene-mot-kina\/\"},\"wordCount\":491,\"publisher\":{\"@id\":\"https:\/\/nordnesrepublikken.no\/#organization\"},\"image\":{\"@id\":\"https:\/\/nordnesrepublikken.no\/index.php\/2025\/04\/08\/ma-de-gjore-trump-pliktene-mot-kina\/#primaryimage\"},\"thumbnailUrl\":\"https:\/\/nordnesrepublikken.no\/wp-content\/uploads\/2025\/04\/1744094973_Ma-de-gjore-Trump-pliktene-mot-Kina.jpg\",\"keywords\":[\"gj\u00f8re\",\"Kina\",\"m\u00e5\",\"mot\",\"pliktene\",\"Trump\"],\"articleSection\":[\"Teknologi\"],\"inLanguage\":\"nb-NO\"},{\"@type\":\"WebPage\",\"@id\":\"https:\/\/nordnesrepublikken.no\/index.php\/2025\/04\/08\/ma-de-gjore-trump-pliktene-mot-kina\/\",\"url\":\"https:\/\/nordnesrepublikken.no\/index.php\/2025\/04\/08\/ma-de-gjore-trump-pliktene-mot-kina\/\",\"name\":\"M\u00e5 de gj\u00f8re Trump -pliktene mot Kina? - Nordnesrepublikken\",\"isPartOf\":{\"@id\":\"https:\/\/nordnesrepublikken.no\/#website\"},\"primaryImageOfPage\":{\"@id\":\"https:\/\/nordnesrepublikken.no\/index.php\/2025\/04\/08\/ma-de-gjore-trump-pliktene-mot-kina\/#primaryimage\"},\"image\":{\"@id\":\"https:\/\/nordnesrepublikken.no\/index.php\/2025\/04\/08\/ma-de-gjore-trump-pliktene-mot-kina\/#primaryimage\"},\"thumbnailUrl\":\"https:\/\/nordnesrepublikken.no\/wp-content\/uploads\/2025\/04\/1744094973_Ma-de-gjore-Trump-pliktene-mot-Kina.jpg\",\"datePublished\":\"2025-04-08T06:49:33+00:00\",\"dateModified\":\"2025-04-08T06:49:34+00:00\",\"breadcrumb\":{\"@id\":\"https:\/\/nordnesrepublikken.no\/index.php\/2025\/04\/08\/ma-de-gjore-trump-pliktene-mot-kina\/#breadcrumb\"},\"inLanguage\":\"nb-NO\",\"potentialAction\":[{\"@type\":\"ReadAction\",\"target\":[\"https:\/\/nordnesrepublikken.no\/index.php\/2025\/04\/08\/ma-de-gjore-trump-pliktene-mot-kina\/\"]}]},{\"@type\":\"ImageObject\",\"inLanguage\":\"nb-NO\",\"@id\":\"https:\/\/nordnesrepublikken.no\/index.php\/2025\/04\/08\/ma-de-gjore-trump-pliktene-mot-kina\/#primaryimage\",\"url\":\"https:\/\/nordnesrepublikken.no\/wp-content\/uploads\/2025\/04\/1744094973_Ma-de-gjore-Trump-pliktene-mot-Kina.jpg\",\"contentUrl\":\"https:\/\/nordnesrepublikken.no\/wp-content\/uploads\/2025\/04\/1744094973_Ma-de-gjore-Trump-pliktene-mot-Kina.jpg\",\"width\":1200,\"height\":719,\"caption\":\"Immagine\"},{\"@type\":\"BreadcrumbList\",\"@id\":\"https:\/\/nordnesrepublikken.no\/index.php\/2025\/04\/08\/ma-de-gjore-trump-pliktene-mot-kina\/#breadcrumb\",\"itemListElement\":[{\"@type\":\"ListItem\",\"position\":1,\"name\":\"Home\",\"item\":\"https:\/\/nordnesrepublikken.no\/\"},{\"@type\":\"ListItem\",\"position\":2,\"name\":\"M\u00e5 de gj\u00f8re Trump -pliktene mot Kina?\"}]},{\"@type\":\"WebSite\",\"@id\":\"https:\/\/nordnesrepublikken.no\/#website\",\"url\":\"https:\/\/nordnesrepublikken.no\/\",\"name\":\"Nordnesrepublikken\",\"description\":\"Stemmer og Visjoner fra Republikkens Hjerte\",\"publisher\":{\"@id\":\"https:\/\/nordnesrepublikken.no\/#organization\"},\"potentialAction\":[{\"@type\":\"SearchAction\",\"target\":{\"@type\":\"EntryPoint\",\"urlTemplate\":\"https:\/\/nordnesrepublikken.no\/?s={search_term_string}\"},\"query-input\":{\"@type\":\"PropertyValueSpecification\",\"valueRequired\":true,\"valueName\":\"search_term_string\"}}],\"inLanguage\":\"nb-NO\"},{\"@type\":\"Organization\",\"@id\":\"https:\/\/nordnesrepublikken.no\/#organization\",\"name\":\"Nordnesrepublikken\",\"url\":\"https:\/\/nordnesrepublikken.no\/\",\"logo\":{\"@type\":\"ImageObject\",\"inLanguage\":\"nb-NO\",\"@id\":\"https:\/\/nordnesrepublikken.no\/#\/schema\/logo\/image\/\",\"url\":\"https:\/\/nordnesrepublikken.no\/wp-content\/uploads\/2025\/02\/cropped-nordnesrepublikken-2.png\",\"contentUrl\":\"https:\/\/nordnesrepublikken.no\/wp-content\/uploads\/2025\/02\/cropped-nordnesrepublikken-2.png\",\"width\":1248,\"height\":362,\"caption\":\"Nordnesrepublikken\"},\"image\":{\"@id\":\"https:\/\/nordnesrepublikken.no\/#\/schema\/logo\/image\/\"}},{\"@type\":\"Person\",\"@id\":\"https:\/\/nordnesrepublikken.no\/#\/schema\/person\/2e7e81935bab77882fffb79296240ff1\",\"name\":\"Ole Andersen\",\"image\":{\"@type\":\"ImageObject\",\"inLanguage\":\"nb-NO\",\"@id\":\"https:\/\/nordnesrepublikken.no\/#\/schema\/person\/image\/\",\"url\":\"https:\/\/nordnesrepublikken.no\/wp-content\/uploads\/2025\/02\/nordnesrepublikken-2-2-150x150.jpg\",\"contentUrl\":\"https:\/\/nordnesrepublikken.no\/wp-content\/uploads\/2025\/02\/nordnesrepublikken-2-2-150x150.jpg\",\"caption\":\"Ole Andersen\"},\"description\":\"Ettersom jeg vokste opp i Oslo, har jeg alltid v\u00e6rt fascinert av ordenes kraft og deres evne til \u00e5 skape endringer. Etter \u00e5 ha fullf\u00f8rt min utdannelse i kommunikasjon ved Universitetet i Bergen, fikk jeg muligheten til \u00e5 jobbe innen ulike medier, der jeg har s\u00f8kt \u00e5 belyse viktige samfunnssp\u00f8rsm\u00e5l. I dag, som redakt\u00f8r for Nordnesrepublikken, pr\u00f8ver jeg \u00e5 forene min kj\u00e6rlighet for journalistikk med min lidenskap for innovasjon og eventyr.\",\"sameAs\":[\"https:\/\/nordnesrepublikken.no\/\"]}]}<\/script>\n<!-- \/ Yoast SEO plugin. -->","yoast_head_json":{"title":"M\u00e5 de gj\u00f8re Trump -pliktene mot Kina? - Nordnesrepublikken","robots":{"index":"index","follow":"follow","max-snippet":"max-snippet:-1","max-image-preview":"max-image-preview:large","max-video-preview":"max-video-preview:-1"},"canonical":"https:\/\/nordnesrepublikken.no\/index.php\/2025\/04\/08\/ma-de-gjore-trump-pliktene-mot-kina\/","og_locale":"nb_NO","og_type":"article","og_title":"M\u00e5 de gj\u00f8re Trump -pliktene mot Kina? - Nordnesrepublikken","og_description":"DE&#8217;Trump -administrasjonen har bestemt seg for \u00e5 gi videre 75 -dagsutvidelse til bytansdet kinesiske selskapet","og_url":"https:\/\/nordnesrepublikken.no\/index.php\/2025\/04\/08\/ma-de-gjore-trump-pliktene-mot-kina\/","og_site_name":"Nordnesrepublikken","article_published_time":"2025-04-08T06:49:33+00:00","article_modified_time":"2025-04-08T06:49:34+00:00","og_image":[{"width":1200,"height":719,"url":"https:\/\/nordnesrepublikken.no\/wp-content\/uploads\/2025\/04\/1744094973_Ma-de-gjore-Trump-pliktene-mot-Kina.jpg","type":"image\/jpeg"}],"author":"Ole Andersen","twitter_card":"summary_large_image","twitter_misc":{"Skrevet av":"Ole Andersen","Ansl. lesetid":"2 minutter"},"schema":{"@context":"https:\/\/schema.org","@graph":[{"@type":"Article","@id":"https:\/\/nordnesrepublikken.no\/index.php\/2025\/04\/08\/ma-de-gjore-trump-pliktene-mot-kina\/#article","isPartOf":{"@id":"https:\/\/nordnesrepublikken.no\/index.php\/2025\/04\/08\/ma-de-gjore-trump-pliktene-mot-kina\/"},"author":{"name":"Ole Andersen","@id":"https:\/\/nordnesrepublikken.no\/#\/schema\/person\/2e7e81935bab77882fffb79296240ff1"},"headline":"M\u00e5 de gj\u00f8re Trump -pliktene mot Kina?","datePublished":"2025-04-08T06:49:33+00:00","dateModified":"2025-04-08T06:49:34+00:00","mainEntityOfPage":{"@id":"https:\/\/nordnesrepublikken.no\/index.php\/2025\/04\/08\/ma-de-gjore-trump-pliktene-mot-kina\/"},"wordCount":491,"publisher":{"@id":"https:\/\/nordnesrepublikken.no\/#organization"},"image":{"@id":"https:\/\/nordnesrepublikken.no\/index.php\/2025\/04\/08\/ma-de-gjore-trump-pliktene-mot-kina\/#primaryimage"},"thumbnailUrl":"https:\/\/nordnesrepublikken.no\/wp-content\/uploads\/2025\/04\/1744094973_Ma-de-gjore-Trump-pliktene-mot-Kina.jpg","keywords":["gj\u00f8re","Kina","m\u00e5","mot","pliktene","Trump"],"articleSection":["Teknologi"],"inLanguage":"nb-NO"},{"@type":"WebPage","@id":"https:\/\/nordnesrepublikken.no\/index.php\/2025\/04\/08\/ma-de-gjore-trump-pliktene-mot-kina\/","url":"https:\/\/nordnesrepublikken.no\/index.php\/2025\/04\/08\/ma-de-gjore-trump-pliktene-mot-kina\/","name":"M\u00e5 de gj\u00f8re Trump -pliktene mot Kina? - Nordnesrepublikken","isPartOf":{"@id":"https:\/\/nordnesrepublikken.no\/#website"},"primaryImageOfPage":{"@id":"https:\/\/nordnesrepublikken.no\/index.php\/2025\/04\/08\/ma-de-gjore-trump-pliktene-mot-kina\/#primaryimage"},"image":{"@id":"https:\/\/nordnesrepublikken.no\/index.php\/2025\/04\/08\/ma-de-gjore-trump-pliktene-mot-kina\/#primaryimage"},"thumbnailUrl":"https:\/\/nordnesrepublikken.no\/wp-content\/uploads\/2025\/04\/1744094973_Ma-de-gjore-Trump-pliktene-mot-Kina.jpg","datePublished":"2025-04-08T06:49:33+00:00","dateModified":"2025-04-08T06:49:34+00:00","breadcrumb":{"@id":"https:\/\/nordnesrepublikken.no\/index.php\/2025\/04\/08\/ma-de-gjore-trump-pliktene-mot-kina\/#breadcrumb"},"inLanguage":"nb-NO","potentialAction":[{"@type":"ReadAction","target":["https:\/\/nordnesrepublikken.no\/index.php\/2025\/04\/08\/ma-de-gjore-trump-pliktene-mot-kina\/"]}]},{"@type":"ImageObject","inLanguage":"nb-NO","@id":"https:\/\/nordnesrepublikken.no\/index.php\/2025\/04\/08\/ma-de-gjore-trump-pliktene-mot-kina\/#primaryimage","url":"https:\/\/nordnesrepublikken.no\/wp-content\/uploads\/2025\/04\/1744094973_Ma-de-gjore-Trump-pliktene-mot-Kina.jpg","contentUrl":"https:\/\/nordnesrepublikken.no\/wp-content\/uploads\/2025\/04\/1744094973_Ma-de-gjore-Trump-pliktene-mot-Kina.jpg","width":1200,"height":719,"caption":"Immagine"},{"@type":"BreadcrumbList","@id":"https:\/\/nordnesrepublikken.no\/index.php\/2025\/04\/08\/ma-de-gjore-trump-pliktene-mot-kina\/#breadcrumb","itemListElement":[{"@type":"ListItem","position":1,"name":"Home","item":"https:\/\/nordnesrepublikken.no\/"},{"@type":"ListItem","position":2,"name":"M\u00e5 de gj\u00f8re Trump -pliktene mot Kina?"}]},{"@type":"WebSite","@id":"https:\/\/nordnesrepublikken.no\/#website","url":"https:\/\/nordnesrepublikken.no\/","name":"Nordnesrepublikken","description":"Stemmer og Visjoner fra Republikkens Hjerte","publisher":{"@id":"https:\/\/nordnesrepublikken.no\/#organization"},"potentialAction":[{"@type":"SearchAction","target":{"@type":"EntryPoint","urlTemplate":"https:\/\/nordnesrepublikken.no\/?s={search_term_string}"},"query-input":{"@type":"PropertyValueSpecification","valueRequired":true,"valueName":"search_term_string"}}],"inLanguage":"nb-NO"},{"@type":"Organization","@id":"https:\/\/nordnesrepublikken.no\/#organization","name":"Nordnesrepublikken","url":"https:\/\/nordnesrepublikken.no\/","logo":{"@type":"ImageObject","inLanguage":"nb-NO","@id":"https:\/\/nordnesrepublikken.no\/#\/schema\/logo\/image\/","url":"https:\/\/nordnesrepublikken.no\/wp-content\/uploads\/2025\/02\/cropped-nordnesrepublikken-2.png","contentUrl":"https:\/\/nordnesrepublikken.no\/wp-content\/uploads\/2025\/02\/cropped-nordnesrepublikken-2.png","width":1248,"height":362,"caption":"Nordnesrepublikken"},"image":{"@id":"https:\/\/nordnesrepublikken.no\/#\/schema\/logo\/image\/"}},{"@type":"Person","@id":"https:\/\/nordnesrepublikken.no\/#\/schema\/person\/2e7e81935bab77882fffb79296240ff1","name":"Ole Andersen","image":{"@type":"ImageObject","inLanguage":"nb-NO","@id":"https:\/\/nordnesrepublikken.no\/#\/schema\/person\/image\/","url":"https:\/\/nordnesrepublikken.no\/wp-content\/uploads\/2025\/02\/nordnesrepublikken-2-2-150x150.jpg","contentUrl":"https:\/\/nordnesrepublikken.no\/wp-content\/uploads\/2025\/02\/nordnesrepublikken-2-2-150x150.jpg","caption":"Ole Andersen"},"description":"Ettersom jeg vokste opp i Oslo, har jeg alltid v\u00e6rt fascinert av ordenes kraft og deres evne til \u00e5 skape endringer. Etter \u00e5 ha fullf\u00f8rt min utdannelse i kommunikasjon ved Universitetet i Bergen, fikk jeg muligheten til \u00e5 jobbe innen ulike medier, der jeg har s\u00f8kt \u00e5 belyse viktige samfunnssp\u00f8rsm\u00e5l. I dag, som redakt\u00f8r for Nordnesrepublikken, pr\u00f8ver jeg \u00e5 forene min kj\u00e6rlighet for journalistikk med min lidenskap for innovasjon og eventyr.","sameAs":["https:\/\/nordnesrepublikken.no\/"]}]}},"_links":{"self":[{"href":"https:\/\/nordnesrepublikken.no\/index.php\/wp-json\/wp\/v2\/posts\/3069","targetHints":{"allow":["GET"]}}],"collection":[{"href":"https:\/\/nordnesrepublikken.no\/index.php\/wp-json\/wp\/v2\/posts"}],"about":[{"href":"https:\/\/nordnesrepublikken.no\/index.php\/wp-json\/wp\/v2\/types\/post"}],"author":[{"embeddable":true,"href":"https:\/\/nordnesrepublikken.no\/index.php\/wp-json\/wp\/v2\/users\/1"}],"replies":[{"embeddable":true,"href":"https:\/\/nordnesrepublikken.no\/index.php\/wp-json\/wp\/v2\/comments?post=3069"}],"version-history":[{"count":1,"href":"https:\/\/nordnesrepublikken.no\/index.php\/wp-json\/wp\/v2\/posts\/3069\/revisions"}],"predecessor-version":[{"id":3071,"href":"https:\/\/nordnesrepublikken.no\/index.php\/wp-json\/wp\/v2\/posts\/3069\/revisions\/3071"}],"wp:featuredmedia":[{"embeddable":true,"href":"https:\/\/nordnesrepublikken.no\/index.php\/wp-json\/wp\/v2\/media\/3070"}],"wp:attachment":[{"href":"https:\/\/nordnesrepublikken.no\/index.php\/wp-json\/wp\/v2\/media?parent=3069"}],"wp:term":[{"taxonomy":"category","embeddable":true,"href":"https:\/\/nordnesrepublikken.no\/index.php\/wp-json\/wp\/v2\/categories?post=3069"},{"taxonomy":"post_tag","embeddable":true,"href":"https:\/\/nordnesrepublikken.no\/index.php\/wp-json\/wp\/v2\/tags?post=3069"}],"curies":[{"name":"wp","href":"https:\/\/api.w.org\/{rel}","templated":true}]}}