{"id":3066,"date":"2025-04-08T07:49:38","date_gmt":"2025-04-08T05:49:38","guid":{"rendered":"https:\/\/nordnesrepublikken.no\/index.php\/2025\/04\/08\/verdens-helsedag-2025-a-gi-modre-og-babyer-en-bedre-start-i-livet\/"},"modified":"2025-04-08T07:49:39","modified_gmt":"2025-04-08T05:49:39","slug":"verdens-helsedag-2025-a-gi-modre-og-babyer-en-bedre-start-i-livet","status":"publish","type":"post","link":"https:\/\/nordnesrepublikken.no\/index.php\/2025\/04\/08\/verdens-helsedag-2025-a-gi-modre-og-babyer-en-bedre-start-i-livet\/","title":{"rendered":"Verdens helsedag 2025: \u00c5 gi m\u00f8dre og babyer en bedre start i livet"},"content":{"rendered":"<p><\/p>\n<div class=\"wordpress-content\">\n                    <!-- Article Start --><\/p>\n<p><strong>Global Spotlight i \u00e5r er p\u00e5 mors og nyf\u00f8dt helse &#8211; og med god grunn<\/strong><\/p>\n<p>Hvert \u00e5r 7. april tar verden pauser for \u00e5 markere World Health Day, en dato som feirer grunnleggelsen av Verdens helseorganisasjon (WHO) og setter s\u00f8kelyset p\u00e5 ett sentralt sp\u00f8rsm\u00e5l. Og \u00e5rets fokus kunne ikke v\u00e6re mer viktig &#8211; temaet for 2025 er &laquo;sunn begynnelse, h\u00e5pefulle fremtider&raquo;, og lyser et lys over helsen til m\u00f8dre og nyf\u00f8dte.<\/p>\n<h2>Hvorfor mors og nyf\u00f8dte helsemessige saker mer enn noen gang i 2025<\/h2>\n<p>Det er en betimelig p\u00e5minnelse om hvor skj\u00f8re de f\u00f8rste dagene &#8211; og livene som begynner i dem &#8211; virkelig er. I f\u00f8lge WHO d\u00f8r n\u00e6rmere 300 000 kvinner hvert \u00e5r p\u00e5 grunn av komplikasjoner under graviditet eller f\u00f8dsel. Det er nesten 800 m\u00f8dre om dagen. Og for babyer er bildet enda mer hjerteskj\u00e6rende &#8211; over 2 millioner d\u00f8r i l\u00f8pet av den f\u00f8rste m\u00e5neden av livet, mens ytterligere 2 millioner er d\u00f8df\u00f8dte.<\/p>\n<div class=\"sra_unit\"><link rel=\"stylesheet\" id=\"block-sra\" href=\"https:\/\/euroweeklynews.com\/wp-content\/plugins\/snack-related-articles\/dist\/css\/snack-related.min.css?250312-193541\" type=\"text\/css\" media=\"all\">\n<\/div>\n<p>Det betyr at et sted i verden skjer en forebyggbar d\u00f8d omtrent hvert 7. sekund.<\/p>\n<h2>Verdens helsedag 2025 fokuserer p\u00e5 omsorg fra graviditet til postnatal st\u00f8tte<\/h2>\n<p>2025 -kampanjen handler ikke bare om \u00e5 \u00f8ke bevisstheten. Det handler om \u00e5 presse regjeringer og helsesystemer til \u00e5 handle-for \u00e5 sikre at graviditet og f\u00f8dsel ikke er livstruende opplevelser, og at kvinner f\u00e5r den st\u00f8tten de trenger lenge etter f\u00f8dselen.<\/p>\n<p>Det betyr tilgang til dyktig omsorg, riktige fasiliteter, utdanning om ern\u00e6ring, unng\u00e5 skadelige stoffer og &#8211; viktigst &#8211; mental helsest\u00f8tte. Fordi morsrollen ikke starter og stopper i leveringsrommet.<\/p>\n<p>Og la oss ikke glemme den lange utsikten. N\u00e5r kvinner st\u00f8ttes gjennom graviditet og utover, trives barn, familier gj\u00f8r det bedre, og lokalsamfunnene blir mer spenstige. Det hele er koblet sammen.<\/p>\n<h2>Gj\u00f8r verden nok for \u00e5 beskytte m\u00f8dre og nyf\u00f8dte?<\/h2>\n<p>Kort sagt, nei. WHO sier at de fleste land faller etter n\u00e5r det gjelder \u00e5 redusere d\u00f8dsfallene i mors og nyf\u00f8dte. M\u00e5l som er satt for 2030, glir utenfor rekkevidde for fire av fem nasjoner, og en tredje forventes \u00e5 g\u00e5 glipp av sine m\u00e5l for nyf\u00f8dt overlevelse.<\/p>\n<p>Det er grunnen til at World Health Day 2025 etterlyser presserende endring &#8211; fra mer investering i helsevesen, til mer rettferdig tilgang for alle kvinner, uavhengig av inntekt eller geografi.<\/p>\n<p>For bak hver statistikk er en ekte person &#8211; en mor, en baby, en familie &#8211; og en fremtid som avhenger av dem.<\/p>\n<p>                    <!-- Article End --><\/p><\/div>\n","protected":false},"excerpt":{"rendered":"<p>Global Spotlight i \u00e5r er p\u00e5 mors og nyf\u00f8dt helse &#8211; og med god grunn<\/p>\n","protected":false},"author":1,"featured_media":3067,"comment_status":"closed","ping_status":"open","sticky":false,"template":"","format":"standard","meta":{"footnotes":""},"categories":[105],"tags":[790,791,788,793,789,792,341],"class_list":["post-3066","post","type-post","status-publish","format-standard","has-post-thumbnail","hentry","category-livsstil","tag-babyer","tag-bedre","tag-helsedag","tag-livet","tag-modre","tag-start","tag-verdens","generate-columns","tablet-grid-50","mobile-grid-100","grid-parent","grid-33","resize-featured-image"],"yoast_head":"<!-- This site is optimized with the Yoast SEO plugin v24.4 - https:\/\/yoast.com\/wordpress\/plugins\/seo\/ -->\n<title>Verdens helsedag 2025: \u00c5 gi m\u00f8dre og babyer en bedre start i livet - Nordnesrepublikken<\/title>\n<meta name=\"robots\" content=\"index, follow, max-snippet:-1, max-image-preview:large, max-video-preview:-1\" \/>\n<link rel=\"canonical\" href=\"https:\/\/nordnesrepublikken.no\/index.php\/2025\/04\/08\/verdens-helsedag-2025-a-gi-modre-og-babyer-en-bedre-start-i-livet\/\" \/>\n<meta property=\"og:locale\" content=\"nb_NO\" \/>\n<meta property=\"og:type\" content=\"article\" \/>\n<meta property=\"og:title\" content=\"Verdens helsedag 2025: \u00c5 gi m\u00f8dre og babyer en bedre start i livet - Nordnesrepublikken\" \/>\n<meta property=\"og:description\" content=\"Global Spotlight i \u00e5r er p\u00e5 mors og nyf\u00f8dt helse &#8211; og med god grunn\" \/>\n<meta property=\"og:url\" content=\"https:\/\/nordnesrepublikken.no\/index.php\/2025\/04\/08\/verdens-helsedag-2025-a-gi-modre-og-babyer-en-bedre-start-i-livet\/\" \/>\n<meta property=\"og:site_name\" content=\"Nordnesrepublikken\" \/>\n<meta property=\"article:published_time\" content=\"2025-04-08T05:49:38+00:00\" \/>\n<meta property=\"article:modified_time\" content=\"2025-04-08T05:49:39+00:00\" \/>\n<meta property=\"og:image\" content=\"https:\/\/nordnesrepublikken.no\/wp-content\/uploads\/2025\/04\/1744091379_Verdens-helsedag-2025-A-gi-modre-og-babyer-en-bedre.jpg\" \/>\n\t<meta property=\"og:image:width\" content=\"1200\" \/>\n\t<meta property=\"og:image:height\" content=\"702\" \/>\n\t<meta property=\"og:image:type\" content=\"image\/jpeg\" \/>\n<meta name=\"author\" content=\"Ole Andersen\" \/>\n<meta name=\"twitter:card\" content=\"summary_large_image\" \/>\n<meta name=\"twitter:label1\" content=\"Skrevet av\" \/>\n\t<meta name=\"twitter:data1\" content=\"Ole Andersen\" \/>\n\t<meta name=\"twitter:label2\" content=\"Ansl. lesetid\" \/>\n\t<meta name=\"twitter:data2\" content=\"2 minutter\" \/>\n<script type=\"application\/ld+json\" class=\"yoast-schema-graph\">{\"@context\":\"https:\/\/schema.org\",\"@graph\":[{\"@type\":\"Article\",\"@id\":\"https:\/\/nordnesrepublikken.no\/index.php\/2025\/04\/08\/verdens-helsedag-2025-a-gi-modre-og-babyer-en-bedre-start-i-livet\/#article\",\"isPartOf\":{\"@id\":\"https:\/\/nordnesrepublikken.no\/index.php\/2025\/04\/08\/verdens-helsedag-2025-a-gi-modre-og-babyer-en-bedre-start-i-livet\/\"},\"author\":{\"name\":\"Ole Andersen\",\"@id\":\"https:\/\/nordnesrepublikken.no\/#\/schema\/person\/2e7e81935bab77882fffb79296240ff1\"},\"headline\":\"Verdens helsedag 2025: \u00c5 gi m\u00f8dre og babyer en bedre start i livet\",\"datePublished\":\"2025-04-08T05:49:38+00:00\",\"dateModified\":\"2025-04-08T05:49:39+00:00\",\"mainEntityOfPage\":{\"@id\":\"https:\/\/nordnesrepublikken.no\/index.php\/2025\/04\/08\/verdens-helsedag-2025-a-gi-modre-og-babyer-en-bedre-start-i-livet\/\"},\"wordCount\":427,\"publisher\":{\"@id\":\"https:\/\/nordnesrepublikken.no\/#organization\"},\"image\":{\"@id\":\"https:\/\/nordnesrepublikken.no\/index.php\/2025\/04\/08\/verdens-helsedag-2025-a-gi-modre-og-babyer-en-bedre-start-i-livet\/#primaryimage\"},\"thumbnailUrl\":\"https:\/\/nordnesrepublikken.no\/wp-content\/uploads\/2025\/04\/1744091379_Verdens-helsedag-2025-A-gi-modre-og-babyer-en-bedre.jpg\",\"keywords\":[\"babyer\",\"bedre\",\"helsedag\",\"livet\",\"m\u00f8dre\",\"start\",\"Verdens\"],\"articleSection\":[\"Livsstil\"],\"inLanguage\":\"nb-NO\"},{\"@type\":\"WebPage\",\"@id\":\"https:\/\/nordnesrepublikken.no\/index.php\/2025\/04\/08\/verdens-helsedag-2025-a-gi-modre-og-babyer-en-bedre-start-i-livet\/\",\"url\":\"https:\/\/nordnesrepublikken.no\/index.php\/2025\/04\/08\/verdens-helsedag-2025-a-gi-modre-og-babyer-en-bedre-start-i-livet\/\",\"name\":\"Verdens helsedag 2025: \u00c5 gi m\u00f8dre og babyer en bedre start i livet - Nordnesrepublikken\",\"isPartOf\":{\"@id\":\"https:\/\/nordnesrepublikken.no\/#website\"},\"primaryImageOfPage\":{\"@id\":\"https:\/\/nordnesrepublikken.no\/index.php\/2025\/04\/08\/verdens-helsedag-2025-a-gi-modre-og-babyer-en-bedre-start-i-livet\/#primaryimage\"},\"image\":{\"@id\":\"https:\/\/nordnesrepublikken.no\/index.php\/2025\/04\/08\/verdens-helsedag-2025-a-gi-modre-og-babyer-en-bedre-start-i-livet\/#primaryimage\"},\"thumbnailUrl\":\"https:\/\/nordnesrepublikken.no\/wp-content\/uploads\/2025\/04\/1744091379_Verdens-helsedag-2025-A-gi-modre-og-babyer-en-bedre.jpg\",\"datePublished\":\"2025-04-08T05:49:38+00:00\",\"dateModified\":\"2025-04-08T05:49:39+00:00\",\"breadcrumb\":{\"@id\":\"https:\/\/nordnesrepublikken.no\/index.php\/2025\/04\/08\/verdens-helsedag-2025-a-gi-modre-og-babyer-en-bedre-start-i-livet\/#breadcrumb\"},\"inLanguage\":\"nb-NO\",\"potentialAction\":[{\"@type\":\"ReadAction\",\"target\":[\"https:\/\/nordnesrepublikken.no\/index.php\/2025\/04\/08\/verdens-helsedag-2025-a-gi-modre-og-babyer-en-bedre-start-i-livet\/\"]}]},{\"@type\":\"ImageObject\",\"inLanguage\":\"nb-NO\",\"@id\":\"https:\/\/nordnesrepublikken.no\/index.php\/2025\/04\/08\/verdens-helsedag-2025-a-gi-modre-og-babyer-en-bedre-start-i-livet\/#primaryimage\",\"url\":\"https:\/\/nordnesrepublikken.no\/wp-content\/uploads\/2025\/04\/1744091379_Verdens-helsedag-2025-A-gi-modre-og-babyer-en-bedre.jpg\",\"contentUrl\":\"https:\/\/nordnesrepublikken.no\/wp-content\/uploads\/2025\/04\/1744091379_Verdens-helsedag-2025-A-gi-modre-og-babyer-en-bedre.jpg\",\"width\":1200,\"height\":702,\"caption\":\"Verdens helsedag 2025: \u00c5 gi m\u00f8dre og babyer en bedre start i livet\"},{\"@type\":\"BreadcrumbList\",\"@id\":\"https:\/\/nordnesrepublikken.no\/index.php\/2025\/04\/08\/verdens-helsedag-2025-a-gi-modre-og-babyer-en-bedre-start-i-livet\/#breadcrumb\",\"itemListElement\":[{\"@type\":\"ListItem\",\"position\":1,\"name\":\"Home\",\"item\":\"https:\/\/nordnesrepublikken.no\/\"},{\"@type\":\"ListItem\",\"position\":2,\"name\":\"Verdens helsedag 2025: \u00c5 gi m\u00f8dre og babyer en bedre start i livet\"}]},{\"@type\":\"WebSite\",\"@id\":\"https:\/\/nordnesrepublikken.no\/#website\",\"url\":\"https:\/\/nordnesrepublikken.no\/\",\"name\":\"Nordnesrepublikken\",\"description\":\"Stemmer og Visjoner fra Republikkens Hjerte\",\"publisher\":{\"@id\":\"https:\/\/nordnesrepublikken.no\/#organization\"},\"potentialAction\":[{\"@type\":\"SearchAction\",\"target\":{\"@type\":\"EntryPoint\",\"urlTemplate\":\"https:\/\/nordnesrepublikken.no\/?s={search_term_string}\"},\"query-input\":{\"@type\":\"PropertyValueSpecification\",\"valueRequired\":true,\"valueName\":\"search_term_string\"}}],\"inLanguage\":\"nb-NO\"},{\"@type\":\"Organization\",\"@id\":\"https:\/\/nordnesrepublikken.no\/#organization\",\"name\":\"Nordnesrepublikken\",\"url\":\"https:\/\/nordnesrepublikken.no\/\",\"logo\":{\"@type\":\"ImageObject\",\"inLanguage\":\"nb-NO\",\"@id\":\"https:\/\/nordnesrepublikken.no\/#\/schema\/logo\/image\/\",\"url\":\"https:\/\/nordnesrepublikken.no\/wp-content\/uploads\/2025\/02\/cropped-nordnesrepublikken-2.png\",\"contentUrl\":\"https:\/\/nordnesrepublikken.no\/wp-content\/uploads\/2025\/02\/cropped-nordnesrepublikken-2.png\",\"width\":1248,\"height\":362,\"caption\":\"Nordnesrepublikken\"},\"image\":{\"@id\":\"https:\/\/nordnesrepublikken.no\/#\/schema\/logo\/image\/\"}},{\"@type\":\"Person\",\"@id\":\"https:\/\/nordnesrepublikken.no\/#\/schema\/person\/2e7e81935bab77882fffb79296240ff1\",\"name\":\"Ole Andersen\",\"image\":{\"@type\":\"ImageObject\",\"inLanguage\":\"nb-NO\",\"@id\":\"https:\/\/nordnesrepublikken.no\/#\/schema\/person\/image\/\",\"url\":\"https:\/\/nordnesrepublikken.no\/wp-content\/uploads\/2025\/02\/nordnesrepublikken-2-2-150x150.jpg\",\"contentUrl\":\"https:\/\/nordnesrepublikken.no\/wp-content\/uploads\/2025\/02\/nordnesrepublikken-2-2-150x150.jpg\",\"caption\":\"Ole Andersen\"},\"description\":\"Ettersom jeg vokste opp i Oslo, har jeg alltid v\u00e6rt fascinert av ordenes kraft og deres evne til \u00e5 skape endringer. Etter \u00e5 ha fullf\u00f8rt min utdannelse i kommunikasjon ved Universitetet i Bergen, fikk jeg muligheten til \u00e5 jobbe innen ulike medier, der jeg har s\u00f8kt \u00e5 belyse viktige samfunnssp\u00f8rsm\u00e5l. I dag, som redakt\u00f8r for Nordnesrepublikken, pr\u00f8ver jeg \u00e5 forene min kj\u00e6rlighet for journalistikk med min lidenskap for innovasjon og eventyr.\",\"sameAs\":[\"https:\/\/nordnesrepublikken.no\/\"]}]}<\/script>\n<!-- \/ Yoast SEO plugin. -->","yoast_head_json":{"title":"Verdens helsedag 2025: \u00c5 gi m\u00f8dre og babyer en bedre start i livet - Nordnesrepublikken","robots":{"index":"index","follow":"follow","max-snippet":"max-snippet:-1","max-image-preview":"max-image-preview:large","max-video-preview":"max-video-preview:-1"},"canonical":"https:\/\/nordnesrepublikken.no\/index.php\/2025\/04\/08\/verdens-helsedag-2025-a-gi-modre-og-babyer-en-bedre-start-i-livet\/","og_locale":"nb_NO","og_type":"article","og_title":"Verdens helsedag 2025: \u00c5 gi m\u00f8dre og babyer en bedre start i livet - Nordnesrepublikken","og_description":"Global Spotlight i \u00e5r er p\u00e5 mors og nyf\u00f8dt helse &#8211; og med god grunn","og_url":"https:\/\/nordnesrepublikken.no\/index.php\/2025\/04\/08\/verdens-helsedag-2025-a-gi-modre-og-babyer-en-bedre-start-i-livet\/","og_site_name":"Nordnesrepublikken","article_published_time":"2025-04-08T05:49:38+00:00","article_modified_time":"2025-04-08T05:49:39+00:00","og_image":[{"width":1200,"height":702,"url":"https:\/\/nordnesrepublikken.no\/wp-content\/uploads\/2025\/04\/1744091379_Verdens-helsedag-2025-A-gi-modre-og-babyer-en-bedre.jpg","type":"image\/jpeg"}],"author":"Ole Andersen","twitter_card":"summary_large_image","twitter_misc":{"Skrevet av":"Ole Andersen","Ansl. lesetid":"2 minutter"},"schema":{"@context":"https:\/\/schema.org","@graph":[{"@type":"Article","@id":"https:\/\/nordnesrepublikken.no\/index.php\/2025\/04\/08\/verdens-helsedag-2025-a-gi-modre-og-babyer-en-bedre-start-i-livet\/#article","isPartOf":{"@id":"https:\/\/nordnesrepublikken.no\/index.php\/2025\/04\/08\/verdens-helsedag-2025-a-gi-modre-og-babyer-en-bedre-start-i-livet\/"},"author":{"name":"Ole Andersen","@id":"https:\/\/nordnesrepublikken.no\/#\/schema\/person\/2e7e81935bab77882fffb79296240ff1"},"headline":"Verdens helsedag 2025: \u00c5 gi m\u00f8dre og babyer en bedre start i livet","datePublished":"2025-04-08T05:49:38+00:00","dateModified":"2025-04-08T05:49:39+00:00","mainEntityOfPage":{"@id":"https:\/\/nordnesrepublikken.no\/index.php\/2025\/04\/08\/verdens-helsedag-2025-a-gi-modre-og-babyer-en-bedre-start-i-livet\/"},"wordCount":427,"publisher":{"@id":"https:\/\/nordnesrepublikken.no\/#organization"},"image":{"@id":"https:\/\/nordnesrepublikken.no\/index.php\/2025\/04\/08\/verdens-helsedag-2025-a-gi-modre-og-babyer-en-bedre-start-i-livet\/#primaryimage"},"thumbnailUrl":"https:\/\/nordnesrepublikken.no\/wp-content\/uploads\/2025\/04\/1744091379_Verdens-helsedag-2025-A-gi-modre-og-babyer-en-bedre.jpg","keywords":["babyer","bedre","helsedag","livet","m\u00f8dre","start","Verdens"],"articleSection":["Livsstil"],"inLanguage":"nb-NO"},{"@type":"WebPage","@id":"https:\/\/nordnesrepublikken.no\/index.php\/2025\/04\/08\/verdens-helsedag-2025-a-gi-modre-og-babyer-en-bedre-start-i-livet\/","url":"https:\/\/nordnesrepublikken.no\/index.php\/2025\/04\/08\/verdens-helsedag-2025-a-gi-modre-og-babyer-en-bedre-start-i-livet\/","name":"Verdens helsedag 2025: \u00c5 gi m\u00f8dre og babyer en bedre start i livet - Nordnesrepublikken","isPartOf":{"@id":"https:\/\/nordnesrepublikken.no\/#website"},"primaryImageOfPage":{"@id":"https:\/\/nordnesrepublikken.no\/index.php\/2025\/04\/08\/verdens-helsedag-2025-a-gi-modre-og-babyer-en-bedre-start-i-livet\/#primaryimage"},"image":{"@id":"https:\/\/nordnesrepublikken.no\/index.php\/2025\/04\/08\/verdens-helsedag-2025-a-gi-modre-og-babyer-en-bedre-start-i-livet\/#primaryimage"},"thumbnailUrl":"https:\/\/nordnesrepublikken.no\/wp-content\/uploads\/2025\/04\/1744091379_Verdens-helsedag-2025-A-gi-modre-og-babyer-en-bedre.jpg","datePublished":"2025-04-08T05:49:38+00:00","dateModified":"2025-04-08T05:49:39+00:00","breadcrumb":{"@id":"https:\/\/nordnesrepublikken.no\/index.php\/2025\/04\/08\/verdens-helsedag-2025-a-gi-modre-og-babyer-en-bedre-start-i-livet\/#breadcrumb"},"inLanguage":"nb-NO","potentialAction":[{"@type":"ReadAction","target":["https:\/\/nordnesrepublikken.no\/index.php\/2025\/04\/08\/verdens-helsedag-2025-a-gi-modre-og-babyer-en-bedre-start-i-livet\/"]}]},{"@type":"ImageObject","inLanguage":"nb-NO","@id":"https:\/\/nordnesrepublikken.no\/index.php\/2025\/04\/08\/verdens-helsedag-2025-a-gi-modre-og-babyer-en-bedre-start-i-livet\/#primaryimage","url":"https:\/\/nordnesrepublikken.no\/wp-content\/uploads\/2025\/04\/1744091379_Verdens-helsedag-2025-A-gi-modre-og-babyer-en-bedre.jpg","contentUrl":"https:\/\/nordnesrepublikken.no\/wp-content\/uploads\/2025\/04\/1744091379_Verdens-helsedag-2025-A-gi-modre-og-babyer-en-bedre.jpg","width":1200,"height":702,"caption":"Verdens helsedag 2025: \u00c5 gi m\u00f8dre og babyer en bedre start i livet"},{"@type":"BreadcrumbList","@id":"https:\/\/nordnesrepublikken.no\/index.php\/2025\/04\/08\/verdens-helsedag-2025-a-gi-modre-og-babyer-en-bedre-start-i-livet\/#breadcrumb","itemListElement":[{"@type":"ListItem","position":1,"name":"Home","item":"https:\/\/nordnesrepublikken.no\/"},{"@type":"ListItem","position":2,"name":"Verdens helsedag 2025: \u00c5 gi m\u00f8dre og babyer en bedre start i livet"}]},{"@type":"WebSite","@id":"https:\/\/nordnesrepublikken.no\/#website","url":"https:\/\/nordnesrepublikken.no\/","name":"Nordnesrepublikken","description":"Stemmer og Visjoner fra Republikkens Hjerte","publisher":{"@id":"https:\/\/nordnesrepublikken.no\/#organization"},"potentialAction":[{"@type":"SearchAction","target":{"@type":"EntryPoint","urlTemplate":"https:\/\/nordnesrepublikken.no\/?s={search_term_string}"},"query-input":{"@type":"PropertyValueSpecification","valueRequired":true,"valueName":"search_term_string"}}],"inLanguage":"nb-NO"},{"@type":"Organization","@id":"https:\/\/nordnesrepublikken.no\/#organization","name":"Nordnesrepublikken","url":"https:\/\/nordnesrepublikken.no\/","logo":{"@type":"ImageObject","inLanguage":"nb-NO","@id":"https:\/\/nordnesrepublikken.no\/#\/schema\/logo\/image\/","url":"https:\/\/nordnesrepublikken.no\/wp-content\/uploads\/2025\/02\/cropped-nordnesrepublikken-2.png","contentUrl":"https:\/\/nordnesrepublikken.no\/wp-content\/uploads\/2025\/02\/cropped-nordnesrepublikken-2.png","width":1248,"height":362,"caption":"Nordnesrepublikken"},"image":{"@id":"https:\/\/nordnesrepublikken.no\/#\/schema\/logo\/image\/"}},{"@type":"Person","@id":"https:\/\/nordnesrepublikken.no\/#\/schema\/person\/2e7e81935bab77882fffb79296240ff1","name":"Ole Andersen","image":{"@type":"ImageObject","inLanguage":"nb-NO","@id":"https:\/\/nordnesrepublikken.no\/#\/schema\/person\/image\/","url":"https:\/\/nordnesrepublikken.no\/wp-content\/uploads\/2025\/02\/nordnesrepublikken-2-2-150x150.jpg","contentUrl":"https:\/\/nordnesrepublikken.no\/wp-content\/uploads\/2025\/02\/nordnesrepublikken-2-2-150x150.jpg","caption":"Ole Andersen"},"description":"Ettersom jeg vokste opp i Oslo, har jeg alltid v\u00e6rt fascinert av ordenes kraft og deres evne til \u00e5 skape endringer. Etter \u00e5 ha fullf\u00f8rt min utdannelse i kommunikasjon ved Universitetet i Bergen, fikk jeg muligheten til \u00e5 jobbe innen ulike medier, der jeg har s\u00f8kt \u00e5 belyse viktige samfunnssp\u00f8rsm\u00e5l. I dag, som redakt\u00f8r for Nordnesrepublikken, pr\u00f8ver jeg \u00e5 forene min kj\u00e6rlighet for journalistikk med min lidenskap for innovasjon og eventyr.","sameAs":["https:\/\/nordnesrepublikken.no\/"]}]}},"_links":{"self":[{"href":"https:\/\/nordnesrepublikken.no\/index.php\/wp-json\/wp\/v2\/posts\/3066","targetHints":{"allow":["GET"]}}],"collection":[{"href":"https:\/\/nordnesrepublikken.no\/index.php\/wp-json\/wp\/v2\/posts"}],"about":[{"href":"https:\/\/nordnesrepublikken.no\/index.php\/wp-json\/wp\/v2\/types\/post"}],"author":[{"embeddable":true,"href":"https:\/\/nordnesrepublikken.no\/index.php\/wp-json\/wp\/v2\/users\/1"}],"replies":[{"embeddable":true,"href":"https:\/\/nordnesrepublikken.no\/index.php\/wp-json\/wp\/v2\/comments?post=3066"}],"version-history":[{"count":1,"href":"https:\/\/nordnesrepublikken.no\/index.php\/wp-json\/wp\/v2\/posts\/3066\/revisions"}],"predecessor-version":[{"id":3068,"href":"https:\/\/nordnesrepublikken.no\/index.php\/wp-json\/wp\/v2\/posts\/3066\/revisions\/3068"}],"wp:featuredmedia":[{"embeddable":true,"href":"https:\/\/nordnesrepublikken.no\/index.php\/wp-json\/wp\/v2\/media\/3067"}],"wp:attachment":[{"href":"https:\/\/nordnesrepublikken.no\/index.php\/wp-json\/wp\/v2\/media?parent=3066"}],"wp:term":[{"taxonomy":"category","embeddable":true,"href":"https:\/\/nordnesrepublikken.no\/index.php\/wp-json\/wp\/v2\/categories?post=3066"},{"taxonomy":"post_tag","embeddable":true,"href":"https:\/\/nordnesrepublikken.no\/index.php\/wp-json\/wp\/v2\/tags?post=3066"}],"curies":[{"name":"wp","href":"https:\/\/api.w.org\/{rel}","templated":true}]}}