{"id":3024,"date":"2025-04-02T19:50:12","date_gmt":"2025-04-02T17:50:12","guid":{"rendered":"https:\/\/nordnesrepublikken.no\/index.php\/2025\/04\/02\/fra-forholdet-til-europa-til-utvidelsen-pa-gronland\/"},"modified":"2025-04-02T19:50:22","modified_gmt":"2025-04-02T17:50:22","slug":"fra-forholdet-til-europa-til-utvidelsen-pa-gronland","status":"publish","type":"post","link":"https:\/\/nordnesrepublikken.no\/index.php\/2025\/04\/02\/fra-forholdet-til-europa-til-utvidelsen-pa-gronland\/","title":{"rendered":"Fra forholdet til Europa til utvidelsen p\u00e5 Gr\u00f8nland"},"content":{"rendered":"<div>\n<div class=\"cp_wrapper cp_wrapper--fw mb-30 mb-20@tablet\">\n<figure class=\"mm\"><picture class=\"img\" style=\"padding-top:56.25%\"><source  media=\"(min-width: 1024px)\"><source  media=\"(min-width: 768px)\"><\/source><\/source><\/picture><\/figure>\n<\/p><\/div>\n<div class=\"fbx \">\n<div class=\"fbx__content\">\n<p>\t\t\tDu ser p\u00e5 <strong>Geopolitix<\/strong> Ikke g\u00e5 glipp av annet innhold av <span>Geopop<\/span>\n\t\t<\/p>\n<\/p><\/div>\n<div class=\"fbx__image\">\n<picture class=\"img  img--static-mode \">\n<p>  <img decoding=\"async\" loading=\"lazy\" src=\"https:\/\/nordnesrepublikken.no\/wp-content\/uploads\/2025\/04\/1743616212_890_Fra-forholdet-til-Europa-til-utvidelsen-pa-Gronland.jpg\" alt=\"Bilde\" width=\"1920\" height=\"1080\">\n<\/picture>\n\t<\/div>\n<\/div>\n<p>Noen m\u00e5neder har g\u00e5tt siden oppgj\u00f8ret av <strong>Donald Trump<\/strong> p\u00e5 <strong>Det hvite hus <\/strong>Og vi kan si at geopolitiske balanser endrer seg. USA har faktisk p\u00e5lagt den f\u00f8rste transporten av <strong>Kommersielle plikter <\/strong>ogs\u00e5 mot deres historiske partnere, <strong>Europa og Canada<\/strong>. Det oppsiktsvekkende er nyere nyheter <strong>Nyheter flukt<\/strong> av de amerikanske milit\u00e6re planene, der de h\u00f8ye sf\u00e6rene til den amerikanske regjeringen definerte de europeiske &laquo;parasittene&raquo;. Endelig er vi vitne til en oppsiktsvekkende tiln\u00e6rming fra USA til Russland av<strong> Vladimir Putin<\/strong>. Kort sagt, kj\u00f8ttet p\u00e5 b\u00e5let er s\u00e5 stort. For dette har vi invitert den geopolitiske analytikeren til studiene v\u00e5re <strong>Federico Petroni,<\/strong> som skriver for magasinet <em>Lime<\/em>. Sammen med ham pr\u00f8vde vi \u00e5 ber\u00f8re <strong>fremtredende poeng<\/strong> av disse f\u00f8rste m\u00e5nedene av presidentskapet Trump og konsekvensene<strong>&#8216;Geopolitisk balanse<\/strong>.<\/p>\n<p>F\u00f8rst behandlet vi temaet for <strong>Spiny forhold mellom USA og Europa<\/strong>. Vi har identifisert spesielt tre friksjonspunkter: en <strong>ideologisk<\/strong>en<strong> strategisk<\/strong> Og til slutt en <strong>milit\u00e6r<\/strong>. I videoen kan du utdype hver av disse aspektene. For \u00e5 oppsummere, kan vi si her at den n\u00e5v\u00e6rende amerikanske administrasjonen tror vi har <strong>ofret rikdom og interne ressurser<\/strong> For velferd og forsvar av europeere og er ikke lenger villig til \u00e5 fortsette p\u00e5 denne linjen. <strong><br \/><\/strong><\/p>\n<p>Trump viste interesse for utvidelsen av USA mot <strong>Gr\u00f8nland og Canada<\/strong>. Vi lurte derfor p\u00e5 om det handler om <strong>Politiske provokasjoner<\/strong> Eller hvis det er en reell mulighet for at USA vil lage denne planen. Disse planene er en del av perspektivet om \u00e5 gjenopprette fart for en befolkning, den amerikanske, som har mistet tilliten i seg selv. I intervjuet analyserer vi bedre <strong>grunner<\/strong> Av disse p\u00e5standene, og vi forst\u00e5r hvordan USA vil kunne p\u00e5legge seg disse frontene.<\/p>\n<p>Vi gikk videre til sp\u00f8rsm\u00e5let om <strong>Krig i Ukraina<\/strong>analysere styrkenes forhold p\u00e5 feltet og tiln\u00e6rmingen til Trump -administrasjonen til Russland. Faktisk har vi lagt merke til hvordan USA ikke lenger ser Putins Russland som en fiende, og derfor tror de ikke at det er n\u00f8dvendig \u00e5 beseire dette landet milit\u00e6rt, for \u00e5 kunne snakke.<\/p>\n<p>De andre &laquo;varme punktene&raquo; som er adressert i videoen, gjelder USAs forhold til Kina og til slutt <strong>Israelsk-palestinsk sp\u00f8rsm\u00e5l<\/strong>der vi pr\u00f8ver \u00e5 forst\u00e5 hva Trumps prosjekter er i dette omr\u00e5det av verden.<\/p>\n<p>Intervjuet avsluttes med et provoserende sp\u00f8rsm\u00e5l, der vi stiller oss selv om Trump -figuren, fra synspunktet av den interne og sentraliserende interne politikken, representerer en <strong>Fare for demokratiet<\/strong> i USA.<\/p>\n<\/p><\/div>\n","protected":false},"excerpt":{"rendered":"<p>Du ser p\u00e5 Geopolitix Ikke g\u00e5 glipp av annet innhold av Geopop Noen m\u00e5neder har<\/p>\n","protected":false},"author":1,"featured_media":3025,"comment_status":"closed","ping_status":"open","sticky":false,"template":"","format":"standard","meta":{"footnotes":""},"categories":[23],"tags":[642,729,125,667,81,117,730],"class_list":["post-3024","post","type-post","status-publish","format-standard","has-post-thumbnail","hentry","category-politikk","tag-europa","tag-forholdet","tag-fra","tag-gronland","tag-pa","tag-til","tag-utvidelsen","generate-columns","tablet-grid-50","mobile-grid-100","grid-parent","grid-33","resize-featured-image"],"yoast_head":"<!-- This site is optimized with the Yoast SEO plugin v24.4 - https:\/\/yoast.com\/wordpress\/plugins\/seo\/ -->\n<title>Fra forholdet til Europa til utvidelsen p\u00e5 Gr\u00f8nland - Nordnesrepublikken<\/title>\n<meta name=\"robots\" content=\"index, follow, max-snippet:-1, max-image-preview:large, max-video-preview:-1\" \/>\n<link rel=\"canonical\" href=\"https:\/\/nordnesrepublikken.no\/index.php\/2025\/04\/02\/fra-forholdet-til-europa-til-utvidelsen-pa-gronland\/\" \/>\n<meta property=\"og:locale\" content=\"nb_NO\" \/>\n<meta property=\"og:type\" content=\"article\" \/>\n<meta property=\"og:title\" content=\"Fra forholdet til Europa til utvidelsen p\u00e5 Gr\u00f8nland - Nordnesrepublikken\" \/>\n<meta property=\"og:description\" content=\"Du ser p\u00e5 Geopolitix Ikke g\u00e5 glipp av annet innhold av Geopop Noen m\u00e5neder har\" \/>\n<meta property=\"og:url\" content=\"https:\/\/nordnesrepublikken.no\/index.php\/2025\/04\/02\/fra-forholdet-til-europa-til-utvidelsen-pa-gronland\/\" \/>\n<meta property=\"og:site_name\" content=\"Nordnesrepublikken\" \/>\n<meta property=\"article:published_time\" content=\"2025-04-02T17:50:12+00:00\" \/>\n<meta property=\"article:modified_time\" content=\"2025-04-02T17:50:22+00:00\" \/>\n<meta property=\"og:image\" content=\"https:\/\/nordnesrepublikken.no\/wp-content\/uploads\/2025\/04\/1743616222_Fra-forholdet-til-Europa-til-utvidelsen-pa-Gronland.jpg\" \/>\n\t<meta property=\"og:image:width\" content=\"1280\" \/>\n\t<meta property=\"og:image:height\" content=\"720\" \/>\n\t<meta property=\"og:image:type\" content=\"image\/jpeg\" \/>\n<meta name=\"author\" content=\"Ole Andersen\" \/>\n<meta name=\"twitter:card\" content=\"summary_large_image\" \/>\n<meta name=\"twitter:label1\" content=\"Skrevet av\" \/>\n\t<meta name=\"twitter:data1\" content=\"Ole Andersen\" \/>\n\t<meta name=\"twitter:label2\" content=\"Ansl. lesetid\" \/>\n\t<meta name=\"twitter:data2\" content=\"2 minutter\" \/>\n<script type=\"application\/ld+json\" class=\"yoast-schema-graph\">{\"@context\":\"https:\/\/schema.org\",\"@graph\":[{\"@type\":\"Article\",\"@id\":\"https:\/\/nordnesrepublikken.no\/index.php\/2025\/04\/02\/fra-forholdet-til-europa-til-utvidelsen-pa-gronland\/#article\",\"isPartOf\":{\"@id\":\"https:\/\/nordnesrepublikken.no\/index.php\/2025\/04\/02\/fra-forholdet-til-europa-til-utvidelsen-pa-gronland\/\"},\"author\":{\"name\":\"Ole Andersen\",\"@id\":\"https:\/\/nordnesrepublikken.no\/#\/schema\/person\/2e7e81935bab77882fffb79296240ff1\"},\"headline\":\"Fra forholdet til Europa til utvidelsen p\u00e5 Gr\u00f8nland\",\"datePublished\":\"2025-04-02T17:50:12+00:00\",\"dateModified\":\"2025-04-02T17:50:22+00:00\",\"mainEntityOfPage\":{\"@id\":\"https:\/\/nordnesrepublikken.no\/index.php\/2025\/04\/02\/fra-forholdet-til-europa-til-utvidelsen-pa-gronland\/\"},\"wordCount\":439,\"publisher\":{\"@id\":\"https:\/\/nordnesrepublikken.no\/#organization\"},\"image\":{\"@id\":\"https:\/\/nordnesrepublikken.no\/index.php\/2025\/04\/02\/fra-forholdet-til-europa-til-utvidelsen-pa-gronland\/#primaryimage\"},\"thumbnailUrl\":\"https:\/\/nordnesrepublikken.no\/wp-content\/uploads\/2025\/04\/1743616222_Fra-forholdet-til-Europa-til-utvidelsen-pa-Gronland.jpg\",\"keywords\":[\"Europa\",\"forholdet\",\"fra\",\"Gr\u00f8nland\",\"p\u00e5\",\"til\",\"utvidelsen\"],\"articleSection\":[\"Politikk\"],\"inLanguage\":\"nb-NO\"},{\"@type\":\"WebPage\",\"@id\":\"https:\/\/nordnesrepublikken.no\/index.php\/2025\/04\/02\/fra-forholdet-til-europa-til-utvidelsen-pa-gronland\/\",\"url\":\"https:\/\/nordnesrepublikken.no\/index.php\/2025\/04\/02\/fra-forholdet-til-europa-til-utvidelsen-pa-gronland\/\",\"name\":\"Fra forholdet til Europa til utvidelsen p\u00e5 Gr\u00f8nland - Nordnesrepublikken\",\"isPartOf\":{\"@id\":\"https:\/\/nordnesrepublikken.no\/#website\"},\"primaryImageOfPage\":{\"@id\":\"https:\/\/nordnesrepublikken.no\/index.php\/2025\/04\/02\/fra-forholdet-til-europa-til-utvidelsen-pa-gronland\/#primaryimage\"},\"image\":{\"@id\":\"https:\/\/nordnesrepublikken.no\/index.php\/2025\/04\/02\/fra-forholdet-til-europa-til-utvidelsen-pa-gronland\/#primaryimage\"},\"thumbnailUrl\":\"https:\/\/nordnesrepublikken.no\/wp-content\/uploads\/2025\/04\/1743616222_Fra-forholdet-til-Europa-til-utvidelsen-pa-Gronland.jpg\",\"datePublished\":\"2025-04-02T17:50:12+00:00\",\"dateModified\":\"2025-04-02T17:50:22+00:00\",\"breadcrumb\":{\"@id\":\"https:\/\/nordnesrepublikken.no\/index.php\/2025\/04\/02\/fra-forholdet-til-europa-til-utvidelsen-pa-gronland\/#breadcrumb\"},\"inLanguage\":\"nb-NO\",\"potentialAction\":[{\"@type\":\"ReadAction\",\"target\":[\"https:\/\/nordnesrepublikken.no\/index.php\/2025\/04\/02\/fra-forholdet-til-europa-til-utvidelsen-pa-gronland\/\"]}]},{\"@type\":\"ImageObject\",\"inLanguage\":\"nb-NO\",\"@id\":\"https:\/\/nordnesrepublikken.no\/index.php\/2025\/04\/02\/fra-forholdet-til-europa-til-utvidelsen-pa-gronland\/#primaryimage\",\"url\":\"https:\/\/nordnesrepublikken.no\/wp-content\/uploads\/2025\/04\/1743616222_Fra-forholdet-til-Europa-til-utvidelsen-pa-Gronland.jpg\",\"contentUrl\":\"https:\/\/nordnesrepublikken.no\/wp-content\/uploads\/2025\/04\/1743616222_Fra-forholdet-til-Europa-til-utvidelsen-pa-Gronland.jpg\",\"width\":1280,\"height\":720,\"caption\":\"Ciclone Trump THUMB-CLEAN\"},{\"@type\":\"BreadcrumbList\",\"@id\":\"https:\/\/nordnesrepublikken.no\/index.php\/2025\/04\/02\/fra-forholdet-til-europa-til-utvidelsen-pa-gronland\/#breadcrumb\",\"itemListElement\":[{\"@type\":\"ListItem\",\"position\":1,\"name\":\"Home\",\"item\":\"https:\/\/nordnesrepublikken.no\/\"},{\"@type\":\"ListItem\",\"position\":2,\"name\":\"Fra forholdet til Europa til utvidelsen p\u00e5 Gr\u00f8nland\"}]},{\"@type\":\"WebSite\",\"@id\":\"https:\/\/nordnesrepublikken.no\/#website\",\"url\":\"https:\/\/nordnesrepublikken.no\/\",\"name\":\"Nordnesrepublikken\",\"description\":\"Stemmer og Visjoner fra Republikkens Hjerte\",\"publisher\":{\"@id\":\"https:\/\/nordnesrepublikken.no\/#organization\"},\"potentialAction\":[{\"@type\":\"SearchAction\",\"target\":{\"@type\":\"EntryPoint\",\"urlTemplate\":\"https:\/\/nordnesrepublikken.no\/?s={search_term_string}\"},\"query-input\":{\"@type\":\"PropertyValueSpecification\",\"valueRequired\":true,\"valueName\":\"search_term_string\"}}],\"inLanguage\":\"nb-NO\"},{\"@type\":\"Organization\",\"@id\":\"https:\/\/nordnesrepublikken.no\/#organization\",\"name\":\"Nordnesrepublikken\",\"url\":\"https:\/\/nordnesrepublikken.no\/\",\"logo\":{\"@type\":\"ImageObject\",\"inLanguage\":\"nb-NO\",\"@id\":\"https:\/\/nordnesrepublikken.no\/#\/schema\/logo\/image\/\",\"url\":\"https:\/\/nordnesrepublikken.no\/wp-content\/uploads\/2025\/02\/cropped-nordnesrepublikken-2.png\",\"contentUrl\":\"https:\/\/nordnesrepublikken.no\/wp-content\/uploads\/2025\/02\/cropped-nordnesrepublikken-2.png\",\"width\":1248,\"height\":362,\"caption\":\"Nordnesrepublikken\"},\"image\":{\"@id\":\"https:\/\/nordnesrepublikken.no\/#\/schema\/logo\/image\/\"}},{\"@type\":\"Person\",\"@id\":\"https:\/\/nordnesrepublikken.no\/#\/schema\/person\/2e7e81935bab77882fffb79296240ff1\",\"name\":\"Ole Andersen\",\"image\":{\"@type\":\"ImageObject\",\"inLanguage\":\"nb-NO\",\"@id\":\"https:\/\/nordnesrepublikken.no\/#\/schema\/person\/image\/\",\"url\":\"https:\/\/nordnesrepublikken.no\/wp-content\/uploads\/2025\/02\/nordnesrepublikken-2-2-150x150.jpg\",\"contentUrl\":\"https:\/\/nordnesrepublikken.no\/wp-content\/uploads\/2025\/02\/nordnesrepublikken-2-2-150x150.jpg\",\"caption\":\"Ole Andersen\"},\"description\":\"Ettersom jeg vokste opp i Oslo, har jeg alltid v\u00e6rt fascinert av ordenes kraft og deres evne til \u00e5 skape endringer. Etter \u00e5 ha fullf\u00f8rt min utdannelse i kommunikasjon ved Universitetet i Bergen, fikk jeg muligheten til \u00e5 jobbe innen ulike medier, der jeg har s\u00f8kt \u00e5 belyse viktige samfunnssp\u00f8rsm\u00e5l. I dag, som redakt\u00f8r for Nordnesrepublikken, pr\u00f8ver jeg \u00e5 forene min kj\u00e6rlighet for journalistikk med min lidenskap for innovasjon og eventyr.\",\"sameAs\":[\"https:\/\/nordnesrepublikken.no\/\"]}]}<\/script>\n<!-- \/ Yoast SEO plugin. -->","yoast_head_json":{"title":"Fra forholdet til Europa til utvidelsen p\u00e5 Gr\u00f8nland - Nordnesrepublikken","robots":{"index":"index","follow":"follow","max-snippet":"max-snippet:-1","max-image-preview":"max-image-preview:large","max-video-preview":"max-video-preview:-1"},"canonical":"https:\/\/nordnesrepublikken.no\/index.php\/2025\/04\/02\/fra-forholdet-til-europa-til-utvidelsen-pa-gronland\/","og_locale":"nb_NO","og_type":"article","og_title":"Fra forholdet til Europa til utvidelsen p\u00e5 Gr\u00f8nland - Nordnesrepublikken","og_description":"Du ser p\u00e5 Geopolitix Ikke g\u00e5 glipp av annet innhold av Geopop Noen m\u00e5neder har","og_url":"https:\/\/nordnesrepublikken.no\/index.php\/2025\/04\/02\/fra-forholdet-til-europa-til-utvidelsen-pa-gronland\/","og_site_name":"Nordnesrepublikken","article_published_time":"2025-04-02T17:50:12+00:00","article_modified_time":"2025-04-02T17:50:22+00:00","og_image":[{"width":1280,"height":720,"url":"https:\/\/nordnesrepublikken.no\/wp-content\/uploads\/2025\/04\/1743616222_Fra-forholdet-til-Europa-til-utvidelsen-pa-Gronland.jpg","type":"image\/jpeg"}],"author":"Ole Andersen","twitter_card":"summary_large_image","twitter_misc":{"Skrevet av":"Ole Andersen","Ansl. lesetid":"2 minutter"},"schema":{"@context":"https:\/\/schema.org","@graph":[{"@type":"Article","@id":"https:\/\/nordnesrepublikken.no\/index.php\/2025\/04\/02\/fra-forholdet-til-europa-til-utvidelsen-pa-gronland\/#article","isPartOf":{"@id":"https:\/\/nordnesrepublikken.no\/index.php\/2025\/04\/02\/fra-forholdet-til-europa-til-utvidelsen-pa-gronland\/"},"author":{"name":"Ole Andersen","@id":"https:\/\/nordnesrepublikken.no\/#\/schema\/person\/2e7e81935bab77882fffb79296240ff1"},"headline":"Fra forholdet til Europa til utvidelsen p\u00e5 Gr\u00f8nland","datePublished":"2025-04-02T17:50:12+00:00","dateModified":"2025-04-02T17:50:22+00:00","mainEntityOfPage":{"@id":"https:\/\/nordnesrepublikken.no\/index.php\/2025\/04\/02\/fra-forholdet-til-europa-til-utvidelsen-pa-gronland\/"},"wordCount":439,"publisher":{"@id":"https:\/\/nordnesrepublikken.no\/#organization"},"image":{"@id":"https:\/\/nordnesrepublikken.no\/index.php\/2025\/04\/02\/fra-forholdet-til-europa-til-utvidelsen-pa-gronland\/#primaryimage"},"thumbnailUrl":"https:\/\/nordnesrepublikken.no\/wp-content\/uploads\/2025\/04\/1743616222_Fra-forholdet-til-Europa-til-utvidelsen-pa-Gronland.jpg","keywords":["Europa","forholdet","fra","Gr\u00f8nland","p\u00e5","til","utvidelsen"],"articleSection":["Politikk"],"inLanguage":"nb-NO"},{"@type":"WebPage","@id":"https:\/\/nordnesrepublikken.no\/index.php\/2025\/04\/02\/fra-forholdet-til-europa-til-utvidelsen-pa-gronland\/","url":"https:\/\/nordnesrepublikken.no\/index.php\/2025\/04\/02\/fra-forholdet-til-europa-til-utvidelsen-pa-gronland\/","name":"Fra forholdet til Europa til utvidelsen p\u00e5 Gr\u00f8nland - Nordnesrepublikken","isPartOf":{"@id":"https:\/\/nordnesrepublikken.no\/#website"},"primaryImageOfPage":{"@id":"https:\/\/nordnesrepublikken.no\/index.php\/2025\/04\/02\/fra-forholdet-til-europa-til-utvidelsen-pa-gronland\/#primaryimage"},"image":{"@id":"https:\/\/nordnesrepublikken.no\/index.php\/2025\/04\/02\/fra-forholdet-til-europa-til-utvidelsen-pa-gronland\/#primaryimage"},"thumbnailUrl":"https:\/\/nordnesrepublikken.no\/wp-content\/uploads\/2025\/04\/1743616222_Fra-forholdet-til-Europa-til-utvidelsen-pa-Gronland.jpg","datePublished":"2025-04-02T17:50:12+00:00","dateModified":"2025-04-02T17:50:22+00:00","breadcrumb":{"@id":"https:\/\/nordnesrepublikken.no\/index.php\/2025\/04\/02\/fra-forholdet-til-europa-til-utvidelsen-pa-gronland\/#breadcrumb"},"inLanguage":"nb-NO","potentialAction":[{"@type":"ReadAction","target":["https:\/\/nordnesrepublikken.no\/index.php\/2025\/04\/02\/fra-forholdet-til-europa-til-utvidelsen-pa-gronland\/"]}]},{"@type":"ImageObject","inLanguage":"nb-NO","@id":"https:\/\/nordnesrepublikken.no\/index.php\/2025\/04\/02\/fra-forholdet-til-europa-til-utvidelsen-pa-gronland\/#primaryimage","url":"https:\/\/nordnesrepublikken.no\/wp-content\/uploads\/2025\/04\/1743616222_Fra-forholdet-til-Europa-til-utvidelsen-pa-Gronland.jpg","contentUrl":"https:\/\/nordnesrepublikken.no\/wp-content\/uploads\/2025\/04\/1743616222_Fra-forholdet-til-Europa-til-utvidelsen-pa-Gronland.jpg","width":1280,"height":720,"caption":"Ciclone Trump THUMB-CLEAN"},{"@type":"BreadcrumbList","@id":"https:\/\/nordnesrepublikken.no\/index.php\/2025\/04\/02\/fra-forholdet-til-europa-til-utvidelsen-pa-gronland\/#breadcrumb","itemListElement":[{"@type":"ListItem","position":1,"name":"Home","item":"https:\/\/nordnesrepublikken.no\/"},{"@type":"ListItem","position":2,"name":"Fra forholdet til Europa til utvidelsen p\u00e5 Gr\u00f8nland"}]},{"@type":"WebSite","@id":"https:\/\/nordnesrepublikken.no\/#website","url":"https:\/\/nordnesrepublikken.no\/","name":"Nordnesrepublikken","description":"Stemmer og Visjoner fra Republikkens Hjerte","publisher":{"@id":"https:\/\/nordnesrepublikken.no\/#organization"},"potentialAction":[{"@type":"SearchAction","target":{"@type":"EntryPoint","urlTemplate":"https:\/\/nordnesrepublikken.no\/?s={search_term_string}"},"query-input":{"@type":"PropertyValueSpecification","valueRequired":true,"valueName":"search_term_string"}}],"inLanguage":"nb-NO"},{"@type":"Organization","@id":"https:\/\/nordnesrepublikken.no\/#organization","name":"Nordnesrepublikken","url":"https:\/\/nordnesrepublikken.no\/","logo":{"@type":"ImageObject","inLanguage":"nb-NO","@id":"https:\/\/nordnesrepublikken.no\/#\/schema\/logo\/image\/","url":"https:\/\/nordnesrepublikken.no\/wp-content\/uploads\/2025\/02\/cropped-nordnesrepublikken-2.png","contentUrl":"https:\/\/nordnesrepublikken.no\/wp-content\/uploads\/2025\/02\/cropped-nordnesrepublikken-2.png","width":1248,"height":362,"caption":"Nordnesrepublikken"},"image":{"@id":"https:\/\/nordnesrepublikken.no\/#\/schema\/logo\/image\/"}},{"@type":"Person","@id":"https:\/\/nordnesrepublikken.no\/#\/schema\/person\/2e7e81935bab77882fffb79296240ff1","name":"Ole Andersen","image":{"@type":"ImageObject","inLanguage":"nb-NO","@id":"https:\/\/nordnesrepublikken.no\/#\/schema\/person\/image\/","url":"https:\/\/nordnesrepublikken.no\/wp-content\/uploads\/2025\/02\/nordnesrepublikken-2-2-150x150.jpg","contentUrl":"https:\/\/nordnesrepublikken.no\/wp-content\/uploads\/2025\/02\/nordnesrepublikken-2-2-150x150.jpg","caption":"Ole Andersen"},"description":"Ettersom jeg vokste opp i Oslo, har jeg alltid v\u00e6rt fascinert av ordenes kraft og deres evne til \u00e5 skape endringer. Etter \u00e5 ha fullf\u00f8rt min utdannelse i kommunikasjon ved Universitetet i Bergen, fikk jeg muligheten til \u00e5 jobbe innen ulike medier, der jeg har s\u00f8kt \u00e5 belyse viktige samfunnssp\u00f8rsm\u00e5l. I dag, som redakt\u00f8r for Nordnesrepublikken, pr\u00f8ver jeg \u00e5 forene min kj\u00e6rlighet for journalistikk med min lidenskap for innovasjon og eventyr.","sameAs":["https:\/\/nordnesrepublikken.no\/"]}]}},"_links":{"self":[{"href":"https:\/\/nordnesrepublikken.no\/index.php\/wp-json\/wp\/v2\/posts\/3024","targetHints":{"allow":["GET"]}}],"collection":[{"href":"https:\/\/nordnesrepublikken.no\/index.php\/wp-json\/wp\/v2\/posts"}],"about":[{"href":"https:\/\/nordnesrepublikken.no\/index.php\/wp-json\/wp\/v2\/types\/post"}],"author":[{"embeddable":true,"href":"https:\/\/nordnesrepublikken.no\/index.php\/wp-json\/wp\/v2\/users\/1"}],"replies":[{"embeddable":true,"href":"https:\/\/nordnesrepublikken.no\/index.php\/wp-json\/wp\/v2\/comments?post=3024"}],"version-history":[{"count":1,"href":"https:\/\/nordnesrepublikken.no\/index.php\/wp-json\/wp\/v2\/posts\/3024\/revisions"}],"predecessor-version":[{"id":3026,"href":"https:\/\/nordnesrepublikken.no\/index.php\/wp-json\/wp\/v2\/posts\/3024\/revisions\/3026"}],"wp:featuredmedia":[{"embeddable":true,"href":"https:\/\/nordnesrepublikken.no\/index.php\/wp-json\/wp\/v2\/media\/3025"}],"wp:attachment":[{"href":"https:\/\/nordnesrepublikken.no\/index.php\/wp-json\/wp\/v2\/media?parent=3024"}],"wp:term":[{"taxonomy":"category","embeddable":true,"href":"https:\/\/nordnesrepublikken.no\/index.php\/wp-json\/wp\/v2\/categories?post=3024"},{"taxonomy":"post_tag","embeddable":true,"href":"https:\/\/nordnesrepublikken.no\/index.php\/wp-json\/wp\/v2\/tags?post=3024"}],"curies":[{"name":"wp","href":"https:\/\/api.w.org\/{rel}","templated":true}]}}