{"id":3021,"date":"2025-04-02T18:55:40","date_gmt":"2025-04-02T16:55:40","guid":{"rendered":"https:\/\/nordnesrepublikken.no\/index.php\/2025\/04\/02\/historien-om-monte-soratte-bunker\/"},"modified":"2025-04-02T18:55:41","modified_gmt":"2025-04-02T16:55:41","slug":"historien-om-monte-soratte-bunker","status":"publish","type":"post","link":"https:\/\/nordnesrepublikken.no\/index.php\/2025\/04\/02\/historien-om-monte-soratte-bunker\/","title":{"rendered":"Historien om Monte Soratte Bunker"},"content":{"rendered":"<div>\n<div class=\"cp_wrapper cp_wrapper--fw mb-30 mb-20@tablet\">\n<figure class=\"mm\"><picture class=\"img\" style=\"padding-top:56.25%\"><source  media=\"(min-width: 1024px)\"><source  media=\"(min-width: 768px)\"><\/source><\/source><\/picture><\/figure>\n<\/p><\/div>\n<p>I Sant&#8217;oreste, i provinsen Roma, ble fra 1937 til midten av 1940 -tallet bygget i tarmen til Mount Sorarette, etter anledning av Benito Mussolini, et av de mest imponerende milit\u00e6re ingeni\u00f8rverkene i Europa: Galleriene til Monte Sorarette, eller mer <strong>Sorarette bunker<\/strong>Milit\u00e6r st\u00f8tte og beskyttelsesstruktur for de h\u00f8ye kontorene i staten. Tror du det samme har gjennomg\u00e5tt, i l\u00f8pet av <strong>Kald krig<\/strong>en <strong>Strukturell variasjon <\/strong>noe som f\u00f8rte til bygging av en bunker inne i bunkeren, for \u00e5 sikre en <strong>Anti -Tomic Refuge<\/strong> I tilfelle atomkonflikt.<\/p>\n<div class=\"cp_wrapper cp_wrapper--fw mb-50\">\n<figure class=\"mm\"><picture class=\"img\" style=\"padding-top:38.567493112948%\"><source  media=\"(min-width: 1024px)\"><source  media=\"(min-width: 768px)\"><img decoding=\"async\" loading=\"lazy\" src=\"https:\/\/nordnesrepublikken.no\/wp-content\/uploads\/2025\/04\/1743612937_166_Historien-om-Monte-Soratte-Bunker.jpg\" alt=\"Bilde\" width=\"1089\" height=\"420\"><\/source><\/source><\/picture><\/figure>\n<\/p><\/div>\n<h2>Historien om Sorarette -bunkeren<\/h2>\n<p>Sorarette -bunkeren arver navnet hans fra den homonyme Monte Soratte, en <strong>Rock Training<\/strong> som ogs\u00e5 skisserer grensene og det gamle forsvaret i byen Sant&#8217;oreste, i provinsen Roma. Sant&#8217;oreste er en landsby med rundt 2000 innbyggere som p\u00e5 1930 -tallet hovedsakelig bodde i <strong>Landbruk og tradisjoner<\/strong>. Denne spesielle konformasjonen gjorde det, derfor, <strong>Et strategisk milit\u00e6rpunkt<\/strong> For fordelene som fremfor alt er knyttet til mulighetene for \u00e5 se og n\u00e6rhet til hovedstaden.<\/p>\n<div class=\"cp_wrapper cp_wrapper--fw mb-50\">\n<figure class=\"mm\"><picture class=\"img\" style=\"padding-top:54.241338112306%\"><source  media=\"(min-width: 1024px)\"><source  media=\"(min-width: 768px)\"><img decoding=\"async\" loading=\"lazy\" src=\"https:\/\/nordnesrepublikken.no\/wp-content\/uploads\/2025\/04\/1743612938_284_Historien-om-Monte-Soratte-Bunker.jpg\" alt=\"Bilde\" width=\"837\" height=\"454\" class=\"js-seedtag-img\"><\/source><\/source><\/picture><\/figure>\n<\/p><\/div>\n<p>Fra disse hensynene, i 1937 et viktig prosjekt av <strong>Milit\u00e6rteknikk<\/strong> som vil kulminere i byggingen av et av de st\u00f8rste milit\u00e6re strategiske sentrene i Italia. Den tidens fascistiske regjering bestemte seg derfor for \u00e5 bygge den s\u00e5 -kalt <strong>underjordiske komplekser &laquo;<em>i hule<\/em>&laquo;, <\/strong> hovedsakelig av tre grunner:<\/p>\n<ul>\n<li>der <strong>n\u00e6rhet<\/strong> av Sorarette til hovedstaden, omtrent en times reise;<\/li>\n<li>der <strong>Orografisk konformasjon<\/strong> av Monte Sorarette, som et utmerket observasjonspunkt og tilstrekkelig beskyttelse for de viktige statlige anklagene;<\/li>\n<li>der <strong>konfidensialitet<\/strong>s\u00e5 vel som den enkle maskering av milit\u00e6re prosjekter i en landbrukssammenheng og den gang, fremdeles delvis utviklet seg fra et kulturelt synspunkt.<\/li>\n<\/ul>\n<h2>Strukturen til Sorarette -bunkeren<\/h2>\n<p>La oss n\u00e5 kort se hvordan denne bunkeren er strukturert inne, og forteller realiseringen av b\u00e5de den milit\u00e6re garnisonen og den anti -tomiske bunkeren.<\/p>\n<h3>Den milit\u00e6re garnisonen<\/h3>\n<p>Prosjektet for \u00e5 bygge den milit\u00e6re garnisonen \u00f8nsket av den fascistiske regjeringen inkludert <strong>5 partier med en total planteforlengelse p\u00e5 14 km tunneler<\/strong> interkommuniserende. Offisielle prosjekter er ikke tilgjengelige, sannsynligvis fordi fortsatt <strong>holdt i et reservert arkiv<\/strong>. Imidlertid er det n\u00e5v\u00e6rende beviset for en serie tunneler og huler som utvikler seg p\u00e5 en <strong>Lengde p\u00e5 omtrent 4 km<\/strong>p\u00e5 en enkelt plan for majoren, med noen tekniske rom utviklet i flere etasjer om n\u00f8dvendig. Strukturen var designet for \u00e5 tilby ly til statlige anklager i krigsperioden, s\u00e5 -kalt historisk <strong><em>Beskyttet officine del duce<\/em><\/strong>. Av dette var det selvf\u00f8lgelig ingen eksplisitte bevis p\u00e5 byggingstidspunktet. Det strukturelle systemet i galleriene, laget med h\u00f8ye armerte betongtykkelser, kalte dens robusthet ogs\u00e5 etter krigshendelsene i 1944. Faktisk, det samme <strong>De kom ut praktisk talt illese<\/strong> Fra bombingene som p\u00e5virket de tyske troppene, ta dem tilbake under veiledning av Feldmaresse <strong>Albert Kesselring<\/strong>.<\/p>\n<div class=\"cp_wrapper cp_wrapper--fw mb-50\">\n<figure class=\"mm\"><picture class=\"img\" style=\"padding-top:70.909090909091%\"><source  media=\"(min-width: 1024px)\"><source  media=\"(min-width: 768px)\"><img decoding=\"async\" loading=\"lazy\" src=\"https:\/\/nordnesrepublikken.no\/wp-content\/uploads\/2025\/04\/1743612939_430_Historien-om-Monte-Soratte-Bunker.jpg\" alt=\"Bilde\" width=\"605\" height=\"429\"><\/source><\/source><\/picture><\/figure>\n<\/p><\/div>\n<h3>Den anti -ditomiske bunkeren<\/h3>\n<p>Sorarettes prosjekt <strong>endrer unnfangelsen radikalt<\/strong>i det minste fra et funksjonelt synspunkt, med bruk av <strong>Kald krig<\/strong>. I 1965 begynte faktisk regjeringen \u00e5 jobbe med et teknisk prosjekt som utviklet og bygde et nettsted som var i stand til <strong>Overlev et mulig atomangrep p\u00e5 Roma<\/strong>bevare viktige dokumenter og garantere overlevelsen av strategisk og politisk viktige mennesker. Sorarette, som allerede er vert for den tyske \u00f8verste kommandoen i \u00e5rene av andre verdenskrig, l\u00e5nte seg selv <strong>geomorfologisk<\/strong> respekt for <strong>Strenge standarder f\u00f8dt innen beskyttede konstruksjoner<\/strong>.<\/p>\n<p>Noen eksisterende tunneler, spesielt 7 armer, var <strong>endret<\/strong> For \u00e5 v\u00e6re vertskap for en ny struktur som er ordnet i forhold til den eksisterende. Den nye strukturen, bygget ved \u00e5 dekke den eksisterende en av ytterligere 50 cm armert betong, utviklet seg n\u00e5 i to etasjer, i stedet for en. Disse nye stillasene er koblet til vertikale strukturer via <strong>Elastomere isolatorer<\/strong>en skj\u00e6rende anti -seismisk teknologi for disse tider. Denne relative forbindelsen mellom de to strukturene garantert <strong>Ytterligere beskyttelse av bunkeren <\/strong>mot energip\u00e5virkninger for\u00e5rsaket av eksplosjonen av en atombombe. Faktisk garanterte tilstedev\u00e6relsen av isolatorene muligheten for \u00e5 utvikle relative bevegelser mellom dekkene til den indre anti -antiomiske bunkeren og de eksisterende galleriene: Derfor, i tilfelle en eksplosjon, kunne de eksterne galleriene bevege seg fritt og ikke skade bunkeren, som fortsatte \u00e5 bevare sin strategiske funksjonalitet.<\/p>\n<div class=\"cp_wrapper cp_wrapper--fw mb-50\">\n<figure class=\"mm\"><picture class=\"img\" style=\"padding-top:60.96807415036%\"><source  media=\"(min-width: 1024px)\"><source  media=\"(min-width: 768px)\"><img decoding=\"async\" loading=\"lazy\" src=\"https:\/\/nordnesrepublikken.no\/wp-content\/uploads\/2025\/04\/1743612940_710_Historien-om-Monte-Soratte-Bunker.jpg\" alt=\"Bilde\" width=\"971\" height=\"592\" class=\"js-seedtag-img\"><\/source><\/source><\/picture><\/figure>\n<\/p><\/div>\n<h2>Gjenopprettingsprosjektet i omr\u00e5det<\/h2>\n<p>Den generelle planen for utvinning av omr\u00e5det, fremmet av provinsen Roma og Lazio -regionen, gitt <strong>Gjenoppretting av forlatte nettsteder<\/strong> for \u00e5 gj\u00f8re en transformasjon som garanterte en <strong>Nytt svinghjul i lokal \u00f8konomi<\/strong>. Tanken var \u00e5 oppn\u00e5 <strong>et utbredt museum <\/strong>Langs hele ruten som utviklet en ekte park med minnet om hendelsene knyttet til andre verdenskrig og den kalde krigen. Restaureringen av omr\u00e5det, blant andre, trengte ogs\u00e5 delvis sanering av noen tunneler, dekket av <strong>Evig<\/strong>. Disse operasjonene, midlertidig lang og \u00f8konomisk dyre, ble avsluttet i desember 2013. For \u00f8yeblikket kan nettstedet bes\u00f8kes ved bestilling og representerer en ekte turistattraksjon for byen Sant&#8217;Orete.<\/p>\n<\/p><\/div>\n","protected":false},"excerpt":{"rendered":"<p>I Sant&#8217;oreste, i provinsen Roma, ble fra 1937 til midten av 1940 -tallet bygget i<\/p>\n","protected":false},"author":1,"featured_media":3022,"comment_status":"closed","ping_status":"open","sticky":false,"template":"","format":"standard","meta":{"footnotes":""},"categories":[104],"tags":[728,521,726,727],"class_list":["post-3021","post","type-post","status-publish","format-standard","has-post-thumbnail","hentry","category-samfunn","tag-bunker","tag-historien","tag-monte","tag-soratte","generate-columns","tablet-grid-50","mobile-grid-100","grid-parent","grid-33","resize-featured-image"],"yoast_head":"<!-- This site is optimized with the Yoast SEO plugin v24.4 - https:\/\/yoast.com\/wordpress\/plugins\/seo\/ -->\n<title>Historien om Monte Soratte Bunker - Nordnesrepublikken<\/title>\n<meta name=\"robots\" content=\"index, follow, max-snippet:-1, max-image-preview:large, max-video-preview:-1\" \/>\n<link rel=\"canonical\" href=\"https:\/\/nordnesrepublikken.no\/index.php\/2025\/04\/02\/historien-om-monte-soratte-bunker\/\" \/>\n<meta property=\"og:locale\" content=\"nb_NO\" \/>\n<meta property=\"og:type\" content=\"article\" \/>\n<meta property=\"og:title\" content=\"Historien om Monte Soratte Bunker - Nordnesrepublikken\" \/>\n<meta property=\"og:description\" content=\"I Sant&#8217;oreste, i provinsen Roma, ble fra 1937 til midten av 1940 -tallet bygget i\" \/>\n<meta property=\"og:url\" content=\"https:\/\/nordnesrepublikken.no\/index.php\/2025\/04\/02\/historien-om-monte-soratte-bunker\/\" \/>\n<meta property=\"og:site_name\" content=\"Nordnesrepublikken\" \/>\n<meta property=\"article:published_time\" content=\"2025-04-02T16:55:40+00:00\" \/>\n<meta property=\"article:modified_time\" content=\"2025-04-02T16:55:41+00:00\" \/>\n<meta property=\"og:image\" content=\"https:\/\/nordnesrepublikken.no\/wp-content\/uploads\/2025\/04\/1743612940_Historien-om-Monte-Soratte-Bunker.jpg\" \/>\n\t<meta property=\"og:image:width\" content=\"1280\" \/>\n\t<meta property=\"og:image:height\" content=\"720\" \/>\n\t<meta property=\"og:image:type\" content=\"image\/jpeg\" \/>\n<meta name=\"author\" content=\"Ole Andersen\" \/>\n<meta name=\"twitter:card\" content=\"summary_large_image\" \/>\n<meta name=\"twitter:label1\" content=\"Skrevet av\" \/>\n\t<meta name=\"twitter:data1\" content=\"Ole Andersen\" \/>\n\t<meta name=\"twitter:label2\" content=\"Ansl. lesetid\" \/>\n\t<meta name=\"twitter:data2\" content=\"4 minutter\" \/>\n<script type=\"application\/ld+json\" class=\"yoast-schema-graph\">{\"@context\":\"https:\/\/schema.org\",\"@graph\":[{\"@type\":\"Article\",\"@id\":\"https:\/\/nordnesrepublikken.no\/index.php\/2025\/04\/02\/historien-om-monte-soratte-bunker\/#article\",\"isPartOf\":{\"@id\":\"https:\/\/nordnesrepublikken.no\/index.php\/2025\/04\/02\/historien-om-monte-soratte-bunker\/\"},\"author\":{\"name\":\"Ole Andersen\",\"@id\":\"https:\/\/nordnesrepublikken.no\/#\/schema\/person\/2e7e81935bab77882fffb79296240ff1\"},\"headline\":\"Historien om Monte Soratte Bunker\",\"datePublished\":\"2025-04-02T16:55:40+00:00\",\"dateModified\":\"2025-04-02T16:55:41+00:00\",\"mainEntityOfPage\":{\"@id\":\"https:\/\/nordnesrepublikken.no\/index.php\/2025\/04\/02\/historien-om-monte-soratte-bunker\/\"},\"wordCount\":777,\"publisher\":{\"@id\":\"https:\/\/nordnesrepublikken.no\/#organization\"},\"image\":{\"@id\":\"https:\/\/nordnesrepublikken.no\/index.php\/2025\/04\/02\/historien-om-monte-soratte-bunker\/#primaryimage\"},\"thumbnailUrl\":\"https:\/\/nordnesrepublikken.no\/wp-content\/uploads\/2025\/04\/1743612940_Historien-om-Monte-Soratte-Bunker.jpg\",\"keywords\":[\"Bunker\",\"Historien\",\"Monte\",\"Soratte\"],\"articleSection\":[\"Samfunn\"],\"inLanguage\":\"nb-NO\"},{\"@type\":\"WebPage\",\"@id\":\"https:\/\/nordnesrepublikken.no\/index.php\/2025\/04\/02\/historien-om-monte-soratte-bunker\/\",\"url\":\"https:\/\/nordnesrepublikken.no\/index.php\/2025\/04\/02\/historien-om-monte-soratte-bunker\/\",\"name\":\"Historien om Monte Soratte Bunker - Nordnesrepublikken\",\"isPartOf\":{\"@id\":\"https:\/\/nordnesrepublikken.no\/#website\"},\"primaryImageOfPage\":{\"@id\":\"https:\/\/nordnesrepublikken.no\/index.php\/2025\/04\/02\/historien-om-monte-soratte-bunker\/#primaryimage\"},\"image\":{\"@id\":\"https:\/\/nordnesrepublikken.no\/index.php\/2025\/04\/02\/historien-om-monte-soratte-bunker\/#primaryimage\"},\"thumbnailUrl\":\"https:\/\/nordnesrepublikken.no\/wp-content\/uploads\/2025\/04\/1743612940_Historien-om-Monte-Soratte-Bunker.jpg\",\"datePublished\":\"2025-04-02T16:55:40+00:00\",\"dateModified\":\"2025-04-02T16:55:41+00:00\",\"breadcrumb\":{\"@id\":\"https:\/\/nordnesrepublikken.no\/index.php\/2025\/04\/02\/historien-om-monte-soratte-bunker\/#breadcrumb\"},\"inLanguage\":\"nb-NO\",\"potentialAction\":[{\"@type\":\"ReadAction\",\"target\":[\"https:\/\/nordnesrepublikken.no\/index.php\/2025\/04\/02\/historien-om-monte-soratte-bunker\/\"]}]},{\"@type\":\"ImageObject\",\"inLanguage\":\"nb-NO\",\"@id\":\"https:\/\/nordnesrepublikken.no\/index.php\/2025\/04\/02\/historien-om-monte-soratte-bunker\/#primaryimage\",\"url\":\"https:\/\/nordnesrepublikken.no\/wp-content\/uploads\/2025\/04\/1743612940_Historien-om-Monte-Soratte-Bunker.jpg\",\"contentUrl\":\"https:\/\/nordnesrepublikken.no\/wp-content\/uploads\/2025\/04\/1743612940_Historien-om-Monte-Soratte-Bunker.jpg\",\"width\":1280,\"height\":720,\"caption\":\"Bunker Soratte\"},{\"@type\":\"BreadcrumbList\",\"@id\":\"https:\/\/nordnesrepublikken.no\/index.php\/2025\/04\/02\/historien-om-monte-soratte-bunker\/#breadcrumb\",\"itemListElement\":[{\"@type\":\"ListItem\",\"position\":1,\"name\":\"Home\",\"item\":\"https:\/\/nordnesrepublikken.no\/\"},{\"@type\":\"ListItem\",\"position\":2,\"name\":\"Historien om Monte Soratte Bunker\"}]},{\"@type\":\"WebSite\",\"@id\":\"https:\/\/nordnesrepublikken.no\/#website\",\"url\":\"https:\/\/nordnesrepublikken.no\/\",\"name\":\"Nordnesrepublikken\",\"description\":\"Stemmer og Visjoner fra Republikkens Hjerte\",\"publisher\":{\"@id\":\"https:\/\/nordnesrepublikken.no\/#organization\"},\"potentialAction\":[{\"@type\":\"SearchAction\",\"target\":{\"@type\":\"EntryPoint\",\"urlTemplate\":\"https:\/\/nordnesrepublikken.no\/?s={search_term_string}\"},\"query-input\":{\"@type\":\"PropertyValueSpecification\",\"valueRequired\":true,\"valueName\":\"search_term_string\"}}],\"inLanguage\":\"nb-NO\"},{\"@type\":\"Organization\",\"@id\":\"https:\/\/nordnesrepublikken.no\/#organization\",\"name\":\"Nordnesrepublikken\",\"url\":\"https:\/\/nordnesrepublikken.no\/\",\"logo\":{\"@type\":\"ImageObject\",\"inLanguage\":\"nb-NO\",\"@id\":\"https:\/\/nordnesrepublikken.no\/#\/schema\/logo\/image\/\",\"url\":\"https:\/\/nordnesrepublikken.no\/wp-content\/uploads\/2025\/02\/cropped-nordnesrepublikken-2.png\",\"contentUrl\":\"https:\/\/nordnesrepublikken.no\/wp-content\/uploads\/2025\/02\/cropped-nordnesrepublikken-2.png\",\"width\":1248,\"height\":362,\"caption\":\"Nordnesrepublikken\"},\"image\":{\"@id\":\"https:\/\/nordnesrepublikken.no\/#\/schema\/logo\/image\/\"}},{\"@type\":\"Person\",\"@id\":\"https:\/\/nordnesrepublikken.no\/#\/schema\/person\/2e7e81935bab77882fffb79296240ff1\",\"name\":\"Ole Andersen\",\"image\":{\"@type\":\"ImageObject\",\"inLanguage\":\"nb-NO\",\"@id\":\"https:\/\/nordnesrepublikken.no\/#\/schema\/person\/image\/\",\"url\":\"https:\/\/nordnesrepublikken.no\/wp-content\/uploads\/2025\/02\/nordnesrepublikken-2-2-150x150.jpg\",\"contentUrl\":\"https:\/\/nordnesrepublikken.no\/wp-content\/uploads\/2025\/02\/nordnesrepublikken-2-2-150x150.jpg\",\"caption\":\"Ole Andersen\"},\"description\":\"Ettersom jeg vokste opp i Oslo, har jeg alltid v\u00e6rt fascinert av ordenes kraft og deres evne til \u00e5 skape endringer. Etter \u00e5 ha fullf\u00f8rt min utdannelse i kommunikasjon ved Universitetet i Bergen, fikk jeg muligheten til \u00e5 jobbe innen ulike medier, der jeg har s\u00f8kt \u00e5 belyse viktige samfunnssp\u00f8rsm\u00e5l. I dag, som redakt\u00f8r for Nordnesrepublikken, pr\u00f8ver jeg \u00e5 forene min kj\u00e6rlighet for journalistikk med min lidenskap for innovasjon og eventyr.\",\"sameAs\":[\"https:\/\/nordnesrepublikken.no\/\"]}]}<\/script>\n<!-- \/ Yoast SEO plugin. -->","yoast_head_json":{"title":"Historien om Monte Soratte Bunker - Nordnesrepublikken","robots":{"index":"index","follow":"follow","max-snippet":"max-snippet:-1","max-image-preview":"max-image-preview:large","max-video-preview":"max-video-preview:-1"},"canonical":"https:\/\/nordnesrepublikken.no\/index.php\/2025\/04\/02\/historien-om-monte-soratte-bunker\/","og_locale":"nb_NO","og_type":"article","og_title":"Historien om Monte Soratte Bunker - Nordnesrepublikken","og_description":"I Sant&#8217;oreste, i provinsen Roma, ble fra 1937 til midten av 1940 -tallet bygget i","og_url":"https:\/\/nordnesrepublikken.no\/index.php\/2025\/04\/02\/historien-om-monte-soratte-bunker\/","og_site_name":"Nordnesrepublikken","article_published_time":"2025-04-02T16:55:40+00:00","article_modified_time":"2025-04-02T16:55:41+00:00","og_image":[{"width":1280,"height":720,"url":"https:\/\/nordnesrepublikken.no\/wp-content\/uploads\/2025\/04\/1743612940_Historien-om-Monte-Soratte-Bunker.jpg","type":"image\/jpeg"}],"author":"Ole Andersen","twitter_card":"summary_large_image","twitter_misc":{"Skrevet av":"Ole Andersen","Ansl. lesetid":"4 minutter"},"schema":{"@context":"https:\/\/schema.org","@graph":[{"@type":"Article","@id":"https:\/\/nordnesrepublikken.no\/index.php\/2025\/04\/02\/historien-om-monte-soratte-bunker\/#article","isPartOf":{"@id":"https:\/\/nordnesrepublikken.no\/index.php\/2025\/04\/02\/historien-om-monte-soratte-bunker\/"},"author":{"name":"Ole Andersen","@id":"https:\/\/nordnesrepublikken.no\/#\/schema\/person\/2e7e81935bab77882fffb79296240ff1"},"headline":"Historien om Monte Soratte Bunker","datePublished":"2025-04-02T16:55:40+00:00","dateModified":"2025-04-02T16:55:41+00:00","mainEntityOfPage":{"@id":"https:\/\/nordnesrepublikken.no\/index.php\/2025\/04\/02\/historien-om-monte-soratte-bunker\/"},"wordCount":777,"publisher":{"@id":"https:\/\/nordnesrepublikken.no\/#organization"},"image":{"@id":"https:\/\/nordnesrepublikken.no\/index.php\/2025\/04\/02\/historien-om-monte-soratte-bunker\/#primaryimage"},"thumbnailUrl":"https:\/\/nordnesrepublikken.no\/wp-content\/uploads\/2025\/04\/1743612940_Historien-om-Monte-Soratte-Bunker.jpg","keywords":["Bunker","Historien","Monte","Soratte"],"articleSection":["Samfunn"],"inLanguage":"nb-NO"},{"@type":"WebPage","@id":"https:\/\/nordnesrepublikken.no\/index.php\/2025\/04\/02\/historien-om-monte-soratte-bunker\/","url":"https:\/\/nordnesrepublikken.no\/index.php\/2025\/04\/02\/historien-om-monte-soratte-bunker\/","name":"Historien om Monte Soratte Bunker - Nordnesrepublikken","isPartOf":{"@id":"https:\/\/nordnesrepublikken.no\/#website"},"primaryImageOfPage":{"@id":"https:\/\/nordnesrepublikken.no\/index.php\/2025\/04\/02\/historien-om-monte-soratte-bunker\/#primaryimage"},"image":{"@id":"https:\/\/nordnesrepublikken.no\/index.php\/2025\/04\/02\/historien-om-monte-soratte-bunker\/#primaryimage"},"thumbnailUrl":"https:\/\/nordnesrepublikken.no\/wp-content\/uploads\/2025\/04\/1743612940_Historien-om-Monte-Soratte-Bunker.jpg","datePublished":"2025-04-02T16:55:40+00:00","dateModified":"2025-04-02T16:55:41+00:00","breadcrumb":{"@id":"https:\/\/nordnesrepublikken.no\/index.php\/2025\/04\/02\/historien-om-monte-soratte-bunker\/#breadcrumb"},"inLanguage":"nb-NO","potentialAction":[{"@type":"ReadAction","target":["https:\/\/nordnesrepublikken.no\/index.php\/2025\/04\/02\/historien-om-monte-soratte-bunker\/"]}]},{"@type":"ImageObject","inLanguage":"nb-NO","@id":"https:\/\/nordnesrepublikken.no\/index.php\/2025\/04\/02\/historien-om-monte-soratte-bunker\/#primaryimage","url":"https:\/\/nordnesrepublikken.no\/wp-content\/uploads\/2025\/04\/1743612940_Historien-om-Monte-Soratte-Bunker.jpg","contentUrl":"https:\/\/nordnesrepublikken.no\/wp-content\/uploads\/2025\/04\/1743612940_Historien-om-Monte-Soratte-Bunker.jpg","width":1280,"height":720,"caption":"Bunker Soratte"},{"@type":"BreadcrumbList","@id":"https:\/\/nordnesrepublikken.no\/index.php\/2025\/04\/02\/historien-om-monte-soratte-bunker\/#breadcrumb","itemListElement":[{"@type":"ListItem","position":1,"name":"Home","item":"https:\/\/nordnesrepublikken.no\/"},{"@type":"ListItem","position":2,"name":"Historien om Monte Soratte Bunker"}]},{"@type":"WebSite","@id":"https:\/\/nordnesrepublikken.no\/#website","url":"https:\/\/nordnesrepublikken.no\/","name":"Nordnesrepublikken","description":"Stemmer og Visjoner fra Republikkens Hjerte","publisher":{"@id":"https:\/\/nordnesrepublikken.no\/#organization"},"potentialAction":[{"@type":"SearchAction","target":{"@type":"EntryPoint","urlTemplate":"https:\/\/nordnesrepublikken.no\/?s={search_term_string}"},"query-input":{"@type":"PropertyValueSpecification","valueRequired":true,"valueName":"search_term_string"}}],"inLanguage":"nb-NO"},{"@type":"Organization","@id":"https:\/\/nordnesrepublikken.no\/#organization","name":"Nordnesrepublikken","url":"https:\/\/nordnesrepublikken.no\/","logo":{"@type":"ImageObject","inLanguage":"nb-NO","@id":"https:\/\/nordnesrepublikken.no\/#\/schema\/logo\/image\/","url":"https:\/\/nordnesrepublikken.no\/wp-content\/uploads\/2025\/02\/cropped-nordnesrepublikken-2.png","contentUrl":"https:\/\/nordnesrepublikken.no\/wp-content\/uploads\/2025\/02\/cropped-nordnesrepublikken-2.png","width":1248,"height":362,"caption":"Nordnesrepublikken"},"image":{"@id":"https:\/\/nordnesrepublikken.no\/#\/schema\/logo\/image\/"}},{"@type":"Person","@id":"https:\/\/nordnesrepublikken.no\/#\/schema\/person\/2e7e81935bab77882fffb79296240ff1","name":"Ole Andersen","image":{"@type":"ImageObject","inLanguage":"nb-NO","@id":"https:\/\/nordnesrepublikken.no\/#\/schema\/person\/image\/","url":"https:\/\/nordnesrepublikken.no\/wp-content\/uploads\/2025\/02\/nordnesrepublikken-2-2-150x150.jpg","contentUrl":"https:\/\/nordnesrepublikken.no\/wp-content\/uploads\/2025\/02\/nordnesrepublikken-2-2-150x150.jpg","caption":"Ole Andersen"},"description":"Ettersom jeg vokste opp i Oslo, har jeg alltid v\u00e6rt fascinert av ordenes kraft og deres evne til \u00e5 skape endringer. Etter \u00e5 ha fullf\u00f8rt min utdannelse i kommunikasjon ved Universitetet i Bergen, fikk jeg muligheten til \u00e5 jobbe innen ulike medier, der jeg har s\u00f8kt \u00e5 belyse viktige samfunnssp\u00f8rsm\u00e5l. I dag, som redakt\u00f8r for Nordnesrepublikken, pr\u00f8ver jeg \u00e5 forene min kj\u00e6rlighet for journalistikk med min lidenskap for innovasjon og eventyr.","sameAs":["https:\/\/nordnesrepublikken.no\/"]}]}},"_links":{"self":[{"href":"https:\/\/nordnesrepublikken.no\/index.php\/wp-json\/wp\/v2\/posts\/3021","targetHints":{"allow":["GET"]}}],"collection":[{"href":"https:\/\/nordnesrepublikken.no\/index.php\/wp-json\/wp\/v2\/posts"}],"about":[{"href":"https:\/\/nordnesrepublikken.no\/index.php\/wp-json\/wp\/v2\/types\/post"}],"author":[{"embeddable":true,"href":"https:\/\/nordnesrepublikken.no\/index.php\/wp-json\/wp\/v2\/users\/1"}],"replies":[{"embeddable":true,"href":"https:\/\/nordnesrepublikken.no\/index.php\/wp-json\/wp\/v2\/comments?post=3021"}],"version-history":[{"count":1,"href":"https:\/\/nordnesrepublikken.no\/index.php\/wp-json\/wp\/v2\/posts\/3021\/revisions"}],"predecessor-version":[{"id":3023,"href":"https:\/\/nordnesrepublikken.no\/index.php\/wp-json\/wp\/v2\/posts\/3021\/revisions\/3023"}],"wp:featuredmedia":[{"embeddable":true,"href":"https:\/\/nordnesrepublikken.no\/index.php\/wp-json\/wp\/v2\/media\/3022"}],"wp:attachment":[{"href":"https:\/\/nordnesrepublikken.no\/index.php\/wp-json\/wp\/v2\/media?parent=3021"}],"wp:term":[{"taxonomy":"category","embeddable":true,"href":"https:\/\/nordnesrepublikken.no\/index.php\/wp-json\/wp\/v2\/categories?post=3021"},{"taxonomy":"post_tag","embeddable":true,"href":"https:\/\/nordnesrepublikken.no\/index.php\/wp-json\/wp\/v2\/tags?post=3021"}],"curies":[{"name":"wp","href":"https:\/\/api.w.org\/{rel}","templated":true}]}}