{"id":3006,"date":"2025-03-31T18:49:35","date_gmt":"2025-03-31T16:49:35","guid":{"rendered":"https:\/\/nordnesrepublikken.no\/index.php\/2025\/03\/31\/historien-om-et-omstridt-territorium-og-vellykket-integrasjon\/"},"modified":"2025-03-31T18:49:36","modified_gmt":"2025-03-31T16:49:36","slug":"historien-om-et-omstridt-territorium-og-vellykket-integrasjon","status":"publish","type":"post","link":"https:\/\/nordnesrepublikken.no\/index.php\/2025\/03\/31\/historien-om-et-omstridt-territorium-og-vellykket-integrasjon\/","title":{"rendered":"Historien om et omstridt territorium og vellykket integrasjon"},"content":{"rendered":"<div>\n      <!-- CONTENT --><\/p>\n<div class=\"cp_wrapper cp_wrapper--fw mb-30 mb-20@tablet\">\n<figure class=\"mm\"><picture class=\"img\" style=\"padding-top:56.25%\"><source  media=\"(min-width: 1024px)\"><source  media=\"(min-width: 768px)\"><\/source><\/source><\/picture><\/figure>\n<\/p><\/div>\n<p>DE&#8217;<strong>S\u00f8r -Tyrol<\/strong> (Ogs\u00e5 ringt <strong>S\u00f8r -Tyrol<\/strong>), med kapital<strong> Bolzano<\/strong>er et flertall bebodd territorium etter befolkning <strong>Tysk spr\u00e5k<\/strong>men tilh\u00f8rer Italia for <strong>historiske grunner<\/strong>. Etter f\u00f8rste verdenskrig ble han annektert til kongeriket Italia p\u00e5 grunnlag av <strong>Prinsippet om &laquo;naturlige grenser&raquo;<\/strong>Det vil si at det ble uttalt at det fra et geografisk synspunkt tilh\u00f8rte Italia og ikke lenger til \u00d8sterrike imperium. Under fascismen ble den tyske befolkningen utsatt for tvunget italianisering, men etter andre verdenskrig, den <strong>De Gasperi-Gruber-avtaler<\/strong>fremdeles i kraft i dag, garanterte de retten til \u00e5 bruke det tyske spr\u00e5ket i alle offentlige og private omr\u00e5der. S\u00f8r -Tyrol er dermed et tilfelle av<strong> Vellykket integrasjon<\/strong> av et spr\u00e5klig minoritet.<\/p>\n<h2><strong>Hva er South Tyrol\/South Tyrol<\/strong><\/h2>\n<p>S\u00f8r -Tyrol, kalt S\u00f8r -Tyrol av tysk -talende borgere, er et alpint territorium og sammenfaller i dag med <strong>Autonom provins Bolzano<\/strong>. Innbyggerne i tysk spr\u00e5k og etnisitet utgj\u00f8r<strong> 69,5% av totalen<\/strong>. Sammen med dem er det italienske minoriteter (ca. 26%) og Ladin Language, et nytt formspr\u00e5k bare p\u00e5 dette omr\u00e5det (ca. 4%). Den tyske befolkningen er flertall i 102 kommuner i provinsen Bolzano av 116. Hva kommer denne situasjonen fra?<\/p>\n<div class=\"cp_wrapper cp_wrapper--fw mb-50\">\n<figure class=\"mm\"><picture class=\"img\" style=\"padding-top:125.94142259414%\"><source  media=\"(min-width: 1024px)\"><source  media=\"(min-width: 768px)\"><img decoding=\"async\" loading=\"lazy\" src=\"https:\/\/nordnesrepublikken.no\/wp-content\/uploads\/2025\/03\/1743439775_621_Historien-om-et-omstridt-territorium-og-vellykket-integrasjon.jpg\" alt=\"Den autonome provinsen Bolzano\" width=\"239\" height=\"301\"><\/source><\/source><\/picture><\/figure>\n<\/p><\/div>\n<h2><strong>S\u00f8r -Tyrol til f\u00f8rste verdenskrig<\/strong><\/h2>\n<p>S\u00f8r -Tyrol, som er p\u00e5 grensen mellom italienske spr\u00e5komr\u00e5der og tysk -talende territorier, har alltid v\u00e6rt bebodd av en <strong>blandet befolkning<\/strong>om enn med forskjellige proporsjoner avhengig av periodene. P\u00e5 1800 -tallet den<strong>\u00d8sterrikes imperium <\/strong>Jeg fremmet en tyskerpolitikk, som \u00f8kte den tyske talende befolkningen. I 1910 erkl\u00e6rte 90% av innbyggerne seg tyske.<\/p>\n<p>S\u00f8r -Tyrol falt derfor ikke blant de \u00f8sterrikske territoriene som Italia hevdet etter enheten, de &laquo;irreverente landene&raquo;, som hovedsakelig inkluderte regionene bebodd av italienske majoriteter: Trentino, Trieste, Istria, Dalmatia. I nasjonalistiske bevegelser ble det imidlertid antatt at grensen mellom Italia og \u00d8sterrikes imperium skulle bringes til <strong>Passo del Brennero<\/strong>dermed annektering av S\u00f8r -Tyrol. I 1915 signerte den italienske regjeringen <strong>London Pact<\/strong> Med landene i Triple Intesa, for \u00e5 etablere kompensasjonen som var ansvarlig for \u00e5 delta i f\u00f8rste verdenskrig, og slo fast at S\u00f8r -Tyrol ogs\u00e5 ville bli annektert. P\u00e5standen skyldtes <strong>imperialistiske grunner<\/strong>men det var rettferdiggjort med prinsippet om den &laquo;naturlige grensen&raquo;: den italienske regjeringen hevdet at den fysiske konformasjonen av Italia inkluderte &laquo;naturlig&raquo; ogs\u00e5 S\u00f8r -Tyrol, opp til fjellet kjent som Glockenkarkopf (som p\u00e5 begynnelsen av 1900 -tallet begynte \u00e5 bli kalt <strong>Toppm\u00f8tet i Italia<\/strong>), og at kontrollen av territoriet var n\u00f8dvendig for landets milit\u00e6re forsvar.<\/p>\n<div class=\"cp_wrapper cp_wrapper--fw mb-50\">\n<figure class=\"mm\"><picture class=\"img\" style=\"padding-top:63.746438746439%\"><source  media=\"(min-width: 1024px)\"><source  media=\"(min-width: 768px)\"><img decoding=\"async\" loading=\"lazy\" src=\"https:\/\/nordnesrepublikken.no\/wp-content\/uploads\/2025\/03\/1743439775_562_Historien-om-et-omstridt-territorium-og-vellykket-integrasjon.jpg\" alt=\"Toppm\u00f8tet i Italia i 1918, med tricolor heist av italienske soldater\" width=\"1404\" height=\"895\" class=\"js-seedtag-img\"><\/source><\/source><\/picture><\/figure>\n<\/p><\/div>\n<h2>Siden South Tyrol er italiensk: Fredsavtalene i 1919<\/h2>\n<p>P\u00e5 slutten av verdenskrigen fikk kongeriket Italia noen vanskeligheter med \u00e5 oppn\u00e5 respekt for London -pakten p\u00e5 den \u00f8stlige grensen, men S\u00f8r -Tyrol var <strong>overf\u00f8rt uten problemer<\/strong>. Presidenten i USA, Woodrow Wilson, motsatte seg ikke, som st\u00f8ttet prinsippet om selvbestemmelse av folkeslag og kontrasterte de italienske p\u00e5standene p\u00e5 den \u00f8stlige grensen. Grensen mellom Italia og \u00d8sterrike ble brakt til Brenner, og siden den gang S\u00f8r -Tyrol <strong>har alltid v\u00e6rt en del av Italia<\/strong>med unntak av en kort periode under andre verdenskrig.<\/p>\n<h2><strong>Fascisme og andre verdenskrig<\/strong><\/h2>\n<p>Det fascistiske regimet sendte inn befolkningen i S\u00f8r -Tyrol til<strong>tvang italianisering. <\/strong>Toponymene ble endret, skoler og tysk -talende aviser ble gradvis undertrykt, innbyggerne fikk muligheten til \u00e5 italienere etternavnet. Befolkningen som erkl\u00e6rte seg italienskfona, oversteg 30% av totalen.<\/p>\n<div class=\"cp_wrapper cp_wrapper--fw mb-50\">\n<figure class=\"mm\"><picture class=\"img\" style=\"padding-top:139.22413793103%\"><source  media=\"(min-width: 1024px)\"><source  media=\"(min-width: 768px)\"><img decoding=\"async\" loading=\"lazy\" src=\"https:\/\/nordnesrepublikken.no\/wp-content\/uploads\/2025\/03\/Historien-om-et-omstridt-territorium-og-vellykket-integrasjon.jpeg\" alt=\"Fascistisk parade i Bolzano\" width=\"696\" height=\"969\"><\/source><\/source><\/picture><\/figure>\n<\/p><\/div>\n<p>Da Italia knyttet til Nazi -Tyskland, som st\u00f8ttet prinsippet om \u00e5 bringe alle tyskerne til en enkelt stat, ble tilh\u00f8righeten til S\u00f8r -Tyrol til Italia et problem. Til tross for de d\u00e5rlige stemningene i nazistpartiet, gikk Hitler imidlertid med p\u00e5 \u00e5 overlate territoriet til Italia i bytte for anerkjennelse av annekteringen av \u00d8sterrike. I 1939 ble fascismen, i samsvar med naziregimet, p\u00e5lagt tyske borgere i S\u00f8r -Tyrol av <strong>Velg mellom to alternativer<\/strong>: Flytt til Tyskland eller godta italianisering. Krigens utbrudd forhindret i \u00e5 fullf\u00f8re operasjonen. I 1943, da <strong>Italiensk sosial republikk<\/strong>Nazi -Tyskland hadde ingen skrupler til \u00e5 annektere S\u00f8r -Tyrol, men p\u00e5 slutten av krigen kom territoriet tilbake til Italia igjen.<\/p>\n<h2><strong>De Gasperi-Gruer-avtalene og den andre etterkrigstiden<\/strong><\/h2>\n<p>Etter andre verdenskrig ble \u00d8sterrike p\u00e5 nytt uavhengighet. I 1946 kansleren <strong>Karl Gruber<\/strong> og presidenten for det italienske r\u00e5det <strong>Alcide de Gasperi<\/strong> De signerte en avtale, p\u00e5 grunnlag av at \u00d8sterrike aksepterte tilh\u00f8righeten til S\u00f8r -Tyrol til Italia, men p\u00e5tok seg en slags rolle som &laquo;beskytter&raquo; av den tyske befolkningen som var bosatt der. Den italienske regjeringen p\u00e5tok seg \u00e5 gjenopprette tyske skoler, for \u00e5 innf\u00f8re tospr\u00e5klige toponymer (eller til og med tospr\u00e5klige i Ladin -flertallsomr\u00e5dene), ogs\u00e5 utarbeidet administrative dokumenter p\u00e5 tysk, for \u00e5 tillate tilbakekomst av dem som i 1939 hadde valgt \u00e5 flytte til Nazi -Tyskland. Beskyttelsen av spr\u00e5klige minoriteter ble ogs\u00e5 anerkjent av republikkens konstitusjon.<\/p>\n<div class=\"cp_wrapper cp_wrapper--fw mb-50\">\n<figure class=\"mm\"><picture class=\"img\" style=\"padding-top:65.182829888712%\"><source  media=\"(min-width: 1024px)\"><source  media=\"(min-width: 768px)\"><img decoding=\"async\" loading=\"lazy\" src=\"https:\/\/nordnesrepublikken.no\/wp-content\/uploads\/2025\/03\/1743439775_595_Historien-om-et-omstridt-territorium-og-vellykket-integrasjon.jpeg\" alt=\"Signaturen til De Gasperi -avtalene - Gruber\" width=\"629\" height=\"410\" class=\"js-seedtag-img\"><\/source><\/source><\/picture><\/figure>\n<\/p><\/div>\n<p>Bruken av De Gasperi-Gruber-avtalene var ikke fri for problemer og p\u00e5 50- og 60-tallet a <strong>terrorbevegelse <\/strong>som ba om annektering av S\u00f8r -Tyrol til \u00d8sterrike, men gjennom \u00e5rene har situasjonen stabilisert seg og spenningene er redusert. I dag regnes S\u00f8r -Tyrol som en modell for integrering av spr\u00e5klige minoriteter.<\/p>\n<\/p><\/div>\n","protected":false},"excerpt":{"rendered":"<p>DE&#8217;S\u00f8r -Tyrol (Ogs\u00e5 ringt S\u00f8r -Tyrol), med kapital Bolzanoer et flertall bebodd territorium etter befolkning<\/p>\n","protected":false},"author":1,"featured_media":3007,"comment_status":"closed","ping_status":"open","sticky":false,"template":"","format":"standard","meta":{"footnotes":""},"categories":[23],"tags":[521,707,704,705,706],"class_list":["post-3006","post","type-post","status-publish","format-standard","has-post-thumbnail","hentry","category-politikk","tag-historien","tag-integrasjon","tag-omstridt","tag-territorium","tag-vellykket","generate-columns","tablet-grid-50","mobile-grid-100","grid-parent","grid-33","resize-featured-image"],"yoast_head":"<!-- This site is optimized with the Yoast SEO plugin v24.4 - https:\/\/yoast.com\/wordpress\/plugins\/seo\/ -->\n<title>Historien om et omstridt territorium og vellykket integrasjon - Nordnesrepublikken<\/title>\n<meta name=\"robots\" content=\"index, follow, max-snippet:-1, max-image-preview:large, max-video-preview:-1\" \/>\n<link rel=\"canonical\" href=\"https:\/\/nordnesrepublikken.no\/index.php\/2025\/03\/31\/historien-om-et-omstridt-territorium-og-vellykket-integrasjon\/\" \/>\n<meta property=\"og:locale\" content=\"nb_NO\" \/>\n<meta property=\"og:type\" content=\"article\" \/>\n<meta property=\"og:title\" content=\"Historien om et omstridt territorium og vellykket integrasjon - Nordnesrepublikken\" \/>\n<meta property=\"og:description\" content=\"DE&#8217;S\u00f8r -Tyrol (Ogs\u00e5 ringt S\u00f8r -Tyrol), med kapital Bolzanoer et flertall bebodd territorium etter befolkning\" \/>\n<meta property=\"og:url\" content=\"https:\/\/nordnesrepublikken.no\/index.php\/2025\/03\/31\/historien-om-et-omstridt-territorium-og-vellykket-integrasjon\/\" \/>\n<meta property=\"og:site_name\" content=\"Nordnesrepublikken\" \/>\n<meta property=\"article:published_time\" content=\"2025-03-31T16:49:35+00:00\" \/>\n<meta property=\"article:modified_time\" content=\"2025-03-31T16:49:36+00:00\" \/>\n<meta property=\"og:image\" content=\"https:\/\/nordnesrepublikken.no\/wp-content\/uploads\/2025\/03\/1743439775_Historien-om-et-omstridt-territorium-og-vellykket-integrasjon.jpg\" \/>\n\t<meta property=\"og:image:width\" content=\"1280\" \/>\n\t<meta property=\"og:image:height\" content=\"720\" \/>\n\t<meta property=\"og:image:type\" content=\"image\/jpeg\" \/>\n<meta name=\"author\" content=\"Ole Andersen\" \/>\n<meta name=\"twitter:card\" content=\"summary_large_image\" \/>\n<meta name=\"twitter:label1\" content=\"Skrevet av\" \/>\n\t<meta name=\"twitter:data1\" content=\"Ole Andersen\" \/>\n\t<meta name=\"twitter:label2\" content=\"Ansl. lesetid\" \/>\n\t<meta name=\"twitter:data2\" content=\"4 minutter\" \/>\n<script type=\"application\/ld+json\" class=\"yoast-schema-graph\">{\"@context\":\"https:\/\/schema.org\",\"@graph\":[{\"@type\":\"Article\",\"@id\":\"https:\/\/nordnesrepublikken.no\/index.php\/2025\/03\/31\/historien-om-et-omstridt-territorium-og-vellykket-integrasjon\/#article\",\"isPartOf\":{\"@id\":\"https:\/\/nordnesrepublikken.no\/index.php\/2025\/03\/31\/historien-om-et-omstridt-territorium-og-vellykket-integrasjon\/\"},\"author\":{\"name\":\"Ole Andersen\",\"@id\":\"https:\/\/nordnesrepublikken.no\/#\/schema\/person\/2e7e81935bab77882fffb79296240ff1\"},\"headline\":\"Historien om et omstridt territorium og vellykket integrasjon\",\"datePublished\":\"2025-03-31T16:49:35+00:00\",\"dateModified\":\"2025-03-31T16:49:36+00:00\",\"mainEntityOfPage\":{\"@id\":\"https:\/\/nordnesrepublikken.no\/index.php\/2025\/03\/31\/historien-om-et-omstridt-territorium-og-vellykket-integrasjon\/\"},\"wordCount\":833,\"publisher\":{\"@id\":\"https:\/\/nordnesrepublikken.no\/#organization\"},\"image\":{\"@id\":\"https:\/\/nordnesrepublikken.no\/index.php\/2025\/03\/31\/historien-om-et-omstridt-territorium-og-vellykket-integrasjon\/#primaryimage\"},\"thumbnailUrl\":\"https:\/\/nordnesrepublikken.no\/wp-content\/uploads\/2025\/03\/1743439775_Historien-om-et-omstridt-territorium-og-vellykket-integrasjon.jpg\",\"keywords\":[\"Historien\",\"integrasjon\",\"omstridt\",\"territorium\",\"vellykket\"],\"articleSection\":[\"Politikk\"],\"inLanguage\":\"nb-NO\"},{\"@type\":\"WebPage\",\"@id\":\"https:\/\/nordnesrepublikken.no\/index.php\/2025\/03\/31\/historien-om-et-omstridt-territorium-og-vellykket-integrasjon\/\",\"url\":\"https:\/\/nordnesrepublikken.no\/index.php\/2025\/03\/31\/historien-om-et-omstridt-territorium-og-vellykket-integrasjon\/\",\"name\":\"Historien om et omstridt territorium og vellykket integrasjon - Nordnesrepublikken\",\"isPartOf\":{\"@id\":\"https:\/\/nordnesrepublikken.no\/#website\"},\"primaryImageOfPage\":{\"@id\":\"https:\/\/nordnesrepublikken.no\/index.php\/2025\/03\/31\/historien-om-et-omstridt-territorium-og-vellykket-integrasjon\/#primaryimage\"},\"image\":{\"@id\":\"https:\/\/nordnesrepublikken.no\/index.php\/2025\/03\/31\/historien-om-et-omstridt-territorium-og-vellykket-integrasjon\/#primaryimage\"},\"thumbnailUrl\":\"https:\/\/nordnesrepublikken.no\/wp-content\/uploads\/2025\/03\/1743439775_Historien-om-et-omstridt-territorium-og-vellykket-integrasjon.jpg\",\"datePublished\":\"2025-03-31T16:49:35+00:00\",\"dateModified\":\"2025-03-31T16:49:36+00:00\",\"breadcrumb\":{\"@id\":\"https:\/\/nordnesrepublikken.no\/index.php\/2025\/03\/31\/historien-om-et-omstridt-territorium-og-vellykket-integrasjon\/#breadcrumb\"},\"inLanguage\":\"nb-NO\",\"potentialAction\":[{\"@type\":\"ReadAction\",\"target\":[\"https:\/\/nordnesrepublikken.no\/index.php\/2025\/03\/31\/historien-om-et-omstridt-territorium-og-vellykket-integrasjon\/\"]}]},{\"@type\":\"ImageObject\",\"inLanguage\":\"nb-NO\",\"@id\":\"https:\/\/nordnesrepublikken.no\/index.php\/2025\/03\/31\/historien-om-et-omstridt-territorium-og-vellykket-integrasjon\/#primaryimage\",\"url\":\"https:\/\/nordnesrepublikken.no\/wp-content\/uploads\/2025\/03\/1743439775_Historien-om-et-omstridt-territorium-og-vellykket-integrasjon.jpg\",\"contentUrl\":\"https:\/\/nordnesrepublikken.no\/wp-content\/uploads\/2025\/03\/1743439775_Historien-om-et-omstridt-territorium-og-vellykket-integrasjon.jpg\",\"width\":1280,\"height\":720,\"caption\":\"alto adige italiano\"},{\"@type\":\"BreadcrumbList\",\"@id\":\"https:\/\/nordnesrepublikken.no\/index.php\/2025\/03\/31\/historien-om-et-omstridt-territorium-og-vellykket-integrasjon\/#breadcrumb\",\"itemListElement\":[{\"@type\":\"ListItem\",\"position\":1,\"name\":\"Home\",\"item\":\"https:\/\/nordnesrepublikken.no\/\"},{\"@type\":\"ListItem\",\"position\":2,\"name\":\"Historien om et omstridt territorium og vellykket integrasjon\"}]},{\"@type\":\"WebSite\",\"@id\":\"https:\/\/nordnesrepublikken.no\/#website\",\"url\":\"https:\/\/nordnesrepublikken.no\/\",\"name\":\"Nordnesrepublikken\",\"description\":\"Stemmer og Visjoner fra Republikkens Hjerte\",\"publisher\":{\"@id\":\"https:\/\/nordnesrepublikken.no\/#organization\"},\"potentialAction\":[{\"@type\":\"SearchAction\",\"target\":{\"@type\":\"EntryPoint\",\"urlTemplate\":\"https:\/\/nordnesrepublikken.no\/?s={search_term_string}\"},\"query-input\":{\"@type\":\"PropertyValueSpecification\",\"valueRequired\":true,\"valueName\":\"search_term_string\"}}],\"inLanguage\":\"nb-NO\"},{\"@type\":\"Organization\",\"@id\":\"https:\/\/nordnesrepublikken.no\/#organization\",\"name\":\"Nordnesrepublikken\",\"url\":\"https:\/\/nordnesrepublikken.no\/\",\"logo\":{\"@type\":\"ImageObject\",\"inLanguage\":\"nb-NO\",\"@id\":\"https:\/\/nordnesrepublikken.no\/#\/schema\/logo\/image\/\",\"url\":\"https:\/\/nordnesrepublikken.no\/wp-content\/uploads\/2025\/02\/cropped-nordnesrepublikken-2.png\",\"contentUrl\":\"https:\/\/nordnesrepublikken.no\/wp-content\/uploads\/2025\/02\/cropped-nordnesrepublikken-2.png\",\"width\":1248,\"height\":362,\"caption\":\"Nordnesrepublikken\"},\"image\":{\"@id\":\"https:\/\/nordnesrepublikken.no\/#\/schema\/logo\/image\/\"}},{\"@type\":\"Person\",\"@id\":\"https:\/\/nordnesrepublikken.no\/#\/schema\/person\/2e7e81935bab77882fffb79296240ff1\",\"name\":\"Ole Andersen\",\"image\":{\"@type\":\"ImageObject\",\"inLanguage\":\"nb-NO\",\"@id\":\"https:\/\/nordnesrepublikken.no\/#\/schema\/person\/image\/\",\"url\":\"https:\/\/nordnesrepublikken.no\/wp-content\/uploads\/2025\/02\/nordnesrepublikken-2-2-150x150.jpg\",\"contentUrl\":\"https:\/\/nordnesrepublikken.no\/wp-content\/uploads\/2025\/02\/nordnesrepublikken-2-2-150x150.jpg\",\"caption\":\"Ole Andersen\"},\"description\":\"Ettersom jeg vokste opp i Oslo, har jeg alltid v\u00e6rt fascinert av ordenes kraft og deres evne til \u00e5 skape endringer. Etter \u00e5 ha fullf\u00f8rt min utdannelse i kommunikasjon ved Universitetet i Bergen, fikk jeg muligheten til \u00e5 jobbe innen ulike medier, der jeg har s\u00f8kt \u00e5 belyse viktige samfunnssp\u00f8rsm\u00e5l. I dag, som redakt\u00f8r for Nordnesrepublikken, pr\u00f8ver jeg \u00e5 forene min kj\u00e6rlighet for journalistikk med min lidenskap for innovasjon og eventyr.\",\"sameAs\":[\"https:\/\/nordnesrepublikken.no\/\"]}]}<\/script>\n<!-- \/ Yoast SEO plugin. -->","yoast_head_json":{"title":"Historien om et omstridt territorium og vellykket integrasjon - Nordnesrepublikken","robots":{"index":"index","follow":"follow","max-snippet":"max-snippet:-1","max-image-preview":"max-image-preview:large","max-video-preview":"max-video-preview:-1"},"canonical":"https:\/\/nordnesrepublikken.no\/index.php\/2025\/03\/31\/historien-om-et-omstridt-territorium-og-vellykket-integrasjon\/","og_locale":"nb_NO","og_type":"article","og_title":"Historien om et omstridt territorium og vellykket integrasjon - Nordnesrepublikken","og_description":"DE&#8217;S\u00f8r -Tyrol (Ogs\u00e5 ringt S\u00f8r -Tyrol), med kapital Bolzanoer et flertall bebodd territorium etter befolkning","og_url":"https:\/\/nordnesrepublikken.no\/index.php\/2025\/03\/31\/historien-om-et-omstridt-territorium-og-vellykket-integrasjon\/","og_site_name":"Nordnesrepublikken","article_published_time":"2025-03-31T16:49:35+00:00","article_modified_time":"2025-03-31T16:49:36+00:00","og_image":[{"width":1280,"height":720,"url":"https:\/\/nordnesrepublikken.no\/wp-content\/uploads\/2025\/03\/1743439775_Historien-om-et-omstridt-territorium-og-vellykket-integrasjon.jpg","type":"image\/jpeg"}],"author":"Ole Andersen","twitter_card":"summary_large_image","twitter_misc":{"Skrevet av":"Ole Andersen","Ansl. lesetid":"4 minutter"},"schema":{"@context":"https:\/\/schema.org","@graph":[{"@type":"Article","@id":"https:\/\/nordnesrepublikken.no\/index.php\/2025\/03\/31\/historien-om-et-omstridt-territorium-og-vellykket-integrasjon\/#article","isPartOf":{"@id":"https:\/\/nordnesrepublikken.no\/index.php\/2025\/03\/31\/historien-om-et-omstridt-territorium-og-vellykket-integrasjon\/"},"author":{"name":"Ole Andersen","@id":"https:\/\/nordnesrepublikken.no\/#\/schema\/person\/2e7e81935bab77882fffb79296240ff1"},"headline":"Historien om et omstridt territorium og vellykket integrasjon","datePublished":"2025-03-31T16:49:35+00:00","dateModified":"2025-03-31T16:49:36+00:00","mainEntityOfPage":{"@id":"https:\/\/nordnesrepublikken.no\/index.php\/2025\/03\/31\/historien-om-et-omstridt-territorium-og-vellykket-integrasjon\/"},"wordCount":833,"publisher":{"@id":"https:\/\/nordnesrepublikken.no\/#organization"},"image":{"@id":"https:\/\/nordnesrepublikken.no\/index.php\/2025\/03\/31\/historien-om-et-omstridt-territorium-og-vellykket-integrasjon\/#primaryimage"},"thumbnailUrl":"https:\/\/nordnesrepublikken.no\/wp-content\/uploads\/2025\/03\/1743439775_Historien-om-et-omstridt-territorium-og-vellykket-integrasjon.jpg","keywords":["Historien","integrasjon","omstridt","territorium","vellykket"],"articleSection":["Politikk"],"inLanguage":"nb-NO"},{"@type":"WebPage","@id":"https:\/\/nordnesrepublikken.no\/index.php\/2025\/03\/31\/historien-om-et-omstridt-territorium-og-vellykket-integrasjon\/","url":"https:\/\/nordnesrepublikken.no\/index.php\/2025\/03\/31\/historien-om-et-omstridt-territorium-og-vellykket-integrasjon\/","name":"Historien om et omstridt territorium og vellykket integrasjon - Nordnesrepublikken","isPartOf":{"@id":"https:\/\/nordnesrepublikken.no\/#website"},"primaryImageOfPage":{"@id":"https:\/\/nordnesrepublikken.no\/index.php\/2025\/03\/31\/historien-om-et-omstridt-territorium-og-vellykket-integrasjon\/#primaryimage"},"image":{"@id":"https:\/\/nordnesrepublikken.no\/index.php\/2025\/03\/31\/historien-om-et-omstridt-territorium-og-vellykket-integrasjon\/#primaryimage"},"thumbnailUrl":"https:\/\/nordnesrepublikken.no\/wp-content\/uploads\/2025\/03\/1743439775_Historien-om-et-omstridt-territorium-og-vellykket-integrasjon.jpg","datePublished":"2025-03-31T16:49:35+00:00","dateModified":"2025-03-31T16:49:36+00:00","breadcrumb":{"@id":"https:\/\/nordnesrepublikken.no\/index.php\/2025\/03\/31\/historien-om-et-omstridt-territorium-og-vellykket-integrasjon\/#breadcrumb"},"inLanguage":"nb-NO","potentialAction":[{"@type":"ReadAction","target":["https:\/\/nordnesrepublikken.no\/index.php\/2025\/03\/31\/historien-om-et-omstridt-territorium-og-vellykket-integrasjon\/"]}]},{"@type":"ImageObject","inLanguage":"nb-NO","@id":"https:\/\/nordnesrepublikken.no\/index.php\/2025\/03\/31\/historien-om-et-omstridt-territorium-og-vellykket-integrasjon\/#primaryimage","url":"https:\/\/nordnesrepublikken.no\/wp-content\/uploads\/2025\/03\/1743439775_Historien-om-et-omstridt-territorium-og-vellykket-integrasjon.jpg","contentUrl":"https:\/\/nordnesrepublikken.no\/wp-content\/uploads\/2025\/03\/1743439775_Historien-om-et-omstridt-territorium-og-vellykket-integrasjon.jpg","width":1280,"height":720,"caption":"alto adige italiano"},{"@type":"BreadcrumbList","@id":"https:\/\/nordnesrepublikken.no\/index.php\/2025\/03\/31\/historien-om-et-omstridt-territorium-og-vellykket-integrasjon\/#breadcrumb","itemListElement":[{"@type":"ListItem","position":1,"name":"Home","item":"https:\/\/nordnesrepublikken.no\/"},{"@type":"ListItem","position":2,"name":"Historien om et omstridt territorium og vellykket integrasjon"}]},{"@type":"WebSite","@id":"https:\/\/nordnesrepublikken.no\/#website","url":"https:\/\/nordnesrepublikken.no\/","name":"Nordnesrepublikken","description":"Stemmer og Visjoner fra Republikkens Hjerte","publisher":{"@id":"https:\/\/nordnesrepublikken.no\/#organization"},"potentialAction":[{"@type":"SearchAction","target":{"@type":"EntryPoint","urlTemplate":"https:\/\/nordnesrepublikken.no\/?s={search_term_string}"},"query-input":{"@type":"PropertyValueSpecification","valueRequired":true,"valueName":"search_term_string"}}],"inLanguage":"nb-NO"},{"@type":"Organization","@id":"https:\/\/nordnesrepublikken.no\/#organization","name":"Nordnesrepublikken","url":"https:\/\/nordnesrepublikken.no\/","logo":{"@type":"ImageObject","inLanguage":"nb-NO","@id":"https:\/\/nordnesrepublikken.no\/#\/schema\/logo\/image\/","url":"https:\/\/nordnesrepublikken.no\/wp-content\/uploads\/2025\/02\/cropped-nordnesrepublikken-2.png","contentUrl":"https:\/\/nordnesrepublikken.no\/wp-content\/uploads\/2025\/02\/cropped-nordnesrepublikken-2.png","width":1248,"height":362,"caption":"Nordnesrepublikken"},"image":{"@id":"https:\/\/nordnesrepublikken.no\/#\/schema\/logo\/image\/"}},{"@type":"Person","@id":"https:\/\/nordnesrepublikken.no\/#\/schema\/person\/2e7e81935bab77882fffb79296240ff1","name":"Ole Andersen","image":{"@type":"ImageObject","inLanguage":"nb-NO","@id":"https:\/\/nordnesrepublikken.no\/#\/schema\/person\/image\/","url":"https:\/\/nordnesrepublikken.no\/wp-content\/uploads\/2025\/02\/nordnesrepublikken-2-2-150x150.jpg","contentUrl":"https:\/\/nordnesrepublikken.no\/wp-content\/uploads\/2025\/02\/nordnesrepublikken-2-2-150x150.jpg","caption":"Ole Andersen"},"description":"Ettersom jeg vokste opp i Oslo, har jeg alltid v\u00e6rt fascinert av ordenes kraft og deres evne til \u00e5 skape endringer. Etter \u00e5 ha fullf\u00f8rt min utdannelse i kommunikasjon ved Universitetet i Bergen, fikk jeg muligheten til \u00e5 jobbe innen ulike medier, der jeg har s\u00f8kt \u00e5 belyse viktige samfunnssp\u00f8rsm\u00e5l. I dag, som redakt\u00f8r for Nordnesrepublikken, pr\u00f8ver jeg \u00e5 forene min kj\u00e6rlighet for journalistikk med min lidenskap for innovasjon og eventyr.","sameAs":["https:\/\/nordnesrepublikken.no\/"]}]}},"_links":{"self":[{"href":"https:\/\/nordnesrepublikken.no\/index.php\/wp-json\/wp\/v2\/posts\/3006","targetHints":{"allow":["GET"]}}],"collection":[{"href":"https:\/\/nordnesrepublikken.no\/index.php\/wp-json\/wp\/v2\/posts"}],"about":[{"href":"https:\/\/nordnesrepublikken.no\/index.php\/wp-json\/wp\/v2\/types\/post"}],"author":[{"embeddable":true,"href":"https:\/\/nordnesrepublikken.no\/index.php\/wp-json\/wp\/v2\/users\/1"}],"replies":[{"embeddable":true,"href":"https:\/\/nordnesrepublikken.no\/index.php\/wp-json\/wp\/v2\/comments?post=3006"}],"version-history":[{"count":1,"href":"https:\/\/nordnesrepublikken.no\/index.php\/wp-json\/wp\/v2\/posts\/3006\/revisions"}],"predecessor-version":[{"id":3008,"href":"https:\/\/nordnesrepublikken.no\/index.php\/wp-json\/wp\/v2\/posts\/3006\/revisions\/3008"}],"wp:featuredmedia":[{"embeddable":true,"href":"https:\/\/nordnesrepublikken.no\/index.php\/wp-json\/wp\/v2\/media\/3007"}],"wp:attachment":[{"href":"https:\/\/nordnesrepublikken.no\/index.php\/wp-json\/wp\/v2\/media?parent=3006"}],"wp:term":[{"taxonomy":"category","embeddable":true,"href":"https:\/\/nordnesrepublikken.no\/index.php\/wp-json\/wp\/v2\/categories?post=3006"},{"taxonomy":"post_tag","embeddable":true,"href":"https:\/\/nordnesrepublikken.no\/index.php\/wp-json\/wp\/v2\/tags?post=3006"}],"curies":[{"name":"wp","href":"https:\/\/api.w.org\/{rel}","templated":true}]}}