{"id":3000,"date":"2025-03-31T09:49:33","date_gmt":"2025-03-31T07:49:33","guid":{"rendered":"https:\/\/nordnesrepublikken.no\/index.php\/2025\/03\/31\/territoriet-til-kamcatka-den-russiske-halvoya-der-brannen-moter-isen\/"},"modified":"2025-03-31T09:49:41","modified_gmt":"2025-03-31T07:49:41","slug":"territoriet-til-kamcatka-den-russiske-halvoya-der-brannen-moter-isen","status":"publish","type":"post","link":"https:\/\/nordnesrepublikken.no\/index.php\/2025\/03\/31\/territoriet-til-kamcatka-den-russiske-halvoya-der-brannen-moter-isen\/","title":{"rendered":"Territoriet til Kam\u010datka, den russiske halv\u00f8ya der brannen m\u00f8ter isen"},"content":{"rendered":"<div>\n      <!-- CONTENT --><\/p>\n<div class=\"cp_wrapper cp_wrapper--fw mb-30 mb-20@tablet\">\n<figure class=\"mm\"><picture class=\"img\" style=\"padding-top:56.25%\"><source  media=\"(min-width: 1024px)\"><source  media=\"(min-width: 768px)\"><\/source><\/source><\/picture><\/figure>\n<\/p><\/div>\n<p>Der <strong>Kam\u010datka<\/strong>en enorm halv\u00f8ya i \u00d8sten med rundt 350 000 innbyggere, for det meste av russisk etnisitet, er en ekte juvel fra det asiatiske kontinentet, preget av en<strong> vill natur<\/strong> og fra <strong>Geologiske fenomener<\/strong> unik som tjente henne navnet p\u00e5 &laquo;<strong>Brannhalv\u00f8ya<\/strong>&laquo;. Med utover <strong>300 vulkaner<\/strong>hvorav tretti aktive, er UNESCO -eiendeler. Om det var alliert eller fiende, og spilte en <strong>Risiko<\/strong> Vi kom alle over minst en gang i den strategiske Kam\u010datka (og mest sannsynlig, i et fors\u00f8k p\u00e5 \u00e5 uttale navnet hans riktig).<\/p>\n<h2>Der Kam\u010datka ligger, hvor mange innbyggere er der og hvilket spr\u00e5k vi snakker om<\/h2>\n<p>Der <strong>Kam\u010datka<\/strong>ogs\u00e5 skrevet og uttalt <strong>Camciatca<\/strong>er en halv\u00f8y som utvikler seg langs den \u00f8stligste kysten av det asiatiske kontinentet, mellom <strong>Ochotsk Sea<\/strong> (mot vest) el &#8216;<strong>Stillehavet<\/strong> (mot \u00f8st). Har et omr\u00e5de p\u00e5 omtrent <strong>270 000 km\u00b2<\/strong>litt mindre enn hele forlengelsen av Italia (lik 302 069,41 km\u00b2), men i noen planisf\u00e6rer kan det imidlertid virke som tydelig st\u00f8rre enn landet v\u00e5rt. Dette skyldes faktisk den geometriske forvrengningen av overflatene som foreg\u00e5r med visse fremskrivninger som brukes i kartografi i reproduksjonen av den buede overflaten av planeten v\u00e5r p\u00e5 et to -dimensjonalt og &laquo;flatt&raquo; stativ, som et bilde.<\/p>\n<p>Kam\u010datka er ganske n\u00e6r<strong>Alaska <\/strong>(omtrent \u00e5tti kilometer), hvorfra den er atskilt fra kulden <strong>Bering Strait<\/strong>men som han deler mange geografiske og geologiske aspekter.<\/p>\n<div class=\"cp_wrapper cp_wrapper--fw mb-50\">\n<figure class=\"mm\"><picture class=\"img\" style=\"padding-top:100%\"><source  media=\"(min-width: 1024px)\"><source  media=\"(min-width: 768px)\"><img decoding=\"async\" loading=\"lazy\" src=\"https:\/\/nordnesrepublikken.no\/wp-content\/uploads\/2025\/03\/1743407373_105_Territoriet-til-Kamcatka-den-russiske-halvoya-der-brannen-moter-isen.jpg\" alt=\"Kamchatka Peninsula\" width=\"1732\" height=\"1732\"><\/source><\/source><\/picture><\/figure>\n<\/p><\/div>\n<p>Halv\u00f8ya er faktisk et stort omr\u00e5de <strong>vill<\/strong> Og <strong>uber\u00f8rt<\/strong> og den knappe russiske befolkningen, mindre enn 350 000 innbyggere, finnes hovedsakelig i hovedstaden i regionen, byen <strong>Petropavlovsk-Kam\u010datskij<\/strong>. Til disse legges de f\u00e5 tusen individer fra den autoktoniske etniske gruppen av <strong>Itelmeni<\/strong>eller <strong>peis<\/strong>som bor i jakt og fiske i de s\u00f8rlige territoriene.<\/p>\n<div class=\"cp_wrapper cp_wrapper--fw mb-50\">\n<figure class=\"mm\"><picture class=\"img\" style=\"padding-top:66.666666666667%\"><source  media=\"(min-width: 1024px)\"><source  media=\"(min-width: 768px)\"><img decoding=\"async\" loading=\"lazy\" src=\"https:\/\/nordnesrepublikken.no\/wp-content\/uploads\/2025\/03\/1743407373_914_Territoriet-til-Kamcatka-den-russiske-halvoya-der-brannen-moter-isen.jpg\" alt=\"Kamcatka kvinner\" width=\"4443\" height=\"2962\" class=\"js-seedtag-img\"><\/source><\/source><\/picture><\/figure>\n<\/p><\/div>\n<p>Klimaet er fremfor alt <strong>subartikk<\/strong>selv om det er preget av <strong>intens<\/strong> <strong>Nedb\u00f8r<\/strong> P\u00e5 grunn av fuktigheten brakt av luftmassene som kommer fra havet, og bestemmer en bemerkelsesverdig <strong>Biodiversitet<\/strong>b\u00e5de n\u00e5r det gjelder flora og n\u00e5r det gjelder fauna.<\/p>\n<p>Selv om territoriet i stor grad er preget av <strong>Tundra bioma<\/strong>faktisk er det ogs\u00e5 utvidede skoger av <strong>bartr\u00e6r<\/strong> og av <strong>mangel<\/strong>s\u00e5 vel som stor og ulastelig <strong>eng<\/strong>. N\u00e5r det gjelder <strong>Fauna<\/strong>P\u00e5 den annen side er de fleste av dyreartene som er typiske for de h\u00f8yeste breddegrader p\u00e5 planeten til stede p\u00e5 halv\u00f8ya: brune bj\u00f8rner, ulv, arktiske rever og r\u00f8de rever, rein, alci, samt et virkelig betydelig antall fiskearter og cetaceans, som lever og vandrer til det kalde vannet det nord-vestlige.<\/p>\n<div class=\"cp_wrapper cp_wrapper--fw mb-50\">\n<figure class=\"mm\"><picture class=\"img\" style=\"padding-top:56.258120398441%\"><source  media=\"(min-width: 1024px)\"><source  media=\"(min-width: 768px)\"><img decoding=\"async\" loading=\"lazy\" src=\"https:\/\/nordnesrepublikken.no\/wp-content\/uploads\/2025\/03\/1743407373_364_Territoriet-til-Kamcatka-den-russiske-halvoya-der-brannen-moter-isen.jpg\" alt=\"Kuril Lake\" width=\"2309\" height=\"1299\"><\/source><\/source><\/picture><\/figure>\n<\/p><\/div>\n<h2>Geologi, ressurser og vulkaner p\u00e5 den russiske halv\u00f8ya<\/h2>\n<p>Kam\u010datka er landet til <strong>intens geologisk aktivitet<\/strong>. I tillegg til de to viktigste fjellkjedene, <strong>Kjede<\/strong> <strong>Sentral<\/strong> og <strong>Kjede<\/strong> <strong>\u00d8stlig<\/strong>som utgj\u00f8r ryggraden p\u00e5 den lange halv\u00f8ya, er til stede utenfor <strong>300 vulkaner<\/strong>hvorav <strong>omtrent tretti aktive<\/strong>. Spektakulariteten til vulkanisme i denne regionen er slik at den ogs\u00e5 har blitt anerkjent av UNESCO, og av denne grunn \u00e5 sette inn i <strong>Liste over verdensarvstedet<\/strong> Takket v\u00e6re den sterke tettheten av aktive vulkaner, mangfoldet av deres typer og de naturlige landskapene de gir liv til.<\/p>\n<p>Vulkanen <b>Klju\u010devskaja Sophka<\/b>ligger i den \u00f8stlige kjeden, med sin egen <strong>4 800 meter over havet<\/strong> Det er det h\u00f8yeste fjellet Kam\u010datka, s\u00e5 vel som den h\u00f8yeste aktive vulkanen i hele det eurasiske kontinentet.<\/p>\n<p>Den intense geologiske aktiviteten i regionen er \u00e5penbart korrelert med den geografiske posisjonen: halv\u00f8ya er faktisk p\u00e5 en del av <strong>Pacific Fire Belt<\/strong>et omr\u00e5de der Ocean Zolle synker under de kontinentale i henhold til fenomenet <strong>subduksjon <\/strong>i teorien om<strong> tektonikk av plater<\/strong>. I alle fall ang\u00e5r ikke interessen for Kam\u010datka bare de fantastiske naturmilj\u00f8ene og de fascinerende geologiske fenomenene. Halv\u00f8ya inkluderer en i\u00f8ynefallende mengde av <strong>ressurs<\/strong> <strong>gruvedrift<\/strong>inkludert forekomster av gull, s\u00f8lv, platina og nikkel, men ogs\u00e5 <strong>drivstoff<\/strong> <strong>Fossiler<\/strong>for eksempel naturgass, olje og kull.<\/p>\n<p>Et annet viktig aspekt er muligheten for \u00e5 oppn\u00e5 store mengder av <strong>energi<\/strong> <strong>geotermisk<\/strong> I kraft av den betydelige geologiske aktiviteten i hele omr\u00e5det.<\/p>\n<\/p><\/div>\n","protected":false},"excerpt":{"rendered":"<p>Der Kam\u010datkaen enorm halv\u00f8ya i \u00d8sten med rundt 350 000 innbyggere, for det meste av<\/p>\n","protected":false},"author":1,"featured_media":3001,"comment_status":"closed","ping_status":"open","sticky":false,"template":"","format":"standard","meta":{"footnotes":""},"categories":[26],"tags":[694,74,490,693,696,691,695,692,690,117],"class_list":["post-3000","post","type-post","status-publish","format-standard","has-post-thumbnail","hentry","category-miljo","tag-brannen","tag-den","tag-der","tag-halvoya","tag-isen","tag-kamcatka","tag-moter","tag-russiske","tag-territoriet","tag-til","generate-columns","tablet-grid-50","mobile-grid-100","grid-parent","grid-33","resize-featured-image"],"yoast_head":"<!-- This site is optimized with the Yoast SEO plugin v24.4 - https:\/\/yoast.com\/wordpress\/plugins\/seo\/ -->\n<title>Territoriet til Kam\u010datka, den russiske halv\u00f8ya der brannen m\u00f8ter isen - Nordnesrepublikken<\/title>\n<meta name=\"robots\" content=\"index, follow, max-snippet:-1, max-image-preview:large, max-video-preview:-1\" \/>\n<link rel=\"canonical\" href=\"https:\/\/nordnesrepublikken.no\/index.php\/2025\/03\/31\/territoriet-til-kamcatka-den-russiske-halvoya-der-brannen-moter-isen\/\" \/>\n<meta property=\"og:locale\" content=\"nb_NO\" \/>\n<meta property=\"og:type\" content=\"article\" \/>\n<meta property=\"og:title\" content=\"Territoriet til Kam\u010datka, den russiske halv\u00f8ya der brannen m\u00f8ter isen - Nordnesrepublikken\" \/>\n<meta property=\"og:description\" content=\"Der Kam\u010datkaen enorm halv\u00f8ya i \u00d8sten med rundt 350 000 innbyggere, for det meste av\" \/>\n<meta property=\"og:url\" content=\"https:\/\/nordnesrepublikken.no\/index.php\/2025\/03\/31\/territoriet-til-kamcatka-den-russiske-halvoya-der-brannen-moter-isen\/\" \/>\n<meta property=\"og:site_name\" content=\"Nordnesrepublikken\" \/>\n<meta property=\"article:published_time\" content=\"2025-03-31T07:49:33+00:00\" \/>\n<meta property=\"article:modified_time\" content=\"2025-03-31T07:49:41+00:00\" \/>\n<meta property=\"og:image\" content=\"https:\/\/nordnesrepublikken.no\/wp-content\/uploads\/2025\/03\/1743407374_Territoriet-til-Kamcatka-den-russiske-halvoya-der-brannen-moter-isen-scaled.jpg\" \/>\n\t<meta property=\"og:image:width\" content=\"2560\" \/>\n\t<meta property=\"og:image:height\" content=\"1706\" \/>\n\t<meta property=\"og:image:type\" content=\"image\/jpeg\" \/>\n<meta name=\"author\" content=\"Ole Andersen\" \/>\n<meta name=\"twitter:card\" content=\"summary_large_image\" \/>\n<meta name=\"twitter:label1\" content=\"Skrevet av\" \/>\n\t<meta name=\"twitter:data1\" content=\"Ole Andersen\" \/>\n\t<meta name=\"twitter:label2\" content=\"Ansl. lesetid\" \/>\n\t<meta name=\"twitter:data2\" content=\"3 minutter\" \/>\n<script type=\"application\/ld+json\" class=\"yoast-schema-graph\">{\"@context\":\"https:\/\/schema.org\",\"@graph\":[{\"@type\":\"Article\",\"@id\":\"https:\/\/nordnesrepublikken.no\/index.php\/2025\/03\/31\/territoriet-til-kamcatka-den-russiske-halvoya-der-brannen-moter-isen\/#article\",\"isPartOf\":{\"@id\":\"https:\/\/nordnesrepublikken.no\/index.php\/2025\/03\/31\/territoriet-til-kamcatka-den-russiske-halvoya-der-brannen-moter-isen\/\"},\"author\":{\"name\":\"Ole Andersen\",\"@id\":\"https:\/\/nordnesrepublikken.no\/#\/schema\/person\/2e7e81935bab77882fffb79296240ff1\"},\"headline\":\"Territoriet til Kam\u010datka, den russiske halv\u00f8ya der brannen m\u00f8ter isen\",\"datePublished\":\"2025-03-31T07:49:33+00:00\",\"dateModified\":\"2025-03-31T07:49:41+00:00\",\"mainEntityOfPage\":{\"@id\":\"https:\/\/nordnesrepublikken.no\/index.php\/2025\/03\/31\/territoriet-til-kamcatka-den-russiske-halvoya-der-brannen-moter-isen\/\"},\"wordCount\":662,\"publisher\":{\"@id\":\"https:\/\/nordnesrepublikken.no\/#organization\"},\"image\":{\"@id\":\"https:\/\/nordnesrepublikken.no\/index.php\/2025\/03\/31\/territoriet-til-kamcatka-den-russiske-halvoya-der-brannen-moter-isen\/#primaryimage\"},\"thumbnailUrl\":\"https:\/\/nordnesrepublikken.no\/wp-content\/uploads\/2025\/03\/1743407374_Territoriet-til-Kamcatka-den-russiske-halvoya-der-brannen-moter-isen-scaled.jpg\",\"keywords\":[\"brannen\",\"den\",\"der\",\"halv\u00f8ya\",\"isen\",\"Kam\u010datka\",\"m\u00f8ter\",\"russiske\",\"Territoriet\",\"til\"],\"articleSection\":[\"Milj\u00f8\"],\"inLanguage\":\"nb-NO\"},{\"@type\":\"WebPage\",\"@id\":\"https:\/\/nordnesrepublikken.no\/index.php\/2025\/03\/31\/territoriet-til-kamcatka-den-russiske-halvoya-der-brannen-moter-isen\/\",\"url\":\"https:\/\/nordnesrepublikken.no\/index.php\/2025\/03\/31\/territoriet-til-kamcatka-den-russiske-halvoya-der-brannen-moter-isen\/\",\"name\":\"Territoriet til Kam\u010datka, den russiske halv\u00f8ya der brannen m\u00f8ter isen - Nordnesrepublikken\",\"isPartOf\":{\"@id\":\"https:\/\/nordnesrepublikken.no\/#website\"},\"primaryImageOfPage\":{\"@id\":\"https:\/\/nordnesrepublikken.no\/index.php\/2025\/03\/31\/territoriet-til-kamcatka-den-russiske-halvoya-der-brannen-moter-isen\/#primaryimage\"},\"image\":{\"@id\":\"https:\/\/nordnesrepublikken.no\/index.php\/2025\/03\/31\/territoriet-til-kamcatka-den-russiske-halvoya-der-brannen-moter-isen\/#primaryimage\"},\"thumbnailUrl\":\"https:\/\/nordnesrepublikken.no\/wp-content\/uploads\/2025\/03\/1743407374_Territoriet-til-Kamcatka-den-russiske-halvoya-der-brannen-moter-isen-scaled.jpg\",\"datePublished\":\"2025-03-31T07:49:33+00:00\",\"dateModified\":\"2025-03-31T07:49:41+00:00\",\"breadcrumb\":{\"@id\":\"https:\/\/nordnesrepublikken.no\/index.php\/2025\/03\/31\/territoriet-til-kamcatka-den-russiske-halvoya-der-brannen-moter-isen\/#breadcrumb\"},\"inLanguage\":\"nb-NO\",\"potentialAction\":[{\"@type\":\"ReadAction\",\"target\":[\"https:\/\/nordnesrepublikken.no\/index.php\/2025\/03\/31\/territoriet-til-kamcatka-den-russiske-halvoya-der-brannen-moter-isen\/\"]}]},{\"@type\":\"ImageObject\",\"inLanguage\":\"nb-NO\",\"@id\":\"https:\/\/nordnesrepublikken.no\/index.php\/2025\/03\/31\/territoriet-til-kamcatka-den-russiske-halvoya-der-brannen-moter-isen\/#primaryimage\",\"url\":\"https:\/\/nordnesrepublikken.no\/wp-content\/uploads\/2025\/03\/1743407374_Territoriet-til-Kamcatka-den-russiske-halvoya-der-brannen-moter-isen-scaled.jpg\",\"contentUrl\":\"https:\/\/nordnesrepublikken.no\/wp-content\/uploads\/2025\/03\/1743407374_Territoriet-til-Kamcatka-den-russiske-halvoya-der-brannen-moter-isen-scaled.jpg\",\"width\":2560,\"height\":1706,\"caption\":\"Kamchacha russia\"},{\"@type\":\"BreadcrumbList\",\"@id\":\"https:\/\/nordnesrepublikken.no\/index.php\/2025\/03\/31\/territoriet-til-kamcatka-den-russiske-halvoya-der-brannen-moter-isen\/#breadcrumb\",\"itemListElement\":[{\"@type\":\"ListItem\",\"position\":1,\"name\":\"Home\",\"item\":\"https:\/\/nordnesrepublikken.no\/\"},{\"@type\":\"ListItem\",\"position\":2,\"name\":\"Territoriet til Kam\u010datka, den russiske halv\u00f8ya der brannen m\u00f8ter isen\"}]},{\"@type\":\"WebSite\",\"@id\":\"https:\/\/nordnesrepublikken.no\/#website\",\"url\":\"https:\/\/nordnesrepublikken.no\/\",\"name\":\"Nordnesrepublikken\",\"description\":\"Stemmer og Visjoner fra Republikkens Hjerte\",\"publisher\":{\"@id\":\"https:\/\/nordnesrepublikken.no\/#organization\"},\"potentialAction\":[{\"@type\":\"SearchAction\",\"target\":{\"@type\":\"EntryPoint\",\"urlTemplate\":\"https:\/\/nordnesrepublikken.no\/?s={search_term_string}\"},\"query-input\":{\"@type\":\"PropertyValueSpecification\",\"valueRequired\":true,\"valueName\":\"search_term_string\"}}],\"inLanguage\":\"nb-NO\"},{\"@type\":\"Organization\",\"@id\":\"https:\/\/nordnesrepublikken.no\/#organization\",\"name\":\"Nordnesrepublikken\",\"url\":\"https:\/\/nordnesrepublikken.no\/\",\"logo\":{\"@type\":\"ImageObject\",\"inLanguage\":\"nb-NO\",\"@id\":\"https:\/\/nordnesrepublikken.no\/#\/schema\/logo\/image\/\",\"url\":\"https:\/\/nordnesrepublikken.no\/wp-content\/uploads\/2025\/02\/cropped-nordnesrepublikken-2.png\",\"contentUrl\":\"https:\/\/nordnesrepublikken.no\/wp-content\/uploads\/2025\/02\/cropped-nordnesrepublikken-2.png\",\"width\":1248,\"height\":362,\"caption\":\"Nordnesrepublikken\"},\"image\":{\"@id\":\"https:\/\/nordnesrepublikken.no\/#\/schema\/logo\/image\/\"}},{\"@type\":\"Person\",\"@id\":\"https:\/\/nordnesrepublikken.no\/#\/schema\/person\/2e7e81935bab77882fffb79296240ff1\",\"name\":\"Ole Andersen\",\"image\":{\"@type\":\"ImageObject\",\"inLanguage\":\"nb-NO\",\"@id\":\"https:\/\/nordnesrepublikken.no\/#\/schema\/person\/image\/\",\"url\":\"https:\/\/nordnesrepublikken.no\/wp-content\/uploads\/2025\/02\/nordnesrepublikken-2-2-150x150.jpg\",\"contentUrl\":\"https:\/\/nordnesrepublikken.no\/wp-content\/uploads\/2025\/02\/nordnesrepublikken-2-2-150x150.jpg\",\"caption\":\"Ole Andersen\"},\"description\":\"Ettersom jeg vokste opp i Oslo, har jeg alltid v\u00e6rt fascinert av ordenes kraft og deres evne til \u00e5 skape endringer. Etter \u00e5 ha fullf\u00f8rt min utdannelse i kommunikasjon ved Universitetet i Bergen, fikk jeg muligheten til \u00e5 jobbe innen ulike medier, der jeg har s\u00f8kt \u00e5 belyse viktige samfunnssp\u00f8rsm\u00e5l. I dag, som redakt\u00f8r for Nordnesrepublikken, pr\u00f8ver jeg \u00e5 forene min kj\u00e6rlighet for journalistikk med min lidenskap for innovasjon og eventyr.\",\"sameAs\":[\"https:\/\/nordnesrepublikken.no\/\"]}]}<\/script>\n<!-- \/ Yoast SEO plugin. -->","yoast_head_json":{"title":"Territoriet til Kam\u010datka, den russiske halv\u00f8ya der brannen m\u00f8ter isen - Nordnesrepublikken","robots":{"index":"index","follow":"follow","max-snippet":"max-snippet:-1","max-image-preview":"max-image-preview:large","max-video-preview":"max-video-preview:-1"},"canonical":"https:\/\/nordnesrepublikken.no\/index.php\/2025\/03\/31\/territoriet-til-kamcatka-den-russiske-halvoya-der-brannen-moter-isen\/","og_locale":"nb_NO","og_type":"article","og_title":"Territoriet til Kam\u010datka, den russiske halv\u00f8ya der brannen m\u00f8ter isen - Nordnesrepublikken","og_description":"Der Kam\u010datkaen enorm halv\u00f8ya i \u00d8sten med rundt 350 000 innbyggere, for det meste av","og_url":"https:\/\/nordnesrepublikken.no\/index.php\/2025\/03\/31\/territoriet-til-kamcatka-den-russiske-halvoya-der-brannen-moter-isen\/","og_site_name":"Nordnesrepublikken","article_published_time":"2025-03-31T07:49:33+00:00","article_modified_time":"2025-03-31T07:49:41+00:00","og_image":[{"width":2560,"height":1706,"url":"https:\/\/nordnesrepublikken.no\/wp-content\/uploads\/2025\/03\/1743407374_Territoriet-til-Kamcatka-den-russiske-halvoya-der-brannen-moter-isen-scaled.jpg","type":"image\/jpeg"}],"author":"Ole Andersen","twitter_card":"summary_large_image","twitter_misc":{"Skrevet av":"Ole Andersen","Ansl. lesetid":"3 minutter"},"schema":{"@context":"https:\/\/schema.org","@graph":[{"@type":"Article","@id":"https:\/\/nordnesrepublikken.no\/index.php\/2025\/03\/31\/territoriet-til-kamcatka-den-russiske-halvoya-der-brannen-moter-isen\/#article","isPartOf":{"@id":"https:\/\/nordnesrepublikken.no\/index.php\/2025\/03\/31\/territoriet-til-kamcatka-den-russiske-halvoya-der-brannen-moter-isen\/"},"author":{"name":"Ole Andersen","@id":"https:\/\/nordnesrepublikken.no\/#\/schema\/person\/2e7e81935bab77882fffb79296240ff1"},"headline":"Territoriet til Kam\u010datka, den russiske halv\u00f8ya der brannen m\u00f8ter isen","datePublished":"2025-03-31T07:49:33+00:00","dateModified":"2025-03-31T07:49:41+00:00","mainEntityOfPage":{"@id":"https:\/\/nordnesrepublikken.no\/index.php\/2025\/03\/31\/territoriet-til-kamcatka-den-russiske-halvoya-der-brannen-moter-isen\/"},"wordCount":662,"publisher":{"@id":"https:\/\/nordnesrepublikken.no\/#organization"},"image":{"@id":"https:\/\/nordnesrepublikken.no\/index.php\/2025\/03\/31\/territoriet-til-kamcatka-den-russiske-halvoya-der-brannen-moter-isen\/#primaryimage"},"thumbnailUrl":"https:\/\/nordnesrepublikken.no\/wp-content\/uploads\/2025\/03\/1743407374_Territoriet-til-Kamcatka-den-russiske-halvoya-der-brannen-moter-isen-scaled.jpg","keywords":["brannen","den","der","halv\u00f8ya","isen","Kam\u010datka","m\u00f8ter","russiske","Territoriet","til"],"articleSection":["Milj\u00f8"],"inLanguage":"nb-NO"},{"@type":"WebPage","@id":"https:\/\/nordnesrepublikken.no\/index.php\/2025\/03\/31\/territoriet-til-kamcatka-den-russiske-halvoya-der-brannen-moter-isen\/","url":"https:\/\/nordnesrepublikken.no\/index.php\/2025\/03\/31\/territoriet-til-kamcatka-den-russiske-halvoya-der-brannen-moter-isen\/","name":"Territoriet til Kam\u010datka, den russiske halv\u00f8ya der brannen m\u00f8ter isen - Nordnesrepublikken","isPartOf":{"@id":"https:\/\/nordnesrepublikken.no\/#website"},"primaryImageOfPage":{"@id":"https:\/\/nordnesrepublikken.no\/index.php\/2025\/03\/31\/territoriet-til-kamcatka-den-russiske-halvoya-der-brannen-moter-isen\/#primaryimage"},"image":{"@id":"https:\/\/nordnesrepublikken.no\/index.php\/2025\/03\/31\/territoriet-til-kamcatka-den-russiske-halvoya-der-brannen-moter-isen\/#primaryimage"},"thumbnailUrl":"https:\/\/nordnesrepublikken.no\/wp-content\/uploads\/2025\/03\/1743407374_Territoriet-til-Kamcatka-den-russiske-halvoya-der-brannen-moter-isen-scaled.jpg","datePublished":"2025-03-31T07:49:33+00:00","dateModified":"2025-03-31T07:49:41+00:00","breadcrumb":{"@id":"https:\/\/nordnesrepublikken.no\/index.php\/2025\/03\/31\/territoriet-til-kamcatka-den-russiske-halvoya-der-brannen-moter-isen\/#breadcrumb"},"inLanguage":"nb-NO","potentialAction":[{"@type":"ReadAction","target":["https:\/\/nordnesrepublikken.no\/index.php\/2025\/03\/31\/territoriet-til-kamcatka-den-russiske-halvoya-der-brannen-moter-isen\/"]}]},{"@type":"ImageObject","inLanguage":"nb-NO","@id":"https:\/\/nordnesrepublikken.no\/index.php\/2025\/03\/31\/territoriet-til-kamcatka-den-russiske-halvoya-der-brannen-moter-isen\/#primaryimage","url":"https:\/\/nordnesrepublikken.no\/wp-content\/uploads\/2025\/03\/1743407374_Territoriet-til-Kamcatka-den-russiske-halvoya-der-brannen-moter-isen-scaled.jpg","contentUrl":"https:\/\/nordnesrepublikken.no\/wp-content\/uploads\/2025\/03\/1743407374_Territoriet-til-Kamcatka-den-russiske-halvoya-der-brannen-moter-isen-scaled.jpg","width":2560,"height":1706,"caption":"Kamchacha russia"},{"@type":"BreadcrumbList","@id":"https:\/\/nordnesrepublikken.no\/index.php\/2025\/03\/31\/territoriet-til-kamcatka-den-russiske-halvoya-der-brannen-moter-isen\/#breadcrumb","itemListElement":[{"@type":"ListItem","position":1,"name":"Home","item":"https:\/\/nordnesrepublikken.no\/"},{"@type":"ListItem","position":2,"name":"Territoriet til Kam\u010datka, den russiske halv\u00f8ya der brannen m\u00f8ter isen"}]},{"@type":"WebSite","@id":"https:\/\/nordnesrepublikken.no\/#website","url":"https:\/\/nordnesrepublikken.no\/","name":"Nordnesrepublikken","description":"Stemmer og Visjoner fra Republikkens Hjerte","publisher":{"@id":"https:\/\/nordnesrepublikken.no\/#organization"},"potentialAction":[{"@type":"SearchAction","target":{"@type":"EntryPoint","urlTemplate":"https:\/\/nordnesrepublikken.no\/?s={search_term_string}"},"query-input":{"@type":"PropertyValueSpecification","valueRequired":true,"valueName":"search_term_string"}}],"inLanguage":"nb-NO"},{"@type":"Organization","@id":"https:\/\/nordnesrepublikken.no\/#organization","name":"Nordnesrepublikken","url":"https:\/\/nordnesrepublikken.no\/","logo":{"@type":"ImageObject","inLanguage":"nb-NO","@id":"https:\/\/nordnesrepublikken.no\/#\/schema\/logo\/image\/","url":"https:\/\/nordnesrepublikken.no\/wp-content\/uploads\/2025\/02\/cropped-nordnesrepublikken-2.png","contentUrl":"https:\/\/nordnesrepublikken.no\/wp-content\/uploads\/2025\/02\/cropped-nordnesrepublikken-2.png","width":1248,"height":362,"caption":"Nordnesrepublikken"},"image":{"@id":"https:\/\/nordnesrepublikken.no\/#\/schema\/logo\/image\/"}},{"@type":"Person","@id":"https:\/\/nordnesrepublikken.no\/#\/schema\/person\/2e7e81935bab77882fffb79296240ff1","name":"Ole Andersen","image":{"@type":"ImageObject","inLanguage":"nb-NO","@id":"https:\/\/nordnesrepublikken.no\/#\/schema\/person\/image\/","url":"https:\/\/nordnesrepublikken.no\/wp-content\/uploads\/2025\/02\/nordnesrepublikken-2-2-150x150.jpg","contentUrl":"https:\/\/nordnesrepublikken.no\/wp-content\/uploads\/2025\/02\/nordnesrepublikken-2-2-150x150.jpg","caption":"Ole Andersen"},"description":"Ettersom jeg vokste opp i Oslo, har jeg alltid v\u00e6rt fascinert av ordenes kraft og deres evne til \u00e5 skape endringer. Etter \u00e5 ha fullf\u00f8rt min utdannelse i kommunikasjon ved Universitetet i Bergen, fikk jeg muligheten til \u00e5 jobbe innen ulike medier, der jeg har s\u00f8kt \u00e5 belyse viktige samfunnssp\u00f8rsm\u00e5l. I dag, som redakt\u00f8r for Nordnesrepublikken, pr\u00f8ver jeg \u00e5 forene min kj\u00e6rlighet for journalistikk med min lidenskap for innovasjon og eventyr.","sameAs":["https:\/\/nordnesrepublikken.no\/"]}]}},"_links":{"self":[{"href":"https:\/\/nordnesrepublikken.no\/index.php\/wp-json\/wp\/v2\/posts\/3000","targetHints":{"allow":["GET"]}}],"collection":[{"href":"https:\/\/nordnesrepublikken.no\/index.php\/wp-json\/wp\/v2\/posts"}],"about":[{"href":"https:\/\/nordnesrepublikken.no\/index.php\/wp-json\/wp\/v2\/types\/post"}],"author":[{"embeddable":true,"href":"https:\/\/nordnesrepublikken.no\/index.php\/wp-json\/wp\/v2\/users\/1"}],"replies":[{"embeddable":true,"href":"https:\/\/nordnesrepublikken.no\/index.php\/wp-json\/wp\/v2\/comments?post=3000"}],"version-history":[{"count":1,"href":"https:\/\/nordnesrepublikken.no\/index.php\/wp-json\/wp\/v2\/posts\/3000\/revisions"}],"predecessor-version":[{"id":3002,"href":"https:\/\/nordnesrepublikken.no\/index.php\/wp-json\/wp\/v2\/posts\/3000\/revisions\/3002"}],"wp:featuredmedia":[{"embeddable":true,"href":"https:\/\/nordnesrepublikken.no\/index.php\/wp-json\/wp\/v2\/media\/3001"}],"wp:attachment":[{"href":"https:\/\/nordnesrepublikken.no\/index.php\/wp-json\/wp\/v2\/media?parent=3000"}],"wp:term":[{"taxonomy":"category","embeddable":true,"href":"https:\/\/nordnesrepublikken.no\/index.php\/wp-json\/wp\/v2\/categories?post=3000"},{"taxonomy":"post_tag","embeddable":true,"href":"https:\/\/nordnesrepublikken.no\/index.php\/wp-json\/wp\/v2\/tags?post=3000"}],"curies":[{"name":"wp","href":"https:\/\/api.w.org\/{rel}","templated":true}]}}