{"id":2988,"date":"2025-03-30T20:50:57","date_gmt":"2025-03-30T18:50:57","guid":{"rendered":"https:\/\/nordnesrepublikken.no\/index.php\/2025\/03\/30\/norge-i-sjokk-etter-brutal-knivstikking-i-trondheim-etterlater-fire-skadde\/"},"modified":"2025-03-30T20:50:57","modified_gmt":"2025-03-30T18:50:57","slug":"norge-i-sjokk-etter-brutal-knivstikking-i-trondheim-etterlater-fire-skadde","status":"publish","type":"post","link":"https:\/\/nordnesrepublikken.no\/index.php\/2025\/03\/30\/norge-i-sjokk-etter-brutal-knivstikking-i-trondheim-etterlater-fire-skadde\/","title":{"rendered":"Norge i sjokk etter brutal knivstikking i Trondheim etterlater fire skadde"},"content":{"rendered":"<p><\/p>\n<div class=\"wordpress-content\">\n                    <!-- Article Start --><\/p>\n<p><strong>Det som var ment \u00e5 v\u00e6re en rolig l\u00f8rdag ettermiddag i den norske byen Trondheim, tok en grufull sving etter at en voldelig knivstikkende hendelse etterlot fire personer skadet.<\/strong><\/p>\n<p>Angrepet skjedde denne l\u00f8rdagen i M\u00f8llenberg, et vanligvis rolig boligomr\u00e5de. If\u00f8lge rapporter br\u00f8t volden ut mellom fem personer &#8211; to kvinner og tre menn &#8211; alle antatt \u00e5 v\u00e6re mellom 20 og 40 \u00e5r. En av de skadde antas \u00e5 v\u00e6re angriperen selv.<\/p>\n<p>N\u00f8detatene kom raskt og beskrev scenen som &#8216;en alvorlig og voldelig hendelse&#8217;.<\/p>\n<div class=\"sra_unit\"><link rel=\"stylesheet\" id=\"block-sra\" href=\"https:\/\/euroweeklynews.com\/wp-content\/plugins\/snack-related-articles\/dist\/css\/snack-related.min.css?250312-193541\" type=\"text\/css\" media=\"all\">\n<\/div>\n<h2>Trondheim knivstikkende ofre innlagt p\u00e5 sykehus som mistenkt arrestert<\/h2>\n<p>Politiet bekreftet at en person er i kritisk tilstand, mens to andre er alvorlig skadet. Et fjerde offer fikk lettere skader. Alle av dem, inkludert den mistenkte angriperen, er innlagt p\u00e5 sykehus for behandling og er under n\u00f8ye observasjon.<\/p>\n<p>Myndighetene har ogs\u00e5 avsl\u00f8rt at mannen som antas \u00e5 v\u00e6re ansvarlig er rundt 40 \u00e5r gammel og har en tidligere domfellelse for alvorlig overgrep. Motivet for angrepet er enn\u00e5 ikke blitt offentliggjort.<\/p>\n<h2>Trondheim -politiet bekrefter ingen p\u00e5g\u00e5ende trussel etter knivstikkangrep<\/h2>\n<p>Den mistenkte ble arrestert p\u00e5 \u00e5stedet, og politiet sier at situasjonen n\u00e5 er under kontroll, uten ytterligere fare for innbyggerne.<\/p>\n<p>&laquo;Dette var en m\u00e5lrettet hendelse som involverte mennesker som ser ut til \u00e5 ha kjent hverandre,&raquo; forklarte en talsperson for politiet. &laquo;Akkurat n\u00e5 er v\u00e5rt fokus p\u00e5 ofrene og sikre at de f\u00e5r den omsorgen de trenger.&raquo;<\/p>\n<p>Stikkingen har rystet samfunnet, med mange lokale som uttrykker sjokk at en s\u00e5 voldelig hendelse kan skje i deres normalt fredelige by.<\/p>\n<p>Finn flere nyheter fra Norge<\/p>\n<p>                    <!-- Article End --><\/p><\/div>\n","protected":false},"excerpt":{"rendered":"<p>Det som var ment \u00e5 v\u00e6re en rolig l\u00f8rdag ettermiddag i den norske byen Trondheim,<\/p>\n","protected":false},"author":1,"featured_media":2989,"comment_status":"closed","ping_status":"open","sticky":false,"template":"","format":"standard","meta":{"footnotes":""},"categories":[22],"tags":[671,92,674,513,672,153,557,675,673],"class_list":["post-2988","post","type-post","status-publish","format-standard","has-post-thumbnail","hentry","category-nasjonal","tag-brutal","tag-etter","tag-etterlater","tag-fire","tag-knivstikking","tag-norge","tag-sjokk","tag-skadde","tag-trondheim","generate-columns","tablet-grid-50","mobile-grid-100","grid-parent","grid-33","resize-featured-image"],"yoast_head":"<!-- This site is optimized with the Yoast SEO plugin v24.4 - https:\/\/yoast.com\/wordpress\/plugins\/seo\/ -->\n<title>Norge i sjokk etter brutal knivstikking i Trondheim etterlater fire skadde - Nordnesrepublikken<\/title>\n<meta name=\"robots\" content=\"index, follow, max-snippet:-1, max-image-preview:large, max-video-preview:-1\" \/>\n<link rel=\"canonical\" href=\"https:\/\/nordnesrepublikken.no\/index.php\/2025\/03\/30\/norge-i-sjokk-etter-brutal-knivstikking-i-trondheim-etterlater-fire-skadde\/\" \/>\n<meta property=\"og:locale\" content=\"nb_NO\" \/>\n<meta property=\"og:type\" content=\"article\" \/>\n<meta property=\"og:title\" content=\"Norge i sjokk etter brutal knivstikking i Trondheim etterlater fire skadde - Nordnesrepublikken\" \/>\n<meta property=\"og:description\" content=\"Det som var ment \u00e5 v\u00e6re en rolig l\u00f8rdag ettermiddag i den norske byen Trondheim,\" \/>\n<meta property=\"og:url\" content=\"https:\/\/nordnesrepublikken.no\/index.php\/2025\/03\/30\/norge-i-sjokk-etter-brutal-knivstikking-i-trondheim-etterlater-fire-skadde\/\" \/>\n<meta property=\"og:site_name\" content=\"Nordnesrepublikken\" \/>\n<meta property=\"article:published_time\" content=\"2025-03-30T18:50:57+00:00\" \/>\n<meta property=\"og:image\" content=\"https:\/\/nordnesrepublikken.no\/wp-content\/uploads\/2025\/03\/1743360657_Norge-i-sjokk-etter-brutal-knivstikking-i-Trondheim-etterlater-fire.jpg\" \/>\n\t<meta property=\"og:image:width\" content=\"1200\" \/>\n\t<meta property=\"og:image:height\" content=\"899\" \/>\n\t<meta property=\"og:image:type\" content=\"image\/jpeg\" \/>\n<meta name=\"author\" content=\"Ole Andersen\" \/>\n<meta name=\"twitter:card\" content=\"summary_large_image\" \/>\n<meta name=\"twitter:label1\" content=\"Skrevet av\" \/>\n\t<meta name=\"twitter:data1\" content=\"Ole Andersen\" \/>\n\t<meta name=\"twitter:label2\" content=\"Ansl. lesetid\" \/>\n\t<meta name=\"twitter:data2\" content=\"1 minutt\" \/>\n<script type=\"application\/ld+json\" class=\"yoast-schema-graph\">{\"@context\":\"https:\/\/schema.org\",\"@graph\":[{\"@type\":\"Article\",\"@id\":\"https:\/\/nordnesrepublikken.no\/index.php\/2025\/03\/30\/norge-i-sjokk-etter-brutal-knivstikking-i-trondheim-etterlater-fire-skadde\/#article\",\"isPartOf\":{\"@id\":\"https:\/\/nordnesrepublikken.no\/index.php\/2025\/03\/30\/norge-i-sjokk-etter-brutal-knivstikking-i-trondheim-etterlater-fire-skadde\/\"},\"author\":{\"name\":\"Ole Andersen\",\"@id\":\"https:\/\/nordnesrepublikken.no\/#\/schema\/person\/2e7e81935bab77882fffb79296240ff1\"},\"headline\":\"Norge i sjokk etter brutal knivstikking i Trondheim etterlater fire skadde\",\"datePublished\":\"2025-03-30T18:50:57+00:00\",\"mainEntityOfPage\":{\"@id\":\"https:\/\/nordnesrepublikken.no\/index.php\/2025\/03\/30\/norge-i-sjokk-etter-brutal-knivstikking-i-trondheim-etterlater-fire-skadde\/\"},\"wordCount\":277,\"publisher\":{\"@id\":\"https:\/\/nordnesrepublikken.no\/#organization\"},\"image\":{\"@id\":\"https:\/\/nordnesrepublikken.no\/index.php\/2025\/03\/30\/norge-i-sjokk-etter-brutal-knivstikking-i-trondheim-etterlater-fire-skadde\/#primaryimage\"},\"thumbnailUrl\":\"https:\/\/nordnesrepublikken.no\/wp-content\/uploads\/2025\/03\/1743360657_Norge-i-sjokk-etter-brutal-knivstikking-i-Trondheim-etterlater-fire.jpg\",\"keywords\":[\"brutal\",\"Etter\",\"etterlater\",\"fire\",\"knivstikking\",\"Norge\",\"sjokk\",\"skadde\",\"Trondheim\"],\"articleSection\":[\"Nasjonal\"],\"inLanguage\":\"nb-NO\"},{\"@type\":\"WebPage\",\"@id\":\"https:\/\/nordnesrepublikken.no\/index.php\/2025\/03\/30\/norge-i-sjokk-etter-brutal-knivstikking-i-trondheim-etterlater-fire-skadde\/\",\"url\":\"https:\/\/nordnesrepublikken.no\/index.php\/2025\/03\/30\/norge-i-sjokk-etter-brutal-knivstikking-i-trondheim-etterlater-fire-skadde\/\",\"name\":\"Norge i sjokk etter brutal knivstikking i Trondheim etterlater fire skadde - Nordnesrepublikken\",\"isPartOf\":{\"@id\":\"https:\/\/nordnesrepublikken.no\/#website\"},\"primaryImageOfPage\":{\"@id\":\"https:\/\/nordnesrepublikken.no\/index.php\/2025\/03\/30\/norge-i-sjokk-etter-brutal-knivstikking-i-trondheim-etterlater-fire-skadde\/#primaryimage\"},\"image\":{\"@id\":\"https:\/\/nordnesrepublikken.no\/index.php\/2025\/03\/30\/norge-i-sjokk-etter-brutal-knivstikking-i-trondheim-etterlater-fire-skadde\/#primaryimage\"},\"thumbnailUrl\":\"https:\/\/nordnesrepublikken.no\/wp-content\/uploads\/2025\/03\/1743360657_Norge-i-sjokk-etter-brutal-knivstikking-i-Trondheim-etterlater-fire.jpg\",\"datePublished\":\"2025-03-30T18:50:57+00:00\",\"breadcrumb\":{\"@id\":\"https:\/\/nordnesrepublikken.no\/index.php\/2025\/03\/30\/norge-i-sjokk-etter-brutal-knivstikking-i-trondheim-etterlater-fire-skadde\/#breadcrumb\"},\"inLanguage\":\"nb-NO\",\"potentialAction\":[{\"@type\":\"ReadAction\",\"target\":[\"https:\/\/nordnesrepublikken.no\/index.php\/2025\/03\/30\/norge-i-sjokk-etter-brutal-knivstikking-i-trondheim-etterlater-fire-skadde\/\"]}]},{\"@type\":\"ImageObject\",\"inLanguage\":\"nb-NO\",\"@id\":\"https:\/\/nordnesrepublikken.no\/index.php\/2025\/03\/30\/norge-i-sjokk-etter-brutal-knivstikking-i-trondheim-etterlater-fire-skadde\/#primaryimage\",\"url\":\"https:\/\/nordnesrepublikken.no\/wp-content\/uploads\/2025\/03\/1743360657_Norge-i-sjokk-etter-brutal-knivstikking-i-Trondheim-etterlater-fire.jpg\",\"contentUrl\":\"https:\/\/nordnesrepublikken.no\/wp-content\/uploads\/2025\/03\/1743360657_Norge-i-sjokk-etter-brutal-knivstikking-i-Trondheim-etterlater-fire.jpg\",\"width\":1200,\"height\":899,\"caption\":\"Norge i sjokk etter brutal knivstikking i Trondheim etterlater fire skadde\"},{\"@type\":\"BreadcrumbList\",\"@id\":\"https:\/\/nordnesrepublikken.no\/index.php\/2025\/03\/30\/norge-i-sjokk-etter-brutal-knivstikking-i-trondheim-etterlater-fire-skadde\/#breadcrumb\",\"itemListElement\":[{\"@type\":\"ListItem\",\"position\":1,\"name\":\"Home\",\"item\":\"https:\/\/nordnesrepublikken.no\/\"},{\"@type\":\"ListItem\",\"position\":2,\"name\":\"Norge i sjokk etter brutal knivstikking i Trondheim etterlater fire skadde\"}]},{\"@type\":\"WebSite\",\"@id\":\"https:\/\/nordnesrepublikken.no\/#website\",\"url\":\"https:\/\/nordnesrepublikken.no\/\",\"name\":\"Nordnesrepublikken\",\"description\":\"Stemmer og Visjoner fra Republikkens Hjerte\",\"publisher\":{\"@id\":\"https:\/\/nordnesrepublikken.no\/#organization\"},\"potentialAction\":[{\"@type\":\"SearchAction\",\"target\":{\"@type\":\"EntryPoint\",\"urlTemplate\":\"https:\/\/nordnesrepublikken.no\/?s={search_term_string}\"},\"query-input\":{\"@type\":\"PropertyValueSpecification\",\"valueRequired\":true,\"valueName\":\"search_term_string\"}}],\"inLanguage\":\"nb-NO\"},{\"@type\":\"Organization\",\"@id\":\"https:\/\/nordnesrepublikken.no\/#organization\",\"name\":\"Nordnesrepublikken\",\"url\":\"https:\/\/nordnesrepublikken.no\/\",\"logo\":{\"@type\":\"ImageObject\",\"inLanguage\":\"nb-NO\",\"@id\":\"https:\/\/nordnesrepublikken.no\/#\/schema\/logo\/image\/\",\"url\":\"https:\/\/nordnesrepublikken.no\/wp-content\/uploads\/2025\/02\/cropped-nordnesrepublikken-2.png\",\"contentUrl\":\"https:\/\/nordnesrepublikken.no\/wp-content\/uploads\/2025\/02\/cropped-nordnesrepublikken-2.png\",\"width\":1248,\"height\":362,\"caption\":\"Nordnesrepublikken\"},\"image\":{\"@id\":\"https:\/\/nordnesrepublikken.no\/#\/schema\/logo\/image\/\"}},{\"@type\":\"Person\",\"@id\":\"https:\/\/nordnesrepublikken.no\/#\/schema\/person\/2e7e81935bab77882fffb79296240ff1\",\"name\":\"Ole Andersen\",\"image\":{\"@type\":\"ImageObject\",\"inLanguage\":\"nb-NO\",\"@id\":\"https:\/\/nordnesrepublikken.no\/#\/schema\/person\/image\/\",\"url\":\"https:\/\/nordnesrepublikken.no\/wp-content\/uploads\/2025\/02\/nordnesrepublikken-2-2-150x150.jpg\",\"contentUrl\":\"https:\/\/nordnesrepublikken.no\/wp-content\/uploads\/2025\/02\/nordnesrepublikken-2-2-150x150.jpg\",\"caption\":\"Ole Andersen\"},\"description\":\"Ettersom jeg vokste opp i Oslo, har jeg alltid v\u00e6rt fascinert av ordenes kraft og deres evne til \u00e5 skape endringer. Etter \u00e5 ha fullf\u00f8rt min utdannelse i kommunikasjon ved Universitetet i Bergen, fikk jeg muligheten til \u00e5 jobbe innen ulike medier, der jeg har s\u00f8kt \u00e5 belyse viktige samfunnssp\u00f8rsm\u00e5l. I dag, som redakt\u00f8r for Nordnesrepublikken, pr\u00f8ver jeg \u00e5 forene min kj\u00e6rlighet for journalistikk med min lidenskap for innovasjon og eventyr.\",\"sameAs\":[\"https:\/\/nordnesrepublikken.no\/\"]}]}<\/script>\n<!-- \/ Yoast SEO plugin. -->","yoast_head_json":{"title":"Norge i sjokk etter brutal knivstikking i Trondheim etterlater fire skadde - Nordnesrepublikken","robots":{"index":"index","follow":"follow","max-snippet":"max-snippet:-1","max-image-preview":"max-image-preview:large","max-video-preview":"max-video-preview:-1"},"canonical":"https:\/\/nordnesrepublikken.no\/index.php\/2025\/03\/30\/norge-i-sjokk-etter-brutal-knivstikking-i-trondheim-etterlater-fire-skadde\/","og_locale":"nb_NO","og_type":"article","og_title":"Norge i sjokk etter brutal knivstikking i Trondheim etterlater fire skadde - Nordnesrepublikken","og_description":"Det som var ment \u00e5 v\u00e6re en rolig l\u00f8rdag ettermiddag i den norske byen Trondheim,","og_url":"https:\/\/nordnesrepublikken.no\/index.php\/2025\/03\/30\/norge-i-sjokk-etter-brutal-knivstikking-i-trondheim-etterlater-fire-skadde\/","og_site_name":"Nordnesrepublikken","article_published_time":"2025-03-30T18:50:57+00:00","og_image":[{"width":1200,"height":899,"url":"https:\/\/nordnesrepublikken.no\/wp-content\/uploads\/2025\/03\/1743360657_Norge-i-sjokk-etter-brutal-knivstikking-i-Trondheim-etterlater-fire.jpg","type":"image\/jpeg"}],"author":"Ole Andersen","twitter_card":"summary_large_image","twitter_misc":{"Skrevet av":"Ole Andersen","Ansl. lesetid":"1 minutt"},"schema":{"@context":"https:\/\/schema.org","@graph":[{"@type":"Article","@id":"https:\/\/nordnesrepublikken.no\/index.php\/2025\/03\/30\/norge-i-sjokk-etter-brutal-knivstikking-i-trondheim-etterlater-fire-skadde\/#article","isPartOf":{"@id":"https:\/\/nordnesrepublikken.no\/index.php\/2025\/03\/30\/norge-i-sjokk-etter-brutal-knivstikking-i-trondheim-etterlater-fire-skadde\/"},"author":{"name":"Ole Andersen","@id":"https:\/\/nordnesrepublikken.no\/#\/schema\/person\/2e7e81935bab77882fffb79296240ff1"},"headline":"Norge i sjokk etter brutal knivstikking i Trondheim etterlater fire skadde","datePublished":"2025-03-30T18:50:57+00:00","mainEntityOfPage":{"@id":"https:\/\/nordnesrepublikken.no\/index.php\/2025\/03\/30\/norge-i-sjokk-etter-brutal-knivstikking-i-trondheim-etterlater-fire-skadde\/"},"wordCount":277,"publisher":{"@id":"https:\/\/nordnesrepublikken.no\/#organization"},"image":{"@id":"https:\/\/nordnesrepublikken.no\/index.php\/2025\/03\/30\/norge-i-sjokk-etter-brutal-knivstikking-i-trondheim-etterlater-fire-skadde\/#primaryimage"},"thumbnailUrl":"https:\/\/nordnesrepublikken.no\/wp-content\/uploads\/2025\/03\/1743360657_Norge-i-sjokk-etter-brutal-knivstikking-i-Trondheim-etterlater-fire.jpg","keywords":["brutal","Etter","etterlater","fire","knivstikking","Norge","sjokk","skadde","Trondheim"],"articleSection":["Nasjonal"],"inLanguage":"nb-NO"},{"@type":"WebPage","@id":"https:\/\/nordnesrepublikken.no\/index.php\/2025\/03\/30\/norge-i-sjokk-etter-brutal-knivstikking-i-trondheim-etterlater-fire-skadde\/","url":"https:\/\/nordnesrepublikken.no\/index.php\/2025\/03\/30\/norge-i-sjokk-etter-brutal-knivstikking-i-trondheim-etterlater-fire-skadde\/","name":"Norge i sjokk etter brutal knivstikking i Trondheim etterlater fire skadde - Nordnesrepublikken","isPartOf":{"@id":"https:\/\/nordnesrepublikken.no\/#website"},"primaryImageOfPage":{"@id":"https:\/\/nordnesrepublikken.no\/index.php\/2025\/03\/30\/norge-i-sjokk-etter-brutal-knivstikking-i-trondheim-etterlater-fire-skadde\/#primaryimage"},"image":{"@id":"https:\/\/nordnesrepublikken.no\/index.php\/2025\/03\/30\/norge-i-sjokk-etter-brutal-knivstikking-i-trondheim-etterlater-fire-skadde\/#primaryimage"},"thumbnailUrl":"https:\/\/nordnesrepublikken.no\/wp-content\/uploads\/2025\/03\/1743360657_Norge-i-sjokk-etter-brutal-knivstikking-i-Trondheim-etterlater-fire.jpg","datePublished":"2025-03-30T18:50:57+00:00","breadcrumb":{"@id":"https:\/\/nordnesrepublikken.no\/index.php\/2025\/03\/30\/norge-i-sjokk-etter-brutal-knivstikking-i-trondheim-etterlater-fire-skadde\/#breadcrumb"},"inLanguage":"nb-NO","potentialAction":[{"@type":"ReadAction","target":["https:\/\/nordnesrepublikken.no\/index.php\/2025\/03\/30\/norge-i-sjokk-etter-brutal-knivstikking-i-trondheim-etterlater-fire-skadde\/"]}]},{"@type":"ImageObject","inLanguage":"nb-NO","@id":"https:\/\/nordnesrepublikken.no\/index.php\/2025\/03\/30\/norge-i-sjokk-etter-brutal-knivstikking-i-trondheim-etterlater-fire-skadde\/#primaryimage","url":"https:\/\/nordnesrepublikken.no\/wp-content\/uploads\/2025\/03\/1743360657_Norge-i-sjokk-etter-brutal-knivstikking-i-Trondheim-etterlater-fire.jpg","contentUrl":"https:\/\/nordnesrepublikken.no\/wp-content\/uploads\/2025\/03\/1743360657_Norge-i-sjokk-etter-brutal-knivstikking-i-Trondheim-etterlater-fire.jpg","width":1200,"height":899,"caption":"Norge i sjokk etter brutal knivstikking i Trondheim etterlater fire skadde"},{"@type":"BreadcrumbList","@id":"https:\/\/nordnesrepublikken.no\/index.php\/2025\/03\/30\/norge-i-sjokk-etter-brutal-knivstikking-i-trondheim-etterlater-fire-skadde\/#breadcrumb","itemListElement":[{"@type":"ListItem","position":1,"name":"Home","item":"https:\/\/nordnesrepublikken.no\/"},{"@type":"ListItem","position":2,"name":"Norge i sjokk etter brutal knivstikking i Trondheim etterlater fire skadde"}]},{"@type":"WebSite","@id":"https:\/\/nordnesrepublikken.no\/#website","url":"https:\/\/nordnesrepublikken.no\/","name":"Nordnesrepublikken","description":"Stemmer og Visjoner fra Republikkens Hjerte","publisher":{"@id":"https:\/\/nordnesrepublikken.no\/#organization"},"potentialAction":[{"@type":"SearchAction","target":{"@type":"EntryPoint","urlTemplate":"https:\/\/nordnesrepublikken.no\/?s={search_term_string}"},"query-input":{"@type":"PropertyValueSpecification","valueRequired":true,"valueName":"search_term_string"}}],"inLanguage":"nb-NO"},{"@type":"Organization","@id":"https:\/\/nordnesrepublikken.no\/#organization","name":"Nordnesrepublikken","url":"https:\/\/nordnesrepublikken.no\/","logo":{"@type":"ImageObject","inLanguage":"nb-NO","@id":"https:\/\/nordnesrepublikken.no\/#\/schema\/logo\/image\/","url":"https:\/\/nordnesrepublikken.no\/wp-content\/uploads\/2025\/02\/cropped-nordnesrepublikken-2.png","contentUrl":"https:\/\/nordnesrepublikken.no\/wp-content\/uploads\/2025\/02\/cropped-nordnesrepublikken-2.png","width":1248,"height":362,"caption":"Nordnesrepublikken"},"image":{"@id":"https:\/\/nordnesrepublikken.no\/#\/schema\/logo\/image\/"}},{"@type":"Person","@id":"https:\/\/nordnesrepublikken.no\/#\/schema\/person\/2e7e81935bab77882fffb79296240ff1","name":"Ole Andersen","image":{"@type":"ImageObject","inLanguage":"nb-NO","@id":"https:\/\/nordnesrepublikken.no\/#\/schema\/person\/image\/","url":"https:\/\/nordnesrepublikken.no\/wp-content\/uploads\/2025\/02\/nordnesrepublikken-2-2-150x150.jpg","contentUrl":"https:\/\/nordnesrepublikken.no\/wp-content\/uploads\/2025\/02\/nordnesrepublikken-2-2-150x150.jpg","caption":"Ole Andersen"},"description":"Ettersom jeg vokste opp i Oslo, har jeg alltid v\u00e6rt fascinert av ordenes kraft og deres evne til \u00e5 skape endringer. Etter \u00e5 ha fullf\u00f8rt min utdannelse i kommunikasjon ved Universitetet i Bergen, fikk jeg muligheten til \u00e5 jobbe innen ulike medier, der jeg har s\u00f8kt \u00e5 belyse viktige samfunnssp\u00f8rsm\u00e5l. I dag, som redakt\u00f8r for Nordnesrepublikken, pr\u00f8ver jeg \u00e5 forene min kj\u00e6rlighet for journalistikk med min lidenskap for innovasjon og eventyr.","sameAs":["https:\/\/nordnesrepublikken.no\/"]}]}},"_links":{"self":[{"href":"https:\/\/nordnesrepublikken.no\/index.php\/wp-json\/wp\/v2\/posts\/2988","targetHints":{"allow":["GET"]}}],"collection":[{"href":"https:\/\/nordnesrepublikken.no\/index.php\/wp-json\/wp\/v2\/posts"}],"about":[{"href":"https:\/\/nordnesrepublikken.no\/index.php\/wp-json\/wp\/v2\/types\/post"}],"author":[{"embeddable":true,"href":"https:\/\/nordnesrepublikken.no\/index.php\/wp-json\/wp\/v2\/users\/1"}],"replies":[{"embeddable":true,"href":"https:\/\/nordnesrepublikken.no\/index.php\/wp-json\/wp\/v2\/comments?post=2988"}],"version-history":[{"count":1,"href":"https:\/\/nordnesrepublikken.no\/index.php\/wp-json\/wp\/v2\/posts\/2988\/revisions"}],"predecessor-version":[{"id":2990,"href":"https:\/\/nordnesrepublikken.no\/index.php\/wp-json\/wp\/v2\/posts\/2988\/revisions\/2990"}],"wp:featuredmedia":[{"embeddable":true,"href":"https:\/\/nordnesrepublikken.no\/index.php\/wp-json\/wp\/v2\/media\/2989"}],"wp:attachment":[{"href":"https:\/\/nordnesrepublikken.no\/index.php\/wp-json\/wp\/v2\/media?parent=2988"}],"wp:term":[{"taxonomy":"category","embeddable":true,"href":"https:\/\/nordnesrepublikken.no\/index.php\/wp-json\/wp\/v2\/categories?post=2988"},{"taxonomy":"post_tag","embeddable":true,"href":"https:\/\/nordnesrepublikken.no\/index.php\/wp-json\/wp\/v2\/tags?post=2988"}],"curies":[{"name":"wp","href":"https:\/\/api.w.org\/{rel}","templated":true}]}}