{"id":2985,"date":"2025-03-29T16:50:49","date_gmt":"2025-03-29T15:50:49","guid":{"rendered":"https:\/\/nordnesrepublikken.no\/index.php\/2025\/03\/29\/hvem-er-gronland-og-hvorfor-vil-trump-kjope-det-oya-mellom-danmark-og-autonomi\/"},"modified":"2025-03-29T16:50:50","modified_gmt":"2025-03-29T15:50:50","slug":"hvem-er-gronland-og-hvorfor-vil-trump-kjope-det-oya-mellom-danmark-og-autonomi","status":"publish","type":"post","link":"https:\/\/nordnesrepublikken.no\/index.php\/2025\/03\/29\/hvem-er-gronland-og-hvorfor-vil-trump-kjope-det-oya-mellom-danmark-og-autonomi\/","title":{"rendered":"Hvem er Gr\u00f8nland og hvorfor vil Trump kj\u00f8pe det? \u00d8ya mellom Danmark og autonomi"},"content":{"rendered":"<div>\n      <!-- CONTENT --><\/p>\n<div class=\"cp_wrapper cp_wrapper--fw mb-30 mb-20@tablet\">\n<figure class=\"mm\"><picture class=\"img\" style=\"padding-top:56.25%\"><source  media=\"(min-width: 1024px)\"><source  media=\"(min-width: 768px)\"><\/source><\/source><\/picture><\/figure>\n<\/p><\/div>\n<p>Der <strong>Gr\u00f8nland<\/strong>hvis navn tilsynelatende betyr kontrast <strong>Gr\u00f8nt land<\/strong> (<em>Gr\u00f8nland<\/em> p\u00e5 engelsk, <em>Gr\u00f8nland<\/em> p\u00e5 dansk), er <strong>Den st\u00f8rste \u00f8ya i verden<\/strong>med <strong>2.175.600 km<sup>2<\/sup><\/strong>og ligger mellom Nord -Atlanterhavet og Polhavet, mellom de kanadiske kystene og Island, hvorfra det er atskilt fra Danmark -kanalen. Dekket for<strong>84%<\/strong> av sitt territorium fra <strong>is<\/strong>har en<strong> befolkning<\/strong> sol <strong>60 000<\/strong> Om mennesker, som hovedsakelig bor i kystomr\u00e5dene i s\u00f8r-vest av landet. Gr\u00f8nland i dag liker stort <strong>Autonomi<\/strong> administrativ, til tross for at han er politisk en del av <strong>Kingdom of Danmark<\/strong>som representerer det st\u00f8rste eksisterende &laquo;ansattes&raquo; territoriet. I 2019 den tidligere amerikanske presidenten <strong>Donald Trump<\/strong> Han hadde uttrykt <strong>vilje til \u00e5 kj\u00f8pe<\/strong> Gr\u00f8nland, et fors\u00f8k som USA allerede hadde gjort to ganger i fortiden, og at Trump har gjentatt enda sterkere i sitt andre presidentmandat. \u00d8ya faktisk, i tillegg til \u00e5 tilh\u00f8re geologisk og geografisk til <strong>Nord -Amerika<\/strong>er rik p\u00e5 <strong>r\u00e5varer og energikilder<\/strong>er vert for en <strong>NATO -base<\/strong> Og det er en perfekt naturlig plattform for <strong>Kontroll av den arktiske ruten<\/strong>i perspektiv en av de viktigste maritime kommersielle rutene (og ikke bare) p\u00e5 planeten. Innbyggerne p\u00e5 Gr\u00f8nland opprettholder imidlertid en spesielt uavhengig holdning til b\u00e5de Danmark og USA: en holdning ogs\u00e5 bekreftet av resultatene av valget som ble holdt i mars 2025.<\/p>\n<h2>Fordi Gr\u00f8nland er en del av Danmark<\/h2>\n<p>Der <strong>Gr\u00f8nland<\/strong> Det var en <strong>K\u00f6ln av Danmark<\/strong> fra <strong>1721 til 1953<\/strong>. I 1721, faktisk den norske misjon\u00e6ren <strong>Hans Eugede<\/strong> Han ledet en ekspedisjon til \u00f8ya og grunnla de f\u00f8rste kommersielle koloniene langs kysten. I <strong>1814<\/strong>etter signaturen til <strong>Kiel -traktat<\/strong>Greenland passerte offisielt under Dominion of Copenhagen, etter separasjonen av Danmark fra kongeriket Norge.<\/p>\n<p>Det var bare i <strong>1953<\/strong> Det fra K\u00f6ln, Gr\u00f8nland fortsatte \u00e5 v\u00e6re <strong>En del av kongeriket Danmark<\/strong>nyte en status som ligner p\u00e5 et fylke, med egen <strong>representasjon i det danske parlamentet<\/strong>folket. I <strong>1973 <\/strong>Danmark ble en del av<strong>EU<\/strong> Og med henne ogs\u00e5 Gr\u00f8nland, som imidlertid ogs\u00e5 p\u00e5 grunn av bekymringer relatert til dens kommersielle utveksling, spesielt innen fiske med ikke -europeiske land som Canada og USA, i <strong>1985 valgte<\/strong>etter en folkeavstemning,<strong> \u00e5 komme ut av det<\/strong>.<\/p>\n<p>Det var det f\u00f8rste tilfellet om tilbaketrekning av et land fra EU, en slags Brexits forl\u00f8per for Storbritannia, som fant sted i 2020. Den p\u00e5 Gr\u00f8nland var imidlertid en s\u00e6regen sak siden den ble anerkjent som et spesielt territorium for en medlemsstat (Danmark) og den <strong>Traktat om Gr\u00f8nland<\/strong>spesielt i saken om <strong>Fiske<\/strong>.<\/p>\n<div class=\"cp_wrapper cp_wrapper--fw mb-50\">\n<figure class=\"mm\"><picture class=\"img\" style=\"padding-top:65.838800374883%\"><source  media=\"(min-width: 1024px)\"><source  media=\"(min-width: 768px)\"><img decoding=\"async\" loading=\"lazy\" src=\"https:\/\/nordnesrepublikken.no\/wp-content\/uploads\/2025\/03\/1743263446_675_Hvem-er-Gronland-og-hvorfor-vil-Trump-kjope-det-Oya.jpg\" alt=\"Gr\u00f8nlandsfiske\" width=\"2134\" height=\"1405\"><\/source><\/source><\/picture><\/figure>\n<\/p><\/div>\n<h2>Uavhengighetsprosessen fra Danmark<\/h2>\n<p>I <strong>1979 <\/strong>Etter en r\u00e5dgivende folkeavstemning har Greenland oppn\u00e5dd, med So -kalt <em><strong>Hjemregel<\/strong><\/em>delvis autonomi ved \u00e5 innf\u00f8re sine egne <strong>Regjering og parlament<\/strong>med <strong>Interne forretningsferdigheter<\/strong>. I <strong>2008<\/strong> S\u00e5 ble en annen kalt <strong>folkeavstemning<\/strong> som utvidet suvereniteten til landets parlament med en enda st\u00f8rre autonomi p\u00e5 \u00f8ya. Resultatet av folkeavstemningen, <em><strong>Selvstyrehandling<\/strong><\/em>tr\u00e5dte i kraft i 2009. Spesielt ble det opprettet et juridisk grunnlag for \u00e5 \u00f8ke lovgivende og ut\u00f8vende makt til regjeringen i Gr\u00f8nland i sektoren av <strong>naturressurser<\/strong>.<\/p>\n<p>Fra <strong>2013<\/strong> Gr\u00f8nland har tatt et ytterligere skritt mot uavhengighet fra K\u00f8benhavnsregjeringen, og \u00e5pnet d\u00f8rene for<strong> utenlandske investeringer<\/strong> i sektorene til<strong>Uranutvinning<\/strong> <strong>og sjeldne land<\/strong>f\u00f8r eksklusiv dansk kontroll. Danmark fortsetter \u00e5 kontrollere omr\u00e5dene til <strong>Forsvar, utenrikspolitikk og sikkerhet<\/strong>.<\/p>\n<div class=\"cp_wrapper cp_wrapper--fw mb-50\">\n<figure class=\"mm\"><picture class=\"img\" style=\"padding-top:125.625%\"><source  media=\"(min-width: 1024px)\"><source  media=\"(min-width: 768px)\"><img decoding=\"async\" loading=\"lazy\" src=\"https:\/\/nordnesrepublikken.no\/wp-content\/uploads\/2025\/03\/1743263448_995_Hvem-er-Gronland-og-hvorfor-vil-Trump-kjope-det-Oya.jpg\" alt=\"Bilde\" width=\"800\" height=\"1005\" class=\"js-seedtag-img\"><\/source><\/source><\/picture><\/figure>\n<\/p><\/div>\n<h2><b>Den danske forpliktelsen til forsvar og utenrikspolitikk p\u00e5 Gr\u00f8nland<\/b><\/h2>\n<p>Der<strong> Danmark<\/strong> holder fortsatt kontrollen p\u00e5 <strong>Utenrikspolitikk og forsvar p\u00e5 Gr\u00f8nland<\/strong> Og ressursene \u00f8ker for \u00e5 styrke overv\u00e5knings- og etterretningsoppdrag i Arktis. Spesielt i januar 2024 kunngjorde den danske regjeringen at den tildeler <strong>2,74 milliarder fra danske kroner<\/strong> (ca. 400 millioner dollar) for \u00e5 \u00f8ke <strong>Forsvar i Arktis og Nord -Atlanterhavet<\/strong>med bruk av droner med lang rangering, for \u00e5 fortsette <strong>Felles politikk EU-late<\/strong> til forsvar i disse territoriene.<\/p>\n<p>Uten tvil p\u00e5 grunn av<strong> Klimaendringer<\/strong> og oppl\u00f8sningen av isen,<strong>Arktis<\/strong> Og derfor blir ogs\u00e5 de nordiske landene som er ber\u00f8rt av de arktiske rutene, inkludert Gr\u00f8nland, et viktig geopolitisk m\u00e5l for mange krefter, f\u00f8rst og fremst <strong>USA, Russland og Kina<\/strong>.<\/p>\n<p>De <strong>USA<\/strong> De pr\u00f8vde til og med \u00e5 kj\u00f8pe \u00f8ya til \u00f8konomiske og geopolitiske form\u00e5l: I 1867 hadde den amerikanske statssekret\u00e6ren William Seward uttrykt sin vilje til \u00e5 kj\u00f8pe Gr\u00f8nland, og ogs\u00e5 Harry Truman i 1946 E <strong>Donald Trump<\/strong> I 2025 (og til og med f\u00f8r i 2019) gjentok de denne interessen, omg\u00e5ende avvist av regjeringen i Gr\u00f8nland.<\/p>\n<div class=\"cp_wrapper cp_wrapper--fw mb-50\">\n<figure class=\"mm\"><picture class=\"img\" style=\"padding-top:52.583333333333%\"><source  media=\"(min-width: 1024px)\"><source  media=\"(min-width: 768px)\"><img decoding=\"async\" loading=\"lazy\" src=\"https:\/\/nordnesrepublikken.no\/wp-content\/uploads\/2025\/03\/Hvem-er-Gronland-og-hvorfor-vil-Trump-kjope-det-Oya.jpeg\" alt=\"Bilde\" width=\"1200\" height=\"631\"><\/source><\/source><\/picture><\/figure>\n<\/p><\/div>\n<h2>Fordi Gr\u00f8nland er grunnleggende for USA og NATO<\/h2>\n<p>P\u00e5 grunn av de store forekomstene av <strong>hydrokarboner og mineraler,<\/strong> Som gull, platina, sink, nikkel, uran og<strong> Sjeldne land,<\/strong> Gr\u00f8nland er et territorium i sentrum for mange lands interesse. Under <strong>Kald krig<\/strong>\u00f8ya spilte en viktig rolle for hans <strong>strategisk stilling<\/strong> I sentrum mellom sovjetiske havner i arktisk territorium og USA og Canada. Den ble derfor brukt som <strong>basis<\/strong> For \u00e5 observere bruken av ballistiske missiler og i sitt territorium brukte USA spesielt <strong>Luftbase av<\/strong> <strong>Thule<\/strong>som ligger i PreSeata -kommunen, p\u00e5 Nord -Gr\u00f8nland.<\/p>\n<p>Thule -basen var ogs\u00e5 et scenario i <strong>1968<\/strong> av en tragisk flyulykke hvor fire kjernefysiske bomber p\u00e5 et amerikansk luftfart B-52-fly spredte radioaktivt materiale, og forurenset et stort frossent omr\u00e5de.<\/p>\n<p>I dag, med den voksende geopolitiske interessen for Arktis, ligger Gr\u00f8nland i sentrum av m\u00e5lene begge<strong> Kinesisk og oss<\/strong>. Kina har til hensikt \u00e5 styrke <strong>\u00f8konomisk samarbeid<\/strong> med \u00f8ya hovedsakelig for utvinningsaktiviteter i jern- og sinkgruver og med den hensikt \u00e5 bygge <strong>infrastruktur<\/strong> som flyplasser og vitenskapelige og forskningsbaser.<\/p>\n<p>P\u00e5 den annen side, <strong>USA<\/strong> I desember 2023 signerte de en avtale med Danmark om forsvaret om \u00e5 styrke<strong> Tilstedev\u00e6relse f\u00f8dt p\u00e5 det danske territoriet<\/strong>. Ogs\u00e5<strong>EU<\/strong> Han pr\u00f8ver \u00e5 \u00f8ke n\u00e6rheten til det nordiske landet: a <strong>Mars 2024, EU -kommisjonen<\/strong> faktisk \u00e5pnet det en <strong>kontor<\/strong> i hovedstaden <strong>Nuuk<\/strong>for \u00e5 styrke den europeiske tilstedev\u00e6relsen i landet. For \u00f8yeblikket ser det imidlertid ut til at Greenland \u00f8nsker \u00e5 opprettholde \u00e5pningen ogs\u00e5 mot regjeringen i Beijing, p\u00e5 jakt etter enda st\u00f8rre uavhengighet fra den danske kronen, spesielt fra synspunktet<strong> kommersiell<\/strong> og politiker.<\/p>\n<\/p><\/div>\n","protected":false},"excerpt":{"rendered":"<p>Der Gr\u00f8nlandhvis navn tilsynelatende betyr kontrast Gr\u00f8nt land (Gr\u00f8nland p\u00e5 engelsk, Gr\u00f8nland p\u00e5 dansk), er<\/p>\n","protected":false},"author":1,"featured_media":2986,"comment_status":"closed","ping_status":"open","sticky":false,"template":"","format":"standard","meta":{"footnotes":""},"categories":[23],"tags":[670,501,66,667,99,101,668,212,669,61,149],"class_list":["post-2985","post","type-post","status-publish","format-standard","has-post-thumbnail","hentry","category-politikk","tag-autonomi","tag-danmark","tag-det","tag-gronland","tag-hvem","tag-hvorfor","tag-kjope","tag-mellom","tag-oya","tag-trump","tag-vil","generate-columns","tablet-grid-50","mobile-grid-100","grid-parent","grid-33","resize-featured-image"],"yoast_head":"<!-- This site is optimized with the Yoast SEO plugin v24.4 - https:\/\/yoast.com\/wordpress\/plugins\/seo\/ -->\n<title>Hvem er Gr\u00f8nland og hvorfor vil Trump kj\u00f8pe det? \u00d8ya mellom Danmark og autonomi - Nordnesrepublikken<\/title>\n<meta name=\"robots\" content=\"index, follow, max-snippet:-1, max-image-preview:large, max-video-preview:-1\" \/>\n<link rel=\"canonical\" href=\"https:\/\/nordnesrepublikken.no\/index.php\/2025\/03\/29\/hvem-er-gronland-og-hvorfor-vil-trump-kjope-det-oya-mellom-danmark-og-autonomi\/\" \/>\n<meta property=\"og:locale\" content=\"nb_NO\" \/>\n<meta property=\"og:type\" content=\"article\" \/>\n<meta property=\"og:title\" content=\"Hvem er Gr\u00f8nland og hvorfor vil Trump kj\u00f8pe det? \u00d8ya mellom Danmark og autonomi - Nordnesrepublikken\" \/>\n<meta property=\"og:description\" content=\"Der Gr\u00f8nlandhvis navn tilsynelatende betyr kontrast Gr\u00f8nt land (Gr\u00f8nland p\u00e5 engelsk, Gr\u00f8nland p\u00e5 dansk), er\" \/>\n<meta property=\"og:url\" content=\"https:\/\/nordnesrepublikken.no\/index.php\/2025\/03\/29\/hvem-er-gronland-og-hvorfor-vil-trump-kjope-det-oya-mellom-danmark-og-autonomi\/\" \/>\n<meta property=\"og:site_name\" content=\"Nordnesrepublikken\" \/>\n<meta property=\"article:published_time\" content=\"2025-03-29T15:50:49+00:00\" \/>\n<meta property=\"article:modified_time\" content=\"2025-03-29T15:50:50+00:00\" \/>\n<meta property=\"og:image\" content=\"https:\/\/nordnesrepublikken.no\/wp-content\/uploads\/2025\/03\/1743263450_Hvem-er-Gronland-og-hvorfor-vil-Trump-kjope-det-Oya.jpg\" \/>\n\t<meta property=\"og:image:width\" content=\"1280\" \/>\n\t<meta property=\"og:image:height\" content=\"720\" \/>\n\t<meta property=\"og:image:type\" content=\"image\/jpeg\" \/>\n<meta name=\"author\" content=\"Ole Andersen\" \/>\n<meta name=\"twitter:card\" content=\"summary_large_image\" \/>\n<meta name=\"twitter:label1\" content=\"Skrevet av\" \/>\n\t<meta name=\"twitter:data1\" content=\"Ole Andersen\" \/>\n\t<meta name=\"twitter:label2\" content=\"Ansl. lesetid\" \/>\n\t<meta name=\"twitter:data2\" content=\"5 minutter\" \/>\n<script type=\"application\/ld+json\" class=\"yoast-schema-graph\">{\"@context\":\"https:\/\/schema.org\",\"@graph\":[{\"@type\":\"Article\",\"@id\":\"https:\/\/nordnesrepublikken.no\/index.php\/2025\/03\/29\/hvem-er-gronland-og-hvorfor-vil-trump-kjope-det-oya-mellom-danmark-og-autonomi\/#article\",\"isPartOf\":{\"@id\":\"https:\/\/nordnesrepublikken.no\/index.php\/2025\/03\/29\/hvem-er-gronland-og-hvorfor-vil-trump-kjope-det-oya-mellom-danmark-og-autonomi\/\"},\"author\":{\"name\":\"Ole Andersen\",\"@id\":\"https:\/\/nordnesrepublikken.no\/#\/schema\/person\/2e7e81935bab77882fffb79296240ff1\"},\"headline\":\"Hvem er Gr\u00f8nland og hvorfor vil Trump kj\u00f8pe det? \u00d8ya mellom Danmark og autonomi\",\"datePublished\":\"2025-03-29T15:50:49+00:00\",\"dateModified\":\"2025-03-29T15:50:50+00:00\",\"mainEntityOfPage\":{\"@id\":\"https:\/\/nordnesrepublikken.no\/index.php\/2025\/03\/29\/hvem-er-gronland-og-hvorfor-vil-trump-kjope-det-oya-mellom-danmark-og-autonomi\/\"},\"wordCount\":990,\"publisher\":{\"@id\":\"https:\/\/nordnesrepublikken.no\/#organization\"},\"image\":{\"@id\":\"https:\/\/nordnesrepublikken.no\/index.php\/2025\/03\/29\/hvem-er-gronland-og-hvorfor-vil-trump-kjope-det-oya-mellom-danmark-og-autonomi\/#primaryimage\"},\"thumbnailUrl\":\"https:\/\/nordnesrepublikken.no\/wp-content\/uploads\/2025\/03\/1743263450_Hvem-er-Gronland-og-hvorfor-vil-Trump-kjope-det-Oya.jpg\",\"keywords\":[\"autonomi\",\"Danmark\",\"Det\",\"Gr\u00f8nland\",\"Hvem\",\"hvorfor\",\"kj\u00f8pe\",\"mellom\",\"\u00d8ya\",\"Trump\",\"vil\"],\"articleSection\":[\"Politikk\"],\"inLanguage\":\"nb-NO\"},{\"@type\":\"WebPage\",\"@id\":\"https:\/\/nordnesrepublikken.no\/index.php\/2025\/03\/29\/hvem-er-gronland-og-hvorfor-vil-trump-kjope-det-oya-mellom-danmark-og-autonomi\/\",\"url\":\"https:\/\/nordnesrepublikken.no\/index.php\/2025\/03\/29\/hvem-er-gronland-og-hvorfor-vil-trump-kjope-det-oya-mellom-danmark-og-autonomi\/\",\"name\":\"Hvem er Gr\u00f8nland og hvorfor vil Trump kj\u00f8pe det? \u00d8ya mellom Danmark og autonomi - Nordnesrepublikken\",\"isPartOf\":{\"@id\":\"https:\/\/nordnesrepublikken.no\/#website\"},\"primaryImageOfPage\":{\"@id\":\"https:\/\/nordnesrepublikken.no\/index.php\/2025\/03\/29\/hvem-er-gronland-og-hvorfor-vil-trump-kjope-det-oya-mellom-danmark-og-autonomi\/#primaryimage\"},\"image\":{\"@id\":\"https:\/\/nordnesrepublikken.no\/index.php\/2025\/03\/29\/hvem-er-gronland-og-hvorfor-vil-trump-kjope-det-oya-mellom-danmark-og-autonomi\/#primaryimage\"},\"thumbnailUrl\":\"https:\/\/nordnesrepublikken.no\/wp-content\/uploads\/2025\/03\/1743263450_Hvem-er-Gronland-og-hvorfor-vil-Trump-kjope-det-Oya.jpg\",\"datePublished\":\"2025-03-29T15:50:49+00:00\",\"dateModified\":\"2025-03-29T15:50:50+00:00\",\"breadcrumb\":{\"@id\":\"https:\/\/nordnesrepublikken.no\/index.php\/2025\/03\/29\/hvem-er-gronland-og-hvorfor-vil-trump-kjope-det-oya-mellom-danmark-og-autonomi\/#breadcrumb\"},\"inLanguage\":\"nb-NO\",\"potentialAction\":[{\"@type\":\"ReadAction\",\"target\":[\"https:\/\/nordnesrepublikken.no\/index.php\/2025\/03\/29\/hvem-er-gronland-og-hvorfor-vil-trump-kjope-det-oya-mellom-danmark-og-autonomi\/\"]}]},{\"@type\":\"ImageObject\",\"inLanguage\":\"nb-NO\",\"@id\":\"https:\/\/nordnesrepublikken.no\/index.php\/2025\/03\/29\/hvem-er-gronland-og-hvorfor-vil-trump-kjope-det-oya-mellom-danmark-og-autonomi\/#primaryimage\",\"url\":\"https:\/\/nordnesrepublikken.no\/wp-content\/uploads\/2025\/03\/1743263450_Hvem-er-Gronland-og-hvorfor-vil-Trump-kjope-det-Oya.jpg\",\"contentUrl\":\"https:\/\/nordnesrepublikken.no\/wp-content\/uploads\/2025\/03\/1743263450_Hvem-er-Gronland-og-hvorfor-vil-Trump-kjope-det-Oya.jpg\",\"width\":1280,\"height\":720,\"caption\":\"groenlandia importanza geopolitica appartiene alla danimarca e base nato\"},{\"@type\":\"BreadcrumbList\",\"@id\":\"https:\/\/nordnesrepublikken.no\/index.php\/2025\/03\/29\/hvem-er-gronland-og-hvorfor-vil-trump-kjope-det-oya-mellom-danmark-og-autonomi\/#breadcrumb\",\"itemListElement\":[{\"@type\":\"ListItem\",\"position\":1,\"name\":\"Home\",\"item\":\"https:\/\/nordnesrepublikken.no\/\"},{\"@type\":\"ListItem\",\"position\":2,\"name\":\"Hvem er Gr\u00f8nland og hvorfor vil Trump kj\u00f8pe det? \u00d8ya mellom Danmark og autonomi\"}]},{\"@type\":\"WebSite\",\"@id\":\"https:\/\/nordnesrepublikken.no\/#website\",\"url\":\"https:\/\/nordnesrepublikken.no\/\",\"name\":\"Nordnesrepublikken\",\"description\":\"Stemmer og Visjoner fra Republikkens Hjerte\",\"publisher\":{\"@id\":\"https:\/\/nordnesrepublikken.no\/#organization\"},\"potentialAction\":[{\"@type\":\"SearchAction\",\"target\":{\"@type\":\"EntryPoint\",\"urlTemplate\":\"https:\/\/nordnesrepublikken.no\/?s={search_term_string}\"},\"query-input\":{\"@type\":\"PropertyValueSpecification\",\"valueRequired\":true,\"valueName\":\"search_term_string\"}}],\"inLanguage\":\"nb-NO\"},{\"@type\":\"Organization\",\"@id\":\"https:\/\/nordnesrepublikken.no\/#organization\",\"name\":\"Nordnesrepublikken\",\"url\":\"https:\/\/nordnesrepublikken.no\/\",\"logo\":{\"@type\":\"ImageObject\",\"inLanguage\":\"nb-NO\",\"@id\":\"https:\/\/nordnesrepublikken.no\/#\/schema\/logo\/image\/\",\"url\":\"https:\/\/nordnesrepublikken.no\/wp-content\/uploads\/2025\/02\/cropped-nordnesrepublikken-2.png\",\"contentUrl\":\"https:\/\/nordnesrepublikken.no\/wp-content\/uploads\/2025\/02\/cropped-nordnesrepublikken-2.png\",\"width\":1248,\"height\":362,\"caption\":\"Nordnesrepublikken\"},\"image\":{\"@id\":\"https:\/\/nordnesrepublikken.no\/#\/schema\/logo\/image\/\"}},{\"@type\":\"Person\",\"@id\":\"https:\/\/nordnesrepublikken.no\/#\/schema\/person\/2e7e81935bab77882fffb79296240ff1\",\"name\":\"Ole Andersen\",\"image\":{\"@type\":\"ImageObject\",\"inLanguage\":\"nb-NO\",\"@id\":\"https:\/\/nordnesrepublikken.no\/#\/schema\/person\/image\/\",\"url\":\"https:\/\/nordnesrepublikken.no\/wp-content\/uploads\/2025\/02\/nordnesrepublikken-2-2-150x150.jpg\",\"contentUrl\":\"https:\/\/nordnesrepublikken.no\/wp-content\/uploads\/2025\/02\/nordnesrepublikken-2-2-150x150.jpg\",\"caption\":\"Ole Andersen\"},\"description\":\"Ettersom jeg vokste opp i Oslo, har jeg alltid v\u00e6rt fascinert av ordenes kraft og deres evne til \u00e5 skape endringer. Etter \u00e5 ha fullf\u00f8rt min utdannelse i kommunikasjon ved Universitetet i Bergen, fikk jeg muligheten til \u00e5 jobbe innen ulike medier, der jeg har s\u00f8kt \u00e5 belyse viktige samfunnssp\u00f8rsm\u00e5l. I dag, som redakt\u00f8r for Nordnesrepublikken, pr\u00f8ver jeg \u00e5 forene min kj\u00e6rlighet for journalistikk med min lidenskap for innovasjon og eventyr.\",\"sameAs\":[\"https:\/\/nordnesrepublikken.no\/\"]}]}<\/script>\n<!-- \/ Yoast SEO plugin. -->","yoast_head_json":{"title":"Hvem er Gr\u00f8nland og hvorfor vil Trump kj\u00f8pe det? \u00d8ya mellom Danmark og autonomi - Nordnesrepublikken","robots":{"index":"index","follow":"follow","max-snippet":"max-snippet:-1","max-image-preview":"max-image-preview:large","max-video-preview":"max-video-preview:-1"},"canonical":"https:\/\/nordnesrepublikken.no\/index.php\/2025\/03\/29\/hvem-er-gronland-og-hvorfor-vil-trump-kjope-det-oya-mellom-danmark-og-autonomi\/","og_locale":"nb_NO","og_type":"article","og_title":"Hvem er Gr\u00f8nland og hvorfor vil Trump kj\u00f8pe det? \u00d8ya mellom Danmark og autonomi - Nordnesrepublikken","og_description":"Der Gr\u00f8nlandhvis navn tilsynelatende betyr kontrast Gr\u00f8nt land (Gr\u00f8nland p\u00e5 engelsk, Gr\u00f8nland p\u00e5 dansk), er","og_url":"https:\/\/nordnesrepublikken.no\/index.php\/2025\/03\/29\/hvem-er-gronland-og-hvorfor-vil-trump-kjope-det-oya-mellom-danmark-og-autonomi\/","og_site_name":"Nordnesrepublikken","article_published_time":"2025-03-29T15:50:49+00:00","article_modified_time":"2025-03-29T15:50:50+00:00","og_image":[{"width":1280,"height":720,"url":"https:\/\/nordnesrepublikken.no\/wp-content\/uploads\/2025\/03\/1743263450_Hvem-er-Gronland-og-hvorfor-vil-Trump-kjope-det-Oya.jpg","type":"image\/jpeg"}],"author":"Ole Andersen","twitter_card":"summary_large_image","twitter_misc":{"Skrevet av":"Ole Andersen","Ansl. lesetid":"5 minutter"},"schema":{"@context":"https:\/\/schema.org","@graph":[{"@type":"Article","@id":"https:\/\/nordnesrepublikken.no\/index.php\/2025\/03\/29\/hvem-er-gronland-og-hvorfor-vil-trump-kjope-det-oya-mellom-danmark-og-autonomi\/#article","isPartOf":{"@id":"https:\/\/nordnesrepublikken.no\/index.php\/2025\/03\/29\/hvem-er-gronland-og-hvorfor-vil-trump-kjope-det-oya-mellom-danmark-og-autonomi\/"},"author":{"name":"Ole Andersen","@id":"https:\/\/nordnesrepublikken.no\/#\/schema\/person\/2e7e81935bab77882fffb79296240ff1"},"headline":"Hvem er Gr\u00f8nland og hvorfor vil Trump kj\u00f8pe det? \u00d8ya mellom Danmark og autonomi","datePublished":"2025-03-29T15:50:49+00:00","dateModified":"2025-03-29T15:50:50+00:00","mainEntityOfPage":{"@id":"https:\/\/nordnesrepublikken.no\/index.php\/2025\/03\/29\/hvem-er-gronland-og-hvorfor-vil-trump-kjope-det-oya-mellom-danmark-og-autonomi\/"},"wordCount":990,"publisher":{"@id":"https:\/\/nordnesrepublikken.no\/#organization"},"image":{"@id":"https:\/\/nordnesrepublikken.no\/index.php\/2025\/03\/29\/hvem-er-gronland-og-hvorfor-vil-trump-kjope-det-oya-mellom-danmark-og-autonomi\/#primaryimage"},"thumbnailUrl":"https:\/\/nordnesrepublikken.no\/wp-content\/uploads\/2025\/03\/1743263450_Hvem-er-Gronland-og-hvorfor-vil-Trump-kjope-det-Oya.jpg","keywords":["autonomi","Danmark","Det","Gr\u00f8nland","Hvem","hvorfor","kj\u00f8pe","mellom","\u00d8ya","Trump","vil"],"articleSection":["Politikk"],"inLanguage":"nb-NO"},{"@type":"WebPage","@id":"https:\/\/nordnesrepublikken.no\/index.php\/2025\/03\/29\/hvem-er-gronland-og-hvorfor-vil-trump-kjope-det-oya-mellom-danmark-og-autonomi\/","url":"https:\/\/nordnesrepublikken.no\/index.php\/2025\/03\/29\/hvem-er-gronland-og-hvorfor-vil-trump-kjope-det-oya-mellom-danmark-og-autonomi\/","name":"Hvem er Gr\u00f8nland og hvorfor vil Trump kj\u00f8pe det? \u00d8ya mellom Danmark og autonomi - Nordnesrepublikken","isPartOf":{"@id":"https:\/\/nordnesrepublikken.no\/#website"},"primaryImageOfPage":{"@id":"https:\/\/nordnesrepublikken.no\/index.php\/2025\/03\/29\/hvem-er-gronland-og-hvorfor-vil-trump-kjope-det-oya-mellom-danmark-og-autonomi\/#primaryimage"},"image":{"@id":"https:\/\/nordnesrepublikken.no\/index.php\/2025\/03\/29\/hvem-er-gronland-og-hvorfor-vil-trump-kjope-det-oya-mellom-danmark-og-autonomi\/#primaryimage"},"thumbnailUrl":"https:\/\/nordnesrepublikken.no\/wp-content\/uploads\/2025\/03\/1743263450_Hvem-er-Gronland-og-hvorfor-vil-Trump-kjope-det-Oya.jpg","datePublished":"2025-03-29T15:50:49+00:00","dateModified":"2025-03-29T15:50:50+00:00","breadcrumb":{"@id":"https:\/\/nordnesrepublikken.no\/index.php\/2025\/03\/29\/hvem-er-gronland-og-hvorfor-vil-trump-kjope-det-oya-mellom-danmark-og-autonomi\/#breadcrumb"},"inLanguage":"nb-NO","potentialAction":[{"@type":"ReadAction","target":["https:\/\/nordnesrepublikken.no\/index.php\/2025\/03\/29\/hvem-er-gronland-og-hvorfor-vil-trump-kjope-det-oya-mellom-danmark-og-autonomi\/"]}]},{"@type":"ImageObject","inLanguage":"nb-NO","@id":"https:\/\/nordnesrepublikken.no\/index.php\/2025\/03\/29\/hvem-er-gronland-og-hvorfor-vil-trump-kjope-det-oya-mellom-danmark-og-autonomi\/#primaryimage","url":"https:\/\/nordnesrepublikken.no\/wp-content\/uploads\/2025\/03\/1743263450_Hvem-er-Gronland-og-hvorfor-vil-Trump-kjope-det-Oya.jpg","contentUrl":"https:\/\/nordnesrepublikken.no\/wp-content\/uploads\/2025\/03\/1743263450_Hvem-er-Gronland-og-hvorfor-vil-Trump-kjope-det-Oya.jpg","width":1280,"height":720,"caption":"groenlandia importanza geopolitica appartiene alla danimarca e base nato"},{"@type":"BreadcrumbList","@id":"https:\/\/nordnesrepublikken.no\/index.php\/2025\/03\/29\/hvem-er-gronland-og-hvorfor-vil-trump-kjope-det-oya-mellom-danmark-og-autonomi\/#breadcrumb","itemListElement":[{"@type":"ListItem","position":1,"name":"Home","item":"https:\/\/nordnesrepublikken.no\/"},{"@type":"ListItem","position":2,"name":"Hvem er Gr\u00f8nland og hvorfor vil Trump kj\u00f8pe det? \u00d8ya mellom Danmark og autonomi"}]},{"@type":"WebSite","@id":"https:\/\/nordnesrepublikken.no\/#website","url":"https:\/\/nordnesrepublikken.no\/","name":"Nordnesrepublikken","description":"Stemmer og Visjoner fra Republikkens Hjerte","publisher":{"@id":"https:\/\/nordnesrepublikken.no\/#organization"},"potentialAction":[{"@type":"SearchAction","target":{"@type":"EntryPoint","urlTemplate":"https:\/\/nordnesrepublikken.no\/?s={search_term_string}"},"query-input":{"@type":"PropertyValueSpecification","valueRequired":true,"valueName":"search_term_string"}}],"inLanguage":"nb-NO"},{"@type":"Organization","@id":"https:\/\/nordnesrepublikken.no\/#organization","name":"Nordnesrepublikken","url":"https:\/\/nordnesrepublikken.no\/","logo":{"@type":"ImageObject","inLanguage":"nb-NO","@id":"https:\/\/nordnesrepublikken.no\/#\/schema\/logo\/image\/","url":"https:\/\/nordnesrepublikken.no\/wp-content\/uploads\/2025\/02\/cropped-nordnesrepublikken-2.png","contentUrl":"https:\/\/nordnesrepublikken.no\/wp-content\/uploads\/2025\/02\/cropped-nordnesrepublikken-2.png","width":1248,"height":362,"caption":"Nordnesrepublikken"},"image":{"@id":"https:\/\/nordnesrepublikken.no\/#\/schema\/logo\/image\/"}},{"@type":"Person","@id":"https:\/\/nordnesrepublikken.no\/#\/schema\/person\/2e7e81935bab77882fffb79296240ff1","name":"Ole Andersen","image":{"@type":"ImageObject","inLanguage":"nb-NO","@id":"https:\/\/nordnesrepublikken.no\/#\/schema\/person\/image\/","url":"https:\/\/nordnesrepublikken.no\/wp-content\/uploads\/2025\/02\/nordnesrepublikken-2-2-150x150.jpg","contentUrl":"https:\/\/nordnesrepublikken.no\/wp-content\/uploads\/2025\/02\/nordnesrepublikken-2-2-150x150.jpg","caption":"Ole Andersen"},"description":"Ettersom jeg vokste opp i Oslo, har jeg alltid v\u00e6rt fascinert av ordenes kraft og deres evne til \u00e5 skape endringer. Etter \u00e5 ha fullf\u00f8rt min utdannelse i kommunikasjon ved Universitetet i Bergen, fikk jeg muligheten til \u00e5 jobbe innen ulike medier, der jeg har s\u00f8kt \u00e5 belyse viktige samfunnssp\u00f8rsm\u00e5l. I dag, som redakt\u00f8r for Nordnesrepublikken, pr\u00f8ver jeg \u00e5 forene min kj\u00e6rlighet for journalistikk med min lidenskap for innovasjon og eventyr.","sameAs":["https:\/\/nordnesrepublikken.no\/"]}]}},"_links":{"self":[{"href":"https:\/\/nordnesrepublikken.no\/index.php\/wp-json\/wp\/v2\/posts\/2985","targetHints":{"allow":["GET"]}}],"collection":[{"href":"https:\/\/nordnesrepublikken.no\/index.php\/wp-json\/wp\/v2\/posts"}],"about":[{"href":"https:\/\/nordnesrepublikken.no\/index.php\/wp-json\/wp\/v2\/types\/post"}],"author":[{"embeddable":true,"href":"https:\/\/nordnesrepublikken.no\/index.php\/wp-json\/wp\/v2\/users\/1"}],"replies":[{"embeddable":true,"href":"https:\/\/nordnesrepublikken.no\/index.php\/wp-json\/wp\/v2\/comments?post=2985"}],"version-history":[{"count":1,"href":"https:\/\/nordnesrepublikken.no\/index.php\/wp-json\/wp\/v2\/posts\/2985\/revisions"}],"predecessor-version":[{"id":2987,"href":"https:\/\/nordnesrepublikken.no\/index.php\/wp-json\/wp\/v2\/posts\/2985\/revisions\/2987"}],"wp:featuredmedia":[{"embeddable":true,"href":"https:\/\/nordnesrepublikken.no\/index.php\/wp-json\/wp\/v2\/media\/2986"}],"wp:attachment":[{"href":"https:\/\/nordnesrepublikken.no\/index.php\/wp-json\/wp\/v2\/media?parent=2985"}],"wp:term":[{"taxonomy":"category","embeddable":true,"href":"https:\/\/nordnesrepublikken.no\/index.php\/wp-json\/wp\/v2\/categories?post=2985"},{"taxonomy":"post_tag","embeddable":true,"href":"https:\/\/nordnesrepublikken.no\/index.php\/wp-json\/wp\/v2\/tags?post=2985"}],"curies":[{"name":"wp","href":"https:\/\/api.w.org\/{rel}","templated":true}]}}