{"id":2946,"date":"2025-03-26T18:50:24","date_gmt":"2025-03-26T17:50:24","guid":{"rendered":"https:\/\/nordnesrepublikken.no\/index.php\/2025\/03\/26\/norge-eier-na-25-prosent-av-covent-garden\/"},"modified":"2025-03-26T18:50:25","modified_gmt":"2025-03-26T17:50:25","slug":"norge-eier-na-25-prosent-av-covent-garden","status":"publish","type":"post","link":"https:\/\/nordnesrepublikken.no\/index.php\/2025\/03\/26\/norge-eier-na-25-prosent-av-covent-garden\/","title":{"rendered":"Norge eier n\u00e5 25 prosent av Covent Garden"},"content":{"rendered":"<p><\/p>\n<div class=\"wordpress-content\">\n                    <!-- Article Start --><\/p>\n<p class=\"p1\"><strong>Norges Norges Bank Investment Management (NBIM), verdens st\u00f8rste suverene formuesfond, har skaffet seg en eierandel p\u00e5 25 prosent i Londons Covent Garden Estate for 570 millioner pund (680 millioner euro).<\/strong><\/p>\n<p class=\"p1\">For tiden administrerer nesten \u20ac 184 billioner i eiendeler og eier 1,5 prosent av globalt b\u00f8rsnoterte selskaper, har NBIM nettopp inng\u00e5tt samarbeid med Shaftesbury Capital, London -distriktets utleier, for avtalen, som verdsetter boet til \u20ac 3,22 milliarder.<\/p>\n<p class=\"p1\">Covent Garden, et hofte, stridende knutepunkt for shopping, servering og kultur, spenner over butikker, kontorer og boligomr\u00e5der, med en fjerdedel av landene avsatt til de to sistnevnte. Den er kjent for landemerker som Seven Dials og Neal&#8217;s Yard, og er vert for merker som Apple, Chanel og nykommere som Diptyque og Charlotte Tilbury. Investeringene tagger p\u00e5 en betydelig \u00f8kning i ettersp\u00f8rselen etter luksuri\u00f8s detaljhandel, som nylig har truffet rekordniv\u00e5er de siste \u00e5rene, if\u00f8lge Storbritannias Sothebys International Realty.<\/p>\n<div class=\"sra_unit\"><link rel=\"stylesheet\" id=\"block-sra\" href=\"https:\/\/euroweeklynews.com\/wp-content\/plugins\/snack-related-articles\/dist\/css\/snack-related.min.css?250312-193541\" type=\"text\/css\" media=\"all\">\n<\/div>\n<h2 class=\"p1\">Norsk suveren fond investerer i viktige detaljhandelhub<\/h2>\n<p class=\"p1\">Historisk sett var Covent Garden et frukt- og gr\u00f8nnsaksmarked etter Londons brann i 1666, men n\u00e5 forankrer det West End og operascene, selv om det mistet nesten en fjerdedel av verdien under Covid-19-pandemien.<\/p>\n<p class=\"p1\">Gjenoppretting har siden drevet Shaftesburys vekst i det viktigste eiendomsmarkedet. NBIMs Jayesh Patel, sjef for britisk eiendom, kalt Covent Garden en &#8216;verdenskjent detaljhandel, fritid og kulturell destinasjon,&#8217; som kompletterer fondets West End Holdings.<\/p>\n<p class=\"p1\">Dette f\u00f8lger NBIMs anskaffelse av januar av en eierandel p\u00e5 307,5 \u200b\u200bmillioner pund i Mayfairs Grosvenor -portef\u00f8lje og dets eierskap i Regent Street med Crown Estate. Med bare 7 prosent av portef\u00f8ljen i eiendommer, fortsetter NBIM \u00e5 utnytte lave prime eiendomspriser. Shaftesbury&#8217;s aksjer steg 7,5 prosent innen 11.30 am GMT etter kunngj\u00f8ringen.<\/p>\n<p>                    <!-- Article End --><\/p><\/div>\n","protected":false},"excerpt":{"rendered":"<p>Norges Norges Bank Investment Management (NBIM), verdens st\u00f8rste suverene formuesfond, har skaffet seg en eierandel<\/p>\n","protected":false},"author":1,"featured_media":2947,"comment_status":"closed","ping_status":"open","sticky":false,"template":"","format":"standard","meta":{"footnotes":""},"categories":[22],"tags":[608,605,609,606,153,607],"class_list":["post-2946","post","type-post","status-publish","format-standard","has-post-thumbnail","hentry","category-nasjonal","tag-covent","tag-eier","tag-garden","tag-na","tag-norge","tag-prosent","generate-columns","tablet-grid-50","mobile-grid-100","grid-parent","grid-33","resize-featured-image"],"yoast_head":"<!-- This site is optimized with the Yoast SEO plugin v24.4 - https:\/\/yoast.com\/wordpress\/plugins\/seo\/ -->\n<title>Norge eier n\u00e5 25 prosent av Covent Garden - Nordnesrepublikken<\/title>\n<meta name=\"robots\" content=\"index, follow, max-snippet:-1, max-image-preview:large, max-video-preview:-1\" \/>\n<link rel=\"canonical\" href=\"https:\/\/nordnesrepublikken.no\/index.php\/2025\/03\/26\/norge-eier-na-25-prosent-av-covent-garden\/\" \/>\n<meta property=\"og:locale\" content=\"nb_NO\" \/>\n<meta property=\"og:type\" content=\"article\" \/>\n<meta property=\"og:title\" content=\"Norge eier n\u00e5 25 prosent av Covent Garden - Nordnesrepublikken\" \/>\n<meta property=\"og:description\" content=\"Norges Norges Bank Investment Management (NBIM), verdens st\u00f8rste suverene formuesfond, har skaffet seg en eierandel\" \/>\n<meta property=\"og:url\" content=\"https:\/\/nordnesrepublikken.no\/index.php\/2025\/03\/26\/norge-eier-na-25-prosent-av-covent-garden\/\" \/>\n<meta property=\"og:site_name\" content=\"Nordnesrepublikken\" \/>\n<meta property=\"article:published_time\" content=\"2025-03-26T17:50:24+00:00\" \/>\n<meta property=\"article:modified_time\" content=\"2025-03-26T17:50:25+00:00\" \/>\n<meta property=\"og:image\" content=\"https:\/\/nordnesrepublikken.no\/wp-content\/uploads\/2025\/03\/1743011424_Norge-eier-na-25-prosent-av-Covent-Garden.jpg\" \/>\n\t<meta property=\"og:image:width\" content=\"1200\" \/>\n\t<meta property=\"og:image:height\" content=\"800\" \/>\n\t<meta property=\"og:image:type\" content=\"image\/jpeg\" \/>\n<meta name=\"author\" content=\"Ole Andersen\" \/>\n<meta name=\"twitter:card\" content=\"summary_large_image\" \/>\n<meta name=\"twitter:label1\" content=\"Skrevet av\" \/>\n\t<meta name=\"twitter:data1\" content=\"Ole Andersen\" \/>\n\t<meta name=\"twitter:label2\" content=\"Ansl. lesetid\" \/>\n\t<meta name=\"twitter:data2\" content=\"1 minutt\" \/>\n<script type=\"application\/ld+json\" class=\"yoast-schema-graph\">{\"@context\":\"https:\/\/schema.org\",\"@graph\":[{\"@type\":\"Article\",\"@id\":\"https:\/\/nordnesrepublikken.no\/index.php\/2025\/03\/26\/norge-eier-na-25-prosent-av-covent-garden\/#article\",\"isPartOf\":{\"@id\":\"https:\/\/nordnesrepublikken.no\/index.php\/2025\/03\/26\/norge-eier-na-25-prosent-av-covent-garden\/\"},\"author\":{\"name\":\"Ole Andersen\",\"@id\":\"https:\/\/nordnesrepublikken.no\/#\/schema\/person\/2e7e81935bab77882fffb79296240ff1\"},\"headline\":\"Norge eier n\u00e5 25 prosent av Covent Garden\",\"datePublished\":\"2025-03-26T17:50:24+00:00\",\"dateModified\":\"2025-03-26T17:50:25+00:00\",\"mainEntityOfPage\":{\"@id\":\"https:\/\/nordnesrepublikken.no\/index.php\/2025\/03\/26\/norge-eier-na-25-prosent-av-covent-garden\/\"},\"wordCount\":278,\"publisher\":{\"@id\":\"https:\/\/nordnesrepublikken.no\/#organization\"},\"image\":{\"@id\":\"https:\/\/nordnesrepublikken.no\/index.php\/2025\/03\/26\/norge-eier-na-25-prosent-av-covent-garden\/#primaryimage\"},\"thumbnailUrl\":\"https:\/\/nordnesrepublikken.no\/wp-content\/uploads\/2025\/03\/1743011424_Norge-eier-na-25-prosent-av-Covent-Garden.jpg\",\"keywords\":[\"Covent\",\"eier\",\"Garden\",\"n\u00e5\",\"Norge\",\"prosent\"],\"articleSection\":[\"Nasjonal\"],\"inLanguage\":\"nb-NO\"},{\"@type\":\"WebPage\",\"@id\":\"https:\/\/nordnesrepublikken.no\/index.php\/2025\/03\/26\/norge-eier-na-25-prosent-av-covent-garden\/\",\"url\":\"https:\/\/nordnesrepublikken.no\/index.php\/2025\/03\/26\/norge-eier-na-25-prosent-av-covent-garden\/\",\"name\":\"Norge eier n\u00e5 25 prosent av Covent Garden - Nordnesrepublikken\",\"isPartOf\":{\"@id\":\"https:\/\/nordnesrepublikken.no\/#website\"},\"primaryImageOfPage\":{\"@id\":\"https:\/\/nordnesrepublikken.no\/index.php\/2025\/03\/26\/norge-eier-na-25-prosent-av-covent-garden\/#primaryimage\"},\"image\":{\"@id\":\"https:\/\/nordnesrepublikken.no\/index.php\/2025\/03\/26\/norge-eier-na-25-prosent-av-covent-garden\/#primaryimage\"},\"thumbnailUrl\":\"https:\/\/nordnesrepublikken.no\/wp-content\/uploads\/2025\/03\/1743011424_Norge-eier-na-25-prosent-av-Covent-Garden.jpg\",\"datePublished\":\"2025-03-26T17:50:24+00:00\",\"dateModified\":\"2025-03-26T17:50:25+00:00\",\"breadcrumb\":{\"@id\":\"https:\/\/nordnesrepublikken.no\/index.php\/2025\/03\/26\/norge-eier-na-25-prosent-av-covent-garden\/#breadcrumb\"},\"inLanguage\":\"nb-NO\",\"potentialAction\":[{\"@type\":\"ReadAction\",\"target\":[\"https:\/\/nordnesrepublikken.no\/index.php\/2025\/03\/26\/norge-eier-na-25-prosent-av-covent-garden\/\"]}]},{\"@type\":\"ImageObject\",\"inLanguage\":\"nb-NO\",\"@id\":\"https:\/\/nordnesrepublikken.no\/index.php\/2025\/03\/26\/norge-eier-na-25-prosent-av-covent-garden\/#primaryimage\",\"url\":\"https:\/\/nordnesrepublikken.no\/wp-content\/uploads\/2025\/03\/1743011424_Norge-eier-na-25-prosent-av-Covent-Garden.jpg\",\"contentUrl\":\"https:\/\/nordnesrepublikken.no\/wp-content\/uploads\/2025\/03\/1743011424_Norge-eier-na-25-prosent-av-Covent-Garden.jpg\",\"width\":1200,\"height\":800,\"caption\":\"Norge eier n\u00e5 25 prosent av Covent Garden\"},{\"@type\":\"BreadcrumbList\",\"@id\":\"https:\/\/nordnesrepublikken.no\/index.php\/2025\/03\/26\/norge-eier-na-25-prosent-av-covent-garden\/#breadcrumb\",\"itemListElement\":[{\"@type\":\"ListItem\",\"position\":1,\"name\":\"Home\",\"item\":\"https:\/\/nordnesrepublikken.no\/\"},{\"@type\":\"ListItem\",\"position\":2,\"name\":\"Norge eier n\u00e5 25 prosent av Covent Garden\"}]},{\"@type\":\"WebSite\",\"@id\":\"https:\/\/nordnesrepublikken.no\/#website\",\"url\":\"https:\/\/nordnesrepublikken.no\/\",\"name\":\"Nordnesrepublikken\",\"description\":\"Stemmer og Visjoner fra Republikkens Hjerte\",\"publisher\":{\"@id\":\"https:\/\/nordnesrepublikken.no\/#organization\"},\"potentialAction\":[{\"@type\":\"SearchAction\",\"target\":{\"@type\":\"EntryPoint\",\"urlTemplate\":\"https:\/\/nordnesrepublikken.no\/?s={search_term_string}\"},\"query-input\":{\"@type\":\"PropertyValueSpecification\",\"valueRequired\":true,\"valueName\":\"search_term_string\"}}],\"inLanguage\":\"nb-NO\"},{\"@type\":\"Organization\",\"@id\":\"https:\/\/nordnesrepublikken.no\/#organization\",\"name\":\"Nordnesrepublikken\",\"url\":\"https:\/\/nordnesrepublikken.no\/\",\"logo\":{\"@type\":\"ImageObject\",\"inLanguage\":\"nb-NO\",\"@id\":\"https:\/\/nordnesrepublikken.no\/#\/schema\/logo\/image\/\",\"url\":\"https:\/\/nordnesrepublikken.no\/wp-content\/uploads\/2025\/02\/cropped-nordnesrepublikken-2.png\",\"contentUrl\":\"https:\/\/nordnesrepublikken.no\/wp-content\/uploads\/2025\/02\/cropped-nordnesrepublikken-2.png\",\"width\":1248,\"height\":362,\"caption\":\"Nordnesrepublikken\"},\"image\":{\"@id\":\"https:\/\/nordnesrepublikken.no\/#\/schema\/logo\/image\/\"}},{\"@type\":\"Person\",\"@id\":\"https:\/\/nordnesrepublikken.no\/#\/schema\/person\/2e7e81935bab77882fffb79296240ff1\",\"name\":\"Ole Andersen\",\"image\":{\"@type\":\"ImageObject\",\"inLanguage\":\"nb-NO\",\"@id\":\"https:\/\/nordnesrepublikken.no\/#\/schema\/person\/image\/\",\"url\":\"https:\/\/nordnesrepublikken.no\/wp-content\/uploads\/2025\/02\/nordnesrepublikken-2-2-150x150.jpg\",\"contentUrl\":\"https:\/\/nordnesrepublikken.no\/wp-content\/uploads\/2025\/02\/nordnesrepublikken-2-2-150x150.jpg\",\"caption\":\"Ole Andersen\"},\"description\":\"Ettersom jeg vokste opp i Oslo, har jeg alltid v\u00e6rt fascinert av ordenes kraft og deres evne til \u00e5 skape endringer. Etter \u00e5 ha fullf\u00f8rt min utdannelse i kommunikasjon ved Universitetet i Bergen, fikk jeg muligheten til \u00e5 jobbe innen ulike medier, der jeg har s\u00f8kt \u00e5 belyse viktige samfunnssp\u00f8rsm\u00e5l. I dag, som redakt\u00f8r for Nordnesrepublikken, pr\u00f8ver jeg \u00e5 forene min kj\u00e6rlighet for journalistikk med min lidenskap for innovasjon og eventyr.\",\"sameAs\":[\"https:\/\/nordnesrepublikken.no\/\"]}]}<\/script>\n<!-- \/ Yoast SEO plugin. -->","yoast_head_json":{"title":"Norge eier n\u00e5 25 prosent av Covent Garden - Nordnesrepublikken","robots":{"index":"index","follow":"follow","max-snippet":"max-snippet:-1","max-image-preview":"max-image-preview:large","max-video-preview":"max-video-preview:-1"},"canonical":"https:\/\/nordnesrepublikken.no\/index.php\/2025\/03\/26\/norge-eier-na-25-prosent-av-covent-garden\/","og_locale":"nb_NO","og_type":"article","og_title":"Norge eier n\u00e5 25 prosent av Covent Garden - Nordnesrepublikken","og_description":"Norges Norges Bank Investment Management (NBIM), verdens st\u00f8rste suverene formuesfond, har skaffet seg en eierandel","og_url":"https:\/\/nordnesrepublikken.no\/index.php\/2025\/03\/26\/norge-eier-na-25-prosent-av-covent-garden\/","og_site_name":"Nordnesrepublikken","article_published_time":"2025-03-26T17:50:24+00:00","article_modified_time":"2025-03-26T17:50:25+00:00","og_image":[{"width":1200,"height":800,"url":"https:\/\/nordnesrepublikken.no\/wp-content\/uploads\/2025\/03\/1743011424_Norge-eier-na-25-prosent-av-Covent-Garden.jpg","type":"image\/jpeg"}],"author":"Ole Andersen","twitter_card":"summary_large_image","twitter_misc":{"Skrevet av":"Ole Andersen","Ansl. lesetid":"1 minutt"},"schema":{"@context":"https:\/\/schema.org","@graph":[{"@type":"Article","@id":"https:\/\/nordnesrepublikken.no\/index.php\/2025\/03\/26\/norge-eier-na-25-prosent-av-covent-garden\/#article","isPartOf":{"@id":"https:\/\/nordnesrepublikken.no\/index.php\/2025\/03\/26\/norge-eier-na-25-prosent-av-covent-garden\/"},"author":{"name":"Ole Andersen","@id":"https:\/\/nordnesrepublikken.no\/#\/schema\/person\/2e7e81935bab77882fffb79296240ff1"},"headline":"Norge eier n\u00e5 25 prosent av Covent Garden","datePublished":"2025-03-26T17:50:24+00:00","dateModified":"2025-03-26T17:50:25+00:00","mainEntityOfPage":{"@id":"https:\/\/nordnesrepublikken.no\/index.php\/2025\/03\/26\/norge-eier-na-25-prosent-av-covent-garden\/"},"wordCount":278,"publisher":{"@id":"https:\/\/nordnesrepublikken.no\/#organization"},"image":{"@id":"https:\/\/nordnesrepublikken.no\/index.php\/2025\/03\/26\/norge-eier-na-25-prosent-av-covent-garden\/#primaryimage"},"thumbnailUrl":"https:\/\/nordnesrepublikken.no\/wp-content\/uploads\/2025\/03\/1743011424_Norge-eier-na-25-prosent-av-Covent-Garden.jpg","keywords":["Covent","eier","Garden","n\u00e5","Norge","prosent"],"articleSection":["Nasjonal"],"inLanguage":"nb-NO"},{"@type":"WebPage","@id":"https:\/\/nordnesrepublikken.no\/index.php\/2025\/03\/26\/norge-eier-na-25-prosent-av-covent-garden\/","url":"https:\/\/nordnesrepublikken.no\/index.php\/2025\/03\/26\/norge-eier-na-25-prosent-av-covent-garden\/","name":"Norge eier n\u00e5 25 prosent av Covent Garden - Nordnesrepublikken","isPartOf":{"@id":"https:\/\/nordnesrepublikken.no\/#website"},"primaryImageOfPage":{"@id":"https:\/\/nordnesrepublikken.no\/index.php\/2025\/03\/26\/norge-eier-na-25-prosent-av-covent-garden\/#primaryimage"},"image":{"@id":"https:\/\/nordnesrepublikken.no\/index.php\/2025\/03\/26\/norge-eier-na-25-prosent-av-covent-garden\/#primaryimage"},"thumbnailUrl":"https:\/\/nordnesrepublikken.no\/wp-content\/uploads\/2025\/03\/1743011424_Norge-eier-na-25-prosent-av-Covent-Garden.jpg","datePublished":"2025-03-26T17:50:24+00:00","dateModified":"2025-03-26T17:50:25+00:00","breadcrumb":{"@id":"https:\/\/nordnesrepublikken.no\/index.php\/2025\/03\/26\/norge-eier-na-25-prosent-av-covent-garden\/#breadcrumb"},"inLanguage":"nb-NO","potentialAction":[{"@type":"ReadAction","target":["https:\/\/nordnesrepublikken.no\/index.php\/2025\/03\/26\/norge-eier-na-25-prosent-av-covent-garden\/"]}]},{"@type":"ImageObject","inLanguage":"nb-NO","@id":"https:\/\/nordnesrepublikken.no\/index.php\/2025\/03\/26\/norge-eier-na-25-prosent-av-covent-garden\/#primaryimage","url":"https:\/\/nordnesrepublikken.no\/wp-content\/uploads\/2025\/03\/1743011424_Norge-eier-na-25-prosent-av-Covent-Garden.jpg","contentUrl":"https:\/\/nordnesrepublikken.no\/wp-content\/uploads\/2025\/03\/1743011424_Norge-eier-na-25-prosent-av-Covent-Garden.jpg","width":1200,"height":800,"caption":"Norge eier n\u00e5 25 prosent av Covent Garden"},{"@type":"BreadcrumbList","@id":"https:\/\/nordnesrepublikken.no\/index.php\/2025\/03\/26\/norge-eier-na-25-prosent-av-covent-garden\/#breadcrumb","itemListElement":[{"@type":"ListItem","position":1,"name":"Home","item":"https:\/\/nordnesrepublikken.no\/"},{"@type":"ListItem","position":2,"name":"Norge eier n\u00e5 25 prosent av Covent Garden"}]},{"@type":"WebSite","@id":"https:\/\/nordnesrepublikken.no\/#website","url":"https:\/\/nordnesrepublikken.no\/","name":"Nordnesrepublikken","description":"Stemmer og Visjoner fra Republikkens Hjerte","publisher":{"@id":"https:\/\/nordnesrepublikken.no\/#organization"},"potentialAction":[{"@type":"SearchAction","target":{"@type":"EntryPoint","urlTemplate":"https:\/\/nordnesrepublikken.no\/?s={search_term_string}"},"query-input":{"@type":"PropertyValueSpecification","valueRequired":true,"valueName":"search_term_string"}}],"inLanguage":"nb-NO"},{"@type":"Organization","@id":"https:\/\/nordnesrepublikken.no\/#organization","name":"Nordnesrepublikken","url":"https:\/\/nordnesrepublikken.no\/","logo":{"@type":"ImageObject","inLanguage":"nb-NO","@id":"https:\/\/nordnesrepublikken.no\/#\/schema\/logo\/image\/","url":"https:\/\/nordnesrepublikken.no\/wp-content\/uploads\/2025\/02\/cropped-nordnesrepublikken-2.png","contentUrl":"https:\/\/nordnesrepublikken.no\/wp-content\/uploads\/2025\/02\/cropped-nordnesrepublikken-2.png","width":1248,"height":362,"caption":"Nordnesrepublikken"},"image":{"@id":"https:\/\/nordnesrepublikken.no\/#\/schema\/logo\/image\/"}},{"@type":"Person","@id":"https:\/\/nordnesrepublikken.no\/#\/schema\/person\/2e7e81935bab77882fffb79296240ff1","name":"Ole Andersen","image":{"@type":"ImageObject","inLanguage":"nb-NO","@id":"https:\/\/nordnesrepublikken.no\/#\/schema\/person\/image\/","url":"https:\/\/nordnesrepublikken.no\/wp-content\/uploads\/2025\/02\/nordnesrepublikken-2-2-150x150.jpg","contentUrl":"https:\/\/nordnesrepublikken.no\/wp-content\/uploads\/2025\/02\/nordnesrepublikken-2-2-150x150.jpg","caption":"Ole Andersen"},"description":"Ettersom jeg vokste opp i Oslo, har jeg alltid v\u00e6rt fascinert av ordenes kraft og deres evne til \u00e5 skape endringer. Etter \u00e5 ha fullf\u00f8rt min utdannelse i kommunikasjon ved Universitetet i Bergen, fikk jeg muligheten til \u00e5 jobbe innen ulike medier, der jeg har s\u00f8kt \u00e5 belyse viktige samfunnssp\u00f8rsm\u00e5l. I dag, som redakt\u00f8r for Nordnesrepublikken, pr\u00f8ver jeg \u00e5 forene min kj\u00e6rlighet for journalistikk med min lidenskap for innovasjon og eventyr.","sameAs":["https:\/\/nordnesrepublikken.no\/"]}]}},"_links":{"self":[{"href":"https:\/\/nordnesrepublikken.no\/index.php\/wp-json\/wp\/v2\/posts\/2946","targetHints":{"allow":["GET"]}}],"collection":[{"href":"https:\/\/nordnesrepublikken.no\/index.php\/wp-json\/wp\/v2\/posts"}],"about":[{"href":"https:\/\/nordnesrepublikken.no\/index.php\/wp-json\/wp\/v2\/types\/post"}],"author":[{"embeddable":true,"href":"https:\/\/nordnesrepublikken.no\/index.php\/wp-json\/wp\/v2\/users\/1"}],"replies":[{"embeddable":true,"href":"https:\/\/nordnesrepublikken.no\/index.php\/wp-json\/wp\/v2\/comments?post=2946"}],"version-history":[{"count":1,"href":"https:\/\/nordnesrepublikken.no\/index.php\/wp-json\/wp\/v2\/posts\/2946\/revisions"}],"predecessor-version":[{"id":2948,"href":"https:\/\/nordnesrepublikken.no\/index.php\/wp-json\/wp\/v2\/posts\/2946\/revisions\/2948"}],"wp:featuredmedia":[{"embeddable":true,"href":"https:\/\/nordnesrepublikken.no\/index.php\/wp-json\/wp\/v2\/media\/2947"}],"wp:attachment":[{"href":"https:\/\/nordnesrepublikken.no\/index.php\/wp-json\/wp\/v2\/media?parent=2946"}],"wp:term":[{"taxonomy":"category","embeddable":true,"href":"https:\/\/nordnesrepublikken.no\/index.php\/wp-json\/wp\/v2\/categories?post=2946"},{"taxonomy":"post_tag","embeddable":true,"href":"https:\/\/nordnesrepublikken.no\/index.php\/wp-json\/wp\/v2\/tags?post=2946"}],"curies":[{"name":"wp","href":"https:\/\/api.w.org\/{rel}","templated":true}]}}