{"id":2943,"date":"2025-03-25T15:50:40","date_gmt":"2025-03-25T14:50:40","guid":{"rendered":"https:\/\/nordnesrepublikken.no\/index.php\/2025\/03\/25\/som-er-erdogans-utfordrer-til-presidentvalget-i-2028\/"},"modified":"2025-03-25T15:50:46","modified_gmt":"2025-03-25T14:50:46","slug":"som-er-erdogans-utfordrer-til-presidentvalget-i-2028","status":"publish","type":"post","link":"https:\/\/nordnesrepublikken.no\/index.php\/2025\/03\/25\/som-er-erdogans-utfordrer-til-presidentvalget-i-2028\/","title":{"rendered":"Som er Erdogans utfordrer til presidentvalget i 2028"},"content":{"rendered":"<div>\n      <!-- CONTENT --><\/p>\n<div class=\"cp_wrapper cp_wrapper--fw mb-30 mb-20@tablet\">\n<figure class=\"mm\"><picture class=\"img\" style=\"padding-top:56.25%\"><source  media=\"(min-width: 1024px)\"><source  media=\"(min-width: 768px)\"><\/source><\/source><\/picture><\/figure>\n<\/p><\/div>\n<p>Protestene i T\u00fcrkiye fortsetter etter arrestasjonen av <strong>Ekrem Imamoglu<\/strong>ordf\u00f8rer i <strong>Istanbul<\/strong> og potensiell utfordrer av <strong>Recep Tayyip Erdogan <\/strong>og hans<strong> Party of Justice and Development <\/strong>(p\u00e5 tyrkisk Adolet ve Kalk\u0131nma partisi, AKP) til presidentvalget av <strong>2028<\/strong>fengslet med beskyldninger om korrupsjon og b\u00e5nd med terrorforeninger. Sammenst\u00f8tene med politiet f\u00f8rte til arrestasjonen av 1.133 mennesker i forskjellige byer, til tross for forbudet mot hendelser. I Istanbul er pulcrum av protestene Piazza Sarachane, der tilhengere av Imamoglu samles hver kveld for \u00e5 konkurrere president Erdogan.<\/p>\n<h2>Arrestasjonen av ordf\u00f8reren i Istanbul: trusselen mot dominansen av Erdo\u011fan<\/h2>\n<p>Arrestasjonen og besittelsen av Ekrem Imamoglu med <strong>Anklager om korrupsjon og b\u00e5nd med en terrorforening<\/strong> Det er bare det siste trinnet i en sekvens av rettslige dokumenter og rettssaker fra det tyrkiske rettsvesenet, som etter \u00e5r med THEKP -regjeringen n\u00e5 er en ikke for tilsl\u00f8rt utstr\u00e5ling av regjeringen i Erdo\u011fan. Gjennom \u00e5rene, mer enn <strong>90 unders\u00f8kelser mot Imamoglu<\/strong>inkludert beskyldningen om \u00e5 ha unnlatt \u00e5 respektere graven til en gammel sultan til den for \u00e5 forn\u00e6rme medlemmene av den tyrkiske \u00f8verste valgkommisjonen. I 2023 ble han ogs\u00e5 beskyldt for manipulering av anbud, som gir en fengselsstraff fra tre til syv \u00e5r. Etter arrestasjonen av de siste dagene tok tusenvis av tyrkiske borgere til gatene for \u00e5 st\u00f8tte Imamoglu, og bestridte beskyldningene om korrupsjon og b\u00e5nd med terrorforeninger. Befolkningen samler seg spesielt i hovedstaden, med Besiktas -distriktet E <strong>Sarachane Piazza<\/strong>som har blitt protestens b\u00e6rebjelke. Blant de mest enn tusen arresterte inkluderer 9 journalister ogs\u00e5. Men hvem er politikeren som skremmer Erdo\u011fan til poenget med \u00e5 risikere \u00e5 slippe l\u00f8s protestene p\u00e5 torget i hele Tyrkia og \u00e5 f\u00e5 ned den tyrkiske liraen p\u00e5 verdensmarkedene?<\/p>\n<div class=\"cp_wrapper cp_wrapper--fw mb-50\">\n<figure class=\"mm\"><picture class=\"img\" style=\"padding-top:75%\"><source  media=\"(min-width: 1024px)\"><source  media=\"(min-width: 768px)\"><img decoding=\"async\" loading=\"lazy\" src=\"https:\/\/nordnesrepublikken.no\/wp-content\/uploads\/2025\/03\/Som-er-Erdogans-utfordrer-til-presidentvalget-i-2028.jpg\" alt=\"Erdogan f\u00f8dt\" width=\"4032\" height=\"3024\"><\/source><\/source><\/picture><\/figure>\n<\/p><\/div>\n<h2>Ekrem Imamoglus studier og karriere av Ekrem<\/h2>\n<p>Ekrem \u0130mamamlu er <strong>F\u00f8dt 4. juni 1970 i Ak\u00e7aabat<\/strong>i provinsen Trebizonda. Ja det er det <strong>Uteksaminert i bedrifts\u00f8konomi<\/strong> ved University of Istanbul og fikk deretter en mastergrad i \u00e5 styre menneskelige ressurser. Begge disse titlene blir n\u00e5 avh\u00f8rt av universitetet i 2025 p\u00e5 grunn av p\u00e5st\u00e5tte prosessuelle uregelmessigheter. Etter studiene jobbet \u0130mamo\u011flu i Imamoglu Saat, familiebedriften aktiv i <strong>byggesektor<\/strong>. I tillegg til dette p\u00e5 l\u00e6replanen hans er det retningen til en restaurant i Istanbul spesialisert i K\u00f6fte (tyrkiske kj\u00f8ttboller) og oppdraget i styret for Polisportiva del Trabzonspor, fotballaget i hjembyen.<\/p>\n<h2>Debuten i politikken til Imamoglu<\/h2>\n<p>Der <strong>F\u00f8rste politiske erfaring <\/strong>av \u0130mamo\u011flu stammer tilbake til<strong>begynnelsen av 90 -tallet<\/strong>da han meldte seg inn i ungdomsfl\u00f8yen til Motherland Party. P\u00e5 begynnelsen av 2000 -tallet dro \u0130mamamlu til CHP, og i 2009 ble han valgt til sjef for ungdomsdelen av Kemalist -partiet. Ti \u00e5r senere ankom kandidaturet som ordf\u00f8rer i Istanbul. Mot all sp\u00e5dom klarte \u0130mamo\u011flu \u00e5 sl\u00e5 Erdo\u011fans partikandidat med en margin p\u00e5 13 000 stemmer, men resultatet ble kansellert av den tyrkiske \u00f8verste valgkommisjonen. N\u00e5r valget er gjentatt tre m\u00e5neder senere, gikk stemmen til \u0130mamu\u011flu opp til 800.000.<\/p>\n<div class=\"cp_wrapper cp_wrapper--fw mb-50\">\n<figure class=\"mm\"><picture class=\"img\" style=\"padding-top:39.6875%\"><source  media=\"(min-width: 1024px)\"><source  media=\"(min-width: 768px)\"><img decoding=\"async\" loading=\"lazy\" src=\"https:\/\/nordnesrepublikken.no\/wp-content\/uploads\/2025\/03\/1742914240_201_Som-er-Erdogans-utfordrer-til-presidentvalget-i-2028.jpg\" alt=\"Bilde\" width=\"2560\" height=\"1016\" class=\"js-seedtag-img\"><\/source><\/source><\/picture><\/figure>\n<\/p><\/div>\n<h2>Mandatet som ordf\u00f8rer i Istanbul<\/h2>\n<p>\u0130mamo\u011flu har <strong>sverget 27. juni 2019 som ordf\u00f8rer i Istanbul<\/strong>anklager at Erdo\u011fan selv hadde fra 1994 til 1998. Under sitt mandat implementerte han betydelige byreformer, utvidet Metropolitan Railway Network og introduserte en ny fl\u00e5te med elektriske busser. Han har fremmet milj\u00f8messige b\u00e6rekraftsprosjekter, for eksempel \u00e5 opprette nye offentlige parker og tiltak for reduksjon av forurensende utslipp. Innen sosial politikk har administrasjonen forbedret tilgangen til offentlige data og tjenester med implementering av digitale plattformer og planlagt et tretti \u00e5rlig program for sikkerhet for bygninger og monumenter i p\u00e5vente av seismiske hendelser. N\u00e5r mandatet hans er utl\u00f8pt <strong>I 2024 ble \u0130mamo\u011flu bekreftet med 51,03% av stemmene<\/strong>overvinne kandidaten til AKP Murat Kurum (39,59%). I juni samme \u00e5r ble \u0130mamamlu valgt til president i Union of the Municipalities of T\u00fcrkiye (TBB), den f\u00f8rste republikaneren som hadde dette kontoret fra grunnlaget for kroppen i 2005. The the <strong>23. mars 2025 \u0130mamamlu ble hevet av oppdraget<\/strong> av ordf\u00f8rer i Istanbul p\u00e5 grunn av de siste beskyldningene mot ham.<\/p>\n<div class=\"cp_wrapper cp_wrapper--fw mb-50\">\n<figure class=\"mm\"><picture class=\"img\" style=\"padding-top:66.69921875%\"><source  media=\"(min-width: 1024px)\"><source  media=\"(min-width: 768px)\"><img decoding=\"async\" loading=\"lazy\" src=\"https:\/\/nordnesrepublikken.no\/wp-content\/uploads\/2025\/03\/1742914240_657_Som-er-Erdogans-utfordrer-til-presidentvalget-i-2028.jpg\" alt=\"Imamoglu Istanbul\" width=\"1024\" height=\"683\"><\/source><\/source><\/picture><\/figure>\n<\/p><\/div>\n<h2>\u00c5rsakene til suksessen<\/h2>\n<p>I l\u00f8pet av sin politiske karriere har \u0130mamu\u011flu vist en stor evne til \u00e5 snakke og overtale velgerne om forskjellige sosiale forhold og meninger. N\u00f8yaktig talentet som anerkjennes av alle analytikere ogs\u00e5 til den n\u00e5v\u00e6rende tyrkiske presidenten Erdo\u011fan. Under talene hans skiller \u0130mamamlu seg ut for en<strong>Inkluderende oratorium<\/strong> Det er n\u00f8ye \u00e5 unng\u00e5 sosial diskriminering. Ogs\u00e5 i allianserens spill i et veldig fragmentert opposisjonspanorama <strong>\u0130mamo\u011flu klarer \u00e5 v\u00e6re en troverdig kandidat for mange fraksjoner<\/strong>: Takket v\u00e6re sin opprinnelse i en observant sunnimuslimsk familie, er den faktisk godt fra de moderate muslimske velgerne, mens dets politiske og gr\u00fcnderhistorie favoriserer den med venstre og progressive tyrkiske velger. Nyere unders\u00f8kelser i T\u00fcrkiye ser ut til \u00e5 bekrefte disse inntrykkene: takket v\u00e6re populariteten til \u0130mamo\u011flu, den <strong>CHP kunne n\u00e6rme seg 30% og n\u00e5 Erdo\u011fan&#8217;sskp -niv\u00e5er<\/strong>. Til tross for arrestasjonen, rettslige press og varetektsfengsling i et maksimalt sikkerhetsfengsel som ble bestemt s\u00f8ndag 23. mars, har \u0130mamu\u011flu kunngjort at han ikke har noen intensjon om \u00e5 forlate l\u00f8pet for presidentvalget i 2028.<\/p>\n<\/p><\/div>\n","protected":false},"excerpt":{"rendered":"<p>Protestene i T\u00fcrkiye fortsetter etter arrestasjonen av Ekrem Imamogluordf\u00f8rer i Istanbul og potensiell utfordrer av<\/p>\n","protected":false},"author":1,"featured_media":2944,"comment_status":"closed","ping_status":"open","sticky":false,"template":"","format":"standard","meta":{"footnotes":""},"categories":[23],"tags":[602,604,31,117,603],"class_list":["post-2943","post","type-post","status-publish","format-standard","has-post-thumbnail","hentry","category-politikk","tag-erdogans","tag-presidentvalget","tag-som","tag-til","tag-utfordrer","generate-columns","tablet-grid-50","mobile-grid-100","grid-parent","grid-33","resize-featured-image"],"yoast_head":"<!-- This site is optimized with the Yoast SEO plugin v24.4 - https:\/\/yoast.com\/wordpress\/plugins\/seo\/ -->\n<title>Som er Erdogans utfordrer til presidentvalget i 2028 - Nordnesrepublikken<\/title>\n<meta name=\"robots\" content=\"index, follow, max-snippet:-1, max-image-preview:large, max-video-preview:-1\" \/>\n<link rel=\"canonical\" href=\"https:\/\/nordnesrepublikken.no\/index.php\/2025\/03\/25\/som-er-erdogans-utfordrer-til-presidentvalget-i-2028\/\" \/>\n<meta property=\"og:locale\" content=\"nb_NO\" \/>\n<meta property=\"og:type\" content=\"article\" \/>\n<meta property=\"og:title\" content=\"Som er Erdogans utfordrer til presidentvalget i 2028 - Nordnesrepublikken\" \/>\n<meta property=\"og:description\" content=\"Protestene i T\u00fcrkiye fortsetter etter arrestasjonen av Ekrem Imamogluordf\u00f8rer i Istanbul og potensiell utfordrer av\" \/>\n<meta property=\"og:url\" content=\"https:\/\/nordnesrepublikken.no\/index.php\/2025\/03\/25\/som-er-erdogans-utfordrer-til-presidentvalget-i-2028\/\" \/>\n<meta property=\"og:site_name\" content=\"Nordnesrepublikken\" \/>\n<meta property=\"article:published_time\" content=\"2025-03-25T14:50:40+00:00\" \/>\n<meta property=\"article:modified_time\" content=\"2025-03-25T14:50:46+00:00\" \/>\n<meta property=\"og:image\" content=\"https:\/\/nordnesrepublikken.no\/wp-content\/uploads\/2025\/03\/1742914240_Som-er-Erdogans-utfordrer-til-presidentvalget-i-2028-scaled.jpeg\" \/>\n\t<meta property=\"og:image:width\" content=\"2560\" \/>\n\t<meta property=\"og:image:height\" content=\"1440\" \/>\n\t<meta property=\"og:image:type\" content=\"image\/jpeg\" \/>\n<meta name=\"author\" content=\"Ole Andersen\" \/>\n<meta name=\"twitter:card\" content=\"summary_large_image\" \/>\n<meta name=\"twitter:label1\" content=\"Skrevet av\" \/>\n\t<meta name=\"twitter:data1\" content=\"Ole Andersen\" \/>\n\t<meta name=\"twitter:label2\" content=\"Ansl. lesetid\" \/>\n\t<meta name=\"twitter:data2\" content=\"4 minutter\" \/>\n<script type=\"application\/ld+json\" class=\"yoast-schema-graph\">{\"@context\":\"https:\/\/schema.org\",\"@graph\":[{\"@type\":\"Article\",\"@id\":\"https:\/\/nordnesrepublikken.no\/index.php\/2025\/03\/25\/som-er-erdogans-utfordrer-til-presidentvalget-i-2028\/#article\",\"isPartOf\":{\"@id\":\"https:\/\/nordnesrepublikken.no\/index.php\/2025\/03\/25\/som-er-erdogans-utfordrer-til-presidentvalget-i-2028\/\"},\"author\":{\"name\":\"Ole Andersen\",\"@id\":\"https:\/\/nordnesrepublikken.no\/#\/schema\/person\/2e7e81935bab77882fffb79296240ff1\"},\"headline\":\"Som er Erdogans utfordrer til presidentvalget i 2028\",\"datePublished\":\"2025-03-25T14:50:40+00:00\",\"dateModified\":\"2025-03-25T14:50:46+00:00\",\"mainEntityOfPage\":{\"@id\":\"https:\/\/nordnesrepublikken.no\/index.php\/2025\/03\/25\/som-er-erdogans-utfordrer-til-presidentvalget-i-2028\/\"},\"wordCount\":843,\"publisher\":{\"@id\":\"https:\/\/nordnesrepublikken.no\/#organization\"},\"image\":{\"@id\":\"https:\/\/nordnesrepublikken.no\/index.php\/2025\/03\/25\/som-er-erdogans-utfordrer-til-presidentvalget-i-2028\/#primaryimage\"},\"thumbnailUrl\":\"https:\/\/nordnesrepublikken.no\/wp-content\/uploads\/2025\/03\/1742914240_Som-er-Erdogans-utfordrer-til-presidentvalget-i-2028-scaled.jpeg\",\"keywords\":[\"Erdogans\",\"presidentvalget\",\"som\",\"til\",\"utfordrer\"],\"articleSection\":[\"Politikk\"],\"inLanguage\":\"nb-NO\"},{\"@type\":\"WebPage\",\"@id\":\"https:\/\/nordnesrepublikken.no\/index.php\/2025\/03\/25\/som-er-erdogans-utfordrer-til-presidentvalget-i-2028\/\",\"url\":\"https:\/\/nordnesrepublikken.no\/index.php\/2025\/03\/25\/som-er-erdogans-utfordrer-til-presidentvalget-i-2028\/\",\"name\":\"Som er Erdogans utfordrer til presidentvalget i 2028 - Nordnesrepublikken\",\"isPartOf\":{\"@id\":\"https:\/\/nordnesrepublikken.no\/#website\"},\"primaryImageOfPage\":{\"@id\":\"https:\/\/nordnesrepublikken.no\/index.php\/2025\/03\/25\/som-er-erdogans-utfordrer-til-presidentvalget-i-2028\/#primaryimage\"},\"image\":{\"@id\":\"https:\/\/nordnesrepublikken.no\/index.php\/2025\/03\/25\/som-er-erdogans-utfordrer-til-presidentvalget-i-2028\/#primaryimage\"},\"thumbnailUrl\":\"https:\/\/nordnesrepublikken.no\/wp-content\/uploads\/2025\/03\/1742914240_Som-er-Erdogans-utfordrer-til-presidentvalget-i-2028-scaled.jpeg\",\"datePublished\":\"2025-03-25T14:50:40+00:00\",\"dateModified\":\"2025-03-25T14:50:46+00:00\",\"breadcrumb\":{\"@id\":\"https:\/\/nordnesrepublikken.no\/index.php\/2025\/03\/25\/som-er-erdogans-utfordrer-til-presidentvalget-i-2028\/#breadcrumb\"},\"inLanguage\":\"nb-NO\",\"potentialAction\":[{\"@type\":\"ReadAction\",\"target\":[\"https:\/\/nordnesrepublikken.no\/index.php\/2025\/03\/25\/som-er-erdogans-utfordrer-til-presidentvalget-i-2028\/\"]}]},{\"@type\":\"ImageObject\",\"inLanguage\":\"nb-NO\",\"@id\":\"https:\/\/nordnesrepublikken.no\/index.php\/2025\/03\/25\/som-er-erdogans-utfordrer-til-presidentvalget-i-2028\/#primaryimage\",\"url\":\"https:\/\/nordnesrepublikken.no\/wp-content\/uploads\/2025\/03\/1742914240_Som-er-Erdogans-utfordrer-til-presidentvalget-i-2028-scaled.jpeg\",\"contentUrl\":\"https:\/\/nordnesrepublikken.no\/wp-content\/uploads\/2025\/03\/1742914240_Som-er-Erdogans-utfordrer-til-presidentvalget-i-2028-scaled.jpeg\",\"width\":2560,\"height\":1440,\"caption\":\"Ekrem Imamoglu\"},{\"@type\":\"BreadcrumbList\",\"@id\":\"https:\/\/nordnesrepublikken.no\/index.php\/2025\/03\/25\/som-er-erdogans-utfordrer-til-presidentvalget-i-2028\/#breadcrumb\",\"itemListElement\":[{\"@type\":\"ListItem\",\"position\":1,\"name\":\"Home\",\"item\":\"https:\/\/nordnesrepublikken.no\/\"},{\"@type\":\"ListItem\",\"position\":2,\"name\":\"Som er Erdogans utfordrer til presidentvalget i 2028\"}]},{\"@type\":\"WebSite\",\"@id\":\"https:\/\/nordnesrepublikken.no\/#website\",\"url\":\"https:\/\/nordnesrepublikken.no\/\",\"name\":\"Nordnesrepublikken\",\"description\":\"Stemmer og Visjoner fra Republikkens Hjerte\",\"publisher\":{\"@id\":\"https:\/\/nordnesrepublikken.no\/#organization\"},\"potentialAction\":[{\"@type\":\"SearchAction\",\"target\":{\"@type\":\"EntryPoint\",\"urlTemplate\":\"https:\/\/nordnesrepublikken.no\/?s={search_term_string}\"},\"query-input\":{\"@type\":\"PropertyValueSpecification\",\"valueRequired\":true,\"valueName\":\"search_term_string\"}}],\"inLanguage\":\"nb-NO\"},{\"@type\":\"Organization\",\"@id\":\"https:\/\/nordnesrepublikken.no\/#organization\",\"name\":\"Nordnesrepublikken\",\"url\":\"https:\/\/nordnesrepublikken.no\/\",\"logo\":{\"@type\":\"ImageObject\",\"inLanguage\":\"nb-NO\",\"@id\":\"https:\/\/nordnesrepublikken.no\/#\/schema\/logo\/image\/\",\"url\":\"https:\/\/nordnesrepublikken.no\/wp-content\/uploads\/2025\/02\/cropped-nordnesrepublikken-2.png\",\"contentUrl\":\"https:\/\/nordnesrepublikken.no\/wp-content\/uploads\/2025\/02\/cropped-nordnesrepublikken-2.png\",\"width\":1248,\"height\":362,\"caption\":\"Nordnesrepublikken\"},\"image\":{\"@id\":\"https:\/\/nordnesrepublikken.no\/#\/schema\/logo\/image\/\"}},{\"@type\":\"Person\",\"@id\":\"https:\/\/nordnesrepublikken.no\/#\/schema\/person\/2e7e81935bab77882fffb79296240ff1\",\"name\":\"Ole Andersen\",\"image\":{\"@type\":\"ImageObject\",\"inLanguage\":\"nb-NO\",\"@id\":\"https:\/\/nordnesrepublikken.no\/#\/schema\/person\/image\/\",\"url\":\"https:\/\/nordnesrepublikken.no\/wp-content\/uploads\/2025\/02\/nordnesrepublikken-2-2-150x150.jpg\",\"contentUrl\":\"https:\/\/nordnesrepublikken.no\/wp-content\/uploads\/2025\/02\/nordnesrepublikken-2-2-150x150.jpg\",\"caption\":\"Ole Andersen\"},\"description\":\"Ettersom jeg vokste opp i Oslo, har jeg alltid v\u00e6rt fascinert av ordenes kraft og deres evne til \u00e5 skape endringer. Etter \u00e5 ha fullf\u00f8rt min utdannelse i kommunikasjon ved Universitetet i Bergen, fikk jeg muligheten til \u00e5 jobbe innen ulike medier, der jeg har s\u00f8kt \u00e5 belyse viktige samfunnssp\u00f8rsm\u00e5l. I dag, som redakt\u00f8r for Nordnesrepublikken, pr\u00f8ver jeg \u00e5 forene min kj\u00e6rlighet for journalistikk med min lidenskap for innovasjon og eventyr.\",\"sameAs\":[\"https:\/\/nordnesrepublikken.no\/\"]}]}<\/script>\n<!-- \/ Yoast SEO plugin. -->","yoast_head_json":{"title":"Som er Erdogans utfordrer til presidentvalget i 2028 - Nordnesrepublikken","robots":{"index":"index","follow":"follow","max-snippet":"max-snippet:-1","max-image-preview":"max-image-preview:large","max-video-preview":"max-video-preview:-1"},"canonical":"https:\/\/nordnesrepublikken.no\/index.php\/2025\/03\/25\/som-er-erdogans-utfordrer-til-presidentvalget-i-2028\/","og_locale":"nb_NO","og_type":"article","og_title":"Som er Erdogans utfordrer til presidentvalget i 2028 - Nordnesrepublikken","og_description":"Protestene i T\u00fcrkiye fortsetter etter arrestasjonen av Ekrem Imamogluordf\u00f8rer i Istanbul og potensiell utfordrer av","og_url":"https:\/\/nordnesrepublikken.no\/index.php\/2025\/03\/25\/som-er-erdogans-utfordrer-til-presidentvalget-i-2028\/","og_site_name":"Nordnesrepublikken","article_published_time":"2025-03-25T14:50:40+00:00","article_modified_time":"2025-03-25T14:50:46+00:00","og_image":[{"width":2560,"height":1440,"url":"https:\/\/nordnesrepublikken.no\/wp-content\/uploads\/2025\/03\/1742914240_Som-er-Erdogans-utfordrer-til-presidentvalget-i-2028-scaled.jpeg","type":"image\/jpeg"}],"author":"Ole Andersen","twitter_card":"summary_large_image","twitter_misc":{"Skrevet av":"Ole Andersen","Ansl. lesetid":"4 minutter"},"schema":{"@context":"https:\/\/schema.org","@graph":[{"@type":"Article","@id":"https:\/\/nordnesrepublikken.no\/index.php\/2025\/03\/25\/som-er-erdogans-utfordrer-til-presidentvalget-i-2028\/#article","isPartOf":{"@id":"https:\/\/nordnesrepublikken.no\/index.php\/2025\/03\/25\/som-er-erdogans-utfordrer-til-presidentvalget-i-2028\/"},"author":{"name":"Ole Andersen","@id":"https:\/\/nordnesrepublikken.no\/#\/schema\/person\/2e7e81935bab77882fffb79296240ff1"},"headline":"Som er Erdogans utfordrer til presidentvalget i 2028","datePublished":"2025-03-25T14:50:40+00:00","dateModified":"2025-03-25T14:50:46+00:00","mainEntityOfPage":{"@id":"https:\/\/nordnesrepublikken.no\/index.php\/2025\/03\/25\/som-er-erdogans-utfordrer-til-presidentvalget-i-2028\/"},"wordCount":843,"publisher":{"@id":"https:\/\/nordnesrepublikken.no\/#organization"},"image":{"@id":"https:\/\/nordnesrepublikken.no\/index.php\/2025\/03\/25\/som-er-erdogans-utfordrer-til-presidentvalget-i-2028\/#primaryimage"},"thumbnailUrl":"https:\/\/nordnesrepublikken.no\/wp-content\/uploads\/2025\/03\/1742914240_Som-er-Erdogans-utfordrer-til-presidentvalget-i-2028-scaled.jpeg","keywords":["Erdogans","presidentvalget","som","til","utfordrer"],"articleSection":["Politikk"],"inLanguage":"nb-NO"},{"@type":"WebPage","@id":"https:\/\/nordnesrepublikken.no\/index.php\/2025\/03\/25\/som-er-erdogans-utfordrer-til-presidentvalget-i-2028\/","url":"https:\/\/nordnesrepublikken.no\/index.php\/2025\/03\/25\/som-er-erdogans-utfordrer-til-presidentvalget-i-2028\/","name":"Som er Erdogans utfordrer til presidentvalget i 2028 - Nordnesrepublikken","isPartOf":{"@id":"https:\/\/nordnesrepublikken.no\/#website"},"primaryImageOfPage":{"@id":"https:\/\/nordnesrepublikken.no\/index.php\/2025\/03\/25\/som-er-erdogans-utfordrer-til-presidentvalget-i-2028\/#primaryimage"},"image":{"@id":"https:\/\/nordnesrepublikken.no\/index.php\/2025\/03\/25\/som-er-erdogans-utfordrer-til-presidentvalget-i-2028\/#primaryimage"},"thumbnailUrl":"https:\/\/nordnesrepublikken.no\/wp-content\/uploads\/2025\/03\/1742914240_Som-er-Erdogans-utfordrer-til-presidentvalget-i-2028-scaled.jpeg","datePublished":"2025-03-25T14:50:40+00:00","dateModified":"2025-03-25T14:50:46+00:00","breadcrumb":{"@id":"https:\/\/nordnesrepublikken.no\/index.php\/2025\/03\/25\/som-er-erdogans-utfordrer-til-presidentvalget-i-2028\/#breadcrumb"},"inLanguage":"nb-NO","potentialAction":[{"@type":"ReadAction","target":["https:\/\/nordnesrepublikken.no\/index.php\/2025\/03\/25\/som-er-erdogans-utfordrer-til-presidentvalget-i-2028\/"]}]},{"@type":"ImageObject","inLanguage":"nb-NO","@id":"https:\/\/nordnesrepublikken.no\/index.php\/2025\/03\/25\/som-er-erdogans-utfordrer-til-presidentvalget-i-2028\/#primaryimage","url":"https:\/\/nordnesrepublikken.no\/wp-content\/uploads\/2025\/03\/1742914240_Som-er-Erdogans-utfordrer-til-presidentvalget-i-2028-scaled.jpeg","contentUrl":"https:\/\/nordnesrepublikken.no\/wp-content\/uploads\/2025\/03\/1742914240_Som-er-Erdogans-utfordrer-til-presidentvalget-i-2028-scaled.jpeg","width":2560,"height":1440,"caption":"Ekrem Imamoglu"},{"@type":"BreadcrumbList","@id":"https:\/\/nordnesrepublikken.no\/index.php\/2025\/03\/25\/som-er-erdogans-utfordrer-til-presidentvalget-i-2028\/#breadcrumb","itemListElement":[{"@type":"ListItem","position":1,"name":"Home","item":"https:\/\/nordnesrepublikken.no\/"},{"@type":"ListItem","position":2,"name":"Som er Erdogans utfordrer til presidentvalget i 2028"}]},{"@type":"WebSite","@id":"https:\/\/nordnesrepublikken.no\/#website","url":"https:\/\/nordnesrepublikken.no\/","name":"Nordnesrepublikken","description":"Stemmer og Visjoner fra Republikkens Hjerte","publisher":{"@id":"https:\/\/nordnesrepublikken.no\/#organization"},"potentialAction":[{"@type":"SearchAction","target":{"@type":"EntryPoint","urlTemplate":"https:\/\/nordnesrepublikken.no\/?s={search_term_string}"},"query-input":{"@type":"PropertyValueSpecification","valueRequired":true,"valueName":"search_term_string"}}],"inLanguage":"nb-NO"},{"@type":"Organization","@id":"https:\/\/nordnesrepublikken.no\/#organization","name":"Nordnesrepublikken","url":"https:\/\/nordnesrepublikken.no\/","logo":{"@type":"ImageObject","inLanguage":"nb-NO","@id":"https:\/\/nordnesrepublikken.no\/#\/schema\/logo\/image\/","url":"https:\/\/nordnesrepublikken.no\/wp-content\/uploads\/2025\/02\/cropped-nordnesrepublikken-2.png","contentUrl":"https:\/\/nordnesrepublikken.no\/wp-content\/uploads\/2025\/02\/cropped-nordnesrepublikken-2.png","width":1248,"height":362,"caption":"Nordnesrepublikken"},"image":{"@id":"https:\/\/nordnesrepublikken.no\/#\/schema\/logo\/image\/"}},{"@type":"Person","@id":"https:\/\/nordnesrepublikken.no\/#\/schema\/person\/2e7e81935bab77882fffb79296240ff1","name":"Ole Andersen","image":{"@type":"ImageObject","inLanguage":"nb-NO","@id":"https:\/\/nordnesrepublikken.no\/#\/schema\/person\/image\/","url":"https:\/\/nordnesrepublikken.no\/wp-content\/uploads\/2025\/02\/nordnesrepublikken-2-2-150x150.jpg","contentUrl":"https:\/\/nordnesrepublikken.no\/wp-content\/uploads\/2025\/02\/nordnesrepublikken-2-2-150x150.jpg","caption":"Ole Andersen"},"description":"Ettersom jeg vokste opp i Oslo, har jeg alltid v\u00e6rt fascinert av ordenes kraft og deres evne til \u00e5 skape endringer. Etter \u00e5 ha fullf\u00f8rt min utdannelse i kommunikasjon ved Universitetet i Bergen, fikk jeg muligheten til \u00e5 jobbe innen ulike medier, der jeg har s\u00f8kt \u00e5 belyse viktige samfunnssp\u00f8rsm\u00e5l. I dag, som redakt\u00f8r for Nordnesrepublikken, pr\u00f8ver jeg \u00e5 forene min kj\u00e6rlighet for journalistikk med min lidenskap for innovasjon og eventyr.","sameAs":["https:\/\/nordnesrepublikken.no\/"]}]}},"_links":{"self":[{"href":"https:\/\/nordnesrepublikken.no\/index.php\/wp-json\/wp\/v2\/posts\/2943","targetHints":{"allow":["GET"]}}],"collection":[{"href":"https:\/\/nordnesrepublikken.no\/index.php\/wp-json\/wp\/v2\/posts"}],"about":[{"href":"https:\/\/nordnesrepublikken.no\/index.php\/wp-json\/wp\/v2\/types\/post"}],"author":[{"embeddable":true,"href":"https:\/\/nordnesrepublikken.no\/index.php\/wp-json\/wp\/v2\/users\/1"}],"replies":[{"embeddable":true,"href":"https:\/\/nordnesrepublikken.no\/index.php\/wp-json\/wp\/v2\/comments?post=2943"}],"version-history":[{"count":1,"href":"https:\/\/nordnesrepublikken.no\/index.php\/wp-json\/wp\/v2\/posts\/2943\/revisions"}],"predecessor-version":[{"id":2945,"href":"https:\/\/nordnesrepublikken.no\/index.php\/wp-json\/wp\/v2\/posts\/2943\/revisions\/2945"}],"wp:featuredmedia":[{"embeddable":true,"href":"https:\/\/nordnesrepublikken.no\/index.php\/wp-json\/wp\/v2\/media\/2944"}],"wp:attachment":[{"href":"https:\/\/nordnesrepublikken.no\/index.php\/wp-json\/wp\/v2\/media?parent=2943"}],"wp:term":[{"taxonomy":"category","embeddable":true,"href":"https:\/\/nordnesrepublikken.no\/index.php\/wp-json\/wp\/v2\/categories?post=2943"},{"taxonomy":"post_tag","embeddable":true,"href":"https:\/\/nordnesrepublikken.no\/index.php\/wp-json\/wp\/v2\/tags?post=2943"}],"curies":[{"name":"wp","href":"https:\/\/api.w.org\/{rel}","templated":true}]}}