{"id":2928,"date":"2025-03-24T23:50:24","date_gmt":"2025-03-24T22:50:24","guid":{"rendered":"https:\/\/nordnesrepublikken.no\/index.php\/2025\/03\/24\/som-hores-alarm-pa-global-tuberkulosekrise\/"},"modified":"2025-03-24T23:50:25","modified_gmt":"2025-03-24T22:50:25","slug":"som-hores-alarm-pa-global-tuberkulosekrise","status":"publish","type":"post","link":"https:\/\/nordnesrepublikken.no\/index.php\/2025\/03\/24\/som-hores-alarm-pa-global-tuberkulosekrise\/","title":{"rendered":"Som h\u00f8res alarm p\u00e5 global tuberkulosekrise"},"content":{"rendered":"<p><\/p>\n<div class=\"wordpress-content\">\n                    <!-- Article Start --><\/p>\n<p>P\u00e5 World Tuberculosis Day 2025 kaller Verdens helseorganisasjon (WHO) ut en truende helsekrise: Tuberculosis gj\u00f8r et farlig comeback. Til tross for at vi er en sykdom vi vet hvordan vi skal forhindre og kurere, hevder TB fortsatt over en million liv hvert \u00e5r &#8211; og n\u00e5 kan finansieringskutt gj\u00f8re ting verre.<\/p>\n<p>I l\u00f8pet av de to siste ti\u00e5rene har den globale kampen mot TB reddet anslagsvis 79 millioner liv. Men med helsebudsjetter som strammer seg og konflikter sprer seg over deler av Afrika, \u00d8st -Europa og Midt -\u00d8sten, sier WHO at situasjonen er p\u00e5 vei i feil retning.<\/p>\n<h2>Hvorfor verden risikerer \u00e5 miste flere ti\u00e5r med fremgang mot tuberkulose<\/h2>\n<p>I en tale p\u00e5 s\u00f8ndag advarte WHO-generaldirekt\u00f8r Dr Tedros Adhanom Ghebreyesus at alvorlige forstyrrelser i TB-tjenester allerede skjer i land som er mest belastet av sykdommen. &laquo;Vi kan ikke gi opp n\u00e5,&raquo; sa han. &laquo;Land ga klare l\u00f8fter p\u00e5 FNs generalforsamling for bare 18 m\u00e5neder siden for \u00e5 \u00f8ke innsatsen for \u00e5 avslutte tuberkulose. Vi m\u00e5 holde oss til det engasjementet.&raquo;<\/p>\n<div class=\"sra_unit\"><link rel=\"stylesheet\" id=\"block-sra\" href=\"https:\/\/euroweeklynews.com\/wp-content\/plugins\/snack-related-articles\/dist\/css\/snack-related.min.css?250312-193541\" type=\"text\/css\" media=\"all\">\n<\/div>\n<p>\u00c5rets kampanje -slagord, &laquo;Ja! Vi kan avslutte tuberkulose: forplikte, investere, levere,&raquo; ber globale ledere om \u00e5 trappe opp og beskytte fremdriften som er gjort.<\/p>\n<h2>Tuberkulosetjenester kollapser n\u00e5r finansieringskrisen utdypes<\/h2>\n<p>WHO melder at 27 land n\u00e5 ser alvorlige forstyrrelser i sine TB -programmene. Den afrikanske regionen er den hardeste rammen, etterfulgt av deler av Asia og Stillehavet. Fra personalmangel til \u00f8delagte diagnostiske tjenester og kollapsende samfunnsprogrammer, begynner sprekkene \u00e5 vise.<\/p>\n<p>Mest bekymringsfullt for alle, rapporterer ni land at de sliter med \u00e5 sikre viktige TB -medisiner. Uten jevnlige forsyninger brytes behandlingsplanene sammen, og driver med spredning av medikamentresistente stammer.<\/p>\n<p>Problemet er ikke nytt. I 2023 sikret verden seg bare omtrent en fjerdedel av de 22 milliarder dollar som trengs \u00e5rlig for \u00e5 takle TB ordentlig. Forskning er ogs\u00e5 underfinansiert, og forsinker s\u00e5rt tiltrengte innovasjoner, inkludert vaksiner.<\/p>\n<h2>WHO og sivilsamfunnet krever presserende handling<\/h2>\n<p>I en sjelden felles uttalelse har WHO og dets sivilsamfunns task Force on Tuberculosis gitt et sterkt anbringende handling. De ber om at regjeringer og givere skal stabilisere finansiering, ivareta kritiske TB -tjenester og forbedre overv\u00e5kningssystemene for \u00e5 fange opp forstyrrelser i tjenesten tidlig.<\/p>\n<p>Dr Tereza Kasaeva, som leder hvem som er globalt program for tuberkulose og lungehelse, sier innsatsen er h\u00f8ye: &laquo;Uten presserende inngrep, risikerer vi \u00e5 angre 20 \u00e5rs fremgang. TB dreper, men det er ogs\u00e5 forebyggbart og behandlingsbart &#8211; noen dollar brukt betaler tilbake utbytte i b\u00e5de liv reddet og \u00f8konomisk vekst.&raquo;<\/p>\n<h2>En ny tiln\u00e6rming for langsiktige helsegevinster<\/h2>\n<p>For \u00e5 takle denne krisen, som fremmer en mer integrert tiln\u00e6rming, kombinerer TB og Lung Health Services med prim\u00e6rhelsetjenester. De nye retningslinjene tar sikte p\u00e5 \u00e5 forbedre hvordan TB blir diagnostisert og behandlet p\u00e5 lokale helsestasjoner, samtidig som de adresserer \u00e5rsaker som fattigdom, d\u00e5rlig ern\u00e6ring og forurensning.<\/p>\n<p>P\u00e5 World TB Day, som oppfordrer alle &#8211; fra politikere til hverdagsborgere &#8211; til \u00e5 holde tuberkulose p\u00e5 den globale helseagendaen. Uten et samlet press, vokser risikoen for \u00e5 miste kontrollen over verdens d\u00f8deligste smittsomme sykdommer etter dagen.<\/p>\n<p>                    <!-- Article End --><\/p><\/div>\n","protected":false},"excerpt":{"rendered":"<p>P\u00e5 World Tuberculosis Day 2025 kaller Verdens helseorganisasjon (WHO) ut en truende helsekrise: Tuberculosis gj\u00f8r<\/p>\n","protected":false},"author":1,"featured_media":2929,"comment_status":"closed","ping_status":"open","sticky":false,"template":"","format":"standard","meta":{"footnotes":""},"categories":[105],"tags":[578,165,577,81,31,579],"class_list":["post-2928","post","type-post","status-publish","format-standard","has-post-thumbnail","hentry","category-livsstil","tag-alarm","tag-global","tag-hores","tag-pa","tag-som","tag-tuberkulosekrise","generate-columns","tablet-grid-50","mobile-grid-100","grid-parent","grid-33","resize-featured-image"],"yoast_head":"<!-- This site is optimized with the Yoast SEO plugin v24.4 - https:\/\/yoast.com\/wordpress\/plugins\/seo\/ -->\n<title>Som h\u00f8res alarm p\u00e5 global tuberkulosekrise - Nordnesrepublikken<\/title>\n<meta name=\"robots\" content=\"index, follow, max-snippet:-1, max-image-preview:large, max-video-preview:-1\" \/>\n<link rel=\"canonical\" href=\"https:\/\/nordnesrepublikken.no\/index.php\/2025\/03\/24\/som-hores-alarm-pa-global-tuberkulosekrise\/\" \/>\n<meta property=\"og:locale\" content=\"nb_NO\" \/>\n<meta property=\"og:type\" content=\"article\" \/>\n<meta property=\"og:title\" content=\"Som h\u00f8res alarm p\u00e5 global tuberkulosekrise - Nordnesrepublikken\" \/>\n<meta property=\"og:description\" content=\"P\u00e5 World Tuberculosis Day 2025 kaller Verdens helseorganisasjon (WHO) ut en truende helsekrise: Tuberculosis gj\u00f8r\" \/>\n<meta property=\"og:url\" content=\"https:\/\/nordnesrepublikken.no\/index.php\/2025\/03\/24\/som-hores-alarm-pa-global-tuberkulosekrise\/\" \/>\n<meta property=\"og:site_name\" content=\"Nordnesrepublikken\" \/>\n<meta property=\"article:published_time\" content=\"2025-03-24T22:50:24+00:00\" \/>\n<meta property=\"article:modified_time\" content=\"2025-03-24T22:50:25+00:00\" \/>\n<meta property=\"og:image\" content=\"https:\/\/nordnesrepublikken.no\/wp-content\/uploads\/2025\/03\/1742856625_Som-hores-alarm-pa-global-tuberkulosekrise.jpg\" \/>\n\t<meta property=\"og:image:width\" content=\"1200\" \/>\n\t<meta property=\"og:image:height\" content=\"800\" \/>\n\t<meta property=\"og:image:type\" content=\"image\/jpeg\" \/>\n<meta name=\"author\" content=\"Ole Andersen\" \/>\n<meta name=\"twitter:card\" content=\"summary_large_image\" \/>\n<meta name=\"twitter:label1\" content=\"Skrevet av\" \/>\n\t<meta name=\"twitter:data1\" content=\"Ole Andersen\" \/>\n\t<meta name=\"twitter:label2\" content=\"Ansl. lesetid\" \/>\n\t<meta name=\"twitter:data2\" content=\"2 minutter\" \/>\n<script type=\"application\/ld+json\" class=\"yoast-schema-graph\">{\"@context\":\"https:\/\/schema.org\",\"@graph\":[{\"@type\":\"Article\",\"@id\":\"https:\/\/nordnesrepublikken.no\/index.php\/2025\/03\/24\/som-hores-alarm-pa-global-tuberkulosekrise\/#article\",\"isPartOf\":{\"@id\":\"https:\/\/nordnesrepublikken.no\/index.php\/2025\/03\/24\/som-hores-alarm-pa-global-tuberkulosekrise\/\"},\"author\":{\"name\":\"Ole Andersen\",\"@id\":\"https:\/\/nordnesrepublikken.no\/#\/schema\/person\/2e7e81935bab77882fffb79296240ff1\"},\"headline\":\"Som h\u00f8res alarm p\u00e5 global tuberkulosekrise\",\"datePublished\":\"2025-03-24T22:50:24+00:00\",\"dateModified\":\"2025-03-24T22:50:25+00:00\",\"mainEntityOfPage\":{\"@id\":\"https:\/\/nordnesrepublikken.no\/index.php\/2025\/03\/24\/som-hores-alarm-pa-global-tuberkulosekrise\/\"},\"wordCount\":505,\"publisher\":{\"@id\":\"https:\/\/nordnesrepublikken.no\/#organization\"},\"image\":{\"@id\":\"https:\/\/nordnesrepublikken.no\/index.php\/2025\/03\/24\/som-hores-alarm-pa-global-tuberkulosekrise\/#primaryimage\"},\"thumbnailUrl\":\"https:\/\/nordnesrepublikken.no\/wp-content\/uploads\/2025\/03\/1742856625_Som-hores-alarm-pa-global-tuberkulosekrise.jpg\",\"keywords\":[\"alarm\",\"global\",\"h\u00f8res\",\"p\u00e5\",\"som\",\"tuberkulosekrise\"],\"articleSection\":[\"Livsstil\"],\"inLanguage\":\"nb-NO\"},{\"@type\":\"WebPage\",\"@id\":\"https:\/\/nordnesrepublikken.no\/index.php\/2025\/03\/24\/som-hores-alarm-pa-global-tuberkulosekrise\/\",\"url\":\"https:\/\/nordnesrepublikken.no\/index.php\/2025\/03\/24\/som-hores-alarm-pa-global-tuberkulosekrise\/\",\"name\":\"Som h\u00f8res alarm p\u00e5 global tuberkulosekrise - Nordnesrepublikken\",\"isPartOf\":{\"@id\":\"https:\/\/nordnesrepublikken.no\/#website\"},\"primaryImageOfPage\":{\"@id\":\"https:\/\/nordnesrepublikken.no\/index.php\/2025\/03\/24\/som-hores-alarm-pa-global-tuberkulosekrise\/#primaryimage\"},\"image\":{\"@id\":\"https:\/\/nordnesrepublikken.no\/index.php\/2025\/03\/24\/som-hores-alarm-pa-global-tuberkulosekrise\/#primaryimage\"},\"thumbnailUrl\":\"https:\/\/nordnesrepublikken.no\/wp-content\/uploads\/2025\/03\/1742856625_Som-hores-alarm-pa-global-tuberkulosekrise.jpg\",\"datePublished\":\"2025-03-24T22:50:24+00:00\",\"dateModified\":\"2025-03-24T22:50:25+00:00\",\"breadcrumb\":{\"@id\":\"https:\/\/nordnesrepublikken.no\/index.php\/2025\/03\/24\/som-hores-alarm-pa-global-tuberkulosekrise\/#breadcrumb\"},\"inLanguage\":\"nb-NO\",\"potentialAction\":[{\"@type\":\"ReadAction\",\"target\":[\"https:\/\/nordnesrepublikken.no\/index.php\/2025\/03\/24\/som-hores-alarm-pa-global-tuberkulosekrise\/\"]}]},{\"@type\":\"ImageObject\",\"inLanguage\":\"nb-NO\",\"@id\":\"https:\/\/nordnesrepublikken.no\/index.php\/2025\/03\/24\/som-hores-alarm-pa-global-tuberkulosekrise\/#primaryimage\",\"url\":\"https:\/\/nordnesrepublikken.no\/wp-content\/uploads\/2025\/03\/1742856625_Som-hores-alarm-pa-global-tuberkulosekrise.jpg\",\"contentUrl\":\"https:\/\/nordnesrepublikken.no\/wp-content\/uploads\/2025\/03\/1742856625_Som-hores-alarm-pa-global-tuberkulosekrise.jpg\",\"width\":1200,\"height\":800,\"caption\":\"Som h\u00f8res alarm p\u00e5 global tuberkulosekrise\"},{\"@type\":\"BreadcrumbList\",\"@id\":\"https:\/\/nordnesrepublikken.no\/index.php\/2025\/03\/24\/som-hores-alarm-pa-global-tuberkulosekrise\/#breadcrumb\",\"itemListElement\":[{\"@type\":\"ListItem\",\"position\":1,\"name\":\"Home\",\"item\":\"https:\/\/nordnesrepublikken.no\/\"},{\"@type\":\"ListItem\",\"position\":2,\"name\":\"Som h\u00f8res alarm p\u00e5 global tuberkulosekrise\"}]},{\"@type\":\"WebSite\",\"@id\":\"https:\/\/nordnesrepublikken.no\/#website\",\"url\":\"https:\/\/nordnesrepublikken.no\/\",\"name\":\"Nordnesrepublikken\",\"description\":\"Stemmer og Visjoner fra Republikkens Hjerte\",\"publisher\":{\"@id\":\"https:\/\/nordnesrepublikken.no\/#organization\"},\"potentialAction\":[{\"@type\":\"SearchAction\",\"target\":{\"@type\":\"EntryPoint\",\"urlTemplate\":\"https:\/\/nordnesrepublikken.no\/?s={search_term_string}\"},\"query-input\":{\"@type\":\"PropertyValueSpecification\",\"valueRequired\":true,\"valueName\":\"search_term_string\"}}],\"inLanguage\":\"nb-NO\"},{\"@type\":\"Organization\",\"@id\":\"https:\/\/nordnesrepublikken.no\/#organization\",\"name\":\"Nordnesrepublikken\",\"url\":\"https:\/\/nordnesrepublikken.no\/\",\"logo\":{\"@type\":\"ImageObject\",\"inLanguage\":\"nb-NO\",\"@id\":\"https:\/\/nordnesrepublikken.no\/#\/schema\/logo\/image\/\",\"url\":\"https:\/\/nordnesrepublikken.no\/wp-content\/uploads\/2025\/02\/cropped-nordnesrepublikken-2.png\",\"contentUrl\":\"https:\/\/nordnesrepublikken.no\/wp-content\/uploads\/2025\/02\/cropped-nordnesrepublikken-2.png\",\"width\":1248,\"height\":362,\"caption\":\"Nordnesrepublikken\"},\"image\":{\"@id\":\"https:\/\/nordnesrepublikken.no\/#\/schema\/logo\/image\/\"}},{\"@type\":\"Person\",\"@id\":\"https:\/\/nordnesrepublikken.no\/#\/schema\/person\/2e7e81935bab77882fffb79296240ff1\",\"name\":\"Ole Andersen\",\"image\":{\"@type\":\"ImageObject\",\"inLanguage\":\"nb-NO\",\"@id\":\"https:\/\/nordnesrepublikken.no\/#\/schema\/person\/image\/\",\"url\":\"https:\/\/nordnesrepublikken.no\/wp-content\/uploads\/2025\/02\/nordnesrepublikken-2-2-150x150.jpg\",\"contentUrl\":\"https:\/\/nordnesrepublikken.no\/wp-content\/uploads\/2025\/02\/nordnesrepublikken-2-2-150x150.jpg\",\"caption\":\"Ole Andersen\"},\"description\":\"Ettersom jeg vokste opp i Oslo, har jeg alltid v\u00e6rt fascinert av ordenes kraft og deres evne til \u00e5 skape endringer. Etter \u00e5 ha fullf\u00f8rt min utdannelse i kommunikasjon ved Universitetet i Bergen, fikk jeg muligheten til \u00e5 jobbe innen ulike medier, der jeg har s\u00f8kt \u00e5 belyse viktige samfunnssp\u00f8rsm\u00e5l. I dag, som redakt\u00f8r for Nordnesrepublikken, pr\u00f8ver jeg \u00e5 forene min kj\u00e6rlighet for journalistikk med min lidenskap for innovasjon og eventyr.\",\"sameAs\":[\"https:\/\/nordnesrepublikken.no\/\"]}]}<\/script>\n<!-- \/ Yoast SEO plugin. -->","yoast_head_json":{"title":"Som h\u00f8res alarm p\u00e5 global tuberkulosekrise - Nordnesrepublikken","robots":{"index":"index","follow":"follow","max-snippet":"max-snippet:-1","max-image-preview":"max-image-preview:large","max-video-preview":"max-video-preview:-1"},"canonical":"https:\/\/nordnesrepublikken.no\/index.php\/2025\/03\/24\/som-hores-alarm-pa-global-tuberkulosekrise\/","og_locale":"nb_NO","og_type":"article","og_title":"Som h\u00f8res alarm p\u00e5 global tuberkulosekrise - Nordnesrepublikken","og_description":"P\u00e5 World Tuberculosis Day 2025 kaller Verdens helseorganisasjon (WHO) ut en truende helsekrise: Tuberculosis gj\u00f8r","og_url":"https:\/\/nordnesrepublikken.no\/index.php\/2025\/03\/24\/som-hores-alarm-pa-global-tuberkulosekrise\/","og_site_name":"Nordnesrepublikken","article_published_time":"2025-03-24T22:50:24+00:00","article_modified_time":"2025-03-24T22:50:25+00:00","og_image":[{"width":1200,"height":800,"url":"https:\/\/nordnesrepublikken.no\/wp-content\/uploads\/2025\/03\/1742856625_Som-hores-alarm-pa-global-tuberkulosekrise.jpg","type":"image\/jpeg"}],"author":"Ole Andersen","twitter_card":"summary_large_image","twitter_misc":{"Skrevet av":"Ole Andersen","Ansl. lesetid":"2 minutter"},"schema":{"@context":"https:\/\/schema.org","@graph":[{"@type":"Article","@id":"https:\/\/nordnesrepublikken.no\/index.php\/2025\/03\/24\/som-hores-alarm-pa-global-tuberkulosekrise\/#article","isPartOf":{"@id":"https:\/\/nordnesrepublikken.no\/index.php\/2025\/03\/24\/som-hores-alarm-pa-global-tuberkulosekrise\/"},"author":{"name":"Ole Andersen","@id":"https:\/\/nordnesrepublikken.no\/#\/schema\/person\/2e7e81935bab77882fffb79296240ff1"},"headline":"Som h\u00f8res alarm p\u00e5 global tuberkulosekrise","datePublished":"2025-03-24T22:50:24+00:00","dateModified":"2025-03-24T22:50:25+00:00","mainEntityOfPage":{"@id":"https:\/\/nordnesrepublikken.no\/index.php\/2025\/03\/24\/som-hores-alarm-pa-global-tuberkulosekrise\/"},"wordCount":505,"publisher":{"@id":"https:\/\/nordnesrepublikken.no\/#organization"},"image":{"@id":"https:\/\/nordnesrepublikken.no\/index.php\/2025\/03\/24\/som-hores-alarm-pa-global-tuberkulosekrise\/#primaryimage"},"thumbnailUrl":"https:\/\/nordnesrepublikken.no\/wp-content\/uploads\/2025\/03\/1742856625_Som-hores-alarm-pa-global-tuberkulosekrise.jpg","keywords":["alarm","global","h\u00f8res","p\u00e5","som","tuberkulosekrise"],"articleSection":["Livsstil"],"inLanguage":"nb-NO"},{"@type":"WebPage","@id":"https:\/\/nordnesrepublikken.no\/index.php\/2025\/03\/24\/som-hores-alarm-pa-global-tuberkulosekrise\/","url":"https:\/\/nordnesrepublikken.no\/index.php\/2025\/03\/24\/som-hores-alarm-pa-global-tuberkulosekrise\/","name":"Som h\u00f8res alarm p\u00e5 global tuberkulosekrise - Nordnesrepublikken","isPartOf":{"@id":"https:\/\/nordnesrepublikken.no\/#website"},"primaryImageOfPage":{"@id":"https:\/\/nordnesrepublikken.no\/index.php\/2025\/03\/24\/som-hores-alarm-pa-global-tuberkulosekrise\/#primaryimage"},"image":{"@id":"https:\/\/nordnesrepublikken.no\/index.php\/2025\/03\/24\/som-hores-alarm-pa-global-tuberkulosekrise\/#primaryimage"},"thumbnailUrl":"https:\/\/nordnesrepublikken.no\/wp-content\/uploads\/2025\/03\/1742856625_Som-hores-alarm-pa-global-tuberkulosekrise.jpg","datePublished":"2025-03-24T22:50:24+00:00","dateModified":"2025-03-24T22:50:25+00:00","breadcrumb":{"@id":"https:\/\/nordnesrepublikken.no\/index.php\/2025\/03\/24\/som-hores-alarm-pa-global-tuberkulosekrise\/#breadcrumb"},"inLanguage":"nb-NO","potentialAction":[{"@type":"ReadAction","target":["https:\/\/nordnesrepublikken.no\/index.php\/2025\/03\/24\/som-hores-alarm-pa-global-tuberkulosekrise\/"]}]},{"@type":"ImageObject","inLanguage":"nb-NO","@id":"https:\/\/nordnesrepublikken.no\/index.php\/2025\/03\/24\/som-hores-alarm-pa-global-tuberkulosekrise\/#primaryimage","url":"https:\/\/nordnesrepublikken.no\/wp-content\/uploads\/2025\/03\/1742856625_Som-hores-alarm-pa-global-tuberkulosekrise.jpg","contentUrl":"https:\/\/nordnesrepublikken.no\/wp-content\/uploads\/2025\/03\/1742856625_Som-hores-alarm-pa-global-tuberkulosekrise.jpg","width":1200,"height":800,"caption":"Som h\u00f8res alarm p\u00e5 global tuberkulosekrise"},{"@type":"BreadcrumbList","@id":"https:\/\/nordnesrepublikken.no\/index.php\/2025\/03\/24\/som-hores-alarm-pa-global-tuberkulosekrise\/#breadcrumb","itemListElement":[{"@type":"ListItem","position":1,"name":"Home","item":"https:\/\/nordnesrepublikken.no\/"},{"@type":"ListItem","position":2,"name":"Som h\u00f8res alarm p\u00e5 global tuberkulosekrise"}]},{"@type":"WebSite","@id":"https:\/\/nordnesrepublikken.no\/#website","url":"https:\/\/nordnesrepublikken.no\/","name":"Nordnesrepublikken","description":"Stemmer og Visjoner fra Republikkens Hjerte","publisher":{"@id":"https:\/\/nordnesrepublikken.no\/#organization"},"potentialAction":[{"@type":"SearchAction","target":{"@type":"EntryPoint","urlTemplate":"https:\/\/nordnesrepublikken.no\/?s={search_term_string}"},"query-input":{"@type":"PropertyValueSpecification","valueRequired":true,"valueName":"search_term_string"}}],"inLanguage":"nb-NO"},{"@type":"Organization","@id":"https:\/\/nordnesrepublikken.no\/#organization","name":"Nordnesrepublikken","url":"https:\/\/nordnesrepublikken.no\/","logo":{"@type":"ImageObject","inLanguage":"nb-NO","@id":"https:\/\/nordnesrepublikken.no\/#\/schema\/logo\/image\/","url":"https:\/\/nordnesrepublikken.no\/wp-content\/uploads\/2025\/02\/cropped-nordnesrepublikken-2.png","contentUrl":"https:\/\/nordnesrepublikken.no\/wp-content\/uploads\/2025\/02\/cropped-nordnesrepublikken-2.png","width":1248,"height":362,"caption":"Nordnesrepublikken"},"image":{"@id":"https:\/\/nordnesrepublikken.no\/#\/schema\/logo\/image\/"}},{"@type":"Person","@id":"https:\/\/nordnesrepublikken.no\/#\/schema\/person\/2e7e81935bab77882fffb79296240ff1","name":"Ole Andersen","image":{"@type":"ImageObject","inLanguage":"nb-NO","@id":"https:\/\/nordnesrepublikken.no\/#\/schema\/person\/image\/","url":"https:\/\/nordnesrepublikken.no\/wp-content\/uploads\/2025\/02\/nordnesrepublikken-2-2-150x150.jpg","contentUrl":"https:\/\/nordnesrepublikken.no\/wp-content\/uploads\/2025\/02\/nordnesrepublikken-2-2-150x150.jpg","caption":"Ole Andersen"},"description":"Ettersom jeg vokste opp i Oslo, har jeg alltid v\u00e6rt fascinert av ordenes kraft og deres evne til \u00e5 skape endringer. Etter \u00e5 ha fullf\u00f8rt min utdannelse i kommunikasjon ved Universitetet i Bergen, fikk jeg muligheten til \u00e5 jobbe innen ulike medier, der jeg har s\u00f8kt \u00e5 belyse viktige samfunnssp\u00f8rsm\u00e5l. I dag, som redakt\u00f8r for Nordnesrepublikken, pr\u00f8ver jeg \u00e5 forene min kj\u00e6rlighet for journalistikk med min lidenskap for innovasjon og eventyr.","sameAs":["https:\/\/nordnesrepublikken.no\/"]}]}},"_links":{"self":[{"href":"https:\/\/nordnesrepublikken.no\/index.php\/wp-json\/wp\/v2\/posts\/2928","targetHints":{"allow":["GET"]}}],"collection":[{"href":"https:\/\/nordnesrepublikken.no\/index.php\/wp-json\/wp\/v2\/posts"}],"about":[{"href":"https:\/\/nordnesrepublikken.no\/index.php\/wp-json\/wp\/v2\/types\/post"}],"author":[{"embeddable":true,"href":"https:\/\/nordnesrepublikken.no\/index.php\/wp-json\/wp\/v2\/users\/1"}],"replies":[{"embeddable":true,"href":"https:\/\/nordnesrepublikken.no\/index.php\/wp-json\/wp\/v2\/comments?post=2928"}],"version-history":[{"count":1,"href":"https:\/\/nordnesrepublikken.no\/index.php\/wp-json\/wp\/v2\/posts\/2928\/revisions"}],"predecessor-version":[{"id":2930,"href":"https:\/\/nordnesrepublikken.no\/index.php\/wp-json\/wp\/v2\/posts\/2928\/revisions\/2930"}],"wp:featuredmedia":[{"embeddable":true,"href":"https:\/\/nordnesrepublikken.no\/index.php\/wp-json\/wp\/v2\/media\/2929"}],"wp:attachment":[{"href":"https:\/\/nordnesrepublikken.no\/index.php\/wp-json\/wp\/v2\/media?parent=2928"}],"wp:term":[{"taxonomy":"category","embeddable":true,"href":"https:\/\/nordnesrepublikken.no\/index.php\/wp-json\/wp\/v2\/categories?post=2928"},{"taxonomy":"post_tag","embeddable":true,"href":"https:\/\/nordnesrepublikken.no\/index.php\/wp-json\/wp\/v2\/tags?post=2928"}],"curies":[{"name":"wp","href":"https:\/\/api.w.org\/{rel}","templated":true}]}}