{"id":2925,"date":"2025-03-24T18:49:42","date_gmt":"2025-03-24T17:49:42","guid":{"rendered":"https:\/\/nordnesrepublikken.no\/index.php\/2025\/03\/24\/norge-rakettoppskyting-avkjorte-pa-grunn-av-darlig-vaer\/"},"modified":"2025-03-24T18:49:43","modified_gmt":"2025-03-24T17:49:43","slug":"norge-rakettoppskyting-avkjorte-pa-grunn-av-darlig-vaer","status":"publish","type":"post","link":"https:\/\/nordnesrepublikken.no\/index.php\/2025\/03\/24\/norge-rakettoppskyting-avkjorte-pa-grunn-av-darlig-vaer\/","title":{"rendered":"Norge rakettoppskyting avkj\u00f8rte p\u00e5 grunn av d\u00e5rlig v\u00e6r"},"content":{"rendered":"<p><\/p>\n<div class=\"wordpress-content\">\n                    <!-- Article Start --><\/p>\n<p><strong>Tysklands romambisjoner har truffet en kort pause. Isar Aerospace, en M\u00fcnchen-basert oppstart, kunngjorde mandag at den etterlengtede rakettoppskytningen fra Norge har blitt utsatt p\u00e5 grunn av d\u00e5rlig v\u00e6r.<\/strong><\/p>\n<p>Selskapet, som har v\u00e6rt klar for \u00e5 lage historie med Europas f\u00f8rste hjemmelaget Orbital Rocket Flight, ser n\u00e5 p\u00e5 et nytt lanseringsvindu da vind tvang teamet til \u00e5 st\u00e5 ned.<\/p>\n<p>&laquo;Den f\u00f8rste testflukten av Spectrum skrubbes p\u00e5 grunn av ugunstige vind &#8230; teamet jobber for \u00e5 bestemme et nytt lanseringsvindu,&raquo; sa Aerospace i en uttalelse, og etterlater romentusiaster bare \u00e5 vente litt lenger.<\/p>\n<div class=\"sra_unit\"><link rel=\"stylesheet\" id=\"block-sra\" href=\"https:\/\/euroweeklynews.com\/wp-content\/plugins\/snack-related-articles\/dist\/css\/snack-related.min.css?250312-193541\" type=\"text\/css\" media=\"all\">\n<\/div>\n<h2>Hvorfor spektrumraketten markerer en stor milep\u00e6l<\/h2>\n<p>Spectrum, den to-trinns raketten i sentrum av oppmerksomheten, skulle l\u00f8ftes fra Norges Andoya Spaceport, som ligger over polarsirkelen. Prosjektet er et sentralt skritt mot \u00e5 gi Europa et konkurransefortrinn i det raskt voksende satellittlanseringsmarkedet, tradisjonelt dominert av USA og Russland.<\/p>\n<p>Spekteret er designet for \u00e5 b\u00e6re sm\u00e5 og mellomstore satellitter med opptil ett metrisk tonn, og blir sett p\u00e5 som Europas svar p\u00e5 den \u00f8kende ettersp\u00f8rselen etter rombaserte tjenester. Mens raketten ikke vil ha en nyttelast denne gangen, er oppdraget avgj\u00f8rende for \u00e5 validere dets evner for fremtidige kommersielle lanseringer.<\/p>\n<h2>En forsiktig tiln\u00e6rming til Europas romrase<\/h2>\n<p>Til tross for spenningen, har Isar Aerospace v\u00e6rt p\u00e5 forh\u00e5nd om utfordringene fremover. Oppstarten har advart om at jomfruturen kan ende i fiasko, noe som ikke er uvanlig for f\u00f8rste gangs rakettoppskyting. Skulle det skje, vil flere fors\u00f8k f\u00f8lge som en del av deres p\u00e5g\u00e5ende utvikling.<\/p>\n<p>Forsinkelsen har imidlertid ikke dempet stemningen. Det europeiske rommilj\u00f8et f\u00f8lger n\u00f8ye med p\u00e5 som Sverige, Storbritannia og andre land posisjonerer seg i denne konkurransedyktige sektoren, med flere lanseringer forventet over hele kontinentet de kommende \u00e5rene.<\/p>\n<p>F\u00f8lg med med Euro Weekly News for flere nyheter fra Norge<\/p>\n<p>                    <!-- Article End --><\/p><\/div>\n","protected":false},"excerpt":{"rendered":"<p>Tysklands romambisjoner har truffet en kort pause. Isar Aerospace, en M\u00fcnchen-basert oppstart, kunngjorde mandag at<\/p>\n","protected":false},"author":1,"featured_media":2926,"comment_status":"closed","ping_status":"open","sticky":false,"template":"","format":"standard","meta":{"footnotes":""},"categories":[22],"tags":[575,468,576,153,81,574,532],"class_list":["post-2925","post","type-post","status-publish","format-standard","has-post-thumbnail","hentry","category-nasjonal","tag-avkjorte","tag-darlig","tag-grunn","tag-norge","tag-pa","tag-rakettoppskyting","tag-vaer","generate-columns","tablet-grid-50","mobile-grid-100","grid-parent","grid-33","resize-featured-image"],"yoast_head":"<!-- This site is optimized with the Yoast SEO plugin v24.4 - https:\/\/yoast.com\/wordpress\/plugins\/seo\/ -->\n<title>Norge rakettoppskyting avkj\u00f8rte p\u00e5 grunn av d\u00e5rlig v\u00e6r - Nordnesrepublikken<\/title>\n<meta name=\"robots\" content=\"index, follow, max-snippet:-1, max-image-preview:large, max-video-preview:-1\" \/>\n<link rel=\"canonical\" href=\"https:\/\/nordnesrepublikken.no\/index.php\/2025\/03\/24\/norge-rakettoppskyting-avkjorte-pa-grunn-av-darlig-vaer\/\" \/>\n<meta property=\"og:locale\" content=\"nb_NO\" \/>\n<meta property=\"og:type\" content=\"article\" \/>\n<meta property=\"og:title\" content=\"Norge rakettoppskyting avkj\u00f8rte p\u00e5 grunn av d\u00e5rlig v\u00e6r - Nordnesrepublikken\" \/>\n<meta property=\"og:description\" content=\"Tysklands romambisjoner har truffet en kort pause. Isar Aerospace, en M\u00fcnchen-basert oppstart, kunngjorde mandag at\" \/>\n<meta property=\"og:url\" content=\"https:\/\/nordnesrepublikken.no\/index.php\/2025\/03\/24\/norge-rakettoppskyting-avkjorte-pa-grunn-av-darlig-vaer\/\" \/>\n<meta property=\"og:site_name\" content=\"Nordnesrepublikken\" \/>\n<meta property=\"article:published_time\" content=\"2025-03-24T17:49:42+00:00\" \/>\n<meta property=\"article:modified_time\" content=\"2025-03-24T17:49:43+00:00\" \/>\n<meta property=\"og:image\" content=\"https:\/\/nordnesrepublikken.no\/wp-content\/uploads\/2025\/03\/1742838582_Norge-rakettoppskyting-avkjorte-pa-grunn-av-darlig-vaer.jpg\" \/>\n\t<meta property=\"og:image:width\" content=\"1200\" \/>\n\t<meta property=\"og:image:height\" content=\"900\" \/>\n\t<meta property=\"og:image:type\" content=\"image\/jpeg\" \/>\n<meta name=\"author\" content=\"Ole Andersen\" \/>\n<meta name=\"twitter:card\" content=\"summary_large_image\" \/>\n<meta name=\"twitter:label1\" content=\"Skrevet av\" \/>\n\t<meta name=\"twitter:data1\" content=\"Ole Andersen\" \/>\n\t<meta name=\"twitter:label2\" content=\"Ansl. lesetid\" \/>\n\t<meta name=\"twitter:data2\" content=\"2 minutter\" \/>\n<script type=\"application\/ld+json\" class=\"yoast-schema-graph\">{\"@context\":\"https:\/\/schema.org\",\"@graph\":[{\"@type\":\"Article\",\"@id\":\"https:\/\/nordnesrepublikken.no\/index.php\/2025\/03\/24\/norge-rakettoppskyting-avkjorte-pa-grunn-av-darlig-vaer\/#article\",\"isPartOf\":{\"@id\":\"https:\/\/nordnesrepublikken.no\/index.php\/2025\/03\/24\/norge-rakettoppskyting-avkjorte-pa-grunn-av-darlig-vaer\/\"},\"author\":{\"name\":\"Ole Andersen\",\"@id\":\"https:\/\/nordnesrepublikken.no\/#\/schema\/person\/2e7e81935bab77882fffb79296240ff1\"},\"headline\":\"Norge rakettoppskyting avkj\u00f8rte p\u00e5 grunn av d\u00e5rlig v\u00e6r\",\"datePublished\":\"2025-03-24T17:49:42+00:00\",\"dateModified\":\"2025-03-24T17:49:43+00:00\",\"mainEntityOfPage\":{\"@id\":\"https:\/\/nordnesrepublikken.no\/index.php\/2025\/03\/24\/norge-rakettoppskyting-avkjorte-pa-grunn-av-darlig-vaer\/\"},\"wordCount\":311,\"publisher\":{\"@id\":\"https:\/\/nordnesrepublikken.no\/#organization\"},\"image\":{\"@id\":\"https:\/\/nordnesrepublikken.no\/index.php\/2025\/03\/24\/norge-rakettoppskyting-avkjorte-pa-grunn-av-darlig-vaer\/#primaryimage\"},\"thumbnailUrl\":\"https:\/\/nordnesrepublikken.no\/wp-content\/uploads\/2025\/03\/1742838582_Norge-rakettoppskyting-avkjorte-pa-grunn-av-darlig-vaer.jpg\",\"keywords\":[\"avkj\u00f8rte\",\"D\u00e5rlig\",\"grunn\",\"Norge\",\"p\u00e5\",\"rakettoppskyting\",\"v\u00e6r\"],\"articleSection\":[\"Nasjonal\"],\"inLanguage\":\"nb-NO\"},{\"@type\":\"WebPage\",\"@id\":\"https:\/\/nordnesrepublikken.no\/index.php\/2025\/03\/24\/norge-rakettoppskyting-avkjorte-pa-grunn-av-darlig-vaer\/\",\"url\":\"https:\/\/nordnesrepublikken.no\/index.php\/2025\/03\/24\/norge-rakettoppskyting-avkjorte-pa-grunn-av-darlig-vaer\/\",\"name\":\"Norge rakettoppskyting avkj\u00f8rte p\u00e5 grunn av d\u00e5rlig v\u00e6r - Nordnesrepublikken\",\"isPartOf\":{\"@id\":\"https:\/\/nordnesrepublikken.no\/#website\"},\"primaryImageOfPage\":{\"@id\":\"https:\/\/nordnesrepublikken.no\/index.php\/2025\/03\/24\/norge-rakettoppskyting-avkjorte-pa-grunn-av-darlig-vaer\/#primaryimage\"},\"image\":{\"@id\":\"https:\/\/nordnesrepublikken.no\/index.php\/2025\/03\/24\/norge-rakettoppskyting-avkjorte-pa-grunn-av-darlig-vaer\/#primaryimage\"},\"thumbnailUrl\":\"https:\/\/nordnesrepublikken.no\/wp-content\/uploads\/2025\/03\/1742838582_Norge-rakettoppskyting-avkjorte-pa-grunn-av-darlig-vaer.jpg\",\"datePublished\":\"2025-03-24T17:49:42+00:00\",\"dateModified\":\"2025-03-24T17:49:43+00:00\",\"breadcrumb\":{\"@id\":\"https:\/\/nordnesrepublikken.no\/index.php\/2025\/03\/24\/norge-rakettoppskyting-avkjorte-pa-grunn-av-darlig-vaer\/#breadcrumb\"},\"inLanguage\":\"nb-NO\",\"potentialAction\":[{\"@type\":\"ReadAction\",\"target\":[\"https:\/\/nordnesrepublikken.no\/index.php\/2025\/03\/24\/norge-rakettoppskyting-avkjorte-pa-grunn-av-darlig-vaer\/\"]}]},{\"@type\":\"ImageObject\",\"inLanguage\":\"nb-NO\",\"@id\":\"https:\/\/nordnesrepublikken.no\/index.php\/2025\/03\/24\/norge-rakettoppskyting-avkjorte-pa-grunn-av-darlig-vaer\/#primaryimage\",\"url\":\"https:\/\/nordnesrepublikken.no\/wp-content\/uploads\/2025\/03\/1742838582_Norge-rakettoppskyting-avkjorte-pa-grunn-av-darlig-vaer.jpg\",\"contentUrl\":\"https:\/\/nordnesrepublikken.no\/wp-content\/uploads\/2025\/03\/1742838582_Norge-rakettoppskyting-avkjorte-pa-grunn-av-darlig-vaer.jpg\",\"width\":1200,\"height\":900,\"caption\":\"Norge rakettoppskyting avkj\u00f8rte p\u00e5 grunn av d\u00e5rlig v\u00e6r\"},{\"@type\":\"BreadcrumbList\",\"@id\":\"https:\/\/nordnesrepublikken.no\/index.php\/2025\/03\/24\/norge-rakettoppskyting-avkjorte-pa-grunn-av-darlig-vaer\/#breadcrumb\",\"itemListElement\":[{\"@type\":\"ListItem\",\"position\":1,\"name\":\"Home\",\"item\":\"https:\/\/nordnesrepublikken.no\/\"},{\"@type\":\"ListItem\",\"position\":2,\"name\":\"Norge rakettoppskyting avkj\u00f8rte p\u00e5 grunn av d\u00e5rlig v\u00e6r\"}]},{\"@type\":\"WebSite\",\"@id\":\"https:\/\/nordnesrepublikken.no\/#website\",\"url\":\"https:\/\/nordnesrepublikken.no\/\",\"name\":\"Nordnesrepublikken\",\"description\":\"Stemmer og Visjoner fra Republikkens Hjerte\",\"publisher\":{\"@id\":\"https:\/\/nordnesrepublikken.no\/#organization\"},\"potentialAction\":[{\"@type\":\"SearchAction\",\"target\":{\"@type\":\"EntryPoint\",\"urlTemplate\":\"https:\/\/nordnesrepublikken.no\/?s={search_term_string}\"},\"query-input\":{\"@type\":\"PropertyValueSpecification\",\"valueRequired\":true,\"valueName\":\"search_term_string\"}}],\"inLanguage\":\"nb-NO\"},{\"@type\":\"Organization\",\"@id\":\"https:\/\/nordnesrepublikken.no\/#organization\",\"name\":\"Nordnesrepublikken\",\"url\":\"https:\/\/nordnesrepublikken.no\/\",\"logo\":{\"@type\":\"ImageObject\",\"inLanguage\":\"nb-NO\",\"@id\":\"https:\/\/nordnesrepublikken.no\/#\/schema\/logo\/image\/\",\"url\":\"https:\/\/nordnesrepublikken.no\/wp-content\/uploads\/2025\/02\/cropped-nordnesrepublikken-2.png\",\"contentUrl\":\"https:\/\/nordnesrepublikken.no\/wp-content\/uploads\/2025\/02\/cropped-nordnesrepublikken-2.png\",\"width\":1248,\"height\":362,\"caption\":\"Nordnesrepublikken\"},\"image\":{\"@id\":\"https:\/\/nordnesrepublikken.no\/#\/schema\/logo\/image\/\"}},{\"@type\":\"Person\",\"@id\":\"https:\/\/nordnesrepublikken.no\/#\/schema\/person\/2e7e81935bab77882fffb79296240ff1\",\"name\":\"Ole Andersen\",\"image\":{\"@type\":\"ImageObject\",\"inLanguage\":\"nb-NO\",\"@id\":\"https:\/\/nordnesrepublikken.no\/#\/schema\/person\/image\/\",\"url\":\"https:\/\/nordnesrepublikken.no\/wp-content\/uploads\/2025\/02\/nordnesrepublikken-2-2-150x150.jpg\",\"contentUrl\":\"https:\/\/nordnesrepublikken.no\/wp-content\/uploads\/2025\/02\/nordnesrepublikken-2-2-150x150.jpg\",\"caption\":\"Ole Andersen\"},\"description\":\"Ettersom jeg vokste opp i Oslo, har jeg alltid v\u00e6rt fascinert av ordenes kraft og deres evne til \u00e5 skape endringer. Etter \u00e5 ha fullf\u00f8rt min utdannelse i kommunikasjon ved Universitetet i Bergen, fikk jeg muligheten til \u00e5 jobbe innen ulike medier, der jeg har s\u00f8kt \u00e5 belyse viktige samfunnssp\u00f8rsm\u00e5l. I dag, som redakt\u00f8r for Nordnesrepublikken, pr\u00f8ver jeg \u00e5 forene min kj\u00e6rlighet for journalistikk med min lidenskap for innovasjon og eventyr.\",\"sameAs\":[\"https:\/\/nordnesrepublikken.no\/\"]}]}<\/script>\n<!-- \/ Yoast SEO plugin. -->","yoast_head_json":{"title":"Norge rakettoppskyting avkj\u00f8rte p\u00e5 grunn av d\u00e5rlig v\u00e6r - Nordnesrepublikken","robots":{"index":"index","follow":"follow","max-snippet":"max-snippet:-1","max-image-preview":"max-image-preview:large","max-video-preview":"max-video-preview:-1"},"canonical":"https:\/\/nordnesrepublikken.no\/index.php\/2025\/03\/24\/norge-rakettoppskyting-avkjorte-pa-grunn-av-darlig-vaer\/","og_locale":"nb_NO","og_type":"article","og_title":"Norge rakettoppskyting avkj\u00f8rte p\u00e5 grunn av d\u00e5rlig v\u00e6r - Nordnesrepublikken","og_description":"Tysklands romambisjoner har truffet en kort pause. Isar Aerospace, en M\u00fcnchen-basert oppstart, kunngjorde mandag at","og_url":"https:\/\/nordnesrepublikken.no\/index.php\/2025\/03\/24\/norge-rakettoppskyting-avkjorte-pa-grunn-av-darlig-vaer\/","og_site_name":"Nordnesrepublikken","article_published_time":"2025-03-24T17:49:42+00:00","article_modified_time":"2025-03-24T17:49:43+00:00","og_image":[{"width":1200,"height":900,"url":"https:\/\/nordnesrepublikken.no\/wp-content\/uploads\/2025\/03\/1742838582_Norge-rakettoppskyting-avkjorte-pa-grunn-av-darlig-vaer.jpg","type":"image\/jpeg"}],"author":"Ole Andersen","twitter_card":"summary_large_image","twitter_misc":{"Skrevet av":"Ole Andersen","Ansl. lesetid":"2 minutter"},"schema":{"@context":"https:\/\/schema.org","@graph":[{"@type":"Article","@id":"https:\/\/nordnesrepublikken.no\/index.php\/2025\/03\/24\/norge-rakettoppskyting-avkjorte-pa-grunn-av-darlig-vaer\/#article","isPartOf":{"@id":"https:\/\/nordnesrepublikken.no\/index.php\/2025\/03\/24\/norge-rakettoppskyting-avkjorte-pa-grunn-av-darlig-vaer\/"},"author":{"name":"Ole Andersen","@id":"https:\/\/nordnesrepublikken.no\/#\/schema\/person\/2e7e81935bab77882fffb79296240ff1"},"headline":"Norge rakettoppskyting avkj\u00f8rte p\u00e5 grunn av d\u00e5rlig v\u00e6r","datePublished":"2025-03-24T17:49:42+00:00","dateModified":"2025-03-24T17:49:43+00:00","mainEntityOfPage":{"@id":"https:\/\/nordnesrepublikken.no\/index.php\/2025\/03\/24\/norge-rakettoppskyting-avkjorte-pa-grunn-av-darlig-vaer\/"},"wordCount":311,"publisher":{"@id":"https:\/\/nordnesrepublikken.no\/#organization"},"image":{"@id":"https:\/\/nordnesrepublikken.no\/index.php\/2025\/03\/24\/norge-rakettoppskyting-avkjorte-pa-grunn-av-darlig-vaer\/#primaryimage"},"thumbnailUrl":"https:\/\/nordnesrepublikken.no\/wp-content\/uploads\/2025\/03\/1742838582_Norge-rakettoppskyting-avkjorte-pa-grunn-av-darlig-vaer.jpg","keywords":["avkj\u00f8rte","D\u00e5rlig","grunn","Norge","p\u00e5","rakettoppskyting","v\u00e6r"],"articleSection":["Nasjonal"],"inLanguage":"nb-NO"},{"@type":"WebPage","@id":"https:\/\/nordnesrepublikken.no\/index.php\/2025\/03\/24\/norge-rakettoppskyting-avkjorte-pa-grunn-av-darlig-vaer\/","url":"https:\/\/nordnesrepublikken.no\/index.php\/2025\/03\/24\/norge-rakettoppskyting-avkjorte-pa-grunn-av-darlig-vaer\/","name":"Norge rakettoppskyting avkj\u00f8rte p\u00e5 grunn av d\u00e5rlig v\u00e6r - Nordnesrepublikken","isPartOf":{"@id":"https:\/\/nordnesrepublikken.no\/#website"},"primaryImageOfPage":{"@id":"https:\/\/nordnesrepublikken.no\/index.php\/2025\/03\/24\/norge-rakettoppskyting-avkjorte-pa-grunn-av-darlig-vaer\/#primaryimage"},"image":{"@id":"https:\/\/nordnesrepublikken.no\/index.php\/2025\/03\/24\/norge-rakettoppskyting-avkjorte-pa-grunn-av-darlig-vaer\/#primaryimage"},"thumbnailUrl":"https:\/\/nordnesrepublikken.no\/wp-content\/uploads\/2025\/03\/1742838582_Norge-rakettoppskyting-avkjorte-pa-grunn-av-darlig-vaer.jpg","datePublished":"2025-03-24T17:49:42+00:00","dateModified":"2025-03-24T17:49:43+00:00","breadcrumb":{"@id":"https:\/\/nordnesrepublikken.no\/index.php\/2025\/03\/24\/norge-rakettoppskyting-avkjorte-pa-grunn-av-darlig-vaer\/#breadcrumb"},"inLanguage":"nb-NO","potentialAction":[{"@type":"ReadAction","target":["https:\/\/nordnesrepublikken.no\/index.php\/2025\/03\/24\/norge-rakettoppskyting-avkjorte-pa-grunn-av-darlig-vaer\/"]}]},{"@type":"ImageObject","inLanguage":"nb-NO","@id":"https:\/\/nordnesrepublikken.no\/index.php\/2025\/03\/24\/norge-rakettoppskyting-avkjorte-pa-grunn-av-darlig-vaer\/#primaryimage","url":"https:\/\/nordnesrepublikken.no\/wp-content\/uploads\/2025\/03\/1742838582_Norge-rakettoppskyting-avkjorte-pa-grunn-av-darlig-vaer.jpg","contentUrl":"https:\/\/nordnesrepublikken.no\/wp-content\/uploads\/2025\/03\/1742838582_Norge-rakettoppskyting-avkjorte-pa-grunn-av-darlig-vaer.jpg","width":1200,"height":900,"caption":"Norge rakettoppskyting avkj\u00f8rte p\u00e5 grunn av d\u00e5rlig v\u00e6r"},{"@type":"BreadcrumbList","@id":"https:\/\/nordnesrepublikken.no\/index.php\/2025\/03\/24\/norge-rakettoppskyting-avkjorte-pa-grunn-av-darlig-vaer\/#breadcrumb","itemListElement":[{"@type":"ListItem","position":1,"name":"Home","item":"https:\/\/nordnesrepublikken.no\/"},{"@type":"ListItem","position":2,"name":"Norge rakettoppskyting avkj\u00f8rte p\u00e5 grunn av d\u00e5rlig v\u00e6r"}]},{"@type":"WebSite","@id":"https:\/\/nordnesrepublikken.no\/#website","url":"https:\/\/nordnesrepublikken.no\/","name":"Nordnesrepublikken","description":"Stemmer og Visjoner fra Republikkens Hjerte","publisher":{"@id":"https:\/\/nordnesrepublikken.no\/#organization"},"potentialAction":[{"@type":"SearchAction","target":{"@type":"EntryPoint","urlTemplate":"https:\/\/nordnesrepublikken.no\/?s={search_term_string}"},"query-input":{"@type":"PropertyValueSpecification","valueRequired":true,"valueName":"search_term_string"}}],"inLanguage":"nb-NO"},{"@type":"Organization","@id":"https:\/\/nordnesrepublikken.no\/#organization","name":"Nordnesrepublikken","url":"https:\/\/nordnesrepublikken.no\/","logo":{"@type":"ImageObject","inLanguage":"nb-NO","@id":"https:\/\/nordnesrepublikken.no\/#\/schema\/logo\/image\/","url":"https:\/\/nordnesrepublikken.no\/wp-content\/uploads\/2025\/02\/cropped-nordnesrepublikken-2.png","contentUrl":"https:\/\/nordnesrepublikken.no\/wp-content\/uploads\/2025\/02\/cropped-nordnesrepublikken-2.png","width":1248,"height":362,"caption":"Nordnesrepublikken"},"image":{"@id":"https:\/\/nordnesrepublikken.no\/#\/schema\/logo\/image\/"}},{"@type":"Person","@id":"https:\/\/nordnesrepublikken.no\/#\/schema\/person\/2e7e81935bab77882fffb79296240ff1","name":"Ole Andersen","image":{"@type":"ImageObject","inLanguage":"nb-NO","@id":"https:\/\/nordnesrepublikken.no\/#\/schema\/person\/image\/","url":"https:\/\/nordnesrepublikken.no\/wp-content\/uploads\/2025\/02\/nordnesrepublikken-2-2-150x150.jpg","contentUrl":"https:\/\/nordnesrepublikken.no\/wp-content\/uploads\/2025\/02\/nordnesrepublikken-2-2-150x150.jpg","caption":"Ole Andersen"},"description":"Ettersom jeg vokste opp i Oslo, har jeg alltid v\u00e6rt fascinert av ordenes kraft og deres evne til \u00e5 skape endringer. Etter \u00e5 ha fullf\u00f8rt min utdannelse i kommunikasjon ved Universitetet i Bergen, fikk jeg muligheten til \u00e5 jobbe innen ulike medier, der jeg har s\u00f8kt \u00e5 belyse viktige samfunnssp\u00f8rsm\u00e5l. I dag, som redakt\u00f8r for Nordnesrepublikken, pr\u00f8ver jeg \u00e5 forene min kj\u00e6rlighet for journalistikk med min lidenskap for innovasjon og eventyr.","sameAs":["https:\/\/nordnesrepublikken.no\/"]}]}},"_links":{"self":[{"href":"https:\/\/nordnesrepublikken.no\/index.php\/wp-json\/wp\/v2\/posts\/2925","targetHints":{"allow":["GET"]}}],"collection":[{"href":"https:\/\/nordnesrepublikken.no\/index.php\/wp-json\/wp\/v2\/posts"}],"about":[{"href":"https:\/\/nordnesrepublikken.no\/index.php\/wp-json\/wp\/v2\/types\/post"}],"author":[{"embeddable":true,"href":"https:\/\/nordnesrepublikken.no\/index.php\/wp-json\/wp\/v2\/users\/1"}],"replies":[{"embeddable":true,"href":"https:\/\/nordnesrepublikken.no\/index.php\/wp-json\/wp\/v2\/comments?post=2925"}],"version-history":[{"count":1,"href":"https:\/\/nordnesrepublikken.no\/index.php\/wp-json\/wp\/v2\/posts\/2925\/revisions"}],"predecessor-version":[{"id":2927,"href":"https:\/\/nordnesrepublikken.no\/index.php\/wp-json\/wp\/v2\/posts\/2925\/revisions\/2927"}],"wp:featuredmedia":[{"embeddable":true,"href":"https:\/\/nordnesrepublikken.no\/index.php\/wp-json\/wp\/v2\/media\/2926"}],"wp:attachment":[{"href":"https:\/\/nordnesrepublikken.no\/index.php\/wp-json\/wp\/v2\/media?parent=2925"}],"wp:term":[{"taxonomy":"category","embeddable":true,"href":"https:\/\/nordnesrepublikken.no\/index.php\/wp-json\/wp\/v2\/categories?post=2925"},{"taxonomy":"post_tag","embeddable":true,"href":"https:\/\/nordnesrepublikken.no\/index.php\/wp-json\/wp\/v2\/tags?post=2925"}],"curies":[{"name":"wp","href":"https:\/\/api.w.org\/{rel}","templated":true}]}}