{"id":2922,"date":"2025-03-23T14:49:42","date_gmt":"2025-03-23T13:49:42","guid":{"rendered":"https:\/\/nordnesrepublikken.no\/index.php\/2025\/03\/23\/fire-grunner-til-at-det-er-vanskelig-a-bygge-en-felles-europeisk-haer\/"},"modified":"2025-03-23T14:49:49","modified_gmt":"2025-03-23T13:49:49","slug":"fire-grunner-til-at-det-er-vanskelig-a-bygge-en-felles-europeisk-haer","status":"publish","type":"post","link":"https:\/\/nordnesrepublikken.no\/index.php\/2025\/03\/23\/fire-grunner-til-at-det-er-vanskelig-a-bygge-en-felles-europeisk-haer\/","title":{"rendered":"Fire grunner til at det er vanskelig \u00e5 bygge en felles europeisk h\u00e6r"},"content":{"rendered":"<div>\n      <!-- CONTENT --><\/p>\n<div class=\"cp_wrapper cp_wrapper--fw mb-30 mb-20@tablet\">\n<figure class=\"mm\"><picture class=\"img\" style=\"padding-top:56.25%\"><source  media=\"(min-width: 1024px)\"><source  media=\"(min-width: 768px)\"><\/source><\/source><\/picture><\/figure>\n<\/p><\/div>\n<p>I nyere tid har vi snakket mye om institusjonen til en <strong>European Common Army<\/strong> og europeisk omarbeidelse om muligheten for at EU er involvert i en storstilt forsterkningskonflikt p\u00e5 grunn av den siste utviklingen ang\u00e5ende den russisk-ukrainske konflikten og ved tilb\u00f8yelighet til forholdene til tradisjonelt strategisk partnerskap med USA Donald Trump. I f\u00f8lge forskjellige analytikere ville faktisk en russisk seier i Ukraina bringe Moskva til andre <strong>Milit\u00e6re angrep mot de n\u00e6rliggende europeiske landene<\/strong>spesielt de tre baltiske statene (Litauen, Latvia, Estland). Men uavhengig av de forskjellige meningene som kan f\u00e5s om realiseringen av denne h\u00e6ren, vil den enhetlige bruken av de europeiske v\u00e6pnede styrkene i en hypotetisk konflikt virke veldig komplisert for \u00f8yeblikket: vi ser de viktigste \u00e5rsakene.<\/p>\n<p> <!-- SUMMARY --><\/p>\n<div class=\"cp_wrapper mb-20 mb-40@desktop\">\n<div class=\"smy\" data-sticky-btn-text=\"\">\n<p>Vanskeligheter med \u00e5 realisere en felles europeisk h\u00e6r<\/p>\n<\/div>\n<\/div>\n<h2 id=\"il-problema-delle-tempistiche\"><b>Langsom timing<\/b><\/h2>\n<p>For \u00e5 motvirke et scenario av denne typen, er det essensielle elementet <strong>reaksjonshastighet<\/strong> som selvf\u00f8lgelig sammenst\u00f8t mellom prinsippene for samtykke og enstemmighet som regjerer suverene i Brussel. Siden utenfor NATO, avhenger det milit\u00e6re forsvaret av EU utelukkende av <strong>De enkelte staters vilje<\/strong> Og artikkel 42 i TUA har ikke de samme bindende egenskapene som artikkel 5 i NATO -traktaten, er det klart at <strong>Unionens milit\u00e6re styrker ville ha problemer med \u00e5 mobilisere <\/strong>i fortjeneste.<\/p>\n<h2 id=\"la-questione-del-veto-e-i-processi-decisionali\">Retten til veto som stopper beslutningsprosesser<\/h2>\n<p>Hvis vi observerer situasjonen gjennom linsen til traktatene som regulerer EUs funksjon, ville et hint til temaet felles forsvar i virkeligheten allerede eksistere: andre <strong>Artikkel 42 i traktatens etablering av EU (TEU)<\/strong>Faktisk gj\u00f8r alle EUs medlemsland sin st\u00f8tte tilgjengelig, selv i milit\u00e6ret, for \u00e5 garantere unionens ytre sikkerhet, og \u00e5 gj\u00f8re det de p\u00e5f\u00f8rer seg \u00e5 appellere til alle m\u00e5ter til disposisjon, men <strong>Bare ved resolusjon enstemmig fra Det europeiske r\u00e5d<\/strong>. Imidlertid observerte virkeligheten gjennom \u00e5rene, med noen europeiske land (f\u00f8rst og fremst Ungarn) som stadig har brukt deres <strong>Veto kraft<\/strong> For \u00e5 blokkere europeiske initiativer som oppfattes som i strid med dets nasjonale interesser, f\u00f8rer det oss til konklusjonen at ut\u00f8velsen av enstemmig n\u00e5 er uholdbar, og dette vil v\u00e6re nok til \u00e5 ugyldiggj\u00f8re ethvert hypotetisk scenario.<\/p>\n<p>Det er klart det er muligheten (for \u00f8yeblikket helt teoretisk) som<strong> Europeiske beslutningsprosesser <\/strong>De blir utsatt for en fullstendig gjennomgang p\u00e5 en slik m\u00e5te at den nevnte enstemmige praksis blir overvunnet til fordel for et nytt enkelt eller kvalifisert flertallsformat; Imidlertid vil dette scenariet uunng\u00e5elig \u00e5pne d\u00f8rene for et &laquo;Europa med flere hastigheter&raquo; som ville risikere risting. Det samme gjelder introduksjonen av hypotetisk <strong>&laquo;Utvisningsklausuler&raquo;<\/strong> Noen ganger for \u00e5 treffe de mest tilbakeholdne landene: Det er faktisk veldig sannsynlig at trusselen om &laquo;tvangshandlinger&raquo; mot disse landene av Brussel har som sitt endelige resultat \u00e5 oppmuntre <strong>Utgangen til disse landene fra EU<\/strong> I stedet for \u00e5 redusere dem til mer milde r\u00e5d.<\/p>\n<p>Selv om du kan organisere en hypotetisk <strong>&laquo;Pan -European Shipping Body&raquo;<\/strong> Til forsvar for medlemmene vedlagte, det grunnleggende problemet med kommandokjeden og<strong>siste autoritet <\/strong>som de &laquo;europeiske soldatene&raquo; skal adlyde fra. I et godt funksjonelt EU, ville l\u00f8sningene p\u00e5 disse problemene blitt avgjort i fredstid, ikke i et n\u00f8dregime etter en internasjonal krise med ikke -vel -definerte og uforutsigbare konturer.<\/p>\n<h2 id=\"il-problema-piu-grande-gli-arsenali-inadatti\">De uegnete arsenalene<\/h2>\n<p>Et annet spesielt problematisk aspekt er <strong>sammensetning av de v\u00e6pnede styrkene<\/strong> av enkeltstater. Den uendelige omstruktureringsprosessen som fulgte p\u00e5 slutten av den kalde krigen har betydd at europeiske land i dag er utstyrt med milit\u00e6re verkt\u00f8y som er helt uegnet til \u00e5 m\u00f8te en langsiktig konvensjonell krig mot en russisk st\u00f8rrelse motstander. De &laquo;tunge&raquo; h\u00e6rene i den kalde krigsperioden har faktisk forlatt rom for lettere formasjoner, egnet for &laquo;utenfor omr\u00e5det&raquo; oppdrag til st\u00f8tte for de milit\u00e6re intervensjonene ledet av USA, i det vesentlige trent med operasjoner <strong>fredsbevaring<\/strong> eller av <strong>Motbinding<\/strong>.<\/p>\n<p>Ogs\u00e5 <strong>v\u00e6pnede styrker<\/strong> av de fleste europeiske land lider av <strong>alvorlige mangler i forskjellige sektorer<\/strong> (Kybernetisk beskyttelse, trygge kommunikasjonssystemer, anti -Missile forsvar osv.) Der USA i stedet dominerer, og skaper en strategisk avhengighet for unionen. Uten disse teknologiene ville faktisk effektiviteten til de europeiske v\u00e6pnede styrkene v\u00e6re sterkt begrenset i tilfelle en storskala konflikt. I denne forstand fremhever krisesituasjonen som har kommet til \u00e5 bli opprettet de siste m\u00e5nedene perfekt behovet for EU for ikke \u00e5 v\u00e6re avhengig av andre stater av s\u00e5 delikate sp\u00f8rsm\u00e5l, og setter i gang behovet for \u00e5 utvikle sine avanserte teknologier i bevegelse.<\/p>\n<h2 id=\"la-questione-atomica-francese-e-le-forze-armate-del-regno-unito\">Det franske atomsp\u00f8rsm\u00e5let og de v\u00e6pnede styrkene i Storbritannia<\/h2>\n<p>I tillegg til manglene n\u00e5r det gjelder milit\u00e6r instrumentering, er det et annet problem: for tiden er EU uten troverdig<strong> Strategisk avskrekkingssystem<\/strong> siden <strong>Frankrike<\/strong> Det er det eneste medlemslandet i unionen som har et autonomt kjernefysisk arsenal, men det er enn\u00e5 ikke klart hvor skr\u00e5 Paris \u00e5 gj\u00f8re det tilgjengelig <strong>&laquo;Force de Frappe&raquo;<\/strong> (Bokstavelig talt: &laquo;Sjokkstyrke&raquo;) for de andre medlemslandene.<\/p>\n<div class=\"cp_wrapper cp_wrapper--fw mb-50\">\n<figure class=\"mm\"><picture class=\"img\" style=\"padding-top:45.78125%\"><source  media=\"(min-width: 1024px)\"><source  media=\"(min-width: 768px)\"><img decoding=\"async\" loading=\"lazy\" src=\"https:\/\/nordnesrepublikken.no\/wp-content\/uploads\/2025\/03\/1742737782_661_Fire-grunner-til-at-det-er-vanskelig-a-bygge-en.jpg\" alt=\"Bilde\" width=\"1280\" height=\"586\"><\/source><\/source><\/picture><\/figure>\n<\/p><\/div>\n<p>En siste merknad ang\u00e5r <strong>Storbritannia<\/strong>. Selv om det faktisk er utenfor utenlandsk og felles sikkerhetspolitikk etter at den er utkj\u00f8rt fra EU, opprettholder det sterke forsvarsforhold med de europeiske partnerne i NATO, s\u00e6rlig Frankrike, og statsministeren selv <strong>Stormer<\/strong> Han har gjentatte ganger bemerket at landets vilje skal fortsette \u00e5 st\u00f8tte Kiev i fortsettelsen av konflikten. Imidlertid skal det ikke glemmes at, milit\u00e6rt sett, selv dagens britiske v\u00e6pnede styrker lider av de samme identiske problemene som ble fremhevet tidligere, og flere eksperter understreket det faktum at London i det \u00f8yeblikket ikke har r\u00e5d til direkte involvering i en konvensjonell krig i stor skala.<\/p>\n<\/p><\/div>\n","protected":false},"excerpt":{"rendered":"<p>I nyere tid har vi snakket mye om institusjonen til en European Common Army og<\/p>\n","protected":false},"author":1,"featured_media":2923,"comment_status":"closed","ping_status":"open","sticky":false,"template":"","format":"standard","meta":{"footnotes":""},"categories":[23],"tags":[570,66,572,571,513,569,573,117,90],"class_list":["post-2922","post","type-post","status-publish","format-standard","has-post-thumbnail","hentry","category-politikk","tag-bygge","tag-det","tag-europeisk","tag-felles","tag-fire","tag-grunner","tag-haer","tag-til","tag-vanskelig","generate-columns","tablet-grid-50","mobile-grid-100","grid-parent","grid-33","resize-featured-image"],"yoast_head":"<!-- This site is optimized with the Yoast SEO plugin v24.4 - https:\/\/yoast.com\/wordpress\/plugins\/seo\/ -->\n<title>Fire grunner til at det er vanskelig \u00e5 bygge en felles europeisk h\u00e6r - Nordnesrepublikken<\/title>\n<meta name=\"robots\" content=\"index, follow, max-snippet:-1, max-image-preview:large, max-video-preview:-1\" \/>\n<link rel=\"canonical\" href=\"https:\/\/nordnesrepublikken.no\/index.php\/2025\/03\/23\/fire-grunner-til-at-det-er-vanskelig-a-bygge-en-felles-europeisk-haer\/\" \/>\n<meta property=\"og:locale\" content=\"nb_NO\" \/>\n<meta property=\"og:type\" content=\"article\" \/>\n<meta property=\"og:title\" content=\"Fire grunner til at det er vanskelig \u00e5 bygge en felles europeisk h\u00e6r - Nordnesrepublikken\" \/>\n<meta property=\"og:description\" content=\"I nyere tid har vi snakket mye om institusjonen til en European Common Army og\" \/>\n<meta property=\"og:url\" content=\"https:\/\/nordnesrepublikken.no\/index.php\/2025\/03\/23\/fire-grunner-til-at-det-er-vanskelig-a-bygge-en-felles-europeisk-haer\/\" \/>\n<meta property=\"og:site_name\" content=\"Nordnesrepublikken\" \/>\n<meta property=\"article:published_time\" content=\"2025-03-23T13:49:42+00:00\" \/>\n<meta property=\"article:modified_time\" content=\"2025-03-23T13:49:49+00:00\" \/>\n<meta property=\"og:image\" content=\"https:\/\/nordnesrepublikken.no\/wp-content\/uploads\/2025\/03\/1742737784_Fire-grunner-til-at-det-er-vanskelig-a-bygge-en-scaled.jpg\" \/>\n\t<meta property=\"og:image:width\" content=\"2560\" \/>\n\t<meta property=\"og:image:height\" content=\"1707\" \/>\n\t<meta property=\"og:image:type\" content=\"image\/jpeg\" \/>\n<meta name=\"author\" content=\"Ole Andersen\" \/>\n<meta name=\"twitter:card\" content=\"summary_large_image\" \/>\n<meta name=\"twitter:label1\" content=\"Skrevet av\" \/>\n\t<meta name=\"twitter:data1\" content=\"Ole Andersen\" \/>\n\t<meta name=\"twitter:label2\" content=\"Ansl. lesetid\" \/>\n\t<meta name=\"twitter:data2\" content=\"5 minutter\" \/>\n<script type=\"application\/ld+json\" class=\"yoast-schema-graph\">{\"@context\":\"https:\/\/schema.org\",\"@graph\":[{\"@type\":\"Article\",\"@id\":\"https:\/\/nordnesrepublikken.no\/index.php\/2025\/03\/23\/fire-grunner-til-at-det-er-vanskelig-a-bygge-en-felles-europeisk-haer\/#article\",\"isPartOf\":{\"@id\":\"https:\/\/nordnesrepublikken.no\/index.php\/2025\/03\/23\/fire-grunner-til-at-det-er-vanskelig-a-bygge-en-felles-europeisk-haer\/\"},\"author\":{\"name\":\"Ole Andersen\",\"@id\":\"https:\/\/nordnesrepublikken.no\/#\/schema\/person\/2e7e81935bab77882fffb79296240ff1\"},\"headline\":\"Fire grunner til at det er vanskelig \u00e5 bygge en felles europeisk h\u00e6r\",\"datePublished\":\"2025-03-23T13:49:42+00:00\",\"dateModified\":\"2025-03-23T13:49:49+00:00\",\"mainEntityOfPage\":{\"@id\":\"https:\/\/nordnesrepublikken.no\/index.php\/2025\/03\/23\/fire-grunner-til-at-det-er-vanskelig-a-bygge-en-felles-europeisk-haer\/\"},\"wordCount\":921,\"publisher\":{\"@id\":\"https:\/\/nordnesrepublikken.no\/#organization\"},\"image\":{\"@id\":\"https:\/\/nordnesrepublikken.no\/index.php\/2025\/03\/23\/fire-grunner-til-at-det-er-vanskelig-a-bygge-en-felles-europeisk-haer\/#primaryimage\"},\"thumbnailUrl\":\"https:\/\/nordnesrepublikken.no\/wp-content\/uploads\/2025\/03\/1742737784_Fire-grunner-til-at-det-er-vanskelig-a-bygge-en-scaled.jpg\",\"keywords\":[\"bygge\",\"Det\",\"europeisk\",\"felles\",\"fire\",\"grunner\",\"h\u00e6r\",\"til\",\"vanskelig\"],\"articleSection\":[\"Politikk\"],\"inLanguage\":\"nb-NO\"},{\"@type\":\"WebPage\",\"@id\":\"https:\/\/nordnesrepublikken.no\/index.php\/2025\/03\/23\/fire-grunner-til-at-det-er-vanskelig-a-bygge-en-felles-europeisk-haer\/\",\"url\":\"https:\/\/nordnesrepublikken.no\/index.php\/2025\/03\/23\/fire-grunner-til-at-det-er-vanskelig-a-bygge-en-felles-europeisk-haer\/\",\"name\":\"Fire grunner til at det er vanskelig \u00e5 bygge en felles europeisk h\u00e6r - Nordnesrepublikken\",\"isPartOf\":{\"@id\":\"https:\/\/nordnesrepublikken.no\/#website\"},\"primaryImageOfPage\":{\"@id\":\"https:\/\/nordnesrepublikken.no\/index.php\/2025\/03\/23\/fire-grunner-til-at-det-er-vanskelig-a-bygge-en-felles-europeisk-haer\/#primaryimage\"},\"image\":{\"@id\":\"https:\/\/nordnesrepublikken.no\/index.php\/2025\/03\/23\/fire-grunner-til-at-det-er-vanskelig-a-bygge-en-felles-europeisk-haer\/#primaryimage\"},\"thumbnailUrl\":\"https:\/\/nordnesrepublikken.no\/wp-content\/uploads\/2025\/03\/1742737784_Fire-grunner-til-at-det-er-vanskelig-a-bygge-en-scaled.jpg\",\"datePublished\":\"2025-03-23T13:49:42+00:00\",\"dateModified\":\"2025-03-23T13:49:49+00:00\",\"breadcrumb\":{\"@id\":\"https:\/\/nordnesrepublikken.no\/index.php\/2025\/03\/23\/fire-grunner-til-at-det-er-vanskelig-a-bygge-en-felles-europeisk-haer\/#breadcrumb\"},\"inLanguage\":\"nb-NO\",\"potentialAction\":[{\"@type\":\"ReadAction\",\"target\":[\"https:\/\/nordnesrepublikken.no\/index.php\/2025\/03\/23\/fire-grunner-til-at-det-er-vanskelig-a-bygge-en-felles-europeisk-haer\/\"]}]},{\"@type\":\"ImageObject\",\"inLanguage\":\"nb-NO\",\"@id\":\"https:\/\/nordnesrepublikken.no\/index.php\/2025\/03\/23\/fire-grunner-til-at-det-er-vanskelig-a-bygge-en-felles-europeisk-haer\/#primaryimage\",\"url\":\"https:\/\/nordnesrepublikken.no\/wp-content\/uploads\/2025\/03\/1742737784_Fire-grunner-til-at-det-er-vanskelig-a-bygge-en-scaled.jpg\",\"contentUrl\":\"https:\/\/nordnesrepublikken.no\/wp-content\/uploads\/2025\/03\/1742737784_Fire-grunner-til-at-det-er-vanskelig-a-bygge-en-scaled.jpg\",\"width\":2560,\"height\":1707,\"caption\":\"Immagine\"},{\"@type\":\"BreadcrumbList\",\"@id\":\"https:\/\/nordnesrepublikken.no\/index.php\/2025\/03\/23\/fire-grunner-til-at-det-er-vanskelig-a-bygge-en-felles-europeisk-haer\/#breadcrumb\",\"itemListElement\":[{\"@type\":\"ListItem\",\"position\":1,\"name\":\"Home\",\"item\":\"https:\/\/nordnesrepublikken.no\/\"},{\"@type\":\"ListItem\",\"position\":2,\"name\":\"Fire grunner til at det er vanskelig \u00e5 bygge en felles europeisk h\u00e6r\"}]},{\"@type\":\"WebSite\",\"@id\":\"https:\/\/nordnesrepublikken.no\/#website\",\"url\":\"https:\/\/nordnesrepublikken.no\/\",\"name\":\"Nordnesrepublikken\",\"description\":\"Stemmer og Visjoner fra Republikkens Hjerte\",\"publisher\":{\"@id\":\"https:\/\/nordnesrepublikken.no\/#organization\"},\"potentialAction\":[{\"@type\":\"SearchAction\",\"target\":{\"@type\":\"EntryPoint\",\"urlTemplate\":\"https:\/\/nordnesrepublikken.no\/?s={search_term_string}\"},\"query-input\":{\"@type\":\"PropertyValueSpecification\",\"valueRequired\":true,\"valueName\":\"search_term_string\"}}],\"inLanguage\":\"nb-NO\"},{\"@type\":\"Organization\",\"@id\":\"https:\/\/nordnesrepublikken.no\/#organization\",\"name\":\"Nordnesrepublikken\",\"url\":\"https:\/\/nordnesrepublikken.no\/\",\"logo\":{\"@type\":\"ImageObject\",\"inLanguage\":\"nb-NO\",\"@id\":\"https:\/\/nordnesrepublikken.no\/#\/schema\/logo\/image\/\",\"url\":\"https:\/\/nordnesrepublikken.no\/wp-content\/uploads\/2025\/02\/cropped-nordnesrepublikken-2.png\",\"contentUrl\":\"https:\/\/nordnesrepublikken.no\/wp-content\/uploads\/2025\/02\/cropped-nordnesrepublikken-2.png\",\"width\":1248,\"height\":362,\"caption\":\"Nordnesrepublikken\"},\"image\":{\"@id\":\"https:\/\/nordnesrepublikken.no\/#\/schema\/logo\/image\/\"}},{\"@type\":\"Person\",\"@id\":\"https:\/\/nordnesrepublikken.no\/#\/schema\/person\/2e7e81935bab77882fffb79296240ff1\",\"name\":\"Ole Andersen\",\"image\":{\"@type\":\"ImageObject\",\"inLanguage\":\"nb-NO\",\"@id\":\"https:\/\/nordnesrepublikken.no\/#\/schema\/person\/image\/\",\"url\":\"https:\/\/nordnesrepublikken.no\/wp-content\/uploads\/2025\/02\/nordnesrepublikken-2-2-150x150.jpg\",\"contentUrl\":\"https:\/\/nordnesrepublikken.no\/wp-content\/uploads\/2025\/02\/nordnesrepublikken-2-2-150x150.jpg\",\"caption\":\"Ole Andersen\"},\"description\":\"Ettersom jeg vokste opp i Oslo, har jeg alltid v\u00e6rt fascinert av ordenes kraft og deres evne til \u00e5 skape endringer. Etter \u00e5 ha fullf\u00f8rt min utdannelse i kommunikasjon ved Universitetet i Bergen, fikk jeg muligheten til \u00e5 jobbe innen ulike medier, der jeg har s\u00f8kt \u00e5 belyse viktige samfunnssp\u00f8rsm\u00e5l. I dag, som redakt\u00f8r for Nordnesrepublikken, pr\u00f8ver jeg \u00e5 forene min kj\u00e6rlighet for journalistikk med min lidenskap for innovasjon og eventyr.\",\"sameAs\":[\"https:\/\/nordnesrepublikken.no\/\"]}]}<\/script>\n<!-- \/ Yoast SEO plugin. -->","yoast_head_json":{"title":"Fire grunner til at det er vanskelig \u00e5 bygge en felles europeisk h\u00e6r - Nordnesrepublikken","robots":{"index":"index","follow":"follow","max-snippet":"max-snippet:-1","max-image-preview":"max-image-preview:large","max-video-preview":"max-video-preview:-1"},"canonical":"https:\/\/nordnesrepublikken.no\/index.php\/2025\/03\/23\/fire-grunner-til-at-det-er-vanskelig-a-bygge-en-felles-europeisk-haer\/","og_locale":"nb_NO","og_type":"article","og_title":"Fire grunner til at det er vanskelig \u00e5 bygge en felles europeisk h\u00e6r - Nordnesrepublikken","og_description":"I nyere tid har vi snakket mye om institusjonen til en European Common Army og","og_url":"https:\/\/nordnesrepublikken.no\/index.php\/2025\/03\/23\/fire-grunner-til-at-det-er-vanskelig-a-bygge-en-felles-europeisk-haer\/","og_site_name":"Nordnesrepublikken","article_published_time":"2025-03-23T13:49:42+00:00","article_modified_time":"2025-03-23T13:49:49+00:00","og_image":[{"width":2560,"height":1707,"url":"https:\/\/nordnesrepublikken.no\/wp-content\/uploads\/2025\/03\/1742737784_Fire-grunner-til-at-det-er-vanskelig-a-bygge-en-scaled.jpg","type":"image\/jpeg"}],"author":"Ole Andersen","twitter_card":"summary_large_image","twitter_misc":{"Skrevet av":"Ole Andersen","Ansl. lesetid":"5 minutter"},"schema":{"@context":"https:\/\/schema.org","@graph":[{"@type":"Article","@id":"https:\/\/nordnesrepublikken.no\/index.php\/2025\/03\/23\/fire-grunner-til-at-det-er-vanskelig-a-bygge-en-felles-europeisk-haer\/#article","isPartOf":{"@id":"https:\/\/nordnesrepublikken.no\/index.php\/2025\/03\/23\/fire-grunner-til-at-det-er-vanskelig-a-bygge-en-felles-europeisk-haer\/"},"author":{"name":"Ole Andersen","@id":"https:\/\/nordnesrepublikken.no\/#\/schema\/person\/2e7e81935bab77882fffb79296240ff1"},"headline":"Fire grunner til at det er vanskelig \u00e5 bygge en felles europeisk h\u00e6r","datePublished":"2025-03-23T13:49:42+00:00","dateModified":"2025-03-23T13:49:49+00:00","mainEntityOfPage":{"@id":"https:\/\/nordnesrepublikken.no\/index.php\/2025\/03\/23\/fire-grunner-til-at-det-er-vanskelig-a-bygge-en-felles-europeisk-haer\/"},"wordCount":921,"publisher":{"@id":"https:\/\/nordnesrepublikken.no\/#organization"},"image":{"@id":"https:\/\/nordnesrepublikken.no\/index.php\/2025\/03\/23\/fire-grunner-til-at-det-er-vanskelig-a-bygge-en-felles-europeisk-haer\/#primaryimage"},"thumbnailUrl":"https:\/\/nordnesrepublikken.no\/wp-content\/uploads\/2025\/03\/1742737784_Fire-grunner-til-at-det-er-vanskelig-a-bygge-en-scaled.jpg","keywords":["bygge","Det","europeisk","felles","fire","grunner","h\u00e6r","til","vanskelig"],"articleSection":["Politikk"],"inLanguage":"nb-NO"},{"@type":"WebPage","@id":"https:\/\/nordnesrepublikken.no\/index.php\/2025\/03\/23\/fire-grunner-til-at-det-er-vanskelig-a-bygge-en-felles-europeisk-haer\/","url":"https:\/\/nordnesrepublikken.no\/index.php\/2025\/03\/23\/fire-grunner-til-at-det-er-vanskelig-a-bygge-en-felles-europeisk-haer\/","name":"Fire grunner til at det er vanskelig \u00e5 bygge en felles europeisk h\u00e6r - Nordnesrepublikken","isPartOf":{"@id":"https:\/\/nordnesrepublikken.no\/#website"},"primaryImageOfPage":{"@id":"https:\/\/nordnesrepublikken.no\/index.php\/2025\/03\/23\/fire-grunner-til-at-det-er-vanskelig-a-bygge-en-felles-europeisk-haer\/#primaryimage"},"image":{"@id":"https:\/\/nordnesrepublikken.no\/index.php\/2025\/03\/23\/fire-grunner-til-at-det-er-vanskelig-a-bygge-en-felles-europeisk-haer\/#primaryimage"},"thumbnailUrl":"https:\/\/nordnesrepublikken.no\/wp-content\/uploads\/2025\/03\/1742737784_Fire-grunner-til-at-det-er-vanskelig-a-bygge-en-scaled.jpg","datePublished":"2025-03-23T13:49:42+00:00","dateModified":"2025-03-23T13:49:49+00:00","breadcrumb":{"@id":"https:\/\/nordnesrepublikken.no\/index.php\/2025\/03\/23\/fire-grunner-til-at-det-er-vanskelig-a-bygge-en-felles-europeisk-haer\/#breadcrumb"},"inLanguage":"nb-NO","potentialAction":[{"@type":"ReadAction","target":["https:\/\/nordnesrepublikken.no\/index.php\/2025\/03\/23\/fire-grunner-til-at-det-er-vanskelig-a-bygge-en-felles-europeisk-haer\/"]}]},{"@type":"ImageObject","inLanguage":"nb-NO","@id":"https:\/\/nordnesrepublikken.no\/index.php\/2025\/03\/23\/fire-grunner-til-at-det-er-vanskelig-a-bygge-en-felles-europeisk-haer\/#primaryimage","url":"https:\/\/nordnesrepublikken.no\/wp-content\/uploads\/2025\/03\/1742737784_Fire-grunner-til-at-det-er-vanskelig-a-bygge-en-scaled.jpg","contentUrl":"https:\/\/nordnesrepublikken.no\/wp-content\/uploads\/2025\/03\/1742737784_Fire-grunner-til-at-det-er-vanskelig-a-bygge-en-scaled.jpg","width":2560,"height":1707,"caption":"Immagine"},{"@type":"BreadcrumbList","@id":"https:\/\/nordnesrepublikken.no\/index.php\/2025\/03\/23\/fire-grunner-til-at-det-er-vanskelig-a-bygge-en-felles-europeisk-haer\/#breadcrumb","itemListElement":[{"@type":"ListItem","position":1,"name":"Home","item":"https:\/\/nordnesrepublikken.no\/"},{"@type":"ListItem","position":2,"name":"Fire grunner til at det er vanskelig \u00e5 bygge en felles europeisk h\u00e6r"}]},{"@type":"WebSite","@id":"https:\/\/nordnesrepublikken.no\/#website","url":"https:\/\/nordnesrepublikken.no\/","name":"Nordnesrepublikken","description":"Stemmer og Visjoner fra Republikkens Hjerte","publisher":{"@id":"https:\/\/nordnesrepublikken.no\/#organization"},"potentialAction":[{"@type":"SearchAction","target":{"@type":"EntryPoint","urlTemplate":"https:\/\/nordnesrepublikken.no\/?s={search_term_string}"},"query-input":{"@type":"PropertyValueSpecification","valueRequired":true,"valueName":"search_term_string"}}],"inLanguage":"nb-NO"},{"@type":"Organization","@id":"https:\/\/nordnesrepublikken.no\/#organization","name":"Nordnesrepublikken","url":"https:\/\/nordnesrepublikken.no\/","logo":{"@type":"ImageObject","inLanguage":"nb-NO","@id":"https:\/\/nordnesrepublikken.no\/#\/schema\/logo\/image\/","url":"https:\/\/nordnesrepublikken.no\/wp-content\/uploads\/2025\/02\/cropped-nordnesrepublikken-2.png","contentUrl":"https:\/\/nordnesrepublikken.no\/wp-content\/uploads\/2025\/02\/cropped-nordnesrepublikken-2.png","width":1248,"height":362,"caption":"Nordnesrepublikken"},"image":{"@id":"https:\/\/nordnesrepublikken.no\/#\/schema\/logo\/image\/"}},{"@type":"Person","@id":"https:\/\/nordnesrepublikken.no\/#\/schema\/person\/2e7e81935bab77882fffb79296240ff1","name":"Ole Andersen","image":{"@type":"ImageObject","inLanguage":"nb-NO","@id":"https:\/\/nordnesrepublikken.no\/#\/schema\/person\/image\/","url":"https:\/\/nordnesrepublikken.no\/wp-content\/uploads\/2025\/02\/nordnesrepublikken-2-2-150x150.jpg","contentUrl":"https:\/\/nordnesrepublikken.no\/wp-content\/uploads\/2025\/02\/nordnesrepublikken-2-2-150x150.jpg","caption":"Ole Andersen"},"description":"Ettersom jeg vokste opp i Oslo, har jeg alltid v\u00e6rt fascinert av ordenes kraft og deres evne til \u00e5 skape endringer. Etter \u00e5 ha fullf\u00f8rt min utdannelse i kommunikasjon ved Universitetet i Bergen, fikk jeg muligheten til \u00e5 jobbe innen ulike medier, der jeg har s\u00f8kt \u00e5 belyse viktige samfunnssp\u00f8rsm\u00e5l. I dag, som redakt\u00f8r for Nordnesrepublikken, pr\u00f8ver jeg \u00e5 forene min kj\u00e6rlighet for journalistikk med min lidenskap for innovasjon og eventyr.","sameAs":["https:\/\/nordnesrepublikken.no\/"]}]}},"_links":{"self":[{"href":"https:\/\/nordnesrepublikken.no\/index.php\/wp-json\/wp\/v2\/posts\/2922","targetHints":{"allow":["GET"]}}],"collection":[{"href":"https:\/\/nordnesrepublikken.no\/index.php\/wp-json\/wp\/v2\/posts"}],"about":[{"href":"https:\/\/nordnesrepublikken.no\/index.php\/wp-json\/wp\/v2\/types\/post"}],"author":[{"embeddable":true,"href":"https:\/\/nordnesrepublikken.no\/index.php\/wp-json\/wp\/v2\/users\/1"}],"replies":[{"embeddable":true,"href":"https:\/\/nordnesrepublikken.no\/index.php\/wp-json\/wp\/v2\/comments?post=2922"}],"version-history":[{"count":1,"href":"https:\/\/nordnesrepublikken.no\/index.php\/wp-json\/wp\/v2\/posts\/2922\/revisions"}],"predecessor-version":[{"id":2924,"href":"https:\/\/nordnesrepublikken.no\/index.php\/wp-json\/wp\/v2\/posts\/2922\/revisions\/2924"}],"wp:featuredmedia":[{"embeddable":true,"href":"https:\/\/nordnesrepublikken.no\/index.php\/wp-json\/wp\/v2\/media\/2923"}],"wp:attachment":[{"href":"https:\/\/nordnesrepublikken.no\/index.php\/wp-json\/wp\/v2\/media?parent=2922"}],"wp:term":[{"taxonomy":"category","embeddable":true,"href":"https:\/\/nordnesrepublikken.no\/index.php\/wp-json\/wp\/v2\/categories?post=2922"},{"taxonomy":"post_tag","embeddable":true,"href":"https:\/\/nordnesrepublikken.no\/index.php\/wp-json\/wp\/v2\/tags?post=2922"}],"curies":[{"name":"wp","href":"https:\/\/api.w.org\/{rel}","templated":true}]}}