{"id":2919,"date":"2025-03-23T13:50:27","date_gmt":"2025-03-23T12:50:27","guid":{"rendered":"https:\/\/nordnesrepublikken.no\/index.php\/2025\/03\/23\/som-befaler-libya-siden-etter-gaddafi-fallet-og-hva-er-situasjonen-i-dag\/"},"modified":"2025-03-23T13:50:32","modified_gmt":"2025-03-23T12:50:32","slug":"som-befaler-libya-siden-etter-gaddafi-fallet-og-hva-er-situasjonen-i-dag","status":"publish","type":"post","link":"https:\/\/nordnesrepublikken.no\/index.php\/2025\/03\/23\/som-befaler-libya-siden-etter-gaddafi-fallet-og-hva-er-situasjonen-i-dag\/","title":{"rendered":"Som befaler Libya siden etter Gaddafi -fallet og hva er situasjonen i dag"},"content":{"rendered":"<div>\n      <!-- CONTENT --><\/p>\n<div class=\"cp_wrapper cp_wrapper--fw mb-30 mb-20@tablet\">\n<figure class=\"mm\"><picture class=\"img\" style=\"padding-top:56.25%\"><source  media=\"(min-width: 1024px)\"><source  media=\"(min-width: 768px)\"><\/source><\/source><\/picture><\/figure>\n<\/p><\/div>\n<p>Til tross for de 14 \u00e5rene fra utbruddet av <strong>Libysk borgerkrig<\/strong> noe som f\u00f8rte til velte og til<strong>Drap av Gaddafi<\/strong> og mange medlemmer av hans familie, <strong>Libya<\/strong> Det er et land som er helt sunket inn <strong>Politisk lidelse<\/strong>. Offisielt er det to regjeringer, <strong>Regjering av nasjonal enhet<\/strong> (Acquartierato i hovedstaden Tripoli) og <strong>Regjering av nasjonal stabilitet<\/strong> (Basert i Tobruk), som hevder suverenitet gjennom det libyske territoriet. I praksis er det imidlertid de som virkelig bestemmer hva som skjer i omr\u00e5det <strong>Lokale militser, mafia -gjenger og andre mektige grupper<\/strong>med sm\u00e5 gjennomsiktige forhold. De er de virkelige hovedpersonene bak kulissene, som p\u00e5virker politisk balanse.<\/p>\n<h2><b>Libya, et land med stammeidentitet<\/b><\/h2>\n<p>Der <strong>Libya<\/strong>en delstat Nord -Afrika med utsikt over Middelhavet, kan skryte av en <strong>Ancient History<\/strong> og a <strong>Arkeologisk arv<\/strong> <strong>og kulturell<\/strong> unik og veldig variert vitnet av tilstedev\u00e6relsen av imponerende arkeologiske komplekser av <strong>Gresk, f\u00f8nikisk\/karthaginsk og romersk opprinnelse<\/strong> Ligger i byene Tolemaid, Cirene, Sabratha og fremfor alt Leptis Magna. Invasjonene, migrasjonene og utenlandske domineringene har formet et territorium der flere folk over tid har blandet seg. I regionene Tripolitania og Cyrenaica m\u00f8tte Arab-Berbera-innflytelsen med de nomadiske tradisjonene til Tuareg og Tebu, som hovedsakelig bor i Fezzan-\u00f8rkenen og i oasen til al-Cufra. Utover etnisk-kulturell tilh\u00f8righet er imidlertid den libyske befolkningens sanne identitet <strong>stammens natur<\/strong> Med 20 store konf\u00f8derasjoner, p\u00e5 sin side delt inn i en rekke mindre\u00e5rige og klanstammer, for \u00e5 dele territoriet og dets ressurser. DE&#8217;<strong>islam<\/strong> Han spilte en grunnleggende rolle i \u00e5 avvikle disse forskjellige populasjonene, og ble et vanlig referansepunkt; Etter utvisningen av det j\u00f8diske samfunnet mellom 1947 og 1967, er det faktisk ikke mer betydningsfulle religi\u00f8se grupper i landet. Selv om mange riker og imperier i l\u00f8pet av historien har klart \u00e5 ta kontroll over Libya helt eller delvis, har ingen lyktes med \u00e5 gi territoriet en organisasjon til og med sammenlignbar med en moderne stat, og foretrekker \u00e5 stole p\u00e5 lokale potentater og religi\u00f8se forvirringer som mektige &laquo;<strong>Senussia<\/strong>&laquo;Som han styrte i lang tid dette omr\u00e5det p\u00e5 vegne av myndighetene til det osmanske riket. De eneste som fors\u00f8kte \u00e5 gi landet en dyktig fysiognomi og en administrativ organisasjon i trinn med tidene var den <strong>Italienske kolonisatorer<\/strong>spesielt i den mussolinske perioden, men uten \u00e5 kunne p\u00e5virke den gamle identiteten og praktiske praksisene for mye.<\/p>\n<h2><b>Gaddafis regime<\/b><\/h2>\n<p>1. september 1969 med &laquo;<strong>Al-Fatah Revolution<\/strong>&laquo;(Faktisk <strong>et kupp d&#8217;etat<\/strong> full -blott), en gruppe unge tjenestemenn i de v\u00e6pnede styrkene organisert i &laquo;bevegelse av frie offiserer&raquo;, under veiledning av den unge oberst <strong>Mu&#8217;ammar Gaddafi<\/strong>han tok makten ved \u00e5 legge den gamle kongen Idris I. STAND OG RUTHLESS MAN, Gaddafi etablerte en <strong>revolusjonerende regime<\/strong> og tungt <strong>anti -vestlig<\/strong> som ville vare i 42 \u00e5r, frem til 2011, <strong>kvelende<\/strong> Enhver gjenstand av <strong>dissens<\/strong> Men ved \u00e5 dra landet derimot i moderniteten og f\u00e5 den til \u00e5 komme inn i den store internasjonale politikken s\u00e5 mye at det var perioder der det virket mulig at den brennende lederen av Tripoli kunne samle septeret til &laquo;<strong>Panorabisme<\/strong>&laquo;Det hadde en gang tilh\u00f8rt den egyptiske Nasser.<\/p>\n<div class=\"cp_wrapper cp_wrapper--fw mb-50\">\n<figure class=\"mm\"><picture class=\"img\" style=\"padding-top:127.97741273101%\"><source  media=\"(min-width: 1024px)\"><source  media=\"(min-width: 768px)\"><img decoding=\"async\" loading=\"lazy\" src=\"https:\/\/nordnesrepublikken.no\/wp-content\/uploads\/2025\/03\/1742734227_71_Som-befaler-Libya-siden-etter-Gaddafi-fallet-og-hva-er.jpg\" alt=\"Bilde\" width=\"1948\" height=\"2493\"><\/source><\/source><\/picture><\/figure>\n<\/p><\/div>\n<p>De <strong>Petrolium<\/strong> Det var den virkelige motoren som presset Libya og Gaddafi til \u00e5 v\u00e6re hovedpersoner p\u00e5 den internasjonale scenen p\u00e5 70- og 80 -tallet. Takket v\u00e6re pengene som ble oppn\u00e5dd fra salget hans, var Gaddafi i stand til \u00e5 finansiere utviklingspolitikk, gjenvinne, starte seg selv i milit\u00e6re intervensjoner (som Chad -krigen) og st\u00f8tte geriljabevegelser over hele verden. Hans <strong>Utenrikspolitikk destabiliserer \u00e5pent<\/strong> ble kontrast av <strong>USA<\/strong> og fra <strong>Frankrike<\/strong> som gjentatte ganger pr\u00f8vde \u00e5 treffe de libyske interessene p\u00e5 milit\u00e6rt niv\u00e5 for \u00e5 redusere &laquo;oberst&raquo; til mer myte r\u00e5d n\u00e5r de ikke skulle eliminere det en gang for alle. I denne sammenhengen m\u00e5 b\u00e5de den franske milit\u00e6re intervensjonen til st\u00f8tte for Tsjad mot Libya (&laquo;Tacaud Operation&raquo; 1978-80, &laquo;Manta Operation&raquo; 1983-84 og &laquo;Operation \u00c9pervier&raquo; 1986-fine av konflikten) tolkes i denne sammenhengen, begge luftbombbenten av Libya i USA. Med noen vestlige regjeringer var forholdene til Libya anspente og noen ganger til og med motstridende, men med andre, for eksempel<strong>Italia<\/strong>Gaddafi fant en <strong>&laquo;nysgjerrig&raquo; alliert<\/strong>. Italia, tidligere kolonimakt, har alltid hatt et \u00f8ye for Libya, spesielt for saker relatert til hydrokarboner. Selv om Gaddafi utviste 20 000 italienere i 1970, konfiskerte eiendeler for over 400 milliarder lire, gjorde han i 1976 et stort slag: <strong>Kj\u00f8pte 10% av Fiat -aksjene<\/strong>inn i arroganse i industrien og finansens verden. Og s\u00e5 var det de kontinuerlige oppturene og nedturene i sine forhold til forskjellige f\u00f8rste italienske ministre, inkludert <strong>Silvio Berlusconi<\/strong>.<\/p>\n<h2>Borgerkriger i Libya og uendelig kaos<\/h2>\n<p>I februar 2011, samtidig som det som skjedde i de andre &laquo;arabiske verden&raquo; -landene, ble Libya ogs\u00e5 rammet av Oragan of the So -kalt &laquo;<strong>Arabiske fj\u00e6rer<\/strong>&laquo;&raquo; <strong>degenerert<\/strong> snart i en <strong>dramatisk borgerkrig<\/strong> som for\u00e5rsaket titusenvis av menneskers d\u00f8d og for\u00e5rsaket ogs\u00e5 inngripen av en <strong>International American Driving Coalition<\/strong>. I motsetning til de optimistiske prognosene for mange observat\u00f8rer, f\u00f8rte imidlertid ikke d\u00f8den i slaget ved Gaddafi (som fant sted 20. oktober 2011) til en ny \u00e6ra med fred og stabilitet.<\/p>\n<p>Da Gaddafi -regimet kollapset, var alt som ble gjennomg\u00e5tt p\u00e5 overflaten: de gamle <strong>stammedivisjoner,<\/strong> Som hadde v\u00e6rt skjult eller undertrykt i \u00e5revis, overtok de. Landet ble knust og ble f\u00f8dt <strong>To rivaliserende regjeringer<\/strong>. P\u00e5 den ene siden er det <strong>Regjering av nasjonal enhet<\/strong> (Pistol), i Tripoli, og p\u00e5 den andre <strong>Regjering av nasjonal stabilitet<\/strong> (GSN), som har sin base i Tobruk og lener seg p\u00e5 den mektige general Khalifa Haftar. Begge hevder kontroll av alle Libya.<\/p>\n<div class=\"cp_wrapper cp_wrapper--fw mb-50\">\n<figure class=\"mm\"><picture class=\"img\" style=\"padding-top:123.45679012346%\"><source  media=\"(min-width: 1024px)\"><source  media=\"(min-width: 768px)\"><img decoding=\"async\" loading=\"lazy\" src=\"https:\/\/nordnesrepublikken.no\/wp-content\/uploads\/2025\/03\/1742734227_60_Som-befaler-Libya-siden-etter-Gaddafi-fallet-og-hva-er.jpg\" alt=\"Bilde\" width=\"486\" height=\"600\" class=\"js-seedtag-img\"><\/source><\/source><\/picture><\/figure>\n<\/p><\/div>\n<p>Disse rivaliseringene har gjort det umulig \u00e5 gjenopprette en sans for normalitet og den v\u00e6pnede volden mellom de forskjellige fraksjonene mellom slutten av 2011 og begynnelsen av 2014, til slutt resulterte i en ny borgerkrig om mulig enda mer intrikate enn den f\u00f8rste. \u00d8deleggelse og s\u00f8rgende til side, &laquo;<strong>Andre libyske borgerkrig<\/strong>&laquo;Det var ogs\u00e5 preget av nedstigningen p\u00e5 feltet til nye internasjonale akt\u00f8rer som <strong>T\u00fcrkiye<\/strong> og <strong>Russland<\/strong> som har gjort seg \u00e5pne garantier for sponsorene sine p\u00e5 bakken (Tyrkia mot pistolen og Russland av GSN). Libya har blitt en &laquo;strategisk node&raquo; for verdensmaktene, men til tross for de midlertidige avtalene i 2020, <strong>der<\/strong> <strong>Ekte fred virker fortsatt langt borte<\/strong>. Med over 100 000 d\u00f8dsfall og mer enn 14 \u00e5rs konflikt, har landet forblitt en slags virtuell enhet, s\u00e5rbar for ytre p\u00e5virkninger. Dagens Libya er bare et fjernt minne om stabiliteten og velstanden han hadde under Gaddafi.<\/p>\n<\/p><\/div>\n","protected":false},"excerpt":{"rendered":"<p>Til tross for de 14 \u00e5rene fra utbruddet av Libysk borgerkrig noe som f\u00f8rte til<\/p>\n","protected":false},"author":1,"featured_media":2920,"comment_status":"closed","ping_status":"open","sticky":false,"template":"","format":"standard","meta":{"footnotes":""},"categories":[104],"tags":[562,568,92,566,565,144,563,564,567,31],"class_list":["post-2919","post","type-post","status-publish","format-standard","has-post-thumbnail","hentry","category-samfunn","tag-befaler","tag-dag","tag-etter","tag-fallet","tag-gaddafi","tag-hva","tag-libya","tag-siden","tag-situasjonen","tag-som","generate-columns","tablet-grid-50","mobile-grid-100","grid-parent","grid-33","resize-featured-image"],"yoast_head":"<!-- This site is optimized with the Yoast SEO plugin v24.4 - https:\/\/yoast.com\/wordpress\/plugins\/seo\/ -->\n<title>Som befaler Libya siden etter Gaddafi -fallet og hva er situasjonen i dag - Nordnesrepublikken<\/title>\n<meta name=\"robots\" content=\"index, follow, max-snippet:-1, max-image-preview:large, max-video-preview:-1\" \/>\n<link rel=\"canonical\" href=\"https:\/\/nordnesrepublikken.no\/index.php\/2025\/03\/23\/som-befaler-libya-siden-etter-gaddafi-fallet-og-hva-er-situasjonen-i-dag\/\" \/>\n<meta property=\"og:locale\" content=\"nb_NO\" \/>\n<meta property=\"og:type\" content=\"article\" \/>\n<meta property=\"og:title\" content=\"Som befaler Libya siden etter Gaddafi -fallet og hva er situasjonen i dag - Nordnesrepublikken\" \/>\n<meta property=\"og:description\" content=\"Til tross for de 14 \u00e5rene fra utbruddet av Libysk borgerkrig noe som f\u00f8rte til\" \/>\n<meta property=\"og:url\" content=\"https:\/\/nordnesrepublikken.no\/index.php\/2025\/03\/23\/som-befaler-libya-siden-etter-gaddafi-fallet-og-hva-er-situasjonen-i-dag\/\" \/>\n<meta property=\"og:site_name\" content=\"Nordnesrepublikken\" \/>\n<meta property=\"article:published_time\" content=\"2025-03-23T12:50:27+00:00\" \/>\n<meta property=\"article:modified_time\" content=\"2025-03-23T12:50:32+00:00\" \/>\n<meta property=\"og:image\" content=\"https:\/\/nordnesrepublikken.no\/wp-content\/uploads\/2025\/03\/1742734227_Som-befaler-Libya-siden-etter-Gaddafi-fallet-og-hva-er-scaled.jpg\" \/>\n\t<meta property=\"og:image:width\" content=\"2560\" \/>\n\t<meta property=\"og:image:height\" content=\"1707\" \/>\n\t<meta property=\"og:image:type\" content=\"image\/jpeg\" \/>\n<meta name=\"author\" content=\"Ole Andersen\" \/>\n<meta name=\"twitter:card\" content=\"summary_large_image\" \/>\n<meta name=\"twitter:label1\" content=\"Skrevet av\" \/>\n\t<meta name=\"twitter:data1\" content=\"Ole Andersen\" \/>\n\t<meta name=\"twitter:label2\" content=\"Ansl. lesetid\" \/>\n\t<meta name=\"twitter:data2\" content=\"5 minutter\" \/>\n<script type=\"application\/ld+json\" class=\"yoast-schema-graph\">{\"@context\":\"https:\/\/schema.org\",\"@graph\":[{\"@type\":\"Article\",\"@id\":\"https:\/\/nordnesrepublikken.no\/index.php\/2025\/03\/23\/som-befaler-libya-siden-etter-gaddafi-fallet-og-hva-er-situasjonen-i-dag\/#article\",\"isPartOf\":{\"@id\":\"https:\/\/nordnesrepublikken.no\/index.php\/2025\/03\/23\/som-befaler-libya-siden-etter-gaddafi-fallet-og-hva-er-situasjonen-i-dag\/\"},\"author\":{\"name\":\"Ole Andersen\",\"@id\":\"https:\/\/nordnesrepublikken.no\/#\/schema\/person\/2e7e81935bab77882fffb79296240ff1\"},\"headline\":\"Som befaler Libya siden etter Gaddafi -fallet og hva er situasjonen i dag\",\"datePublished\":\"2025-03-23T12:50:27+00:00\",\"dateModified\":\"2025-03-23T12:50:32+00:00\",\"mainEntityOfPage\":{\"@id\":\"https:\/\/nordnesrepublikken.no\/index.php\/2025\/03\/23\/som-befaler-libya-siden-etter-gaddafi-fallet-og-hva-er-situasjonen-i-dag\/\"},\"wordCount\":1064,\"publisher\":{\"@id\":\"https:\/\/nordnesrepublikken.no\/#organization\"},\"image\":{\"@id\":\"https:\/\/nordnesrepublikken.no\/index.php\/2025\/03\/23\/som-befaler-libya-siden-etter-gaddafi-fallet-og-hva-er-situasjonen-i-dag\/#primaryimage\"},\"thumbnailUrl\":\"https:\/\/nordnesrepublikken.no\/wp-content\/uploads\/2025\/03\/1742734227_Som-befaler-Libya-siden-etter-Gaddafi-fallet-og-hva-er-scaled.jpg\",\"keywords\":[\"befaler\",\"dag\",\"Etter\",\"fallet\",\"Gaddafi\",\"Hva\",\"Libya\",\"siden\",\"situasjonen\",\"som\"],\"articleSection\":[\"Samfunn\"],\"inLanguage\":\"nb-NO\"},{\"@type\":\"WebPage\",\"@id\":\"https:\/\/nordnesrepublikken.no\/index.php\/2025\/03\/23\/som-befaler-libya-siden-etter-gaddafi-fallet-og-hva-er-situasjonen-i-dag\/\",\"url\":\"https:\/\/nordnesrepublikken.no\/index.php\/2025\/03\/23\/som-befaler-libya-siden-etter-gaddafi-fallet-og-hva-er-situasjonen-i-dag\/\",\"name\":\"Som befaler Libya siden etter Gaddafi -fallet og hva er situasjonen i dag - Nordnesrepublikken\",\"isPartOf\":{\"@id\":\"https:\/\/nordnesrepublikken.no\/#website\"},\"primaryImageOfPage\":{\"@id\":\"https:\/\/nordnesrepublikken.no\/index.php\/2025\/03\/23\/som-befaler-libya-siden-etter-gaddafi-fallet-og-hva-er-situasjonen-i-dag\/#primaryimage\"},\"image\":{\"@id\":\"https:\/\/nordnesrepublikken.no\/index.php\/2025\/03\/23\/som-befaler-libya-siden-etter-gaddafi-fallet-og-hva-er-situasjonen-i-dag\/#primaryimage\"},\"thumbnailUrl\":\"https:\/\/nordnesrepublikken.no\/wp-content\/uploads\/2025\/03\/1742734227_Som-befaler-Libya-siden-etter-Gaddafi-fallet-og-hva-er-scaled.jpg\",\"datePublished\":\"2025-03-23T12:50:27+00:00\",\"dateModified\":\"2025-03-23T12:50:32+00:00\",\"breadcrumb\":{\"@id\":\"https:\/\/nordnesrepublikken.no\/index.php\/2025\/03\/23\/som-befaler-libya-siden-etter-gaddafi-fallet-og-hva-er-situasjonen-i-dag\/#breadcrumb\"},\"inLanguage\":\"nb-NO\",\"potentialAction\":[{\"@type\":\"ReadAction\",\"target\":[\"https:\/\/nordnesrepublikken.no\/index.php\/2025\/03\/23\/som-befaler-libya-siden-etter-gaddafi-fallet-og-hva-er-situasjonen-i-dag\/\"]}]},{\"@type\":\"ImageObject\",\"inLanguage\":\"nb-NO\",\"@id\":\"https:\/\/nordnesrepublikken.no\/index.php\/2025\/03\/23\/som-befaler-libya-siden-etter-gaddafi-fallet-og-hva-er-situasjonen-i-dag\/#primaryimage\",\"url\":\"https:\/\/nordnesrepublikken.no\/wp-content\/uploads\/2025\/03\/1742734227_Som-befaler-Libya-siden-etter-Gaddafi-fallet-og-hva-er-scaled.jpg\",\"contentUrl\":\"https:\/\/nordnesrepublikken.no\/wp-content\/uploads\/2025\/03\/1742734227_Som-befaler-Libya-siden-etter-Gaddafi-fallet-og-hva-er-scaled.jpg\",\"width\":2560,\"height\":1707,\"caption\":\"libia bandiera\"},{\"@type\":\"BreadcrumbList\",\"@id\":\"https:\/\/nordnesrepublikken.no\/index.php\/2025\/03\/23\/som-befaler-libya-siden-etter-gaddafi-fallet-og-hva-er-situasjonen-i-dag\/#breadcrumb\",\"itemListElement\":[{\"@type\":\"ListItem\",\"position\":1,\"name\":\"Home\",\"item\":\"https:\/\/nordnesrepublikken.no\/\"},{\"@type\":\"ListItem\",\"position\":2,\"name\":\"Som befaler Libya siden etter Gaddafi -fallet og hva er situasjonen i dag\"}]},{\"@type\":\"WebSite\",\"@id\":\"https:\/\/nordnesrepublikken.no\/#website\",\"url\":\"https:\/\/nordnesrepublikken.no\/\",\"name\":\"Nordnesrepublikken\",\"description\":\"Stemmer og Visjoner fra Republikkens Hjerte\",\"publisher\":{\"@id\":\"https:\/\/nordnesrepublikken.no\/#organization\"},\"potentialAction\":[{\"@type\":\"SearchAction\",\"target\":{\"@type\":\"EntryPoint\",\"urlTemplate\":\"https:\/\/nordnesrepublikken.no\/?s={search_term_string}\"},\"query-input\":{\"@type\":\"PropertyValueSpecification\",\"valueRequired\":true,\"valueName\":\"search_term_string\"}}],\"inLanguage\":\"nb-NO\"},{\"@type\":\"Organization\",\"@id\":\"https:\/\/nordnesrepublikken.no\/#organization\",\"name\":\"Nordnesrepublikken\",\"url\":\"https:\/\/nordnesrepublikken.no\/\",\"logo\":{\"@type\":\"ImageObject\",\"inLanguage\":\"nb-NO\",\"@id\":\"https:\/\/nordnesrepublikken.no\/#\/schema\/logo\/image\/\",\"url\":\"https:\/\/nordnesrepublikken.no\/wp-content\/uploads\/2025\/02\/cropped-nordnesrepublikken-2.png\",\"contentUrl\":\"https:\/\/nordnesrepublikken.no\/wp-content\/uploads\/2025\/02\/cropped-nordnesrepublikken-2.png\",\"width\":1248,\"height\":362,\"caption\":\"Nordnesrepublikken\"},\"image\":{\"@id\":\"https:\/\/nordnesrepublikken.no\/#\/schema\/logo\/image\/\"}},{\"@type\":\"Person\",\"@id\":\"https:\/\/nordnesrepublikken.no\/#\/schema\/person\/2e7e81935bab77882fffb79296240ff1\",\"name\":\"Ole Andersen\",\"image\":{\"@type\":\"ImageObject\",\"inLanguage\":\"nb-NO\",\"@id\":\"https:\/\/nordnesrepublikken.no\/#\/schema\/person\/image\/\",\"url\":\"https:\/\/nordnesrepublikken.no\/wp-content\/uploads\/2025\/02\/nordnesrepublikken-2-2-150x150.jpg\",\"contentUrl\":\"https:\/\/nordnesrepublikken.no\/wp-content\/uploads\/2025\/02\/nordnesrepublikken-2-2-150x150.jpg\",\"caption\":\"Ole Andersen\"},\"description\":\"Ettersom jeg vokste opp i Oslo, har jeg alltid v\u00e6rt fascinert av ordenes kraft og deres evne til \u00e5 skape endringer. Etter \u00e5 ha fullf\u00f8rt min utdannelse i kommunikasjon ved Universitetet i Bergen, fikk jeg muligheten til \u00e5 jobbe innen ulike medier, der jeg har s\u00f8kt \u00e5 belyse viktige samfunnssp\u00f8rsm\u00e5l. I dag, som redakt\u00f8r for Nordnesrepublikken, pr\u00f8ver jeg \u00e5 forene min kj\u00e6rlighet for journalistikk med min lidenskap for innovasjon og eventyr.\",\"sameAs\":[\"https:\/\/nordnesrepublikken.no\/\"]}]}<\/script>\n<!-- \/ Yoast SEO plugin. -->","yoast_head_json":{"title":"Som befaler Libya siden etter Gaddafi -fallet og hva er situasjonen i dag - Nordnesrepublikken","robots":{"index":"index","follow":"follow","max-snippet":"max-snippet:-1","max-image-preview":"max-image-preview:large","max-video-preview":"max-video-preview:-1"},"canonical":"https:\/\/nordnesrepublikken.no\/index.php\/2025\/03\/23\/som-befaler-libya-siden-etter-gaddafi-fallet-og-hva-er-situasjonen-i-dag\/","og_locale":"nb_NO","og_type":"article","og_title":"Som befaler Libya siden etter Gaddafi -fallet og hva er situasjonen i dag - Nordnesrepublikken","og_description":"Til tross for de 14 \u00e5rene fra utbruddet av Libysk borgerkrig noe som f\u00f8rte til","og_url":"https:\/\/nordnesrepublikken.no\/index.php\/2025\/03\/23\/som-befaler-libya-siden-etter-gaddafi-fallet-og-hva-er-situasjonen-i-dag\/","og_site_name":"Nordnesrepublikken","article_published_time":"2025-03-23T12:50:27+00:00","article_modified_time":"2025-03-23T12:50:32+00:00","og_image":[{"width":2560,"height":1707,"url":"https:\/\/nordnesrepublikken.no\/wp-content\/uploads\/2025\/03\/1742734227_Som-befaler-Libya-siden-etter-Gaddafi-fallet-og-hva-er-scaled.jpg","type":"image\/jpeg"}],"author":"Ole Andersen","twitter_card":"summary_large_image","twitter_misc":{"Skrevet av":"Ole Andersen","Ansl. lesetid":"5 minutter"},"schema":{"@context":"https:\/\/schema.org","@graph":[{"@type":"Article","@id":"https:\/\/nordnesrepublikken.no\/index.php\/2025\/03\/23\/som-befaler-libya-siden-etter-gaddafi-fallet-og-hva-er-situasjonen-i-dag\/#article","isPartOf":{"@id":"https:\/\/nordnesrepublikken.no\/index.php\/2025\/03\/23\/som-befaler-libya-siden-etter-gaddafi-fallet-og-hva-er-situasjonen-i-dag\/"},"author":{"name":"Ole Andersen","@id":"https:\/\/nordnesrepublikken.no\/#\/schema\/person\/2e7e81935bab77882fffb79296240ff1"},"headline":"Som befaler Libya siden etter Gaddafi -fallet og hva er situasjonen i dag","datePublished":"2025-03-23T12:50:27+00:00","dateModified":"2025-03-23T12:50:32+00:00","mainEntityOfPage":{"@id":"https:\/\/nordnesrepublikken.no\/index.php\/2025\/03\/23\/som-befaler-libya-siden-etter-gaddafi-fallet-og-hva-er-situasjonen-i-dag\/"},"wordCount":1064,"publisher":{"@id":"https:\/\/nordnesrepublikken.no\/#organization"},"image":{"@id":"https:\/\/nordnesrepublikken.no\/index.php\/2025\/03\/23\/som-befaler-libya-siden-etter-gaddafi-fallet-og-hva-er-situasjonen-i-dag\/#primaryimage"},"thumbnailUrl":"https:\/\/nordnesrepublikken.no\/wp-content\/uploads\/2025\/03\/1742734227_Som-befaler-Libya-siden-etter-Gaddafi-fallet-og-hva-er-scaled.jpg","keywords":["befaler","dag","Etter","fallet","Gaddafi","Hva","Libya","siden","situasjonen","som"],"articleSection":["Samfunn"],"inLanguage":"nb-NO"},{"@type":"WebPage","@id":"https:\/\/nordnesrepublikken.no\/index.php\/2025\/03\/23\/som-befaler-libya-siden-etter-gaddafi-fallet-og-hva-er-situasjonen-i-dag\/","url":"https:\/\/nordnesrepublikken.no\/index.php\/2025\/03\/23\/som-befaler-libya-siden-etter-gaddafi-fallet-og-hva-er-situasjonen-i-dag\/","name":"Som befaler Libya siden etter Gaddafi -fallet og hva er situasjonen i dag - Nordnesrepublikken","isPartOf":{"@id":"https:\/\/nordnesrepublikken.no\/#website"},"primaryImageOfPage":{"@id":"https:\/\/nordnesrepublikken.no\/index.php\/2025\/03\/23\/som-befaler-libya-siden-etter-gaddafi-fallet-og-hva-er-situasjonen-i-dag\/#primaryimage"},"image":{"@id":"https:\/\/nordnesrepublikken.no\/index.php\/2025\/03\/23\/som-befaler-libya-siden-etter-gaddafi-fallet-og-hva-er-situasjonen-i-dag\/#primaryimage"},"thumbnailUrl":"https:\/\/nordnesrepublikken.no\/wp-content\/uploads\/2025\/03\/1742734227_Som-befaler-Libya-siden-etter-Gaddafi-fallet-og-hva-er-scaled.jpg","datePublished":"2025-03-23T12:50:27+00:00","dateModified":"2025-03-23T12:50:32+00:00","breadcrumb":{"@id":"https:\/\/nordnesrepublikken.no\/index.php\/2025\/03\/23\/som-befaler-libya-siden-etter-gaddafi-fallet-og-hva-er-situasjonen-i-dag\/#breadcrumb"},"inLanguage":"nb-NO","potentialAction":[{"@type":"ReadAction","target":["https:\/\/nordnesrepublikken.no\/index.php\/2025\/03\/23\/som-befaler-libya-siden-etter-gaddafi-fallet-og-hva-er-situasjonen-i-dag\/"]}]},{"@type":"ImageObject","inLanguage":"nb-NO","@id":"https:\/\/nordnesrepublikken.no\/index.php\/2025\/03\/23\/som-befaler-libya-siden-etter-gaddafi-fallet-og-hva-er-situasjonen-i-dag\/#primaryimage","url":"https:\/\/nordnesrepublikken.no\/wp-content\/uploads\/2025\/03\/1742734227_Som-befaler-Libya-siden-etter-Gaddafi-fallet-og-hva-er-scaled.jpg","contentUrl":"https:\/\/nordnesrepublikken.no\/wp-content\/uploads\/2025\/03\/1742734227_Som-befaler-Libya-siden-etter-Gaddafi-fallet-og-hva-er-scaled.jpg","width":2560,"height":1707,"caption":"libia bandiera"},{"@type":"BreadcrumbList","@id":"https:\/\/nordnesrepublikken.no\/index.php\/2025\/03\/23\/som-befaler-libya-siden-etter-gaddafi-fallet-og-hva-er-situasjonen-i-dag\/#breadcrumb","itemListElement":[{"@type":"ListItem","position":1,"name":"Home","item":"https:\/\/nordnesrepublikken.no\/"},{"@type":"ListItem","position":2,"name":"Som befaler Libya siden etter Gaddafi -fallet og hva er situasjonen i dag"}]},{"@type":"WebSite","@id":"https:\/\/nordnesrepublikken.no\/#website","url":"https:\/\/nordnesrepublikken.no\/","name":"Nordnesrepublikken","description":"Stemmer og Visjoner fra Republikkens Hjerte","publisher":{"@id":"https:\/\/nordnesrepublikken.no\/#organization"},"potentialAction":[{"@type":"SearchAction","target":{"@type":"EntryPoint","urlTemplate":"https:\/\/nordnesrepublikken.no\/?s={search_term_string}"},"query-input":{"@type":"PropertyValueSpecification","valueRequired":true,"valueName":"search_term_string"}}],"inLanguage":"nb-NO"},{"@type":"Organization","@id":"https:\/\/nordnesrepublikken.no\/#organization","name":"Nordnesrepublikken","url":"https:\/\/nordnesrepublikken.no\/","logo":{"@type":"ImageObject","inLanguage":"nb-NO","@id":"https:\/\/nordnesrepublikken.no\/#\/schema\/logo\/image\/","url":"https:\/\/nordnesrepublikken.no\/wp-content\/uploads\/2025\/02\/cropped-nordnesrepublikken-2.png","contentUrl":"https:\/\/nordnesrepublikken.no\/wp-content\/uploads\/2025\/02\/cropped-nordnesrepublikken-2.png","width":1248,"height":362,"caption":"Nordnesrepublikken"},"image":{"@id":"https:\/\/nordnesrepublikken.no\/#\/schema\/logo\/image\/"}},{"@type":"Person","@id":"https:\/\/nordnesrepublikken.no\/#\/schema\/person\/2e7e81935bab77882fffb79296240ff1","name":"Ole Andersen","image":{"@type":"ImageObject","inLanguage":"nb-NO","@id":"https:\/\/nordnesrepublikken.no\/#\/schema\/person\/image\/","url":"https:\/\/nordnesrepublikken.no\/wp-content\/uploads\/2025\/02\/nordnesrepublikken-2-2-150x150.jpg","contentUrl":"https:\/\/nordnesrepublikken.no\/wp-content\/uploads\/2025\/02\/nordnesrepublikken-2-2-150x150.jpg","caption":"Ole Andersen"},"description":"Ettersom jeg vokste opp i Oslo, har jeg alltid v\u00e6rt fascinert av ordenes kraft og deres evne til \u00e5 skape endringer. Etter \u00e5 ha fullf\u00f8rt min utdannelse i kommunikasjon ved Universitetet i Bergen, fikk jeg muligheten til \u00e5 jobbe innen ulike medier, der jeg har s\u00f8kt \u00e5 belyse viktige samfunnssp\u00f8rsm\u00e5l. I dag, som redakt\u00f8r for Nordnesrepublikken, pr\u00f8ver jeg \u00e5 forene min kj\u00e6rlighet for journalistikk med min lidenskap for innovasjon og eventyr.","sameAs":["https:\/\/nordnesrepublikken.no\/"]}]}},"_links":{"self":[{"href":"https:\/\/nordnesrepublikken.no\/index.php\/wp-json\/wp\/v2\/posts\/2919","targetHints":{"allow":["GET"]}}],"collection":[{"href":"https:\/\/nordnesrepublikken.no\/index.php\/wp-json\/wp\/v2\/posts"}],"about":[{"href":"https:\/\/nordnesrepublikken.no\/index.php\/wp-json\/wp\/v2\/types\/post"}],"author":[{"embeddable":true,"href":"https:\/\/nordnesrepublikken.no\/index.php\/wp-json\/wp\/v2\/users\/1"}],"replies":[{"embeddable":true,"href":"https:\/\/nordnesrepublikken.no\/index.php\/wp-json\/wp\/v2\/comments?post=2919"}],"version-history":[{"count":1,"href":"https:\/\/nordnesrepublikken.no\/index.php\/wp-json\/wp\/v2\/posts\/2919\/revisions"}],"predecessor-version":[{"id":2921,"href":"https:\/\/nordnesrepublikken.no\/index.php\/wp-json\/wp\/v2\/posts\/2919\/revisions\/2921"}],"wp:featuredmedia":[{"embeddable":true,"href":"https:\/\/nordnesrepublikken.no\/index.php\/wp-json\/wp\/v2\/media\/2920"}],"wp:attachment":[{"href":"https:\/\/nordnesrepublikken.no\/index.php\/wp-json\/wp\/v2\/media?parent=2919"}],"wp:term":[{"taxonomy":"category","embeddable":true,"href":"https:\/\/nordnesrepublikken.no\/index.php\/wp-json\/wp\/v2\/categories?post=2919"},{"taxonomy":"post_tag","embeddable":true,"href":"https:\/\/nordnesrepublikken.no\/index.php\/wp-json\/wp\/v2\/tags?post=2919"}],"curies":[{"name":"wp","href":"https:\/\/api.w.org\/{rel}","templated":true}]}}