{"id":2916,"date":"2025-03-23T06:49:32","date_gmt":"2025-03-23T05:49:32","guid":{"rendered":"https:\/\/nordnesrepublikken.no\/index.php\/2025\/03\/23\/sahara-sand-kunne-regne-pa-italia-takket-vaere-syklonen-martinho-prognosene\/"},"modified":"2025-03-23T06:49:35","modified_gmt":"2025-03-23T05:49:35","slug":"sahara-sand-kunne-regne-pa-italia-takket-vaere-syklonen-martinho-prognosene","status":"publish","type":"post","link":"https:\/\/nordnesrepublikken.no\/index.php\/2025\/03\/23\/sahara-sand-kunne-regne-pa-italia-takket-vaere-syklonen-martinho-prognosene\/","title":{"rendered":"Sahara Sand kunne regne p\u00e5 Italia, takket v\u00e6re syklonen Martinho: prognosene"},"content":{"rendered":"<div>\n      <!-- CONTENT --><\/p>\n<div class=\"cp_wrapper cp_wrapper--fw mb-30 mb-20@tablet\">\n<figure class=\"mm\"><picture class=\"img\" style=\"padding-top:56.25%\"><source  media=\"(min-width: 1024px)\"><source  media=\"(min-width: 768px)\"><\/source><\/source><\/picture><\/figure>\n<\/p><\/div>\n<p>Desert Sand of the <strong>Sahara<\/strong> kommer til Italia, som ogs\u00e5 kan &laquo;regne&raquo; p\u00e5 bakken p\u00e5 grunn av de to <strong>Sterke forstyrrelser<\/strong> gitt for helgen som stammer fra <strong>Cyclone Martinho<\/strong> som for tiden er rammet Spania. I f\u00f8lge v\u00e6rmeldingen til University of Athen, vil Saharan Pulviscolo begynne \u00e5 passere gjennom Italia allerede i dag p\u00e5 veldig lave konsentrasjoner, men som er bestemt til \u00e5 vokse i helgen til den n\u00e5dde en viktig topp om natten mellom l\u00f8rdag 22. mars og s\u00f8ndag 23. mars med konsentrasjoner ogs\u00e5 ovenfor <strong>1200 mikrogram per kvadratmeter<\/strong> Mellom Lazio, Umbria, Romagna og Veneto. I henhold til de samme prognosene vil konsentrasjonene deretter falle gradvis til dagen fredag \u200b\u200b28. mars.<\/p>\n<div class=\"cp_wrapper cp_wrapper--fw mb-50\">\n<figure class=\"mm\"><picture class=\"img\" style=\"padding-top:89.139633286319%\"><source  media=\"(min-width: 1024px)\"><source  media=\"(min-width: 768px)\"><img decoding=\"async\" loading=\"lazy\" src=\"https:\/\/nordnesrepublikken.no\/wp-content\/uploads\/2025\/03\/1742708972_732_Sahara-Sand-kunne-regne-pa-Italia-takket-vaere-syklonen-Martinho.jpg\" alt=\"Europa st\u00f8vkonsentrasjoner\" width=\"1418\" height=\"1264\"><\/source><\/source><\/picture><\/figure>\n<\/p><\/div>\n<p>Samtidig tilstedev\u00e6relsen av Sahara -st\u00f8v p\u00e5 Italia og ankomsten av de sykloniske forstyrrelsene fra Vest -Europa vil kunne generere fenomenet So -Called <strong>&laquo;R\u00f8dt regn&raquo;<\/strong> Noe som etterlater Halos p\u00e5 biler spesielt om sommeren. Regionene som er mest rammet av d\u00e5rlig v\u00e6r i Italia vil v\u00e6re over alle de av <strong>Nord-Vest<\/strong> p\u00e5 l\u00f8rdag e <strong>Toscana<\/strong> og <strong>Emilia<\/strong> P\u00e5 s\u00f8ndag p\u00e5virket to territorier som allerede er ber\u00f8rt av sterke regn og flom.<\/p>\n<p>Det er ikke uvanlig at Saharan -pulverene ankommer Italia ogs\u00e5 i denne sesongen av \u00e5ret, transportert av Scirocco -vindene som kommer fra det afrikanske kontinentet: det skjedde i mars i fjor, da himmelen til Napoli og Palermo var gule. Fenomenet forekommer vanligvis n\u00e5r <strong>To omr\u00e5der med lavt trykk<\/strong> I \u00d8st -Europa og Vest -Europa lar de det nordafrikanske h\u00f8yt presset &laquo;ansettes&raquo; i Sentral -Europa som danner <strong>Str\u00f8mmer som dateres tilbake Middelhavet<\/strong> transporterer pulverene samlet i \u00f8rkenen.<\/p>\n<\/p><\/div>\n","protected":false},"excerpt":{"rendered":"<p>Desert Sand of the Sahara kommer til Italia, som ogs\u00e5 kan &laquo;regne&raquo; p\u00e5 bakken p\u00e5<\/p>\n","protected":false},"author":1,"featured_media":2917,"comment_status":"closed","ping_status":"open","sticky":false,"template":"","format":"standard","meta":{"footnotes":""},"categories":[26],"tags":[437,560,528,81,531,561,558,559,527,289,290],"class_list":["post-2916","post","type-post","status-publish","format-standard","has-post-thumbnail","hentry","category-miljo","tag-italia","tag-kunne","tag-martinho","tag-pa","tag-prognosene","tag-regne","tag-sahara","tag-sand","tag-syklonen","tag-takket","tag-vaere","generate-columns","tablet-grid-50","mobile-grid-100","grid-parent","grid-33","resize-featured-image"],"yoast_head":"<!-- This site is optimized with the Yoast SEO plugin v24.4 - https:\/\/yoast.com\/wordpress\/plugins\/seo\/ -->\n<title>Sahara Sand kunne regne p\u00e5 Italia, takket v\u00e6re syklonen Martinho: prognosene - Nordnesrepublikken<\/title>\n<meta name=\"robots\" content=\"index, follow, max-snippet:-1, max-image-preview:large, max-video-preview:-1\" \/>\n<link rel=\"canonical\" href=\"https:\/\/nordnesrepublikken.no\/index.php\/2025\/03\/23\/sahara-sand-kunne-regne-pa-italia-takket-vaere-syklonen-martinho-prognosene\/\" \/>\n<meta property=\"og:locale\" content=\"nb_NO\" \/>\n<meta property=\"og:type\" content=\"article\" \/>\n<meta property=\"og:title\" content=\"Sahara Sand kunne regne p\u00e5 Italia, takket v\u00e6re syklonen Martinho: prognosene - Nordnesrepublikken\" \/>\n<meta property=\"og:description\" content=\"Desert Sand of the Sahara kommer til Italia, som ogs\u00e5 kan &laquo;regne&raquo; p\u00e5 bakken p\u00e5\" \/>\n<meta property=\"og:url\" content=\"https:\/\/nordnesrepublikken.no\/index.php\/2025\/03\/23\/sahara-sand-kunne-regne-pa-italia-takket-vaere-syklonen-martinho-prognosene\/\" \/>\n<meta property=\"og:site_name\" content=\"Nordnesrepublikken\" \/>\n<meta property=\"article:published_time\" content=\"2025-03-23T05:49:32+00:00\" \/>\n<meta property=\"article:modified_time\" content=\"2025-03-23T05:49:35+00:00\" \/>\n<meta property=\"og:image\" content=\"https:\/\/nordnesrepublikken.no\/wp-content\/uploads\/2025\/03\/1742708974_Sahara-Sand-kunne-regne-pa-Italia-takket-vaere-syklonen-Martinho.jpg\" \/>\n\t<meta property=\"og:image:width\" content=\"2048\" \/>\n\t<meta property=\"og:image:height\" content=\"1363\" \/>\n\t<meta property=\"og:image:type\" content=\"image\/jpeg\" \/>\n<meta name=\"author\" content=\"Ole Andersen\" \/>\n<meta name=\"twitter:card\" content=\"summary_large_image\" \/>\n<meta name=\"twitter:label1\" content=\"Skrevet av\" \/>\n\t<meta name=\"twitter:data1\" content=\"Ole Andersen\" \/>\n\t<meta name=\"twitter:label2\" content=\"Ansl. lesetid\" \/>\n\t<meta name=\"twitter:data2\" content=\"1 minutt\" \/>\n<script type=\"application\/ld+json\" class=\"yoast-schema-graph\">{\"@context\":\"https:\/\/schema.org\",\"@graph\":[{\"@type\":\"Article\",\"@id\":\"https:\/\/nordnesrepublikken.no\/index.php\/2025\/03\/23\/sahara-sand-kunne-regne-pa-italia-takket-vaere-syklonen-martinho-prognosene\/#article\",\"isPartOf\":{\"@id\":\"https:\/\/nordnesrepublikken.no\/index.php\/2025\/03\/23\/sahara-sand-kunne-regne-pa-italia-takket-vaere-syklonen-martinho-prognosene\/\"},\"author\":{\"name\":\"Ole Andersen\",\"@id\":\"https:\/\/nordnesrepublikken.no\/#\/schema\/person\/2e7e81935bab77882fffb79296240ff1\"},\"headline\":\"Sahara Sand kunne regne p\u00e5 Italia, takket v\u00e6re syklonen Martinho: prognosene\",\"datePublished\":\"2025-03-23T05:49:32+00:00\",\"dateModified\":\"2025-03-23T05:49:35+00:00\",\"mainEntityOfPage\":{\"@id\":\"https:\/\/nordnesrepublikken.no\/index.php\/2025\/03\/23\/sahara-sand-kunne-regne-pa-italia-takket-vaere-syklonen-martinho-prognosene\/\"},\"wordCount\":283,\"publisher\":{\"@id\":\"https:\/\/nordnesrepublikken.no\/#organization\"},\"image\":{\"@id\":\"https:\/\/nordnesrepublikken.no\/index.php\/2025\/03\/23\/sahara-sand-kunne-regne-pa-italia-takket-vaere-syklonen-martinho-prognosene\/#primaryimage\"},\"thumbnailUrl\":\"https:\/\/nordnesrepublikken.no\/wp-content\/uploads\/2025\/03\/1742708974_Sahara-Sand-kunne-regne-pa-Italia-takket-vaere-syklonen-Martinho.jpg\",\"keywords\":[\"Italia\",\"kunne\",\"Martinho\",\"p\u00e5\",\"prognosene\",\"regne\",\"Sahara\",\"Sand\",\"Syklonen\",\"takket\",\"v\u00e6re\"],\"articleSection\":[\"Milj\u00f8\"],\"inLanguage\":\"nb-NO\"},{\"@type\":\"WebPage\",\"@id\":\"https:\/\/nordnesrepublikken.no\/index.php\/2025\/03\/23\/sahara-sand-kunne-regne-pa-italia-takket-vaere-syklonen-martinho-prognosene\/\",\"url\":\"https:\/\/nordnesrepublikken.no\/index.php\/2025\/03\/23\/sahara-sand-kunne-regne-pa-italia-takket-vaere-syklonen-martinho-prognosene\/\",\"name\":\"Sahara Sand kunne regne p\u00e5 Italia, takket v\u00e6re syklonen Martinho: prognosene - Nordnesrepublikken\",\"isPartOf\":{\"@id\":\"https:\/\/nordnesrepublikken.no\/#website\"},\"primaryImageOfPage\":{\"@id\":\"https:\/\/nordnesrepublikken.no\/index.php\/2025\/03\/23\/sahara-sand-kunne-regne-pa-italia-takket-vaere-syklonen-martinho-prognosene\/#primaryimage\"},\"image\":{\"@id\":\"https:\/\/nordnesrepublikken.no\/index.php\/2025\/03\/23\/sahara-sand-kunne-regne-pa-italia-takket-vaere-syklonen-martinho-prognosene\/#primaryimage\"},\"thumbnailUrl\":\"https:\/\/nordnesrepublikken.no\/wp-content\/uploads\/2025\/03\/1742708974_Sahara-Sand-kunne-regne-pa-Italia-takket-vaere-syklonen-Martinho.jpg\",\"datePublished\":\"2025-03-23T05:49:32+00:00\",\"dateModified\":\"2025-03-23T05:49:35+00:00\",\"breadcrumb\":{\"@id\":\"https:\/\/nordnesrepublikken.no\/index.php\/2025\/03\/23\/sahara-sand-kunne-regne-pa-italia-takket-vaere-syklonen-martinho-prognosene\/#breadcrumb\"},\"inLanguage\":\"nb-NO\",\"potentialAction\":[{\"@type\":\"ReadAction\",\"target\":[\"https:\/\/nordnesrepublikken.no\/index.php\/2025\/03\/23\/sahara-sand-kunne-regne-pa-italia-takket-vaere-syklonen-martinho-prognosene\/\"]}]},{\"@type\":\"ImageObject\",\"inLanguage\":\"nb-NO\",\"@id\":\"https:\/\/nordnesrepublikken.no\/index.php\/2025\/03\/23\/sahara-sand-kunne-regne-pa-italia-takket-vaere-syklonen-martinho-prognosene\/#primaryimage\",\"url\":\"https:\/\/nordnesrepublikken.no\/wp-content\/uploads\/2025\/03\/1742708974_Sahara-Sand-kunne-regne-pa-Italia-takket-vaere-syklonen-Martinho.jpg\",\"contentUrl\":\"https:\/\/nordnesrepublikken.no\/wp-content\/uploads\/2025\/03\/1742708974_Sahara-Sand-kunne-regne-pa-Italia-takket-vaere-syklonen-Martinho.jpg\",\"width\":2048,\"height\":1363,\"caption\":\"cielo giallo italia sabbia sahara\"},{\"@type\":\"BreadcrumbList\",\"@id\":\"https:\/\/nordnesrepublikken.no\/index.php\/2025\/03\/23\/sahara-sand-kunne-regne-pa-italia-takket-vaere-syklonen-martinho-prognosene\/#breadcrumb\",\"itemListElement\":[{\"@type\":\"ListItem\",\"position\":1,\"name\":\"Home\",\"item\":\"https:\/\/nordnesrepublikken.no\/\"},{\"@type\":\"ListItem\",\"position\":2,\"name\":\"Sahara Sand kunne regne p\u00e5 Italia, takket v\u00e6re syklonen Martinho: prognosene\"}]},{\"@type\":\"WebSite\",\"@id\":\"https:\/\/nordnesrepublikken.no\/#website\",\"url\":\"https:\/\/nordnesrepublikken.no\/\",\"name\":\"Nordnesrepublikken\",\"description\":\"Stemmer og Visjoner fra Republikkens Hjerte\",\"publisher\":{\"@id\":\"https:\/\/nordnesrepublikken.no\/#organization\"},\"potentialAction\":[{\"@type\":\"SearchAction\",\"target\":{\"@type\":\"EntryPoint\",\"urlTemplate\":\"https:\/\/nordnesrepublikken.no\/?s={search_term_string}\"},\"query-input\":{\"@type\":\"PropertyValueSpecification\",\"valueRequired\":true,\"valueName\":\"search_term_string\"}}],\"inLanguage\":\"nb-NO\"},{\"@type\":\"Organization\",\"@id\":\"https:\/\/nordnesrepublikken.no\/#organization\",\"name\":\"Nordnesrepublikken\",\"url\":\"https:\/\/nordnesrepublikken.no\/\",\"logo\":{\"@type\":\"ImageObject\",\"inLanguage\":\"nb-NO\",\"@id\":\"https:\/\/nordnesrepublikken.no\/#\/schema\/logo\/image\/\",\"url\":\"https:\/\/nordnesrepublikken.no\/wp-content\/uploads\/2025\/02\/cropped-nordnesrepublikken-2.png\",\"contentUrl\":\"https:\/\/nordnesrepublikken.no\/wp-content\/uploads\/2025\/02\/cropped-nordnesrepublikken-2.png\",\"width\":1248,\"height\":362,\"caption\":\"Nordnesrepublikken\"},\"image\":{\"@id\":\"https:\/\/nordnesrepublikken.no\/#\/schema\/logo\/image\/\"}},{\"@type\":\"Person\",\"@id\":\"https:\/\/nordnesrepublikken.no\/#\/schema\/person\/2e7e81935bab77882fffb79296240ff1\",\"name\":\"Ole Andersen\",\"image\":{\"@type\":\"ImageObject\",\"inLanguage\":\"nb-NO\",\"@id\":\"https:\/\/nordnesrepublikken.no\/#\/schema\/person\/image\/\",\"url\":\"https:\/\/nordnesrepublikken.no\/wp-content\/uploads\/2025\/02\/nordnesrepublikken-2-2-150x150.jpg\",\"contentUrl\":\"https:\/\/nordnesrepublikken.no\/wp-content\/uploads\/2025\/02\/nordnesrepublikken-2-2-150x150.jpg\",\"caption\":\"Ole Andersen\"},\"description\":\"Ettersom jeg vokste opp i Oslo, har jeg alltid v\u00e6rt fascinert av ordenes kraft og deres evne til \u00e5 skape endringer. Etter \u00e5 ha fullf\u00f8rt min utdannelse i kommunikasjon ved Universitetet i Bergen, fikk jeg muligheten til \u00e5 jobbe innen ulike medier, der jeg har s\u00f8kt \u00e5 belyse viktige samfunnssp\u00f8rsm\u00e5l. I dag, som redakt\u00f8r for Nordnesrepublikken, pr\u00f8ver jeg \u00e5 forene min kj\u00e6rlighet for journalistikk med min lidenskap for innovasjon og eventyr.\",\"sameAs\":[\"https:\/\/nordnesrepublikken.no\/\"]}]}<\/script>\n<!-- \/ Yoast SEO plugin. -->","yoast_head_json":{"title":"Sahara Sand kunne regne p\u00e5 Italia, takket v\u00e6re syklonen Martinho: prognosene - Nordnesrepublikken","robots":{"index":"index","follow":"follow","max-snippet":"max-snippet:-1","max-image-preview":"max-image-preview:large","max-video-preview":"max-video-preview:-1"},"canonical":"https:\/\/nordnesrepublikken.no\/index.php\/2025\/03\/23\/sahara-sand-kunne-regne-pa-italia-takket-vaere-syklonen-martinho-prognosene\/","og_locale":"nb_NO","og_type":"article","og_title":"Sahara Sand kunne regne p\u00e5 Italia, takket v\u00e6re syklonen Martinho: prognosene - Nordnesrepublikken","og_description":"Desert Sand of the Sahara kommer til Italia, som ogs\u00e5 kan &laquo;regne&raquo; p\u00e5 bakken p\u00e5","og_url":"https:\/\/nordnesrepublikken.no\/index.php\/2025\/03\/23\/sahara-sand-kunne-regne-pa-italia-takket-vaere-syklonen-martinho-prognosene\/","og_site_name":"Nordnesrepublikken","article_published_time":"2025-03-23T05:49:32+00:00","article_modified_time":"2025-03-23T05:49:35+00:00","og_image":[{"width":2048,"height":1363,"url":"https:\/\/nordnesrepublikken.no\/wp-content\/uploads\/2025\/03\/1742708974_Sahara-Sand-kunne-regne-pa-Italia-takket-vaere-syklonen-Martinho.jpg","type":"image\/jpeg"}],"author":"Ole Andersen","twitter_card":"summary_large_image","twitter_misc":{"Skrevet av":"Ole Andersen","Ansl. lesetid":"1 minutt"},"schema":{"@context":"https:\/\/schema.org","@graph":[{"@type":"Article","@id":"https:\/\/nordnesrepublikken.no\/index.php\/2025\/03\/23\/sahara-sand-kunne-regne-pa-italia-takket-vaere-syklonen-martinho-prognosene\/#article","isPartOf":{"@id":"https:\/\/nordnesrepublikken.no\/index.php\/2025\/03\/23\/sahara-sand-kunne-regne-pa-italia-takket-vaere-syklonen-martinho-prognosene\/"},"author":{"name":"Ole Andersen","@id":"https:\/\/nordnesrepublikken.no\/#\/schema\/person\/2e7e81935bab77882fffb79296240ff1"},"headline":"Sahara Sand kunne regne p\u00e5 Italia, takket v\u00e6re syklonen Martinho: prognosene","datePublished":"2025-03-23T05:49:32+00:00","dateModified":"2025-03-23T05:49:35+00:00","mainEntityOfPage":{"@id":"https:\/\/nordnesrepublikken.no\/index.php\/2025\/03\/23\/sahara-sand-kunne-regne-pa-italia-takket-vaere-syklonen-martinho-prognosene\/"},"wordCount":283,"publisher":{"@id":"https:\/\/nordnesrepublikken.no\/#organization"},"image":{"@id":"https:\/\/nordnesrepublikken.no\/index.php\/2025\/03\/23\/sahara-sand-kunne-regne-pa-italia-takket-vaere-syklonen-martinho-prognosene\/#primaryimage"},"thumbnailUrl":"https:\/\/nordnesrepublikken.no\/wp-content\/uploads\/2025\/03\/1742708974_Sahara-Sand-kunne-regne-pa-Italia-takket-vaere-syklonen-Martinho.jpg","keywords":["Italia","kunne","Martinho","p\u00e5","prognosene","regne","Sahara","Sand","Syklonen","takket","v\u00e6re"],"articleSection":["Milj\u00f8"],"inLanguage":"nb-NO"},{"@type":"WebPage","@id":"https:\/\/nordnesrepublikken.no\/index.php\/2025\/03\/23\/sahara-sand-kunne-regne-pa-italia-takket-vaere-syklonen-martinho-prognosene\/","url":"https:\/\/nordnesrepublikken.no\/index.php\/2025\/03\/23\/sahara-sand-kunne-regne-pa-italia-takket-vaere-syklonen-martinho-prognosene\/","name":"Sahara Sand kunne regne p\u00e5 Italia, takket v\u00e6re syklonen Martinho: prognosene - Nordnesrepublikken","isPartOf":{"@id":"https:\/\/nordnesrepublikken.no\/#website"},"primaryImageOfPage":{"@id":"https:\/\/nordnesrepublikken.no\/index.php\/2025\/03\/23\/sahara-sand-kunne-regne-pa-italia-takket-vaere-syklonen-martinho-prognosene\/#primaryimage"},"image":{"@id":"https:\/\/nordnesrepublikken.no\/index.php\/2025\/03\/23\/sahara-sand-kunne-regne-pa-italia-takket-vaere-syklonen-martinho-prognosene\/#primaryimage"},"thumbnailUrl":"https:\/\/nordnesrepublikken.no\/wp-content\/uploads\/2025\/03\/1742708974_Sahara-Sand-kunne-regne-pa-Italia-takket-vaere-syklonen-Martinho.jpg","datePublished":"2025-03-23T05:49:32+00:00","dateModified":"2025-03-23T05:49:35+00:00","breadcrumb":{"@id":"https:\/\/nordnesrepublikken.no\/index.php\/2025\/03\/23\/sahara-sand-kunne-regne-pa-italia-takket-vaere-syklonen-martinho-prognosene\/#breadcrumb"},"inLanguage":"nb-NO","potentialAction":[{"@type":"ReadAction","target":["https:\/\/nordnesrepublikken.no\/index.php\/2025\/03\/23\/sahara-sand-kunne-regne-pa-italia-takket-vaere-syklonen-martinho-prognosene\/"]}]},{"@type":"ImageObject","inLanguage":"nb-NO","@id":"https:\/\/nordnesrepublikken.no\/index.php\/2025\/03\/23\/sahara-sand-kunne-regne-pa-italia-takket-vaere-syklonen-martinho-prognosene\/#primaryimage","url":"https:\/\/nordnesrepublikken.no\/wp-content\/uploads\/2025\/03\/1742708974_Sahara-Sand-kunne-regne-pa-Italia-takket-vaere-syklonen-Martinho.jpg","contentUrl":"https:\/\/nordnesrepublikken.no\/wp-content\/uploads\/2025\/03\/1742708974_Sahara-Sand-kunne-regne-pa-Italia-takket-vaere-syklonen-Martinho.jpg","width":2048,"height":1363,"caption":"cielo giallo italia sabbia sahara"},{"@type":"BreadcrumbList","@id":"https:\/\/nordnesrepublikken.no\/index.php\/2025\/03\/23\/sahara-sand-kunne-regne-pa-italia-takket-vaere-syklonen-martinho-prognosene\/#breadcrumb","itemListElement":[{"@type":"ListItem","position":1,"name":"Home","item":"https:\/\/nordnesrepublikken.no\/"},{"@type":"ListItem","position":2,"name":"Sahara Sand kunne regne p\u00e5 Italia, takket v\u00e6re syklonen Martinho: prognosene"}]},{"@type":"WebSite","@id":"https:\/\/nordnesrepublikken.no\/#website","url":"https:\/\/nordnesrepublikken.no\/","name":"Nordnesrepublikken","description":"Stemmer og Visjoner fra Republikkens Hjerte","publisher":{"@id":"https:\/\/nordnesrepublikken.no\/#organization"},"potentialAction":[{"@type":"SearchAction","target":{"@type":"EntryPoint","urlTemplate":"https:\/\/nordnesrepublikken.no\/?s={search_term_string}"},"query-input":{"@type":"PropertyValueSpecification","valueRequired":true,"valueName":"search_term_string"}}],"inLanguage":"nb-NO"},{"@type":"Organization","@id":"https:\/\/nordnesrepublikken.no\/#organization","name":"Nordnesrepublikken","url":"https:\/\/nordnesrepublikken.no\/","logo":{"@type":"ImageObject","inLanguage":"nb-NO","@id":"https:\/\/nordnesrepublikken.no\/#\/schema\/logo\/image\/","url":"https:\/\/nordnesrepublikken.no\/wp-content\/uploads\/2025\/02\/cropped-nordnesrepublikken-2.png","contentUrl":"https:\/\/nordnesrepublikken.no\/wp-content\/uploads\/2025\/02\/cropped-nordnesrepublikken-2.png","width":1248,"height":362,"caption":"Nordnesrepublikken"},"image":{"@id":"https:\/\/nordnesrepublikken.no\/#\/schema\/logo\/image\/"}},{"@type":"Person","@id":"https:\/\/nordnesrepublikken.no\/#\/schema\/person\/2e7e81935bab77882fffb79296240ff1","name":"Ole Andersen","image":{"@type":"ImageObject","inLanguage":"nb-NO","@id":"https:\/\/nordnesrepublikken.no\/#\/schema\/person\/image\/","url":"https:\/\/nordnesrepublikken.no\/wp-content\/uploads\/2025\/02\/nordnesrepublikken-2-2-150x150.jpg","contentUrl":"https:\/\/nordnesrepublikken.no\/wp-content\/uploads\/2025\/02\/nordnesrepublikken-2-2-150x150.jpg","caption":"Ole Andersen"},"description":"Ettersom jeg vokste opp i Oslo, har jeg alltid v\u00e6rt fascinert av ordenes kraft og deres evne til \u00e5 skape endringer. Etter \u00e5 ha fullf\u00f8rt min utdannelse i kommunikasjon ved Universitetet i Bergen, fikk jeg muligheten til \u00e5 jobbe innen ulike medier, der jeg har s\u00f8kt \u00e5 belyse viktige samfunnssp\u00f8rsm\u00e5l. I dag, som redakt\u00f8r for Nordnesrepublikken, pr\u00f8ver jeg \u00e5 forene min kj\u00e6rlighet for journalistikk med min lidenskap for innovasjon og eventyr.","sameAs":["https:\/\/nordnesrepublikken.no\/"]}]}},"_links":{"self":[{"href":"https:\/\/nordnesrepublikken.no\/index.php\/wp-json\/wp\/v2\/posts\/2916","targetHints":{"allow":["GET"]}}],"collection":[{"href":"https:\/\/nordnesrepublikken.no\/index.php\/wp-json\/wp\/v2\/posts"}],"about":[{"href":"https:\/\/nordnesrepublikken.no\/index.php\/wp-json\/wp\/v2\/types\/post"}],"author":[{"embeddable":true,"href":"https:\/\/nordnesrepublikken.no\/index.php\/wp-json\/wp\/v2\/users\/1"}],"replies":[{"embeddable":true,"href":"https:\/\/nordnesrepublikken.no\/index.php\/wp-json\/wp\/v2\/comments?post=2916"}],"version-history":[{"count":1,"href":"https:\/\/nordnesrepublikken.no\/index.php\/wp-json\/wp\/v2\/posts\/2916\/revisions"}],"predecessor-version":[{"id":2918,"href":"https:\/\/nordnesrepublikken.no\/index.php\/wp-json\/wp\/v2\/posts\/2916\/revisions\/2918"}],"wp:featuredmedia":[{"embeddable":true,"href":"https:\/\/nordnesrepublikken.no\/index.php\/wp-json\/wp\/v2\/media\/2917"}],"wp:attachment":[{"href":"https:\/\/nordnesrepublikken.no\/index.php\/wp-json\/wp\/v2\/media?parent=2916"}],"wp:term":[{"taxonomy":"category","embeddable":true,"href":"https:\/\/nordnesrepublikken.no\/index.php\/wp-json\/wp\/v2\/categories?post=2916"},{"taxonomy":"post_tag","embeddable":true,"href":"https:\/\/nordnesrepublikken.no\/index.php\/wp-json\/wp\/v2\/tags?post=2916"}],"curies":[{"name":"wp","href":"https:\/\/api.w.org\/{rel}","templated":true}]}}