{"id":2904,"date":"2025-03-22T17:50:00","date_gmt":"2025-03-22T16:50:00","guid":{"rendered":"https:\/\/nordnesrepublikken.no\/index.php\/2025\/03\/22\/norsk-tiktoker-sparks-global-debatt-om-hygiene\/"},"modified":"2025-03-22T17:50:01","modified_gmt":"2025-03-22T16:50:01","slug":"norsk-tiktoker-sparks-global-debatt-om-hygiene","status":"publish","type":"post","link":"https:\/\/nordnesrepublikken.no\/index.php\/2025\/03\/22\/norsk-tiktoker-sparks-global-debatt-om-hygiene\/","title":{"rendered":"Norsk Tiktoker Sparks Global debatt om hygiene"},"content":{"rendered":"<p><\/p>\n<div class=\"wordpress-content\">\n                    <!-- Article Start --><\/p>\n<p><strong>En viral Tiktok -video har laget en enorm online diskusjon om personlig hygiene, like etter at en ung kvinne fra Norge delte sitt sjokk over \u00e5 finne ut at ikke alle dusjer hver dag.<\/strong><\/p>\n<p>&laquo;Jeg antok at folk flest-spesielt jenter-dusj (kroppsdusjer) daglig,&raquo; sa Kaltoum for <em>Newsweek<\/em>. Hun avklarte senere at hun ikke pr\u00f8vde \u00e5 d\u00f8mme noen, bare uttrykte ekte overraskelse. Hun erkjente ogs\u00e5 at faktorer som hudtilstander, mental helse og tilgang til vann spiller en rolle i personlige hygienevaner. &laquo;Jeg trodde bare ikke at det var s\u00e5 dypt,&raquo; sa hun.<\/p>\n<div class=\"sra_unit\"><link rel=\"stylesheet\" id=\"block-sra\" href=\"https:\/\/euroweeklynews.com\/wp-content\/plugins\/snack-related-articles\/dist\/css\/snack-related.min.css?250312-193541\" type=\"text\/css\" media=\"all\">\n<\/div>\n<h2><strong>Hva eksperter sier<\/strong><\/h2>\n<p>Dermatolog David Johnson forklarte at dusjing for ofte kan fjerne huden p\u00e5 sine naturlige oljer, noe som f\u00f8rer til t\u00f8rrhet og irritasjon. &laquo;Det er ingen svar p\u00e5 hvor ofte du m\u00e5 vaske. Det vil avhenge av livsstilen din og hudtypen din, samt hva du personlig liker. Lytt til kroppen din og ikke f\u00e5 deg til \u00e5 f\u00f8le deg skyldig hvis du gj\u00f8r det som er best for deg,&raquo; sa han for samme kilde.<\/p>\n<p>Skj\u00f8nnhetsekspert Sabrina Yavil var enig og sa at hygiene burde v\u00e6re basert p\u00e5 aktivitetsniv\u00e5er.<\/p>\n<p>&laquo;Fra mitt perspektiv kommer dusjfrekvens virkelig ned p\u00e5 livsstil, aktivitetsniv\u00e5, klima og hudhelse-ikke en regel i en st\u00f8rrelse.<\/p>\n<h2><strong>Blandede reaksjoner p\u00e5 sosiale medier<\/strong><\/h2>\n<p>Debatten tok fart p\u00e5 sosiale medier, med folk fordelt p\u00e5 saken. Noen forsvarte daglige dusjer, mens andre sa at det er helt greit \u00e5 hoppe over dagen.<\/p>\n<p>&laquo;La oss ikke d\u00f8mme hverandre. Hvis jeg ikke lukter deg, bryr jeg meg ikke n\u00e5r du sist dusjet. Kanskje vi alle trenger \u00e5 respektere hverandre, selv om vi ville gjort ting annerledes,&raquo; skrev en kommentator.<\/p>\n<p><em>Les her flere nyheter fra Norge.<\/em><\/p>\n<p><em>Les her flere europeiske nyheter.<\/em><\/p>\n<p>                    <!-- Article End --><\/p><\/div>\n","protected":false},"excerpt":{"rendered":"<p>En viral Tiktok -video har laget en enorm online diskusjon om personlig hygiene, like etter<\/p>\n","protected":false},"author":1,"featured_media":2905,"comment_status":"closed","ping_status":"open","sticky":false,"template":"","format":"standard","meta":{"footnotes":""},"categories":[22],"tags":[540,165,541,129,539,538],"class_list":["post-2904","post","type-post","status-publish","format-standard","has-post-thumbnail","hentry","category-nasjonal","tag-debatt","tag-global","tag-hygiene","tag-norsk","tag-sparks","tag-tiktoker","generate-columns","tablet-grid-50","mobile-grid-100","grid-parent","grid-33","resize-featured-image"],"yoast_head":"<!-- This site is optimized with the Yoast SEO plugin v24.4 - https:\/\/yoast.com\/wordpress\/plugins\/seo\/ -->\n<title>Norsk Tiktoker Sparks Global debatt om hygiene - Nordnesrepublikken<\/title>\n<meta name=\"robots\" content=\"index, follow, max-snippet:-1, max-image-preview:large, max-video-preview:-1\" \/>\n<link rel=\"canonical\" href=\"https:\/\/nordnesrepublikken.no\/index.php\/2025\/03\/22\/norsk-tiktoker-sparks-global-debatt-om-hygiene\/\" \/>\n<meta property=\"og:locale\" content=\"nb_NO\" \/>\n<meta property=\"og:type\" content=\"article\" \/>\n<meta property=\"og:title\" content=\"Norsk Tiktoker Sparks Global debatt om hygiene - Nordnesrepublikken\" \/>\n<meta property=\"og:description\" content=\"En viral Tiktok -video har laget en enorm online diskusjon om personlig hygiene, like etter\" \/>\n<meta property=\"og:url\" content=\"https:\/\/nordnesrepublikken.no\/index.php\/2025\/03\/22\/norsk-tiktoker-sparks-global-debatt-om-hygiene\/\" \/>\n<meta property=\"og:site_name\" content=\"Nordnesrepublikken\" \/>\n<meta property=\"article:published_time\" content=\"2025-03-22T16:50:00+00:00\" \/>\n<meta property=\"article:modified_time\" content=\"2025-03-22T16:50:01+00:00\" \/>\n<meta property=\"og:image\" content=\"https:\/\/nordnesrepublikken.no\/wp-content\/uploads\/2025\/03\/1742662200_Norsk-Tiktoker-Sparks-Global-debatt-om-hygiene.jpg\" \/>\n\t<meta property=\"og:image:width\" content=\"1200\" \/>\n\t<meta property=\"og:image:height\" content=\"787\" \/>\n\t<meta property=\"og:image:type\" content=\"image\/jpeg\" \/>\n<meta name=\"author\" content=\"Ole Andersen\" \/>\n<meta name=\"twitter:card\" content=\"summary_large_image\" \/>\n<meta name=\"twitter:label1\" content=\"Skrevet av\" \/>\n\t<meta name=\"twitter:data1\" content=\"Ole Andersen\" \/>\n\t<meta name=\"twitter:label2\" content=\"Ansl. lesetid\" \/>\n\t<meta name=\"twitter:data2\" content=\"1 minutt\" \/>\n<script type=\"application\/ld+json\" class=\"yoast-schema-graph\">{\"@context\":\"https:\/\/schema.org\",\"@graph\":[{\"@type\":\"Article\",\"@id\":\"https:\/\/nordnesrepublikken.no\/index.php\/2025\/03\/22\/norsk-tiktoker-sparks-global-debatt-om-hygiene\/#article\",\"isPartOf\":{\"@id\":\"https:\/\/nordnesrepublikken.no\/index.php\/2025\/03\/22\/norsk-tiktoker-sparks-global-debatt-om-hygiene\/\"},\"author\":{\"name\":\"Ole Andersen\",\"@id\":\"https:\/\/nordnesrepublikken.no\/#\/schema\/person\/2e7e81935bab77882fffb79296240ff1\"},\"headline\":\"Norsk Tiktoker Sparks Global debatt om hygiene\",\"datePublished\":\"2025-03-22T16:50:00+00:00\",\"dateModified\":\"2025-03-22T16:50:01+00:00\",\"mainEntityOfPage\":{\"@id\":\"https:\/\/nordnesrepublikken.no\/index.php\/2025\/03\/22\/norsk-tiktoker-sparks-global-debatt-om-hygiene\/\"},\"wordCount\":290,\"publisher\":{\"@id\":\"https:\/\/nordnesrepublikken.no\/#organization\"},\"image\":{\"@id\":\"https:\/\/nordnesrepublikken.no\/index.php\/2025\/03\/22\/norsk-tiktoker-sparks-global-debatt-om-hygiene\/#primaryimage\"},\"thumbnailUrl\":\"https:\/\/nordnesrepublikken.no\/wp-content\/uploads\/2025\/03\/1742662200_Norsk-Tiktoker-Sparks-Global-debatt-om-hygiene.jpg\",\"keywords\":[\"debatt\",\"global\",\"hygiene\",\"Norsk\",\"Sparks\",\"Tiktoker\"],\"articleSection\":[\"Nasjonal\"],\"inLanguage\":\"nb-NO\"},{\"@type\":\"WebPage\",\"@id\":\"https:\/\/nordnesrepublikken.no\/index.php\/2025\/03\/22\/norsk-tiktoker-sparks-global-debatt-om-hygiene\/\",\"url\":\"https:\/\/nordnesrepublikken.no\/index.php\/2025\/03\/22\/norsk-tiktoker-sparks-global-debatt-om-hygiene\/\",\"name\":\"Norsk Tiktoker Sparks Global debatt om hygiene - Nordnesrepublikken\",\"isPartOf\":{\"@id\":\"https:\/\/nordnesrepublikken.no\/#website\"},\"primaryImageOfPage\":{\"@id\":\"https:\/\/nordnesrepublikken.no\/index.php\/2025\/03\/22\/norsk-tiktoker-sparks-global-debatt-om-hygiene\/#primaryimage\"},\"image\":{\"@id\":\"https:\/\/nordnesrepublikken.no\/index.php\/2025\/03\/22\/norsk-tiktoker-sparks-global-debatt-om-hygiene\/#primaryimage\"},\"thumbnailUrl\":\"https:\/\/nordnesrepublikken.no\/wp-content\/uploads\/2025\/03\/1742662200_Norsk-Tiktoker-Sparks-Global-debatt-om-hygiene.jpg\",\"datePublished\":\"2025-03-22T16:50:00+00:00\",\"dateModified\":\"2025-03-22T16:50:01+00:00\",\"breadcrumb\":{\"@id\":\"https:\/\/nordnesrepublikken.no\/index.php\/2025\/03\/22\/norsk-tiktoker-sparks-global-debatt-om-hygiene\/#breadcrumb\"},\"inLanguage\":\"nb-NO\",\"potentialAction\":[{\"@type\":\"ReadAction\",\"target\":[\"https:\/\/nordnesrepublikken.no\/index.php\/2025\/03\/22\/norsk-tiktoker-sparks-global-debatt-om-hygiene\/\"]}]},{\"@type\":\"ImageObject\",\"inLanguage\":\"nb-NO\",\"@id\":\"https:\/\/nordnesrepublikken.no\/index.php\/2025\/03\/22\/norsk-tiktoker-sparks-global-debatt-om-hygiene\/#primaryimage\",\"url\":\"https:\/\/nordnesrepublikken.no\/wp-content\/uploads\/2025\/03\/1742662200_Norsk-Tiktoker-Sparks-Global-debatt-om-hygiene.jpg\",\"contentUrl\":\"https:\/\/nordnesrepublikken.no\/wp-content\/uploads\/2025\/03\/1742662200_Norsk-Tiktoker-Sparks-Global-debatt-om-hygiene.jpg\",\"width\":1200,\"height\":787,\"caption\":\"Norsk Tiktoker Sparks Global debatt om hygiene\"},{\"@type\":\"BreadcrumbList\",\"@id\":\"https:\/\/nordnesrepublikken.no\/index.php\/2025\/03\/22\/norsk-tiktoker-sparks-global-debatt-om-hygiene\/#breadcrumb\",\"itemListElement\":[{\"@type\":\"ListItem\",\"position\":1,\"name\":\"Home\",\"item\":\"https:\/\/nordnesrepublikken.no\/\"},{\"@type\":\"ListItem\",\"position\":2,\"name\":\"Norsk Tiktoker Sparks Global debatt om hygiene\"}]},{\"@type\":\"WebSite\",\"@id\":\"https:\/\/nordnesrepublikken.no\/#website\",\"url\":\"https:\/\/nordnesrepublikken.no\/\",\"name\":\"Nordnesrepublikken\",\"description\":\"Stemmer og Visjoner fra Republikkens Hjerte\",\"publisher\":{\"@id\":\"https:\/\/nordnesrepublikken.no\/#organization\"},\"potentialAction\":[{\"@type\":\"SearchAction\",\"target\":{\"@type\":\"EntryPoint\",\"urlTemplate\":\"https:\/\/nordnesrepublikken.no\/?s={search_term_string}\"},\"query-input\":{\"@type\":\"PropertyValueSpecification\",\"valueRequired\":true,\"valueName\":\"search_term_string\"}}],\"inLanguage\":\"nb-NO\"},{\"@type\":\"Organization\",\"@id\":\"https:\/\/nordnesrepublikken.no\/#organization\",\"name\":\"Nordnesrepublikken\",\"url\":\"https:\/\/nordnesrepublikken.no\/\",\"logo\":{\"@type\":\"ImageObject\",\"inLanguage\":\"nb-NO\",\"@id\":\"https:\/\/nordnesrepublikken.no\/#\/schema\/logo\/image\/\",\"url\":\"https:\/\/nordnesrepublikken.no\/wp-content\/uploads\/2025\/02\/cropped-nordnesrepublikken-2.png\",\"contentUrl\":\"https:\/\/nordnesrepublikken.no\/wp-content\/uploads\/2025\/02\/cropped-nordnesrepublikken-2.png\",\"width\":1248,\"height\":362,\"caption\":\"Nordnesrepublikken\"},\"image\":{\"@id\":\"https:\/\/nordnesrepublikken.no\/#\/schema\/logo\/image\/\"}},{\"@type\":\"Person\",\"@id\":\"https:\/\/nordnesrepublikken.no\/#\/schema\/person\/2e7e81935bab77882fffb79296240ff1\",\"name\":\"Ole Andersen\",\"image\":{\"@type\":\"ImageObject\",\"inLanguage\":\"nb-NO\",\"@id\":\"https:\/\/nordnesrepublikken.no\/#\/schema\/person\/image\/\",\"url\":\"https:\/\/nordnesrepublikken.no\/wp-content\/uploads\/2025\/02\/nordnesrepublikken-2-2-150x150.jpg\",\"contentUrl\":\"https:\/\/nordnesrepublikken.no\/wp-content\/uploads\/2025\/02\/nordnesrepublikken-2-2-150x150.jpg\",\"caption\":\"Ole Andersen\"},\"description\":\"Ettersom jeg vokste opp i Oslo, har jeg alltid v\u00e6rt fascinert av ordenes kraft og deres evne til \u00e5 skape endringer. Etter \u00e5 ha fullf\u00f8rt min utdannelse i kommunikasjon ved Universitetet i Bergen, fikk jeg muligheten til \u00e5 jobbe innen ulike medier, der jeg har s\u00f8kt \u00e5 belyse viktige samfunnssp\u00f8rsm\u00e5l. I dag, som redakt\u00f8r for Nordnesrepublikken, pr\u00f8ver jeg \u00e5 forene min kj\u00e6rlighet for journalistikk med min lidenskap for innovasjon og eventyr.\",\"sameAs\":[\"https:\/\/nordnesrepublikken.no\/\"]}]}<\/script>\n<!-- \/ Yoast SEO plugin. -->","yoast_head_json":{"title":"Norsk Tiktoker Sparks Global debatt om hygiene - Nordnesrepublikken","robots":{"index":"index","follow":"follow","max-snippet":"max-snippet:-1","max-image-preview":"max-image-preview:large","max-video-preview":"max-video-preview:-1"},"canonical":"https:\/\/nordnesrepublikken.no\/index.php\/2025\/03\/22\/norsk-tiktoker-sparks-global-debatt-om-hygiene\/","og_locale":"nb_NO","og_type":"article","og_title":"Norsk Tiktoker Sparks Global debatt om hygiene - Nordnesrepublikken","og_description":"En viral Tiktok -video har laget en enorm online diskusjon om personlig hygiene, like etter","og_url":"https:\/\/nordnesrepublikken.no\/index.php\/2025\/03\/22\/norsk-tiktoker-sparks-global-debatt-om-hygiene\/","og_site_name":"Nordnesrepublikken","article_published_time":"2025-03-22T16:50:00+00:00","article_modified_time":"2025-03-22T16:50:01+00:00","og_image":[{"width":1200,"height":787,"url":"https:\/\/nordnesrepublikken.no\/wp-content\/uploads\/2025\/03\/1742662200_Norsk-Tiktoker-Sparks-Global-debatt-om-hygiene.jpg","type":"image\/jpeg"}],"author":"Ole Andersen","twitter_card":"summary_large_image","twitter_misc":{"Skrevet av":"Ole Andersen","Ansl. lesetid":"1 minutt"},"schema":{"@context":"https:\/\/schema.org","@graph":[{"@type":"Article","@id":"https:\/\/nordnesrepublikken.no\/index.php\/2025\/03\/22\/norsk-tiktoker-sparks-global-debatt-om-hygiene\/#article","isPartOf":{"@id":"https:\/\/nordnesrepublikken.no\/index.php\/2025\/03\/22\/norsk-tiktoker-sparks-global-debatt-om-hygiene\/"},"author":{"name":"Ole Andersen","@id":"https:\/\/nordnesrepublikken.no\/#\/schema\/person\/2e7e81935bab77882fffb79296240ff1"},"headline":"Norsk Tiktoker Sparks Global debatt om hygiene","datePublished":"2025-03-22T16:50:00+00:00","dateModified":"2025-03-22T16:50:01+00:00","mainEntityOfPage":{"@id":"https:\/\/nordnesrepublikken.no\/index.php\/2025\/03\/22\/norsk-tiktoker-sparks-global-debatt-om-hygiene\/"},"wordCount":290,"publisher":{"@id":"https:\/\/nordnesrepublikken.no\/#organization"},"image":{"@id":"https:\/\/nordnesrepublikken.no\/index.php\/2025\/03\/22\/norsk-tiktoker-sparks-global-debatt-om-hygiene\/#primaryimage"},"thumbnailUrl":"https:\/\/nordnesrepublikken.no\/wp-content\/uploads\/2025\/03\/1742662200_Norsk-Tiktoker-Sparks-Global-debatt-om-hygiene.jpg","keywords":["debatt","global","hygiene","Norsk","Sparks","Tiktoker"],"articleSection":["Nasjonal"],"inLanguage":"nb-NO"},{"@type":"WebPage","@id":"https:\/\/nordnesrepublikken.no\/index.php\/2025\/03\/22\/norsk-tiktoker-sparks-global-debatt-om-hygiene\/","url":"https:\/\/nordnesrepublikken.no\/index.php\/2025\/03\/22\/norsk-tiktoker-sparks-global-debatt-om-hygiene\/","name":"Norsk Tiktoker Sparks Global debatt om hygiene - Nordnesrepublikken","isPartOf":{"@id":"https:\/\/nordnesrepublikken.no\/#website"},"primaryImageOfPage":{"@id":"https:\/\/nordnesrepublikken.no\/index.php\/2025\/03\/22\/norsk-tiktoker-sparks-global-debatt-om-hygiene\/#primaryimage"},"image":{"@id":"https:\/\/nordnesrepublikken.no\/index.php\/2025\/03\/22\/norsk-tiktoker-sparks-global-debatt-om-hygiene\/#primaryimage"},"thumbnailUrl":"https:\/\/nordnesrepublikken.no\/wp-content\/uploads\/2025\/03\/1742662200_Norsk-Tiktoker-Sparks-Global-debatt-om-hygiene.jpg","datePublished":"2025-03-22T16:50:00+00:00","dateModified":"2025-03-22T16:50:01+00:00","breadcrumb":{"@id":"https:\/\/nordnesrepublikken.no\/index.php\/2025\/03\/22\/norsk-tiktoker-sparks-global-debatt-om-hygiene\/#breadcrumb"},"inLanguage":"nb-NO","potentialAction":[{"@type":"ReadAction","target":["https:\/\/nordnesrepublikken.no\/index.php\/2025\/03\/22\/norsk-tiktoker-sparks-global-debatt-om-hygiene\/"]}]},{"@type":"ImageObject","inLanguage":"nb-NO","@id":"https:\/\/nordnesrepublikken.no\/index.php\/2025\/03\/22\/norsk-tiktoker-sparks-global-debatt-om-hygiene\/#primaryimage","url":"https:\/\/nordnesrepublikken.no\/wp-content\/uploads\/2025\/03\/1742662200_Norsk-Tiktoker-Sparks-Global-debatt-om-hygiene.jpg","contentUrl":"https:\/\/nordnesrepublikken.no\/wp-content\/uploads\/2025\/03\/1742662200_Norsk-Tiktoker-Sparks-Global-debatt-om-hygiene.jpg","width":1200,"height":787,"caption":"Norsk Tiktoker Sparks Global debatt om hygiene"},{"@type":"BreadcrumbList","@id":"https:\/\/nordnesrepublikken.no\/index.php\/2025\/03\/22\/norsk-tiktoker-sparks-global-debatt-om-hygiene\/#breadcrumb","itemListElement":[{"@type":"ListItem","position":1,"name":"Home","item":"https:\/\/nordnesrepublikken.no\/"},{"@type":"ListItem","position":2,"name":"Norsk Tiktoker Sparks Global debatt om hygiene"}]},{"@type":"WebSite","@id":"https:\/\/nordnesrepublikken.no\/#website","url":"https:\/\/nordnesrepublikken.no\/","name":"Nordnesrepublikken","description":"Stemmer og Visjoner fra Republikkens Hjerte","publisher":{"@id":"https:\/\/nordnesrepublikken.no\/#organization"},"potentialAction":[{"@type":"SearchAction","target":{"@type":"EntryPoint","urlTemplate":"https:\/\/nordnesrepublikken.no\/?s={search_term_string}"},"query-input":{"@type":"PropertyValueSpecification","valueRequired":true,"valueName":"search_term_string"}}],"inLanguage":"nb-NO"},{"@type":"Organization","@id":"https:\/\/nordnesrepublikken.no\/#organization","name":"Nordnesrepublikken","url":"https:\/\/nordnesrepublikken.no\/","logo":{"@type":"ImageObject","inLanguage":"nb-NO","@id":"https:\/\/nordnesrepublikken.no\/#\/schema\/logo\/image\/","url":"https:\/\/nordnesrepublikken.no\/wp-content\/uploads\/2025\/02\/cropped-nordnesrepublikken-2.png","contentUrl":"https:\/\/nordnesrepublikken.no\/wp-content\/uploads\/2025\/02\/cropped-nordnesrepublikken-2.png","width":1248,"height":362,"caption":"Nordnesrepublikken"},"image":{"@id":"https:\/\/nordnesrepublikken.no\/#\/schema\/logo\/image\/"}},{"@type":"Person","@id":"https:\/\/nordnesrepublikken.no\/#\/schema\/person\/2e7e81935bab77882fffb79296240ff1","name":"Ole Andersen","image":{"@type":"ImageObject","inLanguage":"nb-NO","@id":"https:\/\/nordnesrepublikken.no\/#\/schema\/person\/image\/","url":"https:\/\/nordnesrepublikken.no\/wp-content\/uploads\/2025\/02\/nordnesrepublikken-2-2-150x150.jpg","contentUrl":"https:\/\/nordnesrepublikken.no\/wp-content\/uploads\/2025\/02\/nordnesrepublikken-2-2-150x150.jpg","caption":"Ole Andersen"},"description":"Ettersom jeg vokste opp i Oslo, har jeg alltid v\u00e6rt fascinert av ordenes kraft og deres evne til \u00e5 skape endringer. Etter \u00e5 ha fullf\u00f8rt min utdannelse i kommunikasjon ved Universitetet i Bergen, fikk jeg muligheten til \u00e5 jobbe innen ulike medier, der jeg har s\u00f8kt \u00e5 belyse viktige samfunnssp\u00f8rsm\u00e5l. I dag, som redakt\u00f8r for Nordnesrepublikken, pr\u00f8ver jeg \u00e5 forene min kj\u00e6rlighet for journalistikk med min lidenskap for innovasjon og eventyr.","sameAs":["https:\/\/nordnesrepublikken.no\/"]}]}},"_links":{"self":[{"href":"https:\/\/nordnesrepublikken.no\/index.php\/wp-json\/wp\/v2\/posts\/2904","targetHints":{"allow":["GET"]}}],"collection":[{"href":"https:\/\/nordnesrepublikken.no\/index.php\/wp-json\/wp\/v2\/posts"}],"about":[{"href":"https:\/\/nordnesrepublikken.no\/index.php\/wp-json\/wp\/v2\/types\/post"}],"author":[{"embeddable":true,"href":"https:\/\/nordnesrepublikken.no\/index.php\/wp-json\/wp\/v2\/users\/1"}],"replies":[{"embeddable":true,"href":"https:\/\/nordnesrepublikken.no\/index.php\/wp-json\/wp\/v2\/comments?post=2904"}],"version-history":[{"count":1,"href":"https:\/\/nordnesrepublikken.no\/index.php\/wp-json\/wp\/v2\/posts\/2904\/revisions"}],"predecessor-version":[{"id":2906,"href":"https:\/\/nordnesrepublikken.no\/index.php\/wp-json\/wp\/v2\/posts\/2904\/revisions\/2906"}],"wp:featuredmedia":[{"embeddable":true,"href":"https:\/\/nordnesrepublikken.no\/index.php\/wp-json\/wp\/v2\/media\/2905"}],"wp:attachment":[{"href":"https:\/\/nordnesrepublikken.no\/index.php\/wp-json\/wp\/v2\/media?parent=2904"}],"wp:term":[{"taxonomy":"category","embeddable":true,"href":"https:\/\/nordnesrepublikken.no\/index.php\/wp-json\/wp\/v2\/categories?post=2904"},{"taxonomy":"post_tag","embeddable":true,"href":"https:\/\/nordnesrepublikken.no\/index.php\/wp-json\/wp\/v2\/tags?post=2904"}],"curies":[{"name":"wp","href":"https:\/\/api.w.org\/{rel}","templated":true}]}}