{"id":2901,"date":"2025-03-21T13:50:06","date_gmt":"2025-03-21T12:50:06","guid":{"rendered":"https:\/\/nordnesrepublikken.no\/index.php\/2025\/03\/21\/hvor-mye-militaerhjelp-fra-europeiske-land-koster\/"},"modified":"2025-03-21T13:50:06","modified_gmt":"2025-03-21T12:50:06","slug":"hvor-mye-militaerhjelp-fra-europeiske-land-koster","status":"publish","type":"post","link":"https:\/\/nordnesrepublikken.no\/index.php\/2025\/03\/21\/hvor-mye-militaerhjelp-fra-europeiske-land-koster\/","title":{"rendered":"Hvor mye milit\u00e6rhjelp fra europeiske land koster"},"content":{"rendered":"<div>\n      <!-- CONTENT --><\/p>\n<div class=\"cp_wrapper cp_wrapper--fw mb-30 mb-20@tablet\">\n<figure class=\"mm\"><picture class=\"img\" style=\"padding-top:56.25%\"><source  media=\"(min-width: 1024px)\"><source  media=\"(min-width: 768px)\"><\/source><\/source><\/picture><\/figure>\n<\/p><\/div>\n<p>Telefonsamtalen mellom den amerikanske presidenten <strong>Donald Trump<\/strong> og hans russiske motpart <strong>Vladimir Putin<\/strong> relatert til en mulig pusterom <strong>Krig i Ukraina<\/strong> har etablert et veikart som gir en initial <strong>opph\u00f8re delvis brann<\/strong> av 30 dager n\u00e5r det gjelder luftrommet og havet, en <strong>Stopp angrep p\u00e5 energiinfrastruktur<\/strong> &#8211; Allerede krenket av Russland &#8211; og en serie med ikke -forhandlingsbare forhold \u00f8nsket av Putin, spesielt<strong>Total avbrudd i milit\u00e6r hjelp i Kiev<\/strong> av andre europeiske land. Samme ting for \u00e5 dele etterretningsinformasjon til ukrainske sikkerhetstjenester. Ogs\u00e5<strong>Ukraina b\u00f8r avbryte sin omlegging<\/strong>.<\/p>\n<h2>Registrering av import av v\u00e5pen for Ukraina<\/h2>\n<p>I erkl\u00e6ringene etter 18. mars, datoen for telefonintervjuet mellom Trump og Putin, den ukrainske presidenten <strong>Volodymyr Zelensky<\/strong> Han har allerede \u00e5pnet for muligheten for \u00e5 vike for delvis brann, men har kokt som anmodningen om at landet hans slutter \u00e5 investere i milit\u00e6re utgifter. Til tross for de innledende stadiene av konflikten, har Ukraina hovedsakelig holdt opp takket v\u00e6re amerikansk og europeisk milit\u00e6r st\u00f8tte, n\u00e5 landet <strong>Det produserer mer enn 40% av utstyret og ammunisjonen internt<\/strong>prosentandel som tar sikte p\u00e5 \u00e5 \u00f8ke i fremtiden.<\/p>\n<p>Til tross for dette er til dags dato den ukrainske defensive innsatsen fremdeles i stor grad basert p\u00e5 kj\u00f8p og levering av v\u00e5pen fra utlandet, s\u00e5 mye at<strong>Ukrainsk i perioden 2020-24 ble den st\u00f8rste import\u00f8ren av v\u00e5pen i verden<\/strong>med en vekst p\u00e5 nesten 100 ganger sammenlignet med 2015-19. Totalt mottok landet<strong>8,8% av global v\u00e5penimport<\/strong> I l\u00f8pet av de siste fem \u00e5rene.<\/p>\n<p>Selv om Donald Trump har benektet at han noen gang har diskutert med Vladimir Putin om muligheten for \u00e5 avbryte tilbudet av milit\u00e6rhjelp til Ukraina, forbereder mange europeiske land fortsatt for arrangementet som Washington bestemmer seg for \u00e5 gj\u00f8re det. Eller rettere sagt, for \u00e5 gj\u00f8re om det, gitt at USA allerede har avbrutt milit\u00e6re og etterretningsutstyr til Ukraina i et par uker, som en gjengjeldelse etter tvisten mellom Trump og Zelensky i det ovale studioet i Det hvite hus i slutten av februar. Men hvor mye veier st\u00f8tten fra europeiske land i den ukrainske milit\u00e6re innsatsen?<\/p>\n<div class=\"cp_wrapper cp_wrapper--fw mb-50\">\n<figure class=\"mm\"><picture class=\"img\" style=\"padding-top:66.625%\"><source  media=\"(min-width: 1024px)\"><source  media=\"(min-width: 768px)\"><img decoding=\"async\" loading=\"lazy\" src=\"https:\/\/nordnesrepublikken.no\/wp-content\/uploads\/2025\/03\/1742561405_820_Hvor-mye-militaerhjelp-fra-europeiske-land-koster.jpg\" alt=\"Bilde\" width=\"800\" height=\"533\"><\/source><\/source><\/picture><\/figure>\n<\/p><\/div>\n<h2>Milit\u00e6rhjelp gitt til Ukraina fra EU<\/h2>\n<p>Fram til slutten av 2024 er over 360 milliarder euro utarbeidet (hvorav en del av dem enn\u00e5 ikke er blitt tildelt), som bemerket av &laquo;<strong>Ukraina support tracker<\/strong>Database som Kiel Institute samler seg fra februar 2022 for \u00e5 overv\u00e5ke milit\u00e6r, \u00f8konomisk og humanit\u00e6r st\u00f8tte levert av regjeringene i 41 land til Ukraina.<\/p>\n<p>Totalt<strong>Europa har tildelt 132 milliarder euro til Kiev<\/strong> (70 i \u00f8konomisk og humanit\u00e6r hjelp og 62 i milit\u00e6r hjelp) mot <strong>114 milliarder i USA<\/strong>delt mellom 64 for v\u00e5pen og 50 for \u00f8konomisk og humanit\u00e6r st\u00f8tte. Fokuserer p\u00e5 milit\u00e6r hjelp, <strong>St\u00f8rre europeiske leverand\u00f8r var Tyskland<\/strong>som mellom begynnelsen av 2022 og slutten av 2024 n\u00e5dde rundt 13 milliarder euro, begge ved \u00e5 sende v\u00e5pen som Leopard 2 -tanker og delta i felles ammunisjonsinnkj\u00f8psinitiativer. If\u00f8lge Sipri, <strong>Andre europeiske leverand\u00f8r og den tredje globalt var Polen<\/strong>at oppl\u00e6ringen av tusenvis av ukrainske soldater ogs\u00e5 tok ansvar.<\/p>\n<div class=\"cp_wrapper cp_wrapper--fw mb-50\">\n<figure class=\"mm\"><picture class=\"img\" style=\"padding-top:66.666666666667%\"><source  media=\"(min-width: 1024px)\"><source  media=\"(min-width: 768px)\"><img decoding=\"async\" loading=\"lazy\" src=\"https:\/\/nordnesrepublikken.no\/wp-content\/uploads\/2025\/03\/1742561405_10_Hvor-mye-militaerhjelp-fra-europeiske-land-koster.jpg\" alt=\"F\u00f8dt, EU, Ukraina\" width=\"4152\" height=\"2768\" class=\"js-seedtag-img\"><\/source><\/source><\/picture><\/figure>\n<\/p><\/div>\n<h2>En delt innsats<\/h2>\n<p>Til og med Frankrike har gradvis \u00f8kt sin st\u00f8tte til Ukraina, og gir sine v\u00e6pnede styrker pansrede kj\u00f8ret\u00f8y fra VAB-tropper, lette h\u00e6rer AMEX-10 RC og andre artilleribiter. Paris begynte ogs\u00e5 \u00e5 skaffe <strong>Mirage 2000-5 kampplan<\/strong> Og, lange hau -missiler og bomber AASM Hammer. I samarbeid med Italia forpliktet han seg ogs\u00e5 til \u00e5 skaffe en annen <strong>SAMP\/T Aerial Defense System<\/strong>et veldig viktig jordar -missilsystem for \u00e5 avskj\u00e6re missiler og droner rettet mot strategisk infrastruktur eller ukrainske bebodde sentre.<\/p>\n<p>Selv om mindre &laquo;annonseres&raquo;, har enda mindre land gitt et stort bidrag til forsvaret av Ukraina. For eksempel i <strong>Nederland<\/strong> har levert pansrede kj\u00f8ret\u00f8y, anti-tanksystemer og F-6 kampkampfly, i samarbeid med <strong>Danmark<\/strong>. I f\u00f8lge det som ble kunngjort i august 2023, sender de to landene gradvis Ukraina <strong>61 fjerde generasjons jager F-16<\/strong>i tillegg til \u00e5 trene pilotene.<\/p>\n<p>Belgia deltar ogs\u00e5 i oppl\u00e6ringen av jaktpiloter, i tillegg til \u00e5 sende kampbiler og cacciamina -skip, viktige for \u00e5 sikre de ukrainske rutene i Svartehavet.<\/p>\n<p>Utvide feltet til et annet europeisk land, men ikke lenger et medlem av unionen, <strong>Storbritannia<\/strong> Det er en ledende leverand\u00f8r for Kiev: if\u00f8lge dataene levert av den britiske regjeringen, sendte han for \u00f8yeblikket milit\u00e6rhjelp til Ukraina for en verdi av <strong>Omtrent 8 milliarder pund<\/strong>inkludert stridsvogner, artilleri -ammunisjon for 155 mm kanoner, luftoverv\u00e5kningssystemer GraveHawk and Attack and Surveillance Drones (levert i samarbeid med Latvia).<\/p>\n<div class=\"cp_wrapper cp_wrapper--fw mb-50\">\n<figure class=\"mm\"><picture class=\"img\" style=\"padding-top:53.012048192771%\"><source  media=\"(min-width: 1024px)\"><source  media=\"(min-width: 768px)\"><img decoding=\"async\" loading=\"lazy\" src=\"https:\/\/nordnesrepublikken.no\/wp-content\/uploads\/2025\/03\/1742561406_994_Hvor-mye-militaerhjelp-fra-europeiske-land-koster.jpg\" alt=\"Bilde\" width=\"2656\" height=\"1408\"><\/source><\/source><\/picture><\/figure>\n<\/p><\/div>\n<\/p><\/div>\n","protected":false},"excerpt":{"rendered":"<p>Telefonsamtalen mellom den amerikanske presidenten Donald Trump og hans russiske motpart Vladimir Putin relatert til<\/p>\n","protected":false},"author":1,"featured_media":2902,"comment_status":"closed","ping_status":"open","sticky":false,"template":"","format":"standard","meta":{"footnotes":""},"categories":[23],"tags":[412,125,449,537,502,536,535],"class_list":["post-2901","post","type-post","status-publish","format-standard","has-post-thumbnail","hentry","category-politikk","tag-europeiske","tag-fra","tag-hvor","tag-koster","tag-land","tag-militaerhjelp","tag-mye","generate-columns","tablet-grid-50","mobile-grid-100","grid-parent","grid-33","resize-featured-image"],"yoast_head":"<!-- This site is optimized with the Yoast SEO plugin v24.4 - https:\/\/yoast.com\/wordpress\/plugins\/seo\/ -->\n<title>Hvor mye milit\u00e6rhjelp fra europeiske land koster - Nordnesrepublikken<\/title>\n<meta name=\"robots\" content=\"index, follow, max-snippet:-1, max-image-preview:large, max-video-preview:-1\" \/>\n<link rel=\"canonical\" href=\"https:\/\/nordnesrepublikken.no\/index.php\/2025\/03\/21\/hvor-mye-militaerhjelp-fra-europeiske-land-koster\/\" \/>\n<meta property=\"og:locale\" content=\"nb_NO\" \/>\n<meta property=\"og:type\" content=\"article\" \/>\n<meta property=\"og:title\" content=\"Hvor mye milit\u00e6rhjelp fra europeiske land koster - Nordnesrepublikken\" \/>\n<meta property=\"og:description\" content=\"Telefonsamtalen mellom den amerikanske presidenten Donald Trump og hans russiske motpart Vladimir Putin relatert til\" \/>\n<meta property=\"og:url\" content=\"https:\/\/nordnesrepublikken.no\/index.php\/2025\/03\/21\/hvor-mye-militaerhjelp-fra-europeiske-land-koster\/\" \/>\n<meta property=\"og:site_name\" content=\"Nordnesrepublikken\" \/>\n<meta property=\"article:published_time\" content=\"2025-03-21T12:50:06+00:00\" \/>\n<meta property=\"og:image\" content=\"https:\/\/nordnesrepublikken.no\/wp-content\/uploads\/2025\/03\/1742561406_Hvor-mye-militaerhjelp-fra-europeiske-land-koster.jpg\" \/>\n\t<meta property=\"og:image:width\" content=\"1024\" \/>\n\t<meta property=\"og:image:height\" content=\"768\" \/>\n\t<meta property=\"og:image:type\" content=\"image\/jpeg\" \/>\n<meta name=\"author\" content=\"Ole Andersen\" \/>\n<meta name=\"twitter:card\" content=\"summary_large_image\" \/>\n<meta name=\"twitter:label1\" content=\"Skrevet av\" \/>\n\t<meta name=\"twitter:data1\" content=\"Ole Andersen\" \/>\n\t<meta name=\"twitter:label2\" content=\"Ansl. lesetid\" \/>\n\t<meta name=\"twitter:data2\" content=\"4 minutter\" \/>\n<script type=\"application\/ld+json\" class=\"yoast-schema-graph\">{\"@context\":\"https:\/\/schema.org\",\"@graph\":[{\"@type\":\"Article\",\"@id\":\"https:\/\/nordnesrepublikken.no\/index.php\/2025\/03\/21\/hvor-mye-militaerhjelp-fra-europeiske-land-koster\/#article\",\"isPartOf\":{\"@id\":\"https:\/\/nordnesrepublikken.no\/index.php\/2025\/03\/21\/hvor-mye-militaerhjelp-fra-europeiske-land-koster\/\"},\"author\":{\"name\":\"Ole Andersen\",\"@id\":\"https:\/\/nordnesrepublikken.no\/#\/schema\/person\/2e7e81935bab77882fffb79296240ff1\"},\"headline\":\"Hvor mye milit\u00e6rhjelp fra europeiske land koster\",\"datePublished\":\"2025-03-21T12:50:06+00:00\",\"mainEntityOfPage\":{\"@id\":\"https:\/\/nordnesrepublikken.no\/index.php\/2025\/03\/21\/hvor-mye-militaerhjelp-fra-europeiske-land-koster\/\"},\"wordCount\":740,\"publisher\":{\"@id\":\"https:\/\/nordnesrepublikken.no\/#organization\"},\"image\":{\"@id\":\"https:\/\/nordnesrepublikken.no\/index.php\/2025\/03\/21\/hvor-mye-militaerhjelp-fra-europeiske-land-koster\/#primaryimage\"},\"thumbnailUrl\":\"https:\/\/nordnesrepublikken.no\/wp-content\/uploads\/2025\/03\/1742561406_Hvor-mye-militaerhjelp-fra-europeiske-land-koster.jpg\",\"keywords\":[\"europeiske\",\"fra\",\"hvor\",\"koster\",\"land\",\"milit\u00e6rhjelp\",\"mye\"],\"articleSection\":[\"Politikk\"],\"inLanguage\":\"nb-NO\"},{\"@type\":\"WebPage\",\"@id\":\"https:\/\/nordnesrepublikken.no\/index.php\/2025\/03\/21\/hvor-mye-militaerhjelp-fra-europeiske-land-koster\/\",\"url\":\"https:\/\/nordnesrepublikken.no\/index.php\/2025\/03\/21\/hvor-mye-militaerhjelp-fra-europeiske-land-koster\/\",\"name\":\"Hvor mye milit\u00e6rhjelp fra europeiske land koster - Nordnesrepublikken\",\"isPartOf\":{\"@id\":\"https:\/\/nordnesrepublikken.no\/#website\"},\"primaryImageOfPage\":{\"@id\":\"https:\/\/nordnesrepublikken.no\/index.php\/2025\/03\/21\/hvor-mye-militaerhjelp-fra-europeiske-land-koster\/#primaryimage\"},\"image\":{\"@id\":\"https:\/\/nordnesrepublikken.no\/index.php\/2025\/03\/21\/hvor-mye-militaerhjelp-fra-europeiske-land-koster\/#primaryimage\"},\"thumbnailUrl\":\"https:\/\/nordnesrepublikken.no\/wp-content\/uploads\/2025\/03\/1742561406_Hvor-mye-militaerhjelp-fra-europeiske-land-koster.jpg\",\"datePublished\":\"2025-03-21T12:50:06+00:00\",\"breadcrumb\":{\"@id\":\"https:\/\/nordnesrepublikken.no\/index.php\/2025\/03\/21\/hvor-mye-militaerhjelp-fra-europeiske-land-koster\/#breadcrumb\"},\"inLanguage\":\"nb-NO\",\"potentialAction\":[{\"@type\":\"ReadAction\",\"target\":[\"https:\/\/nordnesrepublikken.no\/index.php\/2025\/03\/21\/hvor-mye-militaerhjelp-fra-europeiske-land-koster\/\"]}]},{\"@type\":\"ImageObject\",\"inLanguage\":\"nb-NO\",\"@id\":\"https:\/\/nordnesrepublikken.no\/index.php\/2025\/03\/21\/hvor-mye-militaerhjelp-fra-europeiske-land-koster\/#primaryimage\",\"url\":\"https:\/\/nordnesrepublikken.no\/wp-content\/uploads\/2025\/03\/1742561406_Hvor-mye-militaerhjelp-fra-europeiske-land-koster.jpg\",\"contentUrl\":\"https:\/\/nordnesrepublikken.no\/wp-content\/uploads\/2025\/03\/1742561406_Hvor-mye-militaerhjelp-fra-europeiske-land-koster.jpg\",\"width\":1024,\"height\":768,\"caption\":\"Immagine\"},{\"@type\":\"BreadcrumbList\",\"@id\":\"https:\/\/nordnesrepublikken.no\/index.php\/2025\/03\/21\/hvor-mye-militaerhjelp-fra-europeiske-land-koster\/#breadcrumb\",\"itemListElement\":[{\"@type\":\"ListItem\",\"position\":1,\"name\":\"Home\",\"item\":\"https:\/\/nordnesrepublikken.no\/\"},{\"@type\":\"ListItem\",\"position\":2,\"name\":\"Hvor mye milit\u00e6rhjelp fra europeiske land koster\"}]},{\"@type\":\"WebSite\",\"@id\":\"https:\/\/nordnesrepublikken.no\/#website\",\"url\":\"https:\/\/nordnesrepublikken.no\/\",\"name\":\"Nordnesrepublikken\",\"description\":\"Stemmer og Visjoner fra Republikkens Hjerte\",\"publisher\":{\"@id\":\"https:\/\/nordnesrepublikken.no\/#organization\"},\"potentialAction\":[{\"@type\":\"SearchAction\",\"target\":{\"@type\":\"EntryPoint\",\"urlTemplate\":\"https:\/\/nordnesrepublikken.no\/?s={search_term_string}\"},\"query-input\":{\"@type\":\"PropertyValueSpecification\",\"valueRequired\":true,\"valueName\":\"search_term_string\"}}],\"inLanguage\":\"nb-NO\"},{\"@type\":\"Organization\",\"@id\":\"https:\/\/nordnesrepublikken.no\/#organization\",\"name\":\"Nordnesrepublikken\",\"url\":\"https:\/\/nordnesrepublikken.no\/\",\"logo\":{\"@type\":\"ImageObject\",\"inLanguage\":\"nb-NO\",\"@id\":\"https:\/\/nordnesrepublikken.no\/#\/schema\/logo\/image\/\",\"url\":\"https:\/\/nordnesrepublikken.no\/wp-content\/uploads\/2025\/02\/cropped-nordnesrepublikken-2.png\",\"contentUrl\":\"https:\/\/nordnesrepublikken.no\/wp-content\/uploads\/2025\/02\/cropped-nordnesrepublikken-2.png\",\"width\":1248,\"height\":362,\"caption\":\"Nordnesrepublikken\"},\"image\":{\"@id\":\"https:\/\/nordnesrepublikken.no\/#\/schema\/logo\/image\/\"}},{\"@type\":\"Person\",\"@id\":\"https:\/\/nordnesrepublikken.no\/#\/schema\/person\/2e7e81935bab77882fffb79296240ff1\",\"name\":\"Ole Andersen\",\"image\":{\"@type\":\"ImageObject\",\"inLanguage\":\"nb-NO\",\"@id\":\"https:\/\/nordnesrepublikken.no\/#\/schema\/person\/image\/\",\"url\":\"https:\/\/nordnesrepublikken.no\/wp-content\/uploads\/2025\/02\/nordnesrepublikken-2-2-150x150.jpg\",\"contentUrl\":\"https:\/\/nordnesrepublikken.no\/wp-content\/uploads\/2025\/02\/nordnesrepublikken-2-2-150x150.jpg\",\"caption\":\"Ole Andersen\"},\"description\":\"Ettersom jeg vokste opp i Oslo, har jeg alltid v\u00e6rt fascinert av ordenes kraft og deres evne til \u00e5 skape endringer. Etter \u00e5 ha fullf\u00f8rt min utdannelse i kommunikasjon ved Universitetet i Bergen, fikk jeg muligheten til \u00e5 jobbe innen ulike medier, der jeg har s\u00f8kt \u00e5 belyse viktige samfunnssp\u00f8rsm\u00e5l. I dag, som redakt\u00f8r for Nordnesrepublikken, pr\u00f8ver jeg \u00e5 forene min kj\u00e6rlighet for journalistikk med min lidenskap for innovasjon og eventyr.\",\"sameAs\":[\"https:\/\/nordnesrepublikken.no\/\"]}]}<\/script>\n<!-- \/ Yoast SEO plugin. -->","yoast_head_json":{"title":"Hvor mye milit\u00e6rhjelp fra europeiske land koster - Nordnesrepublikken","robots":{"index":"index","follow":"follow","max-snippet":"max-snippet:-1","max-image-preview":"max-image-preview:large","max-video-preview":"max-video-preview:-1"},"canonical":"https:\/\/nordnesrepublikken.no\/index.php\/2025\/03\/21\/hvor-mye-militaerhjelp-fra-europeiske-land-koster\/","og_locale":"nb_NO","og_type":"article","og_title":"Hvor mye milit\u00e6rhjelp fra europeiske land koster - Nordnesrepublikken","og_description":"Telefonsamtalen mellom den amerikanske presidenten Donald Trump og hans russiske motpart Vladimir Putin relatert til","og_url":"https:\/\/nordnesrepublikken.no\/index.php\/2025\/03\/21\/hvor-mye-militaerhjelp-fra-europeiske-land-koster\/","og_site_name":"Nordnesrepublikken","article_published_time":"2025-03-21T12:50:06+00:00","og_image":[{"width":1024,"height":768,"url":"https:\/\/nordnesrepublikken.no\/wp-content\/uploads\/2025\/03\/1742561406_Hvor-mye-militaerhjelp-fra-europeiske-land-koster.jpg","type":"image\/jpeg"}],"author":"Ole Andersen","twitter_card":"summary_large_image","twitter_misc":{"Skrevet av":"Ole Andersen","Ansl. lesetid":"4 minutter"},"schema":{"@context":"https:\/\/schema.org","@graph":[{"@type":"Article","@id":"https:\/\/nordnesrepublikken.no\/index.php\/2025\/03\/21\/hvor-mye-militaerhjelp-fra-europeiske-land-koster\/#article","isPartOf":{"@id":"https:\/\/nordnesrepublikken.no\/index.php\/2025\/03\/21\/hvor-mye-militaerhjelp-fra-europeiske-land-koster\/"},"author":{"name":"Ole Andersen","@id":"https:\/\/nordnesrepublikken.no\/#\/schema\/person\/2e7e81935bab77882fffb79296240ff1"},"headline":"Hvor mye milit\u00e6rhjelp fra europeiske land koster","datePublished":"2025-03-21T12:50:06+00:00","mainEntityOfPage":{"@id":"https:\/\/nordnesrepublikken.no\/index.php\/2025\/03\/21\/hvor-mye-militaerhjelp-fra-europeiske-land-koster\/"},"wordCount":740,"publisher":{"@id":"https:\/\/nordnesrepublikken.no\/#organization"},"image":{"@id":"https:\/\/nordnesrepublikken.no\/index.php\/2025\/03\/21\/hvor-mye-militaerhjelp-fra-europeiske-land-koster\/#primaryimage"},"thumbnailUrl":"https:\/\/nordnesrepublikken.no\/wp-content\/uploads\/2025\/03\/1742561406_Hvor-mye-militaerhjelp-fra-europeiske-land-koster.jpg","keywords":["europeiske","fra","hvor","koster","land","milit\u00e6rhjelp","mye"],"articleSection":["Politikk"],"inLanguage":"nb-NO"},{"@type":"WebPage","@id":"https:\/\/nordnesrepublikken.no\/index.php\/2025\/03\/21\/hvor-mye-militaerhjelp-fra-europeiske-land-koster\/","url":"https:\/\/nordnesrepublikken.no\/index.php\/2025\/03\/21\/hvor-mye-militaerhjelp-fra-europeiske-land-koster\/","name":"Hvor mye milit\u00e6rhjelp fra europeiske land koster - Nordnesrepublikken","isPartOf":{"@id":"https:\/\/nordnesrepublikken.no\/#website"},"primaryImageOfPage":{"@id":"https:\/\/nordnesrepublikken.no\/index.php\/2025\/03\/21\/hvor-mye-militaerhjelp-fra-europeiske-land-koster\/#primaryimage"},"image":{"@id":"https:\/\/nordnesrepublikken.no\/index.php\/2025\/03\/21\/hvor-mye-militaerhjelp-fra-europeiske-land-koster\/#primaryimage"},"thumbnailUrl":"https:\/\/nordnesrepublikken.no\/wp-content\/uploads\/2025\/03\/1742561406_Hvor-mye-militaerhjelp-fra-europeiske-land-koster.jpg","datePublished":"2025-03-21T12:50:06+00:00","breadcrumb":{"@id":"https:\/\/nordnesrepublikken.no\/index.php\/2025\/03\/21\/hvor-mye-militaerhjelp-fra-europeiske-land-koster\/#breadcrumb"},"inLanguage":"nb-NO","potentialAction":[{"@type":"ReadAction","target":["https:\/\/nordnesrepublikken.no\/index.php\/2025\/03\/21\/hvor-mye-militaerhjelp-fra-europeiske-land-koster\/"]}]},{"@type":"ImageObject","inLanguage":"nb-NO","@id":"https:\/\/nordnesrepublikken.no\/index.php\/2025\/03\/21\/hvor-mye-militaerhjelp-fra-europeiske-land-koster\/#primaryimage","url":"https:\/\/nordnesrepublikken.no\/wp-content\/uploads\/2025\/03\/1742561406_Hvor-mye-militaerhjelp-fra-europeiske-land-koster.jpg","contentUrl":"https:\/\/nordnesrepublikken.no\/wp-content\/uploads\/2025\/03\/1742561406_Hvor-mye-militaerhjelp-fra-europeiske-land-koster.jpg","width":1024,"height":768,"caption":"Immagine"},{"@type":"BreadcrumbList","@id":"https:\/\/nordnesrepublikken.no\/index.php\/2025\/03\/21\/hvor-mye-militaerhjelp-fra-europeiske-land-koster\/#breadcrumb","itemListElement":[{"@type":"ListItem","position":1,"name":"Home","item":"https:\/\/nordnesrepublikken.no\/"},{"@type":"ListItem","position":2,"name":"Hvor mye milit\u00e6rhjelp fra europeiske land koster"}]},{"@type":"WebSite","@id":"https:\/\/nordnesrepublikken.no\/#website","url":"https:\/\/nordnesrepublikken.no\/","name":"Nordnesrepublikken","description":"Stemmer og Visjoner fra Republikkens Hjerte","publisher":{"@id":"https:\/\/nordnesrepublikken.no\/#organization"},"potentialAction":[{"@type":"SearchAction","target":{"@type":"EntryPoint","urlTemplate":"https:\/\/nordnesrepublikken.no\/?s={search_term_string}"},"query-input":{"@type":"PropertyValueSpecification","valueRequired":true,"valueName":"search_term_string"}}],"inLanguage":"nb-NO"},{"@type":"Organization","@id":"https:\/\/nordnesrepublikken.no\/#organization","name":"Nordnesrepublikken","url":"https:\/\/nordnesrepublikken.no\/","logo":{"@type":"ImageObject","inLanguage":"nb-NO","@id":"https:\/\/nordnesrepublikken.no\/#\/schema\/logo\/image\/","url":"https:\/\/nordnesrepublikken.no\/wp-content\/uploads\/2025\/02\/cropped-nordnesrepublikken-2.png","contentUrl":"https:\/\/nordnesrepublikken.no\/wp-content\/uploads\/2025\/02\/cropped-nordnesrepublikken-2.png","width":1248,"height":362,"caption":"Nordnesrepublikken"},"image":{"@id":"https:\/\/nordnesrepublikken.no\/#\/schema\/logo\/image\/"}},{"@type":"Person","@id":"https:\/\/nordnesrepublikken.no\/#\/schema\/person\/2e7e81935bab77882fffb79296240ff1","name":"Ole Andersen","image":{"@type":"ImageObject","inLanguage":"nb-NO","@id":"https:\/\/nordnesrepublikken.no\/#\/schema\/person\/image\/","url":"https:\/\/nordnesrepublikken.no\/wp-content\/uploads\/2025\/02\/nordnesrepublikken-2-2-150x150.jpg","contentUrl":"https:\/\/nordnesrepublikken.no\/wp-content\/uploads\/2025\/02\/nordnesrepublikken-2-2-150x150.jpg","caption":"Ole Andersen"},"description":"Ettersom jeg vokste opp i Oslo, har jeg alltid v\u00e6rt fascinert av ordenes kraft og deres evne til \u00e5 skape endringer. Etter \u00e5 ha fullf\u00f8rt min utdannelse i kommunikasjon ved Universitetet i Bergen, fikk jeg muligheten til \u00e5 jobbe innen ulike medier, der jeg har s\u00f8kt \u00e5 belyse viktige samfunnssp\u00f8rsm\u00e5l. I dag, som redakt\u00f8r for Nordnesrepublikken, pr\u00f8ver jeg \u00e5 forene min kj\u00e6rlighet for journalistikk med min lidenskap for innovasjon og eventyr.","sameAs":["https:\/\/nordnesrepublikken.no\/"]}]}},"_links":{"self":[{"href":"https:\/\/nordnesrepublikken.no\/index.php\/wp-json\/wp\/v2\/posts\/2901","targetHints":{"allow":["GET"]}}],"collection":[{"href":"https:\/\/nordnesrepublikken.no\/index.php\/wp-json\/wp\/v2\/posts"}],"about":[{"href":"https:\/\/nordnesrepublikken.no\/index.php\/wp-json\/wp\/v2\/types\/post"}],"author":[{"embeddable":true,"href":"https:\/\/nordnesrepublikken.no\/index.php\/wp-json\/wp\/v2\/users\/1"}],"replies":[{"embeddable":true,"href":"https:\/\/nordnesrepublikken.no\/index.php\/wp-json\/wp\/v2\/comments?post=2901"}],"version-history":[{"count":1,"href":"https:\/\/nordnesrepublikken.no\/index.php\/wp-json\/wp\/v2\/posts\/2901\/revisions"}],"predecessor-version":[{"id":2903,"href":"https:\/\/nordnesrepublikken.no\/index.php\/wp-json\/wp\/v2\/posts\/2901\/revisions\/2903"}],"wp:featuredmedia":[{"embeddable":true,"href":"https:\/\/nordnesrepublikken.no\/index.php\/wp-json\/wp\/v2\/media\/2902"}],"wp:attachment":[{"href":"https:\/\/nordnesrepublikken.no\/index.php\/wp-json\/wp\/v2\/media?parent=2901"}],"wp:term":[{"taxonomy":"category","embeddable":true,"href":"https:\/\/nordnesrepublikken.no\/index.php\/wp-json\/wp\/v2\/categories?post=2901"},{"taxonomy":"post_tag","embeddable":true,"href":"https:\/\/nordnesrepublikken.no\/index.php\/wp-json\/wp\/v2\/tags?post=2901"}],"curies":[{"name":"wp","href":"https:\/\/api.w.org\/{rel}","templated":true}]}}