{"id":2898,"date":"2025-03-21T12:50:00","date_gmt":"2025-03-21T11:50:00","guid":{"rendered":"https:\/\/nordnesrepublikken.no\/index.php\/2025\/03\/21\/brann-i-naerheten\/"},"modified":"2025-03-21T12:50:03","modified_gmt":"2025-03-21T11:50:03","slug":"brann-i-naerheten","status":"publish","type":"post","link":"https:\/\/nordnesrepublikken.no\/index.php\/2025\/03\/21\/brann-i-naerheten\/","title":{"rendered":"Brann i n\u00e6rheten"},"content":{"rendered":"<div>\n      <!-- CONTENT --><\/p>\n<div class=\"cp_wrapper cp_wrapper--fw mb-30 mb-20@tablet\">\n<figure class=\"mm\"><picture class=\"img\" style=\"padding-top:56.25%\"><source  media=\"(min-width: 1024px)\"><source  media=\"(min-width: 768px)\"><\/source><\/source><\/picture><\/figure>\n<\/p><\/div>\n<p>I dag, fredag \u200b\u200b21. mars 2025, flyplassen til <strong>Heathrow <\/strong>I London vil det forbli stengt til 23:59 (00:59 italiensk) p\u00e5 grunn av en <strong>blackout<\/strong> p\u00e5 grunn av en enorm brann utviklet seg om natten kl <strong>North Hyde Electrical Substation<\/strong> I Hayes, omtrent 2 km fra London flyplass, hvis \u00e5rsaker fremdeles er ukjente og som har etterlatt 16 000 bygninger og 67 000 mennesker uten str\u00f8m. For \u00f8yeblikket er rundt 70 brannmenn engasjert i nedleggelsen av eierandelen, som for \u00f8yeblikket virker under kontroll. I det minste er de allerede blitt slettet eller avledet <strong>1351 flyreiser<\/strong>skape ulemper for omtrent <strong>291 000 passasjerer<\/strong> planlagt i dag i London flyplass. Dette er et annet enn ubetydelig problem, med tanke p\u00e5 at denne flyplassen er en av de travleste flyplassene i verden (i 2024 registrerte den 84 millioner passasjerer), samt et av hovedfuger for internasjonale flyvninger: tenk allerede det allerede <strong>120 flyreiser<\/strong> De har blitt avledet til andre flyplasser, inkludert Gatwick, Amsterdam og Frankfurt.<\/p>\n<p>Som forventet, er \u00e5rsaken til dette ubehaget en brann for Hayes &#8216;elektriske transformatorstasjon, en liten by vest for London. En elektrisk transformatorstasjon er vesentlig et ledd i str\u00f8mnettet som forbinder produksjonssentrene med endelige brukere.<\/p>\n<p>Staket begynte omtrent klokka 23:30 torsdag og fikk myndighetene til \u00e5 evakuere mer enn <strong>150 mennesker<\/strong>. For \u00f8yeblikket er \u00e5rsakene enn\u00e5 ikke kjent, men faktum gjenst\u00e5r at dette systemet var essensielt i nettverket, gitt at det fungerte som et mellompunkt for overf\u00f8ring av energi. P\u00e5 grunn av denne eierandelen, i tillegg til flyplassen, forble de faktisk i m\u00f8rket i det minste <strong>67 000 mennesker<\/strong>selv om det britiske nasjonale nettet sa at i 62 000 disse tilfellene er situasjonen allerede blitt gjenopprettet.<\/p>\n<p>I mellomtiden har flyplassen kommunisert til alle passasjerer av <strong>Ikke g\u00e5 til Heathrow flyplass<\/strong> og \u00e5 kontakte flyselskapet ditt for \u00e5 f\u00e5 mer informasjon. For \u00f8yeblikket er suspensjonen av aktivitetene planlagt til i dag klokka 23:59 i dag, men det er mulig at dette stoppet fortsetter de neste dagene.<\/p>\n<\/p><\/div>\n","protected":false},"excerpt":{"rendered":"<p>I dag, fredag \u200b\u200b21. mars 2025, flyplassen til Heathrow I London vil det forbli stengt<\/p>\n","protected":false},"author":1,"featured_media":2899,"comment_status":"closed","ping_status":"open","sticky":false,"template":"","format":"standard","meta":{"footnotes":""},"categories":[104],"tags":[533,534],"class_list":["post-2898","post","type-post","status-publish","format-standard","has-post-thumbnail","hentry","category-samfunn","tag-brann","tag-naerheten","generate-columns","tablet-grid-50","mobile-grid-100","grid-parent","grid-33","resize-featured-image"],"yoast_head":"<!-- This site is optimized with the Yoast SEO plugin v24.4 - https:\/\/yoast.com\/wordpress\/plugins\/seo\/ -->\n<title>Brann i n\u00e6rheten - Nordnesrepublikken<\/title>\n<meta name=\"robots\" content=\"index, follow, max-snippet:-1, max-image-preview:large, max-video-preview:-1\" \/>\n<link rel=\"canonical\" href=\"https:\/\/nordnesrepublikken.no\/index.php\/2025\/03\/21\/brann-i-naerheten\/\" \/>\n<meta property=\"og:locale\" content=\"nb_NO\" \/>\n<meta property=\"og:type\" content=\"article\" \/>\n<meta property=\"og:title\" content=\"Brann i n\u00e6rheten - Nordnesrepublikken\" \/>\n<meta property=\"og:description\" content=\"I dag, fredag \u200b\u200b21. mars 2025, flyplassen til Heathrow I London vil det forbli stengt\" \/>\n<meta property=\"og:url\" content=\"https:\/\/nordnesrepublikken.no\/index.php\/2025\/03\/21\/brann-i-naerheten\/\" \/>\n<meta property=\"og:site_name\" content=\"Nordnesrepublikken\" \/>\n<meta property=\"article:published_time\" content=\"2025-03-21T11:50:00+00:00\" \/>\n<meta property=\"article:modified_time\" content=\"2025-03-21T11:50:03+00:00\" \/>\n<meta property=\"og:image\" content=\"https:\/\/nordnesrepublikken.no\/wp-content\/uploads\/2025\/03\/1742557800_Brann-i-naerheten.jpg\" \/>\n\t<meta property=\"og:image:width\" content=\"2549\" \/>\n\t<meta property=\"og:image:height\" content=\"1491\" \/>\n\t<meta property=\"og:image:type\" content=\"image\/jpeg\" \/>\n<meta name=\"author\" content=\"Ole Andersen\" \/>\n<meta name=\"twitter:card\" content=\"summary_large_image\" \/>\n<meta name=\"twitter:label1\" content=\"Skrevet av\" \/>\n\t<meta name=\"twitter:data1\" content=\"Ole Andersen\" \/>\n\t<meta name=\"twitter:label2\" content=\"Ansl. lesetid\" \/>\n\t<meta name=\"twitter:data2\" content=\"2 minutter\" \/>\n<script type=\"application\/ld+json\" class=\"yoast-schema-graph\">{\"@context\":\"https:\/\/schema.org\",\"@graph\":[{\"@type\":\"Article\",\"@id\":\"https:\/\/nordnesrepublikken.no\/index.php\/2025\/03\/21\/brann-i-naerheten\/#article\",\"isPartOf\":{\"@id\":\"https:\/\/nordnesrepublikken.no\/index.php\/2025\/03\/21\/brann-i-naerheten\/\"},\"author\":{\"name\":\"Ole Andersen\",\"@id\":\"https:\/\/nordnesrepublikken.no\/#\/schema\/person\/2e7e81935bab77882fffb79296240ff1\"},\"headline\":\"Brann i n\u00e6rheten\",\"datePublished\":\"2025-03-21T11:50:00+00:00\",\"dateModified\":\"2025-03-21T11:50:03+00:00\",\"mainEntityOfPage\":{\"@id\":\"https:\/\/nordnesrepublikken.no\/index.php\/2025\/03\/21\/brann-i-naerheten\/\"},\"wordCount\":306,\"publisher\":{\"@id\":\"https:\/\/nordnesrepublikken.no\/#organization\"},\"image\":{\"@id\":\"https:\/\/nordnesrepublikken.no\/index.php\/2025\/03\/21\/brann-i-naerheten\/#primaryimage\"},\"thumbnailUrl\":\"https:\/\/nordnesrepublikken.no\/wp-content\/uploads\/2025\/03\/1742557800_Brann-i-naerheten.jpg\",\"keywords\":[\"Brann\",\"n\u00e6rheten\"],\"articleSection\":[\"Samfunn\"],\"inLanguage\":\"nb-NO\"},{\"@type\":\"WebPage\",\"@id\":\"https:\/\/nordnesrepublikken.no\/index.php\/2025\/03\/21\/brann-i-naerheten\/\",\"url\":\"https:\/\/nordnesrepublikken.no\/index.php\/2025\/03\/21\/brann-i-naerheten\/\",\"name\":\"Brann i n\u00e6rheten - Nordnesrepublikken\",\"isPartOf\":{\"@id\":\"https:\/\/nordnesrepublikken.no\/#website\"},\"primaryImageOfPage\":{\"@id\":\"https:\/\/nordnesrepublikken.no\/index.php\/2025\/03\/21\/brann-i-naerheten\/#primaryimage\"},\"image\":{\"@id\":\"https:\/\/nordnesrepublikken.no\/index.php\/2025\/03\/21\/brann-i-naerheten\/#primaryimage\"},\"thumbnailUrl\":\"https:\/\/nordnesrepublikken.no\/wp-content\/uploads\/2025\/03\/1742557800_Brann-i-naerheten.jpg\",\"datePublished\":\"2025-03-21T11:50:00+00:00\",\"dateModified\":\"2025-03-21T11:50:03+00:00\",\"breadcrumb\":{\"@id\":\"https:\/\/nordnesrepublikken.no\/index.php\/2025\/03\/21\/brann-i-naerheten\/#breadcrumb\"},\"inLanguage\":\"nb-NO\",\"potentialAction\":[{\"@type\":\"ReadAction\",\"target\":[\"https:\/\/nordnesrepublikken.no\/index.php\/2025\/03\/21\/brann-i-naerheten\/\"]}]},{\"@type\":\"ImageObject\",\"inLanguage\":\"nb-NO\",\"@id\":\"https:\/\/nordnesrepublikken.no\/index.php\/2025\/03\/21\/brann-i-naerheten\/#primaryimage\",\"url\":\"https:\/\/nordnesrepublikken.no\/wp-content\/uploads\/2025\/03\/1742557800_Brann-i-naerheten.jpg\",\"contentUrl\":\"https:\/\/nordnesrepublikken.no\/wp-content\/uploads\/2025\/03\/1742557800_Brann-i-naerheten.jpg\",\"width\":2549,\"height\":1491,\"caption\":\"heathrow incendio\"},{\"@type\":\"BreadcrumbList\",\"@id\":\"https:\/\/nordnesrepublikken.no\/index.php\/2025\/03\/21\/brann-i-naerheten\/#breadcrumb\",\"itemListElement\":[{\"@type\":\"ListItem\",\"position\":1,\"name\":\"Home\",\"item\":\"https:\/\/nordnesrepublikken.no\/\"},{\"@type\":\"ListItem\",\"position\":2,\"name\":\"Brann i n\u00e6rheten\"}]},{\"@type\":\"WebSite\",\"@id\":\"https:\/\/nordnesrepublikken.no\/#website\",\"url\":\"https:\/\/nordnesrepublikken.no\/\",\"name\":\"Nordnesrepublikken\",\"description\":\"Stemmer og Visjoner fra Republikkens Hjerte\",\"publisher\":{\"@id\":\"https:\/\/nordnesrepublikken.no\/#organization\"},\"potentialAction\":[{\"@type\":\"SearchAction\",\"target\":{\"@type\":\"EntryPoint\",\"urlTemplate\":\"https:\/\/nordnesrepublikken.no\/?s={search_term_string}\"},\"query-input\":{\"@type\":\"PropertyValueSpecification\",\"valueRequired\":true,\"valueName\":\"search_term_string\"}}],\"inLanguage\":\"nb-NO\"},{\"@type\":\"Organization\",\"@id\":\"https:\/\/nordnesrepublikken.no\/#organization\",\"name\":\"Nordnesrepublikken\",\"url\":\"https:\/\/nordnesrepublikken.no\/\",\"logo\":{\"@type\":\"ImageObject\",\"inLanguage\":\"nb-NO\",\"@id\":\"https:\/\/nordnesrepublikken.no\/#\/schema\/logo\/image\/\",\"url\":\"https:\/\/nordnesrepublikken.no\/wp-content\/uploads\/2025\/02\/cropped-nordnesrepublikken-2.png\",\"contentUrl\":\"https:\/\/nordnesrepublikken.no\/wp-content\/uploads\/2025\/02\/cropped-nordnesrepublikken-2.png\",\"width\":1248,\"height\":362,\"caption\":\"Nordnesrepublikken\"},\"image\":{\"@id\":\"https:\/\/nordnesrepublikken.no\/#\/schema\/logo\/image\/\"}},{\"@type\":\"Person\",\"@id\":\"https:\/\/nordnesrepublikken.no\/#\/schema\/person\/2e7e81935bab77882fffb79296240ff1\",\"name\":\"Ole Andersen\",\"image\":{\"@type\":\"ImageObject\",\"inLanguage\":\"nb-NO\",\"@id\":\"https:\/\/nordnesrepublikken.no\/#\/schema\/person\/image\/\",\"url\":\"https:\/\/nordnesrepublikken.no\/wp-content\/uploads\/2025\/02\/nordnesrepublikken-2-2-150x150.jpg\",\"contentUrl\":\"https:\/\/nordnesrepublikken.no\/wp-content\/uploads\/2025\/02\/nordnesrepublikken-2-2-150x150.jpg\",\"caption\":\"Ole Andersen\"},\"description\":\"Ettersom jeg vokste opp i Oslo, har jeg alltid v\u00e6rt fascinert av ordenes kraft og deres evne til \u00e5 skape endringer. Etter \u00e5 ha fullf\u00f8rt min utdannelse i kommunikasjon ved Universitetet i Bergen, fikk jeg muligheten til \u00e5 jobbe innen ulike medier, der jeg har s\u00f8kt \u00e5 belyse viktige samfunnssp\u00f8rsm\u00e5l. I dag, som redakt\u00f8r for Nordnesrepublikken, pr\u00f8ver jeg \u00e5 forene min kj\u00e6rlighet for journalistikk med min lidenskap for innovasjon og eventyr.\",\"sameAs\":[\"https:\/\/nordnesrepublikken.no\/\"]}]}<\/script>\n<!-- \/ Yoast SEO plugin. -->","yoast_head_json":{"title":"Brann i n\u00e6rheten - Nordnesrepublikken","robots":{"index":"index","follow":"follow","max-snippet":"max-snippet:-1","max-image-preview":"max-image-preview:large","max-video-preview":"max-video-preview:-1"},"canonical":"https:\/\/nordnesrepublikken.no\/index.php\/2025\/03\/21\/brann-i-naerheten\/","og_locale":"nb_NO","og_type":"article","og_title":"Brann i n\u00e6rheten - Nordnesrepublikken","og_description":"I dag, fredag \u200b\u200b21. mars 2025, flyplassen til Heathrow I London vil det forbli stengt","og_url":"https:\/\/nordnesrepublikken.no\/index.php\/2025\/03\/21\/brann-i-naerheten\/","og_site_name":"Nordnesrepublikken","article_published_time":"2025-03-21T11:50:00+00:00","article_modified_time":"2025-03-21T11:50:03+00:00","og_image":[{"width":2549,"height":1491,"url":"https:\/\/nordnesrepublikken.no\/wp-content\/uploads\/2025\/03\/1742557800_Brann-i-naerheten.jpg","type":"image\/jpeg"}],"author":"Ole Andersen","twitter_card":"summary_large_image","twitter_misc":{"Skrevet av":"Ole Andersen","Ansl. lesetid":"2 minutter"},"schema":{"@context":"https:\/\/schema.org","@graph":[{"@type":"Article","@id":"https:\/\/nordnesrepublikken.no\/index.php\/2025\/03\/21\/brann-i-naerheten\/#article","isPartOf":{"@id":"https:\/\/nordnesrepublikken.no\/index.php\/2025\/03\/21\/brann-i-naerheten\/"},"author":{"name":"Ole Andersen","@id":"https:\/\/nordnesrepublikken.no\/#\/schema\/person\/2e7e81935bab77882fffb79296240ff1"},"headline":"Brann i n\u00e6rheten","datePublished":"2025-03-21T11:50:00+00:00","dateModified":"2025-03-21T11:50:03+00:00","mainEntityOfPage":{"@id":"https:\/\/nordnesrepublikken.no\/index.php\/2025\/03\/21\/brann-i-naerheten\/"},"wordCount":306,"publisher":{"@id":"https:\/\/nordnesrepublikken.no\/#organization"},"image":{"@id":"https:\/\/nordnesrepublikken.no\/index.php\/2025\/03\/21\/brann-i-naerheten\/#primaryimage"},"thumbnailUrl":"https:\/\/nordnesrepublikken.no\/wp-content\/uploads\/2025\/03\/1742557800_Brann-i-naerheten.jpg","keywords":["Brann","n\u00e6rheten"],"articleSection":["Samfunn"],"inLanguage":"nb-NO"},{"@type":"WebPage","@id":"https:\/\/nordnesrepublikken.no\/index.php\/2025\/03\/21\/brann-i-naerheten\/","url":"https:\/\/nordnesrepublikken.no\/index.php\/2025\/03\/21\/brann-i-naerheten\/","name":"Brann i n\u00e6rheten - Nordnesrepublikken","isPartOf":{"@id":"https:\/\/nordnesrepublikken.no\/#website"},"primaryImageOfPage":{"@id":"https:\/\/nordnesrepublikken.no\/index.php\/2025\/03\/21\/brann-i-naerheten\/#primaryimage"},"image":{"@id":"https:\/\/nordnesrepublikken.no\/index.php\/2025\/03\/21\/brann-i-naerheten\/#primaryimage"},"thumbnailUrl":"https:\/\/nordnesrepublikken.no\/wp-content\/uploads\/2025\/03\/1742557800_Brann-i-naerheten.jpg","datePublished":"2025-03-21T11:50:00+00:00","dateModified":"2025-03-21T11:50:03+00:00","breadcrumb":{"@id":"https:\/\/nordnesrepublikken.no\/index.php\/2025\/03\/21\/brann-i-naerheten\/#breadcrumb"},"inLanguage":"nb-NO","potentialAction":[{"@type":"ReadAction","target":["https:\/\/nordnesrepublikken.no\/index.php\/2025\/03\/21\/brann-i-naerheten\/"]}]},{"@type":"ImageObject","inLanguage":"nb-NO","@id":"https:\/\/nordnesrepublikken.no\/index.php\/2025\/03\/21\/brann-i-naerheten\/#primaryimage","url":"https:\/\/nordnesrepublikken.no\/wp-content\/uploads\/2025\/03\/1742557800_Brann-i-naerheten.jpg","contentUrl":"https:\/\/nordnesrepublikken.no\/wp-content\/uploads\/2025\/03\/1742557800_Brann-i-naerheten.jpg","width":2549,"height":1491,"caption":"heathrow incendio"},{"@type":"BreadcrumbList","@id":"https:\/\/nordnesrepublikken.no\/index.php\/2025\/03\/21\/brann-i-naerheten\/#breadcrumb","itemListElement":[{"@type":"ListItem","position":1,"name":"Home","item":"https:\/\/nordnesrepublikken.no\/"},{"@type":"ListItem","position":2,"name":"Brann i n\u00e6rheten"}]},{"@type":"WebSite","@id":"https:\/\/nordnesrepublikken.no\/#website","url":"https:\/\/nordnesrepublikken.no\/","name":"Nordnesrepublikken","description":"Stemmer og Visjoner fra Republikkens Hjerte","publisher":{"@id":"https:\/\/nordnesrepublikken.no\/#organization"},"potentialAction":[{"@type":"SearchAction","target":{"@type":"EntryPoint","urlTemplate":"https:\/\/nordnesrepublikken.no\/?s={search_term_string}"},"query-input":{"@type":"PropertyValueSpecification","valueRequired":true,"valueName":"search_term_string"}}],"inLanguage":"nb-NO"},{"@type":"Organization","@id":"https:\/\/nordnesrepublikken.no\/#organization","name":"Nordnesrepublikken","url":"https:\/\/nordnesrepublikken.no\/","logo":{"@type":"ImageObject","inLanguage":"nb-NO","@id":"https:\/\/nordnesrepublikken.no\/#\/schema\/logo\/image\/","url":"https:\/\/nordnesrepublikken.no\/wp-content\/uploads\/2025\/02\/cropped-nordnesrepublikken-2.png","contentUrl":"https:\/\/nordnesrepublikken.no\/wp-content\/uploads\/2025\/02\/cropped-nordnesrepublikken-2.png","width":1248,"height":362,"caption":"Nordnesrepublikken"},"image":{"@id":"https:\/\/nordnesrepublikken.no\/#\/schema\/logo\/image\/"}},{"@type":"Person","@id":"https:\/\/nordnesrepublikken.no\/#\/schema\/person\/2e7e81935bab77882fffb79296240ff1","name":"Ole Andersen","image":{"@type":"ImageObject","inLanguage":"nb-NO","@id":"https:\/\/nordnesrepublikken.no\/#\/schema\/person\/image\/","url":"https:\/\/nordnesrepublikken.no\/wp-content\/uploads\/2025\/02\/nordnesrepublikken-2-2-150x150.jpg","contentUrl":"https:\/\/nordnesrepublikken.no\/wp-content\/uploads\/2025\/02\/nordnesrepublikken-2-2-150x150.jpg","caption":"Ole Andersen"},"description":"Ettersom jeg vokste opp i Oslo, har jeg alltid v\u00e6rt fascinert av ordenes kraft og deres evne til \u00e5 skape endringer. Etter \u00e5 ha fullf\u00f8rt min utdannelse i kommunikasjon ved Universitetet i Bergen, fikk jeg muligheten til \u00e5 jobbe innen ulike medier, der jeg har s\u00f8kt \u00e5 belyse viktige samfunnssp\u00f8rsm\u00e5l. I dag, som redakt\u00f8r for Nordnesrepublikken, pr\u00f8ver jeg \u00e5 forene min kj\u00e6rlighet for journalistikk med min lidenskap for innovasjon og eventyr.","sameAs":["https:\/\/nordnesrepublikken.no\/"]}]}},"_links":{"self":[{"href":"https:\/\/nordnesrepublikken.no\/index.php\/wp-json\/wp\/v2\/posts\/2898","targetHints":{"allow":["GET"]}}],"collection":[{"href":"https:\/\/nordnesrepublikken.no\/index.php\/wp-json\/wp\/v2\/posts"}],"about":[{"href":"https:\/\/nordnesrepublikken.no\/index.php\/wp-json\/wp\/v2\/types\/post"}],"author":[{"embeddable":true,"href":"https:\/\/nordnesrepublikken.no\/index.php\/wp-json\/wp\/v2\/users\/1"}],"replies":[{"embeddable":true,"href":"https:\/\/nordnesrepublikken.no\/index.php\/wp-json\/wp\/v2\/comments?post=2898"}],"version-history":[{"count":1,"href":"https:\/\/nordnesrepublikken.no\/index.php\/wp-json\/wp\/v2\/posts\/2898\/revisions"}],"predecessor-version":[{"id":2900,"href":"https:\/\/nordnesrepublikken.no\/index.php\/wp-json\/wp\/v2\/posts\/2898\/revisions\/2900"}],"wp:featuredmedia":[{"embeddable":true,"href":"https:\/\/nordnesrepublikken.no\/index.php\/wp-json\/wp\/v2\/media\/2899"}],"wp:attachment":[{"href":"https:\/\/nordnesrepublikken.no\/index.php\/wp-json\/wp\/v2\/media?parent=2898"}],"wp:term":[{"taxonomy":"category","embeddable":true,"href":"https:\/\/nordnesrepublikken.no\/index.php\/wp-json\/wp\/v2\/categories?post=2898"},{"taxonomy":"post_tag","embeddable":true,"href":"https:\/\/nordnesrepublikken.no\/index.php\/wp-json\/wp\/v2\/tags?post=2898"}],"curies":[{"name":"wp","href":"https:\/\/api.w.org\/{rel}","templated":true}]}}