{"id":2895,"date":"2025-03-21T05:49:40","date_gmt":"2025-03-21T04:49:40","guid":{"rendered":"https:\/\/nordnesrepublikken.no\/index.php\/2025\/03\/21\/syklonen-martinho-pavirker-spania-og-portugal-og-vil-ankomme-italia-prognosene-for-darlig-vaer\/"},"modified":"2025-03-21T05:49:42","modified_gmt":"2025-03-21T04:49:42","slug":"syklonen-martinho-pavirker-spania-og-portugal-og-vil-ankomme-italia-prognosene-for-darlig-vaer","status":"publish","type":"post","link":"https:\/\/nordnesrepublikken.no\/index.php\/2025\/03\/21\/syklonen-martinho-pavirker-spania-og-portugal-og-vil-ankomme-italia-prognosene-for-darlig-vaer\/","title":{"rendered":"Syklonen Martinho p\u00e5virker Spania og Portugal og vil ankomme Italia: prognosene for d\u00e5rlig v\u00e6r"},"content":{"rendered":"<div>\n      <!-- CONTENT --><\/p>\n<div class=\"cp_wrapper cp_wrapper--fw mb-30 mb-20@tablet\">\n<figure class=\"mm\"><picture class=\"img\" style=\"padding-top:56.25%\"><source  media=\"(min-width: 1024px)\"><source  media=\"(min-width: 768px)\"><\/source><\/source><\/picture><\/figure>\n<\/p><\/div>\n<p>De <strong>Cyclone Martinho<\/strong> Han kom inn i <strong>Portugal<\/strong> Og <strong>Spania<\/strong> Med tjue opp til 150 km\/han sterke regn og stormer. Den kraftige atlantiske stormen kommer inn <strong>Italia <\/strong>Mellom l\u00f8rdag 22. mars og s\u00f8ndag 23. mars, selv om det er veldig svekket, noe som gir en progressiv forverring av v\u00e6rforholdene spesielt i nord-vest og sentrum-nord. P\u00e5 den iberiske halv\u00f8ya, d\u00e5rlig v\u00e6r, med alluviale regn og effekten av de nylige <strong>Laurence Storm<\/strong>for\u00e5rsake skade, ulemper og ulykker, for\u00e5rsake tre personer d\u00f8d. Alltid i Spania er 15 regioner i <strong>v\u00e6rvarsel<\/strong>med Bilbao flyplass som m\u00e5tte avlyse flyreiser p\u00e5 grunn av den sterke vinden. Syklonen vil senere ta turen mot Frankrike og Italia.<\/p>\n<div class=\"cp_wrapper cp_wrapper--fw mb-50\">\n<figure class=\"mm\"><picture class=\"img\" style=\"padding-top:71.871275327771%\"><source  media=\"(min-width: 1024px)\"><source  media=\"(min-width: 768px)\"><img decoding=\"async\" loading=\"lazy\" src=\"https:\/\/nordnesrepublikken.no\/wp-content\/uploads\/2025\/03\/1742532580_147_Syklonen-Martinho-pavirker-Spania-og-Portugal-og-vil-ankomme-Italia.jpg\" alt=\"Cyclone Martinho\" width=\"1678\" height=\"1206\"><\/source><\/source><\/picture><\/figure>\n<\/p><\/div>\n<h2>Skadene for\u00e5rsaket av syklonen Martinho i Portugal og Spania<\/h2>\n<p>Martinho -depresjon hadde en betydelig innvirkning p\u00e5 Portugal, spesielt i omr\u00e5det <strong>Lisboa<\/strong>for\u00e5rsaker mange ulykker og ulemper p\u00e5 grunn av de sterke regnene og intense vindene. Konsekvensene fikk seg til \u00e5 f\u00f8le seg over hele landet, med trafikk og skadde avbrudd. Varselet forblir h\u00f8yt i noen omr\u00e5der, for \u00e5 indikere at situasjonen fremdeles er kritisk. Etter \u00e5 ha blitt truffet av<strong> Laurence Storm<\/strong>Den fjerde forstyrrelsen p\u00e5 to uker som forlot Spania onsdag 19. mars, st\u00e5r den iberiske halv\u00f8ya n\u00e5 overfor en ny trussel. Nyere full av elver i provinsene til <strong>Rum rosin<\/strong> Og <strong>Cordob<\/strong>I Andalusia hadde de viktige konsekvenser: dusinvis av familier ble tvunget til \u00e5 evakuere hjemmene sine og 3 ofre, og ett savnet ble registrert, som rapportert av sivilvakten. I Galicia, i nord-vest for Spania, er det oransje varselet aktivt for risikoen for stormer, sterk regn og intens vind.<\/p>\n<h2>Cyclone Martinho ankommer Italia: Prognosene<\/h2>\n<p>I neste helg<strong>Italia<\/strong> Det vil bli p\u00e5virket av passering av syklonen. Prognosene indikerer en god sjanse til \u00e5 delta p\u00e5 viktige v\u00e6rfenomener som stormer og haglormer, konsentrert spesielt om dagene av <strong>L\u00f8rdag 22 og s\u00f8ndag 23. mars<\/strong> I nord-vest og sentrum-nord, mens S\u00f8r-Italia vil bli &laquo;beskyttet&raquo; av en afrikansk h\u00f8yt trykkpose. Allerede fra fredag \u200b\u200bvil en f\u00f8rste forstyrrelse n\u00e5 nord-vest, og bringe de f\u00f8rste tegnene p\u00e5 en forverring. De <em>H\u00f8ydepunkt<\/em> Av denne f\u00f8rste b\u00f8lgen av d\u00e5rlig v\u00e6r vil du ha l\u00f8rdag, n\u00e5r effektene vil omfatte resten av nord og en del av sentrum, med regn og tordenv\u00e6r. P\u00e5 s\u00f8ndag vil forstyrrelsen p\u00e5virke Toscana, Liguria og Piedmont.<\/p>\n<\/p><\/div>\n","protected":false},"excerpt":{"rendered":"<p>De Cyclone Martinho Han kom inn i Portugal Og Spania Med tjue opp til 150<\/p>\n","protected":false},"author":1,"featured_media":2896,"comment_status":"closed","ping_status":"open","sticky":false,"template":"","format":"standard","meta":{"footnotes":""},"categories":[26],"tags":[530,468,437,528,358,139,531,529,527,532,149],"class_list":["post-2895","post","type-post","status-publish","format-standard","has-post-thumbnail","hentry","category-miljo","tag-ankomme","tag-darlig","tag-italia","tag-martinho","tag-pavirker","tag-portugal","tag-prognosene","tag-spania","tag-syklonen","tag-vaer","tag-vil","generate-columns","tablet-grid-50","mobile-grid-100","grid-parent","grid-33","resize-featured-image"],"yoast_head":"<!-- This site is optimized with the Yoast SEO plugin v24.4 - https:\/\/yoast.com\/wordpress\/plugins\/seo\/ -->\n<title>Syklonen Martinho p\u00e5virker Spania og Portugal og vil ankomme Italia: prognosene for d\u00e5rlig v\u00e6r - Nordnesrepublikken<\/title>\n<meta name=\"robots\" content=\"index, follow, max-snippet:-1, max-image-preview:large, max-video-preview:-1\" \/>\n<link rel=\"canonical\" href=\"https:\/\/nordnesrepublikken.no\/index.php\/2025\/03\/21\/syklonen-martinho-pavirker-spania-og-portugal-og-vil-ankomme-italia-prognosene-for-darlig-vaer\/\" \/>\n<meta property=\"og:locale\" content=\"nb_NO\" \/>\n<meta property=\"og:type\" content=\"article\" \/>\n<meta property=\"og:title\" content=\"Syklonen Martinho p\u00e5virker Spania og Portugal og vil ankomme Italia: prognosene for d\u00e5rlig v\u00e6r - Nordnesrepublikken\" \/>\n<meta property=\"og:description\" content=\"De Cyclone Martinho Han kom inn i Portugal Og Spania Med tjue opp til 150\" \/>\n<meta property=\"og:url\" content=\"https:\/\/nordnesrepublikken.no\/index.php\/2025\/03\/21\/syklonen-martinho-pavirker-spania-og-portugal-og-vil-ankomme-italia-prognosene-for-darlig-vaer\/\" \/>\n<meta property=\"og:site_name\" content=\"Nordnesrepublikken\" \/>\n<meta property=\"article:published_time\" content=\"2025-03-21T04:49:40+00:00\" \/>\n<meta property=\"article:modified_time\" content=\"2025-03-21T04:49:42+00:00\" \/>\n<meta property=\"og:image\" content=\"https:\/\/nordnesrepublikken.no\/wp-content\/uploads\/2025\/03\/1742532580_Syklonen-Martinho-pavirker-Spania-og-Portugal-og-vil-ankomme-Italia.jpg\" \/>\n\t<meta property=\"og:image:width\" content=\"2194\" \/>\n\t<meta property=\"og:image:height\" content=\"1342\" \/>\n\t<meta property=\"og:image:type\" content=\"image\/jpeg\" \/>\n<meta name=\"author\" content=\"Ole Andersen\" \/>\n<meta name=\"twitter:card\" content=\"summary_large_image\" \/>\n<meta name=\"twitter:label1\" content=\"Skrevet av\" \/>\n\t<meta name=\"twitter:data1\" content=\"Ole Andersen\" \/>\n\t<meta name=\"twitter:label2\" content=\"Ansl. lesetid\" \/>\n\t<meta name=\"twitter:data2\" content=\"2 minutter\" \/>\n<script type=\"application\/ld+json\" class=\"yoast-schema-graph\">{\"@context\":\"https:\/\/schema.org\",\"@graph\":[{\"@type\":\"Article\",\"@id\":\"https:\/\/nordnesrepublikken.no\/index.php\/2025\/03\/21\/syklonen-martinho-pavirker-spania-og-portugal-og-vil-ankomme-italia-prognosene-for-darlig-vaer\/#article\",\"isPartOf\":{\"@id\":\"https:\/\/nordnesrepublikken.no\/index.php\/2025\/03\/21\/syklonen-martinho-pavirker-spania-og-portugal-og-vil-ankomme-italia-prognosene-for-darlig-vaer\/\"},\"author\":{\"name\":\"Ole Andersen\",\"@id\":\"https:\/\/nordnesrepublikken.no\/#\/schema\/person\/2e7e81935bab77882fffb79296240ff1\"},\"headline\":\"Syklonen Martinho p\u00e5virker Spania og Portugal og vil ankomme Italia: prognosene for d\u00e5rlig v\u00e6r\",\"datePublished\":\"2025-03-21T04:49:40+00:00\",\"dateModified\":\"2025-03-21T04:49:42+00:00\",\"mainEntityOfPage\":{\"@id\":\"https:\/\/nordnesrepublikken.no\/index.php\/2025\/03\/21\/syklonen-martinho-pavirker-spania-og-portugal-og-vil-ankomme-italia-prognosene-for-darlig-vaer\/\"},\"wordCount\":409,\"publisher\":{\"@id\":\"https:\/\/nordnesrepublikken.no\/#organization\"},\"image\":{\"@id\":\"https:\/\/nordnesrepublikken.no\/index.php\/2025\/03\/21\/syklonen-martinho-pavirker-spania-og-portugal-og-vil-ankomme-italia-prognosene-for-darlig-vaer\/#primaryimage\"},\"thumbnailUrl\":\"https:\/\/nordnesrepublikken.no\/wp-content\/uploads\/2025\/03\/1742532580_Syklonen-Martinho-pavirker-Spania-og-Portugal-og-vil-ankomme-Italia.jpg\",\"keywords\":[\"ankomme\",\"D\u00e5rlig\",\"Italia\",\"Martinho\",\"p\u00e5virker\",\"Portugal\",\"prognosene\",\"Spania\",\"Syklonen\",\"v\u00e6r\",\"vil\"],\"articleSection\":[\"Milj\u00f8\"],\"inLanguage\":\"nb-NO\"},{\"@type\":\"WebPage\",\"@id\":\"https:\/\/nordnesrepublikken.no\/index.php\/2025\/03\/21\/syklonen-martinho-pavirker-spania-og-portugal-og-vil-ankomme-italia-prognosene-for-darlig-vaer\/\",\"url\":\"https:\/\/nordnesrepublikken.no\/index.php\/2025\/03\/21\/syklonen-martinho-pavirker-spania-og-portugal-og-vil-ankomme-italia-prognosene-for-darlig-vaer\/\",\"name\":\"Syklonen Martinho p\u00e5virker Spania og Portugal og vil ankomme Italia: prognosene for d\u00e5rlig v\u00e6r - Nordnesrepublikken\",\"isPartOf\":{\"@id\":\"https:\/\/nordnesrepublikken.no\/#website\"},\"primaryImageOfPage\":{\"@id\":\"https:\/\/nordnesrepublikken.no\/index.php\/2025\/03\/21\/syklonen-martinho-pavirker-spania-og-portugal-og-vil-ankomme-italia-prognosene-for-darlig-vaer\/#primaryimage\"},\"image\":{\"@id\":\"https:\/\/nordnesrepublikken.no\/index.php\/2025\/03\/21\/syklonen-martinho-pavirker-spania-og-portugal-og-vil-ankomme-italia-prognosene-for-darlig-vaer\/#primaryimage\"},\"thumbnailUrl\":\"https:\/\/nordnesrepublikken.no\/wp-content\/uploads\/2025\/03\/1742532580_Syklonen-Martinho-pavirker-Spania-og-Portugal-og-vil-ankomme-Italia.jpg\",\"datePublished\":\"2025-03-21T04:49:40+00:00\",\"dateModified\":\"2025-03-21T04:49:42+00:00\",\"breadcrumb\":{\"@id\":\"https:\/\/nordnesrepublikken.no\/index.php\/2025\/03\/21\/syklonen-martinho-pavirker-spania-og-portugal-og-vil-ankomme-italia-prognosene-for-darlig-vaer\/#breadcrumb\"},\"inLanguage\":\"nb-NO\",\"potentialAction\":[{\"@type\":\"ReadAction\",\"target\":[\"https:\/\/nordnesrepublikken.no\/index.php\/2025\/03\/21\/syklonen-martinho-pavirker-spania-og-portugal-og-vil-ankomme-italia-prognosene-for-darlig-vaer\/\"]}]},{\"@type\":\"ImageObject\",\"inLanguage\":\"nb-NO\",\"@id\":\"https:\/\/nordnesrepublikken.no\/index.php\/2025\/03\/21\/syklonen-martinho-pavirker-spania-og-portugal-og-vil-ankomme-italia-prognosene-for-darlig-vaer\/#primaryimage\",\"url\":\"https:\/\/nordnesrepublikken.no\/wp-content\/uploads\/2025\/03\/1742532580_Syklonen-Martinho-pavirker-Spania-og-Portugal-og-vil-ankomme-Italia.jpg\",\"contentUrl\":\"https:\/\/nordnesrepublikken.no\/wp-content\/uploads\/2025\/03\/1742532580_Syklonen-Martinho-pavirker-Spania-og-Portugal-og-vil-ankomme-Italia.jpg\",\"width\":2194,\"height\":1342,\"caption\":\"ciclone martinho lisbona\"},{\"@type\":\"BreadcrumbList\",\"@id\":\"https:\/\/nordnesrepublikken.no\/index.php\/2025\/03\/21\/syklonen-martinho-pavirker-spania-og-portugal-og-vil-ankomme-italia-prognosene-for-darlig-vaer\/#breadcrumb\",\"itemListElement\":[{\"@type\":\"ListItem\",\"position\":1,\"name\":\"Home\",\"item\":\"https:\/\/nordnesrepublikken.no\/\"},{\"@type\":\"ListItem\",\"position\":2,\"name\":\"Syklonen Martinho p\u00e5virker Spania og Portugal og vil ankomme Italia: prognosene for d\u00e5rlig v\u00e6r\"}]},{\"@type\":\"WebSite\",\"@id\":\"https:\/\/nordnesrepublikken.no\/#website\",\"url\":\"https:\/\/nordnesrepublikken.no\/\",\"name\":\"Nordnesrepublikken\",\"description\":\"Stemmer og Visjoner fra Republikkens Hjerte\",\"publisher\":{\"@id\":\"https:\/\/nordnesrepublikken.no\/#organization\"},\"potentialAction\":[{\"@type\":\"SearchAction\",\"target\":{\"@type\":\"EntryPoint\",\"urlTemplate\":\"https:\/\/nordnesrepublikken.no\/?s={search_term_string}\"},\"query-input\":{\"@type\":\"PropertyValueSpecification\",\"valueRequired\":true,\"valueName\":\"search_term_string\"}}],\"inLanguage\":\"nb-NO\"},{\"@type\":\"Organization\",\"@id\":\"https:\/\/nordnesrepublikken.no\/#organization\",\"name\":\"Nordnesrepublikken\",\"url\":\"https:\/\/nordnesrepublikken.no\/\",\"logo\":{\"@type\":\"ImageObject\",\"inLanguage\":\"nb-NO\",\"@id\":\"https:\/\/nordnesrepublikken.no\/#\/schema\/logo\/image\/\",\"url\":\"https:\/\/nordnesrepublikken.no\/wp-content\/uploads\/2025\/02\/cropped-nordnesrepublikken-2.png\",\"contentUrl\":\"https:\/\/nordnesrepublikken.no\/wp-content\/uploads\/2025\/02\/cropped-nordnesrepublikken-2.png\",\"width\":1248,\"height\":362,\"caption\":\"Nordnesrepublikken\"},\"image\":{\"@id\":\"https:\/\/nordnesrepublikken.no\/#\/schema\/logo\/image\/\"}},{\"@type\":\"Person\",\"@id\":\"https:\/\/nordnesrepublikken.no\/#\/schema\/person\/2e7e81935bab77882fffb79296240ff1\",\"name\":\"Ole Andersen\",\"image\":{\"@type\":\"ImageObject\",\"inLanguage\":\"nb-NO\",\"@id\":\"https:\/\/nordnesrepublikken.no\/#\/schema\/person\/image\/\",\"url\":\"https:\/\/nordnesrepublikken.no\/wp-content\/uploads\/2025\/02\/nordnesrepublikken-2-2-150x150.jpg\",\"contentUrl\":\"https:\/\/nordnesrepublikken.no\/wp-content\/uploads\/2025\/02\/nordnesrepublikken-2-2-150x150.jpg\",\"caption\":\"Ole Andersen\"},\"description\":\"Ettersom jeg vokste opp i Oslo, har jeg alltid v\u00e6rt fascinert av ordenes kraft og deres evne til \u00e5 skape endringer. Etter \u00e5 ha fullf\u00f8rt min utdannelse i kommunikasjon ved Universitetet i Bergen, fikk jeg muligheten til \u00e5 jobbe innen ulike medier, der jeg har s\u00f8kt \u00e5 belyse viktige samfunnssp\u00f8rsm\u00e5l. I dag, som redakt\u00f8r for Nordnesrepublikken, pr\u00f8ver jeg \u00e5 forene min kj\u00e6rlighet for journalistikk med min lidenskap for innovasjon og eventyr.\",\"sameAs\":[\"https:\/\/nordnesrepublikken.no\/\"]}]}<\/script>\n<!-- \/ Yoast SEO plugin. -->","yoast_head_json":{"title":"Syklonen Martinho p\u00e5virker Spania og Portugal og vil ankomme Italia: prognosene for d\u00e5rlig v\u00e6r - Nordnesrepublikken","robots":{"index":"index","follow":"follow","max-snippet":"max-snippet:-1","max-image-preview":"max-image-preview:large","max-video-preview":"max-video-preview:-1"},"canonical":"https:\/\/nordnesrepublikken.no\/index.php\/2025\/03\/21\/syklonen-martinho-pavirker-spania-og-portugal-og-vil-ankomme-italia-prognosene-for-darlig-vaer\/","og_locale":"nb_NO","og_type":"article","og_title":"Syklonen Martinho p\u00e5virker Spania og Portugal og vil ankomme Italia: prognosene for d\u00e5rlig v\u00e6r - Nordnesrepublikken","og_description":"De Cyclone Martinho Han kom inn i Portugal Og Spania Med tjue opp til 150","og_url":"https:\/\/nordnesrepublikken.no\/index.php\/2025\/03\/21\/syklonen-martinho-pavirker-spania-og-portugal-og-vil-ankomme-italia-prognosene-for-darlig-vaer\/","og_site_name":"Nordnesrepublikken","article_published_time":"2025-03-21T04:49:40+00:00","article_modified_time":"2025-03-21T04:49:42+00:00","og_image":[{"width":2194,"height":1342,"url":"https:\/\/nordnesrepublikken.no\/wp-content\/uploads\/2025\/03\/1742532580_Syklonen-Martinho-pavirker-Spania-og-Portugal-og-vil-ankomme-Italia.jpg","type":"image\/jpeg"}],"author":"Ole Andersen","twitter_card":"summary_large_image","twitter_misc":{"Skrevet av":"Ole Andersen","Ansl. lesetid":"2 minutter"},"schema":{"@context":"https:\/\/schema.org","@graph":[{"@type":"Article","@id":"https:\/\/nordnesrepublikken.no\/index.php\/2025\/03\/21\/syklonen-martinho-pavirker-spania-og-portugal-og-vil-ankomme-italia-prognosene-for-darlig-vaer\/#article","isPartOf":{"@id":"https:\/\/nordnesrepublikken.no\/index.php\/2025\/03\/21\/syklonen-martinho-pavirker-spania-og-portugal-og-vil-ankomme-italia-prognosene-for-darlig-vaer\/"},"author":{"name":"Ole Andersen","@id":"https:\/\/nordnesrepublikken.no\/#\/schema\/person\/2e7e81935bab77882fffb79296240ff1"},"headline":"Syklonen Martinho p\u00e5virker Spania og Portugal og vil ankomme Italia: prognosene for d\u00e5rlig v\u00e6r","datePublished":"2025-03-21T04:49:40+00:00","dateModified":"2025-03-21T04:49:42+00:00","mainEntityOfPage":{"@id":"https:\/\/nordnesrepublikken.no\/index.php\/2025\/03\/21\/syklonen-martinho-pavirker-spania-og-portugal-og-vil-ankomme-italia-prognosene-for-darlig-vaer\/"},"wordCount":409,"publisher":{"@id":"https:\/\/nordnesrepublikken.no\/#organization"},"image":{"@id":"https:\/\/nordnesrepublikken.no\/index.php\/2025\/03\/21\/syklonen-martinho-pavirker-spania-og-portugal-og-vil-ankomme-italia-prognosene-for-darlig-vaer\/#primaryimage"},"thumbnailUrl":"https:\/\/nordnesrepublikken.no\/wp-content\/uploads\/2025\/03\/1742532580_Syklonen-Martinho-pavirker-Spania-og-Portugal-og-vil-ankomme-Italia.jpg","keywords":["ankomme","D\u00e5rlig","Italia","Martinho","p\u00e5virker","Portugal","prognosene","Spania","Syklonen","v\u00e6r","vil"],"articleSection":["Milj\u00f8"],"inLanguage":"nb-NO"},{"@type":"WebPage","@id":"https:\/\/nordnesrepublikken.no\/index.php\/2025\/03\/21\/syklonen-martinho-pavirker-spania-og-portugal-og-vil-ankomme-italia-prognosene-for-darlig-vaer\/","url":"https:\/\/nordnesrepublikken.no\/index.php\/2025\/03\/21\/syklonen-martinho-pavirker-spania-og-portugal-og-vil-ankomme-italia-prognosene-for-darlig-vaer\/","name":"Syklonen Martinho p\u00e5virker Spania og Portugal og vil ankomme Italia: prognosene for d\u00e5rlig v\u00e6r - Nordnesrepublikken","isPartOf":{"@id":"https:\/\/nordnesrepublikken.no\/#website"},"primaryImageOfPage":{"@id":"https:\/\/nordnesrepublikken.no\/index.php\/2025\/03\/21\/syklonen-martinho-pavirker-spania-og-portugal-og-vil-ankomme-italia-prognosene-for-darlig-vaer\/#primaryimage"},"image":{"@id":"https:\/\/nordnesrepublikken.no\/index.php\/2025\/03\/21\/syklonen-martinho-pavirker-spania-og-portugal-og-vil-ankomme-italia-prognosene-for-darlig-vaer\/#primaryimage"},"thumbnailUrl":"https:\/\/nordnesrepublikken.no\/wp-content\/uploads\/2025\/03\/1742532580_Syklonen-Martinho-pavirker-Spania-og-Portugal-og-vil-ankomme-Italia.jpg","datePublished":"2025-03-21T04:49:40+00:00","dateModified":"2025-03-21T04:49:42+00:00","breadcrumb":{"@id":"https:\/\/nordnesrepublikken.no\/index.php\/2025\/03\/21\/syklonen-martinho-pavirker-spania-og-portugal-og-vil-ankomme-italia-prognosene-for-darlig-vaer\/#breadcrumb"},"inLanguage":"nb-NO","potentialAction":[{"@type":"ReadAction","target":["https:\/\/nordnesrepublikken.no\/index.php\/2025\/03\/21\/syklonen-martinho-pavirker-spania-og-portugal-og-vil-ankomme-italia-prognosene-for-darlig-vaer\/"]}]},{"@type":"ImageObject","inLanguage":"nb-NO","@id":"https:\/\/nordnesrepublikken.no\/index.php\/2025\/03\/21\/syklonen-martinho-pavirker-spania-og-portugal-og-vil-ankomme-italia-prognosene-for-darlig-vaer\/#primaryimage","url":"https:\/\/nordnesrepublikken.no\/wp-content\/uploads\/2025\/03\/1742532580_Syklonen-Martinho-pavirker-Spania-og-Portugal-og-vil-ankomme-Italia.jpg","contentUrl":"https:\/\/nordnesrepublikken.no\/wp-content\/uploads\/2025\/03\/1742532580_Syklonen-Martinho-pavirker-Spania-og-Portugal-og-vil-ankomme-Italia.jpg","width":2194,"height":1342,"caption":"ciclone martinho lisbona"},{"@type":"BreadcrumbList","@id":"https:\/\/nordnesrepublikken.no\/index.php\/2025\/03\/21\/syklonen-martinho-pavirker-spania-og-portugal-og-vil-ankomme-italia-prognosene-for-darlig-vaer\/#breadcrumb","itemListElement":[{"@type":"ListItem","position":1,"name":"Home","item":"https:\/\/nordnesrepublikken.no\/"},{"@type":"ListItem","position":2,"name":"Syklonen Martinho p\u00e5virker Spania og Portugal og vil ankomme Italia: prognosene for d\u00e5rlig v\u00e6r"}]},{"@type":"WebSite","@id":"https:\/\/nordnesrepublikken.no\/#website","url":"https:\/\/nordnesrepublikken.no\/","name":"Nordnesrepublikken","description":"Stemmer og Visjoner fra Republikkens Hjerte","publisher":{"@id":"https:\/\/nordnesrepublikken.no\/#organization"},"potentialAction":[{"@type":"SearchAction","target":{"@type":"EntryPoint","urlTemplate":"https:\/\/nordnesrepublikken.no\/?s={search_term_string}"},"query-input":{"@type":"PropertyValueSpecification","valueRequired":true,"valueName":"search_term_string"}}],"inLanguage":"nb-NO"},{"@type":"Organization","@id":"https:\/\/nordnesrepublikken.no\/#organization","name":"Nordnesrepublikken","url":"https:\/\/nordnesrepublikken.no\/","logo":{"@type":"ImageObject","inLanguage":"nb-NO","@id":"https:\/\/nordnesrepublikken.no\/#\/schema\/logo\/image\/","url":"https:\/\/nordnesrepublikken.no\/wp-content\/uploads\/2025\/02\/cropped-nordnesrepublikken-2.png","contentUrl":"https:\/\/nordnesrepublikken.no\/wp-content\/uploads\/2025\/02\/cropped-nordnesrepublikken-2.png","width":1248,"height":362,"caption":"Nordnesrepublikken"},"image":{"@id":"https:\/\/nordnesrepublikken.no\/#\/schema\/logo\/image\/"}},{"@type":"Person","@id":"https:\/\/nordnesrepublikken.no\/#\/schema\/person\/2e7e81935bab77882fffb79296240ff1","name":"Ole Andersen","image":{"@type":"ImageObject","inLanguage":"nb-NO","@id":"https:\/\/nordnesrepublikken.no\/#\/schema\/person\/image\/","url":"https:\/\/nordnesrepublikken.no\/wp-content\/uploads\/2025\/02\/nordnesrepublikken-2-2-150x150.jpg","contentUrl":"https:\/\/nordnesrepublikken.no\/wp-content\/uploads\/2025\/02\/nordnesrepublikken-2-2-150x150.jpg","caption":"Ole Andersen"},"description":"Ettersom jeg vokste opp i Oslo, har jeg alltid v\u00e6rt fascinert av ordenes kraft og deres evne til \u00e5 skape endringer. Etter \u00e5 ha fullf\u00f8rt min utdannelse i kommunikasjon ved Universitetet i Bergen, fikk jeg muligheten til \u00e5 jobbe innen ulike medier, der jeg har s\u00f8kt \u00e5 belyse viktige samfunnssp\u00f8rsm\u00e5l. I dag, som redakt\u00f8r for Nordnesrepublikken, pr\u00f8ver jeg \u00e5 forene min kj\u00e6rlighet for journalistikk med min lidenskap for innovasjon og eventyr.","sameAs":["https:\/\/nordnesrepublikken.no\/"]}]}},"_links":{"self":[{"href":"https:\/\/nordnesrepublikken.no\/index.php\/wp-json\/wp\/v2\/posts\/2895","targetHints":{"allow":["GET"]}}],"collection":[{"href":"https:\/\/nordnesrepublikken.no\/index.php\/wp-json\/wp\/v2\/posts"}],"about":[{"href":"https:\/\/nordnesrepublikken.no\/index.php\/wp-json\/wp\/v2\/types\/post"}],"author":[{"embeddable":true,"href":"https:\/\/nordnesrepublikken.no\/index.php\/wp-json\/wp\/v2\/users\/1"}],"replies":[{"embeddable":true,"href":"https:\/\/nordnesrepublikken.no\/index.php\/wp-json\/wp\/v2\/comments?post=2895"}],"version-history":[{"count":1,"href":"https:\/\/nordnesrepublikken.no\/index.php\/wp-json\/wp\/v2\/posts\/2895\/revisions"}],"predecessor-version":[{"id":2897,"href":"https:\/\/nordnesrepublikken.no\/index.php\/wp-json\/wp\/v2\/posts\/2895\/revisions\/2897"}],"wp:featuredmedia":[{"embeddable":true,"href":"https:\/\/nordnesrepublikken.no\/index.php\/wp-json\/wp\/v2\/media\/2896"}],"wp:attachment":[{"href":"https:\/\/nordnesrepublikken.no\/index.php\/wp-json\/wp\/v2\/media?parent=2895"}],"wp:term":[{"taxonomy":"category","embeddable":true,"href":"https:\/\/nordnesrepublikken.no\/index.php\/wp-json\/wp\/v2\/categories?post=2895"},{"taxonomy":"post_tag","embeddable":true,"href":"https:\/\/nordnesrepublikken.no\/index.php\/wp-json\/wp\/v2\/tags?post=2895"}],"curies":[{"name":"wp","href":"https:\/\/api.w.org\/{rel}","templated":true}]}}