{"id":2889,"date":"2025-03-20T23:49:33","date_gmt":"2025-03-20T22:49:33","guid":{"rendered":"https:\/\/nordnesrepublikken.no\/index.php\/2025\/03\/20\/det-ma-apne-ios-systemet\/"},"modified":"2025-03-20T23:49:34","modified_gmt":"2025-03-20T22:49:34","slug":"det-ma-apne-ios-systemet","status":"publish","type":"post","link":"https:\/\/nordnesrepublikken.no\/index.php\/2025\/03\/20\/det-ma-apne-ios-systemet\/","title":{"rendered":"&laquo;Det m\u00e5 \u00e5pne iOS -systemet&raquo;"},"content":{"rendered":"<div>\n      <!-- CONTENT --><\/p>\n<div class=\"cp_wrapper cp_wrapper--fw mb-30 mb-20@tablet\">\n<figure class=\"mm\"><picture class=\"img\" style=\"padding-top:56.25%\"><source  media=\"(min-width: 1024px)\"><source  media=\"(min-width: 768px)\"><\/source><\/source><\/picture><\/figure>\n<\/p><\/div>\n<p>EU ber om <strong>Eple<\/strong> for \u00e5 garantere<strong>interoperabilitet<\/strong> for sine enheter <strong>iOS <\/strong>(Derfor iPhone og iPad) i samsvar med <strong>DMA<\/strong> (<em>Digital markedshandlinger<\/em>), loven som tar sikte p\u00e5 \u00e5 garantere st\u00f8rre konkurranse i det digitale markedet og \u00e5 begrense kraften til store teknologiske plattformer, den s\u00e5 -kalt <em>portvakter<\/em>. Spesielt basert p\u00e5 retningslinjene som ble publisert i g\u00e5r, slo EU fast det <strong>Apple m\u00e5 gi tilgang til ni viktige funksjoner i iOS<\/strong>inkludert peer-to-peer Wi-Fi-tilkobling, NFC-teknologi og enhetsforeningssystem. M\u00e5let er \u00e5 eliminere begrensningene som hittil har gjort integrasjonen av ikke -appleprodukter vanskelig med \u00f8kosystemet <strong>iPhone<\/strong>.<\/p>\n<p>For Apple representerer denne p\u00e5leggingen en viktig utfordring, gitt at den strider mot &laquo;nedleggelsen&raquo; av \u00f8kosystemet, en filosofi som har gjort selskapet ber\u00f8mt gjennom flere ti\u00e5r. Cupertino -selskapet hevder faktisk at EU -kommisjonen begrenser evnen til \u00e5 innovere og at plikten til \u00e5 gj\u00f8re sine teknologier tilgjengelig for tredjeparter kan skape sikkerhets- og personvernproblemer for brukere. EU p\u00e5 sin side mener at<strong>interoperabilitet<\/strong> Blant enheter som tilh\u00f8rer forskjellige \u00f8kosystemer, b\u00f8r du \u00f8ke valget for forbrukere og stimulere innovasjon i teknologisektoren.<\/p>\n<h2>Hva krever EU i Apple<\/h2>\n<p>EU har startet <strong>To spesifikke prosedyrer<\/strong> For \u00e5 bestemme hvordan Apple skal samsvare med DMAs interoperabilitetsregler. Den f\u00f8rste ang\u00e5r <strong>tilkoblede enheter<\/strong>: Apple m\u00e5 garantere at tilbeh\u00f8r som Bluetooth -hodetelefoner, tredje -party smartwatch og smarte TV -er kan samhandle mer effektivt med iPhone. For eksempel en <strong>Ikke Apple smartwatch<\/strong> skal kunne <strong>Se varsler fra en iPhone uten problemer<\/strong>og en smart h\u00f8yttaler b\u00f8r v\u00e6re tilknyttet en iOS -enhet med samme letthet som du kan koble til en <strong>HomePod<\/strong>. Hva ville endret seg med i kraft av disse nyhetene? For eksempel, for eksempel <strong>Google<\/strong> det kan f\u00e5 det til \u00e5 fungere <strong>Airdrop<\/strong> (Funksjonen som tillater overf\u00f8ring av filer i tr\u00e5dl\u00f8s modus) Ogs\u00e5 med enheter <strong>Android<\/strong>; Ekte tr\u00e5dl\u00f8se hodetelefonprodusenter kan derimot st\u00f8tte <strong>Shareplay<\/strong>en funksjonalitet som bare fungerer med <strong>AirPods<\/strong>.<\/p>\n<p>Den andre prosedyren gjelder <strong>Foresp\u00f8rsler om interoperabilitet gjort av utviklerne av applikasjoner<\/strong>. Forel\u00f8pig p\u00e5legger Apple begrensninger p\u00e5 mange funksjoner i operativsystemet, noe som gj\u00f8r det vanskelig for tredje -party -apper som integrerer visse maskinvare- og iPhone -programvareegenskaper. EU -kommisjonen har bedt selskapet om \u00e5 gi mer detaljert teknisk dokumentasjon og garantere visse tider for revisjon av foresp\u00f8rsler om tilgang til iOS -funksjonalitet. P\u00e5 denne m\u00e5ten vil utviklere kunne tilby mer avanserte og konkurransedyktige tjenester, og utvide mulighetene for sluttbrukere.<\/p>\n<p>DE&#8217;<strong>EU<\/strong> har bestemt seg for \u00e5 gripe inn p\u00e5 disse punktene fordi <strong>Han mener at Apple misbruker sin dominerende stilling i smarttelefonmarkedet<\/strong>forhindrer enheter og programvareutviklere fra \u00e5 tilby l\u00f8sninger som er fullt kompatible med iOS -\u00f8kosystemet. DMA ble faktisk designet for \u00e5 forhindre jeg <em>portvakter<\/em> Lag barrierer som begrenser konkurranse.<\/p>\n<h2>Apples svar<\/h2>\n<p>Som selskapet grunnlagt av <strong>Steve Jobs<\/strong> Til nyhetene som EU -kommisjonen har p\u00e5lagt? <strong>Apples svar<\/strong> Det er tydelig \u00e5penbart: Han ser ikke godt ut disse p\u00e5leggene, for if\u00f8lge ham er kommisjonen spesifikt rettet mot sin forretningsmodell, mens andre store teknologiske selskaper ikke vil bli utsatt for like restriktive tiltak. Spesielt sa Apple:<\/p>\n<blockquote>\n<p>Dagens beslutninger omslutter oss i byr\u00e5krati, og bremser Apples evne til \u00e5 innovere for brukere i Europa og tvinge oss til \u00e5 gi v\u00e5re nye funksjoner gratis til selskaper som ikke m\u00e5 spille i henhold til de samme reglene. Det gj\u00f8r vondt for produktene v\u00e5re og v\u00e5re europeiske brukere. Vi vil fortsette \u00e5 samarbeide med EU -kommisjonen for \u00e5 hjelpe dem med \u00e5 forst\u00e5 v\u00e5re bekymringer p\u00e5 vegne av v\u00e5re brukere.<\/p>\n<\/blockquote>\n<p>Avgj\u00f8relsene som er tatt av EU -kommisjonen er bindende, og hvis Apple ikke f\u00f8lger dem, vil det m\u00f8tes <strong>tunge straffer som kan n\u00e5 opptil 10% av den globale \u00e5rlige omsetningen<\/strong>. Imidlertid vil selskapet ha muligheten til \u00e5 forsvare seg p\u00e5 det registrerte kontoret, og det er ikke ekskludert at saken drar seg selv i lang tid mellom anvendelse og forskjellige motarbeid. Det sies ikke at det skjer, men det er et absolutt mulig scenario. Vi f\u00e5r se.<\/p>\n<\/p><\/div>\n","protected":false},"excerpt":{"rendered":"<p>EU ber om Eple for \u00e5 garantereinteroperabilitet for sine enheter iOS (Derfor iPhone og iPad)<\/p>\n","protected":false},"author":1,"featured_media":2890,"comment_status":"closed","ping_status":"open","sticky":false,"template":"","format":"standard","meta":{"footnotes":""},"categories":[25],"tags":[518,66,519,517,520],"class_list":["post-2889","post","type-post","status-publish","format-standard","has-post-thumbnail","hentry","category-teknologi","tag-apne","tag-det","tag-ios","tag-ma","tag-systemet","generate-columns","tablet-grid-50","mobile-grid-100","grid-parent","grid-33","resize-featured-image"],"yoast_head":"<!-- This site is optimized with the Yoast SEO plugin v24.4 - https:\/\/yoast.com\/wordpress\/plugins\/seo\/ -->\n<title>&quot;Det m\u00e5 \u00e5pne iOS -systemet&quot; - Nordnesrepublikken<\/title>\n<meta name=\"robots\" content=\"index, follow, max-snippet:-1, max-image-preview:large, max-video-preview:-1\" \/>\n<link rel=\"canonical\" href=\"https:\/\/nordnesrepublikken.no\/index.php\/2025\/03\/20\/det-ma-apne-ios-systemet\/\" \/>\n<meta property=\"og:locale\" content=\"nb_NO\" \/>\n<meta property=\"og:type\" content=\"article\" \/>\n<meta property=\"og:title\" content=\"&quot;Det m\u00e5 \u00e5pne iOS -systemet&quot; - Nordnesrepublikken\" \/>\n<meta property=\"og:description\" content=\"EU ber om Eple for \u00e5 garantereinteroperabilitet for sine enheter iOS (Derfor iPhone og iPad)\" \/>\n<meta property=\"og:url\" content=\"https:\/\/nordnesrepublikken.no\/index.php\/2025\/03\/20\/det-ma-apne-ios-systemet\/\" \/>\n<meta property=\"og:site_name\" content=\"Nordnesrepublikken\" \/>\n<meta property=\"article:published_time\" content=\"2025-03-20T22:49:33+00:00\" \/>\n<meta property=\"article:modified_time\" content=\"2025-03-20T22:49:34+00:00\" \/>\n<meta property=\"og:image\" content=\"https:\/\/nordnesrepublikken.no\/wp-content\/uploads\/2025\/03\/1742510973_Det-ma-apne-iOS-systemet.jpg\" \/>\n\t<meta property=\"og:image:width\" content=\"1200\" \/>\n\t<meta property=\"og:image:height\" content=\"800\" \/>\n\t<meta property=\"og:image:type\" content=\"image\/jpeg\" \/>\n<meta name=\"author\" content=\"Ole Andersen\" \/>\n<meta name=\"twitter:card\" content=\"summary_large_image\" \/>\n<meta name=\"twitter:label1\" content=\"Skrevet av\" \/>\n\t<meta name=\"twitter:data1\" content=\"Ole Andersen\" \/>\n\t<meta name=\"twitter:label2\" content=\"Ansl. lesetid\" \/>\n\t<meta name=\"twitter:data2\" content=\"3 minutter\" \/>\n<script type=\"application\/ld+json\" class=\"yoast-schema-graph\">{\"@context\":\"https:\/\/schema.org\",\"@graph\":[{\"@type\":\"Article\",\"@id\":\"https:\/\/nordnesrepublikken.no\/index.php\/2025\/03\/20\/det-ma-apne-ios-systemet\/#article\",\"isPartOf\":{\"@id\":\"https:\/\/nordnesrepublikken.no\/index.php\/2025\/03\/20\/det-ma-apne-ios-systemet\/\"},\"author\":{\"name\":\"Ole Andersen\",\"@id\":\"https:\/\/nordnesrepublikken.no\/#\/schema\/person\/2e7e81935bab77882fffb79296240ff1\"},\"headline\":\"&laquo;Det m\u00e5 \u00e5pne iOS -systemet&raquo;\",\"datePublished\":\"2025-03-20T22:49:33+00:00\",\"dateModified\":\"2025-03-20T22:49:34+00:00\",\"mainEntityOfPage\":{\"@id\":\"https:\/\/nordnesrepublikken.no\/index.php\/2025\/03\/20\/det-ma-apne-ios-systemet\/\"},\"wordCount\":661,\"publisher\":{\"@id\":\"https:\/\/nordnesrepublikken.no\/#organization\"},\"image\":{\"@id\":\"https:\/\/nordnesrepublikken.no\/index.php\/2025\/03\/20\/det-ma-apne-ios-systemet\/#primaryimage\"},\"thumbnailUrl\":\"https:\/\/nordnesrepublikken.no\/wp-content\/uploads\/2025\/03\/1742510973_Det-ma-apne-iOS-systemet.jpg\",\"keywords\":[\"\u00e5pne\",\"Det\",\"iOS\",\"m\u00e5\",\"systemet\"],\"articleSection\":[\"Teknologi\"],\"inLanguage\":\"nb-NO\"},{\"@type\":\"WebPage\",\"@id\":\"https:\/\/nordnesrepublikken.no\/index.php\/2025\/03\/20\/det-ma-apne-ios-systemet\/\",\"url\":\"https:\/\/nordnesrepublikken.no\/index.php\/2025\/03\/20\/det-ma-apne-ios-systemet\/\",\"name\":\"\\\"Det m\u00e5 \u00e5pne iOS -systemet\\\" - Nordnesrepublikken\",\"isPartOf\":{\"@id\":\"https:\/\/nordnesrepublikken.no\/#website\"},\"primaryImageOfPage\":{\"@id\":\"https:\/\/nordnesrepublikken.no\/index.php\/2025\/03\/20\/det-ma-apne-ios-systemet\/#primaryimage\"},\"image\":{\"@id\":\"https:\/\/nordnesrepublikken.no\/index.php\/2025\/03\/20\/det-ma-apne-ios-systemet\/#primaryimage\"},\"thumbnailUrl\":\"https:\/\/nordnesrepublikken.no\/wp-content\/uploads\/2025\/03\/1742510973_Det-ma-apne-iOS-systemet.jpg\",\"datePublished\":\"2025-03-20T22:49:33+00:00\",\"dateModified\":\"2025-03-20T22:49:34+00:00\",\"breadcrumb\":{\"@id\":\"https:\/\/nordnesrepublikken.no\/index.php\/2025\/03\/20\/det-ma-apne-ios-systemet\/#breadcrumb\"},\"inLanguage\":\"nb-NO\",\"potentialAction\":[{\"@type\":\"ReadAction\",\"target\":[\"https:\/\/nordnesrepublikken.no\/index.php\/2025\/03\/20\/det-ma-apne-ios-systemet\/\"]}]},{\"@type\":\"ImageObject\",\"inLanguage\":\"nb-NO\",\"@id\":\"https:\/\/nordnesrepublikken.no\/index.php\/2025\/03\/20\/det-ma-apne-ios-systemet\/#primaryimage\",\"url\":\"https:\/\/nordnesrepublikken.no\/wp-content\/uploads\/2025\/03\/1742510973_Det-ma-apne-iOS-systemet.jpg\",\"contentUrl\":\"https:\/\/nordnesrepublikken.no\/wp-content\/uploads\/2025\/03\/1742510973_Det-ma-apne-iOS-systemet.jpg\",\"width\":1200,\"height\":800,\"caption\":\"Immagine\"},{\"@type\":\"BreadcrumbList\",\"@id\":\"https:\/\/nordnesrepublikken.no\/index.php\/2025\/03\/20\/det-ma-apne-ios-systemet\/#breadcrumb\",\"itemListElement\":[{\"@type\":\"ListItem\",\"position\":1,\"name\":\"Home\",\"item\":\"https:\/\/nordnesrepublikken.no\/\"},{\"@type\":\"ListItem\",\"position\":2,\"name\":\"&laquo;Det m\u00e5 \u00e5pne iOS -systemet&raquo;\"}]},{\"@type\":\"WebSite\",\"@id\":\"https:\/\/nordnesrepublikken.no\/#website\",\"url\":\"https:\/\/nordnesrepublikken.no\/\",\"name\":\"Nordnesrepublikken\",\"description\":\"Stemmer og Visjoner fra Republikkens Hjerte\",\"publisher\":{\"@id\":\"https:\/\/nordnesrepublikken.no\/#organization\"},\"potentialAction\":[{\"@type\":\"SearchAction\",\"target\":{\"@type\":\"EntryPoint\",\"urlTemplate\":\"https:\/\/nordnesrepublikken.no\/?s={search_term_string}\"},\"query-input\":{\"@type\":\"PropertyValueSpecification\",\"valueRequired\":true,\"valueName\":\"search_term_string\"}}],\"inLanguage\":\"nb-NO\"},{\"@type\":\"Organization\",\"@id\":\"https:\/\/nordnesrepublikken.no\/#organization\",\"name\":\"Nordnesrepublikken\",\"url\":\"https:\/\/nordnesrepublikken.no\/\",\"logo\":{\"@type\":\"ImageObject\",\"inLanguage\":\"nb-NO\",\"@id\":\"https:\/\/nordnesrepublikken.no\/#\/schema\/logo\/image\/\",\"url\":\"https:\/\/nordnesrepublikken.no\/wp-content\/uploads\/2025\/02\/cropped-nordnesrepublikken-2.png\",\"contentUrl\":\"https:\/\/nordnesrepublikken.no\/wp-content\/uploads\/2025\/02\/cropped-nordnesrepublikken-2.png\",\"width\":1248,\"height\":362,\"caption\":\"Nordnesrepublikken\"},\"image\":{\"@id\":\"https:\/\/nordnesrepublikken.no\/#\/schema\/logo\/image\/\"}},{\"@type\":\"Person\",\"@id\":\"https:\/\/nordnesrepublikken.no\/#\/schema\/person\/2e7e81935bab77882fffb79296240ff1\",\"name\":\"Ole Andersen\",\"image\":{\"@type\":\"ImageObject\",\"inLanguage\":\"nb-NO\",\"@id\":\"https:\/\/nordnesrepublikken.no\/#\/schema\/person\/image\/\",\"url\":\"https:\/\/nordnesrepublikken.no\/wp-content\/uploads\/2025\/02\/nordnesrepublikken-2-2-150x150.jpg\",\"contentUrl\":\"https:\/\/nordnesrepublikken.no\/wp-content\/uploads\/2025\/02\/nordnesrepublikken-2-2-150x150.jpg\",\"caption\":\"Ole Andersen\"},\"description\":\"Ettersom jeg vokste opp i Oslo, har jeg alltid v\u00e6rt fascinert av ordenes kraft og deres evne til \u00e5 skape endringer. Etter \u00e5 ha fullf\u00f8rt min utdannelse i kommunikasjon ved Universitetet i Bergen, fikk jeg muligheten til \u00e5 jobbe innen ulike medier, der jeg har s\u00f8kt \u00e5 belyse viktige samfunnssp\u00f8rsm\u00e5l. I dag, som redakt\u00f8r for Nordnesrepublikken, pr\u00f8ver jeg \u00e5 forene min kj\u00e6rlighet for journalistikk med min lidenskap for innovasjon og eventyr.\",\"sameAs\":[\"https:\/\/nordnesrepublikken.no\/\"]}]}<\/script>\n<!-- \/ Yoast SEO plugin. -->","yoast_head_json":{"title":"\"Det m\u00e5 \u00e5pne iOS -systemet\" - Nordnesrepublikken","robots":{"index":"index","follow":"follow","max-snippet":"max-snippet:-1","max-image-preview":"max-image-preview:large","max-video-preview":"max-video-preview:-1"},"canonical":"https:\/\/nordnesrepublikken.no\/index.php\/2025\/03\/20\/det-ma-apne-ios-systemet\/","og_locale":"nb_NO","og_type":"article","og_title":"\"Det m\u00e5 \u00e5pne iOS -systemet\" - Nordnesrepublikken","og_description":"EU ber om Eple for \u00e5 garantereinteroperabilitet for sine enheter iOS (Derfor iPhone og iPad)","og_url":"https:\/\/nordnesrepublikken.no\/index.php\/2025\/03\/20\/det-ma-apne-ios-systemet\/","og_site_name":"Nordnesrepublikken","article_published_time":"2025-03-20T22:49:33+00:00","article_modified_time":"2025-03-20T22:49:34+00:00","og_image":[{"width":1200,"height":800,"url":"https:\/\/nordnesrepublikken.no\/wp-content\/uploads\/2025\/03\/1742510973_Det-ma-apne-iOS-systemet.jpg","type":"image\/jpeg"}],"author":"Ole Andersen","twitter_card":"summary_large_image","twitter_misc":{"Skrevet av":"Ole Andersen","Ansl. lesetid":"3 minutter"},"schema":{"@context":"https:\/\/schema.org","@graph":[{"@type":"Article","@id":"https:\/\/nordnesrepublikken.no\/index.php\/2025\/03\/20\/det-ma-apne-ios-systemet\/#article","isPartOf":{"@id":"https:\/\/nordnesrepublikken.no\/index.php\/2025\/03\/20\/det-ma-apne-ios-systemet\/"},"author":{"name":"Ole Andersen","@id":"https:\/\/nordnesrepublikken.no\/#\/schema\/person\/2e7e81935bab77882fffb79296240ff1"},"headline":"&laquo;Det m\u00e5 \u00e5pne iOS -systemet&raquo;","datePublished":"2025-03-20T22:49:33+00:00","dateModified":"2025-03-20T22:49:34+00:00","mainEntityOfPage":{"@id":"https:\/\/nordnesrepublikken.no\/index.php\/2025\/03\/20\/det-ma-apne-ios-systemet\/"},"wordCount":661,"publisher":{"@id":"https:\/\/nordnesrepublikken.no\/#organization"},"image":{"@id":"https:\/\/nordnesrepublikken.no\/index.php\/2025\/03\/20\/det-ma-apne-ios-systemet\/#primaryimage"},"thumbnailUrl":"https:\/\/nordnesrepublikken.no\/wp-content\/uploads\/2025\/03\/1742510973_Det-ma-apne-iOS-systemet.jpg","keywords":["\u00e5pne","Det","iOS","m\u00e5","systemet"],"articleSection":["Teknologi"],"inLanguage":"nb-NO"},{"@type":"WebPage","@id":"https:\/\/nordnesrepublikken.no\/index.php\/2025\/03\/20\/det-ma-apne-ios-systemet\/","url":"https:\/\/nordnesrepublikken.no\/index.php\/2025\/03\/20\/det-ma-apne-ios-systemet\/","name":"\"Det m\u00e5 \u00e5pne iOS -systemet\" - Nordnesrepublikken","isPartOf":{"@id":"https:\/\/nordnesrepublikken.no\/#website"},"primaryImageOfPage":{"@id":"https:\/\/nordnesrepublikken.no\/index.php\/2025\/03\/20\/det-ma-apne-ios-systemet\/#primaryimage"},"image":{"@id":"https:\/\/nordnesrepublikken.no\/index.php\/2025\/03\/20\/det-ma-apne-ios-systemet\/#primaryimage"},"thumbnailUrl":"https:\/\/nordnesrepublikken.no\/wp-content\/uploads\/2025\/03\/1742510973_Det-ma-apne-iOS-systemet.jpg","datePublished":"2025-03-20T22:49:33+00:00","dateModified":"2025-03-20T22:49:34+00:00","breadcrumb":{"@id":"https:\/\/nordnesrepublikken.no\/index.php\/2025\/03\/20\/det-ma-apne-ios-systemet\/#breadcrumb"},"inLanguage":"nb-NO","potentialAction":[{"@type":"ReadAction","target":["https:\/\/nordnesrepublikken.no\/index.php\/2025\/03\/20\/det-ma-apne-ios-systemet\/"]}]},{"@type":"ImageObject","inLanguage":"nb-NO","@id":"https:\/\/nordnesrepublikken.no\/index.php\/2025\/03\/20\/det-ma-apne-ios-systemet\/#primaryimage","url":"https:\/\/nordnesrepublikken.no\/wp-content\/uploads\/2025\/03\/1742510973_Det-ma-apne-iOS-systemet.jpg","contentUrl":"https:\/\/nordnesrepublikken.no\/wp-content\/uploads\/2025\/03\/1742510973_Det-ma-apne-iOS-systemet.jpg","width":1200,"height":800,"caption":"Immagine"},{"@type":"BreadcrumbList","@id":"https:\/\/nordnesrepublikken.no\/index.php\/2025\/03\/20\/det-ma-apne-ios-systemet\/#breadcrumb","itemListElement":[{"@type":"ListItem","position":1,"name":"Home","item":"https:\/\/nordnesrepublikken.no\/"},{"@type":"ListItem","position":2,"name":"&laquo;Det m\u00e5 \u00e5pne iOS -systemet&raquo;"}]},{"@type":"WebSite","@id":"https:\/\/nordnesrepublikken.no\/#website","url":"https:\/\/nordnesrepublikken.no\/","name":"Nordnesrepublikken","description":"Stemmer og Visjoner fra Republikkens Hjerte","publisher":{"@id":"https:\/\/nordnesrepublikken.no\/#organization"},"potentialAction":[{"@type":"SearchAction","target":{"@type":"EntryPoint","urlTemplate":"https:\/\/nordnesrepublikken.no\/?s={search_term_string}"},"query-input":{"@type":"PropertyValueSpecification","valueRequired":true,"valueName":"search_term_string"}}],"inLanguage":"nb-NO"},{"@type":"Organization","@id":"https:\/\/nordnesrepublikken.no\/#organization","name":"Nordnesrepublikken","url":"https:\/\/nordnesrepublikken.no\/","logo":{"@type":"ImageObject","inLanguage":"nb-NO","@id":"https:\/\/nordnesrepublikken.no\/#\/schema\/logo\/image\/","url":"https:\/\/nordnesrepublikken.no\/wp-content\/uploads\/2025\/02\/cropped-nordnesrepublikken-2.png","contentUrl":"https:\/\/nordnesrepublikken.no\/wp-content\/uploads\/2025\/02\/cropped-nordnesrepublikken-2.png","width":1248,"height":362,"caption":"Nordnesrepublikken"},"image":{"@id":"https:\/\/nordnesrepublikken.no\/#\/schema\/logo\/image\/"}},{"@type":"Person","@id":"https:\/\/nordnesrepublikken.no\/#\/schema\/person\/2e7e81935bab77882fffb79296240ff1","name":"Ole Andersen","image":{"@type":"ImageObject","inLanguage":"nb-NO","@id":"https:\/\/nordnesrepublikken.no\/#\/schema\/person\/image\/","url":"https:\/\/nordnesrepublikken.no\/wp-content\/uploads\/2025\/02\/nordnesrepublikken-2-2-150x150.jpg","contentUrl":"https:\/\/nordnesrepublikken.no\/wp-content\/uploads\/2025\/02\/nordnesrepublikken-2-2-150x150.jpg","caption":"Ole Andersen"},"description":"Ettersom jeg vokste opp i Oslo, har jeg alltid v\u00e6rt fascinert av ordenes kraft og deres evne til \u00e5 skape endringer. Etter \u00e5 ha fullf\u00f8rt min utdannelse i kommunikasjon ved Universitetet i Bergen, fikk jeg muligheten til \u00e5 jobbe innen ulike medier, der jeg har s\u00f8kt \u00e5 belyse viktige samfunnssp\u00f8rsm\u00e5l. I dag, som redakt\u00f8r for Nordnesrepublikken, pr\u00f8ver jeg \u00e5 forene min kj\u00e6rlighet for journalistikk med min lidenskap for innovasjon og eventyr.","sameAs":["https:\/\/nordnesrepublikken.no\/"]}]}},"_links":{"self":[{"href":"https:\/\/nordnesrepublikken.no\/index.php\/wp-json\/wp\/v2\/posts\/2889","targetHints":{"allow":["GET"]}}],"collection":[{"href":"https:\/\/nordnesrepublikken.no\/index.php\/wp-json\/wp\/v2\/posts"}],"about":[{"href":"https:\/\/nordnesrepublikken.no\/index.php\/wp-json\/wp\/v2\/types\/post"}],"author":[{"embeddable":true,"href":"https:\/\/nordnesrepublikken.no\/index.php\/wp-json\/wp\/v2\/users\/1"}],"replies":[{"embeddable":true,"href":"https:\/\/nordnesrepublikken.no\/index.php\/wp-json\/wp\/v2\/comments?post=2889"}],"version-history":[{"count":1,"href":"https:\/\/nordnesrepublikken.no\/index.php\/wp-json\/wp\/v2\/posts\/2889\/revisions"}],"predecessor-version":[{"id":2891,"href":"https:\/\/nordnesrepublikken.no\/index.php\/wp-json\/wp\/v2\/posts\/2889\/revisions\/2891"}],"wp:featuredmedia":[{"embeddable":true,"href":"https:\/\/nordnesrepublikken.no\/index.php\/wp-json\/wp\/v2\/media\/2890"}],"wp:attachment":[{"href":"https:\/\/nordnesrepublikken.no\/index.php\/wp-json\/wp\/v2\/media?parent=2889"}],"wp:term":[{"taxonomy":"category","embeddable":true,"href":"https:\/\/nordnesrepublikken.no\/index.php\/wp-json\/wp\/v2\/categories?post=2889"},{"taxonomy":"post_tag","embeddable":true,"href":"https:\/\/nordnesrepublikken.no\/index.php\/wp-json\/wp\/v2\/tags?post=2889"}],"curies":[{"name":"wp","href":"https:\/\/api.w.org\/{rel}","templated":true}]}}