{"id":2852,"date":"2025-03-17T03:51:00","date_gmt":"2025-03-17T02:51:00","guid":{"rendered":"https:\/\/nordnesrepublikken.no\/index.php\/2025\/03\/17\/darlig-vaervarsel-i-toscana-og-emilia-romagna-pa-florence-risk-for-the-arno-flood-in-sesto-fiorentino\/"},"modified":"2025-03-17T03:51:06","modified_gmt":"2025-03-17T02:51:06","slug":"darlig-vaervarsel-i-toscana-og-emilia-romagna-pa-florence-risk-for-the-arno-flood-in-sesto-fiorentino","status":"publish","type":"post","link":"https:\/\/nordnesrepublikken.no\/index.php\/2025\/03\/17\/darlig-vaervarsel-i-toscana-og-emilia-romagna-pa-florence-risk-for-the-arno-flood-in-sesto-fiorentino\/","title":{"rendered":"D\u00e5rlig v\u00e6rvarsel i Toscana og Emilia Romagna, p\u00e5 Florence Risk for the Arno: Flood in Sesto Fiorentino"},"content":{"rendered":"<div>\n      <!-- CONTENT --><\/p>\n<div class=\"cp_wrapper cp_wrapper--fw mb-30 mb-20@tablet\">\n<figure class=\"mm\"><picture class=\"img\" style=\"padding-top:56.25%\"><source  media=\"(min-width: 1024px)\"><source  media=\"(min-width: 768px)\"><\/source><\/source><\/picture><\/figure>\n<\/p><\/div>\n<p>Det d\u00e5rlige v\u00e6ret som har truffet den apenninske siden av Toscana og Emilia-Romagna siden i g\u00e5r kveld med nedb\u00f8r som ber\u00f8rte <strong>110mm p\u00e5 12 timer<\/strong> I Mugello setter vannbassengene i omr\u00e5det alvorlige vanskeligheter. TIL <strong>Sesto Fiorentino <\/strong>Str\u00f8mmen er satt ut <strong>Gjenv\u00e6rende<\/strong>for\u00e5rsaker en flom med veier invadert av vann. I Firenze<strong>Arno<\/strong>farlig n\u00e6r bankene. I Toscana er det <strong>R\u00f8dt v\u00e6rvarsel<\/strong> For Firenze, Prato, Pistoia, Pisa og Livorno, mens oversv\u00f8mmet i provinsen Bologna fant sted i Emilia-Romagna, ble 35 personer evakuert for et skred i Imola og den<strong>R\u00f8dt varsel<\/strong> For provinsene Bologna, Ferrara og for Romagna.<\/p>\n<h2>D\u00e5rlig v\u00e6rvarsel i Toscana: Flom i Sesto Fiorentino og risiko for Firenze<\/h2>\n<p>Veier som elver a <strong>Sesto Fiorentino<\/strong>Der den intense nedb\u00f8ren for\u00e5rsaket oversv\u00f8mmelse av de resterende, med blokkerte biler og mange mennesker i vanskeligheter. Videoene tatt av innbyggerne viser sentrum og andre distrikter i byen som er invadert av vannet. Situasjonen til<strong>Arno<\/strong>som har overskredet det f\u00f8rste beskyttelsesniv\u00e5et (fikset p\u00e5 3 meter) og krysser det historiske sentrum av Firenze nesten bankene. Til uffizi ber\u00f8rte h\u00f8yden p\u00e5 elven <strong>3,60 meter<\/strong>med et omfang av <strong>1097 kubikkmeter vann per sekund<\/strong>.<\/p>\n<p>Skadene for\u00e5rsaket aktiveringen til 12 av<strong>R\u00f8dt varsel<\/strong> Gjennom provinsen Firenze, utvidet det seg ogs\u00e5 til provinsene Prato, Pistoia, Pisa og Livorno.<\/p>\n<h2>D\u00e5rlig v\u00e6r i Emilia-Romagna, fremdeles tidsmessig: flom i Bologna og skred i Imola<\/h2>\n<p>Vanskelig situasjon ogs\u00e5 i Emilia-Romagna, der<strong>R\u00f8dt v\u00e6rvarsel<\/strong> Ogs\u00e5 for i morgen. Selv om situasjonen virker under kontroll, er territoriene til Bologna, Ferrara og Romagna de der oppmerksomhetsgrensen er h\u00f8yere p\u00e5 grunn av full av elvene og skredene.<\/p>\n<p>TIL <strong>Imola<\/strong> Et skred i \u00e5sene tvang evakueringen av 35 personer. Andre mer beskjedne landskap ble registrert i de omkringliggende \u00e5sene. De <strong>S\u00e5r<\/strong> har overskredet den gule varslingsgrensen mens <strong>Stavelse<\/strong> Det har overskredet den oransje varslingsgrensen.<\/p>\n<p>Som formidlet av et notat utstedt av regionen, er det fremfor alt <strong>Lamon<\/strong>som passerte terskelen 3 i Marradi, i det toskanske territoriet. Idice og de andre sideelvene til Rhinen overv\u00e5kes ogs\u00e5.<\/p>\n<\/p><\/div>\n","protected":false},"excerpt":{"rendered":"<p>Det d\u00e5rlige v\u00e6ret som har truffet den apenninske siden av Toscana og Emilia-Romagna siden i<\/p>\n","protected":false},"author":1,"featured_media":2853,"comment_status":"closed","ping_status":"open","sticky":false,"template":"","format":"standard","meta":{"footnotes":""},"categories":[26],"tags":[475,468,471,478,476,473,81,474,472,477,470,469],"class_list":["post-2852","post","type-post","status-publish","format-standard","has-post-thumbnail","hentry","category-miljo","tag-arno","tag-darlig","tag-emilia","tag-fiorentino","tag-flood","tag-florence","tag-pa","tag-risk","tag-romagna","tag-sesto","tag-toscana","tag-vaervarsel","generate-columns","tablet-grid-50","mobile-grid-100","grid-parent","grid-33","resize-featured-image"],"yoast_head":"<!-- This site is optimized with the Yoast SEO plugin v24.4 - https:\/\/yoast.com\/wordpress\/plugins\/seo\/ -->\n<title>D\u00e5rlig v\u00e6rvarsel i Toscana og Emilia Romagna, p\u00e5 Florence Risk for the Arno: Flood in Sesto Fiorentino - Nordnesrepublikken<\/title>\n<meta name=\"robots\" content=\"index, follow, max-snippet:-1, max-image-preview:large, max-video-preview:-1\" \/>\n<link rel=\"canonical\" href=\"https:\/\/nordnesrepublikken.no\/index.php\/2025\/03\/17\/darlig-vaervarsel-i-toscana-og-emilia-romagna-pa-florence-risk-for-the-arno-flood-in-sesto-fiorentino\/\" \/>\n<meta property=\"og:locale\" content=\"nb_NO\" \/>\n<meta property=\"og:type\" content=\"article\" \/>\n<meta property=\"og:title\" content=\"D\u00e5rlig v\u00e6rvarsel i Toscana og Emilia Romagna, p\u00e5 Florence Risk for the Arno: Flood in Sesto Fiorentino - Nordnesrepublikken\" \/>\n<meta property=\"og:description\" content=\"Det d\u00e5rlige v\u00e6ret som har truffet den apenninske siden av Toscana og Emilia-Romagna siden i\" \/>\n<meta property=\"og:url\" content=\"https:\/\/nordnesrepublikken.no\/index.php\/2025\/03\/17\/darlig-vaervarsel-i-toscana-og-emilia-romagna-pa-florence-risk-for-the-arno-flood-in-sesto-fiorentino\/\" \/>\n<meta property=\"og:site_name\" content=\"Nordnesrepublikken\" \/>\n<meta property=\"article:published_time\" content=\"2025-03-17T02:51:00+00:00\" \/>\n<meta property=\"article:modified_time\" content=\"2025-03-17T02:51:06+00:00\" \/>\n<meta property=\"og:image\" content=\"https:\/\/nordnesrepublikken.no\/wp-content\/uploads\/2025\/03\/1742179862_Darlig-vaervarsel-i-Toscana-og-Emilia-Romagna-pa-Florence-Risk-scaled.jpg\" \/>\n\t<meta property=\"og:image:width\" content=\"2560\" \/>\n\t<meta property=\"og:image:height\" content=\"1468\" \/>\n\t<meta property=\"og:image:type\" content=\"image\/jpeg\" \/>\n<meta name=\"author\" content=\"Ole Andersen\" \/>\n<meta name=\"twitter:card\" content=\"summary_large_image\" \/>\n<meta name=\"twitter:label1\" content=\"Skrevet av\" \/>\n\t<meta name=\"twitter:data1\" content=\"Ole Andersen\" \/>\n\t<meta name=\"twitter:label2\" content=\"Ansl. lesetid\" \/>\n\t<meta name=\"twitter:data2\" content=\"2 minutter\" \/>\n<script type=\"application\/ld+json\" class=\"yoast-schema-graph\">{\"@context\":\"https:\/\/schema.org\",\"@graph\":[{\"@type\":\"Article\",\"@id\":\"https:\/\/nordnesrepublikken.no\/index.php\/2025\/03\/17\/darlig-vaervarsel-i-toscana-og-emilia-romagna-pa-florence-risk-for-the-arno-flood-in-sesto-fiorentino\/#article\",\"isPartOf\":{\"@id\":\"https:\/\/nordnesrepublikken.no\/index.php\/2025\/03\/17\/darlig-vaervarsel-i-toscana-og-emilia-romagna-pa-florence-risk-for-the-arno-flood-in-sesto-fiorentino\/\"},\"author\":{\"name\":\"Ole Andersen\",\"@id\":\"https:\/\/nordnesrepublikken.no\/#\/schema\/person\/2e7e81935bab77882fffb79296240ff1\"},\"headline\":\"D\u00e5rlig v\u00e6rvarsel i Toscana og Emilia Romagna, p\u00e5 Florence Risk for the Arno: Flood in Sesto Fiorentino\",\"datePublished\":\"2025-03-17T02:51:00+00:00\",\"dateModified\":\"2025-03-17T02:51:06+00:00\",\"mainEntityOfPage\":{\"@id\":\"https:\/\/nordnesrepublikken.no\/index.php\/2025\/03\/17\/darlig-vaervarsel-i-toscana-og-emilia-romagna-pa-florence-risk-for-the-arno-flood-in-sesto-fiorentino\/\"},\"wordCount\":360,\"publisher\":{\"@id\":\"https:\/\/nordnesrepublikken.no\/#organization\"},\"image\":{\"@id\":\"https:\/\/nordnesrepublikken.no\/index.php\/2025\/03\/17\/darlig-vaervarsel-i-toscana-og-emilia-romagna-pa-florence-risk-for-the-arno-flood-in-sesto-fiorentino\/#primaryimage\"},\"thumbnailUrl\":\"https:\/\/nordnesrepublikken.no\/wp-content\/uploads\/2025\/03\/1742179862_Darlig-vaervarsel-i-Toscana-og-Emilia-Romagna-pa-Florence-Risk-scaled.jpg\",\"keywords\":[\"Arno\",\"D\u00e5rlig\",\"Emilia\",\"Fiorentino\",\"Flood\",\"Florence\",\"p\u00e5\",\"Risk\",\"Romagna\",\"Sesto\",\"Toscana\",\"v\u00e6rvarsel\"],\"articleSection\":[\"Milj\u00f8\"],\"inLanguage\":\"nb-NO\"},{\"@type\":\"WebPage\",\"@id\":\"https:\/\/nordnesrepublikken.no\/index.php\/2025\/03\/17\/darlig-vaervarsel-i-toscana-og-emilia-romagna-pa-florence-risk-for-the-arno-flood-in-sesto-fiorentino\/\",\"url\":\"https:\/\/nordnesrepublikken.no\/index.php\/2025\/03\/17\/darlig-vaervarsel-i-toscana-og-emilia-romagna-pa-florence-risk-for-the-arno-flood-in-sesto-fiorentino\/\",\"name\":\"D\u00e5rlig v\u00e6rvarsel i Toscana og Emilia Romagna, p\u00e5 Florence Risk for the Arno: Flood in Sesto Fiorentino - Nordnesrepublikken\",\"isPartOf\":{\"@id\":\"https:\/\/nordnesrepublikken.no\/#website\"},\"primaryImageOfPage\":{\"@id\":\"https:\/\/nordnesrepublikken.no\/index.php\/2025\/03\/17\/darlig-vaervarsel-i-toscana-og-emilia-romagna-pa-florence-risk-for-the-arno-flood-in-sesto-fiorentino\/#primaryimage\"},\"image\":{\"@id\":\"https:\/\/nordnesrepublikken.no\/index.php\/2025\/03\/17\/darlig-vaervarsel-i-toscana-og-emilia-romagna-pa-florence-risk-for-the-arno-flood-in-sesto-fiorentino\/#primaryimage\"},\"thumbnailUrl\":\"https:\/\/nordnesrepublikken.no\/wp-content\/uploads\/2025\/03\/1742179862_Darlig-vaervarsel-i-Toscana-og-Emilia-Romagna-pa-Florence-Risk-scaled.jpg\",\"datePublished\":\"2025-03-17T02:51:00+00:00\",\"dateModified\":\"2025-03-17T02:51:06+00:00\",\"breadcrumb\":{\"@id\":\"https:\/\/nordnesrepublikken.no\/index.php\/2025\/03\/17\/darlig-vaervarsel-i-toscana-og-emilia-romagna-pa-florence-risk-for-the-arno-flood-in-sesto-fiorentino\/#breadcrumb\"},\"inLanguage\":\"nb-NO\",\"potentialAction\":[{\"@type\":\"ReadAction\",\"target\":[\"https:\/\/nordnesrepublikken.no\/index.php\/2025\/03\/17\/darlig-vaervarsel-i-toscana-og-emilia-romagna-pa-florence-risk-for-the-arno-flood-in-sesto-fiorentino\/\"]}]},{\"@type\":\"ImageObject\",\"inLanguage\":\"nb-NO\",\"@id\":\"https:\/\/nordnesrepublikken.no\/index.php\/2025\/03\/17\/darlig-vaervarsel-i-toscana-og-emilia-romagna-pa-florence-risk-for-the-arno-flood-in-sesto-fiorentino\/#primaryimage\",\"url\":\"https:\/\/nordnesrepublikken.no\/wp-content\/uploads\/2025\/03\/1742179862_Darlig-vaervarsel-i-Toscana-og-Emilia-Romagna-pa-Florence-Risk-scaled.jpg\",\"contentUrl\":\"https:\/\/nordnesrepublikken.no\/wp-content\/uploads\/2025\/03\/1742179862_Darlig-vaervarsel-i-Toscana-og-Emilia-Romagna-pa-Florence-Risk-scaled.jpg\",\"width\":2560,\"height\":1468,\"caption\":\"alluvione sesto fiorentino\"},{\"@type\":\"BreadcrumbList\",\"@id\":\"https:\/\/nordnesrepublikken.no\/index.php\/2025\/03\/17\/darlig-vaervarsel-i-toscana-og-emilia-romagna-pa-florence-risk-for-the-arno-flood-in-sesto-fiorentino\/#breadcrumb\",\"itemListElement\":[{\"@type\":\"ListItem\",\"position\":1,\"name\":\"Home\",\"item\":\"https:\/\/nordnesrepublikken.no\/\"},{\"@type\":\"ListItem\",\"position\":2,\"name\":\"D\u00e5rlig v\u00e6rvarsel i Toscana og Emilia Romagna, p\u00e5 Florence Risk for the Arno: Flood in Sesto Fiorentino\"}]},{\"@type\":\"WebSite\",\"@id\":\"https:\/\/nordnesrepublikken.no\/#website\",\"url\":\"https:\/\/nordnesrepublikken.no\/\",\"name\":\"Nordnesrepublikken\",\"description\":\"Stemmer og Visjoner fra Republikkens Hjerte\",\"publisher\":{\"@id\":\"https:\/\/nordnesrepublikken.no\/#organization\"},\"potentialAction\":[{\"@type\":\"SearchAction\",\"target\":{\"@type\":\"EntryPoint\",\"urlTemplate\":\"https:\/\/nordnesrepublikken.no\/?s={search_term_string}\"},\"query-input\":{\"@type\":\"PropertyValueSpecification\",\"valueRequired\":true,\"valueName\":\"search_term_string\"}}],\"inLanguage\":\"nb-NO\"},{\"@type\":\"Organization\",\"@id\":\"https:\/\/nordnesrepublikken.no\/#organization\",\"name\":\"Nordnesrepublikken\",\"url\":\"https:\/\/nordnesrepublikken.no\/\",\"logo\":{\"@type\":\"ImageObject\",\"inLanguage\":\"nb-NO\",\"@id\":\"https:\/\/nordnesrepublikken.no\/#\/schema\/logo\/image\/\",\"url\":\"https:\/\/nordnesrepublikken.no\/wp-content\/uploads\/2025\/02\/cropped-nordnesrepublikken-2.png\",\"contentUrl\":\"https:\/\/nordnesrepublikken.no\/wp-content\/uploads\/2025\/02\/cropped-nordnesrepublikken-2.png\",\"width\":1248,\"height\":362,\"caption\":\"Nordnesrepublikken\"},\"image\":{\"@id\":\"https:\/\/nordnesrepublikken.no\/#\/schema\/logo\/image\/\"}},{\"@type\":\"Person\",\"@id\":\"https:\/\/nordnesrepublikken.no\/#\/schema\/person\/2e7e81935bab77882fffb79296240ff1\",\"name\":\"Ole Andersen\",\"image\":{\"@type\":\"ImageObject\",\"inLanguage\":\"nb-NO\",\"@id\":\"https:\/\/nordnesrepublikken.no\/#\/schema\/person\/image\/\",\"url\":\"https:\/\/nordnesrepublikken.no\/wp-content\/uploads\/2025\/02\/nordnesrepublikken-2-2-150x150.jpg\",\"contentUrl\":\"https:\/\/nordnesrepublikken.no\/wp-content\/uploads\/2025\/02\/nordnesrepublikken-2-2-150x150.jpg\",\"caption\":\"Ole Andersen\"},\"description\":\"Ettersom jeg vokste opp i Oslo, har jeg alltid v\u00e6rt fascinert av ordenes kraft og deres evne til \u00e5 skape endringer. Etter \u00e5 ha fullf\u00f8rt min utdannelse i kommunikasjon ved Universitetet i Bergen, fikk jeg muligheten til \u00e5 jobbe innen ulike medier, der jeg har s\u00f8kt \u00e5 belyse viktige samfunnssp\u00f8rsm\u00e5l. I dag, som redakt\u00f8r for Nordnesrepublikken, pr\u00f8ver jeg \u00e5 forene min kj\u00e6rlighet for journalistikk med min lidenskap for innovasjon og eventyr.\",\"sameAs\":[\"https:\/\/nordnesrepublikken.no\/\"]}]}<\/script>\n<!-- \/ Yoast SEO plugin. -->","yoast_head_json":{"title":"D\u00e5rlig v\u00e6rvarsel i Toscana og Emilia Romagna, p\u00e5 Florence Risk for the Arno: Flood in Sesto Fiorentino - Nordnesrepublikken","robots":{"index":"index","follow":"follow","max-snippet":"max-snippet:-1","max-image-preview":"max-image-preview:large","max-video-preview":"max-video-preview:-1"},"canonical":"https:\/\/nordnesrepublikken.no\/index.php\/2025\/03\/17\/darlig-vaervarsel-i-toscana-og-emilia-romagna-pa-florence-risk-for-the-arno-flood-in-sesto-fiorentino\/","og_locale":"nb_NO","og_type":"article","og_title":"D\u00e5rlig v\u00e6rvarsel i Toscana og Emilia Romagna, p\u00e5 Florence Risk for the Arno: Flood in Sesto Fiorentino - Nordnesrepublikken","og_description":"Det d\u00e5rlige v\u00e6ret som har truffet den apenninske siden av Toscana og Emilia-Romagna siden i","og_url":"https:\/\/nordnesrepublikken.no\/index.php\/2025\/03\/17\/darlig-vaervarsel-i-toscana-og-emilia-romagna-pa-florence-risk-for-the-arno-flood-in-sesto-fiorentino\/","og_site_name":"Nordnesrepublikken","article_published_time":"2025-03-17T02:51:00+00:00","article_modified_time":"2025-03-17T02:51:06+00:00","og_image":[{"width":2560,"height":1468,"url":"https:\/\/nordnesrepublikken.no\/wp-content\/uploads\/2025\/03\/1742179862_Darlig-vaervarsel-i-Toscana-og-Emilia-Romagna-pa-Florence-Risk-scaled.jpg","type":"image\/jpeg"}],"author":"Ole Andersen","twitter_card":"summary_large_image","twitter_misc":{"Skrevet av":"Ole Andersen","Ansl. lesetid":"2 minutter"},"schema":{"@context":"https:\/\/schema.org","@graph":[{"@type":"Article","@id":"https:\/\/nordnesrepublikken.no\/index.php\/2025\/03\/17\/darlig-vaervarsel-i-toscana-og-emilia-romagna-pa-florence-risk-for-the-arno-flood-in-sesto-fiorentino\/#article","isPartOf":{"@id":"https:\/\/nordnesrepublikken.no\/index.php\/2025\/03\/17\/darlig-vaervarsel-i-toscana-og-emilia-romagna-pa-florence-risk-for-the-arno-flood-in-sesto-fiorentino\/"},"author":{"name":"Ole Andersen","@id":"https:\/\/nordnesrepublikken.no\/#\/schema\/person\/2e7e81935bab77882fffb79296240ff1"},"headline":"D\u00e5rlig v\u00e6rvarsel i Toscana og Emilia Romagna, p\u00e5 Florence Risk for the Arno: Flood in Sesto Fiorentino","datePublished":"2025-03-17T02:51:00+00:00","dateModified":"2025-03-17T02:51:06+00:00","mainEntityOfPage":{"@id":"https:\/\/nordnesrepublikken.no\/index.php\/2025\/03\/17\/darlig-vaervarsel-i-toscana-og-emilia-romagna-pa-florence-risk-for-the-arno-flood-in-sesto-fiorentino\/"},"wordCount":360,"publisher":{"@id":"https:\/\/nordnesrepublikken.no\/#organization"},"image":{"@id":"https:\/\/nordnesrepublikken.no\/index.php\/2025\/03\/17\/darlig-vaervarsel-i-toscana-og-emilia-romagna-pa-florence-risk-for-the-arno-flood-in-sesto-fiorentino\/#primaryimage"},"thumbnailUrl":"https:\/\/nordnesrepublikken.no\/wp-content\/uploads\/2025\/03\/1742179862_Darlig-vaervarsel-i-Toscana-og-Emilia-Romagna-pa-Florence-Risk-scaled.jpg","keywords":["Arno","D\u00e5rlig","Emilia","Fiorentino","Flood","Florence","p\u00e5","Risk","Romagna","Sesto","Toscana","v\u00e6rvarsel"],"articleSection":["Milj\u00f8"],"inLanguage":"nb-NO"},{"@type":"WebPage","@id":"https:\/\/nordnesrepublikken.no\/index.php\/2025\/03\/17\/darlig-vaervarsel-i-toscana-og-emilia-romagna-pa-florence-risk-for-the-arno-flood-in-sesto-fiorentino\/","url":"https:\/\/nordnesrepublikken.no\/index.php\/2025\/03\/17\/darlig-vaervarsel-i-toscana-og-emilia-romagna-pa-florence-risk-for-the-arno-flood-in-sesto-fiorentino\/","name":"D\u00e5rlig v\u00e6rvarsel i Toscana og Emilia Romagna, p\u00e5 Florence Risk for the Arno: Flood in Sesto Fiorentino - Nordnesrepublikken","isPartOf":{"@id":"https:\/\/nordnesrepublikken.no\/#website"},"primaryImageOfPage":{"@id":"https:\/\/nordnesrepublikken.no\/index.php\/2025\/03\/17\/darlig-vaervarsel-i-toscana-og-emilia-romagna-pa-florence-risk-for-the-arno-flood-in-sesto-fiorentino\/#primaryimage"},"image":{"@id":"https:\/\/nordnesrepublikken.no\/index.php\/2025\/03\/17\/darlig-vaervarsel-i-toscana-og-emilia-romagna-pa-florence-risk-for-the-arno-flood-in-sesto-fiorentino\/#primaryimage"},"thumbnailUrl":"https:\/\/nordnesrepublikken.no\/wp-content\/uploads\/2025\/03\/1742179862_Darlig-vaervarsel-i-Toscana-og-Emilia-Romagna-pa-Florence-Risk-scaled.jpg","datePublished":"2025-03-17T02:51:00+00:00","dateModified":"2025-03-17T02:51:06+00:00","breadcrumb":{"@id":"https:\/\/nordnesrepublikken.no\/index.php\/2025\/03\/17\/darlig-vaervarsel-i-toscana-og-emilia-romagna-pa-florence-risk-for-the-arno-flood-in-sesto-fiorentino\/#breadcrumb"},"inLanguage":"nb-NO","potentialAction":[{"@type":"ReadAction","target":["https:\/\/nordnesrepublikken.no\/index.php\/2025\/03\/17\/darlig-vaervarsel-i-toscana-og-emilia-romagna-pa-florence-risk-for-the-arno-flood-in-sesto-fiorentino\/"]}]},{"@type":"ImageObject","inLanguage":"nb-NO","@id":"https:\/\/nordnesrepublikken.no\/index.php\/2025\/03\/17\/darlig-vaervarsel-i-toscana-og-emilia-romagna-pa-florence-risk-for-the-arno-flood-in-sesto-fiorentino\/#primaryimage","url":"https:\/\/nordnesrepublikken.no\/wp-content\/uploads\/2025\/03\/1742179862_Darlig-vaervarsel-i-Toscana-og-Emilia-Romagna-pa-Florence-Risk-scaled.jpg","contentUrl":"https:\/\/nordnesrepublikken.no\/wp-content\/uploads\/2025\/03\/1742179862_Darlig-vaervarsel-i-Toscana-og-Emilia-Romagna-pa-Florence-Risk-scaled.jpg","width":2560,"height":1468,"caption":"alluvione sesto fiorentino"},{"@type":"BreadcrumbList","@id":"https:\/\/nordnesrepublikken.no\/index.php\/2025\/03\/17\/darlig-vaervarsel-i-toscana-og-emilia-romagna-pa-florence-risk-for-the-arno-flood-in-sesto-fiorentino\/#breadcrumb","itemListElement":[{"@type":"ListItem","position":1,"name":"Home","item":"https:\/\/nordnesrepublikken.no\/"},{"@type":"ListItem","position":2,"name":"D\u00e5rlig v\u00e6rvarsel i Toscana og Emilia Romagna, p\u00e5 Florence Risk for the Arno: Flood in Sesto Fiorentino"}]},{"@type":"WebSite","@id":"https:\/\/nordnesrepublikken.no\/#website","url":"https:\/\/nordnesrepublikken.no\/","name":"Nordnesrepublikken","description":"Stemmer og Visjoner fra Republikkens Hjerte","publisher":{"@id":"https:\/\/nordnesrepublikken.no\/#organization"},"potentialAction":[{"@type":"SearchAction","target":{"@type":"EntryPoint","urlTemplate":"https:\/\/nordnesrepublikken.no\/?s={search_term_string}"},"query-input":{"@type":"PropertyValueSpecification","valueRequired":true,"valueName":"search_term_string"}}],"inLanguage":"nb-NO"},{"@type":"Organization","@id":"https:\/\/nordnesrepublikken.no\/#organization","name":"Nordnesrepublikken","url":"https:\/\/nordnesrepublikken.no\/","logo":{"@type":"ImageObject","inLanguage":"nb-NO","@id":"https:\/\/nordnesrepublikken.no\/#\/schema\/logo\/image\/","url":"https:\/\/nordnesrepublikken.no\/wp-content\/uploads\/2025\/02\/cropped-nordnesrepublikken-2.png","contentUrl":"https:\/\/nordnesrepublikken.no\/wp-content\/uploads\/2025\/02\/cropped-nordnesrepublikken-2.png","width":1248,"height":362,"caption":"Nordnesrepublikken"},"image":{"@id":"https:\/\/nordnesrepublikken.no\/#\/schema\/logo\/image\/"}},{"@type":"Person","@id":"https:\/\/nordnesrepublikken.no\/#\/schema\/person\/2e7e81935bab77882fffb79296240ff1","name":"Ole Andersen","image":{"@type":"ImageObject","inLanguage":"nb-NO","@id":"https:\/\/nordnesrepublikken.no\/#\/schema\/person\/image\/","url":"https:\/\/nordnesrepublikken.no\/wp-content\/uploads\/2025\/02\/nordnesrepublikken-2-2-150x150.jpg","contentUrl":"https:\/\/nordnesrepublikken.no\/wp-content\/uploads\/2025\/02\/nordnesrepublikken-2-2-150x150.jpg","caption":"Ole Andersen"},"description":"Ettersom jeg vokste opp i Oslo, har jeg alltid v\u00e6rt fascinert av ordenes kraft og deres evne til \u00e5 skape endringer. Etter \u00e5 ha fullf\u00f8rt min utdannelse i kommunikasjon ved Universitetet i Bergen, fikk jeg muligheten til \u00e5 jobbe innen ulike medier, der jeg har s\u00f8kt \u00e5 belyse viktige samfunnssp\u00f8rsm\u00e5l. I dag, som redakt\u00f8r for Nordnesrepublikken, pr\u00f8ver jeg \u00e5 forene min kj\u00e6rlighet for journalistikk med min lidenskap for innovasjon og eventyr.","sameAs":["https:\/\/nordnesrepublikken.no\/"]}]}},"_links":{"self":[{"href":"https:\/\/nordnesrepublikken.no\/index.php\/wp-json\/wp\/v2\/posts\/2852","targetHints":{"allow":["GET"]}}],"collection":[{"href":"https:\/\/nordnesrepublikken.no\/index.php\/wp-json\/wp\/v2\/posts"}],"about":[{"href":"https:\/\/nordnesrepublikken.no\/index.php\/wp-json\/wp\/v2\/types\/post"}],"author":[{"embeddable":true,"href":"https:\/\/nordnesrepublikken.no\/index.php\/wp-json\/wp\/v2\/users\/1"}],"replies":[{"embeddable":true,"href":"https:\/\/nordnesrepublikken.no\/index.php\/wp-json\/wp\/v2\/comments?post=2852"}],"version-history":[{"count":1,"href":"https:\/\/nordnesrepublikken.no\/index.php\/wp-json\/wp\/v2\/posts\/2852\/revisions"}],"predecessor-version":[{"id":2854,"href":"https:\/\/nordnesrepublikken.no\/index.php\/wp-json\/wp\/v2\/posts\/2852\/revisions\/2854"}],"wp:featuredmedia":[{"embeddable":true,"href":"https:\/\/nordnesrepublikken.no\/index.php\/wp-json\/wp\/v2\/media\/2853"}],"wp:attachment":[{"href":"https:\/\/nordnesrepublikken.no\/index.php\/wp-json\/wp\/v2\/media?parent=2852"}],"wp:term":[{"taxonomy":"category","embeddable":true,"href":"https:\/\/nordnesrepublikken.no\/index.php\/wp-json\/wp\/v2\/categories?post=2852"},{"taxonomy":"post_tag","embeddable":true,"href":"https:\/\/nordnesrepublikken.no\/index.php\/wp-json\/wp\/v2\/tags?post=2852"}],"curies":[{"name":"wp","href":"https:\/\/api.w.org\/{rel}","templated":true}]}}