{"id":2849,"date":"2025-03-17T01:50:03","date_gmt":"2025-03-17T00:50:03","guid":{"rendered":"https:\/\/nordnesrepublikken.no\/index.php\/2025\/03\/17\/genius-and-madness-er-de-virkelig-arm-i-arm\/"},"modified":"2025-03-17T01:50:09","modified_gmt":"2025-03-17T00:50:09","slug":"genius-and-madness-er-de-virkelig-arm-i-arm","status":"publish","type":"post","link":"https:\/\/nordnesrepublikken.no\/index.php\/2025\/03\/17\/genius-and-madness-er-de-virkelig-arm-i-arm\/","title":{"rendered":"&laquo;Genius and Madness&raquo; er de virkelig arm i arm?"},"content":{"rendered":"<div>\n      <!-- CONTENT --><\/p>\n<div class=\"cp_wrapper cp_wrapper--fw mb-30 mb-20@tablet\">\n<figure class=\"mm\"><picture class=\"img\" style=\"padding-top:56.25%\"><source  media=\"(min-width: 1024px)\"><source  media=\"(min-width: 768px)\"><\/source><\/source><\/picture><\/figure>\n<\/p><\/div>\n<p>Assosiasjonen mellom <strong>geni og galskap<\/strong> Det er ikke nylig tro, det sies at for \u00e5 v\u00e6re kreativ m\u00e5 du v\u00e6re gal. Allerede <strong>Platon<\/strong> snakker, in <em>Phaedro<\/em>av &laquo;guddommelig galskap&raquo; for \u00e5 referere til menneskets kreative evne, og <strong>Cesare Lombroso<\/strong>en ber\u00f8mt italiensk frenolog, teoretisert det geniet var en form for <strong>mental degenerasjon<\/strong>. For \u00e5 mate dette forholdet har historiene (kanskje til og med litt fiktive) av kunstnere, forfattere og forskere med turbulente liv, som Van Gogh, Nikola Tesla og John Nash, drevet det <strong>stereotype<\/strong> Rundt forholdet mellom <strong>kreativitet<\/strong> Og <strong>Psykiatriske lidelser<\/strong>. Geniet kalles den som kan produsere unike, originale og nyttige ideer, mens galskap er relatert til tilstedev\u00e6relsen av psykopatologier. Mange forskere har pr\u00f8vd \u00e5 forst\u00e5 om det virkelig var en kobling mellom geni og galskap, men forskningen som for tiden er tilgjengelig, forteller oss at i virkeligheten bare er dette forholdet bare en <strong>myte<\/strong> <strong>popul\u00e6r, <\/strong>Selv om noe forskning viser en st\u00f8rre evne til \u00e5 &laquo;tenke ut av m\u00f8nstrene&raquo; hos emner med milde psykopatologier.<\/p>\n<h2><strong>Den virkelige vitenskapelige b\u00e5ndet mellom geni og psykiske lidelser<\/strong><\/h2>\n<p>Det er en ansvarsfraskrivelse \u00e5 gj\u00f8re umiddelbart: Hva menes med geni? Hva for galskap i stedet? Forskere har konseptualisert<strong> geni<\/strong> N\u00e5r det gjelder <strong>kreativitet<\/strong>muligheten til \u00e5 produsere originale ideer eller produkter samtidig. Der <strong>d\u00e5rskap<\/strong>enklere, er tilstanden der det er en eller flere <strong>psykopatologier<\/strong>Syndromer preget av en urovekkende endring av hum\u00f8r, atferd og kognitive funksjoner. Men ogs\u00e5 her blir ting komplisert: Hvilken psykopatologi \u00f8nsker vi \u00e5 studere for \u00e5 se om det er relatert til geni? Det er mange i det medisinske spekteret: schizofreni, bipolar lidelse, autistisk spektrumforstyrrelse og s\u00e5 videre. Hver av disse presenterer forskjellige egenskaper, forskjellige m\u00e5ter \u00e5 v\u00e6re mental og stor drift <strong>Individuell variabilitet<\/strong>.<\/p>\n<p>Netto av denne avklaringen, som imidlertid fortsatt er den viktigste tingen, forteller studiene oss at<strong> Forholdet mellom geni og galskap <\/strong>tilh\u00f8rer mer verden av<strong> Myter<\/strong> <strong>popul\u00e6r<\/strong> det ikke til vitenskapelig virkelighet, som fremhevet av forskjellige <strong>Meta -analyse<\/strong> (En type studier som inneholder mye tidligere forskning). Studerer <strong>schizofreni<\/strong>Acar og kolleger i 2018 f\u00e5r frem en litt korrelasjon <strong>negativ<\/strong> mellom denne psykopatologien og kreative evnen. Tilsvarende for<strong>autisme<\/strong>: ytterligere 2020 meta -analyse fremhever hvordan, <strong>I gjennomsnitt,<\/strong> I befolkningen som faller innenfor det autistiske spektrumsyndromet, finner vi en <strong>Lavere antall kreative individer<\/strong> sammenlignet med den ikke -autistiske befolkningen. For <strong>bipolar lidelse<\/strong>p\u00e5 den annen side ser situasjonen ut til \u00e5 endre seg i en positiv forstand, med noen mistanker som indikerer et lys <strong>fordel<\/strong> i kreativiteten til bipolare fag.<\/p>\n<div class=\"cp_wrapper cp_wrapper--fw mb-50\">\n<figure class=\"mm\"><picture class=\"img\" style=\"padding-top:66.666666666667%\"><source  media=\"(min-width: 1024px)\"><source  media=\"(min-width: 768px)\"><img decoding=\"async\" loading=\"lazy\" src=\"https:\/\/nordnesrepublikken.no\/wp-content\/uploads\/2025\/03\/1742172603_259_Genius-and-Madness-er-de-virkelig-arm-i-arm.jpg\" alt=\"Bipolar lidelse\" width=\"3864\" height=\"2576\"><\/source><\/source><\/picture><\/figure>\n<\/p><\/div>\n<h2><strong>Hvordan m\u00e5le kreativitet<\/strong><\/h2>\n<p>I virkeligheten er problemet enda mer sammensatt, fordi det \u00e5 etablere om det er en sammenheng mellom kreativitet og psykopatologi i stor grad ogs\u00e5 avhenger av hvordan vi m\u00e5ler og evaluerer kreativitet.<\/p>\n<p>Ta for eksempel bare to parametere for kreativitet, nemlig divergerende og konvergent kreativitet. Kreativitet <strong>divergent<\/strong> Det er den typen kreativitet som stammer fra &laquo;<strong>Tenk ut av boksen<\/strong>&laquo;, Travelveier og ideer som enn\u00e5 ikke er sl\u00e5tt og pr\u00f8ver \u00e5 omdefinere konseptene for \u00e5 gjenskape nye. Den typen kreativitet som f\u00f8rer til <strong>revolusjoner<\/strong> P\u00e5 det kunstneriske og vitenskapelige feltet, som starter nye teorier eller tankegang.<\/p>\n<p>Kreativitet <strong>konvergent<\/strong>Tvert imot, det er den typen kreativitet som ang\u00e5r evnen til \u00e5 generere nye konklusjoner og l\u00f8sninger for \u00e5 starte, men fra <strong>Logiske regler allerede er satt: <\/strong>Det vil si \u00e5 l\u00f8se et problem ved \u00e5 anvende og tilpasse spesifikke prosedyrer, uten \u00e5 tenke nytt p\u00e5 selve problemet.<\/p>\n<p>Det som kommer frem fra forskningen, som publisert i magasinet <em>Schizofreni forskning, <\/em>er at personer med forskjellige psykiatriske lidelser <strong>F\u00e5 h\u00f8yere score<\/strong> (enda bedre, selv om litt, sammenlignet med den dyktige befolkningen) i oppgaver av <strong>divergerende kreativitet<\/strong> snarere enn i de av <strong>konvergent kreativitet.<\/strong><\/p>\n<div class=\"cp_wrapper cp_wrapper--fw mb-50\">\n<figure class=\"mm\"><picture class=\"img\" style=\"padding-top:66.666666666667%\"><source  media=\"(min-width: 1024px)\"><source  media=\"(min-width: 768px)\"><img decoding=\"async\" loading=\"lazy\" src=\"https:\/\/nordnesrepublikken.no\/wp-content\/uploads\/2025\/03\/1742172603_165_Genius-and-Madness-er-de-virkelig-arm-i-arm.jpg\" alt=\"forskjellige kognitive kapasiteter\" width=\"3864\" height=\"2576\" class=\"js-seedtag-img\"><\/source><\/source><\/picture><\/figure>\n<\/p><\/div>\n<h2><strong>Mer originale, men mindre effektive l\u00f8sninger<\/strong><\/h2>\n<p>Ved \u00e5 kombinere disse tilsynelatende motstridende resultatene, kommer det frem til at en liten fordel med komponenten i<strong>originalitet<\/strong> av tanker og produkter, men samtidig et underskudd i<strong>effektivitet<\/strong> Sammenlignet med et problem som skal l\u00f8ses, eller et m\u00e5l som skal oppn\u00e5s. Det ser derfor ut til at denne fordelen med originalitet og divergerende tanke blir gitt nettopp av <strong>vanskeligheter med konformisme<\/strong> at den psykopatologiske tilstanden f\u00f8rer med seg, til <strong>mindre sosial motivasjon<\/strong> og en <strong>mental representasjon av verden annerledes allerede i roten<\/strong>det vil si en annen &laquo;perseptuell stil&raquo;.<\/p>\n<p>Imidlertid er denne st\u00f8rre originaliteten knyttet til alvoret i sykdommen: intensivering av psykopatologi, kreative evner avtar. Originalitetens egenskaper har faktisk sitt topp i fag som er til stede <strong>milde former av schizotypy<\/strong> eller <strong>H\u00f8yt fungerende autistisk spektrumforstyrrelse<\/strong>mens de er fullstendig kompromittert i de fagene med avansert kurs eller som f\u00e5r f\u00e5 omsorg.<\/p>\n<\/p><\/div>\n","protected":false},"excerpt":{"rendered":"<p>Assosiasjonen mellom geni og galskap Det er ikke nylig tro, det sies at for \u00e5<\/p>\n","protected":false},"author":1,"featured_media":2850,"comment_status":"closed","ping_status":"open","sticky":false,"template":"","format":"standard","meta":{"footnotes":""},"categories":[24],"tags":[467,465,466,227],"class_list":["post-2849","post","type-post","status-publish","format-standard","has-post-thumbnail","hentry","category-vitenskap","tag-arm","tag-genius","tag-madness","tag-virkelig","generate-columns","tablet-grid-50","mobile-grid-100","grid-parent","grid-33","resize-featured-image"],"yoast_head":"<!-- This site is optimized with the Yoast SEO plugin v24.4 - https:\/\/yoast.com\/wordpress\/plugins\/seo\/ -->\n<title>&quot;Genius and Madness&quot; er de virkelig arm i arm? - Nordnesrepublikken<\/title>\n<meta name=\"robots\" content=\"index, follow, max-snippet:-1, max-image-preview:large, max-video-preview:-1\" \/>\n<link rel=\"canonical\" href=\"https:\/\/nordnesrepublikken.no\/index.php\/2025\/03\/17\/genius-and-madness-er-de-virkelig-arm-i-arm\/\" \/>\n<meta property=\"og:locale\" content=\"nb_NO\" \/>\n<meta property=\"og:type\" content=\"article\" \/>\n<meta property=\"og:title\" content=\"&quot;Genius and Madness&quot; er de virkelig arm i arm? - Nordnesrepublikken\" \/>\n<meta property=\"og:description\" content=\"Assosiasjonen mellom geni og galskap Det er ikke nylig tro, det sies at for \u00e5\" \/>\n<meta property=\"og:url\" content=\"https:\/\/nordnesrepublikken.no\/index.php\/2025\/03\/17\/genius-and-madness-er-de-virkelig-arm-i-arm\/\" \/>\n<meta property=\"og:site_name\" content=\"Nordnesrepublikken\" \/>\n<meta property=\"article:published_time\" content=\"2025-03-17T00:50:03+00:00\" \/>\n<meta property=\"article:modified_time\" content=\"2025-03-17T00:50:09+00:00\" \/>\n<meta property=\"og:image\" content=\"https:\/\/nordnesrepublikken.no\/wp-content\/uploads\/2025\/03\/1742172603_Genius-and-Madness-er-de-virkelig-arm-i-arm-scaled.jpg\" \/>\n\t<meta property=\"og:image:width\" content=\"2560\" \/>\n\t<meta property=\"og:image:height\" content=\"1707\" \/>\n\t<meta property=\"og:image:type\" content=\"image\/jpeg\" \/>\n<meta name=\"author\" content=\"Ole Andersen\" \/>\n<meta name=\"twitter:card\" content=\"summary_large_image\" \/>\n<meta name=\"twitter:label1\" content=\"Skrevet av\" \/>\n\t<meta name=\"twitter:data1\" content=\"Ole Andersen\" \/>\n\t<meta name=\"twitter:label2\" content=\"Ansl. lesetid\" \/>\n\t<meta name=\"twitter:data2\" content=\"4 minutter\" \/>\n<script type=\"application\/ld+json\" class=\"yoast-schema-graph\">{\"@context\":\"https:\/\/schema.org\",\"@graph\":[{\"@type\":\"Article\",\"@id\":\"https:\/\/nordnesrepublikken.no\/index.php\/2025\/03\/17\/genius-and-madness-er-de-virkelig-arm-i-arm\/#article\",\"isPartOf\":{\"@id\":\"https:\/\/nordnesrepublikken.no\/index.php\/2025\/03\/17\/genius-and-madness-er-de-virkelig-arm-i-arm\/\"},\"author\":{\"name\":\"Ole Andersen\",\"@id\":\"https:\/\/nordnesrepublikken.no\/#\/schema\/person\/2e7e81935bab77882fffb79296240ff1\"},\"headline\":\"&laquo;Genius and Madness&raquo; er de virkelig arm i arm?\",\"datePublished\":\"2025-03-17T00:50:03+00:00\",\"dateModified\":\"2025-03-17T00:50:09+00:00\",\"mainEntityOfPage\":{\"@id\":\"https:\/\/nordnesrepublikken.no\/index.php\/2025\/03\/17\/genius-and-madness-er-de-virkelig-arm-i-arm\/\"},\"wordCount\":760,\"publisher\":{\"@id\":\"https:\/\/nordnesrepublikken.no\/#organization\"},\"image\":{\"@id\":\"https:\/\/nordnesrepublikken.no\/index.php\/2025\/03\/17\/genius-and-madness-er-de-virkelig-arm-i-arm\/#primaryimage\"},\"thumbnailUrl\":\"https:\/\/nordnesrepublikken.no\/wp-content\/uploads\/2025\/03\/1742172603_Genius-and-Madness-er-de-virkelig-arm-i-arm-scaled.jpg\",\"keywords\":[\"arm\",\"Genius\",\"Madness\",\"virkelig\"],\"articleSection\":[\"Vitenskap\"],\"inLanguage\":\"nb-NO\"},{\"@type\":\"WebPage\",\"@id\":\"https:\/\/nordnesrepublikken.no\/index.php\/2025\/03\/17\/genius-and-madness-er-de-virkelig-arm-i-arm\/\",\"url\":\"https:\/\/nordnesrepublikken.no\/index.php\/2025\/03\/17\/genius-and-madness-er-de-virkelig-arm-i-arm\/\",\"name\":\"\\\"Genius and Madness\\\" er de virkelig arm i arm? - Nordnesrepublikken\",\"isPartOf\":{\"@id\":\"https:\/\/nordnesrepublikken.no\/#website\"},\"primaryImageOfPage\":{\"@id\":\"https:\/\/nordnesrepublikken.no\/index.php\/2025\/03\/17\/genius-and-madness-er-de-virkelig-arm-i-arm\/#primaryimage\"},\"image\":{\"@id\":\"https:\/\/nordnesrepublikken.no\/index.php\/2025\/03\/17\/genius-and-madness-er-de-virkelig-arm-i-arm\/#primaryimage\"},\"thumbnailUrl\":\"https:\/\/nordnesrepublikken.no\/wp-content\/uploads\/2025\/03\/1742172603_Genius-and-Madness-er-de-virkelig-arm-i-arm-scaled.jpg\",\"datePublished\":\"2025-03-17T00:50:03+00:00\",\"dateModified\":\"2025-03-17T00:50:09+00:00\",\"breadcrumb\":{\"@id\":\"https:\/\/nordnesrepublikken.no\/index.php\/2025\/03\/17\/genius-and-madness-er-de-virkelig-arm-i-arm\/#breadcrumb\"},\"inLanguage\":\"nb-NO\",\"potentialAction\":[{\"@type\":\"ReadAction\",\"target\":[\"https:\/\/nordnesrepublikken.no\/index.php\/2025\/03\/17\/genius-and-madness-er-de-virkelig-arm-i-arm\/\"]}]},{\"@type\":\"ImageObject\",\"inLanguage\":\"nb-NO\",\"@id\":\"https:\/\/nordnesrepublikken.no\/index.php\/2025\/03\/17\/genius-and-madness-er-de-virkelig-arm-i-arm\/#primaryimage\",\"url\":\"https:\/\/nordnesrepublikken.no\/wp-content\/uploads\/2025\/03\/1742172603_Genius-and-Madness-er-de-virkelig-arm-i-arm-scaled.jpg\",\"contentUrl\":\"https:\/\/nordnesrepublikken.no\/wp-content\/uploads\/2025\/03\/1742172603_Genius-and-Madness-er-de-virkelig-arm-i-arm-scaled.jpg\",\"width\":2560,\"height\":1707,\"caption\":\"Genio e follia\"},{\"@type\":\"BreadcrumbList\",\"@id\":\"https:\/\/nordnesrepublikken.no\/index.php\/2025\/03\/17\/genius-and-madness-er-de-virkelig-arm-i-arm\/#breadcrumb\",\"itemListElement\":[{\"@type\":\"ListItem\",\"position\":1,\"name\":\"Home\",\"item\":\"https:\/\/nordnesrepublikken.no\/\"},{\"@type\":\"ListItem\",\"position\":2,\"name\":\"&laquo;Genius and Madness&raquo; er de virkelig arm i arm?\"}]},{\"@type\":\"WebSite\",\"@id\":\"https:\/\/nordnesrepublikken.no\/#website\",\"url\":\"https:\/\/nordnesrepublikken.no\/\",\"name\":\"Nordnesrepublikken\",\"description\":\"Stemmer og Visjoner fra Republikkens Hjerte\",\"publisher\":{\"@id\":\"https:\/\/nordnesrepublikken.no\/#organization\"},\"potentialAction\":[{\"@type\":\"SearchAction\",\"target\":{\"@type\":\"EntryPoint\",\"urlTemplate\":\"https:\/\/nordnesrepublikken.no\/?s={search_term_string}\"},\"query-input\":{\"@type\":\"PropertyValueSpecification\",\"valueRequired\":true,\"valueName\":\"search_term_string\"}}],\"inLanguage\":\"nb-NO\"},{\"@type\":\"Organization\",\"@id\":\"https:\/\/nordnesrepublikken.no\/#organization\",\"name\":\"Nordnesrepublikken\",\"url\":\"https:\/\/nordnesrepublikken.no\/\",\"logo\":{\"@type\":\"ImageObject\",\"inLanguage\":\"nb-NO\",\"@id\":\"https:\/\/nordnesrepublikken.no\/#\/schema\/logo\/image\/\",\"url\":\"https:\/\/nordnesrepublikken.no\/wp-content\/uploads\/2025\/02\/cropped-nordnesrepublikken-2.png\",\"contentUrl\":\"https:\/\/nordnesrepublikken.no\/wp-content\/uploads\/2025\/02\/cropped-nordnesrepublikken-2.png\",\"width\":1248,\"height\":362,\"caption\":\"Nordnesrepublikken\"},\"image\":{\"@id\":\"https:\/\/nordnesrepublikken.no\/#\/schema\/logo\/image\/\"}},{\"@type\":\"Person\",\"@id\":\"https:\/\/nordnesrepublikken.no\/#\/schema\/person\/2e7e81935bab77882fffb79296240ff1\",\"name\":\"Ole Andersen\",\"image\":{\"@type\":\"ImageObject\",\"inLanguage\":\"nb-NO\",\"@id\":\"https:\/\/nordnesrepublikken.no\/#\/schema\/person\/image\/\",\"url\":\"https:\/\/nordnesrepublikken.no\/wp-content\/uploads\/2025\/02\/nordnesrepublikken-2-2-150x150.jpg\",\"contentUrl\":\"https:\/\/nordnesrepublikken.no\/wp-content\/uploads\/2025\/02\/nordnesrepublikken-2-2-150x150.jpg\",\"caption\":\"Ole Andersen\"},\"description\":\"Ettersom jeg vokste opp i Oslo, har jeg alltid v\u00e6rt fascinert av ordenes kraft og deres evne til \u00e5 skape endringer. Etter \u00e5 ha fullf\u00f8rt min utdannelse i kommunikasjon ved Universitetet i Bergen, fikk jeg muligheten til \u00e5 jobbe innen ulike medier, der jeg har s\u00f8kt \u00e5 belyse viktige samfunnssp\u00f8rsm\u00e5l. I dag, som redakt\u00f8r for Nordnesrepublikken, pr\u00f8ver jeg \u00e5 forene min kj\u00e6rlighet for journalistikk med min lidenskap for innovasjon og eventyr.\",\"sameAs\":[\"https:\/\/nordnesrepublikken.no\/\"]}]}<\/script>\n<!-- \/ Yoast SEO plugin. -->","yoast_head_json":{"title":"\"Genius and Madness\" er de virkelig arm i arm? - Nordnesrepublikken","robots":{"index":"index","follow":"follow","max-snippet":"max-snippet:-1","max-image-preview":"max-image-preview:large","max-video-preview":"max-video-preview:-1"},"canonical":"https:\/\/nordnesrepublikken.no\/index.php\/2025\/03\/17\/genius-and-madness-er-de-virkelig-arm-i-arm\/","og_locale":"nb_NO","og_type":"article","og_title":"\"Genius and Madness\" er de virkelig arm i arm? - Nordnesrepublikken","og_description":"Assosiasjonen mellom geni og galskap Det er ikke nylig tro, det sies at for \u00e5","og_url":"https:\/\/nordnesrepublikken.no\/index.php\/2025\/03\/17\/genius-and-madness-er-de-virkelig-arm-i-arm\/","og_site_name":"Nordnesrepublikken","article_published_time":"2025-03-17T00:50:03+00:00","article_modified_time":"2025-03-17T00:50:09+00:00","og_image":[{"width":2560,"height":1707,"url":"https:\/\/nordnesrepublikken.no\/wp-content\/uploads\/2025\/03\/1742172603_Genius-and-Madness-er-de-virkelig-arm-i-arm-scaled.jpg","type":"image\/jpeg"}],"author":"Ole Andersen","twitter_card":"summary_large_image","twitter_misc":{"Skrevet av":"Ole Andersen","Ansl. lesetid":"4 minutter"},"schema":{"@context":"https:\/\/schema.org","@graph":[{"@type":"Article","@id":"https:\/\/nordnesrepublikken.no\/index.php\/2025\/03\/17\/genius-and-madness-er-de-virkelig-arm-i-arm\/#article","isPartOf":{"@id":"https:\/\/nordnesrepublikken.no\/index.php\/2025\/03\/17\/genius-and-madness-er-de-virkelig-arm-i-arm\/"},"author":{"name":"Ole Andersen","@id":"https:\/\/nordnesrepublikken.no\/#\/schema\/person\/2e7e81935bab77882fffb79296240ff1"},"headline":"&laquo;Genius and Madness&raquo; er de virkelig arm i arm?","datePublished":"2025-03-17T00:50:03+00:00","dateModified":"2025-03-17T00:50:09+00:00","mainEntityOfPage":{"@id":"https:\/\/nordnesrepublikken.no\/index.php\/2025\/03\/17\/genius-and-madness-er-de-virkelig-arm-i-arm\/"},"wordCount":760,"publisher":{"@id":"https:\/\/nordnesrepublikken.no\/#organization"},"image":{"@id":"https:\/\/nordnesrepublikken.no\/index.php\/2025\/03\/17\/genius-and-madness-er-de-virkelig-arm-i-arm\/#primaryimage"},"thumbnailUrl":"https:\/\/nordnesrepublikken.no\/wp-content\/uploads\/2025\/03\/1742172603_Genius-and-Madness-er-de-virkelig-arm-i-arm-scaled.jpg","keywords":["arm","Genius","Madness","virkelig"],"articleSection":["Vitenskap"],"inLanguage":"nb-NO"},{"@type":"WebPage","@id":"https:\/\/nordnesrepublikken.no\/index.php\/2025\/03\/17\/genius-and-madness-er-de-virkelig-arm-i-arm\/","url":"https:\/\/nordnesrepublikken.no\/index.php\/2025\/03\/17\/genius-and-madness-er-de-virkelig-arm-i-arm\/","name":"\"Genius and Madness\" er de virkelig arm i arm? - Nordnesrepublikken","isPartOf":{"@id":"https:\/\/nordnesrepublikken.no\/#website"},"primaryImageOfPage":{"@id":"https:\/\/nordnesrepublikken.no\/index.php\/2025\/03\/17\/genius-and-madness-er-de-virkelig-arm-i-arm\/#primaryimage"},"image":{"@id":"https:\/\/nordnesrepublikken.no\/index.php\/2025\/03\/17\/genius-and-madness-er-de-virkelig-arm-i-arm\/#primaryimage"},"thumbnailUrl":"https:\/\/nordnesrepublikken.no\/wp-content\/uploads\/2025\/03\/1742172603_Genius-and-Madness-er-de-virkelig-arm-i-arm-scaled.jpg","datePublished":"2025-03-17T00:50:03+00:00","dateModified":"2025-03-17T00:50:09+00:00","breadcrumb":{"@id":"https:\/\/nordnesrepublikken.no\/index.php\/2025\/03\/17\/genius-and-madness-er-de-virkelig-arm-i-arm\/#breadcrumb"},"inLanguage":"nb-NO","potentialAction":[{"@type":"ReadAction","target":["https:\/\/nordnesrepublikken.no\/index.php\/2025\/03\/17\/genius-and-madness-er-de-virkelig-arm-i-arm\/"]}]},{"@type":"ImageObject","inLanguage":"nb-NO","@id":"https:\/\/nordnesrepublikken.no\/index.php\/2025\/03\/17\/genius-and-madness-er-de-virkelig-arm-i-arm\/#primaryimage","url":"https:\/\/nordnesrepublikken.no\/wp-content\/uploads\/2025\/03\/1742172603_Genius-and-Madness-er-de-virkelig-arm-i-arm-scaled.jpg","contentUrl":"https:\/\/nordnesrepublikken.no\/wp-content\/uploads\/2025\/03\/1742172603_Genius-and-Madness-er-de-virkelig-arm-i-arm-scaled.jpg","width":2560,"height":1707,"caption":"Genio e follia"},{"@type":"BreadcrumbList","@id":"https:\/\/nordnesrepublikken.no\/index.php\/2025\/03\/17\/genius-and-madness-er-de-virkelig-arm-i-arm\/#breadcrumb","itemListElement":[{"@type":"ListItem","position":1,"name":"Home","item":"https:\/\/nordnesrepublikken.no\/"},{"@type":"ListItem","position":2,"name":"&laquo;Genius and Madness&raquo; er de virkelig arm i arm?"}]},{"@type":"WebSite","@id":"https:\/\/nordnesrepublikken.no\/#website","url":"https:\/\/nordnesrepublikken.no\/","name":"Nordnesrepublikken","description":"Stemmer og Visjoner fra Republikkens Hjerte","publisher":{"@id":"https:\/\/nordnesrepublikken.no\/#organization"},"potentialAction":[{"@type":"SearchAction","target":{"@type":"EntryPoint","urlTemplate":"https:\/\/nordnesrepublikken.no\/?s={search_term_string}"},"query-input":{"@type":"PropertyValueSpecification","valueRequired":true,"valueName":"search_term_string"}}],"inLanguage":"nb-NO"},{"@type":"Organization","@id":"https:\/\/nordnesrepublikken.no\/#organization","name":"Nordnesrepublikken","url":"https:\/\/nordnesrepublikken.no\/","logo":{"@type":"ImageObject","inLanguage":"nb-NO","@id":"https:\/\/nordnesrepublikken.no\/#\/schema\/logo\/image\/","url":"https:\/\/nordnesrepublikken.no\/wp-content\/uploads\/2025\/02\/cropped-nordnesrepublikken-2.png","contentUrl":"https:\/\/nordnesrepublikken.no\/wp-content\/uploads\/2025\/02\/cropped-nordnesrepublikken-2.png","width":1248,"height":362,"caption":"Nordnesrepublikken"},"image":{"@id":"https:\/\/nordnesrepublikken.no\/#\/schema\/logo\/image\/"}},{"@type":"Person","@id":"https:\/\/nordnesrepublikken.no\/#\/schema\/person\/2e7e81935bab77882fffb79296240ff1","name":"Ole Andersen","image":{"@type":"ImageObject","inLanguage":"nb-NO","@id":"https:\/\/nordnesrepublikken.no\/#\/schema\/person\/image\/","url":"https:\/\/nordnesrepublikken.no\/wp-content\/uploads\/2025\/02\/nordnesrepublikken-2-2-150x150.jpg","contentUrl":"https:\/\/nordnesrepublikken.no\/wp-content\/uploads\/2025\/02\/nordnesrepublikken-2-2-150x150.jpg","caption":"Ole Andersen"},"description":"Ettersom jeg vokste opp i Oslo, har jeg alltid v\u00e6rt fascinert av ordenes kraft og deres evne til \u00e5 skape endringer. Etter \u00e5 ha fullf\u00f8rt min utdannelse i kommunikasjon ved Universitetet i Bergen, fikk jeg muligheten til \u00e5 jobbe innen ulike medier, der jeg har s\u00f8kt \u00e5 belyse viktige samfunnssp\u00f8rsm\u00e5l. I dag, som redakt\u00f8r for Nordnesrepublikken, pr\u00f8ver jeg \u00e5 forene min kj\u00e6rlighet for journalistikk med min lidenskap for innovasjon og eventyr.","sameAs":["https:\/\/nordnesrepublikken.no\/"]}]}},"_links":{"self":[{"href":"https:\/\/nordnesrepublikken.no\/index.php\/wp-json\/wp\/v2\/posts\/2849","targetHints":{"allow":["GET"]}}],"collection":[{"href":"https:\/\/nordnesrepublikken.no\/index.php\/wp-json\/wp\/v2\/posts"}],"about":[{"href":"https:\/\/nordnesrepublikken.no\/index.php\/wp-json\/wp\/v2\/types\/post"}],"author":[{"embeddable":true,"href":"https:\/\/nordnesrepublikken.no\/index.php\/wp-json\/wp\/v2\/users\/1"}],"replies":[{"embeddable":true,"href":"https:\/\/nordnesrepublikken.no\/index.php\/wp-json\/wp\/v2\/comments?post=2849"}],"version-history":[{"count":1,"href":"https:\/\/nordnesrepublikken.no\/index.php\/wp-json\/wp\/v2\/posts\/2849\/revisions"}],"predecessor-version":[{"id":2851,"href":"https:\/\/nordnesrepublikken.no\/index.php\/wp-json\/wp\/v2\/posts\/2849\/revisions\/2851"}],"wp:featuredmedia":[{"embeddable":true,"href":"https:\/\/nordnesrepublikken.no\/index.php\/wp-json\/wp\/v2\/media\/2850"}],"wp:attachment":[{"href":"https:\/\/nordnesrepublikken.no\/index.php\/wp-json\/wp\/v2\/media?parent=2849"}],"wp:term":[{"taxonomy":"category","embeddable":true,"href":"https:\/\/nordnesrepublikken.no\/index.php\/wp-json\/wp\/v2\/categories?post=2849"},{"taxonomy":"post_tag","embeddable":true,"href":"https:\/\/nordnesrepublikken.no\/index.php\/wp-json\/wp\/v2\/tags?post=2849"}],"curies":[{"name":"wp","href":"https:\/\/api.w.org\/{rel}","templated":true}]}}