{"id":2840,"date":"2025-03-15T15:50:06","date_gmt":"2025-03-15T14:50:06","guid":{"rendered":"https:\/\/nordnesrepublikken.no\/index.php\/2025\/03\/15\/kristiansand-forsvarer-demokratiet-med-en-arlig-konferanse\/"},"modified":"2025-03-15T15:50:06","modified_gmt":"2025-03-15T14:50:06","slug":"kristiansand-forsvarer-demokratiet-med-en-arlig-konferanse","status":"publish","type":"post","link":"https:\/\/nordnesrepublikken.no\/index.php\/2025\/03\/15\/kristiansand-forsvarer-demokratiet-med-en-arlig-konferanse\/","title":{"rendered":"Kristiansand forsvarer demokratiet med en \u00e5rlig konferanse"},"content":{"rendered":"<p><\/p>\n<div class=\"wordpress-content\">\n                    <!-- Article Start --><\/p>\n<p><strong>Byen Kristiansand, ikke langt fra Oslo, vil v\u00e6re vertskap for sin \u00e5rlige europeiske konferanse 5. mai.<\/strong><\/p>\n<p>Som vanlig har konferansen som har blitt avholdt hvert \u00e5r siden 2020 blitt planlagt i samme periode som feiringen for Europa Day som i \u00e5r faller 9. mai.<\/p>\n<p>Arrangementets formelle navn &#8211; europeisk konferanse om demokrati og menneskerettigheter &#8211; avsl\u00f8rer m\u00e5let om \u00e5 understreke behovet for \u00e5 forsvare begge deler.<\/p>\n<div class=\"sra_unit\"><link rel=\"stylesheet\" id=\"block-sra\" href=\"https:\/\/euroweeklynews.com\/wp-content\/plugins\/snack-related-articles\/dist\/css\/snack-related.min.css?250312-193541\" type=\"text\/css\" media=\"all\">\n<\/div>\n<p>Det er ikke tilfeldig at Kristiansands f\u00f8rste konferanse ble avholdt seks m\u00e5neder etter at en kopi av Koranen ble brent i en av byens offentlige torg under en anti-islam-rally av Sian-gruppen i november 2019.<\/p>\n<p>Det var en merkbar politiets tilstedev\u00e6relse, men dette forhindret ikke at rallyet ble til et slagsm\u00e5l etter at 500 motdemonstratorer pr\u00f8vde \u00e5 stoppe brenningen. Kampen ble raskt dempet og Kristiansands ordf\u00f8rer p\u00e5 den tiden, fortalte Harald Furre, til Norges statskringkaster, NRK, at han sterkt ford\u00f8mte den sian -demonstrasjonen.<\/p>\n<h2>Balansere ytringsfrihet og demokratiske verdier<\/h2>\n<p>Kristiansand har et annet motiv for sitt forsvar av demokrati og retten til frihet, ettersom det er stedet for Human Rights Center Archive som ligger i en bygning som var Gestapo -hovedkvarteret under andre verdenskrig.<\/p>\n<p>Nitten m\u00e5neder f\u00f8r Koranen brant ble tre menn som tilh\u00f8rte den nordiske restauransbevegelsen siktet under Norges straffelov for \u00e5 fly Swastika -flagg fra arkivet med inskripsjonen, &laquo;Vi er tilbake.&raquo;<\/p>\n<p>De to hendelsene utl\u00f8ste diskusjoner i Europar\u00e5det om balansen mellom ytringsfriheten og beskyttelsen av demokratiske verdier.<\/p>\n<h2>Uro og usikkerhet i verden<\/h2>\n<p>R\u00e5det la vekt p\u00e5 at demokratiet trengte \u00e5 stamme fra grasrotniv\u00e5, og gitt hendelsene fra den siste tiden, ble Kristiansand og Europar\u00e5det enige om \u00e5 samarbeide om en \u00e5rlig begivenhet som omtrent falt sammen med Europa Day.<\/p>\n<p>&laquo;Uro og usikkerhet i verden betyr at vi m\u00e5 forsvare verdier som demokrati og menneskerettigheter enda sterkere,&raquo; erkl\u00e6rte Kristiansands n\u00e5v\u00e6rende ordf\u00f8rer Mathias Bernander.<\/p>\n<p>\u201dJeg setter veldig stor pris p\u00e5 at vi nok en gang kan invitere noen av Europas mest fremtredende stemmer til Kristiansand i \u00e5r. Deres meldinger og perspektiver vil bidra til \u00e5 fremheve hvordan vi som enkeltpersoner kan forst\u00e5 endringene vi st\u00e5r overfor.<\/p>\n<p>&laquo;Kunnskap og dialog vil bedre utstyre oss til \u00e5 fortsette \u00e5 bygge b\u00e5de lokalt demokrati og tillit blant oss,&raquo; sa han.<\/p>\n<p>                    <!-- Article End --><\/p><\/div>\n","protected":false},"excerpt":{"rendered":"<p>Byen Kristiansand, ikke langt fra Oslo, vil v\u00e6re vertskap for sin \u00e5rlige europeiske konferanse 5.<\/p>\n","protected":false},"author":1,"featured_media":2841,"comment_status":"closed","ping_status":"open","sticky":false,"template":"","format":"standard","meta":{"footnotes":""},"categories":[22],"tags":[454,453,452,455,451,79],"class_list":["post-2840","post","type-post","status-publish","format-standard","has-post-thumbnail","hentry","category-nasjonal","tag-arlig","tag-demokratiet","tag-forsvarer","tag-konferanse","tag-kristiansand","tag-med","generate-columns","tablet-grid-50","mobile-grid-100","grid-parent","grid-33","resize-featured-image"],"yoast_head":"<!-- This site is optimized with the Yoast SEO plugin v24.4 - https:\/\/yoast.com\/wordpress\/plugins\/seo\/ -->\n<title>Kristiansand forsvarer demokratiet med en \u00e5rlig konferanse - Nordnesrepublikken<\/title>\n<meta name=\"robots\" content=\"index, follow, max-snippet:-1, max-image-preview:large, max-video-preview:-1\" \/>\n<link rel=\"canonical\" href=\"https:\/\/nordnesrepublikken.no\/index.php\/2025\/03\/15\/kristiansand-forsvarer-demokratiet-med-en-arlig-konferanse\/\" \/>\n<meta property=\"og:locale\" content=\"nb_NO\" \/>\n<meta property=\"og:type\" content=\"article\" \/>\n<meta property=\"og:title\" content=\"Kristiansand forsvarer demokratiet med en \u00e5rlig konferanse - Nordnesrepublikken\" \/>\n<meta property=\"og:description\" content=\"Byen Kristiansand, ikke langt fra Oslo, vil v\u00e6re vertskap for sin \u00e5rlige europeiske konferanse 5.\" \/>\n<meta property=\"og:url\" content=\"https:\/\/nordnesrepublikken.no\/index.php\/2025\/03\/15\/kristiansand-forsvarer-demokratiet-med-en-arlig-konferanse\/\" \/>\n<meta property=\"og:site_name\" content=\"Nordnesrepublikken\" \/>\n<meta property=\"article:published_time\" content=\"2025-03-15T14:50:06+00:00\" \/>\n<meta property=\"og:image\" content=\"https:\/\/nordnesrepublikken.no\/wp-content\/uploads\/2025\/03\/1742050206_Kristiansand-forsvarer-demokratiet-med-en-arlig-konferanse.jpg\" \/>\n\t<meta property=\"og:image:width\" content=\"1200\" \/>\n\t<meta property=\"og:image:height\" content=\"515\" \/>\n\t<meta property=\"og:image:type\" content=\"image\/jpeg\" \/>\n<meta name=\"author\" content=\"Ole Andersen\" \/>\n<meta name=\"twitter:card\" content=\"summary_large_image\" \/>\n<meta name=\"twitter:label1\" content=\"Skrevet av\" \/>\n\t<meta name=\"twitter:data1\" content=\"Ole Andersen\" \/>\n\t<meta name=\"twitter:label2\" content=\"Ansl. lesetid\" \/>\n\t<meta name=\"twitter:data2\" content=\"2 minutter\" \/>\n<script type=\"application\/ld+json\" class=\"yoast-schema-graph\">{\"@context\":\"https:\/\/schema.org\",\"@graph\":[{\"@type\":\"Article\",\"@id\":\"https:\/\/nordnesrepublikken.no\/index.php\/2025\/03\/15\/kristiansand-forsvarer-demokratiet-med-en-arlig-konferanse\/#article\",\"isPartOf\":{\"@id\":\"https:\/\/nordnesrepublikken.no\/index.php\/2025\/03\/15\/kristiansand-forsvarer-demokratiet-med-en-arlig-konferanse\/\"},\"author\":{\"name\":\"Ole Andersen\",\"@id\":\"https:\/\/nordnesrepublikken.no\/#\/schema\/person\/2e7e81935bab77882fffb79296240ff1\"},\"headline\":\"Kristiansand forsvarer demokratiet med en \u00e5rlig konferanse\",\"datePublished\":\"2025-03-15T14:50:06+00:00\",\"mainEntityOfPage\":{\"@id\":\"https:\/\/nordnesrepublikken.no\/index.php\/2025\/03\/15\/kristiansand-forsvarer-demokratiet-med-en-arlig-konferanse\/\"},\"wordCount\":377,\"publisher\":{\"@id\":\"https:\/\/nordnesrepublikken.no\/#organization\"},\"image\":{\"@id\":\"https:\/\/nordnesrepublikken.no\/index.php\/2025\/03\/15\/kristiansand-forsvarer-demokratiet-med-en-arlig-konferanse\/#primaryimage\"},\"thumbnailUrl\":\"https:\/\/nordnesrepublikken.no\/wp-content\/uploads\/2025\/03\/1742050206_Kristiansand-forsvarer-demokratiet-med-en-arlig-konferanse.jpg\",\"keywords\":[\"\u00e5rlig\",\"demokratiet\",\"forsvarer\",\"konferanse\",\"Kristiansand\",\"med\"],\"articleSection\":[\"Nasjonal\"],\"inLanguage\":\"nb-NO\"},{\"@type\":\"WebPage\",\"@id\":\"https:\/\/nordnesrepublikken.no\/index.php\/2025\/03\/15\/kristiansand-forsvarer-demokratiet-med-en-arlig-konferanse\/\",\"url\":\"https:\/\/nordnesrepublikken.no\/index.php\/2025\/03\/15\/kristiansand-forsvarer-demokratiet-med-en-arlig-konferanse\/\",\"name\":\"Kristiansand forsvarer demokratiet med en \u00e5rlig konferanse - Nordnesrepublikken\",\"isPartOf\":{\"@id\":\"https:\/\/nordnesrepublikken.no\/#website\"},\"primaryImageOfPage\":{\"@id\":\"https:\/\/nordnesrepublikken.no\/index.php\/2025\/03\/15\/kristiansand-forsvarer-demokratiet-med-en-arlig-konferanse\/#primaryimage\"},\"image\":{\"@id\":\"https:\/\/nordnesrepublikken.no\/index.php\/2025\/03\/15\/kristiansand-forsvarer-demokratiet-med-en-arlig-konferanse\/#primaryimage\"},\"thumbnailUrl\":\"https:\/\/nordnesrepublikken.no\/wp-content\/uploads\/2025\/03\/1742050206_Kristiansand-forsvarer-demokratiet-med-en-arlig-konferanse.jpg\",\"datePublished\":\"2025-03-15T14:50:06+00:00\",\"breadcrumb\":{\"@id\":\"https:\/\/nordnesrepublikken.no\/index.php\/2025\/03\/15\/kristiansand-forsvarer-demokratiet-med-en-arlig-konferanse\/#breadcrumb\"},\"inLanguage\":\"nb-NO\",\"potentialAction\":[{\"@type\":\"ReadAction\",\"target\":[\"https:\/\/nordnesrepublikken.no\/index.php\/2025\/03\/15\/kristiansand-forsvarer-demokratiet-med-en-arlig-konferanse\/\"]}]},{\"@type\":\"ImageObject\",\"inLanguage\":\"nb-NO\",\"@id\":\"https:\/\/nordnesrepublikken.no\/index.php\/2025\/03\/15\/kristiansand-forsvarer-demokratiet-med-en-arlig-konferanse\/#primaryimage\",\"url\":\"https:\/\/nordnesrepublikken.no\/wp-content\/uploads\/2025\/03\/1742050206_Kristiansand-forsvarer-demokratiet-med-en-arlig-konferanse.jpg\",\"contentUrl\":\"https:\/\/nordnesrepublikken.no\/wp-content\/uploads\/2025\/03\/1742050206_Kristiansand-forsvarer-demokratiet-med-en-arlig-konferanse.jpg\",\"width\":1200,\"height\":515,\"caption\":\"Kristiansand forsvarer demokratiet med en \u00e5rlig konferanse\"},{\"@type\":\"BreadcrumbList\",\"@id\":\"https:\/\/nordnesrepublikken.no\/index.php\/2025\/03\/15\/kristiansand-forsvarer-demokratiet-med-en-arlig-konferanse\/#breadcrumb\",\"itemListElement\":[{\"@type\":\"ListItem\",\"position\":1,\"name\":\"Home\",\"item\":\"https:\/\/nordnesrepublikken.no\/\"},{\"@type\":\"ListItem\",\"position\":2,\"name\":\"Kristiansand forsvarer demokratiet med en \u00e5rlig konferanse\"}]},{\"@type\":\"WebSite\",\"@id\":\"https:\/\/nordnesrepublikken.no\/#website\",\"url\":\"https:\/\/nordnesrepublikken.no\/\",\"name\":\"Nordnesrepublikken\",\"description\":\"Stemmer og Visjoner fra Republikkens Hjerte\",\"publisher\":{\"@id\":\"https:\/\/nordnesrepublikken.no\/#organization\"},\"potentialAction\":[{\"@type\":\"SearchAction\",\"target\":{\"@type\":\"EntryPoint\",\"urlTemplate\":\"https:\/\/nordnesrepublikken.no\/?s={search_term_string}\"},\"query-input\":{\"@type\":\"PropertyValueSpecification\",\"valueRequired\":true,\"valueName\":\"search_term_string\"}}],\"inLanguage\":\"nb-NO\"},{\"@type\":\"Organization\",\"@id\":\"https:\/\/nordnesrepublikken.no\/#organization\",\"name\":\"Nordnesrepublikken\",\"url\":\"https:\/\/nordnesrepublikken.no\/\",\"logo\":{\"@type\":\"ImageObject\",\"inLanguage\":\"nb-NO\",\"@id\":\"https:\/\/nordnesrepublikken.no\/#\/schema\/logo\/image\/\",\"url\":\"https:\/\/nordnesrepublikken.no\/wp-content\/uploads\/2025\/02\/cropped-nordnesrepublikken-2.png\",\"contentUrl\":\"https:\/\/nordnesrepublikken.no\/wp-content\/uploads\/2025\/02\/cropped-nordnesrepublikken-2.png\",\"width\":1248,\"height\":362,\"caption\":\"Nordnesrepublikken\"},\"image\":{\"@id\":\"https:\/\/nordnesrepublikken.no\/#\/schema\/logo\/image\/\"}},{\"@type\":\"Person\",\"@id\":\"https:\/\/nordnesrepublikken.no\/#\/schema\/person\/2e7e81935bab77882fffb79296240ff1\",\"name\":\"Ole Andersen\",\"image\":{\"@type\":\"ImageObject\",\"inLanguage\":\"nb-NO\",\"@id\":\"https:\/\/nordnesrepublikken.no\/#\/schema\/person\/image\/\",\"url\":\"https:\/\/nordnesrepublikken.no\/wp-content\/uploads\/2025\/02\/nordnesrepublikken-2-2-150x150.jpg\",\"contentUrl\":\"https:\/\/nordnesrepublikken.no\/wp-content\/uploads\/2025\/02\/nordnesrepublikken-2-2-150x150.jpg\",\"caption\":\"Ole Andersen\"},\"description\":\"Ettersom jeg vokste opp i Oslo, har jeg alltid v\u00e6rt fascinert av ordenes kraft og deres evne til \u00e5 skape endringer. Etter \u00e5 ha fullf\u00f8rt min utdannelse i kommunikasjon ved Universitetet i Bergen, fikk jeg muligheten til \u00e5 jobbe innen ulike medier, der jeg har s\u00f8kt \u00e5 belyse viktige samfunnssp\u00f8rsm\u00e5l. I dag, som redakt\u00f8r for Nordnesrepublikken, pr\u00f8ver jeg \u00e5 forene min kj\u00e6rlighet for journalistikk med min lidenskap for innovasjon og eventyr.\",\"sameAs\":[\"https:\/\/nordnesrepublikken.no\/\"]}]}<\/script>\n<!-- \/ Yoast SEO plugin. -->","yoast_head_json":{"title":"Kristiansand forsvarer demokratiet med en \u00e5rlig konferanse - Nordnesrepublikken","robots":{"index":"index","follow":"follow","max-snippet":"max-snippet:-1","max-image-preview":"max-image-preview:large","max-video-preview":"max-video-preview:-1"},"canonical":"https:\/\/nordnesrepublikken.no\/index.php\/2025\/03\/15\/kristiansand-forsvarer-demokratiet-med-en-arlig-konferanse\/","og_locale":"nb_NO","og_type":"article","og_title":"Kristiansand forsvarer demokratiet med en \u00e5rlig konferanse - Nordnesrepublikken","og_description":"Byen Kristiansand, ikke langt fra Oslo, vil v\u00e6re vertskap for sin \u00e5rlige europeiske konferanse 5.","og_url":"https:\/\/nordnesrepublikken.no\/index.php\/2025\/03\/15\/kristiansand-forsvarer-demokratiet-med-en-arlig-konferanse\/","og_site_name":"Nordnesrepublikken","article_published_time":"2025-03-15T14:50:06+00:00","og_image":[{"width":1200,"height":515,"url":"https:\/\/nordnesrepublikken.no\/wp-content\/uploads\/2025\/03\/1742050206_Kristiansand-forsvarer-demokratiet-med-en-arlig-konferanse.jpg","type":"image\/jpeg"}],"author":"Ole Andersen","twitter_card":"summary_large_image","twitter_misc":{"Skrevet av":"Ole Andersen","Ansl. lesetid":"2 minutter"},"schema":{"@context":"https:\/\/schema.org","@graph":[{"@type":"Article","@id":"https:\/\/nordnesrepublikken.no\/index.php\/2025\/03\/15\/kristiansand-forsvarer-demokratiet-med-en-arlig-konferanse\/#article","isPartOf":{"@id":"https:\/\/nordnesrepublikken.no\/index.php\/2025\/03\/15\/kristiansand-forsvarer-demokratiet-med-en-arlig-konferanse\/"},"author":{"name":"Ole Andersen","@id":"https:\/\/nordnesrepublikken.no\/#\/schema\/person\/2e7e81935bab77882fffb79296240ff1"},"headline":"Kristiansand forsvarer demokratiet med en \u00e5rlig konferanse","datePublished":"2025-03-15T14:50:06+00:00","mainEntityOfPage":{"@id":"https:\/\/nordnesrepublikken.no\/index.php\/2025\/03\/15\/kristiansand-forsvarer-demokratiet-med-en-arlig-konferanse\/"},"wordCount":377,"publisher":{"@id":"https:\/\/nordnesrepublikken.no\/#organization"},"image":{"@id":"https:\/\/nordnesrepublikken.no\/index.php\/2025\/03\/15\/kristiansand-forsvarer-demokratiet-med-en-arlig-konferanse\/#primaryimage"},"thumbnailUrl":"https:\/\/nordnesrepublikken.no\/wp-content\/uploads\/2025\/03\/1742050206_Kristiansand-forsvarer-demokratiet-med-en-arlig-konferanse.jpg","keywords":["\u00e5rlig","demokratiet","forsvarer","konferanse","Kristiansand","med"],"articleSection":["Nasjonal"],"inLanguage":"nb-NO"},{"@type":"WebPage","@id":"https:\/\/nordnesrepublikken.no\/index.php\/2025\/03\/15\/kristiansand-forsvarer-demokratiet-med-en-arlig-konferanse\/","url":"https:\/\/nordnesrepublikken.no\/index.php\/2025\/03\/15\/kristiansand-forsvarer-demokratiet-med-en-arlig-konferanse\/","name":"Kristiansand forsvarer demokratiet med en \u00e5rlig konferanse - Nordnesrepublikken","isPartOf":{"@id":"https:\/\/nordnesrepublikken.no\/#website"},"primaryImageOfPage":{"@id":"https:\/\/nordnesrepublikken.no\/index.php\/2025\/03\/15\/kristiansand-forsvarer-demokratiet-med-en-arlig-konferanse\/#primaryimage"},"image":{"@id":"https:\/\/nordnesrepublikken.no\/index.php\/2025\/03\/15\/kristiansand-forsvarer-demokratiet-med-en-arlig-konferanse\/#primaryimage"},"thumbnailUrl":"https:\/\/nordnesrepublikken.no\/wp-content\/uploads\/2025\/03\/1742050206_Kristiansand-forsvarer-demokratiet-med-en-arlig-konferanse.jpg","datePublished":"2025-03-15T14:50:06+00:00","breadcrumb":{"@id":"https:\/\/nordnesrepublikken.no\/index.php\/2025\/03\/15\/kristiansand-forsvarer-demokratiet-med-en-arlig-konferanse\/#breadcrumb"},"inLanguage":"nb-NO","potentialAction":[{"@type":"ReadAction","target":["https:\/\/nordnesrepublikken.no\/index.php\/2025\/03\/15\/kristiansand-forsvarer-demokratiet-med-en-arlig-konferanse\/"]}]},{"@type":"ImageObject","inLanguage":"nb-NO","@id":"https:\/\/nordnesrepublikken.no\/index.php\/2025\/03\/15\/kristiansand-forsvarer-demokratiet-med-en-arlig-konferanse\/#primaryimage","url":"https:\/\/nordnesrepublikken.no\/wp-content\/uploads\/2025\/03\/1742050206_Kristiansand-forsvarer-demokratiet-med-en-arlig-konferanse.jpg","contentUrl":"https:\/\/nordnesrepublikken.no\/wp-content\/uploads\/2025\/03\/1742050206_Kristiansand-forsvarer-demokratiet-med-en-arlig-konferanse.jpg","width":1200,"height":515,"caption":"Kristiansand forsvarer demokratiet med en \u00e5rlig konferanse"},{"@type":"BreadcrumbList","@id":"https:\/\/nordnesrepublikken.no\/index.php\/2025\/03\/15\/kristiansand-forsvarer-demokratiet-med-en-arlig-konferanse\/#breadcrumb","itemListElement":[{"@type":"ListItem","position":1,"name":"Home","item":"https:\/\/nordnesrepublikken.no\/"},{"@type":"ListItem","position":2,"name":"Kristiansand forsvarer demokratiet med en \u00e5rlig konferanse"}]},{"@type":"WebSite","@id":"https:\/\/nordnesrepublikken.no\/#website","url":"https:\/\/nordnesrepublikken.no\/","name":"Nordnesrepublikken","description":"Stemmer og Visjoner fra Republikkens Hjerte","publisher":{"@id":"https:\/\/nordnesrepublikken.no\/#organization"},"potentialAction":[{"@type":"SearchAction","target":{"@type":"EntryPoint","urlTemplate":"https:\/\/nordnesrepublikken.no\/?s={search_term_string}"},"query-input":{"@type":"PropertyValueSpecification","valueRequired":true,"valueName":"search_term_string"}}],"inLanguage":"nb-NO"},{"@type":"Organization","@id":"https:\/\/nordnesrepublikken.no\/#organization","name":"Nordnesrepublikken","url":"https:\/\/nordnesrepublikken.no\/","logo":{"@type":"ImageObject","inLanguage":"nb-NO","@id":"https:\/\/nordnesrepublikken.no\/#\/schema\/logo\/image\/","url":"https:\/\/nordnesrepublikken.no\/wp-content\/uploads\/2025\/02\/cropped-nordnesrepublikken-2.png","contentUrl":"https:\/\/nordnesrepublikken.no\/wp-content\/uploads\/2025\/02\/cropped-nordnesrepublikken-2.png","width":1248,"height":362,"caption":"Nordnesrepublikken"},"image":{"@id":"https:\/\/nordnesrepublikken.no\/#\/schema\/logo\/image\/"}},{"@type":"Person","@id":"https:\/\/nordnesrepublikken.no\/#\/schema\/person\/2e7e81935bab77882fffb79296240ff1","name":"Ole Andersen","image":{"@type":"ImageObject","inLanguage":"nb-NO","@id":"https:\/\/nordnesrepublikken.no\/#\/schema\/person\/image\/","url":"https:\/\/nordnesrepublikken.no\/wp-content\/uploads\/2025\/02\/nordnesrepublikken-2-2-150x150.jpg","contentUrl":"https:\/\/nordnesrepublikken.no\/wp-content\/uploads\/2025\/02\/nordnesrepublikken-2-2-150x150.jpg","caption":"Ole Andersen"},"description":"Ettersom jeg vokste opp i Oslo, har jeg alltid v\u00e6rt fascinert av ordenes kraft og deres evne til \u00e5 skape endringer. Etter \u00e5 ha fullf\u00f8rt min utdannelse i kommunikasjon ved Universitetet i Bergen, fikk jeg muligheten til \u00e5 jobbe innen ulike medier, der jeg har s\u00f8kt \u00e5 belyse viktige samfunnssp\u00f8rsm\u00e5l. I dag, som redakt\u00f8r for Nordnesrepublikken, pr\u00f8ver jeg \u00e5 forene min kj\u00e6rlighet for journalistikk med min lidenskap for innovasjon og eventyr.","sameAs":["https:\/\/nordnesrepublikken.no\/"]}]}},"_links":{"self":[{"href":"https:\/\/nordnesrepublikken.no\/index.php\/wp-json\/wp\/v2\/posts\/2840","targetHints":{"allow":["GET"]}}],"collection":[{"href":"https:\/\/nordnesrepublikken.no\/index.php\/wp-json\/wp\/v2\/posts"}],"about":[{"href":"https:\/\/nordnesrepublikken.no\/index.php\/wp-json\/wp\/v2\/types\/post"}],"author":[{"embeddable":true,"href":"https:\/\/nordnesrepublikken.no\/index.php\/wp-json\/wp\/v2\/users\/1"}],"replies":[{"embeddable":true,"href":"https:\/\/nordnesrepublikken.no\/index.php\/wp-json\/wp\/v2\/comments?post=2840"}],"version-history":[{"count":1,"href":"https:\/\/nordnesrepublikken.no\/index.php\/wp-json\/wp\/v2\/posts\/2840\/revisions"}],"predecessor-version":[{"id":2842,"href":"https:\/\/nordnesrepublikken.no\/index.php\/wp-json\/wp\/v2\/posts\/2840\/revisions\/2842"}],"wp:featuredmedia":[{"embeddable":true,"href":"https:\/\/nordnesrepublikken.no\/index.php\/wp-json\/wp\/v2\/media\/2841"}],"wp:attachment":[{"href":"https:\/\/nordnesrepublikken.no\/index.php\/wp-json\/wp\/v2\/media?parent=2840"}],"wp:term":[{"taxonomy":"category","embeddable":true,"href":"https:\/\/nordnesrepublikken.no\/index.php\/wp-json\/wp\/v2\/categories?post=2840"},{"taxonomy":"post_tag","embeddable":true,"href":"https:\/\/nordnesrepublikken.no\/index.php\/wp-json\/wp\/v2\/tags?post=2840"}],"curies":[{"name":"wp","href":"https:\/\/api.w.org\/{rel}","templated":true}]}}