{"id":2837,"date":"2025-03-14T23:49:43","date_gmt":"2025-03-14T22:49:43","guid":{"rendered":"https:\/\/nordnesrepublikken.no\/index.php\/2025\/03\/14\/hva-er-de-europeiske-landene-som-har-atomvapen-og-hvor-mange-er\/"},"modified":"2025-03-14T23:49:49","modified_gmt":"2025-03-14T22:49:49","slug":"hva-er-de-europeiske-landene-som-har-atomvapen-og-hvor-mange-er","status":"publish","type":"post","link":"https:\/\/nordnesrepublikken.no\/index.php\/2025\/03\/14\/hva-er-de-europeiske-landene-som-har-atomvapen-og-hvor-mange-er\/","title":{"rendered":"Hva er de europeiske landene som har atomv\u00e5pen og hvor mange er"},"content":{"rendered":"<div>\n      <!-- CONTENT --><\/p>\n<div class=\"cp_wrapper cp_wrapper--fw mb-30 mb-20@tablet\">\n<figure class=\"mm\"><picture class=\"img\" style=\"padding-top:56.25%\"><source  media=\"(min-width: 1024px)\"><source  media=\"(min-width: 768px)\"><\/source><\/source><\/picture><\/figure>\n<\/p><\/div>\n<p>I <strong>Europa<\/strong> Det er bare to land som har kjernefysisk arsenal tilgjengelig: <strong>Storbritannia<\/strong> Og <strong>Frankrike<\/strong>for totalt omtrent <strong>515 bomber<\/strong> lik <strong>4%<\/strong> om verdens kjernefysiske arsenal. P\u00e5 globalt niv\u00e5, men <strong>USA<\/strong> og <strong>Russland<\/strong> alene holder de<strong>88%<\/strong> av verdens atomv\u00e5pen. Invasjonen av Ukraina av Russland av Putin og den nylige <strong>Erkl\u00e6ringer av Donald Trump<\/strong>som ser ut til \u00e5 \u00f8nske \u00e5 distansere seg fra konflikten, \u00f8ke risikoen for <strong>S\u00e5rbarhet for europeiske land<\/strong>. I dette delikate scenariet der etablering av en felles europeisk h\u00e6r med forslaget antas <strong>Reard Europa<\/strong>kommer vi tilbake for \u00e5 snakke om <strong>atomv\u00e5pen, <\/strong>Som et verkt\u00f8y for avskrekking (det vil si \u00e5 unng\u00e5 en mulig handling fra fienden med &laquo;speideren&raquo; av kraftige atomv\u00e5pen). Spesielt de siste ukene ideen om \u00e5 utgj\u00f8re en <strong>Europeisk atomparaply<\/strong>som et verkt\u00f8y for avskrekking mot Russland.<\/p>\n<blockquote>\n<p>Vi m\u00e5 spesifisere at <strong>n\u00f8yaktig tall<\/strong> av atomv\u00e5pen som eies av hvert land er en data <strong>Sv\u00e6rt reservert<\/strong>s\u00e5 dataene vi gir i denne artikkelen er noen <strong>estimater<\/strong>. De fleste land utstyrt med atomv\u00e5pen gir ikke detaljert informasjon om st\u00f8rrelsen p\u00e5 arsenaler. For eksempel in <strong>2021<\/strong>Storbritannia har bestemt seg for ikke \u00e5 spre mer offentlige data ang\u00e5ende sine operasjonelle aksjer, gruppene stilte opp eller de utforskede missilene. Dataene rapportert i denne artikkelen kommer fra <em>Federation of American Scientists<\/em> (<strong>Fas<\/strong>), en gruppe forskere som ble grunnlagt etter lanseringen av atombomber p\u00e5 Hiroshima og Nagasaki p\u00e5 slutten av andre verdenskrig.<\/p>\n<\/blockquote>\n<p>Som forklart i begynnelsen, er det to europeiske land med atomv\u00e5pen:<strong> Frankrike<\/strong> Og <strong>Storbritannia<\/strong>. Vi skriver inn mer detaljer. I f\u00f8lge tilgjengelige data har Frankrike om<strong> 290 atomv\u00e5pen<\/strong>hvorav <strong>280<\/strong> De er sided p\u00e5 en strategisk m\u00e5te, det er p\u00e5 <strong>Interkontinentale missiler<\/strong> og baser av <strong>tunge bombefly<\/strong>. I et n\u00f8tteskall: De ville v\u00e6re klare til \u00e5 bli brukt om n\u00f8dvendig.<\/p>\n<p>Storbritannia, derimot, holder rundt <strong>225 atomv\u00e5pen,<\/strong> av dem<strong> 105<\/strong> blir vurdert<strong> reserver<\/strong>. Avisene &laquo;Reserve&raquo; er ikke utplassert p\u00e5 lanseringer, men de er det <strong>bevart i lagring<\/strong>.<\/p>\n<p>I det europeiske territoriet, <strong>Russland<\/strong>alltid i henhold til kilden, eier <strong>5 449<\/strong> atomv\u00e5pen, hvorav <strong>1 710<\/strong> allerede stilt opp, <strong>2 589<\/strong> reserve e <strong>1 150<\/strong> trekke seg og vente p\u00e5 \u00e5 bli demontert.<\/p>\n<\/p><\/div>\n","protected":false},"excerpt":{"rendered":"<p>I Europa Det er bare to land som har kjernefysisk arsenal tilgjengelig: Storbritannia Og Frankrikefor<\/p>\n","protected":false},"author":1,"featured_media":2838,"comment_status":"closed","ping_status":"open","sticky":false,"template":"","format":"standard","meta":{"footnotes":""},"categories":[23],"tags":[448,412,179,144,449,146,450,31],"class_list":["post-2837","post","type-post","status-publish","format-standard","has-post-thumbnail","hentry","category-politikk","tag-atomvapen","tag-europeiske","tag-har","tag-hva","tag-hvor","tag-landene","tag-mange","tag-som","generate-columns","tablet-grid-50","mobile-grid-100","grid-parent","grid-33","resize-featured-image"],"yoast_head":"<!-- This site is optimized with the Yoast SEO plugin v24.4 - https:\/\/yoast.com\/wordpress\/plugins\/seo\/ -->\n<title>Hva er de europeiske landene som har atomv\u00e5pen og hvor mange er - Nordnesrepublikken<\/title>\n<meta name=\"robots\" content=\"index, follow, max-snippet:-1, max-image-preview:large, max-video-preview:-1\" \/>\n<link rel=\"canonical\" href=\"https:\/\/nordnesrepublikken.no\/index.php\/2025\/03\/14\/hva-er-de-europeiske-landene-som-har-atomvapen-og-hvor-mange-er\/\" \/>\n<meta property=\"og:locale\" content=\"nb_NO\" \/>\n<meta property=\"og:type\" content=\"article\" \/>\n<meta property=\"og:title\" content=\"Hva er de europeiske landene som har atomv\u00e5pen og hvor mange er - Nordnesrepublikken\" \/>\n<meta property=\"og:description\" content=\"I Europa Det er bare to land som har kjernefysisk arsenal tilgjengelig: Storbritannia Og Frankrikefor\" \/>\n<meta property=\"og:url\" content=\"https:\/\/nordnesrepublikken.no\/index.php\/2025\/03\/14\/hva-er-de-europeiske-landene-som-har-atomvapen-og-hvor-mange-er\/\" \/>\n<meta property=\"og:site_name\" content=\"Nordnesrepublikken\" \/>\n<meta property=\"article:published_time\" content=\"2025-03-14T22:49:43+00:00\" \/>\n<meta property=\"article:modified_time\" content=\"2025-03-14T22:49:49+00:00\" \/>\n<meta property=\"og:image\" content=\"https:\/\/nordnesrepublikken.no\/wp-content\/uploads\/2025\/03\/1741992584_Hva-er-de-europeiske-landene-som-har-atomvapen-og-hvor-scaled.jpg\" \/>\n\t<meta property=\"og:image:width\" content=\"2560\" \/>\n\t<meta property=\"og:image:height\" content=\"1707\" \/>\n\t<meta property=\"og:image:type\" content=\"image\/jpeg\" \/>\n<meta name=\"author\" content=\"Ole Andersen\" \/>\n<meta name=\"twitter:card\" content=\"summary_large_image\" \/>\n<meta name=\"twitter:label1\" content=\"Skrevet av\" \/>\n\t<meta name=\"twitter:data1\" content=\"Ole Andersen\" \/>\n\t<meta name=\"twitter:label2\" content=\"Ansl. lesetid\" \/>\n\t<meta name=\"twitter:data2\" content=\"2 minutter\" \/>\n<script type=\"application\/ld+json\" class=\"yoast-schema-graph\">{\"@context\":\"https:\/\/schema.org\",\"@graph\":[{\"@type\":\"Article\",\"@id\":\"https:\/\/nordnesrepublikken.no\/index.php\/2025\/03\/14\/hva-er-de-europeiske-landene-som-har-atomvapen-og-hvor-mange-er\/#article\",\"isPartOf\":{\"@id\":\"https:\/\/nordnesrepublikken.no\/index.php\/2025\/03\/14\/hva-er-de-europeiske-landene-som-har-atomvapen-og-hvor-mange-er\/\"},\"author\":{\"name\":\"Ole Andersen\",\"@id\":\"https:\/\/nordnesrepublikken.no\/#\/schema\/person\/2e7e81935bab77882fffb79296240ff1\"},\"headline\":\"Hva er de europeiske landene som har atomv\u00e5pen og hvor mange er\",\"datePublished\":\"2025-03-14T22:49:43+00:00\",\"dateModified\":\"2025-03-14T22:49:49+00:00\",\"mainEntityOfPage\":{\"@id\":\"https:\/\/nordnesrepublikken.no\/index.php\/2025\/03\/14\/hva-er-de-europeiske-landene-som-har-atomvapen-og-hvor-mange-er\/\"},\"wordCount\":359,\"publisher\":{\"@id\":\"https:\/\/nordnesrepublikken.no\/#organization\"},\"image\":{\"@id\":\"https:\/\/nordnesrepublikken.no\/index.php\/2025\/03\/14\/hva-er-de-europeiske-landene-som-har-atomvapen-og-hvor-mange-er\/#primaryimage\"},\"thumbnailUrl\":\"https:\/\/nordnesrepublikken.no\/wp-content\/uploads\/2025\/03\/1741992584_Hva-er-de-europeiske-landene-som-har-atomvapen-og-hvor-scaled.jpg\",\"keywords\":[\"atomv\u00e5pen\",\"europeiske\",\"har\",\"Hva\",\"hvor\",\"landene\",\"mange\",\"som\"],\"articleSection\":[\"Politikk\"],\"inLanguage\":\"nb-NO\"},{\"@type\":\"WebPage\",\"@id\":\"https:\/\/nordnesrepublikken.no\/index.php\/2025\/03\/14\/hva-er-de-europeiske-landene-som-har-atomvapen-og-hvor-mange-er\/\",\"url\":\"https:\/\/nordnesrepublikken.no\/index.php\/2025\/03\/14\/hva-er-de-europeiske-landene-som-har-atomvapen-og-hvor-mange-er\/\",\"name\":\"Hva er de europeiske landene som har atomv\u00e5pen og hvor mange er - Nordnesrepublikken\",\"isPartOf\":{\"@id\":\"https:\/\/nordnesrepublikken.no\/#website\"},\"primaryImageOfPage\":{\"@id\":\"https:\/\/nordnesrepublikken.no\/index.php\/2025\/03\/14\/hva-er-de-europeiske-landene-som-har-atomvapen-og-hvor-mange-er\/#primaryimage\"},\"image\":{\"@id\":\"https:\/\/nordnesrepublikken.no\/index.php\/2025\/03\/14\/hva-er-de-europeiske-landene-som-har-atomvapen-og-hvor-mange-er\/#primaryimage\"},\"thumbnailUrl\":\"https:\/\/nordnesrepublikken.no\/wp-content\/uploads\/2025\/03\/1741992584_Hva-er-de-europeiske-landene-som-har-atomvapen-og-hvor-scaled.jpg\",\"datePublished\":\"2025-03-14T22:49:43+00:00\",\"dateModified\":\"2025-03-14T22:49:49+00:00\",\"breadcrumb\":{\"@id\":\"https:\/\/nordnesrepublikken.no\/index.php\/2025\/03\/14\/hva-er-de-europeiske-landene-som-har-atomvapen-og-hvor-mange-er\/#breadcrumb\"},\"inLanguage\":\"nb-NO\",\"potentialAction\":[{\"@type\":\"ReadAction\",\"target\":[\"https:\/\/nordnesrepublikken.no\/index.php\/2025\/03\/14\/hva-er-de-europeiske-landene-som-har-atomvapen-og-hvor-mange-er\/\"]}]},{\"@type\":\"ImageObject\",\"inLanguage\":\"nb-NO\",\"@id\":\"https:\/\/nordnesrepublikken.no\/index.php\/2025\/03\/14\/hva-er-de-europeiske-landene-som-har-atomvapen-og-hvor-mange-er\/#primaryimage\",\"url\":\"https:\/\/nordnesrepublikken.no\/wp-content\/uploads\/2025\/03\/1741992584_Hva-er-de-europeiske-landene-som-har-atomvapen-og-hvor-scaled.jpg\",\"contentUrl\":\"https:\/\/nordnesrepublikken.no\/wp-content\/uploads\/2025\/03\/1741992584_Hva-er-de-europeiske-landene-som-har-atomvapen-og-hvor-scaled.jpg\",\"width\":2560,\"height\":1707,\"caption\":\"armi nucleari\"},{\"@type\":\"BreadcrumbList\",\"@id\":\"https:\/\/nordnesrepublikken.no\/index.php\/2025\/03\/14\/hva-er-de-europeiske-landene-som-har-atomvapen-og-hvor-mange-er\/#breadcrumb\",\"itemListElement\":[{\"@type\":\"ListItem\",\"position\":1,\"name\":\"Home\",\"item\":\"https:\/\/nordnesrepublikken.no\/\"},{\"@type\":\"ListItem\",\"position\":2,\"name\":\"Hva er de europeiske landene som har atomv\u00e5pen og hvor mange er\"}]},{\"@type\":\"WebSite\",\"@id\":\"https:\/\/nordnesrepublikken.no\/#website\",\"url\":\"https:\/\/nordnesrepublikken.no\/\",\"name\":\"Nordnesrepublikken\",\"description\":\"Stemmer og Visjoner fra Republikkens Hjerte\",\"publisher\":{\"@id\":\"https:\/\/nordnesrepublikken.no\/#organization\"},\"potentialAction\":[{\"@type\":\"SearchAction\",\"target\":{\"@type\":\"EntryPoint\",\"urlTemplate\":\"https:\/\/nordnesrepublikken.no\/?s={search_term_string}\"},\"query-input\":{\"@type\":\"PropertyValueSpecification\",\"valueRequired\":true,\"valueName\":\"search_term_string\"}}],\"inLanguage\":\"nb-NO\"},{\"@type\":\"Organization\",\"@id\":\"https:\/\/nordnesrepublikken.no\/#organization\",\"name\":\"Nordnesrepublikken\",\"url\":\"https:\/\/nordnesrepublikken.no\/\",\"logo\":{\"@type\":\"ImageObject\",\"inLanguage\":\"nb-NO\",\"@id\":\"https:\/\/nordnesrepublikken.no\/#\/schema\/logo\/image\/\",\"url\":\"https:\/\/nordnesrepublikken.no\/wp-content\/uploads\/2025\/02\/cropped-nordnesrepublikken-2.png\",\"contentUrl\":\"https:\/\/nordnesrepublikken.no\/wp-content\/uploads\/2025\/02\/cropped-nordnesrepublikken-2.png\",\"width\":1248,\"height\":362,\"caption\":\"Nordnesrepublikken\"},\"image\":{\"@id\":\"https:\/\/nordnesrepublikken.no\/#\/schema\/logo\/image\/\"}},{\"@type\":\"Person\",\"@id\":\"https:\/\/nordnesrepublikken.no\/#\/schema\/person\/2e7e81935bab77882fffb79296240ff1\",\"name\":\"Ole Andersen\",\"image\":{\"@type\":\"ImageObject\",\"inLanguage\":\"nb-NO\",\"@id\":\"https:\/\/nordnesrepublikken.no\/#\/schema\/person\/image\/\",\"url\":\"https:\/\/nordnesrepublikken.no\/wp-content\/uploads\/2025\/02\/nordnesrepublikken-2-2-150x150.jpg\",\"contentUrl\":\"https:\/\/nordnesrepublikken.no\/wp-content\/uploads\/2025\/02\/nordnesrepublikken-2-2-150x150.jpg\",\"caption\":\"Ole Andersen\"},\"description\":\"Ettersom jeg vokste opp i Oslo, har jeg alltid v\u00e6rt fascinert av ordenes kraft og deres evne til \u00e5 skape endringer. Etter \u00e5 ha fullf\u00f8rt min utdannelse i kommunikasjon ved Universitetet i Bergen, fikk jeg muligheten til \u00e5 jobbe innen ulike medier, der jeg har s\u00f8kt \u00e5 belyse viktige samfunnssp\u00f8rsm\u00e5l. I dag, som redakt\u00f8r for Nordnesrepublikken, pr\u00f8ver jeg \u00e5 forene min kj\u00e6rlighet for journalistikk med min lidenskap for innovasjon og eventyr.\",\"sameAs\":[\"https:\/\/nordnesrepublikken.no\/\"]}]}<\/script>\n<!-- \/ Yoast SEO plugin. -->","yoast_head_json":{"title":"Hva er de europeiske landene som har atomv\u00e5pen og hvor mange er - Nordnesrepublikken","robots":{"index":"index","follow":"follow","max-snippet":"max-snippet:-1","max-image-preview":"max-image-preview:large","max-video-preview":"max-video-preview:-1"},"canonical":"https:\/\/nordnesrepublikken.no\/index.php\/2025\/03\/14\/hva-er-de-europeiske-landene-som-har-atomvapen-og-hvor-mange-er\/","og_locale":"nb_NO","og_type":"article","og_title":"Hva er de europeiske landene som har atomv\u00e5pen og hvor mange er - Nordnesrepublikken","og_description":"I Europa Det er bare to land som har kjernefysisk arsenal tilgjengelig: Storbritannia Og Frankrikefor","og_url":"https:\/\/nordnesrepublikken.no\/index.php\/2025\/03\/14\/hva-er-de-europeiske-landene-som-har-atomvapen-og-hvor-mange-er\/","og_site_name":"Nordnesrepublikken","article_published_time":"2025-03-14T22:49:43+00:00","article_modified_time":"2025-03-14T22:49:49+00:00","og_image":[{"width":2560,"height":1707,"url":"https:\/\/nordnesrepublikken.no\/wp-content\/uploads\/2025\/03\/1741992584_Hva-er-de-europeiske-landene-som-har-atomvapen-og-hvor-scaled.jpg","type":"image\/jpeg"}],"author":"Ole Andersen","twitter_card":"summary_large_image","twitter_misc":{"Skrevet av":"Ole Andersen","Ansl. lesetid":"2 minutter"},"schema":{"@context":"https:\/\/schema.org","@graph":[{"@type":"Article","@id":"https:\/\/nordnesrepublikken.no\/index.php\/2025\/03\/14\/hva-er-de-europeiske-landene-som-har-atomvapen-og-hvor-mange-er\/#article","isPartOf":{"@id":"https:\/\/nordnesrepublikken.no\/index.php\/2025\/03\/14\/hva-er-de-europeiske-landene-som-har-atomvapen-og-hvor-mange-er\/"},"author":{"name":"Ole Andersen","@id":"https:\/\/nordnesrepublikken.no\/#\/schema\/person\/2e7e81935bab77882fffb79296240ff1"},"headline":"Hva er de europeiske landene som har atomv\u00e5pen og hvor mange er","datePublished":"2025-03-14T22:49:43+00:00","dateModified":"2025-03-14T22:49:49+00:00","mainEntityOfPage":{"@id":"https:\/\/nordnesrepublikken.no\/index.php\/2025\/03\/14\/hva-er-de-europeiske-landene-som-har-atomvapen-og-hvor-mange-er\/"},"wordCount":359,"publisher":{"@id":"https:\/\/nordnesrepublikken.no\/#organization"},"image":{"@id":"https:\/\/nordnesrepublikken.no\/index.php\/2025\/03\/14\/hva-er-de-europeiske-landene-som-har-atomvapen-og-hvor-mange-er\/#primaryimage"},"thumbnailUrl":"https:\/\/nordnesrepublikken.no\/wp-content\/uploads\/2025\/03\/1741992584_Hva-er-de-europeiske-landene-som-har-atomvapen-og-hvor-scaled.jpg","keywords":["atomv\u00e5pen","europeiske","har","Hva","hvor","landene","mange","som"],"articleSection":["Politikk"],"inLanguage":"nb-NO"},{"@type":"WebPage","@id":"https:\/\/nordnesrepublikken.no\/index.php\/2025\/03\/14\/hva-er-de-europeiske-landene-som-har-atomvapen-og-hvor-mange-er\/","url":"https:\/\/nordnesrepublikken.no\/index.php\/2025\/03\/14\/hva-er-de-europeiske-landene-som-har-atomvapen-og-hvor-mange-er\/","name":"Hva er de europeiske landene som har atomv\u00e5pen og hvor mange er - Nordnesrepublikken","isPartOf":{"@id":"https:\/\/nordnesrepublikken.no\/#website"},"primaryImageOfPage":{"@id":"https:\/\/nordnesrepublikken.no\/index.php\/2025\/03\/14\/hva-er-de-europeiske-landene-som-har-atomvapen-og-hvor-mange-er\/#primaryimage"},"image":{"@id":"https:\/\/nordnesrepublikken.no\/index.php\/2025\/03\/14\/hva-er-de-europeiske-landene-som-har-atomvapen-og-hvor-mange-er\/#primaryimage"},"thumbnailUrl":"https:\/\/nordnesrepublikken.no\/wp-content\/uploads\/2025\/03\/1741992584_Hva-er-de-europeiske-landene-som-har-atomvapen-og-hvor-scaled.jpg","datePublished":"2025-03-14T22:49:43+00:00","dateModified":"2025-03-14T22:49:49+00:00","breadcrumb":{"@id":"https:\/\/nordnesrepublikken.no\/index.php\/2025\/03\/14\/hva-er-de-europeiske-landene-som-har-atomvapen-og-hvor-mange-er\/#breadcrumb"},"inLanguage":"nb-NO","potentialAction":[{"@type":"ReadAction","target":["https:\/\/nordnesrepublikken.no\/index.php\/2025\/03\/14\/hva-er-de-europeiske-landene-som-har-atomvapen-og-hvor-mange-er\/"]}]},{"@type":"ImageObject","inLanguage":"nb-NO","@id":"https:\/\/nordnesrepublikken.no\/index.php\/2025\/03\/14\/hva-er-de-europeiske-landene-som-har-atomvapen-og-hvor-mange-er\/#primaryimage","url":"https:\/\/nordnesrepublikken.no\/wp-content\/uploads\/2025\/03\/1741992584_Hva-er-de-europeiske-landene-som-har-atomvapen-og-hvor-scaled.jpg","contentUrl":"https:\/\/nordnesrepublikken.no\/wp-content\/uploads\/2025\/03\/1741992584_Hva-er-de-europeiske-landene-som-har-atomvapen-og-hvor-scaled.jpg","width":2560,"height":1707,"caption":"armi nucleari"},{"@type":"BreadcrumbList","@id":"https:\/\/nordnesrepublikken.no\/index.php\/2025\/03\/14\/hva-er-de-europeiske-landene-som-har-atomvapen-og-hvor-mange-er\/#breadcrumb","itemListElement":[{"@type":"ListItem","position":1,"name":"Home","item":"https:\/\/nordnesrepublikken.no\/"},{"@type":"ListItem","position":2,"name":"Hva er de europeiske landene som har atomv\u00e5pen og hvor mange er"}]},{"@type":"WebSite","@id":"https:\/\/nordnesrepublikken.no\/#website","url":"https:\/\/nordnesrepublikken.no\/","name":"Nordnesrepublikken","description":"Stemmer og Visjoner fra Republikkens Hjerte","publisher":{"@id":"https:\/\/nordnesrepublikken.no\/#organization"},"potentialAction":[{"@type":"SearchAction","target":{"@type":"EntryPoint","urlTemplate":"https:\/\/nordnesrepublikken.no\/?s={search_term_string}"},"query-input":{"@type":"PropertyValueSpecification","valueRequired":true,"valueName":"search_term_string"}}],"inLanguage":"nb-NO"},{"@type":"Organization","@id":"https:\/\/nordnesrepublikken.no\/#organization","name":"Nordnesrepublikken","url":"https:\/\/nordnesrepublikken.no\/","logo":{"@type":"ImageObject","inLanguage":"nb-NO","@id":"https:\/\/nordnesrepublikken.no\/#\/schema\/logo\/image\/","url":"https:\/\/nordnesrepublikken.no\/wp-content\/uploads\/2025\/02\/cropped-nordnesrepublikken-2.png","contentUrl":"https:\/\/nordnesrepublikken.no\/wp-content\/uploads\/2025\/02\/cropped-nordnesrepublikken-2.png","width":1248,"height":362,"caption":"Nordnesrepublikken"},"image":{"@id":"https:\/\/nordnesrepublikken.no\/#\/schema\/logo\/image\/"}},{"@type":"Person","@id":"https:\/\/nordnesrepublikken.no\/#\/schema\/person\/2e7e81935bab77882fffb79296240ff1","name":"Ole Andersen","image":{"@type":"ImageObject","inLanguage":"nb-NO","@id":"https:\/\/nordnesrepublikken.no\/#\/schema\/person\/image\/","url":"https:\/\/nordnesrepublikken.no\/wp-content\/uploads\/2025\/02\/nordnesrepublikken-2-2-150x150.jpg","contentUrl":"https:\/\/nordnesrepublikken.no\/wp-content\/uploads\/2025\/02\/nordnesrepublikken-2-2-150x150.jpg","caption":"Ole Andersen"},"description":"Ettersom jeg vokste opp i Oslo, har jeg alltid v\u00e6rt fascinert av ordenes kraft og deres evne til \u00e5 skape endringer. Etter \u00e5 ha fullf\u00f8rt min utdannelse i kommunikasjon ved Universitetet i Bergen, fikk jeg muligheten til \u00e5 jobbe innen ulike medier, der jeg har s\u00f8kt \u00e5 belyse viktige samfunnssp\u00f8rsm\u00e5l. I dag, som redakt\u00f8r for Nordnesrepublikken, pr\u00f8ver jeg \u00e5 forene min kj\u00e6rlighet for journalistikk med min lidenskap for innovasjon og eventyr.","sameAs":["https:\/\/nordnesrepublikken.no\/"]}]}},"_links":{"self":[{"href":"https:\/\/nordnesrepublikken.no\/index.php\/wp-json\/wp\/v2\/posts\/2837","targetHints":{"allow":["GET"]}}],"collection":[{"href":"https:\/\/nordnesrepublikken.no\/index.php\/wp-json\/wp\/v2\/posts"}],"about":[{"href":"https:\/\/nordnesrepublikken.no\/index.php\/wp-json\/wp\/v2\/types\/post"}],"author":[{"embeddable":true,"href":"https:\/\/nordnesrepublikken.no\/index.php\/wp-json\/wp\/v2\/users\/1"}],"replies":[{"embeddable":true,"href":"https:\/\/nordnesrepublikken.no\/index.php\/wp-json\/wp\/v2\/comments?post=2837"}],"version-history":[{"count":1,"href":"https:\/\/nordnesrepublikken.no\/index.php\/wp-json\/wp\/v2\/posts\/2837\/revisions"}],"predecessor-version":[{"id":2839,"href":"https:\/\/nordnesrepublikken.no\/index.php\/wp-json\/wp\/v2\/posts\/2837\/revisions\/2839"}],"wp:featuredmedia":[{"embeddable":true,"href":"https:\/\/nordnesrepublikken.no\/index.php\/wp-json\/wp\/v2\/media\/2838"}],"wp:attachment":[{"href":"https:\/\/nordnesrepublikken.no\/index.php\/wp-json\/wp\/v2\/media?parent=2837"}],"wp:term":[{"taxonomy":"category","embeddable":true,"href":"https:\/\/nordnesrepublikken.no\/index.php\/wp-json\/wp\/v2\/categories?post=2837"},{"taxonomy":"post_tag","embeddable":true,"href":"https:\/\/nordnesrepublikken.no\/index.php\/wp-json\/wp\/v2\/tags?post=2837"}],"curies":[{"name":"wp","href":"https:\/\/api.w.org\/{rel}","templated":true}]}}