{"id":2834,"date":"2025-03-14T19:49:37","date_gmt":"2025-03-14T18:49:37","guid":{"rendered":"https:\/\/nordnesrepublikken.no\/index.php\/2025\/03\/14\/weinstein-saken-og-bildene-som-endret-dommen\/"},"modified":"2025-03-14T19:49:38","modified_gmt":"2025-03-14T18:49:38","slug":"weinstein-saken-og-bildene-som-endret-dommen","status":"publish","type":"post","link":"https:\/\/nordnesrepublikken.no\/index.php\/2025\/03\/14\/weinstein-saken-og-bildene-som-endret-dommen\/","title":{"rendered":"Weinstein -saken og bildene som endret dommen"},"content":{"rendered":"<div>\n      <!-- CONTENT --><\/p>\n<div class=\"cp_wrapper cp_wrapper--fw mb-30 mb-20@tablet\">\n<figure class=\"mm\"><picture class=\"img\" style=\"padding-top:56.25%\"><source  media=\"(min-width: 1024px)\"><source  media=\"(min-width: 768px)\"><\/source><\/source><\/picture><\/figure>\n<\/p><\/div>\n<p>I 1991, Herbert Weinstein <strong>drepte kona<\/strong> Barbara Weinstein og kastet kroppen hennes fra 12. etasje i leiligheten de bodde i, og tilsto umiddelbart hendelsen for politiet. Senere <strong>Analyse av hjernen hans<\/strong> avsl\u00f8rte tilstedev\u00e6relsen av en volumin\u00f8s <strong>Cerebrale cyster p\u00e5 niv\u00e5et med frontlappen<\/strong>som if\u00f8lge forsvaret ville ha betinget menneskets aggressive oppf\u00f8rsel. Takket v\u00e6re testene oppn\u00e5dd gjennom<strong> Cerebral avbildning<\/strong>aksepterte beskyldningen en avtale med forsvaret og innhentet en <strong>Reduksjon av straffen<\/strong> omklassifisere forbrytelsen i <strong>drap.<\/strong> Saken var en forl\u00f8per for bruken av <strong>nevrovitenskap<\/strong> I rettssystemet, \u00e5pning for lignende saker som er dokumentert ogs\u00e5 i Italia.<\/p>\n<h2>Barbara Weinstein mistet livet sitt fra leiligheten sin: gjenoppbyggingen av drapet<\/h2>\n<p>New York, 7. januar 1991. Det var 13:30 p\u00e5 ettermiddagen da Manhattan politistasjon fikk en <strong>dramatisk rapport<\/strong>: kroppen av <strong>Barbara Weinstein<\/strong>56 \u00e5r gammel, var livl\u00f8s p\u00e5 veien etter <strong>Etter \u00e5 ha hastet fra 12. etasje i leiligheten hans<\/strong> P\u00e5 den 72. East Road, n\u00e6r Central Park. Dynamikken i ulykken lar en <strong>selvmord<\/strong>. Likevel syntes ingenting i kvinnens liv \u00e5 rettferdiggj\u00f8re en slik tragedie. \u00c5r tidligere hadde han giftet seg<strong> Herbert Weinstein<\/strong>en rik pensjonert reklameansvarlig, som han dannet med, i det minste tilsynelatende, en <strong>rolig par<\/strong>. Bare mannen, p\u00e5 nyhetene om den tragiske episoden, <strong>reagerte med en nesten irreverent ro<\/strong> og p\u00e5 tidspunktet for avh\u00f8ret avsl\u00f8rte han uten \u00e5 n\u00f8le og med \u00e5 gj\u00f8re ro til den<strong>grusom sannhet<\/strong>: Barbara hadde ikke tatt livet sitt. <strong>Det var han som kvalt henne<\/strong> og etter \u00e5 ha sl\u00e5tt det, a <strong>Kast det inn i tomrommet ved \u00e5 iscenesette selvmord.<\/strong><\/p>\n<p>Nyheten sjokkerte opinionen. P\u00e5 den annen side var Herbert Weinstein kjent for alle som en <strong>sjarmerende mann, rolig <\/strong>Og<strong> karismatisk<\/strong>. Men fremfor alt var det en <strong>uhelbredelig optimist<\/strong>alltid i stand til \u00e5 se &laquo;smultringen i stedet for hullet&raquo;, beskrevet av datteren hans som <strong>Kan ikke oppleve negative f\u00f8lelser eller angst for fremtiden.<\/strong> Til denne uvanlige oppf\u00f8rselen fulgte en<strong>Totalt frav\u00e6r av empati<\/strong> for andres f\u00f8lelser og en <strong>hensynsl\u00f8s kynisme<\/strong>. Disse aspektene ved karakteren hans med tid ja <strong>De var skarpe<\/strong>til det punktet at i m\u00e5nedene etter drapet begynte Herberts holdning \u00e5 vises <strong>h\u00e5pl\u00f8st urovekkende<\/strong>. Under husarrest og ventet p\u00e5 rettsaken viste han ingen <strong>tegn p\u00e5 omvendelse<\/strong> for drapet p\u00e5 kona eller av <strong>bekymre<\/strong> for ens egen skjebne. Faktisk benyttet han anledningen til \u00e5 gj\u00f8re opp for et liv ved \u00e5 gifte seg med en kvinne som er kjent p\u00e5 den tiden.<\/p>\n<h2><strong>Herbert Weinsteins hjerne i rettssalen: prosessen<\/strong><\/h2>\n<p>DE&#8217;<strong>adgang<\/strong> Herbert Weinstein forlot ikke rom for andre bakker. Mannen ble beskyldt for <strong>Andre grads drap<\/strong>det vil si frivillig, en forbrytelse som kan straffes med lov med en dom opp til<strong>livsvarig fengsel.<\/strong> Fortsatt fortsatte Herbert \u00e5 ikke vise noen bekymring for fremtiden hans, og fortsatte \u00e5 m\u00f8te livet med det vanlige <strong>Opprettelig optimisme <\/strong>Og<strong> godt hum\u00f8r<\/strong>. En oppf\u00f8rsel s\u00e5 upassende<strong> rolig<\/strong> \u00e5 v\u00e6re <strong>unaturlig<\/strong> Selv i familiemedlemmers \u00f8yne. Det var nettopp denne merkeligheten som presset advokaten hans til \u00e5 be om en <strong>Psykiatrisk kompetanse<\/strong>en vanlig praksis i rettslige saker, ofte brukt av forsvaret for \u00e5 fastsl\u00e5 om en endring av<strong> mental helse<\/strong> kan <strong>p\u00e5virke atferd <\/strong>av et individ og f\u00f8lgelig \u00e5pne veien for en reduksjon i setningen.<\/p>\n<p>I motsetning til fortiden, hadde imidlertid denne gangen noe endret seg. De <strong>nevrovitenskap <\/strong>og<strong> Avbildningsteknikker<\/strong> <strong>cerebral<\/strong> De hadde n\u00e5dd en slik utvikling at de tillater en<strong>&#8216;Detaljert analyse av hjernen<\/strong>av dens struktur og metabolsk aktivitet. Weinstein ble deretter utsatt for <strong>Pet eksamener<\/strong> (Positron emission tomography) e <strong>Magnetisk resonansavbildning <\/strong>(RM), som lar henholdsvis observere funksjonaliteten og strukturen i hjernen. Resultatene var imponerende: <strong>Venstre foran lobe<\/strong> det var fullstendig dekket av en <strong>cyster <\/strong>fra st\u00f8rrelsen p\u00e5 en<strong>oransje<\/strong>som hadde kompromittert den normale driften. Dette biologiske beviset var helt i samsvar med menneskets uvanlige oppf\u00f8rsel. Frontloben spiller faktisk en avgj\u00f8rende rolle i <strong>Kontroll av f\u00f8lelser<\/strong>i &#8216;<strong>Hemming av impulsivitet <\/strong>og inn<strong> D\u00f8mmekraftsevne <\/strong>(dvs. evnen til \u00e5 evaluere situasjoner, ta bevisste beslutninger og forutsi konsekvensene av ens handlinger), alle funksjonene er tydeligvis endret i Weinstein.<\/p>\n<p><strong>De<\/strong> <strong>Nevrovitenskapelig bevis<\/strong> De veltet fullstendig<strong> kjennelse<\/strong>. Forsvaret mente at<strong> redusert selvkontrollkapasitet<\/strong> og <strong>voldelig<\/strong> av Weinstein utstilt i episoden av drapet var delvis <strong>uavhengig av hans vilje<\/strong>blir indusert av <strong>hjerneunderskudd<\/strong>. Disse argumentene virket s\u00e5 overbevisende at de presset forsvaret til \u00e5 stramme en avtale med beskyldningen, og aksepterte omklassifiseringen av drapet p\u00e5 Barbara da <strong>skyldig frivillig<\/strong>f\u00e5r en klar <strong>lyn av setningen<\/strong>. Til slutt serverte Weinstein <strong>12 \u00e5rs fengsel, <\/strong>\u00c5 da bli l\u00f8slatt i en betinget frihet.<\/p>\n<div class=\"cp_wrapper cp_wrapper--fw mb-50\">\n<figure class=\"mm\"><picture class=\"img\" style=\"padding-top:56.252971944841%\"><source  media=\"(min-width: 1024px)\"><source  media=\"(min-width: 768px)\"><img decoding=\"async\" loading=\"lazy\" src=\"https:\/\/nordnesrepublikken.no\/wp-content\/uploads\/2025\/03\/1741978177_14_Weinstein-saken-og-bildene-som-endret-dommen.jpg\" alt=\"domstol\" width=\"4206\" height=\"2366\"><\/source><\/source><\/picture><\/figure>\n<\/p><\/div>\n<h2>F\u00f8dselen av rettsmedisinske nevrovitenskap og den italienske saken om &laquo;Warrior Gene&raquo;<\/h2>\n<p>Weinsteins drap var <strong>F\u00f8rste sak<\/strong> i USA hvor en dommer godtok bruken av <strong>Cerebrale avbildningstester<\/strong> For \u00e5 rettferdiggj\u00f8re en tiltalte kriminell oppf\u00f8rsel, markerer en forl\u00f8per for bruken av <strong>Nevrovitenskap i rettsvitenskap<\/strong>. Siden den gang, faktisk, <strong>Nevrovitenskapelig bevis<\/strong> ble vellykket vedtatt i mange tilfeller for \u00e5 demonstrere<strong>mental sykdom<\/strong> av de tiltalte, slik at de kan f\u00e5 betydelige dommer. En emblematisk sak skjedde i Italia i 2009, da <strong>Forsvar av Abdelmalek Bayout<\/strong> lyktes med <strong>Reduser setningen<\/strong> av ens assistert takket v\u00e6re en <strong>Nevrovitenskapelig kompetanse<\/strong> og en <strong>Genetisk test<\/strong>. Mannen, ford\u00f8mt for drap, var faktisk b\u00e6rer av en bestemt variant med lav aktivitet av den s\u00e5 -kalt <strong>&laquo;Warrior Gene<\/strong>&laquo;(MAOA, monoaminoksidase av type A), et gen involvert i metabolismen av n\u00f8kkelneurotransmittere i reguleringen av atferd som dopamin, serotonin og noradrenalin. Studier utf\u00f8rt p\u00e5 dyremodeller og p\u00e5 MAN hadde vist at den lave aktiviteten hadde en nytte av dette genet, spesielt i individuell med en individuell med en individuell opplevelse, hadde en norapinefrin. <strong>St\u00f8rre disposisjon for \u00e5 vise impulsiv og voldelig atferd<\/strong>. Bare denne genetiske testen (ledsaget til en detaljert psykiatrisk kompetanse) var n\u00f8kkelen til \u00e5 overbevise dommeren om <strong>Reduser setningen tildelt <\/strong>i Bayout, \u00e5 plassere en milep\u00e6l for bruk av <strong>nevrovitenskap <\/strong>og av <strong>Atferdsgenetikk<\/strong> i rettsmedisinske praksis i Italia.<\/p>\n<div class=\"cp_wrapper  mb-50\">\n<div class=\"cbx\">\n<div class=\"cbx__collection\">\n<p>Kilder<\/p>\n<div class=\"cbx__sources\">\n<p>Joni West, full frontal mordmemoar: En datter avsl\u00f8rer den sanne historien bak den sjokkerende forbrytelsen som gikk fra tabloid til l\u00e6rebok og vil endre m\u00e5ten du ser skyld og hjerner, 2021<\/p>\n<p>Kevin Davis, The Brain Defense, 2017<\/p>\n<p>                                                                                 Rushing ES, Tillatbarheten av hjerneskanninger i straffesaker: tilfellet med positronemisjonstomografi, 2014 Aono D. et al., Nevrovitenskapelig bevis i Courtrom: A Review, 2019 Rosem J., The Brain on the Stand, 2007 Kolla Jn, Bortolato M., rollen som monoaminoksidase i The the the the the the the the the the the the the the the the Monoam i The Rollat Aggressiv neurobiologi av, antisosial og voldelig oppf\u00f8rsel: til dette av mus og menn, 2020 Court of Assizes of Appeal of Trieste &#8211; Bayout -sak: Genetisk disposisjon for kriminalitet, 2009 Feresin E., Light Sommence for Murderer with &#8216;Bad Genes&#8217;, 2009                                                 <\/p><\/div>\n<\/p><\/div>\n<\/p><\/div>\n<\/p><\/div>\n<\/p><\/div>\n","protected":false},"excerpt":{"rendered":"<p>I 1991, Herbert Weinstein drepte kona Barbara Weinstein og kastet kroppen hennes fra 12. etasje<\/p>\n","protected":false},"author":1,"featured_media":2835,"comment_status":"closed","ping_status":"open","sticky":false,"template":"","format":"standard","meta":{"footnotes":""},"categories":[104],"tags":[446,447,95,445,31,444],"class_list":["post-2834","post","type-post","status-publish","format-standard","has-post-thumbnail","hentry","category-samfunn","tag-bildene","tag-dommen","tag-endret","tag-saken","tag-som","tag-weinstein","generate-columns","tablet-grid-50","mobile-grid-100","grid-parent","grid-33","resize-featured-image"],"yoast_head":"<!-- This site is optimized with the Yoast SEO plugin v24.4 - https:\/\/yoast.com\/wordpress\/plugins\/seo\/ -->\n<title>Weinstein -saken og bildene som endret dommen - Nordnesrepublikken<\/title>\n<meta name=\"robots\" content=\"index, follow, max-snippet:-1, max-image-preview:large, max-video-preview:-1\" \/>\n<link rel=\"canonical\" href=\"https:\/\/nordnesrepublikken.no\/index.php\/2025\/03\/14\/weinstein-saken-og-bildene-som-endret-dommen\/\" \/>\n<meta property=\"og:locale\" content=\"nb_NO\" \/>\n<meta property=\"og:type\" content=\"article\" \/>\n<meta property=\"og:title\" content=\"Weinstein -saken og bildene som endret dommen - Nordnesrepublikken\" \/>\n<meta property=\"og:description\" content=\"I 1991, Herbert Weinstein drepte kona Barbara Weinstein og kastet kroppen hennes fra 12. etasje\" \/>\n<meta property=\"og:url\" content=\"https:\/\/nordnesrepublikken.no\/index.php\/2025\/03\/14\/weinstein-saken-og-bildene-som-endret-dommen\/\" \/>\n<meta property=\"og:site_name\" content=\"Nordnesrepublikken\" \/>\n<meta property=\"article:published_time\" content=\"2025-03-14T18:49:37+00:00\" \/>\n<meta property=\"article:modified_time\" content=\"2025-03-14T18:49:38+00:00\" \/>\n<meta property=\"og:image\" content=\"https:\/\/nordnesrepublikken.no\/wp-content\/uploads\/2025\/03\/1741978177_Weinstein-saken-og-bildene-som-endret-dommen.jpg\" \/>\n\t<meta property=\"og:image:width\" content=\"960\" \/>\n\t<meta property=\"og:image:height\" content=\"540\" \/>\n\t<meta property=\"og:image:type\" content=\"image\/jpeg\" \/>\n<meta name=\"author\" content=\"Ole Andersen\" \/>\n<meta name=\"twitter:card\" content=\"summary_large_image\" \/>\n<meta name=\"twitter:label1\" content=\"Skrevet av\" \/>\n\t<meta name=\"twitter:data1\" content=\"Ole Andersen\" \/>\n\t<meta name=\"twitter:label2\" content=\"Ansl. lesetid\" \/>\n\t<meta name=\"twitter:data2\" content=\"5 minutter\" \/>\n<script type=\"application\/ld+json\" class=\"yoast-schema-graph\">{\"@context\":\"https:\/\/schema.org\",\"@graph\":[{\"@type\":\"Article\",\"@id\":\"https:\/\/nordnesrepublikken.no\/index.php\/2025\/03\/14\/weinstein-saken-og-bildene-som-endret-dommen\/#article\",\"isPartOf\":{\"@id\":\"https:\/\/nordnesrepublikken.no\/index.php\/2025\/03\/14\/weinstein-saken-og-bildene-som-endret-dommen\/\"},\"author\":{\"name\":\"Ole Andersen\",\"@id\":\"https:\/\/nordnesrepublikken.no\/#\/schema\/person\/2e7e81935bab77882fffb79296240ff1\"},\"headline\":\"Weinstein -saken og bildene som endret dommen\",\"datePublished\":\"2025-03-14T18:49:37+00:00\",\"dateModified\":\"2025-03-14T18:49:38+00:00\",\"mainEntityOfPage\":{\"@id\":\"https:\/\/nordnesrepublikken.no\/index.php\/2025\/03\/14\/weinstein-saken-og-bildene-som-endret-dommen\/\"},\"wordCount\":1093,\"publisher\":{\"@id\":\"https:\/\/nordnesrepublikken.no\/#organization\"},\"image\":{\"@id\":\"https:\/\/nordnesrepublikken.no\/index.php\/2025\/03\/14\/weinstein-saken-og-bildene-som-endret-dommen\/#primaryimage\"},\"thumbnailUrl\":\"https:\/\/nordnesrepublikken.no\/wp-content\/uploads\/2025\/03\/1741978177_Weinstein-saken-og-bildene-som-endret-dommen.jpg\",\"keywords\":[\"bildene\",\"dommen\",\"endret\",\"saken\",\"som\",\"Weinstein\"],\"articleSection\":[\"Samfunn\"],\"inLanguage\":\"nb-NO\"},{\"@type\":\"WebPage\",\"@id\":\"https:\/\/nordnesrepublikken.no\/index.php\/2025\/03\/14\/weinstein-saken-og-bildene-som-endret-dommen\/\",\"url\":\"https:\/\/nordnesrepublikken.no\/index.php\/2025\/03\/14\/weinstein-saken-og-bildene-som-endret-dommen\/\",\"name\":\"Weinstein -saken og bildene som endret dommen - Nordnesrepublikken\",\"isPartOf\":{\"@id\":\"https:\/\/nordnesrepublikken.no\/#website\"},\"primaryImageOfPage\":{\"@id\":\"https:\/\/nordnesrepublikken.no\/index.php\/2025\/03\/14\/weinstein-saken-og-bildene-som-endret-dommen\/#primaryimage\"},\"image\":{\"@id\":\"https:\/\/nordnesrepublikken.no\/index.php\/2025\/03\/14\/weinstein-saken-og-bildene-som-endret-dommen\/#primaryimage\"},\"thumbnailUrl\":\"https:\/\/nordnesrepublikken.no\/wp-content\/uploads\/2025\/03\/1741978177_Weinstein-saken-og-bildene-som-endret-dommen.jpg\",\"datePublished\":\"2025-03-14T18:49:37+00:00\",\"dateModified\":\"2025-03-14T18:49:38+00:00\",\"breadcrumb\":{\"@id\":\"https:\/\/nordnesrepublikken.no\/index.php\/2025\/03\/14\/weinstein-saken-og-bildene-som-endret-dommen\/#breadcrumb\"},\"inLanguage\":\"nb-NO\",\"potentialAction\":[{\"@type\":\"ReadAction\",\"target\":[\"https:\/\/nordnesrepublikken.no\/index.php\/2025\/03\/14\/weinstein-saken-og-bildene-som-endret-dommen\/\"]}]},{\"@type\":\"ImageObject\",\"inLanguage\":\"nb-NO\",\"@id\":\"https:\/\/nordnesrepublikken.no\/index.php\/2025\/03\/14\/weinstein-saken-og-bildene-som-endret-dommen\/#primaryimage\",\"url\":\"https:\/\/nordnesrepublikken.no\/wp-content\/uploads\/2025\/03\/1741978177_Weinstein-saken-og-bildene-som-endret-dommen.jpg\",\"contentUrl\":\"https:\/\/nordnesrepublikken.no\/wp-content\/uploads\/2025\/03\/1741978177_Weinstein-saken-og-bildene-som-endret-dommen.jpg\",\"width\":960,\"height\":540,\"caption\":\"cervello herbert Weinstein\"},{\"@type\":\"BreadcrumbList\",\"@id\":\"https:\/\/nordnesrepublikken.no\/index.php\/2025\/03\/14\/weinstein-saken-og-bildene-som-endret-dommen\/#breadcrumb\",\"itemListElement\":[{\"@type\":\"ListItem\",\"position\":1,\"name\":\"Home\",\"item\":\"https:\/\/nordnesrepublikken.no\/\"},{\"@type\":\"ListItem\",\"position\":2,\"name\":\"Weinstein -saken og bildene som endret dommen\"}]},{\"@type\":\"WebSite\",\"@id\":\"https:\/\/nordnesrepublikken.no\/#website\",\"url\":\"https:\/\/nordnesrepublikken.no\/\",\"name\":\"Nordnesrepublikken\",\"description\":\"Stemmer og Visjoner fra Republikkens Hjerte\",\"publisher\":{\"@id\":\"https:\/\/nordnesrepublikken.no\/#organization\"},\"potentialAction\":[{\"@type\":\"SearchAction\",\"target\":{\"@type\":\"EntryPoint\",\"urlTemplate\":\"https:\/\/nordnesrepublikken.no\/?s={search_term_string}\"},\"query-input\":{\"@type\":\"PropertyValueSpecification\",\"valueRequired\":true,\"valueName\":\"search_term_string\"}}],\"inLanguage\":\"nb-NO\"},{\"@type\":\"Organization\",\"@id\":\"https:\/\/nordnesrepublikken.no\/#organization\",\"name\":\"Nordnesrepublikken\",\"url\":\"https:\/\/nordnesrepublikken.no\/\",\"logo\":{\"@type\":\"ImageObject\",\"inLanguage\":\"nb-NO\",\"@id\":\"https:\/\/nordnesrepublikken.no\/#\/schema\/logo\/image\/\",\"url\":\"https:\/\/nordnesrepublikken.no\/wp-content\/uploads\/2025\/02\/cropped-nordnesrepublikken-2.png\",\"contentUrl\":\"https:\/\/nordnesrepublikken.no\/wp-content\/uploads\/2025\/02\/cropped-nordnesrepublikken-2.png\",\"width\":1248,\"height\":362,\"caption\":\"Nordnesrepublikken\"},\"image\":{\"@id\":\"https:\/\/nordnesrepublikken.no\/#\/schema\/logo\/image\/\"}},{\"@type\":\"Person\",\"@id\":\"https:\/\/nordnesrepublikken.no\/#\/schema\/person\/2e7e81935bab77882fffb79296240ff1\",\"name\":\"Ole Andersen\",\"image\":{\"@type\":\"ImageObject\",\"inLanguage\":\"nb-NO\",\"@id\":\"https:\/\/nordnesrepublikken.no\/#\/schema\/person\/image\/\",\"url\":\"https:\/\/nordnesrepublikken.no\/wp-content\/uploads\/2025\/02\/nordnesrepublikken-2-2-150x150.jpg\",\"contentUrl\":\"https:\/\/nordnesrepublikken.no\/wp-content\/uploads\/2025\/02\/nordnesrepublikken-2-2-150x150.jpg\",\"caption\":\"Ole Andersen\"},\"description\":\"Ettersom jeg vokste opp i Oslo, har jeg alltid v\u00e6rt fascinert av ordenes kraft og deres evne til \u00e5 skape endringer. Etter \u00e5 ha fullf\u00f8rt min utdannelse i kommunikasjon ved Universitetet i Bergen, fikk jeg muligheten til \u00e5 jobbe innen ulike medier, der jeg har s\u00f8kt \u00e5 belyse viktige samfunnssp\u00f8rsm\u00e5l. I dag, som redakt\u00f8r for Nordnesrepublikken, pr\u00f8ver jeg \u00e5 forene min kj\u00e6rlighet for journalistikk med min lidenskap for innovasjon og eventyr.\",\"sameAs\":[\"https:\/\/nordnesrepublikken.no\/\"]}]}<\/script>\n<!-- \/ Yoast SEO plugin. -->","yoast_head_json":{"title":"Weinstein -saken og bildene som endret dommen - Nordnesrepublikken","robots":{"index":"index","follow":"follow","max-snippet":"max-snippet:-1","max-image-preview":"max-image-preview:large","max-video-preview":"max-video-preview:-1"},"canonical":"https:\/\/nordnesrepublikken.no\/index.php\/2025\/03\/14\/weinstein-saken-og-bildene-som-endret-dommen\/","og_locale":"nb_NO","og_type":"article","og_title":"Weinstein -saken og bildene som endret dommen - Nordnesrepublikken","og_description":"I 1991, Herbert Weinstein drepte kona Barbara Weinstein og kastet kroppen hennes fra 12. etasje","og_url":"https:\/\/nordnesrepublikken.no\/index.php\/2025\/03\/14\/weinstein-saken-og-bildene-som-endret-dommen\/","og_site_name":"Nordnesrepublikken","article_published_time":"2025-03-14T18:49:37+00:00","article_modified_time":"2025-03-14T18:49:38+00:00","og_image":[{"width":960,"height":540,"url":"https:\/\/nordnesrepublikken.no\/wp-content\/uploads\/2025\/03\/1741978177_Weinstein-saken-og-bildene-som-endret-dommen.jpg","type":"image\/jpeg"}],"author":"Ole Andersen","twitter_card":"summary_large_image","twitter_misc":{"Skrevet av":"Ole Andersen","Ansl. lesetid":"5 minutter"},"schema":{"@context":"https:\/\/schema.org","@graph":[{"@type":"Article","@id":"https:\/\/nordnesrepublikken.no\/index.php\/2025\/03\/14\/weinstein-saken-og-bildene-som-endret-dommen\/#article","isPartOf":{"@id":"https:\/\/nordnesrepublikken.no\/index.php\/2025\/03\/14\/weinstein-saken-og-bildene-som-endret-dommen\/"},"author":{"name":"Ole Andersen","@id":"https:\/\/nordnesrepublikken.no\/#\/schema\/person\/2e7e81935bab77882fffb79296240ff1"},"headline":"Weinstein -saken og bildene som endret dommen","datePublished":"2025-03-14T18:49:37+00:00","dateModified":"2025-03-14T18:49:38+00:00","mainEntityOfPage":{"@id":"https:\/\/nordnesrepublikken.no\/index.php\/2025\/03\/14\/weinstein-saken-og-bildene-som-endret-dommen\/"},"wordCount":1093,"publisher":{"@id":"https:\/\/nordnesrepublikken.no\/#organization"},"image":{"@id":"https:\/\/nordnesrepublikken.no\/index.php\/2025\/03\/14\/weinstein-saken-og-bildene-som-endret-dommen\/#primaryimage"},"thumbnailUrl":"https:\/\/nordnesrepublikken.no\/wp-content\/uploads\/2025\/03\/1741978177_Weinstein-saken-og-bildene-som-endret-dommen.jpg","keywords":["bildene","dommen","endret","saken","som","Weinstein"],"articleSection":["Samfunn"],"inLanguage":"nb-NO"},{"@type":"WebPage","@id":"https:\/\/nordnesrepublikken.no\/index.php\/2025\/03\/14\/weinstein-saken-og-bildene-som-endret-dommen\/","url":"https:\/\/nordnesrepublikken.no\/index.php\/2025\/03\/14\/weinstein-saken-og-bildene-som-endret-dommen\/","name":"Weinstein -saken og bildene som endret dommen - Nordnesrepublikken","isPartOf":{"@id":"https:\/\/nordnesrepublikken.no\/#website"},"primaryImageOfPage":{"@id":"https:\/\/nordnesrepublikken.no\/index.php\/2025\/03\/14\/weinstein-saken-og-bildene-som-endret-dommen\/#primaryimage"},"image":{"@id":"https:\/\/nordnesrepublikken.no\/index.php\/2025\/03\/14\/weinstein-saken-og-bildene-som-endret-dommen\/#primaryimage"},"thumbnailUrl":"https:\/\/nordnesrepublikken.no\/wp-content\/uploads\/2025\/03\/1741978177_Weinstein-saken-og-bildene-som-endret-dommen.jpg","datePublished":"2025-03-14T18:49:37+00:00","dateModified":"2025-03-14T18:49:38+00:00","breadcrumb":{"@id":"https:\/\/nordnesrepublikken.no\/index.php\/2025\/03\/14\/weinstein-saken-og-bildene-som-endret-dommen\/#breadcrumb"},"inLanguage":"nb-NO","potentialAction":[{"@type":"ReadAction","target":["https:\/\/nordnesrepublikken.no\/index.php\/2025\/03\/14\/weinstein-saken-og-bildene-som-endret-dommen\/"]}]},{"@type":"ImageObject","inLanguage":"nb-NO","@id":"https:\/\/nordnesrepublikken.no\/index.php\/2025\/03\/14\/weinstein-saken-og-bildene-som-endret-dommen\/#primaryimage","url":"https:\/\/nordnesrepublikken.no\/wp-content\/uploads\/2025\/03\/1741978177_Weinstein-saken-og-bildene-som-endret-dommen.jpg","contentUrl":"https:\/\/nordnesrepublikken.no\/wp-content\/uploads\/2025\/03\/1741978177_Weinstein-saken-og-bildene-som-endret-dommen.jpg","width":960,"height":540,"caption":"cervello herbert Weinstein"},{"@type":"BreadcrumbList","@id":"https:\/\/nordnesrepublikken.no\/index.php\/2025\/03\/14\/weinstein-saken-og-bildene-som-endret-dommen\/#breadcrumb","itemListElement":[{"@type":"ListItem","position":1,"name":"Home","item":"https:\/\/nordnesrepublikken.no\/"},{"@type":"ListItem","position":2,"name":"Weinstein -saken og bildene som endret dommen"}]},{"@type":"WebSite","@id":"https:\/\/nordnesrepublikken.no\/#website","url":"https:\/\/nordnesrepublikken.no\/","name":"Nordnesrepublikken","description":"Stemmer og Visjoner fra Republikkens Hjerte","publisher":{"@id":"https:\/\/nordnesrepublikken.no\/#organization"},"potentialAction":[{"@type":"SearchAction","target":{"@type":"EntryPoint","urlTemplate":"https:\/\/nordnesrepublikken.no\/?s={search_term_string}"},"query-input":{"@type":"PropertyValueSpecification","valueRequired":true,"valueName":"search_term_string"}}],"inLanguage":"nb-NO"},{"@type":"Organization","@id":"https:\/\/nordnesrepublikken.no\/#organization","name":"Nordnesrepublikken","url":"https:\/\/nordnesrepublikken.no\/","logo":{"@type":"ImageObject","inLanguage":"nb-NO","@id":"https:\/\/nordnesrepublikken.no\/#\/schema\/logo\/image\/","url":"https:\/\/nordnesrepublikken.no\/wp-content\/uploads\/2025\/02\/cropped-nordnesrepublikken-2.png","contentUrl":"https:\/\/nordnesrepublikken.no\/wp-content\/uploads\/2025\/02\/cropped-nordnesrepublikken-2.png","width":1248,"height":362,"caption":"Nordnesrepublikken"},"image":{"@id":"https:\/\/nordnesrepublikken.no\/#\/schema\/logo\/image\/"}},{"@type":"Person","@id":"https:\/\/nordnesrepublikken.no\/#\/schema\/person\/2e7e81935bab77882fffb79296240ff1","name":"Ole Andersen","image":{"@type":"ImageObject","inLanguage":"nb-NO","@id":"https:\/\/nordnesrepublikken.no\/#\/schema\/person\/image\/","url":"https:\/\/nordnesrepublikken.no\/wp-content\/uploads\/2025\/02\/nordnesrepublikken-2-2-150x150.jpg","contentUrl":"https:\/\/nordnesrepublikken.no\/wp-content\/uploads\/2025\/02\/nordnesrepublikken-2-2-150x150.jpg","caption":"Ole Andersen"},"description":"Ettersom jeg vokste opp i Oslo, har jeg alltid v\u00e6rt fascinert av ordenes kraft og deres evne til \u00e5 skape endringer. Etter \u00e5 ha fullf\u00f8rt min utdannelse i kommunikasjon ved Universitetet i Bergen, fikk jeg muligheten til \u00e5 jobbe innen ulike medier, der jeg har s\u00f8kt \u00e5 belyse viktige samfunnssp\u00f8rsm\u00e5l. I dag, som redakt\u00f8r for Nordnesrepublikken, pr\u00f8ver jeg \u00e5 forene min kj\u00e6rlighet for journalistikk med min lidenskap for innovasjon og eventyr.","sameAs":["https:\/\/nordnesrepublikken.no\/"]}]}},"_links":{"self":[{"href":"https:\/\/nordnesrepublikken.no\/index.php\/wp-json\/wp\/v2\/posts\/2834","targetHints":{"allow":["GET"]}}],"collection":[{"href":"https:\/\/nordnesrepublikken.no\/index.php\/wp-json\/wp\/v2\/posts"}],"about":[{"href":"https:\/\/nordnesrepublikken.no\/index.php\/wp-json\/wp\/v2\/types\/post"}],"author":[{"embeddable":true,"href":"https:\/\/nordnesrepublikken.no\/index.php\/wp-json\/wp\/v2\/users\/1"}],"replies":[{"embeddable":true,"href":"https:\/\/nordnesrepublikken.no\/index.php\/wp-json\/wp\/v2\/comments?post=2834"}],"version-history":[{"count":1,"href":"https:\/\/nordnesrepublikken.no\/index.php\/wp-json\/wp\/v2\/posts\/2834\/revisions"}],"predecessor-version":[{"id":2836,"href":"https:\/\/nordnesrepublikken.no\/index.php\/wp-json\/wp\/v2\/posts\/2834\/revisions\/2836"}],"wp:featuredmedia":[{"embeddable":true,"href":"https:\/\/nordnesrepublikken.no\/index.php\/wp-json\/wp\/v2\/media\/2835"}],"wp:attachment":[{"href":"https:\/\/nordnesrepublikken.no\/index.php\/wp-json\/wp\/v2\/media?parent=2834"}],"wp:term":[{"taxonomy":"category","embeddable":true,"href":"https:\/\/nordnesrepublikken.no\/index.php\/wp-json\/wp\/v2\/categories?post=2834"},{"taxonomy":"post_tag","embeddable":true,"href":"https:\/\/nordnesrepublikken.no\/index.php\/wp-json\/wp\/v2\/tags?post=2834"}],"curies":[{"name":"wp","href":"https:\/\/api.w.org\/{rel}","templated":true}]}}