{"id":2828,"date":"2025-03-14T02:50:17","date_gmt":"2025-03-14T01:50:17","guid":{"rendered":"https:\/\/nordnesrepublikken.no\/index.php\/2025\/03\/14\/fra-det-hoyeste-klokketarnet-i-italia-til-mumiene-i-venzon\/"},"modified":"2025-03-14T02:50:23","modified_gmt":"2025-03-14T01:50:23","slug":"fra-det-hoyeste-klokketarnet-i-italia-til-mumiene-i-venzon","status":"publish","type":"post","link":"https:\/\/nordnesrepublikken.no\/index.php\/2025\/03\/14\/fra-det-hoyeste-klokketarnet-i-italia-til-mumiene-i-venzon\/","title":{"rendered":"Fra det h\u00f8yeste klokket\u00e5rnet i Italia til mumiene i venzon"},"content":{"rendered":"<div>\n      <!-- CONTENT --><\/p>\n<div class=\"cp_wrapper cp_wrapper--fw mb-30 mb-20@tablet\">\n<figure class=\"mm\"><picture class=\"img\" style=\"padding-top:56.25%\"><source  media=\"(min-width: 1024px)\"><source  media=\"(min-width: 768px)\"><\/source><\/source><\/picture><\/figure>\n<\/p><\/div>\n<p>De <strong>Friuli-Venezia Giulia<\/strong> Det er en region med en spesiell lov av<strong>Nord-\u00d8st-Italia<\/strong>. Det doble navnet identifiserer det umiddelbart som et av disse regionene med en kompleks og heterogen identitet, hvis territorium best\u00e5r av historisk og kulturelt distinkte omr\u00e5der. De <strong>Friuli<\/strong>Faktisk tilsvarer det omtrent territoriene Pordenone, Udine og Gorizia, som okkuperer det meste av det sentrale og vestlige omr\u00e5det i regionen. Der <strong>Venezia<\/strong> <strong>Giulia<\/strong>P\u00e5 den annen side tilsvarer den tynne stripen av land som g\u00e5r mellom Slovenia og Adriaterhavet. Det er den mest \u00f8stlige regionen i Nord -Italia, har et omr\u00e5de av <strong>7936,83 km<sup>2<\/sup><\/strong>  og en befolkning av <strong>1.194.616 innbyggere<\/strong>. Friuli-Venezia Giulia er virkelig en region med en mangefasettert personlighet, b\u00e5de fra et territorisk synspunkt (den inkluderer alpine relieffer, kuperte band, sletter, innsj\u00f8er, elver, kyster &#8230;) begge fra et kulturelt synspunkt. Grenseposisjonen har faktisk karakterisert den i \u00e5rhundrer, om ikke engang \u00e5rtusener, som et land med passering, utveksling og m\u00f8te mellom Middelhavet, slave og germansk p\u00e5virkning.<\/p>\n<p> <!-- SUMMARY --><\/p>\n<div class=\"cp_wrapper mb-20 mb-40@desktop\">\n<div class=\"smy\" data-sticky-btn-text=\"\">\n<p>De 10 nysgjerrighetene p\u00e5 Friuli-Venezia Giulia<\/p>\n<\/div>\n<\/div>\n<h2 id=\"1-i-nomi-della-regione\">Fordi Friuli-Venezia Giulia har to navn<\/h2>\n<p>Friuli-Venezia Giulia er delt inn i <strong>To forskjellige historiske-geografiske regioner<\/strong>: <strong>Friuli,<\/strong> som inkluderer det meste av territoriet og inkluderer <strong>sletter<\/strong> <strong>Friulian<\/strong> og funnene fra underavsnitt av <strong>Alper<\/strong> <strong>Karneisk<\/strong> og av <strong>Alper<\/strong> <strong>Giulie<\/strong>og <strong>Venezia Giulia<\/strong> Italiensk, som utvikler seg som et smalt kystband p\u00e5 Trieste territorium; I <strong>Friuli <\/strong>De n\u00e5v\u00e6rende provinsene av <strong>Udine, Pordenone <\/strong>og bare delvis, <strong>Gorizia, <\/strong>mens<strong> Venezia Giulia <\/strong>Det ble dannet av provinsen av<strong> Trieste<\/strong> og fra <strong>gjenv\u00e6rende del av provinsen Gorizia<\/strong>. Navnet Friuli har gammel opprinnelse: det stammer fra latin <em>IULII Forum<\/em>som romerne identifiserte en milit\u00e6r bosetting, en <em>Castrum<\/em>h\u00f8yt fra Giulio Cesare a <em>Forum<\/em> (dvs. marked) og som tilsvarte det som senere skulle bli kommunen i <strong>Cividale del Friuli<\/strong>. Toponymet <em>IULII Forum<\/em> Den ble deretter inng\u00e5tt i de f\u00f8lgende \u00e5rhundrene til det faktisk blir Friuli. Der <strong>Venezia Giulia<\/strong> Italiensk er preget av tilstedev\u00e6relsen av <strong>Karst<\/strong>et kalksteinplat\u00e5 som strekker seg mellom Friuli-Venezia Giulia, Slovenia og Kroatia. Navnet Venezia Giulia ble f\u00f8dt mye senere enn Friuli, for \u00e5 v\u00e6re presis i 1863, myntet av Gorizian Lesist <strong>Graziadio Isaia Ascoli<\/strong>. Imidlertid har dette begrepet ogs\u00e5 romersk opprinnelse: &laquo;<strong>Venezia<\/strong>&laquo;Stammer fra toponymet som romerne identifiserte regionen <em>Venetia et histria<\/em> (P\u00e5 sin side kalte dette fordi bebodd av folket i venetianerne); &laquo;&raquo;<strong>Giulia<\/strong>&laquo;Det refererer til de julianske alpene, hvis navn stammer fra sin tur fra <em>Gens Iulia<\/em>familien Julius Caesar tilh\u00f8rte.<\/p>\n<div class=\"cp_wrapper cp_wrapper--fw mb-50\">\n<figure class=\"mm\"><picture class=\"img\" style=\"padding-top:99.16826615483%\"><source  media=\"(min-width: 1024px)\"><source  media=\"(min-width: 768px)\"><img decoding=\"async\" loading=\"lazy\" src=\"https:\/\/nordnesrepublikken.no\/wp-content\/uploads\/2025\/03\/1741917013_349_Fra-det-hoyeste-klokketarnet-i-Italia-til-mumiene-i-venzon.jpg\" alt=\"Friuli Venezia Giulia Map\" width=\"3126\" height=\"3100\"><\/source><\/source><\/picture><\/figure>\n<\/p><\/div>\n<h2 id=\"2-i-numeri-della-regione\">Det er en av de minste italienske regionene<\/h2>\n<p>Ved overflaten er Friuli-Venezia Giulia en av de minste italienske regionene: det strekker seg faktisk p\u00e5 et territorium p\u00e5 omtrent<strong> 7936,83 km<sup>2<\/sup><\/strong>. Med en befolkning lik <strong>1.194.616 innbyggere<\/strong>er en tetthet av <strong>151 innbyggere<\/strong> <strong>Til<\/strong> <strong>kvadratkilometer<\/strong> (Derfor under landsgjennomsnittet av 195 innbyggere per kvadratkilometer). Gitt sin natur som et grenseland og den varierte kulturelle og spr\u00e5klige identiteten, snakker i Friuli-Venezia Giulia godt <strong>Fire offisielle spr\u00e5k<\/strong>: Italiensk, friulisk, slovensk og tysk.<\/p>\n<h2 id=\"3-il-friuli-venezia-giulia-non-ha-province\">Friuli-Venezia Giulia har ingen provinser<\/h2>\n<p>Friuli-Venezia Giulia <strong>Det er ikke delt inn i provinsene<\/strong>siden, med den regionale loven n. 21 av 29. november 2019 ble hele regionale overflaten delt inn i fire <strong>Regionale desentraliseringsorganer<\/strong> (EDR), som tilsvarer omtrent territoriet til de fire tidligere provinsene. Spesielt:<\/p>\n<ul>\n<li>de<strong>Edr Gorizia<\/strong> Det inkluderer 138 186 innbyggere delt inn i 25 kommuner;<\/li>\n<li>de<strong>Edr Pordenone<\/strong> Inkluderer 311 394 innbyggere delt inn i 50 kommuner;<\/li>\n<li>de<strong>Edr Trieste<\/strong> Det inkluderer 228 395 innbyggere delt inn i 6 kommuner;<\/li>\n<li>de<strong>Edr Udine<\/strong> Det inkluderer 516 922 innbyggere delt inn i 134 kommuner.<\/li>\n<\/ul>\n<p>Friuli-Venezia Giulia er en spesiell lovregion, som betyr at den har en viss autonomi i \u00e5 ta beslutninger om territoriet. Valget om \u00e5 etablere EDRS er rettet mot en <strong>Forenkling av det administrative og byr\u00e5kratiske apparatet<\/strong> Med tanke p\u00e5 en optimalisering av ressursene og en mer effektiv koordinering mellom de forskjellige territorielle realitetene til Friuli-Venezia Giulia.<\/p>\n<h2 id=\"4-il-campanile-piu-alto-ditalia\">Det h\u00f8yeste klokket\u00e5rnet i Italia<\/h2>\n<p>I den lille byen <strong>Mortegliano<\/strong> (Udine), ved siden av Archpriestical Cathedral of the Saints Pietro og Paolo, st\u00e5r det homonyme klokket\u00e5rnet som med sin h\u00f8yde p\u00e5 Ben <strong>113,20 moh<\/strong>er det h\u00f8yeste klokket\u00e5rnet i Italia. Den ble designet etter andre post -krigsperiode av arkitekten Udinese <strong>Peter<\/strong> <strong>Zanini<\/strong>ansvarlig for \u00e5 erstatte det gamle klokket\u00e5rnet i Mortegliano: Konstruksjonen begynte 4. mai 1956 og ble avsluttet 22. august 1959. Innviing og innvielse fant sted i september samme \u00e5r. I motsetning til <strong>stil<\/strong> <strong>neo -gotisk<\/strong> Av det n\u00e6rliggende katedralen ble klokket\u00e5rnet laget ved \u00e5 foretrekke <strong>mer moderne former<\/strong> som f\u00f8dte en enkelt bygning, basert p\u00e5 <strong>8<\/strong> <strong>ansikter<\/strong> og en imponerende ekstern og sikt st\u00f8ttende struktur.<\/p>\n<div class=\"cp_wrapper cp_wrapper--fw mb-50\">\n<figure class=\"mm\"><picture class=\"img\" style=\"padding-top:66.666666666667%\"><source  media=\"(min-width: 1024px)\"><source  media=\"(min-width: 768px)\"><img decoding=\"async\" loading=\"lazy\" src=\"https:\/\/nordnesrepublikken.no\/wp-content\/uploads\/2025\/03\/1741917014_329_Fra-det-hoyeste-klokketarnet-i-Italia-til-mumiene-i-venzon.jpg\" alt=\"Campanile Mortegliano\" width=\"2121\" height=\"1414\" class=\"js-seedtag-img\"><\/source><\/source><\/picture><\/figure>\n<\/p><\/div>\n<h2 id=\"5-il-carso-e-il-carsismo\">Karst og karst<\/h2>\n<p>I den s\u00f8r-\u00f8stlige delen av regionen, n\u00e6r grensene til Italia, er Slovenia og Kroatia funnet<strong>Corsa Plateau<\/strong>. De <strong>bergarter<\/strong> <strong>kalkstein<\/strong> av territoriet er l\u00f8selig, spesielt fra<strong>Kullsyre<\/strong> Oppl\u00f8st i vann: Virkningen av atmosf\u00e6riske midler, regn og overflaterulling av vannet i utgangspunktet former de dypt landskapet ved \u00e5 skape <strong>huler<\/strong>, <strong>Doline<\/strong>, <strong>Jeg svelger<\/strong> Og <strong>elver<\/strong> <strong>underjordisk<\/strong>. Denne kjemiske oppl\u00f8sningsprosessen f\u00f8rer til at vannet filtrerer dypt i undergrunnen og bestemmer et t\u00f8rt og t\u00f8rt milj\u00f8 p\u00e5 overflaten, der bare spesielt resistente planter klarer \u00e5 overleve. Karst er et av de mest representative omr\u00e5dene i dette geologiske fenomenet, som herfra tar navnet til <strong>Karst<\/strong>.<\/p>\n<div class=\"cp_wrapper cp_wrapper--fw mb-50\">\n<figure class=\"mm\"><picture class=\"img\" style=\"padding-top:66.666666666667%\"><source  media=\"(min-width: 1024px)\"><source  media=\"(min-width: 768px)\"><img decoding=\"async\" loading=\"lazy\" src=\"https:\/\/nordnesrepublikken.no\/wp-content\/uploads\/2025\/03\/1741917015_149_Fra-det-hoyeste-klokketarnet-i-Italia-til-mumiene-i-venzon.jpg\" alt=\"Karst\" width=\"2121\" height=\"1414\"><\/source><\/source><\/picture><\/figure>\n<\/p><\/div>\n<h2 id=\"6-palmanova-la-citta-stellata\">Palmanova, stjernen -formet by<\/h2>\n<p>Noen kilometer s\u00f8r for Udine er det en virkelig unik by som, takket v\u00e6re sin entall konformasjon, vant kallenavnet &laquo;<strong>Starry City<\/strong>&laquo;. Vi snakker om <strong>Palmanova<\/strong>en festningsby grunnlagt av venetianerne p\u00e5 slutten av 1500 -tallet hvis anlegg er akkurat som en <strong>Ni -punkterte polygon<\/strong>. Palmanova ble utf\u00f8rt i 1593 p\u00e5 grunnlag av et prosjekt designet og av et team av ingeni\u00f8rer av <strong>Serenissima Republikken Venezia<\/strong> For \u00e5 konsolidere tilstedev\u00e6relsen i territoriet til den n\u00e5v\u00e6rende Friuli-Venezia Giulia mot de osmanske inngrepene og den \u00f8kende innflytelsen fra Habsburg-huset. Dette bebodde senteret, som i dag har dr\u00f8yt 5000 innbyggere, regnes som en eksemplarisk modell av milit\u00e6r arkitektur i moderne tid og er inkludert i <strong>Liste over UNESCOs verdensarvsted<\/strong> Under hatten til <em>&laquo;Venetiansk forsvar fungerer mellom 1500- og 1600-tallet: stat fra jordstat fra vestlige hav&raquo;<\/em>.<\/p>\n<div class=\"cp_wrapper cp_wrapper--fw mb-50\">\n<figure class=\"mm\"><picture class=\"img\" style=\"padding-top:66.619519094767%\"><source  media=\"(min-width: 1024px)\"><source  media=\"(min-width: 768px)\"><img decoding=\"async\" loading=\"lazy\" src=\"https:\/\/nordnesrepublikken.no\/wp-content\/uploads\/2025\/03\/1741917015_67_Fra-det-hoyeste-klokketarnet-i-Italia-til-mumiene-i-venzon.jpg\" alt=\"Palmanova\" width=\"2121\" height=\"1413\" class=\"js-seedtag-img\"><\/source><\/source><\/picture><\/figure>\n<\/p><\/div>\n<h2 id=\"7-la-diga-del-vajont\">Vajont -demningen<\/h2>\n<p>N\u00e6r Pordenone, p\u00e5 grensen mellom Veneto og Friuli-Venezia Giulia er det <strong>Vajont Dam<\/strong>. Denne imponerende barrieren, h\u00f8y <strong>261,60 moh<\/strong> (som fremdeles gj\u00f8r det i dag til en av de h\u00f8yeste demningene i verden), er dessverre kjent for <strong>Vajont katastrofe<\/strong> av 1963, da en del av Monte TOC -siden la seg i det kunstige bassenget som for\u00e5rsaket en eksonasjon som overveldet og \u00f8dela landsbyene i dalbunnen og for\u00e5rsaket nesten 2000 ofre. Til tross for den dramatiske historien,<strong> Dam motsto de sterke p\u00e5kjenningene<\/strong> Og det eksisterer fremdeles i dag som et monument for minne: omr\u00e5det kan bes\u00f8kes gjennom guidede stier som forteller dens historie og tragedie, med dens \u00e5rsaker og konsekvenser. Etter katastrofen er ikke lenger dammen lenger i drift for produksjon av str\u00f8m og bassenget har blitt helt t\u00f8rket.<\/p>\n<div class=\"cp_wrapper cp_wrapper--fw mb-50\">\n<figure class=\"mm\"><picture class=\"img\" style=\"padding-top:74.95%\"><source  media=\"(min-width: 1024px)\"><source  media=\"(min-width: 768px)\"><img decoding=\"async\" loading=\"lazy\" src=\"https:\/\/nordnesrepublikken.no\/wp-content\/uploads\/2025\/03\/1741917016_93_Fra-det-hoyeste-klokketarnet-i-Italia-til-mumiene-i-venzon.jpg\" alt=\"Vajont Dam\" width=\"2000\" height=\"1499\"><\/source><\/source><\/picture><\/figure>\n<\/p><\/div>\n<h2 id=\"8-le-mummie-di-venzone\">Mumiene til venzon<\/h2>\n<p>I 1647, under utvidelsesarbeidene til <strong>Venzone katedral<\/strong> (Udine) En kropp som dateres tilbake til det fjortende \u00e5rhundre som var veldig godt bevart og kalt &laquo;gobbo&raquo; p\u00e5 grunn av dets fysiognomi ble funnet. Under ytterligere utgravninger, som ble utf\u00f8rt i de f\u00f8lgende \u00e5rhundrer og p\u00e5 samme sted, ble omtrent f\u00f8rti kropper av mennesker som bodde i forskjellige tidsepoker brakt frem. Det ser ut til \u00e5 v\u00e6re noe spesielt nysgjerrig, hvis det ikke var for at disse likene, ekte <strong>Mumier<\/strong>ble funnet i en <strong>Bevaringstilstand virkelig utenom det vanlige<\/strong>. Denne tilstanden skyldes en <strong>Mummifisering<\/strong> <strong>oppstod for naturlige \u00e5rsaker<\/strong>: Det ser ut til at stedets spesielle milj\u00f8messige og klimatiske forhold har foretrukket spredningen av soppen <strong><em>Hypha Bombycina<\/em><\/strong>  Noe som ville ha p\u00e5virket nedbrytningsorganene ved \u00e5 frata dem all fuktighet p\u00e5 kort tid. Denne typen &laquo;t\u00f8rking&raquo; som skjedde med biologisk ville ha tillatt en naturlig mumifisering av kroppene.<\/p>\n<div class=\"cp_wrapper cp_wrapper--fw mb-50\">\n<figure class=\"mm\"><picture class=\"img\" style=\"padding-top:80.010330578512%\"><source  media=\"(min-width: 1024px)\"><source  media=\"(min-width: 768px)\"><img decoding=\"async\" loading=\"lazy\" src=\"https:\/\/nordnesrepublikken.no\/wp-content\/uploads\/2025\/03\/1741917017_374_Fra-det-hoyeste-klokketarnet-i-Italia-til-mumiene-i-venzon.jpg\" alt=\"Venzone\" width=\"1936\" height=\"1549\" class=\"js-seedtag-img\"><\/source><\/source><\/picture><\/figure>\n<\/p><\/div>\n<h2 id=\"9-il-grissino-piu-lungo-del-mondo\">Den lengste grissino i verden<\/h2>\n<p>Selv om <strong>Br\u00f8dstokk<\/strong> Det er en gastronomisk spesialitet som vanligvis (og med rette) er assosiert med den piedmontesiske tradisjonen, vi finner den lengste rekorden i verden i Friuli-Venezia Giulia. I 2019, faktisk, nettopp i denne regionen, jobbet 40 personer i flere timer en deig p\u00e5 tvers <strong>100 kg<\/strong> som deretter ble kokt med bruk av en mobil ovn. Br\u00f8dpinnen, lang <strong>116,55 moh<\/strong>etter \u00e5 ha blitt unders\u00f8kt av en dommer av <em>Guinness World Record<\/em>ble servert med utover<strong> 60 kg San Daniele Ham<\/strong>den ber\u00f8mte regionale r\u00e5 dop, som sammen med <strong>Frico<\/strong>en potet- og ostepai med en knasende skorpe utenfor og et mykt hjerte, representerer en av delikatessene i regionen.<\/p>\n<h2 id=\"linvenzione-dei-coriandoli\">Oppfinnelsen av konfetti<\/h2>\n<p>DE <strong>konfetti<\/strong>Akkurat som vi kjenner dem i dag, det vil si at fargestykker som skal lanseres under karnevalet, ser ut til \u00e5 ha blitt designet i 1876 av ingeni\u00f8ren og oppfinneren Triestino <strong>Ettore Fenderl<\/strong>kjent for sine patenter p\u00e5 det industrielle feltet og for studier om radioaktivitet. Det ser ut til at Fenderl, i mangel av penger til \u00e5 kj\u00f8pe det typiske <strong>Gesso Confetti<\/strong> S\u00e5 i bruk kuttet han ut papirtrekanter for \u00e5 lansere p\u00e5 gaten fra vinduet i hjemmet. If\u00f8lge ham ville ikke saken blitt verdsatt av forbipasserende -som i stedet ville p\u00e5kalle politiets inngripen for beslagleggelse av den irriterende konfettien. Imidlertid ville det ogs\u00e5 v\u00e6re Milanese som hevder forfatterskapet til Modern Confetti <strong>Enrico<\/strong> <strong>Mangii<\/strong>som hadde ideen om \u00e5 bruke papiravfallet fra kullen som ble brukt i avl av silkeorm.<\/p>\n<\/p><\/div>\n","protected":false},"excerpt":{"rendered":"<p>De Friuli-Venezia Giulia Det er en region med en spesiell lov avNord-\u00d8st-Italia. Det doble navnet<\/p>\n","protected":false},"author":1,"featured_media":2829,"comment_status":"closed","ping_status":"open","sticky":false,"template":"","format":"standard","meta":{"footnotes":""},"categories":[26],"tags":[66,125,337,437,436,438,117,439],"class_list":["post-2828","post","type-post","status-publish","format-standard","has-post-thumbnail","hentry","category-miljo","tag-det","tag-fra","tag-hoyeste","tag-italia","tag-klokketarnet","tag-mumiene","tag-til","tag-venzon","generate-columns","tablet-grid-50","mobile-grid-100","grid-parent","grid-33","resize-featured-image"],"yoast_head":"<!-- This site is optimized with the Yoast SEO plugin v24.4 - https:\/\/yoast.com\/wordpress\/plugins\/seo\/ -->\n<title>Fra det h\u00f8yeste klokket\u00e5rnet i Italia til mumiene i venzon - Nordnesrepublikken<\/title>\n<meta name=\"robots\" content=\"index, follow, max-snippet:-1, max-image-preview:large, max-video-preview:-1\" \/>\n<link rel=\"canonical\" href=\"https:\/\/nordnesrepublikken.no\/index.php\/2025\/03\/14\/fra-det-hoyeste-klokketarnet-i-italia-til-mumiene-i-venzon\/\" \/>\n<meta property=\"og:locale\" content=\"nb_NO\" \/>\n<meta property=\"og:type\" content=\"article\" \/>\n<meta property=\"og:title\" content=\"Fra det h\u00f8yeste klokket\u00e5rnet i Italia til mumiene i venzon - Nordnesrepublikken\" \/>\n<meta property=\"og:description\" content=\"De Friuli-Venezia Giulia Det er en region med en spesiell lov avNord-\u00d8st-Italia. Det doble navnet\" \/>\n<meta property=\"og:url\" content=\"https:\/\/nordnesrepublikken.no\/index.php\/2025\/03\/14\/fra-det-hoyeste-klokketarnet-i-italia-til-mumiene-i-venzon\/\" \/>\n<meta property=\"og:site_name\" content=\"Nordnesrepublikken\" \/>\n<meta property=\"article:published_time\" content=\"2025-03-14T01:50:17+00:00\" \/>\n<meta property=\"article:modified_time\" content=\"2025-03-14T01:50:23+00:00\" \/>\n<meta property=\"og:image\" content=\"https:\/\/nordnesrepublikken.no\/wp-content\/uploads\/2025\/03\/1741917017_Fra-det-hoyeste-klokketarnet-i-Italia-til-mumiene-i-venzon-scaled.jpg\" \/>\n\t<meta property=\"og:image:width\" content=\"2560\" \/>\n\t<meta property=\"og:image:height\" content=\"1706\" \/>\n\t<meta property=\"og:image:type\" content=\"image\/jpeg\" \/>\n<meta name=\"author\" content=\"Ole Andersen\" \/>\n<meta name=\"twitter:card\" content=\"summary_large_image\" \/>\n<meta name=\"twitter:label1\" content=\"Skrevet av\" \/>\n\t<meta name=\"twitter:data1\" content=\"Ole Andersen\" \/>\n\t<meta name=\"twitter:label2\" content=\"Ansl. lesetid\" \/>\n\t<meta name=\"twitter:data2\" content=\"8 minutter\" \/>\n<script type=\"application\/ld+json\" class=\"yoast-schema-graph\">{\"@context\":\"https:\/\/schema.org\",\"@graph\":[{\"@type\":\"Article\",\"@id\":\"https:\/\/nordnesrepublikken.no\/index.php\/2025\/03\/14\/fra-det-hoyeste-klokketarnet-i-italia-til-mumiene-i-venzon\/#article\",\"isPartOf\":{\"@id\":\"https:\/\/nordnesrepublikken.no\/index.php\/2025\/03\/14\/fra-det-hoyeste-klokketarnet-i-italia-til-mumiene-i-venzon\/\"},\"author\":{\"name\":\"Ole Andersen\",\"@id\":\"https:\/\/nordnesrepublikken.no\/#\/schema\/person\/2e7e81935bab77882fffb79296240ff1\"},\"headline\":\"Fra det h\u00f8yeste klokket\u00e5rnet i Italia til mumiene i venzon\",\"datePublished\":\"2025-03-14T01:50:17+00:00\",\"dateModified\":\"2025-03-14T01:50:23+00:00\",\"mainEntityOfPage\":{\"@id\":\"https:\/\/nordnesrepublikken.no\/index.php\/2025\/03\/14\/fra-det-hoyeste-klokketarnet-i-italia-til-mumiene-i-venzon\/\"},\"wordCount\":1519,\"publisher\":{\"@id\":\"https:\/\/nordnesrepublikken.no\/#organization\"},\"image\":{\"@id\":\"https:\/\/nordnesrepublikken.no\/index.php\/2025\/03\/14\/fra-det-hoyeste-klokketarnet-i-italia-til-mumiene-i-venzon\/#primaryimage\"},\"thumbnailUrl\":\"https:\/\/nordnesrepublikken.no\/wp-content\/uploads\/2025\/03\/1741917017_Fra-det-hoyeste-klokketarnet-i-Italia-til-mumiene-i-venzon-scaled.jpg\",\"keywords\":[\"Det\",\"fra\",\"h\u00f8yeste\",\"Italia\",\"klokket\u00e5rnet\",\"mumiene\",\"til\",\"venzon\"],\"articleSection\":[\"Milj\u00f8\"],\"inLanguage\":\"nb-NO\"},{\"@type\":\"WebPage\",\"@id\":\"https:\/\/nordnesrepublikken.no\/index.php\/2025\/03\/14\/fra-det-hoyeste-klokketarnet-i-italia-til-mumiene-i-venzon\/\",\"url\":\"https:\/\/nordnesrepublikken.no\/index.php\/2025\/03\/14\/fra-det-hoyeste-klokketarnet-i-italia-til-mumiene-i-venzon\/\",\"name\":\"Fra det h\u00f8yeste klokket\u00e5rnet i Italia til mumiene i venzon - Nordnesrepublikken\",\"isPartOf\":{\"@id\":\"https:\/\/nordnesrepublikken.no\/#website\"},\"primaryImageOfPage\":{\"@id\":\"https:\/\/nordnesrepublikken.no\/index.php\/2025\/03\/14\/fra-det-hoyeste-klokketarnet-i-italia-til-mumiene-i-venzon\/#primaryimage\"},\"image\":{\"@id\":\"https:\/\/nordnesrepublikken.no\/index.php\/2025\/03\/14\/fra-det-hoyeste-klokketarnet-i-italia-til-mumiene-i-venzon\/#primaryimage\"},\"thumbnailUrl\":\"https:\/\/nordnesrepublikken.no\/wp-content\/uploads\/2025\/03\/1741917017_Fra-det-hoyeste-klokketarnet-i-Italia-til-mumiene-i-venzon-scaled.jpg\",\"datePublished\":\"2025-03-14T01:50:17+00:00\",\"dateModified\":\"2025-03-14T01:50:23+00:00\",\"breadcrumb\":{\"@id\":\"https:\/\/nordnesrepublikken.no\/index.php\/2025\/03\/14\/fra-det-hoyeste-klokketarnet-i-italia-til-mumiene-i-venzon\/#breadcrumb\"},\"inLanguage\":\"nb-NO\",\"potentialAction\":[{\"@type\":\"ReadAction\",\"target\":[\"https:\/\/nordnesrepublikken.no\/index.php\/2025\/03\/14\/fra-det-hoyeste-klokketarnet-i-italia-til-mumiene-i-venzon\/\"]}]},{\"@type\":\"ImageObject\",\"inLanguage\":\"nb-NO\",\"@id\":\"https:\/\/nordnesrepublikken.no\/index.php\/2025\/03\/14\/fra-det-hoyeste-klokketarnet-i-italia-til-mumiene-i-venzon\/#primaryimage\",\"url\":\"https:\/\/nordnesrepublikken.no\/wp-content\/uploads\/2025\/03\/1741917017_Fra-det-hoyeste-klokketarnet-i-Italia-til-mumiene-i-venzon-scaled.jpg\",\"contentUrl\":\"https:\/\/nordnesrepublikken.no\/wp-content\/uploads\/2025\/03\/1741917017_Fra-det-hoyeste-klokketarnet-i-Italia-til-mumiene-i-venzon-scaled.jpg\",\"width\":2560,\"height\":1706,\"caption\":\"friuli venezia giulia\"},{\"@type\":\"BreadcrumbList\",\"@id\":\"https:\/\/nordnesrepublikken.no\/index.php\/2025\/03\/14\/fra-det-hoyeste-klokketarnet-i-italia-til-mumiene-i-venzon\/#breadcrumb\",\"itemListElement\":[{\"@type\":\"ListItem\",\"position\":1,\"name\":\"Home\",\"item\":\"https:\/\/nordnesrepublikken.no\/\"},{\"@type\":\"ListItem\",\"position\":2,\"name\":\"Fra det h\u00f8yeste klokket\u00e5rnet i Italia til mumiene i venzon\"}]},{\"@type\":\"WebSite\",\"@id\":\"https:\/\/nordnesrepublikken.no\/#website\",\"url\":\"https:\/\/nordnesrepublikken.no\/\",\"name\":\"Nordnesrepublikken\",\"description\":\"Stemmer og Visjoner fra Republikkens Hjerte\",\"publisher\":{\"@id\":\"https:\/\/nordnesrepublikken.no\/#organization\"},\"potentialAction\":[{\"@type\":\"SearchAction\",\"target\":{\"@type\":\"EntryPoint\",\"urlTemplate\":\"https:\/\/nordnesrepublikken.no\/?s={search_term_string}\"},\"query-input\":{\"@type\":\"PropertyValueSpecification\",\"valueRequired\":true,\"valueName\":\"search_term_string\"}}],\"inLanguage\":\"nb-NO\"},{\"@type\":\"Organization\",\"@id\":\"https:\/\/nordnesrepublikken.no\/#organization\",\"name\":\"Nordnesrepublikken\",\"url\":\"https:\/\/nordnesrepublikken.no\/\",\"logo\":{\"@type\":\"ImageObject\",\"inLanguage\":\"nb-NO\",\"@id\":\"https:\/\/nordnesrepublikken.no\/#\/schema\/logo\/image\/\",\"url\":\"https:\/\/nordnesrepublikken.no\/wp-content\/uploads\/2025\/02\/cropped-nordnesrepublikken-2.png\",\"contentUrl\":\"https:\/\/nordnesrepublikken.no\/wp-content\/uploads\/2025\/02\/cropped-nordnesrepublikken-2.png\",\"width\":1248,\"height\":362,\"caption\":\"Nordnesrepublikken\"},\"image\":{\"@id\":\"https:\/\/nordnesrepublikken.no\/#\/schema\/logo\/image\/\"}},{\"@type\":\"Person\",\"@id\":\"https:\/\/nordnesrepublikken.no\/#\/schema\/person\/2e7e81935bab77882fffb79296240ff1\",\"name\":\"Ole Andersen\",\"image\":{\"@type\":\"ImageObject\",\"inLanguage\":\"nb-NO\",\"@id\":\"https:\/\/nordnesrepublikken.no\/#\/schema\/person\/image\/\",\"url\":\"https:\/\/nordnesrepublikken.no\/wp-content\/uploads\/2025\/02\/nordnesrepublikken-2-2-150x150.jpg\",\"contentUrl\":\"https:\/\/nordnesrepublikken.no\/wp-content\/uploads\/2025\/02\/nordnesrepublikken-2-2-150x150.jpg\",\"caption\":\"Ole Andersen\"},\"description\":\"Ettersom jeg vokste opp i Oslo, har jeg alltid v\u00e6rt fascinert av ordenes kraft og deres evne til \u00e5 skape endringer. Etter \u00e5 ha fullf\u00f8rt min utdannelse i kommunikasjon ved Universitetet i Bergen, fikk jeg muligheten til \u00e5 jobbe innen ulike medier, der jeg har s\u00f8kt \u00e5 belyse viktige samfunnssp\u00f8rsm\u00e5l. I dag, som redakt\u00f8r for Nordnesrepublikken, pr\u00f8ver jeg \u00e5 forene min kj\u00e6rlighet for journalistikk med min lidenskap for innovasjon og eventyr.\",\"sameAs\":[\"https:\/\/nordnesrepublikken.no\/\"]}]}<\/script>\n<!-- \/ Yoast SEO plugin. -->","yoast_head_json":{"title":"Fra det h\u00f8yeste klokket\u00e5rnet i Italia til mumiene i venzon - Nordnesrepublikken","robots":{"index":"index","follow":"follow","max-snippet":"max-snippet:-1","max-image-preview":"max-image-preview:large","max-video-preview":"max-video-preview:-1"},"canonical":"https:\/\/nordnesrepublikken.no\/index.php\/2025\/03\/14\/fra-det-hoyeste-klokketarnet-i-italia-til-mumiene-i-venzon\/","og_locale":"nb_NO","og_type":"article","og_title":"Fra det h\u00f8yeste klokket\u00e5rnet i Italia til mumiene i venzon - Nordnesrepublikken","og_description":"De Friuli-Venezia Giulia Det er en region med en spesiell lov avNord-\u00d8st-Italia. Det doble navnet","og_url":"https:\/\/nordnesrepublikken.no\/index.php\/2025\/03\/14\/fra-det-hoyeste-klokketarnet-i-italia-til-mumiene-i-venzon\/","og_site_name":"Nordnesrepublikken","article_published_time":"2025-03-14T01:50:17+00:00","article_modified_time":"2025-03-14T01:50:23+00:00","og_image":[{"width":2560,"height":1706,"url":"https:\/\/nordnesrepublikken.no\/wp-content\/uploads\/2025\/03\/1741917017_Fra-det-hoyeste-klokketarnet-i-Italia-til-mumiene-i-venzon-scaled.jpg","type":"image\/jpeg"}],"author":"Ole Andersen","twitter_card":"summary_large_image","twitter_misc":{"Skrevet av":"Ole Andersen","Ansl. lesetid":"8 minutter"},"schema":{"@context":"https:\/\/schema.org","@graph":[{"@type":"Article","@id":"https:\/\/nordnesrepublikken.no\/index.php\/2025\/03\/14\/fra-det-hoyeste-klokketarnet-i-italia-til-mumiene-i-venzon\/#article","isPartOf":{"@id":"https:\/\/nordnesrepublikken.no\/index.php\/2025\/03\/14\/fra-det-hoyeste-klokketarnet-i-italia-til-mumiene-i-venzon\/"},"author":{"name":"Ole Andersen","@id":"https:\/\/nordnesrepublikken.no\/#\/schema\/person\/2e7e81935bab77882fffb79296240ff1"},"headline":"Fra det h\u00f8yeste klokket\u00e5rnet i Italia til mumiene i venzon","datePublished":"2025-03-14T01:50:17+00:00","dateModified":"2025-03-14T01:50:23+00:00","mainEntityOfPage":{"@id":"https:\/\/nordnesrepublikken.no\/index.php\/2025\/03\/14\/fra-det-hoyeste-klokketarnet-i-italia-til-mumiene-i-venzon\/"},"wordCount":1519,"publisher":{"@id":"https:\/\/nordnesrepublikken.no\/#organization"},"image":{"@id":"https:\/\/nordnesrepublikken.no\/index.php\/2025\/03\/14\/fra-det-hoyeste-klokketarnet-i-italia-til-mumiene-i-venzon\/#primaryimage"},"thumbnailUrl":"https:\/\/nordnesrepublikken.no\/wp-content\/uploads\/2025\/03\/1741917017_Fra-det-hoyeste-klokketarnet-i-Italia-til-mumiene-i-venzon-scaled.jpg","keywords":["Det","fra","h\u00f8yeste","Italia","klokket\u00e5rnet","mumiene","til","venzon"],"articleSection":["Milj\u00f8"],"inLanguage":"nb-NO"},{"@type":"WebPage","@id":"https:\/\/nordnesrepublikken.no\/index.php\/2025\/03\/14\/fra-det-hoyeste-klokketarnet-i-italia-til-mumiene-i-venzon\/","url":"https:\/\/nordnesrepublikken.no\/index.php\/2025\/03\/14\/fra-det-hoyeste-klokketarnet-i-italia-til-mumiene-i-venzon\/","name":"Fra det h\u00f8yeste klokket\u00e5rnet i Italia til mumiene i venzon - Nordnesrepublikken","isPartOf":{"@id":"https:\/\/nordnesrepublikken.no\/#website"},"primaryImageOfPage":{"@id":"https:\/\/nordnesrepublikken.no\/index.php\/2025\/03\/14\/fra-det-hoyeste-klokketarnet-i-italia-til-mumiene-i-venzon\/#primaryimage"},"image":{"@id":"https:\/\/nordnesrepublikken.no\/index.php\/2025\/03\/14\/fra-det-hoyeste-klokketarnet-i-italia-til-mumiene-i-venzon\/#primaryimage"},"thumbnailUrl":"https:\/\/nordnesrepublikken.no\/wp-content\/uploads\/2025\/03\/1741917017_Fra-det-hoyeste-klokketarnet-i-Italia-til-mumiene-i-venzon-scaled.jpg","datePublished":"2025-03-14T01:50:17+00:00","dateModified":"2025-03-14T01:50:23+00:00","breadcrumb":{"@id":"https:\/\/nordnesrepublikken.no\/index.php\/2025\/03\/14\/fra-det-hoyeste-klokketarnet-i-italia-til-mumiene-i-venzon\/#breadcrumb"},"inLanguage":"nb-NO","potentialAction":[{"@type":"ReadAction","target":["https:\/\/nordnesrepublikken.no\/index.php\/2025\/03\/14\/fra-det-hoyeste-klokketarnet-i-italia-til-mumiene-i-venzon\/"]}]},{"@type":"ImageObject","inLanguage":"nb-NO","@id":"https:\/\/nordnesrepublikken.no\/index.php\/2025\/03\/14\/fra-det-hoyeste-klokketarnet-i-italia-til-mumiene-i-venzon\/#primaryimage","url":"https:\/\/nordnesrepublikken.no\/wp-content\/uploads\/2025\/03\/1741917017_Fra-det-hoyeste-klokketarnet-i-Italia-til-mumiene-i-venzon-scaled.jpg","contentUrl":"https:\/\/nordnesrepublikken.no\/wp-content\/uploads\/2025\/03\/1741917017_Fra-det-hoyeste-klokketarnet-i-Italia-til-mumiene-i-venzon-scaled.jpg","width":2560,"height":1706,"caption":"friuli venezia giulia"},{"@type":"BreadcrumbList","@id":"https:\/\/nordnesrepublikken.no\/index.php\/2025\/03\/14\/fra-det-hoyeste-klokketarnet-i-italia-til-mumiene-i-venzon\/#breadcrumb","itemListElement":[{"@type":"ListItem","position":1,"name":"Home","item":"https:\/\/nordnesrepublikken.no\/"},{"@type":"ListItem","position":2,"name":"Fra det h\u00f8yeste klokket\u00e5rnet i Italia til mumiene i venzon"}]},{"@type":"WebSite","@id":"https:\/\/nordnesrepublikken.no\/#website","url":"https:\/\/nordnesrepublikken.no\/","name":"Nordnesrepublikken","description":"Stemmer og Visjoner fra Republikkens Hjerte","publisher":{"@id":"https:\/\/nordnesrepublikken.no\/#organization"},"potentialAction":[{"@type":"SearchAction","target":{"@type":"EntryPoint","urlTemplate":"https:\/\/nordnesrepublikken.no\/?s={search_term_string}"},"query-input":{"@type":"PropertyValueSpecification","valueRequired":true,"valueName":"search_term_string"}}],"inLanguage":"nb-NO"},{"@type":"Organization","@id":"https:\/\/nordnesrepublikken.no\/#organization","name":"Nordnesrepublikken","url":"https:\/\/nordnesrepublikken.no\/","logo":{"@type":"ImageObject","inLanguage":"nb-NO","@id":"https:\/\/nordnesrepublikken.no\/#\/schema\/logo\/image\/","url":"https:\/\/nordnesrepublikken.no\/wp-content\/uploads\/2025\/02\/cropped-nordnesrepublikken-2.png","contentUrl":"https:\/\/nordnesrepublikken.no\/wp-content\/uploads\/2025\/02\/cropped-nordnesrepublikken-2.png","width":1248,"height":362,"caption":"Nordnesrepublikken"},"image":{"@id":"https:\/\/nordnesrepublikken.no\/#\/schema\/logo\/image\/"}},{"@type":"Person","@id":"https:\/\/nordnesrepublikken.no\/#\/schema\/person\/2e7e81935bab77882fffb79296240ff1","name":"Ole Andersen","image":{"@type":"ImageObject","inLanguage":"nb-NO","@id":"https:\/\/nordnesrepublikken.no\/#\/schema\/person\/image\/","url":"https:\/\/nordnesrepublikken.no\/wp-content\/uploads\/2025\/02\/nordnesrepublikken-2-2-150x150.jpg","contentUrl":"https:\/\/nordnesrepublikken.no\/wp-content\/uploads\/2025\/02\/nordnesrepublikken-2-2-150x150.jpg","caption":"Ole Andersen"},"description":"Ettersom jeg vokste opp i Oslo, har jeg alltid v\u00e6rt fascinert av ordenes kraft og deres evne til \u00e5 skape endringer. Etter \u00e5 ha fullf\u00f8rt min utdannelse i kommunikasjon ved Universitetet i Bergen, fikk jeg muligheten til \u00e5 jobbe innen ulike medier, der jeg har s\u00f8kt \u00e5 belyse viktige samfunnssp\u00f8rsm\u00e5l. I dag, som redakt\u00f8r for Nordnesrepublikken, pr\u00f8ver jeg \u00e5 forene min kj\u00e6rlighet for journalistikk med min lidenskap for innovasjon og eventyr.","sameAs":["https:\/\/nordnesrepublikken.no\/"]}]}},"_links":{"self":[{"href":"https:\/\/nordnesrepublikken.no\/index.php\/wp-json\/wp\/v2\/posts\/2828","targetHints":{"allow":["GET"]}}],"collection":[{"href":"https:\/\/nordnesrepublikken.no\/index.php\/wp-json\/wp\/v2\/posts"}],"about":[{"href":"https:\/\/nordnesrepublikken.no\/index.php\/wp-json\/wp\/v2\/types\/post"}],"author":[{"embeddable":true,"href":"https:\/\/nordnesrepublikken.no\/index.php\/wp-json\/wp\/v2\/users\/1"}],"replies":[{"embeddable":true,"href":"https:\/\/nordnesrepublikken.no\/index.php\/wp-json\/wp\/v2\/comments?post=2828"}],"version-history":[{"count":1,"href":"https:\/\/nordnesrepublikken.no\/index.php\/wp-json\/wp\/v2\/posts\/2828\/revisions"}],"predecessor-version":[{"id":2830,"href":"https:\/\/nordnesrepublikken.no\/index.php\/wp-json\/wp\/v2\/posts\/2828\/revisions\/2830"}],"wp:featuredmedia":[{"embeddable":true,"href":"https:\/\/nordnesrepublikken.no\/index.php\/wp-json\/wp\/v2\/media\/2829"}],"wp:attachment":[{"href":"https:\/\/nordnesrepublikken.no\/index.php\/wp-json\/wp\/v2\/media?parent=2828"}],"wp:term":[{"taxonomy":"category","embeddable":true,"href":"https:\/\/nordnesrepublikken.no\/index.php\/wp-json\/wp\/v2\/categories?post=2828"},{"taxonomy":"post_tag","embeddable":true,"href":"https:\/\/nordnesrepublikken.no\/index.php\/wp-json\/wp\/v2\/tags?post=2828"}],"curies":[{"name":"wp","href":"https:\/\/api.w.org\/{rel}","templated":true}]}}