{"id":2825,"date":"2025-03-14T00:50:59","date_gmt":"2025-03-13T23:50:59","guid":{"rendered":"https:\/\/nordnesrepublikken.no\/index.php\/2025\/03\/14\/fordi-det-er-viktig-for-befolkningen-i-fugrei-campi-bevisstheten-om-vulkansk-risiko\/"},"modified":"2025-03-14T00:51:00","modified_gmt":"2025-03-13T23:51:00","slug":"fordi-det-er-viktig-for-befolkningen-i-fugrei-campi-bevisstheten-om-vulkansk-risiko","status":"publish","type":"post","link":"https:\/\/nordnesrepublikken.no\/index.php\/2025\/03\/14\/fordi-det-er-viktig-for-befolkningen-i-fugrei-campi-bevisstheten-om-vulkansk-risiko\/","title":{"rendered":"Fordi det er viktig for befolkningen i Fugrei Campi bevisstheten om vulkansk risiko"},"content":{"rendered":"<div>\n      <!-- CONTENT --><\/p>\n<div class=\"cp_wrapper cp_wrapper--fw mb-30 mb-20@tablet\">\n<figure class=\"mm\"><picture class=\"img\" style=\"padding-top:56.25%\"><source  media=\"(min-width: 1024px)\"><source  media=\"(min-width: 768px)\"><\/source><\/source><\/picture><\/figure>\n<\/p><\/div>\n<p>I den enorme Caldera Dei <strong>CAMPI FREGREI<\/strong> Om det var omtrent <strong>70 vulkanutbrudd<\/strong> i det siste <strong>15 000 \u00e5r<\/strong>. Av disse var bare 3 eller 4 virkelig voldelige, og n\u00e5dde maksimal mulige intensitet for denne vulkanske strukturen. I tilfelle et fremtidig utbrudd i en mer eller mindre n\u00e6r fremtid &#8211; hvorav det er godt \u00e5 gjenta det, er det ikke noe signal p\u00e5 det n\u00e5v\u00e6rende tidspunkt &#8211; det mest sannsynlige scenariet er det av en<strong>Utbrudd av middels lav intensitet<\/strong>derfor sammenlignbart med det siste utbruddet som skjedde i Fogrei -feltene, som i 1538 skapte Monte Nuovo.<\/p>\n<p>Til tross for dette, er risikoen knyttet til vulkanske fenomener i phlegraean -leirene <strong>det kan ikke undervurderes<\/strong>Fremfor alt vurderte boligtettheten i omr\u00e5det: til og med et lite utbrudd kan skape store skader p\u00e5 ting og mennesker. Vi m\u00e5 ogs\u00e5 ta hensyn til at vi ikke vil vite n\u00f8yaktig hvor neste utbrudd kan finne sted: det kan treffe et hvilket <strong>12-13 kilometer i diameter<\/strong>.<\/p>\n<div class=\"cp_wrapper cp_wrapper--fw mb-50\">\n<figure class=\"mm\"><picture class=\"img\" style=\"padding-top:60.6%\"><source  media=\"(min-width: 1024px)\"><source  media=\"(min-width: 768px)\"><img decoding=\"async\" loading=\"lazy\" src=\"https:\/\/nordnesrepublikken.no\/wp-content\/uploads\/2025\/03\/1741909859_653_Fordi-det-er-viktig-for-befolkningen-i-Fugrei-Campi-bevisstheten.jpg\" alt=\"Bilde\" width=\"500\" height=\"303\"><\/source><\/source><\/picture><\/figure>\n<\/p><\/div>\n<p>Vi m\u00e5 huske p\u00e5 at selv den seismiske aktiviteten til Campi Fegrei, som i det siste har intensivert og har produsert to sjokk av de siste 10 m\u00e5nedene av <strong>st\u00f8rrelsesorden 4.4<\/strong>en 13. mars 2025 og en 20. mai 2024, er en &laquo;sikkerhetseffekt&raquo; av den vulkanske aktiviteten i dette omr\u00e5det. Hele fenomenet av bradisisme som produserer jordskjelv i de flegraiske leirene er et vulkansk fenomen, der v\u00e6skene med magmatisk opprinnelse f\u00e5r den til \u00e5 heve og senke jorden, og gir opphav til hyppige seismiske svermer i l\u00f8pet av l\u00f8fteperioder (for tiden i gang i Fegrei Campi siden 2005).<\/p>\n<p>Fra 2023 er vi i en <strong>Akutt fase<\/strong> av positiv setningsfree bradisisme, men det er en del av en eldgamle <strong>&laquo;Vulkansk pust&raquo;<\/strong> Som innbyggerne i omr\u00e5det sameksisterer i \u00e5rtusener uten kanskje \u00e5 innse det fullt ut: Du vil ha fenomenets treghet, du vil ha det enorme omr\u00e5det som er interessert i det, du vil ha fordi det ikke er en veldig h\u00f8y vulkansk kjegle som krever dens tilstedev\u00e6relse &#8211; og risikoen forbundet med den &#8211; p\u00e5 befolkningen.<\/p>\n<p>Det er derfor et sp\u00f8rsm\u00e5l som p\u00e5 den ene siden er <strong>vitenskapelig<\/strong>med institusjoner som INGV som overv\u00e5ker fenomenet ved \u00e5 pr\u00f8ve \u00e5 forst\u00e5 dens drift, og p\u00e5 den andre <strong>sosial<\/strong>med i <strong>innbyggere<\/strong> som m\u00e5 l\u00e6re \u00e5 leve med vulkanen og <strong>institusjoner<\/strong> som b\u00f8r utdanne seg til vulkansk risiko, til den bradisismiske og og <strong>investere i forebygging <\/strong>Som du gj\u00f8r, blant annet, med evakueringsplanen for Fogrei -leirene.<\/p>\n<\/p><\/div>\n","protected":false},"excerpt":{"rendered":"<p>I den enorme Caldera Dei CAMPI FREGREI Om det var omtrent 70 vulkanutbrudd i det<\/p>\n","protected":false},"author":1,"featured_media":2826,"comment_status":"closed","ping_status":"open","sticky":false,"template":"","format":"standard","meta":{"footnotes":""},"categories":[24],"tags":[430,433,432,66,83,431,435,395,434],"class_list":["post-2825","post","type-post","status-publish","format-standard","has-post-thumbnail","hentry","category-vitenskap","tag-befolkningen","tag-bevisstheten","tag-campi","tag-det","tag-fordi","tag-fugrei","tag-risiko","tag-viktig","tag-vulkansk","generate-columns","tablet-grid-50","mobile-grid-100","grid-parent","grid-33","resize-featured-image"],"yoast_head":"<!-- This site is optimized with the Yoast SEO plugin v24.4 - https:\/\/yoast.com\/wordpress\/plugins\/seo\/ -->\n<title>Fordi det er viktig for befolkningen i Fugrei Campi bevisstheten om vulkansk risiko - Nordnesrepublikken<\/title>\n<meta name=\"robots\" content=\"index, follow, max-snippet:-1, max-image-preview:large, max-video-preview:-1\" \/>\n<link rel=\"canonical\" href=\"https:\/\/nordnesrepublikken.no\/index.php\/2025\/03\/14\/fordi-det-er-viktig-for-befolkningen-i-fugrei-campi-bevisstheten-om-vulkansk-risiko\/\" \/>\n<meta property=\"og:locale\" content=\"nb_NO\" \/>\n<meta property=\"og:type\" content=\"article\" \/>\n<meta property=\"og:title\" content=\"Fordi det er viktig for befolkningen i Fugrei Campi bevisstheten om vulkansk risiko - Nordnesrepublikken\" \/>\n<meta property=\"og:description\" content=\"I den enorme Caldera Dei CAMPI FREGREI Om det var omtrent 70 vulkanutbrudd i det\" \/>\n<meta property=\"og:url\" content=\"https:\/\/nordnesrepublikken.no\/index.php\/2025\/03\/14\/fordi-det-er-viktig-for-befolkningen-i-fugrei-campi-bevisstheten-om-vulkansk-risiko\/\" \/>\n<meta property=\"og:site_name\" content=\"Nordnesrepublikken\" \/>\n<meta property=\"article:published_time\" content=\"2025-03-13T23:50:59+00:00\" \/>\n<meta property=\"article:modified_time\" content=\"2025-03-13T23:51:00+00:00\" \/>\n<meta property=\"og:image\" content=\"https:\/\/nordnesrepublikken.no\/wp-content\/uploads\/2025\/03\/1741909860_Fordi-det-er-viktig-for-befolkningen-i-Fugrei-Campi-bevisstheten.jpg\" \/>\n\t<meta property=\"og:image:width\" content=\"1280\" \/>\n\t<meta property=\"og:image:height\" content=\"720\" \/>\n\t<meta property=\"og:image:type\" content=\"image\/jpeg\" \/>\n<meta name=\"author\" content=\"Ole Andersen\" \/>\n<meta name=\"twitter:card\" content=\"summary_large_image\" \/>\n<meta name=\"twitter:label1\" content=\"Skrevet av\" \/>\n\t<meta name=\"twitter:data1\" content=\"Ole Andersen\" \/>\n\t<meta name=\"twitter:label2\" content=\"Ansl. lesetid\" \/>\n\t<meta name=\"twitter:data2\" content=\"2 minutter\" \/>\n<script type=\"application\/ld+json\" class=\"yoast-schema-graph\">{\"@context\":\"https:\/\/schema.org\",\"@graph\":[{\"@type\":\"Article\",\"@id\":\"https:\/\/nordnesrepublikken.no\/index.php\/2025\/03\/14\/fordi-det-er-viktig-for-befolkningen-i-fugrei-campi-bevisstheten-om-vulkansk-risiko\/#article\",\"isPartOf\":{\"@id\":\"https:\/\/nordnesrepublikken.no\/index.php\/2025\/03\/14\/fordi-det-er-viktig-for-befolkningen-i-fugrei-campi-bevisstheten-om-vulkansk-risiko\/\"},\"author\":{\"name\":\"Ole Andersen\",\"@id\":\"https:\/\/nordnesrepublikken.no\/#\/schema\/person\/2e7e81935bab77882fffb79296240ff1\"},\"headline\":\"Fordi det er viktig for befolkningen i Fugrei Campi bevisstheten om vulkansk risiko\",\"datePublished\":\"2025-03-13T23:50:59+00:00\",\"dateModified\":\"2025-03-13T23:51:00+00:00\",\"mainEntityOfPage\":{\"@id\":\"https:\/\/nordnesrepublikken.no\/index.php\/2025\/03\/14\/fordi-det-er-viktig-for-befolkningen-i-fugrei-campi-bevisstheten-om-vulkansk-risiko\/\"},\"wordCount\":416,\"publisher\":{\"@id\":\"https:\/\/nordnesrepublikken.no\/#organization\"},\"image\":{\"@id\":\"https:\/\/nordnesrepublikken.no\/index.php\/2025\/03\/14\/fordi-det-er-viktig-for-befolkningen-i-fugrei-campi-bevisstheten-om-vulkansk-risiko\/#primaryimage\"},\"thumbnailUrl\":\"https:\/\/nordnesrepublikken.no\/wp-content\/uploads\/2025\/03\/1741909860_Fordi-det-er-viktig-for-befolkningen-i-Fugrei-Campi-bevisstheten.jpg\",\"keywords\":[\"befolkningen\",\"bevisstheten\",\"Campi\",\"Det\",\"Fordi\",\"Fugrei\",\"risiko\",\"viktig\",\"vulkansk\"],\"articleSection\":[\"Vitenskap\"],\"inLanguage\":\"nb-NO\"},{\"@type\":\"WebPage\",\"@id\":\"https:\/\/nordnesrepublikken.no\/index.php\/2025\/03\/14\/fordi-det-er-viktig-for-befolkningen-i-fugrei-campi-bevisstheten-om-vulkansk-risiko\/\",\"url\":\"https:\/\/nordnesrepublikken.no\/index.php\/2025\/03\/14\/fordi-det-er-viktig-for-befolkningen-i-fugrei-campi-bevisstheten-om-vulkansk-risiko\/\",\"name\":\"Fordi det er viktig for befolkningen i Fugrei Campi bevisstheten om vulkansk risiko - Nordnesrepublikken\",\"isPartOf\":{\"@id\":\"https:\/\/nordnesrepublikken.no\/#website\"},\"primaryImageOfPage\":{\"@id\":\"https:\/\/nordnesrepublikken.no\/index.php\/2025\/03\/14\/fordi-det-er-viktig-for-befolkningen-i-fugrei-campi-bevisstheten-om-vulkansk-risiko\/#primaryimage\"},\"image\":{\"@id\":\"https:\/\/nordnesrepublikken.no\/index.php\/2025\/03\/14\/fordi-det-er-viktig-for-befolkningen-i-fugrei-campi-bevisstheten-om-vulkansk-risiko\/#primaryimage\"},\"thumbnailUrl\":\"https:\/\/nordnesrepublikken.no\/wp-content\/uploads\/2025\/03\/1741909860_Fordi-det-er-viktig-for-befolkningen-i-Fugrei-Campi-bevisstheten.jpg\",\"datePublished\":\"2025-03-13T23:50:59+00:00\",\"dateModified\":\"2025-03-13T23:51:00+00:00\",\"breadcrumb\":{\"@id\":\"https:\/\/nordnesrepublikken.no\/index.php\/2025\/03\/14\/fordi-det-er-viktig-for-befolkningen-i-fugrei-campi-bevisstheten-om-vulkansk-risiko\/#breadcrumb\"},\"inLanguage\":\"nb-NO\",\"potentialAction\":[{\"@type\":\"ReadAction\",\"target\":[\"https:\/\/nordnesrepublikken.no\/index.php\/2025\/03\/14\/fordi-det-er-viktig-for-befolkningen-i-fugrei-campi-bevisstheten-om-vulkansk-risiko\/\"]}]},{\"@type\":\"ImageObject\",\"inLanguage\":\"nb-NO\",\"@id\":\"https:\/\/nordnesrepublikken.no\/index.php\/2025\/03\/14\/fordi-det-er-viktig-for-befolkningen-i-fugrei-campi-bevisstheten-om-vulkansk-risiko\/#primaryimage\",\"url\":\"https:\/\/nordnesrepublikken.no\/wp-content\/uploads\/2025\/03\/1741909860_Fordi-det-er-viktig-for-befolkningen-i-Fugrei-Campi-bevisstheten.jpg\",\"contentUrl\":\"https:\/\/nordnesrepublikken.no\/wp-content\/uploads\/2025\/03\/1741909860_Fordi-det-er-viktig-for-befolkningen-i-Fugrei-Campi-bevisstheten.jpg\",\"width\":1280,\"height\":720,\"caption\":\"Immagine\"},{\"@type\":\"BreadcrumbList\",\"@id\":\"https:\/\/nordnesrepublikken.no\/index.php\/2025\/03\/14\/fordi-det-er-viktig-for-befolkningen-i-fugrei-campi-bevisstheten-om-vulkansk-risiko\/#breadcrumb\",\"itemListElement\":[{\"@type\":\"ListItem\",\"position\":1,\"name\":\"Home\",\"item\":\"https:\/\/nordnesrepublikken.no\/\"},{\"@type\":\"ListItem\",\"position\":2,\"name\":\"Fordi det er viktig for befolkningen i Fugrei Campi bevisstheten om vulkansk risiko\"}]},{\"@type\":\"WebSite\",\"@id\":\"https:\/\/nordnesrepublikken.no\/#website\",\"url\":\"https:\/\/nordnesrepublikken.no\/\",\"name\":\"Nordnesrepublikken\",\"description\":\"Stemmer og Visjoner fra Republikkens Hjerte\",\"publisher\":{\"@id\":\"https:\/\/nordnesrepublikken.no\/#organization\"},\"potentialAction\":[{\"@type\":\"SearchAction\",\"target\":{\"@type\":\"EntryPoint\",\"urlTemplate\":\"https:\/\/nordnesrepublikken.no\/?s={search_term_string}\"},\"query-input\":{\"@type\":\"PropertyValueSpecification\",\"valueRequired\":true,\"valueName\":\"search_term_string\"}}],\"inLanguage\":\"nb-NO\"},{\"@type\":\"Organization\",\"@id\":\"https:\/\/nordnesrepublikken.no\/#organization\",\"name\":\"Nordnesrepublikken\",\"url\":\"https:\/\/nordnesrepublikken.no\/\",\"logo\":{\"@type\":\"ImageObject\",\"inLanguage\":\"nb-NO\",\"@id\":\"https:\/\/nordnesrepublikken.no\/#\/schema\/logo\/image\/\",\"url\":\"https:\/\/nordnesrepublikken.no\/wp-content\/uploads\/2025\/02\/cropped-nordnesrepublikken-2.png\",\"contentUrl\":\"https:\/\/nordnesrepublikken.no\/wp-content\/uploads\/2025\/02\/cropped-nordnesrepublikken-2.png\",\"width\":1248,\"height\":362,\"caption\":\"Nordnesrepublikken\"},\"image\":{\"@id\":\"https:\/\/nordnesrepublikken.no\/#\/schema\/logo\/image\/\"}},{\"@type\":\"Person\",\"@id\":\"https:\/\/nordnesrepublikken.no\/#\/schema\/person\/2e7e81935bab77882fffb79296240ff1\",\"name\":\"Ole Andersen\",\"image\":{\"@type\":\"ImageObject\",\"inLanguage\":\"nb-NO\",\"@id\":\"https:\/\/nordnesrepublikken.no\/#\/schema\/person\/image\/\",\"url\":\"https:\/\/nordnesrepublikken.no\/wp-content\/uploads\/2025\/02\/nordnesrepublikken-2-2-150x150.jpg\",\"contentUrl\":\"https:\/\/nordnesrepublikken.no\/wp-content\/uploads\/2025\/02\/nordnesrepublikken-2-2-150x150.jpg\",\"caption\":\"Ole Andersen\"},\"description\":\"Ettersom jeg vokste opp i Oslo, har jeg alltid v\u00e6rt fascinert av ordenes kraft og deres evne til \u00e5 skape endringer. Etter \u00e5 ha fullf\u00f8rt min utdannelse i kommunikasjon ved Universitetet i Bergen, fikk jeg muligheten til \u00e5 jobbe innen ulike medier, der jeg har s\u00f8kt \u00e5 belyse viktige samfunnssp\u00f8rsm\u00e5l. I dag, som redakt\u00f8r for Nordnesrepublikken, pr\u00f8ver jeg \u00e5 forene min kj\u00e6rlighet for journalistikk med min lidenskap for innovasjon og eventyr.\",\"sameAs\":[\"https:\/\/nordnesrepublikken.no\/\"]}]}<\/script>\n<!-- \/ Yoast SEO plugin. -->","yoast_head_json":{"title":"Fordi det er viktig for befolkningen i Fugrei Campi bevisstheten om vulkansk risiko - Nordnesrepublikken","robots":{"index":"index","follow":"follow","max-snippet":"max-snippet:-1","max-image-preview":"max-image-preview:large","max-video-preview":"max-video-preview:-1"},"canonical":"https:\/\/nordnesrepublikken.no\/index.php\/2025\/03\/14\/fordi-det-er-viktig-for-befolkningen-i-fugrei-campi-bevisstheten-om-vulkansk-risiko\/","og_locale":"nb_NO","og_type":"article","og_title":"Fordi det er viktig for befolkningen i Fugrei Campi bevisstheten om vulkansk risiko - Nordnesrepublikken","og_description":"I den enorme Caldera Dei CAMPI FREGREI Om det var omtrent 70 vulkanutbrudd i det","og_url":"https:\/\/nordnesrepublikken.no\/index.php\/2025\/03\/14\/fordi-det-er-viktig-for-befolkningen-i-fugrei-campi-bevisstheten-om-vulkansk-risiko\/","og_site_name":"Nordnesrepublikken","article_published_time":"2025-03-13T23:50:59+00:00","article_modified_time":"2025-03-13T23:51:00+00:00","og_image":[{"width":1280,"height":720,"url":"https:\/\/nordnesrepublikken.no\/wp-content\/uploads\/2025\/03\/1741909860_Fordi-det-er-viktig-for-befolkningen-i-Fugrei-Campi-bevisstheten.jpg","type":"image\/jpeg"}],"author":"Ole Andersen","twitter_card":"summary_large_image","twitter_misc":{"Skrevet av":"Ole Andersen","Ansl. lesetid":"2 minutter"},"schema":{"@context":"https:\/\/schema.org","@graph":[{"@type":"Article","@id":"https:\/\/nordnesrepublikken.no\/index.php\/2025\/03\/14\/fordi-det-er-viktig-for-befolkningen-i-fugrei-campi-bevisstheten-om-vulkansk-risiko\/#article","isPartOf":{"@id":"https:\/\/nordnesrepublikken.no\/index.php\/2025\/03\/14\/fordi-det-er-viktig-for-befolkningen-i-fugrei-campi-bevisstheten-om-vulkansk-risiko\/"},"author":{"name":"Ole Andersen","@id":"https:\/\/nordnesrepublikken.no\/#\/schema\/person\/2e7e81935bab77882fffb79296240ff1"},"headline":"Fordi det er viktig for befolkningen i Fugrei Campi bevisstheten om vulkansk risiko","datePublished":"2025-03-13T23:50:59+00:00","dateModified":"2025-03-13T23:51:00+00:00","mainEntityOfPage":{"@id":"https:\/\/nordnesrepublikken.no\/index.php\/2025\/03\/14\/fordi-det-er-viktig-for-befolkningen-i-fugrei-campi-bevisstheten-om-vulkansk-risiko\/"},"wordCount":416,"publisher":{"@id":"https:\/\/nordnesrepublikken.no\/#organization"},"image":{"@id":"https:\/\/nordnesrepublikken.no\/index.php\/2025\/03\/14\/fordi-det-er-viktig-for-befolkningen-i-fugrei-campi-bevisstheten-om-vulkansk-risiko\/#primaryimage"},"thumbnailUrl":"https:\/\/nordnesrepublikken.no\/wp-content\/uploads\/2025\/03\/1741909860_Fordi-det-er-viktig-for-befolkningen-i-Fugrei-Campi-bevisstheten.jpg","keywords":["befolkningen","bevisstheten","Campi","Det","Fordi","Fugrei","risiko","viktig","vulkansk"],"articleSection":["Vitenskap"],"inLanguage":"nb-NO"},{"@type":"WebPage","@id":"https:\/\/nordnesrepublikken.no\/index.php\/2025\/03\/14\/fordi-det-er-viktig-for-befolkningen-i-fugrei-campi-bevisstheten-om-vulkansk-risiko\/","url":"https:\/\/nordnesrepublikken.no\/index.php\/2025\/03\/14\/fordi-det-er-viktig-for-befolkningen-i-fugrei-campi-bevisstheten-om-vulkansk-risiko\/","name":"Fordi det er viktig for befolkningen i Fugrei Campi bevisstheten om vulkansk risiko - Nordnesrepublikken","isPartOf":{"@id":"https:\/\/nordnesrepublikken.no\/#website"},"primaryImageOfPage":{"@id":"https:\/\/nordnesrepublikken.no\/index.php\/2025\/03\/14\/fordi-det-er-viktig-for-befolkningen-i-fugrei-campi-bevisstheten-om-vulkansk-risiko\/#primaryimage"},"image":{"@id":"https:\/\/nordnesrepublikken.no\/index.php\/2025\/03\/14\/fordi-det-er-viktig-for-befolkningen-i-fugrei-campi-bevisstheten-om-vulkansk-risiko\/#primaryimage"},"thumbnailUrl":"https:\/\/nordnesrepublikken.no\/wp-content\/uploads\/2025\/03\/1741909860_Fordi-det-er-viktig-for-befolkningen-i-Fugrei-Campi-bevisstheten.jpg","datePublished":"2025-03-13T23:50:59+00:00","dateModified":"2025-03-13T23:51:00+00:00","breadcrumb":{"@id":"https:\/\/nordnesrepublikken.no\/index.php\/2025\/03\/14\/fordi-det-er-viktig-for-befolkningen-i-fugrei-campi-bevisstheten-om-vulkansk-risiko\/#breadcrumb"},"inLanguage":"nb-NO","potentialAction":[{"@type":"ReadAction","target":["https:\/\/nordnesrepublikken.no\/index.php\/2025\/03\/14\/fordi-det-er-viktig-for-befolkningen-i-fugrei-campi-bevisstheten-om-vulkansk-risiko\/"]}]},{"@type":"ImageObject","inLanguage":"nb-NO","@id":"https:\/\/nordnesrepublikken.no\/index.php\/2025\/03\/14\/fordi-det-er-viktig-for-befolkningen-i-fugrei-campi-bevisstheten-om-vulkansk-risiko\/#primaryimage","url":"https:\/\/nordnesrepublikken.no\/wp-content\/uploads\/2025\/03\/1741909860_Fordi-det-er-viktig-for-befolkningen-i-Fugrei-Campi-bevisstheten.jpg","contentUrl":"https:\/\/nordnesrepublikken.no\/wp-content\/uploads\/2025\/03\/1741909860_Fordi-det-er-viktig-for-befolkningen-i-Fugrei-Campi-bevisstheten.jpg","width":1280,"height":720,"caption":"Immagine"},{"@type":"BreadcrumbList","@id":"https:\/\/nordnesrepublikken.no\/index.php\/2025\/03\/14\/fordi-det-er-viktig-for-befolkningen-i-fugrei-campi-bevisstheten-om-vulkansk-risiko\/#breadcrumb","itemListElement":[{"@type":"ListItem","position":1,"name":"Home","item":"https:\/\/nordnesrepublikken.no\/"},{"@type":"ListItem","position":2,"name":"Fordi det er viktig for befolkningen i Fugrei Campi bevisstheten om vulkansk risiko"}]},{"@type":"WebSite","@id":"https:\/\/nordnesrepublikken.no\/#website","url":"https:\/\/nordnesrepublikken.no\/","name":"Nordnesrepublikken","description":"Stemmer og Visjoner fra Republikkens Hjerte","publisher":{"@id":"https:\/\/nordnesrepublikken.no\/#organization"},"potentialAction":[{"@type":"SearchAction","target":{"@type":"EntryPoint","urlTemplate":"https:\/\/nordnesrepublikken.no\/?s={search_term_string}"},"query-input":{"@type":"PropertyValueSpecification","valueRequired":true,"valueName":"search_term_string"}}],"inLanguage":"nb-NO"},{"@type":"Organization","@id":"https:\/\/nordnesrepublikken.no\/#organization","name":"Nordnesrepublikken","url":"https:\/\/nordnesrepublikken.no\/","logo":{"@type":"ImageObject","inLanguage":"nb-NO","@id":"https:\/\/nordnesrepublikken.no\/#\/schema\/logo\/image\/","url":"https:\/\/nordnesrepublikken.no\/wp-content\/uploads\/2025\/02\/cropped-nordnesrepublikken-2.png","contentUrl":"https:\/\/nordnesrepublikken.no\/wp-content\/uploads\/2025\/02\/cropped-nordnesrepublikken-2.png","width":1248,"height":362,"caption":"Nordnesrepublikken"},"image":{"@id":"https:\/\/nordnesrepublikken.no\/#\/schema\/logo\/image\/"}},{"@type":"Person","@id":"https:\/\/nordnesrepublikken.no\/#\/schema\/person\/2e7e81935bab77882fffb79296240ff1","name":"Ole Andersen","image":{"@type":"ImageObject","inLanguage":"nb-NO","@id":"https:\/\/nordnesrepublikken.no\/#\/schema\/person\/image\/","url":"https:\/\/nordnesrepublikken.no\/wp-content\/uploads\/2025\/02\/nordnesrepublikken-2-2-150x150.jpg","contentUrl":"https:\/\/nordnesrepublikken.no\/wp-content\/uploads\/2025\/02\/nordnesrepublikken-2-2-150x150.jpg","caption":"Ole Andersen"},"description":"Ettersom jeg vokste opp i Oslo, har jeg alltid v\u00e6rt fascinert av ordenes kraft og deres evne til \u00e5 skape endringer. Etter \u00e5 ha fullf\u00f8rt min utdannelse i kommunikasjon ved Universitetet i Bergen, fikk jeg muligheten til \u00e5 jobbe innen ulike medier, der jeg har s\u00f8kt \u00e5 belyse viktige samfunnssp\u00f8rsm\u00e5l. I dag, som redakt\u00f8r for Nordnesrepublikken, pr\u00f8ver jeg \u00e5 forene min kj\u00e6rlighet for journalistikk med min lidenskap for innovasjon og eventyr.","sameAs":["https:\/\/nordnesrepublikken.no\/"]}]}},"_links":{"self":[{"href":"https:\/\/nordnesrepublikken.no\/index.php\/wp-json\/wp\/v2\/posts\/2825","targetHints":{"allow":["GET"]}}],"collection":[{"href":"https:\/\/nordnesrepublikken.no\/index.php\/wp-json\/wp\/v2\/posts"}],"about":[{"href":"https:\/\/nordnesrepublikken.no\/index.php\/wp-json\/wp\/v2\/types\/post"}],"author":[{"embeddable":true,"href":"https:\/\/nordnesrepublikken.no\/index.php\/wp-json\/wp\/v2\/users\/1"}],"replies":[{"embeddable":true,"href":"https:\/\/nordnesrepublikken.no\/index.php\/wp-json\/wp\/v2\/comments?post=2825"}],"version-history":[{"count":1,"href":"https:\/\/nordnesrepublikken.no\/index.php\/wp-json\/wp\/v2\/posts\/2825\/revisions"}],"predecessor-version":[{"id":2827,"href":"https:\/\/nordnesrepublikken.no\/index.php\/wp-json\/wp\/v2\/posts\/2825\/revisions\/2827"}],"wp:featuredmedia":[{"embeddable":true,"href":"https:\/\/nordnesrepublikken.no\/index.php\/wp-json\/wp\/v2\/media\/2826"}],"wp:attachment":[{"href":"https:\/\/nordnesrepublikken.no\/index.php\/wp-json\/wp\/v2\/media?parent=2825"}],"wp:term":[{"taxonomy":"category","embeddable":true,"href":"https:\/\/nordnesrepublikken.no\/index.php\/wp-json\/wp\/v2\/categories?post=2825"},{"taxonomy":"post_tag","embeddable":true,"href":"https:\/\/nordnesrepublikken.no\/index.php\/wp-json\/wp\/v2\/tags?post=2825"}],"curies":[{"name":"wp","href":"https:\/\/api.w.org\/{rel}","templated":true}]}}