{"id":2822,"date":"2025-03-13T14:50:04","date_gmt":"2025-03-13T13:50:04","guid":{"rendered":"https:\/\/nordnesrepublikken.no\/index.php\/2025\/03\/13\/norges-skandale-skandale\/"},"modified":"2025-03-13T14:50:04","modified_gmt":"2025-03-13T13:50:04","slug":"norges-skandale-skandale","status":"publish","type":"post","link":"https:\/\/nordnesrepublikken.no\/index.php\/2025\/03\/13\/norges-skandale-skandale\/","title":{"rendered":"Norges skandale skandale"},"content":{"rendered":"<p><\/p>\n<div class=\"wordpress-content\">\n                    <!-- Article Start --><\/p>\n<p><strong>Norges jumping -jukseskandale har tatt en dramatisk vending n\u00e5r ytterligere detaljer dukker opp om den bevisste manipulasjonen av jumpsuits ved verdensmesterskapet.<\/strong><\/p>\n<p><span data-preserver-spaces=\"true\">Etter v\u00e5r tidligere rapport har International Ski and Snowboard Federation (FIS) n\u00e5 forel\u00f8pig suspendert tre norske lagets tjenestemenn og to idrettsut\u00f8vere &#8211; olympiske mester Marius Lindvik og Johann Andr\u00e9 Forfang &#8211; som en del av en p\u00e5g\u00e5ende etterforskning.<\/span><\/p>\n<h2><span data-preserver-spaces=\"true\">Hvordan jukset de?<\/span><\/h2>\n<p><span data-preserver-spaces=\"true\">FIS -l\u00f8psdirekt\u00f8r Sandro Pertile har <\/span><span data-preserver-spaces=\"true\">n\u00e5<\/span><span data-preserver-spaces=\"true\">  avsl\u00f8rte at teamfunksjon\u00e6rer i hemmelighet endret forh\u00e5ndsgodkjente dresser for \u00e5 forbedre aerodynamikken. Ekstra materiale ble satt inn &#8211; spesielt i skrittomr\u00e5det &#8211; for \u00e5 \u00f8ke overflaten og la idrettsut\u00f8vere gli lenger gjennom luften &#8230;<\/span><\/p>\n<div class=\"sra_unit\"><link rel=\"stylesheet\" id=\"block-sra\" href=\"https:\/\/euroweeklynews.com\/wp-content\/plugins\/snack-related-articles\/dist\/css\/snack-related.min.css?250312-193541\" type=\"text\/css\" media=\"all\">\n<\/div>\n<p><span data-preserver-spaces=\"true\">En varslere lekket hemmelig filmet opptak, noe som fikk FIS -inspekt\u00f8rer til \u00e5 rive opp s\u00f8mmene til de norske draktene, og utsatte de ulovlige modifikasjonene.<\/span><\/p>\n<p><span data-preserver-spaces=\"true\">&laquo;Det var en ekstremt h\u00f8yt niv\u00e5 manipulasjon,&raquo; sa Pertile <\/span><span data-preserver-spaces=\"true\">Tilknyttet<\/span><span data-preserver-spaces=\"true\">  Trykk (AP). &laquo;Absolutt uten tvil det verste jeg har sett i mine fem \u00e5r i denne rollen.&raquo;<\/span><\/p>\n<p><span data-preserver-spaces=\"true\">Han la til at selv en \u00f8kning p\u00e5 5% i overflaten kan \u00f8ke hoppavstanden betydelig &#8211; noe som gir norske idrettsut\u00f8vere en urettferdig fordel.<\/span><\/p>\n<h2><span data-preserver-spaces=\"true\">Bredere nedfall for Norge<\/span><\/h2>\n<p><span data-preserver-spaces=\"true\">Norge, lenge sett p\u00e5 som en bastion av fair play, befinner seg n\u00e5 <\/span><span data-preserver-spaces=\"true\">i en ubehagelig posisjon<\/span><span data-preserver-spaces=\"true\">. Det samme forbundet som f\u00f8rte presset til \u00e5 forby russiske idrettsut\u00f8vere etter 2022 -invasjonen av Ukraina n\u00e5 st\u00e5r overfor det <\/span><span data-preserver-spaces=\"true\">egen<\/span><span data-preserver-spaces=\"true\">  Integritetskrise.<\/span><\/p>\n<p><span data-preserver-spaces=\"true\">FIS -generalsekret\u00e6r Michel Vion har lovet \u00e5 forlate &laquo;uten tvil&raquo; om at sporten forblir ren, med tjenestemenn som beslaglegger alle norske jumpsuits for videre unders\u00f8kelse.<\/span><\/p>\n<p><span data-preserver-spaces=\"true\">I mellomtiden, <\/span><span data-preserver-spaces=\"true\">Norges hovedtrener<\/span><span data-preserver-spaces=\"true\">  Magnus Brevig og utstyrssjef Adrian Livelten innr\u00f8mmet urettferdighet, men insisterte p\u00e5 at det var en engangsforbrytelse. \u201cVi angrer p\u00e5 det som hunder, og det er jeg <\/span><span data-preserver-spaces=\"true\">fryktelig<\/span><span data-preserver-spaces=\"true\">  Beklager at dette skjedde, \u201dtilsto Brevig p\u00e5 en pressekonferanse.<\/span><\/p>\n<h2><span data-preserver-spaces=\"true\">Hva skjer videre?<\/span><\/h2>\n<p><span data-preserver-spaces=\"true\">Med skivopphoppingssesongen <\/span><span data-preserver-spaces=\"true\">fortsatt<\/span><span data-preserver-spaces=\"true\">  P\u00e5g\u00e5ende, Norges to beste idrettsut\u00f8vere forblir forbudt \u00e5 konkurrere i Oslo i helgen.<\/span><\/p>\n<p><span data-preserver-spaces=\"true\">FIS har ikke utelukket \u00e5 unders\u00f8ke alle de seks norske medaljene fra verdensmesterskapet og potensielt fjerne landet med tidligere utmerkelser-inkludert Lindviks olympiske gullmedalje i 2022.<\/span><\/p>\n<p><span data-preserver-spaces=\"true\">Forel\u00f8pig har Ski Jumpings siste skandale latt fans lurt p\u00e5: Var dette en engangsslipp, eller et tegn p\u00e5 dypere r\u00e5te i sporten?<\/span><\/p>\n<p><span data-preserver-spaces=\"true\">Still inn Euro Weekly for det siste <\/span><span data-preserver-spaces=\"true\">Nyheter fra hele Norge<\/span><span data-preserver-spaces=\"true\">.<\/span><\/p>\n<p><span data-preserver-spaces=\"true\">F\u00e5 mer <\/span><span data-preserver-spaces=\"true\">Sportsnyheter<\/span><span data-preserver-spaces=\"true\">. <\/span><\/p>\n<p>                    <!-- Article End --><\/p><\/div>\n","protected":false},"excerpt":{"rendered":"<p>Norges jumping -jukseskandale har tatt en dramatisk vending n\u00e5r ytterligere detaljer dukker opp om den<\/p>\n","protected":false},"author":1,"featured_media":2823,"comment_status":"closed","ping_status":"open","sticky":false,"template":"","format":"standard","meta":{"footnotes":""},"categories":[22],"tags":[134,429],"class_list":["post-2822","post","type-post","status-publish","format-standard","has-post-thumbnail","hentry","category-nasjonal","tag-norges","tag-skandale","generate-columns","tablet-grid-50","mobile-grid-100","grid-parent","grid-33","resize-featured-image"],"yoast_head":"<!-- This site is optimized with the Yoast SEO plugin v24.4 - https:\/\/yoast.com\/wordpress\/plugins\/seo\/ -->\n<title>Norges skandale skandale - Nordnesrepublikken<\/title>\n<meta name=\"robots\" content=\"index, follow, max-snippet:-1, max-image-preview:large, max-video-preview:-1\" \/>\n<link rel=\"canonical\" href=\"https:\/\/nordnesrepublikken.no\/index.php\/2025\/03\/13\/norges-skandale-skandale\/\" \/>\n<meta property=\"og:locale\" content=\"nb_NO\" \/>\n<meta property=\"og:type\" content=\"article\" \/>\n<meta property=\"og:title\" content=\"Norges skandale skandale - Nordnesrepublikken\" \/>\n<meta property=\"og:description\" content=\"Norges jumping -jukseskandale har tatt en dramatisk vending n\u00e5r ytterligere detaljer dukker opp om den\" \/>\n<meta property=\"og:url\" content=\"https:\/\/nordnesrepublikken.no\/index.php\/2025\/03\/13\/norges-skandale-skandale\/\" \/>\n<meta property=\"og:site_name\" content=\"Nordnesrepublikken\" \/>\n<meta property=\"article:published_time\" content=\"2025-03-13T13:50:04+00:00\" \/>\n<meta property=\"og:image\" content=\"https:\/\/nordnesrepublikken.no\/wp-content\/uploads\/2025\/03\/1741873804_Norges-skandale-skandale.jpg\" \/>\n\t<meta property=\"og:image:width\" content=\"1000\" \/>\n\t<meta property=\"og:image:height\" content=\"667\" \/>\n\t<meta property=\"og:image:type\" content=\"image\/jpeg\" \/>\n<meta name=\"author\" content=\"Ole Andersen\" \/>\n<meta name=\"twitter:card\" content=\"summary_large_image\" \/>\n<meta name=\"twitter:label1\" content=\"Skrevet av\" \/>\n\t<meta name=\"twitter:data1\" content=\"Ole Andersen\" \/>\n\t<meta name=\"twitter:label2\" content=\"Ansl. lesetid\" \/>\n\t<meta name=\"twitter:data2\" content=\"2 minutter\" \/>\n<script type=\"application\/ld+json\" class=\"yoast-schema-graph\">{\"@context\":\"https:\/\/schema.org\",\"@graph\":[{\"@type\":\"Article\",\"@id\":\"https:\/\/nordnesrepublikken.no\/index.php\/2025\/03\/13\/norges-skandale-skandale\/#article\",\"isPartOf\":{\"@id\":\"https:\/\/nordnesrepublikken.no\/index.php\/2025\/03\/13\/norges-skandale-skandale\/\"},\"author\":{\"name\":\"Ole Andersen\",\"@id\":\"https:\/\/nordnesrepublikken.no\/#\/schema\/person\/2e7e81935bab77882fffb79296240ff1\"},\"headline\":\"Norges skandale skandale\",\"datePublished\":\"2025-03-13T13:50:04+00:00\",\"mainEntityOfPage\":{\"@id\":\"https:\/\/nordnesrepublikken.no\/index.php\/2025\/03\/13\/norges-skandale-skandale\/\"},\"wordCount\":387,\"publisher\":{\"@id\":\"https:\/\/nordnesrepublikken.no\/#organization\"},\"image\":{\"@id\":\"https:\/\/nordnesrepublikken.no\/index.php\/2025\/03\/13\/norges-skandale-skandale\/#primaryimage\"},\"thumbnailUrl\":\"https:\/\/nordnesrepublikken.no\/wp-content\/uploads\/2025\/03\/1741873804_Norges-skandale-skandale.jpg\",\"keywords\":[\"Norges\",\"skandale\"],\"articleSection\":[\"Nasjonal\"],\"inLanguage\":\"nb-NO\"},{\"@type\":\"WebPage\",\"@id\":\"https:\/\/nordnesrepublikken.no\/index.php\/2025\/03\/13\/norges-skandale-skandale\/\",\"url\":\"https:\/\/nordnesrepublikken.no\/index.php\/2025\/03\/13\/norges-skandale-skandale\/\",\"name\":\"Norges skandale skandale - Nordnesrepublikken\",\"isPartOf\":{\"@id\":\"https:\/\/nordnesrepublikken.no\/#website\"},\"primaryImageOfPage\":{\"@id\":\"https:\/\/nordnesrepublikken.no\/index.php\/2025\/03\/13\/norges-skandale-skandale\/#primaryimage\"},\"image\":{\"@id\":\"https:\/\/nordnesrepublikken.no\/index.php\/2025\/03\/13\/norges-skandale-skandale\/#primaryimage\"},\"thumbnailUrl\":\"https:\/\/nordnesrepublikken.no\/wp-content\/uploads\/2025\/03\/1741873804_Norges-skandale-skandale.jpg\",\"datePublished\":\"2025-03-13T13:50:04+00:00\",\"breadcrumb\":{\"@id\":\"https:\/\/nordnesrepublikken.no\/index.php\/2025\/03\/13\/norges-skandale-skandale\/#breadcrumb\"},\"inLanguage\":\"nb-NO\",\"potentialAction\":[{\"@type\":\"ReadAction\",\"target\":[\"https:\/\/nordnesrepublikken.no\/index.php\/2025\/03\/13\/norges-skandale-skandale\/\"]}]},{\"@type\":\"ImageObject\",\"inLanguage\":\"nb-NO\",\"@id\":\"https:\/\/nordnesrepublikken.no\/index.php\/2025\/03\/13\/norges-skandale-skandale\/#primaryimage\",\"url\":\"https:\/\/nordnesrepublikken.no\/wp-content\/uploads\/2025\/03\/1741873804_Norges-skandale-skandale.jpg\",\"contentUrl\":\"https:\/\/nordnesrepublikken.no\/wp-content\/uploads\/2025\/03\/1741873804_Norges-skandale-skandale.jpg\",\"width\":1000,\"height\":667,\"caption\":\"Norges skandale skandale\"},{\"@type\":\"BreadcrumbList\",\"@id\":\"https:\/\/nordnesrepublikken.no\/index.php\/2025\/03\/13\/norges-skandale-skandale\/#breadcrumb\",\"itemListElement\":[{\"@type\":\"ListItem\",\"position\":1,\"name\":\"Home\",\"item\":\"https:\/\/nordnesrepublikken.no\/\"},{\"@type\":\"ListItem\",\"position\":2,\"name\":\"Norges skandale skandale\"}]},{\"@type\":\"WebSite\",\"@id\":\"https:\/\/nordnesrepublikken.no\/#website\",\"url\":\"https:\/\/nordnesrepublikken.no\/\",\"name\":\"Nordnesrepublikken\",\"description\":\"Stemmer og Visjoner fra Republikkens Hjerte\",\"publisher\":{\"@id\":\"https:\/\/nordnesrepublikken.no\/#organization\"},\"potentialAction\":[{\"@type\":\"SearchAction\",\"target\":{\"@type\":\"EntryPoint\",\"urlTemplate\":\"https:\/\/nordnesrepublikken.no\/?s={search_term_string}\"},\"query-input\":{\"@type\":\"PropertyValueSpecification\",\"valueRequired\":true,\"valueName\":\"search_term_string\"}}],\"inLanguage\":\"nb-NO\"},{\"@type\":\"Organization\",\"@id\":\"https:\/\/nordnesrepublikken.no\/#organization\",\"name\":\"Nordnesrepublikken\",\"url\":\"https:\/\/nordnesrepublikken.no\/\",\"logo\":{\"@type\":\"ImageObject\",\"inLanguage\":\"nb-NO\",\"@id\":\"https:\/\/nordnesrepublikken.no\/#\/schema\/logo\/image\/\",\"url\":\"https:\/\/nordnesrepublikken.no\/wp-content\/uploads\/2025\/02\/cropped-nordnesrepublikken-2.png\",\"contentUrl\":\"https:\/\/nordnesrepublikken.no\/wp-content\/uploads\/2025\/02\/cropped-nordnesrepublikken-2.png\",\"width\":1248,\"height\":362,\"caption\":\"Nordnesrepublikken\"},\"image\":{\"@id\":\"https:\/\/nordnesrepublikken.no\/#\/schema\/logo\/image\/\"}},{\"@type\":\"Person\",\"@id\":\"https:\/\/nordnesrepublikken.no\/#\/schema\/person\/2e7e81935bab77882fffb79296240ff1\",\"name\":\"Ole Andersen\",\"image\":{\"@type\":\"ImageObject\",\"inLanguage\":\"nb-NO\",\"@id\":\"https:\/\/nordnesrepublikken.no\/#\/schema\/person\/image\/\",\"url\":\"https:\/\/nordnesrepublikken.no\/wp-content\/uploads\/2025\/02\/nordnesrepublikken-2-2-150x150.jpg\",\"contentUrl\":\"https:\/\/nordnesrepublikken.no\/wp-content\/uploads\/2025\/02\/nordnesrepublikken-2-2-150x150.jpg\",\"caption\":\"Ole Andersen\"},\"description\":\"Ettersom jeg vokste opp i Oslo, har jeg alltid v\u00e6rt fascinert av ordenes kraft og deres evne til \u00e5 skape endringer. Etter \u00e5 ha fullf\u00f8rt min utdannelse i kommunikasjon ved Universitetet i Bergen, fikk jeg muligheten til \u00e5 jobbe innen ulike medier, der jeg har s\u00f8kt \u00e5 belyse viktige samfunnssp\u00f8rsm\u00e5l. I dag, som redakt\u00f8r for Nordnesrepublikken, pr\u00f8ver jeg \u00e5 forene min kj\u00e6rlighet for journalistikk med min lidenskap for innovasjon og eventyr.\",\"sameAs\":[\"https:\/\/nordnesrepublikken.no\/\"]}]}<\/script>\n<!-- \/ Yoast SEO plugin. -->","yoast_head_json":{"title":"Norges skandale skandale - Nordnesrepublikken","robots":{"index":"index","follow":"follow","max-snippet":"max-snippet:-1","max-image-preview":"max-image-preview:large","max-video-preview":"max-video-preview:-1"},"canonical":"https:\/\/nordnesrepublikken.no\/index.php\/2025\/03\/13\/norges-skandale-skandale\/","og_locale":"nb_NO","og_type":"article","og_title":"Norges skandale skandale - Nordnesrepublikken","og_description":"Norges jumping -jukseskandale har tatt en dramatisk vending n\u00e5r ytterligere detaljer dukker opp om den","og_url":"https:\/\/nordnesrepublikken.no\/index.php\/2025\/03\/13\/norges-skandale-skandale\/","og_site_name":"Nordnesrepublikken","article_published_time":"2025-03-13T13:50:04+00:00","og_image":[{"width":1000,"height":667,"url":"https:\/\/nordnesrepublikken.no\/wp-content\/uploads\/2025\/03\/1741873804_Norges-skandale-skandale.jpg","type":"image\/jpeg"}],"author":"Ole Andersen","twitter_card":"summary_large_image","twitter_misc":{"Skrevet av":"Ole Andersen","Ansl. lesetid":"2 minutter"},"schema":{"@context":"https:\/\/schema.org","@graph":[{"@type":"Article","@id":"https:\/\/nordnesrepublikken.no\/index.php\/2025\/03\/13\/norges-skandale-skandale\/#article","isPartOf":{"@id":"https:\/\/nordnesrepublikken.no\/index.php\/2025\/03\/13\/norges-skandale-skandale\/"},"author":{"name":"Ole Andersen","@id":"https:\/\/nordnesrepublikken.no\/#\/schema\/person\/2e7e81935bab77882fffb79296240ff1"},"headline":"Norges skandale skandale","datePublished":"2025-03-13T13:50:04+00:00","mainEntityOfPage":{"@id":"https:\/\/nordnesrepublikken.no\/index.php\/2025\/03\/13\/norges-skandale-skandale\/"},"wordCount":387,"publisher":{"@id":"https:\/\/nordnesrepublikken.no\/#organization"},"image":{"@id":"https:\/\/nordnesrepublikken.no\/index.php\/2025\/03\/13\/norges-skandale-skandale\/#primaryimage"},"thumbnailUrl":"https:\/\/nordnesrepublikken.no\/wp-content\/uploads\/2025\/03\/1741873804_Norges-skandale-skandale.jpg","keywords":["Norges","skandale"],"articleSection":["Nasjonal"],"inLanguage":"nb-NO"},{"@type":"WebPage","@id":"https:\/\/nordnesrepublikken.no\/index.php\/2025\/03\/13\/norges-skandale-skandale\/","url":"https:\/\/nordnesrepublikken.no\/index.php\/2025\/03\/13\/norges-skandale-skandale\/","name":"Norges skandale skandale - Nordnesrepublikken","isPartOf":{"@id":"https:\/\/nordnesrepublikken.no\/#website"},"primaryImageOfPage":{"@id":"https:\/\/nordnesrepublikken.no\/index.php\/2025\/03\/13\/norges-skandale-skandale\/#primaryimage"},"image":{"@id":"https:\/\/nordnesrepublikken.no\/index.php\/2025\/03\/13\/norges-skandale-skandale\/#primaryimage"},"thumbnailUrl":"https:\/\/nordnesrepublikken.no\/wp-content\/uploads\/2025\/03\/1741873804_Norges-skandale-skandale.jpg","datePublished":"2025-03-13T13:50:04+00:00","breadcrumb":{"@id":"https:\/\/nordnesrepublikken.no\/index.php\/2025\/03\/13\/norges-skandale-skandale\/#breadcrumb"},"inLanguage":"nb-NO","potentialAction":[{"@type":"ReadAction","target":["https:\/\/nordnesrepublikken.no\/index.php\/2025\/03\/13\/norges-skandale-skandale\/"]}]},{"@type":"ImageObject","inLanguage":"nb-NO","@id":"https:\/\/nordnesrepublikken.no\/index.php\/2025\/03\/13\/norges-skandale-skandale\/#primaryimage","url":"https:\/\/nordnesrepublikken.no\/wp-content\/uploads\/2025\/03\/1741873804_Norges-skandale-skandale.jpg","contentUrl":"https:\/\/nordnesrepublikken.no\/wp-content\/uploads\/2025\/03\/1741873804_Norges-skandale-skandale.jpg","width":1000,"height":667,"caption":"Norges skandale skandale"},{"@type":"BreadcrumbList","@id":"https:\/\/nordnesrepublikken.no\/index.php\/2025\/03\/13\/norges-skandale-skandale\/#breadcrumb","itemListElement":[{"@type":"ListItem","position":1,"name":"Home","item":"https:\/\/nordnesrepublikken.no\/"},{"@type":"ListItem","position":2,"name":"Norges skandale skandale"}]},{"@type":"WebSite","@id":"https:\/\/nordnesrepublikken.no\/#website","url":"https:\/\/nordnesrepublikken.no\/","name":"Nordnesrepublikken","description":"Stemmer og Visjoner fra Republikkens Hjerte","publisher":{"@id":"https:\/\/nordnesrepublikken.no\/#organization"},"potentialAction":[{"@type":"SearchAction","target":{"@type":"EntryPoint","urlTemplate":"https:\/\/nordnesrepublikken.no\/?s={search_term_string}"},"query-input":{"@type":"PropertyValueSpecification","valueRequired":true,"valueName":"search_term_string"}}],"inLanguage":"nb-NO"},{"@type":"Organization","@id":"https:\/\/nordnesrepublikken.no\/#organization","name":"Nordnesrepublikken","url":"https:\/\/nordnesrepublikken.no\/","logo":{"@type":"ImageObject","inLanguage":"nb-NO","@id":"https:\/\/nordnesrepublikken.no\/#\/schema\/logo\/image\/","url":"https:\/\/nordnesrepublikken.no\/wp-content\/uploads\/2025\/02\/cropped-nordnesrepublikken-2.png","contentUrl":"https:\/\/nordnesrepublikken.no\/wp-content\/uploads\/2025\/02\/cropped-nordnesrepublikken-2.png","width":1248,"height":362,"caption":"Nordnesrepublikken"},"image":{"@id":"https:\/\/nordnesrepublikken.no\/#\/schema\/logo\/image\/"}},{"@type":"Person","@id":"https:\/\/nordnesrepublikken.no\/#\/schema\/person\/2e7e81935bab77882fffb79296240ff1","name":"Ole Andersen","image":{"@type":"ImageObject","inLanguage":"nb-NO","@id":"https:\/\/nordnesrepublikken.no\/#\/schema\/person\/image\/","url":"https:\/\/nordnesrepublikken.no\/wp-content\/uploads\/2025\/02\/nordnesrepublikken-2-2-150x150.jpg","contentUrl":"https:\/\/nordnesrepublikken.no\/wp-content\/uploads\/2025\/02\/nordnesrepublikken-2-2-150x150.jpg","caption":"Ole Andersen"},"description":"Ettersom jeg vokste opp i Oslo, har jeg alltid v\u00e6rt fascinert av ordenes kraft og deres evne til \u00e5 skape endringer. Etter \u00e5 ha fullf\u00f8rt min utdannelse i kommunikasjon ved Universitetet i Bergen, fikk jeg muligheten til \u00e5 jobbe innen ulike medier, der jeg har s\u00f8kt \u00e5 belyse viktige samfunnssp\u00f8rsm\u00e5l. I dag, som redakt\u00f8r for Nordnesrepublikken, pr\u00f8ver jeg \u00e5 forene min kj\u00e6rlighet for journalistikk med min lidenskap for innovasjon og eventyr.","sameAs":["https:\/\/nordnesrepublikken.no\/"]}]}},"_links":{"self":[{"href":"https:\/\/nordnesrepublikken.no\/index.php\/wp-json\/wp\/v2\/posts\/2822","targetHints":{"allow":["GET"]}}],"collection":[{"href":"https:\/\/nordnesrepublikken.no\/index.php\/wp-json\/wp\/v2\/posts"}],"about":[{"href":"https:\/\/nordnesrepublikken.no\/index.php\/wp-json\/wp\/v2\/types\/post"}],"author":[{"embeddable":true,"href":"https:\/\/nordnesrepublikken.no\/index.php\/wp-json\/wp\/v2\/users\/1"}],"replies":[{"embeddable":true,"href":"https:\/\/nordnesrepublikken.no\/index.php\/wp-json\/wp\/v2\/comments?post=2822"}],"version-history":[{"count":1,"href":"https:\/\/nordnesrepublikken.no\/index.php\/wp-json\/wp\/v2\/posts\/2822\/revisions"}],"predecessor-version":[{"id":2824,"href":"https:\/\/nordnesrepublikken.no\/index.php\/wp-json\/wp\/v2\/posts\/2822\/revisions\/2824"}],"wp:featuredmedia":[{"embeddable":true,"href":"https:\/\/nordnesrepublikken.no\/index.php\/wp-json\/wp\/v2\/media\/2823"}],"wp:attachment":[{"href":"https:\/\/nordnesrepublikken.no\/index.php\/wp-json\/wp\/v2\/media?parent=2822"}],"wp:term":[{"taxonomy":"category","embeddable":true,"href":"https:\/\/nordnesrepublikken.no\/index.php\/wp-json\/wp\/v2\/categories?post=2822"},{"taxonomy":"post_tag","embeddable":true,"href":"https:\/\/nordnesrepublikken.no\/index.php\/wp-json\/wp\/v2\/tags?post=2822"}],"curies":[{"name":"wp","href":"https:\/\/api.w.org\/{rel}","templated":true}]}}