{"id":2813,"date":"2025-03-11T12:50:00","date_gmt":"2025-03-11T11:50:00","guid":{"rendered":"https:\/\/nordnesrepublikken.no\/index.php\/2025\/03\/11\/norges-fremtidige-dronning-star-overfor-helsekamp\/"},"modified":"2025-03-11T12:50:00","modified_gmt":"2025-03-11T11:50:00","slug":"norges-fremtidige-dronning-star-overfor-helsekamp","status":"publish","type":"post","link":"https:\/\/nordnesrepublikken.no\/index.php\/2025\/03\/11\/norges-fremtidige-dronning-star-overfor-helsekamp\/","title":{"rendered":"Norges fremtidige dronning st\u00e5r overfor helsekamp"},"content":{"rendered":"<p><\/p>\n<div class=\"wordpress-content\">\n                    <!-- Article Start --><\/p>\n<p><strong>Crown Princess Mette-Marits helse forverres p\u00e5 grunn av hennes kroniske lungesykdom, har Norges kongefamilie kunngjort.<\/strong><\/p>\n<p>Diagnostisert med lungefibrose i 2018, opplever den 50 \u00e5r gamle prinsessen n\u00e5 forverrede symptomer siden i fjor, og det p\u00e5virker hennes evne til \u00e5 utf\u00f8re kongelige plikter.<\/p>\n<h2><strong>Crown Princess har daglige symptomer<\/strong><\/h2>\n<p>I en uttalelse bekreftet palasset at sykdommen har kommet videre, og krever st\u00f8rre fleksibilitet i hennes offisielle plan. \u201cKronprinsessen har daglige symptomer og plager som p\u00e5virker hennes evne til \u00e5 utf\u00f8re sine plikter. Endringer i hennes offisielle plan kan skje oftere og med kortere varsel enn vanlig, if\u00f8lge uttalelsen.<\/p>\n<div class=\"sra_unit\"><link rel=\"stylesheet\" id=\"block-sra\" href=\"https:\/\/euroweeklynews.com\/wp-content\/plugins\/snack-related-articles\/dist\/css\/snack-related.min.css?230514-44157\" type=\"text\/css\" media=\"all\">\n<\/div>\n<p>Lungefibrose for\u00e5rsaker arrdannelse i lunger, noe som gj\u00f8r pust i stadig vanskeligere over tid. Til tross for dette forblir Mette-Marit forpliktet til sin rolle. &laquo;Kronprinsessen har et sterkt \u00f8nske om \u00e5 fortsette \u00e5 jobbe, og derfor vil vi organisere hennes offisielle program p\u00e5 best mulig m\u00e5te, slik at hennes helse og arbeid kan kombineres,&raquo; la palasset til.<\/p>\n<h2><strong>Mette-Marit er en tidligere servit\u00f8r<\/strong><\/h2>\n<p>Siden diagnosen hennes har Mette-Marit v\u00e6rt \u00e5pen om uforutsigbarheten av tilstanden hennes. Hun og kronprins Haakon valgte \u00e5 r\u00f8pe sin sykdom i 2018 for \u00e5 forberede publikum p\u00e5 n\u00f8dvendige frav\u00e6r.<\/p>\n<p>Gift med den fremtidige kongen siden 2001, har Mette-Marit tjent offentlig beundring for sin motstandskraft. Selv om hun m\u00f8tte granskning f\u00f8r hun begynte i kongefamilien, ettersom hun ikke kommer fra en aristokratisk bakgrunn og er en tidligere servit\u00f8r, har hun siden blitt en av Norges mest respekterte offentlige personer.<\/p>\n<p><em>Lese <\/em><em>her<\/em><em>  Flere nyheter fra Norge.<\/em><\/p>\n<p><em>Lese <\/em><em>her<\/em><em>  Flere europeiske nyheter.<\/em><\/p>\n<p>                    <!-- Article End --><\/p><\/div>\n","protected":false},"excerpt":{"rendered":"<p>Crown Princess Mette-Marits helse forverres p\u00e5 grunn av hennes kroniske lungesykdom, har Norges kongefamilie kunngjort.<\/p>\n","protected":false},"author":1,"featured_media":2814,"comment_status":"closed","ping_status":"open","sticky":false,"template":"","format":"standard","meta":{"footnotes":""},"categories":[22],"tags":[414,254,415,134,387,386],"class_list":["post-2813","post","type-post","status-publish","format-standard","has-post-thumbnail","hentry","category-nasjonal","tag-dronning","tag-fremtidige","tag-helsekamp","tag-norges","tag-overfor","tag-star","generate-columns","tablet-grid-50","mobile-grid-100","grid-parent","grid-33","resize-featured-image"],"yoast_head":"<!-- This site is optimized with the Yoast SEO plugin v24.4 - https:\/\/yoast.com\/wordpress\/plugins\/seo\/ -->\n<title>Norges fremtidige dronning st\u00e5r overfor helsekamp - Nordnesrepublikken<\/title>\n<meta name=\"robots\" content=\"index, follow, max-snippet:-1, max-image-preview:large, max-video-preview:-1\" \/>\n<link rel=\"canonical\" href=\"https:\/\/nordnesrepublikken.no\/index.php\/2025\/03\/11\/norges-fremtidige-dronning-star-overfor-helsekamp\/\" \/>\n<meta property=\"og:locale\" content=\"nb_NO\" \/>\n<meta property=\"og:type\" content=\"article\" \/>\n<meta property=\"og:title\" content=\"Norges fremtidige dronning st\u00e5r overfor helsekamp - Nordnesrepublikken\" \/>\n<meta property=\"og:description\" content=\"Crown Princess Mette-Marits helse forverres p\u00e5 grunn av hennes kroniske lungesykdom, har Norges kongefamilie kunngjort.\" \/>\n<meta property=\"og:url\" content=\"https:\/\/nordnesrepublikken.no\/index.php\/2025\/03\/11\/norges-fremtidige-dronning-star-overfor-helsekamp\/\" \/>\n<meta property=\"og:site_name\" content=\"Nordnesrepublikken\" \/>\n<meta property=\"article:published_time\" content=\"2025-03-11T11:50:00+00:00\" \/>\n<meta property=\"og:image\" content=\"https:\/\/nordnesrepublikken.no\/wp-content\/uploads\/2025\/03\/1741693800_Norges-fremtidige-dronning-star-overfor-helsekamp.jpg\" \/>\n\t<meta property=\"og:image:width\" content=\"1024\" \/>\n\t<meta property=\"og:image:height\" content=\"683\" \/>\n\t<meta property=\"og:image:type\" content=\"image\/jpeg\" \/>\n<meta name=\"author\" content=\"Ole Andersen\" \/>\n<meta name=\"twitter:card\" content=\"summary_large_image\" \/>\n<meta name=\"twitter:label1\" content=\"Skrevet av\" \/>\n\t<meta name=\"twitter:data1\" content=\"Ole Andersen\" \/>\n\t<meta name=\"twitter:label2\" content=\"Ansl. lesetid\" \/>\n\t<meta name=\"twitter:data2\" content=\"1 minutt\" \/>\n<script type=\"application\/ld+json\" class=\"yoast-schema-graph\">{\"@context\":\"https:\/\/schema.org\",\"@graph\":[{\"@type\":\"Article\",\"@id\":\"https:\/\/nordnesrepublikken.no\/index.php\/2025\/03\/11\/norges-fremtidige-dronning-star-overfor-helsekamp\/#article\",\"isPartOf\":{\"@id\":\"https:\/\/nordnesrepublikken.no\/index.php\/2025\/03\/11\/norges-fremtidige-dronning-star-overfor-helsekamp\/\"},\"author\":{\"name\":\"Ole Andersen\",\"@id\":\"https:\/\/nordnesrepublikken.no\/#\/schema\/person\/2e7e81935bab77882fffb79296240ff1\"},\"headline\":\"Norges fremtidige dronning st\u00e5r overfor helsekamp\",\"datePublished\":\"2025-03-11T11:50:00+00:00\",\"mainEntityOfPage\":{\"@id\":\"https:\/\/nordnesrepublikken.no\/index.php\/2025\/03\/11\/norges-fremtidige-dronning-star-overfor-helsekamp\/\"},\"wordCount\":262,\"publisher\":{\"@id\":\"https:\/\/nordnesrepublikken.no\/#organization\"},\"image\":{\"@id\":\"https:\/\/nordnesrepublikken.no\/index.php\/2025\/03\/11\/norges-fremtidige-dronning-star-overfor-helsekamp\/#primaryimage\"},\"thumbnailUrl\":\"https:\/\/nordnesrepublikken.no\/wp-content\/uploads\/2025\/03\/1741693800_Norges-fremtidige-dronning-star-overfor-helsekamp.jpg\",\"keywords\":[\"dronning\",\"fremtidige\",\"helsekamp\",\"Norges\",\"overfor\",\"st\u00e5r\"],\"articleSection\":[\"Nasjonal\"],\"inLanguage\":\"nb-NO\"},{\"@type\":\"WebPage\",\"@id\":\"https:\/\/nordnesrepublikken.no\/index.php\/2025\/03\/11\/norges-fremtidige-dronning-star-overfor-helsekamp\/\",\"url\":\"https:\/\/nordnesrepublikken.no\/index.php\/2025\/03\/11\/norges-fremtidige-dronning-star-overfor-helsekamp\/\",\"name\":\"Norges fremtidige dronning st\u00e5r overfor helsekamp - Nordnesrepublikken\",\"isPartOf\":{\"@id\":\"https:\/\/nordnesrepublikken.no\/#website\"},\"primaryImageOfPage\":{\"@id\":\"https:\/\/nordnesrepublikken.no\/index.php\/2025\/03\/11\/norges-fremtidige-dronning-star-overfor-helsekamp\/#primaryimage\"},\"image\":{\"@id\":\"https:\/\/nordnesrepublikken.no\/index.php\/2025\/03\/11\/norges-fremtidige-dronning-star-overfor-helsekamp\/#primaryimage\"},\"thumbnailUrl\":\"https:\/\/nordnesrepublikken.no\/wp-content\/uploads\/2025\/03\/1741693800_Norges-fremtidige-dronning-star-overfor-helsekamp.jpg\",\"datePublished\":\"2025-03-11T11:50:00+00:00\",\"breadcrumb\":{\"@id\":\"https:\/\/nordnesrepublikken.no\/index.php\/2025\/03\/11\/norges-fremtidige-dronning-star-overfor-helsekamp\/#breadcrumb\"},\"inLanguage\":\"nb-NO\",\"potentialAction\":[{\"@type\":\"ReadAction\",\"target\":[\"https:\/\/nordnesrepublikken.no\/index.php\/2025\/03\/11\/norges-fremtidige-dronning-star-overfor-helsekamp\/\"]}]},{\"@type\":\"ImageObject\",\"inLanguage\":\"nb-NO\",\"@id\":\"https:\/\/nordnesrepublikken.no\/index.php\/2025\/03\/11\/norges-fremtidige-dronning-star-overfor-helsekamp\/#primaryimage\",\"url\":\"https:\/\/nordnesrepublikken.no\/wp-content\/uploads\/2025\/03\/1741693800_Norges-fremtidige-dronning-star-overfor-helsekamp.jpg\",\"contentUrl\":\"https:\/\/nordnesrepublikken.no\/wp-content\/uploads\/2025\/03\/1741693800_Norges-fremtidige-dronning-star-overfor-helsekamp.jpg\",\"width\":1024,\"height\":683,\"caption\":\"Norges fremtidige dronning st\u00e5r overfor helsekamp\"},{\"@type\":\"BreadcrumbList\",\"@id\":\"https:\/\/nordnesrepublikken.no\/index.php\/2025\/03\/11\/norges-fremtidige-dronning-star-overfor-helsekamp\/#breadcrumb\",\"itemListElement\":[{\"@type\":\"ListItem\",\"position\":1,\"name\":\"Home\",\"item\":\"https:\/\/nordnesrepublikken.no\/\"},{\"@type\":\"ListItem\",\"position\":2,\"name\":\"Norges fremtidige dronning st\u00e5r overfor helsekamp\"}]},{\"@type\":\"WebSite\",\"@id\":\"https:\/\/nordnesrepublikken.no\/#website\",\"url\":\"https:\/\/nordnesrepublikken.no\/\",\"name\":\"Nordnesrepublikken\",\"description\":\"Stemmer og Visjoner fra Republikkens Hjerte\",\"publisher\":{\"@id\":\"https:\/\/nordnesrepublikken.no\/#organization\"},\"potentialAction\":[{\"@type\":\"SearchAction\",\"target\":{\"@type\":\"EntryPoint\",\"urlTemplate\":\"https:\/\/nordnesrepublikken.no\/?s={search_term_string}\"},\"query-input\":{\"@type\":\"PropertyValueSpecification\",\"valueRequired\":true,\"valueName\":\"search_term_string\"}}],\"inLanguage\":\"nb-NO\"},{\"@type\":\"Organization\",\"@id\":\"https:\/\/nordnesrepublikken.no\/#organization\",\"name\":\"Nordnesrepublikken\",\"url\":\"https:\/\/nordnesrepublikken.no\/\",\"logo\":{\"@type\":\"ImageObject\",\"inLanguage\":\"nb-NO\",\"@id\":\"https:\/\/nordnesrepublikken.no\/#\/schema\/logo\/image\/\",\"url\":\"https:\/\/nordnesrepublikken.no\/wp-content\/uploads\/2025\/02\/cropped-nordnesrepublikken-2.png\",\"contentUrl\":\"https:\/\/nordnesrepublikken.no\/wp-content\/uploads\/2025\/02\/cropped-nordnesrepublikken-2.png\",\"width\":1248,\"height\":362,\"caption\":\"Nordnesrepublikken\"},\"image\":{\"@id\":\"https:\/\/nordnesrepublikken.no\/#\/schema\/logo\/image\/\"}},{\"@type\":\"Person\",\"@id\":\"https:\/\/nordnesrepublikken.no\/#\/schema\/person\/2e7e81935bab77882fffb79296240ff1\",\"name\":\"Ole Andersen\",\"image\":{\"@type\":\"ImageObject\",\"inLanguage\":\"nb-NO\",\"@id\":\"https:\/\/nordnesrepublikken.no\/#\/schema\/person\/image\/\",\"url\":\"https:\/\/nordnesrepublikken.no\/wp-content\/uploads\/2025\/02\/nordnesrepublikken-2-2-150x150.jpg\",\"contentUrl\":\"https:\/\/nordnesrepublikken.no\/wp-content\/uploads\/2025\/02\/nordnesrepublikken-2-2-150x150.jpg\",\"caption\":\"Ole Andersen\"},\"description\":\"Ettersom jeg vokste opp i Oslo, har jeg alltid v\u00e6rt fascinert av ordenes kraft og deres evne til \u00e5 skape endringer. Etter \u00e5 ha fullf\u00f8rt min utdannelse i kommunikasjon ved Universitetet i Bergen, fikk jeg muligheten til \u00e5 jobbe innen ulike medier, der jeg har s\u00f8kt \u00e5 belyse viktige samfunnssp\u00f8rsm\u00e5l. I dag, som redakt\u00f8r for Nordnesrepublikken, pr\u00f8ver jeg \u00e5 forene min kj\u00e6rlighet for journalistikk med min lidenskap for innovasjon og eventyr.\",\"sameAs\":[\"https:\/\/nordnesrepublikken.no\/\"]}]}<\/script>\n<!-- \/ Yoast SEO plugin. -->","yoast_head_json":{"title":"Norges fremtidige dronning st\u00e5r overfor helsekamp - Nordnesrepublikken","robots":{"index":"index","follow":"follow","max-snippet":"max-snippet:-1","max-image-preview":"max-image-preview:large","max-video-preview":"max-video-preview:-1"},"canonical":"https:\/\/nordnesrepublikken.no\/index.php\/2025\/03\/11\/norges-fremtidige-dronning-star-overfor-helsekamp\/","og_locale":"nb_NO","og_type":"article","og_title":"Norges fremtidige dronning st\u00e5r overfor helsekamp - Nordnesrepublikken","og_description":"Crown Princess Mette-Marits helse forverres p\u00e5 grunn av hennes kroniske lungesykdom, har Norges kongefamilie kunngjort.","og_url":"https:\/\/nordnesrepublikken.no\/index.php\/2025\/03\/11\/norges-fremtidige-dronning-star-overfor-helsekamp\/","og_site_name":"Nordnesrepublikken","article_published_time":"2025-03-11T11:50:00+00:00","og_image":[{"width":1024,"height":683,"url":"https:\/\/nordnesrepublikken.no\/wp-content\/uploads\/2025\/03\/1741693800_Norges-fremtidige-dronning-star-overfor-helsekamp.jpg","type":"image\/jpeg"}],"author":"Ole Andersen","twitter_card":"summary_large_image","twitter_misc":{"Skrevet av":"Ole Andersen","Ansl. lesetid":"1 minutt"},"schema":{"@context":"https:\/\/schema.org","@graph":[{"@type":"Article","@id":"https:\/\/nordnesrepublikken.no\/index.php\/2025\/03\/11\/norges-fremtidige-dronning-star-overfor-helsekamp\/#article","isPartOf":{"@id":"https:\/\/nordnesrepublikken.no\/index.php\/2025\/03\/11\/norges-fremtidige-dronning-star-overfor-helsekamp\/"},"author":{"name":"Ole Andersen","@id":"https:\/\/nordnesrepublikken.no\/#\/schema\/person\/2e7e81935bab77882fffb79296240ff1"},"headline":"Norges fremtidige dronning st\u00e5r overfor helsekamp","datePublished":"2025-03-11T11:50:00+00:00","mainEntityOfPage":{"@id":"https:\/\/nordnesrepublikken.no\/index.php\/2025\/03\/11\/norges-fremtidige-dronning-star-overfor-helsekamp\/"},"wordCount":262,"publisher":{"@id":"https:\/\/nordnesrepublikken.no\/#organization"},"image":{"@id":"https:\/\/nordnesrepublikken.no\/index.php\/2025\/03\/11\/norges-fremtidige-dronning-star-overfor-helsekamp\/#primaryimage"},"thumbnailUrl":"https:\/\/nordnesrepublikken.no\/wp-content\/uploads\/2025\/03\/1741693800_Norges-fremtidige-dronning-star-overfor-helsekamp.jpg","keywords":["dronning","fremtidige","helsekamp","Norges","overfor","st\u00e5r"],"articleSection":["Nasjonal"],"inLanguage":"nb-NO"},{"@type":"WebPage","@id":"https:\/\/nordnesrepublikken.no\/index.php\/2025\/03\/11\/norges-fremtidige-dronning-star-overfor-helsekamp\/","url":"https:\/\/nordnesrepublikken.no\/index.php\/2025\/03\/11\/norges-fremtidige-dronning-star-overfor-helsekamp\/","name":"Norges fremtidige dronning st\u00e5r overfor helsekamp - Nordnesrepublikken","isPartOf":{"@id":"https:\/\/nordnesrepublikken.no\/#website"},"primaryImageOfPage":{"@id":"https:\/\/nordnesrepublikken.no\/index.php\/2025\/03\/11\/norges-fremtidige-dronning-star-overfor-helsekamp\/#primaryimage"},"image":{"@id":"https:\/\/nordnesrepublikken.no\/index.php\/2025\/03\/11\/norges-fremtidige-dronning-star-overfor-helsekamp\/#primaryimage"},"thumbnailUrl":"https:\/\/nordnesrepublikken.no\/wp-content\/uploads\/2025\/03\/1741693800_Norges-fremtidige-dronning-star-overfor-helsekamp.jpg","datePublished":"2025-03-11T11:50:00+00:00","breadcrumb":{"@id":"https:\/\/nordnesrepublikken.no\/index.php\/2025\/03\/11\/norges-fremtidige-dronning-star-overfor-helsekamp\/#breadcrumb"},"inLanguage":"nb-NO","potentialAction":[{"@type":"ReadAction","target":["https:\/\/nordnesrepublikken.no\/index.php\/2025\/03\/11\/norges-fremtidige-dronning-star-overfor-helsekamp\/"]}]},{"@type":"ImageObject","inLanguage":"nb-NO","@id":"https:\/\/nordnesrepublikken.no\/index.php\/2025\/03\/11\/norges-fremtidige-dronning-star-overfor-helsekamp\/#primaryimage","url":"https:\/\/nordnesrepublikken.no\/wp-content\/uploads\/2025\/03\/1741693800_Norges-fremtidige-dronning-star-overfor-helsekamp.jpg","contentUrl":"https:\/\/nordnesrepublikken.no\/wp-content\/uploads\/2025\/03\/1741693800_Norges-fremtidige-dronning-star-overfor-helsekamp.jpg","width":1024,"height":683,"caption":"Norges fremtidige dronning st\u00e5r overfor helsekamp"},{"@type":"BreadcrumbList","@id":"https:\/\/nordnesrepublikken.no\/index.php\/2025\/03\/11\/norges-fremtidige-dronning-star-overfor-helsekamp\/#breadcrumb","itemListElement":[{"@type":"ListItem","position":1,"name":"Home","item":"https:\/\/nordnesrepublikken.no\/"},{"@type":"ListItem","position":2,"name":"Norges fremtidige dronning st\u00e5r overfor helsekamp"}]},{"@type":"WebSite","@id":"https:\/\/nordnesrepublikken.no\/#website","url":"https:\/\/nordnesrepublikken.no\/","name":"Nordnesrepublikken","description":"Stemmer og Visjoner fra Republikkens Hjerte","publisher":{"@id":"https:\/\/nordnesrepublikken.no\/#organization"},"potentialAction":[{"@type":"SearchAction","target":{"@type":"EntryPoint","urlTemplate":"https:\/\/nordnesrepublikken.no\/?s={search_term_string}"},"query-input":{"@type":"PropertyValueSpecification","valueRequired":true,"valueName":"search_term_string"}}],"inLanguage":"nb-NO"},{"@type":"Organization","@id":"https:\/\/nordnesrepublikken.no\/#organization","name":"Nordnesrepublikken","url":"https:\/\/nordnesrepublikken.no\/","logo":{"@type":"ImageObject","inLanguage":"nb-NO","@id":"https:\/\/nordnesrepublikken.no\/#\/schema\/logo\/image\/","url":"https:\/\/nordnesrepublikken.no\/wp-content\/uploads\/2025\/02\/cropped-nordnesrepublikken-2.png","contentUrl":"https:\/\/nordnesrepublikken.no\/wp-content\/uploads\/2025\/02\/cropped-nordnesrepublikken-2.png","width":1248,"height":362,"caption":"Nordnesrepublikken"},"image":{"@id":"https:\/\/nordnesrepublikken.no\/#\/schema\/logo\/image\/"}},{"@type":"Person","@id":"https:\/\/nordnesrepublikken.no\/#\/schema\/person\/2e7e81935bab77882fffb79296240ff1","name":"Ole Andersen","image":{"@type":"ImageObject","inLanguage":"nb-NO","@id":"https:\/\/nordnesrepublikken.no\/#\/schema\/person\/image\/","url":"https:\/\/nordnesrepublikken.no\/wp-content\/uploads\/2025\/02\/nordnesrepublikken-2-2-150x150.jpg","contentUrl":"https:\/\/nordnesrepublikken.no\/wp-content\/uploads\/2025\/02\/nordnesrepublikken-2-2-150x150.jpg","caption":"Ole Andersen"},"description":"Ettersom jeg vokste opp i Oslo, har jeg alltid v\u00e6rt fascinert av ordenes kraft og deres evne til \u00e5 skape endringer. Etter \u00e5 ha fullf\u00f8rt min utdannelse i kommunikasjon ved Universitetet i Bergen, fikk jeg muligheten til \u00e5 jobbe innen ulike medier, der jeg har s\u00f8kt \u00e5 belyse viktige samfunnssp\u00f8rsm\u00e5l. I dag, som redakt\u00f8r for Nordnesrepublikken, pr\u00f8ver jeg \u00e5 forene min kj\u00e6rlighet for journalistikk med min lidenskap for innovasjon og eventyr.","sameAs":["https:\/\/nordnesrepublikken.no\/"]}]}},"_links":{"self":[{"href":"https:\/\/nordnesrepublikken.no\/index.php\/wp-json\/wp\/v2\/posts\/2813","targetHints":{"allow":["GET"]}}],"collection":[{"href":"https:\/\/nordnesrepublikken.no\/index.php\/wp-json\/wp\/v2\/posts"}],"about":[{"href":"https:\/\/nordnesrepublikken.no\/index.php\/wp-json\/wp\/v2\/types\/post"}],"author":[{"embeddable":true,"href":"https:\/\/nordnesrepublikken.no\/index.php\/wp-json\/wp\/v2\/users\/1"}],"replies":[{"embeddable":true,"href":"https:\/\/nordnesrepublikken.no\/index.php\/wp-json\/wp\/v2\/comments?post=2813"}],"version-history":[{"count":1,"href":"https:\/\/nordnesrepublikken.no\/index.php\/wp-json\/wp\/v2\/posts\/2813\/revisions"}],"predecessor-version":[{"id":2815,"href":"https:\/\/nordnesrepublikken.no\/index.php\/wp-json\/wp\/v2\/posts\/2813\/revisions\/2815"}],"wp:featuredmedia":[{"embeddable":true,"href":"https:\/\/nordnesrepublikken.no\/index.php\/wp-json\/wp\/v2\/media\/2814"}],"wp:attachment":[{"href":"https:\/\/nordnesrepublikken.no\/index.php\/wp-json\/wp\/v2\/media?parent=2813"}],"wp:term":[{"taxonomy":"category","embeddable":true,"href":"https:\/\/nordnesrepublikken.no\/index.php\/wp-json\/wp\/v2\/categories?post=2813"},{"taxonomy":"post_tag","embeddable":true,"href":"https:\/\/nordnesrepublikken.no\/index.php\/wp-json\/wp\/v2\/tags?post=2813"}],"curies":[{"name":"wp","href":"https:\/\/api.w.org\/{rel}","templated":true}]}}