{"id":2786,"date":"2025-03-07T23:50:40","date_gmt":"2025-03-07T22:50:40","guid":{"rendered":"https:\/\/nordnesrepublikken.no\/index.php\/2025\/03\/07\/er-det-virkelig-symbolet-pa-kvinnedagen\/"},"modified":"2025-03-07T23:50:43","modified_gmt":"2025-03-07T22:50:43","slug":"er-det-virkelig-symbolet-pa-kvinnedagen","status":"publish","type":"post","link":"https:\/\/nordnesrepublikken.no\/index.php\/2025\/03\/07\/er-det-virkelig-symbolet-pa-kvinnedagen\/","title":{"rendered":"Er det virkelig symbolet p\u00e5 &laquo;kvinnedagen&raquo;?"},"content":{"rendered":"<div>\n      <!-- CONTENT --><\/p>\n<div class=\"cp_wrapper cp_wrapper--fw mb-30 mb-20@tablet\">\n<figure class=\"mm\"><picture class=\"img\" style=\"padding-top:56.25%\"><source  media=\"(min-width: 1024px)\"><source  media=\"(min-width: 768px)\"><\/source><\/source><\/picture><\/figure>\n<\/p><\/div>\n<p>DE&#8217;<strong>8. mars<\/strong>gater og firkanter skj\u00e6r det gule av dekkene til <strong>Mimosa,<\/strong> Plan symbol p\u00e5 det s\u00e5 -kalt &laquo;<strong>Kvinnedag<\/strong>&raquo; &#8211; hvis riktige navn er <strong>Internasjonal kvinnedag<\/strong> &#8211; Hvilket symboliserer styrke, femininitet og f\u00f8lsomhet: men fra et botanisk synspunkt, er planten med gule utstoppede peoner virkelig en mimosa? Faktisk nei, fordi den virkelige mimosaen er <em>Pudic Mimosa<\/em>nettopp av Mimosa -sjangeren i vitenskapelig nomenklatur. Den symbolske planten p\u00e5 den internasjonale kvinnedagen er imidlertid en akasia og presist <em>Acacia Dealbata<\/em>. N\u00e5r det er sagt, er det godt \u00e5 benytte anledningen til \u00e5 rette opp en annen vanlig feil: Acacia fra hvis blomster biene produserer en utmerket <strong>honning<\/strong> Det er faktisk en <strong>Robinia,<\/strong> hvis vitenskapelige navn er <em>Robinia Pseudoacacia<\/em>. \u00c5 oppsummere: <em>Acacia Dealbata<\/em> ofte kjent som <strong>Mimosa<\/strong>, <em>Pudic Mimosa<\/em> kjent som <strong>Mimosa f\u00f8lsom<\/strong> Og <em>Robinia Pseudoacacia, <\/em>De er kjent som False Acacia, og er ganske forskjellige fra opprinnelse og egenskaper, men forent av faktum <strong>tilh\u00f8rer samme familie,<\/strong> det av <em>Fabaceae,<\/em> eller belgfrukter. Det er lett \u00e5 huske denne klassifiseringen gitt at, som for andre belgfrukter som b\u00f8nner eller erter, er frukten deres en <strong>Pod<\/strong> Inneholder flere fr\u00f8.<\/p>\n<h2>Fordi mimosaen (<em>Dealbata Acacia) <\/em>Det er symbolet p\u00e5 &laquo;kvinnedagen&raquo;<\/h2>\n<p>Det er et tre som til og med kan n\u00e5 30 meter i h\u00f8yden; har s\u00e5 -kalt blader <strong>Bypenat<\/strong> det vil si sammensatt av en serie sideveis blader, satt inn til h\u00f8yre og venstre for en akse (<em>Rachide<\/em>) sentralt, som om de var en slags fj\u00e6r. Den avgjort mer i\u00f8ynefallende delen er representert av <strong>blomsterstander<\/strong>sammensatt av ledere av en kuleform av en <strong>Gul forst\u00e5tt og livlig og ekstremt velduftende<\/strong>. Blomstring er v\u00e5ren (i februar &#8211; mars).<\/p>\n<p>Det er en plante opprinnelig fra Australia, men det er n\u00e5 utbredt litt over hele verden, s\u00e5 mye at det blir vurdert <strong>inngripende<\/strong> mange steder. I Europa ble det introdusert p\u00e5 begynnelsen av 1800 -tallet. Motstandsdyktig mot variasjonen i landet og til og med passering av ild, forplanter seg veldig lett. Den dyrkes ofte som et prydplante eller for produksjon av t\u00f8mmer og essensielle oljer.<\/p>\n<p>Den har medisinske og medisinske egenskaper, kjent for australske aboriginer som vet hvordan de skal bruke hver del til matform\u00e5l, for \u00e5 produsere v\u00e5pen eller gjenstander og for \u00e5 trekke ut medisinske stoffer. Blomstene er rike p\u00e5 pollen og brukes ogs\u00e5 til \u00e5 produsere et gult naturlig fargestoff. Nettopp for sin motstand, for det festlige aspektet om v\u00e5ren, s\u00e5 vel som for de overraskende egenskapene i <strong>1946 ble valgt som en blomst av den internasjonale kvinnedagen<\/strong>fra den italienske kvinnelige unionen.<\/p>\n<h2><em>Pudic Mimosa <\/em><strong>(Sensorien)<\/strong>: planten med bladene som er i stand til \u00e5 bevege seg<\/h2>\n<p>Det er den virkelige mimosaen fra et botanisk synspunkt, ettersom den tilh\u00f8rer Mimosa -sjangeren, som den inkluderer <strong>617 forskjellige arter<\/strong>. Det mest kjente er <em>Mimosa pudisk<\/em>A, kjent med det vulg\u00e6re navnet til <strong>f\u00f8lsom <\/strong> Fordi bladene, hvis de ber\u00f8res eller spesielt stressforhold, er i stand til \u00e5 bevege seg og b\u00f8ye seg for \u00e5 lukke seg helt p\u00e5 seg selv.<\/p>\n<p>Opprinnelig fra S\u00f8r- og Mellom -Amerika, ble det introdusert i Afrika, India og S\u00f8r\u00f8st -Asia. Foretrekker milj\u00f8er <strong>varm fuktig<\/strong> Og den ligger i form av en busk eller spiss. Bladene, ogs\u00e5 bipennat, kan huske akasienes til ikke -eksperter, men det som skiller dem til og med til et mindre im\u00f8tekommende \u00f8ye er de kuleforholdene i fargen <strong>rose<\/strong>.<\/p>\n<div class=\"cp_wrapper cp_wrapper--fw mb-50\">\n<figure class=\"mm\"><picture class=\"img\" style=\"padding-top:72.880705792098%\"><source  media=\"(min-width: 1024px)\"><source  media=\"(min-width: 768px)\"><img decoding=\"async\" loading=\"lazy\" src=\"https:\/\/nordnesrepublikken.no\/wp-content\/uploads\/2025\/03\/1741387840_148_Er-det-virkelig-symbolet-pa-kvinnedagen.jpg\" alt=\"Pudic Mimosa\" width=\"2607\" height=\"1900\"><\/source><\/source><\/picture><\/figure>\n<\/p><\/div>\n<p>I  <strong>S\u00f8r -Amerika<\/strong> Det ble mye brukt i tradisjonell medisin. Faktisk er det rik p\u00e5 <strong>flavonoider<\/strong>, <strong>alkaloider<\/strong> Og <strong>saponin<\/strong> med antioksidant, anti -inflammatoriske og antimikrobielle egenskaper. Imidlertid er bruken fortsatt kontroversiell fordi, hvis den p\u00e5 den ene siden virker effektiv i behandlingen av inflammatoriske sykdommer og i helbredelse av s\u00e5r, p\u00e5 den andre av dens viktigste komponenter, den <strong>mimosin<\/strong>er en giftig aminosyre<strong>,<\/strong> Derfor er det n\u00f8dvendig med ytterligere s\u00f8k for riktig bruk av ekstrakter. Videre er bruken bare basert p\u00e5 tradisjon for bruk, men <strong>Det er ingen kliniske studier som bekrefter disse aktivitetene.<\/strong><\/p>\n<h2>Der <em>Robinia Pseudoacacia<\/em>: planten som en veldig s\u00f8t honning produseres<\/h2>\n<p>Endelig den tredje planten av familien <em>Fabaceae<\/em> som ved felles kirkesamfunn og for noen morfologiske egenskaper kan skape forvirring med de to andre artene mellom ikke -eksperter. Det er kjent som <strong>Robinia <\/strong>eller <strong>Falske Acacia<\/strong>ser ut som en sapling med tornete grener og<strong> hvite blomster<\/strong> Klynge med en intens parfyme. Opprinnelig fra Nord -Amerika, ble det introdusert i Europa som en prydanlegg i 1601 av Jean Robin, kurator for den botaniske hagen til kongen av Frankrike<\/p>\n<div class=\"cp_wrapper cp_wrapper--fw mb-50\">\n<figure class=\"mm\"><picture class=\"img\" style=\"padding-top:66.666666666667%\"><source  media=\"(min-width: 1024px)\"><source  media=\"(min-width: 768px)\"><img decoding=\"async\" loading=\"lazy\" src=\"https:\/\/nordnesrepublikken.no\/wp-content\/uploads\/2025\/03\/1741387840_59_Er-det-virkelig-symbolet-pa-kvinnedagen.jpg\" alt=\"Acacia honning\" width=\"2121\" height=\"1414\" class=\"js-seedtag-img\"><\/source><\/source><\/picture><\/figure>\n<\/p><\/div>\n<p>I dag er det utbredt i hele Europa, der det har tatt p\u00e5 seg inngripende karakter, med tanke p\u00e5 hennes rustisitet og tilpasningsevne som lar henne spre seg selv i milj\u00f8er <strong>t\u00f8rr<\/strong> Og <strong>jordskred<\/strong>. Blomstene har noen medisinske egenskaper s\u00e5 vel som en <strong>rikelig nektarproduksjon<\/strong>. Faktisk tillater Acacia en produksjon av honning av utmerket kvalitet, med en h\u00f8y konsentrasjon av fruktose. Blomster i bondetradisjonen brukes til \u00e5 tilberede desserter og pannekaker.<\/p>\n<\/p><\/div>\n","protected":false},"excerpt":{"rendered":"<p>DE&#8217;8. marsgater og firkanter skj\u00e6r det gule av dekkene til Mimosa, Plan symbol p\u00e5 det<\/p>\n","protected":false},"author":1,"featured_media":2787,"comment_status":"closed","ping_status":"open","sticky":false,"template":"","format":"standard","meta":{"footnotes":""},"categories":[24],"tags":[66,369,81,375,227],"class_list":["post-2786","post","type-post","status-publish","format-standard","has-post-thumbnail","hentry","category-vitenskap","tag-det","tag-kvinnedagen","tag-pa","tag-symbolet","tag-virkelig","generate-columns","tablet-grid-50","mobile-grid-100","grid-parent","grid-33","resize-featured-image"],"yoast_head":"<!-- This site is optimized with the Yoast SEO plugin v24.4 - https:\/\/yoast.com\/wordpress\/plugins\/seo\/ -->\n<title>Er det virkelig symbolet p\u00e5 &quot;kvinnedagen&quot;? - Nordnesrepublikken<\/title>\n<meta name=\"robots\" content=\"index, follow, max-snippet:-1, max-image-preview:large, max-video-preview:-1\" \/>\n<link rel=\"canonical\" href=\"https:\/\/nordnesrepublikken.no\/index.php\/2025\/03\/07\/er-det-virkelig-symbolet-pa-kvinnedagen\/\" \/>\n<meta property=\"og:locale\" content=\"nb_NO\" \/>\n<meta property=\"og:type\" content=\"article\" \/>\n<meta property=\"og:title\" content=\"Er det virkelig symbolet p\u00e5 &quot;kvinnedagen&quot;? - Nordnesrepublikken\" \/>\n<meta property=\"og:description\" content=\"DE&#8217;8. marsgater og firkanter skj\u00e6r det gule av dekkene til Mimosa, Plan symbol p\u00e5 det\" \/>\n<meta property=\"og:url\" content=\"https:\/\/nordnesrepublikken.no\/index.php\/2025\/03\/07\/er-det-virkelig-symbolet-pa-kvinnedagen\/\" \/>\n<meta property=\"og:site_name\" content=\"Nordnesrepublikken\" \/>\n<meta property=\"article:published_time\" content=\"2025-03-07T22:50:40+00:00\" \/>\n<meta property=\"article:modified_time\" content=\"2025-03-07T22:50:43+00:00\" \/>\n<meta property=\"og:image\" content=\"https:\/\/nordnesrepublikken.no\/wp-content\/uploads\/2025\/03\/1741387840_Er-det-virkelig-symbolet-pa-kvinnedagen.jpg\" \/>\n\t<meta property=\"og:image:width\" content=\"2121\" \/>\n\t<meta property=\"og:image:height\" content=\"1414\" \/>\n\t<meta property=\"og:image:type\" content=\"image\/jpeg\" \/>\n<meta name=\"author\" content=\"Ole Andersen\" \/>\n<meta name=\"twitter:card\" content=\"summary_large_image\" \/>\n<meta name=\"twitter:label1\" content=\"Skrevet av\" \/>\n\t<meta name=\"twitter:data1\" content=\"Ole Andersen\" \/>\n\t<meta name=\"twitter:label2\" content=\"Ansl. lesetid\" \/>\n\t<meta name=\"twitter:data2\" content=\"4 minutter\" \/>\n<script type=\"application\/ld+json\" class=\"yoast-schema-graph\">{\"@context\":\"https:\/\/schema.org\",\"@graph\":[{\"@type\":\"Article\",\"@id\":\"https:\/\/nordnesrepublikken.no\/index.php\/2025\/03\/07\/er-det-virkelig-symbolet-pa-kvinnedagen\/#article\",\"isPartOf\":{\"@id\":\"https:\/\/nordnesrepublikken.no\/index.php\/2025\/03\/07\/er-det-virkelig-symbolet-pa-kvinnedagen\/\"},\"author\":{\"name\":\"Ole Andersen\",\"@id\":\"https:\/\/nordnesrepublikken.no\/#\/schema\/person\/2e7e81935bab77882fffb79296240ff1\"},\"headline\":\"Er det virkelig symbolet p\u00e5 &laquo;kvinnedagen&raquo;?\",\"datePublished\":\"2025-03-07T22:50:40+00:00\",\"dateModified\":\"2025-03-07T22:50:43+00:00\",\"mainEntityOfPage\":{\"@id\":\"https:\/\/nordnesrepublikken.no\/index.php\/2025\/03\/07\/er-det-virkelig-symbolet-pa-kvinnedagen\/\"},\"wordCount\":816,\"publisher\":{\"@id\":\"https:\/\/nordnesrepublikken.no\/#organization\"},\"image\":{\"@id\":\"https:\/\/nordnesrepublikken.no\/index.php\/2025\/03\/07\/er-det-virkelig-symbolet-pa-kvinnedagen\/#primaryimage\"},\"thumbnailUrl\":\"https:\/\/nordnesrepublikken.no\/wp-content\/uploads\/2025\/03\/1741387840_Er-det-virkelig-symbolet-pa-kvinnedagen.jpg\",\"keywords\":[\"Det\",\"kvinnedagen\",\"p\u00e5\",\"symbolet\",\"virkelig\"],\"articleSection\":[\"Vitenskap\"],\"inLanguage\":\"nb-NO\"},{\"@type\":\"WebPage\",\"@id\":\"https:\/\/nordnesrepublikken.no\/index.php\/2025\/03\/07\/er-det-virkelig-symbolet-pa-kvinnedagen\/\",\"url\":\"https:\/\/nordnesrepublikken.no\/index.php\/2025\/03\/07\/er-det-virkelig-symbolet-pa-kvinnedagen\/\",\"name\":\"Er det virkelig symbolet p\u00e5 \\\"kvinnedagen\\\"? - Nordnesrepublikken\",\"isPartOf\":{\"@id\":\"https:\/\/nordnesrepublikken.no\/#website\"},\"primaryImageOfPage\":{\"@id\":\"https:\/\/nordnesrepublikken.no\/index.php\/2025\/03\/07\/er-det-virkelig-symbolet-pa-kvinnedagen\/#primaryimage\"},\"image\":{\"@id\":\"https:\/\/nordnesrepublikken.no\/index.php\/2025\/03\/07\/er-det-virkelig-symbolet-pa-kvinnedagen\/#primaryimage\"},\"thumbnailUrl\":\"https:\/\/nordnesrepublikken.no\/wp-content\/uploads\/2025\/03\/1741387840_Er-det-virkelig-symbolet-pa-kvinnedagen.jpg\",\"datePublished\":\"2025-03-07T22:50:40+00:00\",\"dateModified\":\"2025-03-07T22:50:43+00:00\",\"breadcrumb\":{\"@id\":\"https:\/\/nordnesrepublikken.no\/index.php\/2025\/03\/07\/er-det-virkelig-symbolet-pa-kvinnedagen\/#breadcrumb\"},\"inLanguage\":\"nb-NO\",\"potentialAction\":[{\"@type\":\"ReadAction\",\"target\":[\"https:\/\/nordnesrepublikken.no\/index.php\/2025\/03\/07\/er-det-virkelig-symbolet-pa-kvinnedagen\/\"]}]},{\"@type\":\"ImageObject\",\"inLanguage\":\"nb-NO\",\"@id\":\"https:\/\/nordnesrepublikken.no\/index.php\/2025\/03\/07\/er-det-virkelig-symbolet-pa-kvinnedagen\/#primaryimage\",\"url\":\"https:\/\/nordnesrepublikken.no\/wp-content\/uploads\/2025\/03\/1741387840_Er-det-virkelig-symbolet-pa-kvinnedagen.jpg\",\"contentUrl\":\"https:\/\/nordnesrepublikken.no\/wp-content\/uploads\/2025\/03\/1741387840_Er-det-virkelig-symbolet-pa-kvinnedagen.jpg\",\"width\":2121,\"height\":1414,\"caption\":\"Mimosa festa delle donne\"},{\"@type\":\"BreadcrumbList\",\"@id\":\"https:\/\/nordnesrepublikken.no\/index.php\/2025\/03\/07\/er-det-virkelig-symbolet-pa-kvinnedagen\/#breadcrumb\",\"itemListElement\":[{\"@type\":\"ListItem\",\"position\":1,\"name\":\"Home\",\"item\":\"https:\/\/nordnesrepublikken.no\/\"},{\"@type\":\"ListItem\",\"position\":2,\"name\":\"Er det virkelig symbolet p\u00e5 &laquo;kvinnedagen&raquo;?\"}]},{\"@type\":\"WebSite\",\"@id\":\"https:\/\/nordnesrepublikken.no\/#website\",\"url\":\"https:\/\/nordnesrepublikken.no\/\",\"name\":\"Nordnesrepublikken\",\"description\":\"Stemmer og Visjoner fra Republikkens Hjerte\",\"publisher\":{\"@id\":\"https:\/\/nordnesrepublikken.no\/#organization\"},\"potentialAction\":[{\"@type\":\"SearchAction\",\"target\":{\"@type\":\"EntryPoint\",\"urlTemplate\":\"https:\/\/nordnesrepublikken.no\/?s={search_term_string}\"},\"query-input\":{\"@type\":\"PropertyValueSpecification\",\"valueRequired\":true,\"valueName\":\"search_term_string\"}}],\"inLanguage\":\"nb-NO\"},{\"@type\":\"Organization\",\"@id\":\"https:\/\/nordnesrepublikken.no\/#organization\",\"name\":\"Nordnesrepublikken\",\"url\":\"https:\/\/nordnesrepublikken.no\/\",\"logo\":{\"@type\":\"ImageObject\",\"inLanguage\":\"nb-NO\",\"@id\":\"https:\/\/nordnesrepublikken.no\/#\/schema\/logo\/image\/\",\"url\":\"https:\/\/nordnesrepublikken.no\/wp-content\/uploads\/2025\/02\/cropped-nordnesrepublikken-2.png\",\"contentUrl\":\"https:\/\/nordnesrepublikken.no\/wp-content\/uploads\/2025\/02\/cropped-nordnesrepublikken-2.png\",\"width\":1248,\"height\":362,\"caption\":\"Nordnesrepublikken\"},\"image\":{\"@id\":\"https:\/\/nordnesrepublikken.no\/#\/schema\/logo\/image\/\"}},{\"@type\":\"Person\",\"@id\":\"https:\/\/nordnesrepublikken.no\/#\/schema\/person\/2e7e81935bab77882fffb79296240ff1\",\"name\":\"Ole Andersen\",\"image\":{\"@type\":\"ImageObject\",\"inLanguage\":\"nb-NO\",\"@id\":\"https:\/\/nordnesrepublikken.no\/#\/schema\/person\/image\/\",\"url\":\"https:\/\/nordnesrepublikken.no\/wp-content\/uploads\/2025\/02\/nordnesrepublikken-2-2-150x150.jpg\",\"contentUrl\":\"https:\/\/nordnesrepublikken.no\/wp-content\/uploads\/2025\/02\/nordnesrepublikken-2-2-150x150.jpg\",\"caption\":\"Ole Andersen\"},\"description\":\"Ettersom jeg vokste opp i Oslo, har jeg alltid v\u00e6rt fascinert av ordenes kraft og deres evne til \u00e5 skape endringer. Etter \u00e5 ha fullf\u00f8rt min utdannelse i kommunikasjon ved Universitetet i Bergen, fikk jeg muligheten til \u00e5 jobbe innen ulike medier, der jeg har s\u00f8kt \u00e5 belyse viktige samfunnssp\u00f8rsm\u00e5l. I dag, som redakt\u00f8r for Nordnesrepublikken, pr\u00f8ver jeg \u00e5 forene min kj\u00e6rlighet for journalistikk med min lidenskap for innovasjon og eventyr.\",\"sameAs\":[\"https:\/\/nordnesrepublikken.no\/\"]}]}<\/script>\n<!-- \/ Yoast SEO plugin. -->","yoast_head_json":{"title":"Er det virkelig symbolet p\u00e5 \"kvinnedagen\"? - Nordnesrepublikken","robots":{"index":"index","follow":"follow","max-snippet":"max-snippet:-1","max-image-preview":"max-image-preview:large","max-video-preview":"max-video-preview:-1"},"canonical":"https:\/\/nordnesrepublikken.no\/index.php\/2025\/03\/07\/er-det-virkelig-symbolet-pa-kvinnedagen\/","og_locale":"nb_NO","og_type":"article","og_title":"Er det virkelig symbolet p\u00e5 \"kvinnedagen\"? - Nordnesrepublikken","og_description":"DE&#8217;8. marsgater og firkanter skj\u00e6r det gule av dekkene til Mimosa, Plan symbol p\u00e5 det","og_url":"https:\/\/nordnesrepublikken.no\/index.php\/2025\/03\/07\/er-det-virkelig-symbolet-pa-kvinnedagen\/","og_site_name":"Nordnesrepublikken","article_published_time":"2025-03-07T22:50:40+00:00","article_modified_time":"2025-03-07T22:50:43+00:00","og_image":[{"width":2121,"height":1414,"url":"https:\/\/nordnesrepublikken.no\/wp-content\/uploads\/2025\/03\/1741387840_Er-det-virkelig-symbolet-pa-kvinnedagen.jpg","type":"image\/jpeg"}],"author":"Ole Andersen","twitter_card":"summary_large_image","twitter_misc":{"Skrevet av":"Ole Andersen","Ansl. lesetid":"4 minutter"},"schema":{"@context":"https:\/\/schema.org","@graph":[{"@type":"Article","@id":"https:\/\/nordnesrepublikken.no\/index.php\/2025\/03\/07\/er-det-virkelig-symbolet-pa-kvinnedagen\/#article","isPartOf":{"@id":"https:\/\/nordnesrepublikken.no\/index.php\/2025\/03\/07\/er-det-virkelig-symbolet-pa-kvinnedagen\/"},"author":{"name":"Ole Andersen","@id":"https:\/\/nordnesrepublikken.no\/#\/schema\/person\/2e7e81935bab77882fffb79296240ff1"},"headline":"Er det virkelig symbolet p\u00e5 &laquo;kvinnedagen&raquo;?","datePublished":"2025-03-07T22:50:40+00:00","dateModified":"2025-03-07T22:50:43+00:00","mainEntityOfPage":{"@id":"https:\/\/nordnesrepublikken.no\/index.php\/2025\/03\/07\/er-det-virkelig-symbolet-pa-kvinnedagen\/"},"wordCount":816,"publisher":{"@id":"https:\/\/nordnesrepublikken.no\/#organization"},"image":{"@id":"https:\/\/nordnesrepublikken.no\/index.php\/2025\/03\/07\/er-det-virkelig-symbolet-pa-kvinnedagen\/#primaryimage"},"thumbnailUrl":"https:\/\/nordnesrepublikken.no\/wp-content\/uploads\/2025\/03\/1741387840_Er-det-virkelig-symbolet-pa-kvinnedagen.jpg","keywords":["Det","kvinnedagen","p\u00e5","symbolet","virkelig"],"articleSection":["Vitenskap"],"inLanguage":"nb-NO"},{"@type":"WebPage","@id":"https:\/\/nordnesrepublikken.no\/index.php\/2025\/03\/07\/er-det-virkelig-symbolet-pa-kvinnedagen\/","url":"https:\/\/nordnesrepublikken.no\/index.php\/2025\/03\/07\/er-det-virkelig-symbolet-pa-kvinnedagen\/","name":"Er det virkelig symbolet p\u00e5 \"kvinnedagen\"? - Nordnesrepublikken","isPartOf":{"@id":"https:\/\/nordnesrepublikken.no\/#website"},"primaryImageOfPage":{"@id":"https:\/\/nordnesrepublikken.no\/index.php\/2025\/03\/07\/er-det-virkelig-symbolet-pa-kvinnedagen\/#primaryimage"},"image":{"@id":"https:\/\/nordnesrepublikken.no\/index.php\/2025\/03\/07\/er-det-virkelig-symbolet-pa-kvinnedagen\/#primaryimage"},"thumbnailUrl":"https:\/\/nordnesrepublikken.no\/wp-content\/uploads\/2025\/03\/1741387840_Er-det-virkelig-symbolet-pa-kvinnedagen.jpg","datePublished":"2025-03-07T22:50:40+00:00","dateModified":"2025-03-07T22:50:43+00:00","breadcrumb":{"@id":"https:\/\/nordnesrepublikken.no\/index.php\/2025\/03\/07\/er-det-virkelig-symbolet-pa-kvinnedagen\/#breadcrumb"},"inLanguage":"nb-NO","potentialAction":[{"@type":"ReadAction","target":["https:\/\/nordnesrepublikken.no\/index.php\/2025\/03\/07\/er-det-virkelig-symbolet-pa-kvinnedagen\/"]}]},{"@type":"ImageObject","inLanguage":"nb-NO","@id":"https:\/\/nordnesrepublikken.no\/index.php\/2025\/03\/07\/er-det-virkelig-symbolet-pa-kvinnedagen\/#primaryimage","url":"https:\/\/nordnesrepublikken.no\/wp-content\/uploads\/2025\/03\/1741387840_Er-det-virkelig-symbolet-pa-kvinnedagen.jpg","contentUrl":"https:\/\/nordnesrepublikken.no\/wp-content\/uploads\/2025\/03\/1741387840_Er-det-virkelig-symbolet-pa-kvinnedagen.jpg","width":2121,"height":1414,"caption":"Mimosa festa delle donne"},{"@type":"BreadcrumbList","@id":"https:\/\/nordnesrepublikken.no\/index.php\/2025\/03\/07\/er-det-virkelig-symbolet-pa-kvinnedagen\/#breadcrumb","itemListElement":[{"@type":"ListItem","position":1,"name":"Home","item":"https:\/\/nordnesrepublikken.no\/"},{"@type":"ListItem","position":2,"name":"Er det virkelig symbolet p\u00e5 &laquo;kvinnedagen&raquo;?"}]},{"@type":"WebSite","@id":"https:\/\/nordnesrepublikken.no\/#website","url":"https:\/\/nordnesrepublikken.no\/","name":"Nordnesrepublikken","description":"Stemmer og Visjoner fra Republikkens Hjerte","publisher":{"@id":"https:\/\/nordnesrepublikken.no\/#organization"},"potentialAction":[{"@type":"SearchAction","target":{"@type":"EntryPoint","urlTemplate":"https:\/\/nordnesrepublikken.no\/?s={search_term_string}"},"query-input":{"@type":"PropertyValueSpecification","valueRequired":true,"valueName":"search_term_string"}}],"inLanguage":"nb-NO"},{"@type":"Organization","@id":"https:\/\/nordnesrepublikken.no\/#organization","name":"Nordnesrepublikken","url":"https:\/\/nordnesrepublikken.no\/","logo":{"@type":"ImageObject","inLanguage":"nb-NO","@id":"https:\/\/nordnesrepublikken.no\/#\/schema\/logo\/image\/","url":"https:\/\/nordnesrepublikken.no\/wp-content\/uploads\/2025\/02\/cropped-nordnesrepublikken-2.png","contentUrl":"https:\/\/nordnesrepublikken.no\/wp-content\/uploads\/2025\/02\/cropped-nordnesrepublikken-2.png","width":1248,"height":362,"caption":"Nordnesrepublikken"},"image":{"@id":"https:\/\/nordnesrepublikken.no\/#\/schema\/logo\/image\/"}},{"@type":"Person","@id":"https:\/\/nordnesrepublikken.no\/#\/schema\/person\/2e7e81935bab77882fffb79296240ff1","name":"Ole Andersen","image":{"@type":"ImageObject","inLanguage":"nb-NO","@id":"https:\/\/nordnesrepublikken.no\/#\/schema\/person\/image\/","url":"https:\/\/nordnesrepublikken.no\/wp-content\/uploads\/2025\/02\/nordnesrepublikken-2-2-150x150.jpg","contentUrl":"https:\/\/nordnesrepublikken.no\/wp-content\/uploads\/2025\/02\/nordnesrepublikken-2-2-150x150.jpg","caption":"Ole Andersen"},"description":"Ettersom jeg vokste opp i Oslo, har jeg alltid v\u00e6rt fascinert av ordenes kraft og deres evne til \u00e5 skape endringer. Etter \u00e5 ha fullf\u00f8rt min utdannelse i kommunikasjon ved Universitetet i Bergen, fikk jeg muligheten til \u00e5 jobbe innen ulike medier, der jeg har s\u00f8kt \u00e5 belyse viktige samfunnssp\u00f8rsm\u00e5l. I dag, som redakt\u00f8r for Nordnesrepublikken, pr\u00f8ver jeg \u00e5 forene min kj\u00e6rlighet for journalistikk med min lidenskap for innovasjon og eventyr.","sameAs":["https:\/\/nordnesrepublikken.no\/"]}]}},"_links":{"self":[{"href":"https:\/\/nordnesrepublikken.no\/index.php\/wp-json\/wp\/v2\/posts\/2786","targetHints":{"allow":["GET"]}}],"collection":[{"href":"https:\/\/nordnesrepublikken.no\/index.php\/wp-json\/wp\/v2\/posts"}],"about":[{"href":"https:\/\/nordnesrepublikken.no\/index.php\/wp-json\/wp\/v2\/types\/post"}],"author":[{"embeddable":true,"href":"https:\/\/nordnesrepublikken.no\/index.php\/wp-json\/wp\/v2\/users\/1"}],"replies":[{"embeddable":true,"href":"https:\/\/nordnesrepublikken.no\/index.php\/wp-json\/wp\/v2\/comments?post=2786"}],"version-history":[{"count":1,"href":"https:\/\/nordnesrepublikken.no\/index.php\/wp-json\/wp\/v2\/posts\/2786\/revisions"}],"predecessor-version":[{"id":2788,"href":"https:\/\/nordnesrepublikken.no\/index.php\/wp-json\/wp\/v2\/posts\/2786\/revisions\/2788"}],"wp:featuredmedia":[{"embeddable":true,"href":"https:\/\/nordnesrepublikken.no\/index.php\/wp-json\/wp\/v2\/media\/2787"}],"wp:attachment":[{"href":"https:\/\/nordnesrepublikken.no\/index.php\/wp-json\/wp\/v2\/media?parent=2786"}],"wp:term":[{"taxonomy":"category","embeddable":true,"href":"https:\/\/nordnesrepublikken.no\/index.php\/wp-json\/wp\/v2\/categories?post=2786"},{"taxonomy":"post_tag","embeddable":true,"href":"https:\/\/nordnesrepublikken.no\/index.php\/wp-json\/wp\/v2\/tags?post=2786"}],"curies":[{"name":"wp","href":"https:\/\/api.w.org\/{rel}","templated":true}]}}