{"id":2780,"date":"2025-03-06T21:51:38","date_gmt":"2025-03-06T20:51:38","guid":{"rendered":"https:\/\/nordnesrepublikken.no\/index.php\/2025\/03\/06\/hva-som-skjer-med-usas-plikter-for-canada-mexico-og-kina-effektene-pa-den-globale-okonomien\/"},"modified":"2025-03-06T21:51:39","modified_gmt":"2025-03-06T20:51:39","slug":"hva-som-skjer-med-usas-plikter-for-canada-mexico-og-kina-effektene-pa-den-globale-okonomien","status":"publish","type":"post","link":"https:\/\/nordnesrepublikken.no\/index.php\/2025\/03\/06\/hva-som-skjer-med-usas-plikter-for-canada-mexico-og-kina-effektene-pa-den-globale-okonomien\/","title":{"rendered":"Hva som skjer med USAs plikter for Canada, Mexico og Kina: Effektene p\u00e5 den globale \u00f8konomien"},"content":{"rendered":"<div>\n      <!-- CONTENT --><\/p>\n<div class=\"cp_wrapper cp_wrapper--fw mb-30 mb-20@tablet\">\n<figure class=\"mm\"><picture class=\"img\" style=\"padding-top:56.25%\"><source  media=\"(min-width: 1024px)\"><source  media=\"(min-width: 768px)\"><\/source><\/source><\/picture><\/figure>\n<\/p><\/div>\n<p>Hva avisene allerede har kalt en &laquo;har offisielt startet<strong>kommersiell krig<\/strong>&laquo;Mellom USA og tre av deres viktigste kommersielle partnere globalt, det vil si <strong>Kina<\/strong>, <strong>Canada<\/strong> Og <strong>Mexico<\/strong>. Serien med ut\u00f8vende ordrer som ble signert de siste dagene av den amerikanske presidenten ble utl\u00f8st den <strong>Donald Trump<\/strong>som p\u00e5f\u00f8rte plikter til<strong> 25%<\/strong> p\u00e5 importen av USA p\u00e5 et stort utvalg av kanadiske og meksikanske varer og <strong>20%<\/strong> p\u00e5 de kinesiske. Kunngj\u00f8ringen har allerede f\u00f8rt til et fall i b\u00e5de internasjonale og europeiske poser, og klar over \u00e5 v\u00e6re bestemt til \u00e5 bli det neste m\u00e5let for denne &laquo;kommersielle krigen&raquo;.<\/p>\n<h2>Hva pliktene er og hvordan de som er p\u00e5lagt av USAs arbeid<\/h2>\n<p>Oppsummere i noen f\u00e5 linjer, for <strong>Ansettelsesoppgaver<\/strong> Vi mener a<strong> tilleggsavgift <\/strong>at import\u00f8rene i et bestemt land m\u00e5 betale for \u00e5 f\u00e5 varene og sette den p\u00e5 markedet. Den grunnleggende ideen med denne proteksjonistiske visjonen er at \u00e5 importere et produkt blir s\u00e5 ukonviltsomt at det gj\u00f8r det billigere \u00e5 produsere det direkte i ditt land. Problemet er at forutsatt at dette skjer p\u00e5 mellomlang og lang sikt, <strong>Det er sikkert at produktene det gjelder vil koste mye mer p\u00e5 kort sikt<\/strong>gitt at de st\u00f8rre importkostnadene vil falle p\u00e5 endelige forbrukere, som m\u00e5 ta en generalisert pris\u00f8kning. \u00c5 lage et praktisk eksempel, alle selskapene som trenger st\u00e5l eller aluminium for produktene sine i USA, m\u00e5 bruke &laquo;Made in USA&raquo; i dag eller betale mye mer for \u00e5 betale for utenlandsk import. Resultatet er at til og med en boks med Coca Cola vil ende opp med \u00e5 koste mye mer for sluttforbrukere.<\/p>\n<div class=\"cp_wrapper cp_wrapper--fw mb-50\">\n<figure class=\"mm\"><picture class=\"img\" style=\"padding-top:66.666666666667%\"><source  media=\"(min-width: 1024px)\"><source  media=\"(min-width: 768px)\"><img decoding=\"async\" loading=\"lazy\" src=\"https:\/\/nordnesrepublikken.no\/wp-content\/uploads\/2025\/03\/1741294298_740_Hva-som-skjer-med-USAs-plikter-for-Canada-Mexico-og.jpg\" alt=\"Bilde\" width=\"480\" height=\"320\"><\/source><\/source><\/picture><\/figure>\n<\/p><\/div>\n<h2>Terning bruker som et politisk kommersielt gjengjeldelsesverkt\u00f8y<\/h2>\n<p>Denne alvorlige konsekvensen av forbrukerne er s\u00e5 forutsigbar og ubestridelig at Donald Trump selv innr\u00f8mmet ham i l\u00f8pet av sin <strong>F\u00f8rste tale om unionens tilstand<\/strong>som ble holdt p\u00e5 USAs kongress tirsdag 4. mars. Under talen sin rettferdiggjorde han ogs\u00e5 \u00e5rsakene til sin &laquo;kommersielle krig&raquo;, og bekreftet hensyn til mange observat\u00f8rer. Der <strong>Trussel om plikter er<\/strong> Et verkt\u00f8y som Trump bruker for \u00e5 f\u00e5 fra andre land<strong> innr\u00f8mmelser ogs\u00e5 p\u00e5 forskjellige felt <\/strong>fra den \u00f8konomiske. For eksempel, n\u00e5r det gjelder Canada og Mexico, er den offisielle unnskyldningen for tollene p\u00e5 25% p\u00e5 import (etablert 4. februar sist og &laquo;frossen&raquo; i en m\u00e5ned) ansvaret for de to landene i opioidkrisen i USA, som hvert \u00e5r for\u00e5rsaker hundre tusen d\u00f8dsfall per overdose. Spesielt if\u00f8lge Trump gj\u00f8r Ottawa og Mexico by ikke nok for \u00e5 motvirke trafikken til komponentene for \u00e5 produsere <strong>Fenanyl<\/strong>en kraftig smertestillende.<\/p>\n<h2>Reaksjonene fra Canada og Kina p\u00e5 kommersielle plikter<\/h2>\n<p>Som den kanadiske statsministeren sa<strong> Justin Trudeau<\/strong> i \u00e5 kunngj\u00f8re pliktene p\u00e5 25% p\u00e5<strong> 155 milliarder dollar<\/strong> Av amerikanske varer som starter fra midnatt 4. mars, har de amerikanske kommersielle tiltakene &laquo;ingenting \u00e5 gj\u00f8re med Fenanyl&raquo;, som bare er en <strong>Juridisk p\u00e5skudd for \u00e5 skade Canada og dens \u00f8konomi<\/strong>. Reaksjonen fra den kinesiske regjeringen er mer forsiktig, som imidlertid kunngjorde 10% plikter p\u00e5 importen av en velutvalgte serie amerikanske produkter, inkludert teknologiske komponenter og matsjangre som soya, sorghum, svinekj\u00f8tt og storfekj\u00f8tt, fiskeprodukter, frukt, gr\u00f8nnsaker og meieriprodukter. En begrenset liste, men i stand til \u00e5 treffe produsentene av Midtvesten i USA, der st\u00f8tten til det republikanske partiet og Donald Trump er veldig stor.<\/p>\n<div class=\"cp_wrapper cp_wrapper--fw mb-50\">\n<figure class=\"mm\"><picture class=\"img\" style=\"padding-top:66.625%\"><source  media=\"(min-width: 1024px)\"><source  media=\"(min-width: 768px)\"><img decoding=\"async\" loading=\"lazy\" src=\"https:\/\/nordnesrepublikken.no\/wp-content\/uploads\/2025\/03\/1741294298_727_Hva-som-skjer-med-USAs-plikter-for-Canada-Mexico-og.jpg\" alt=\"Bilde\" width=\"800\" height=\"533\" class=\"js-seedtag-img\"><\/source><\/source><\/picture><\/figure>\n<\/p><\/div>\n<h2>USAs m\u00e5l<\/h2>\n<p>Denne muskel- og &laquo;ydmykelse&raquo; -politikken til hovedpartnerne og allierte i regionen vil helt sikkert ha en veldig alvorlig innvirkning p\u00e5 \u00f8konomien i Mexico og Canada. Ogs\u00e5 fordi Trump la til at det ikke er noen innr\u00f8mmelser fra regjeringene deres om at de vil kunne trekke dem tilbake. Som han sa 4. mars, er intensjonen hans<strong> Hold dem i kraft <\/strong>Inntil den kommersielle skalaen &#8211; dvs. forholdet mellom import og eksport &#8211; vil oss med de to landene ha kommet tilbake til <strong>slips<\/strong>. Veldig usannsynlig ting b\u00e5de p\u00e5 kort og p\u00e5 mellomlang sikt, gitt at USA importerer mange flere produkter enn de som eksporterer til de to naboene.<\/p>\n<h2>Mistilliten til verdensposene og reaksjonen fra den europeiske b\u00f8rsen<\/h2>\n<p>Den kommersielle krigen som ogs\u00e5 en konservativ avis som <em>Wall Street Journal<\/em> Han definerte &laquo;en galskap&raquo; har allerede hatt <strong>alvorlige konsekvenser ogs\u00e5 p\u00e5 hovedveskerne<\/strong>. Tirsdag 4. mars, ved \u00e5pningen av de amerikanske markedene, har S&#038;P 500 -indeksen, som sporer trenden med handlingene til de 500 st\u00f8rste selskapene i USA, mistet den <strong>0,7%<\/strong>etter \u00e5 ha mistet allerede<strong>1,8%<\/strong> Mandag. Det gikk ikke bedre selv for de europeiske posene, der bevisstheten er utbredt at det neste m\u00e5let for alle mot hele Trump nettopp er EU. 4. mars, Euro Stoxx 50, som oppsummerer trenden med verdipapirer i forskjellige europeiske poser, droppet av <strong>2,5%<\/strong>.<\/p>\n<\/p><\/div>\n","protected":false},"excerpt":{"rendered":"<p>Hva avisene allerede har kalt en &laquo;har offisielt startetkommersiell krig&laquo;Mellom USA og tre av deres<\/p>\n","protected":false},"author":1,"featured_media":2781,"comment_status":"closed","ping_status":"open","sticky":false,"template":"","format":"standard","meta":{"footnotes":""},"categories":[23],"tags":[363,74,366,367,144,365,79,364,368,81,362,360,31,361],"class_list":["post-2780","post","type-post","status-publish","format-standard","has-post-thumbnail","hentry","category-politikk","tag-canada","tag-den","tag-effektene","tag-globale","tag-hva","tag-kina","tag-med","tag-mexico","tag-okonomien","tag-pa","tag-plikter","tag-skjer","tag-som","tag-usas","generate-columns","tablet-grid-50","mobile-grid-100","grid-parent","grid-33","resize-featured-image"],"yoast_head":"<!-- This site is optimized with the Yoast SEO plugin v24.4 - https:\/\/yoast.com\/wordpress\/plugins\/seo\/ -->\n<title>Hva som skjer med USAs plikter for Canada, Mexico og Kina: Effektene p\u00e5 den globale \u00f8konomien - Nordnesrepublikken<\/title>\n<meta name=\"robots\" content=\"index, follow, max-snippet:-1, max-image-preview:large, max-video-preview:-1\" \/>\n<link rel=\"canonical\" href=\"https:\/\/nordnesrepublikken.no\/index.php\/2025\/03\/06\/hva-som-skjer-med-usas-plikter-for-canada-mexico-og-kina-effektene-pa-den-globale-okonomien\/\" \/>\n<meta property=\"og:locale\" content=\"nb_NO\" \/>\n<meta property=\"og:type\" content=\"article\" \/>\n<meta property=\"og:title\" content=\"Hva som skjer med USAs plikter for Canada, Mexico og Kina: Effektene p\u00e5 den globale \u00f8konomien - Nordnesrepublikken\" \/>\n<meta property=\"og:description\" content=\"Hva avisene allerede har kalt en &laquo;har offisielt startetkommersiell krig&laquo;Mellom USA og tre av deres\" \/>\n<meta property=\"og:url\" content=\"https:\/\/nordnesrepublikken.no\/index.php\/2025\/03\/06\/hva-som-skjer-med-usas-plikter-for-canada-mexico-og-kina-effektene-pa-den-globale-okonomien\/\" \/>\n<meta property=\"og:site_name\" content=\"Nordnesrepublikken\" \/>\n<meta property=\"article:published_time\" content=\"2025-03-06T20:51:38+00:00\" \/>\n<meta property=\"article:modified_time\" content=\"2025-03-06T20:51:39+00:00\" \/>\n<meta property=\"og:image\" content=\"https:\/\/nordnesrepublikken.no\/wp-content\/uploads\/2025\/03\/1741294299_Hva-som-skjer-med-USAs-plikter-for-Canada-Mexico-og.jpg\" \/>\n\t<meta property=\"og:image:width\" content=\"900\" \/>\n\t<meta property=\"og:image:height\" content=\"506\" \/>\n\t<meta property=\"og:image:type\" content=\"image\/jpeg\" \/>\n<meta name=\"author\" content=\"Ole Andersen\" \/>\n<meta name=\"twitter:card\" content=\"summary_large_image\" \/>\n<meta name=\"twitter:label1\" content=\"Skrevet av\" \/>\n\t<meta name=\"twitter:data1\" content=\"Ole Andersen\" \/>\n\t<meta name=\"twitter:label2\" content=\"Ansl. lesetid\" \/>\n\t<meta name=\"twitter:data2\" content=\"4 minutter\" \/>\n<script type=\"application\/ld+json\" class=\"yoast-schema-graph\">{\"@context\":\"https:\/\/schema.org\",\"@graph\":[{\"@type\":\"Article\",\"@id\":\"https:\/\/nordnesrepublikken.no\/index.php\/2025\/03\/06\/hva-som-skjer-med-usas-plikter-for-canada-mexico-og-kina-effektene-pa-den-globale-okonomien\/#article\",\"isPartOf\":{\"@id\":\"https:\/\/nordnesrepublikken.no\/index.php\/2025\/03\/06\/hva-som-skjer-med-usas-plikter-for-canada-mexico-og-kina-effektene-pa-den-globale-okonomien\/\"},\"author\":{\"name\":\"Ole Andersen\",\"@id\":\"https:\/\/nordnesrepublikken.no\/#\/schema\/person\/2e7e81935bab77882fffb79296240ff1\"},\"headline\":\"Hva som skjer med USAs plikter for Canada, Mexico og Kina: Effektene p\u00e5 den globale \u00f8konomien\",\"datePublished\":\"2025-03-06T20:51:38+00:00\",\"dateModified\":\"2025-03-06T20:51:39+00:00\",\"mainEntityOfPage\":{\"@id\":\"https:\/\/nordnesrepublikken.no\/index.php\/2025\/03\/06\/hva-som-skjer-med-usas-plikter-for-canada-mexico-og-kina-effektene-pa-den-globale-okonomien\/\"},\"wordCount\":772,\"publisher\":{\"@id\":\"https:\/\/nordnesrepublikken.no\/#organization\"},\"image\":{\"@id\":\"https:\/\/nordnesrepublikken.no\/index.php\/2025\/03\/06\/hva-som-skjer-med-usas-plikter-for-canada-mexico-og-kina-effektene-pa-den-globale-okonomien\/#primaryimage\"},\"thumbnailUrl\":\"https:\/\/nordnesrepublikken.no\/wp-content\/uploads\/2025\/03\/1741294299_Hva-som-skjer-med-USAs-plikter-for-Canada-Mexico-og.jpg\",\"keywords\":[\"Canada\",\"den\",\"Effektene\",\"globale\",\"Hva\",\"Kina\",\"med\",\"Mexico\",\"\u00f8konomien\",\"p\u00e5\",\"plikter\",\"skjer\",\"som\",\"USAs\"],\"articleSection\":[\"Politikk\"],\"inLanguage\":\"nb-NO\"},{\"@type\":\"WebPage\",\"@id\":\"https:\/\/nordnesrepublikken.no\/index.php\/2025\/03\/06\/hva-som-skjer-med-usas-plikter-for-canada-mexico-og-kina-effektene-pa-den-globale-okonomien\/\",\"url\":\"https:\/\/nordnesrepublikken.no\/index.php\/2025\/03\/06\/hva-som-skjer-med-usas-plikter-for-canada-mexico-og-kina-effektene-pa-den-globale-okonomien\/\",\"name\":\"Hva som skjer med USAs plikter for Canada, Mexico og Kina: Effektene p\u00e5 den globale \u00f8konomien - Nordnesrepublikken\",\"isPartOf\":{\"@id\":\"https:\/\/nordnesrepublikken.no\/#website\"},\"primaryImageOfPage\":{\"@id\":\"https:\/\/nordnesrepublikken.no\/index.php\/2025\/03\/06\/hva-som-skjer-med-usas-plikter-for-canada-mexico-og-kina-effektene-pa-den-globale-okonomien\/#primaryimage\"},\"image\":{\"@id\":\"https:\/\/nordnesrepublikken.no\/index.php\/2025\/03\/06\/hva-som-skjer-med-usas-plikter-for-canada-mexico-og-kina-effektene-pa-den-globale-okonomien\/#primaryimage\"},\"thumbnailUrl\":\"https:\/\/nordnesrepublikken.no\/wp-content\/uploads\/2025\/03\/1741294299_Hva-som-skjer-med-USAs-plikter-for-Canada-Mexico-og.jpg\",\"datePublished\":\"2025-03-06T20:51:38+00:00\",\"dateModified\":\"2025-03-06T20:51:39+00:00\",\"breadcrumb\":{\"@id\":\"https:\/\/nordnesrepublikken.no\/index.php\/2025\/03\/06\/hva-som-skjer-med-usas-plikter-for-canada-mexico-og-kina-effektene-pa-den-globale-okonomien\/#breadcrumb\"},\"inLanguage\":\"nb-NO\",\"potentialAction\":[{\"@type\":\"ReadAction\",\"target\":[\"https:\/\/nordnesrepublikken.no\/index.php\/2025\/03\/06\/hva-som-skjer-med-usas-plikter-for-canada-mexico-og-kina-effektene-pa-den-globale-okonomien\/\"]}]},{\"@type\":\"ImageObject\",\"inLanguage\":\"nb-NO\",\"@id\":\"https:\/\/nordnesrepublikken.no\/index.php\/2025\/03\/06\/hva-som-skjer-med-usas-plikter-for-canada-mexico-og-kina-effektene-pa-den-globale-okonomien\/#primaryimage\",\"url\":\"https:\/\/nordnesrepublikken.no\/wp-content\/uploads\/2025\/03\/1741294299_Hva-som-skjer-med-USAs-plikter-for-Canada-Mexico-og.jpg\",\"contentUrl\":\"https:\/\/nordnesrepublikken.no\/wp-content\/uploads\/2025\/03\/1741294299_Hva-som-skjer-med-USAs-plikter-for-Canada-Mexico-og.jpg\",\"width\":900,\"height\":506,\"caption\":\"dazi USA guerra commerciale trump\"},{\"@type\":\"BreadcrumbList\",\"@id\":\"https:\/\/nordnesrepublikken.no\/index.php\/2025\/03\/06\/hva-som-skjer-med-usas-plikter-for-canada-mexico-og-kina-effektene-pa-den-globale-okonomien\/#breadcrumb\",\"itemListElement\":[{\"@type\":\"ListItem\",\"position\":1,\"name\":\"Home\",\"item\":\"https:\/\/nordnesrepublikken.no\/\"},{\"@type\":\"ListItem\",\"position\":2,\"name\":\"Hva som skjer med USAs plikter for Canada, Mexico og Kina: Effektene p\u00e5 den globale \u00f8konomien\"}]},{\"@type\":\"WebSite\",\"@id\":\"https:\/\/nordnesrepublikken.no\/#website\",\"url\":\"https:\/\/nordnesrepublikken.no\/\",\"name\":\"Nordnesrepublikken\",\"description\":\"Stemmer og Visjoner fra Republikkens Hjerte\",\"publisher\":{\"@id\":\"https:\/\/nordnesrepublikken.no\/#organization\"},\"potentialAction\":[{\"@type\":\"SearchAction\",\"target\":{\"@type\":\"EntryPoint\",\"urlTemplate\":\"https:\/\/nordnesrepublikken.no\/?s={search_term_string}\"},\"query-input\":{\"@type\":\"PropertyValueSpecification\",\"valueRequired\":true,\"valueName\":\"search_term_string\"}}],\"inLanguage\":\"nb-NO\"},{\"@type\":\"Organization\",\"@id\":\"https:\/\/nordnesrepublikken.no\/#organization\",\"name\":\"Nordnesrepublikken\",\"url\":\"https:\/\/nordnesrepublikken.no\/\",\"logo\":{\"@type\":\"ImageObject\",\"inLanguage\":\"nb-NO\",\"@id\":\"https:\/\/nordnesrepublikken.no\/#\/schema\/logo\/image\/\",\"url\":\"https:\/\/nordnesrepublikken.no\/wp-content\/uploads\/2025\/02\/cropped-nordnesrepublikken-2.png\",\"contentUrl\":\"https:\/\/nordnesrepublikken.no\/wp-content\/uploads\/2025\/02\/cropped-nordnesrepublikken-2.png\",\"width\":1248,\"height\":362,\"caption\":\"Nordnesrepublikken\"},\"image\":{\"@id\":\"https:\/\/nordnesrepublikken.no\/#\/schema\/logo\/image\/\"}},{\"@type\":\"Person\",\"@id\":\"https:\/\/nordnesrepublikken.no\/#\/schema\/person\/2e7e81935bab77882fffb79296240ff1\",\"name\":\"Ole Andersen\",\"image\":{\"@type\":\"ImageObject\",\"inLanguage\":\"nb-NO\",\"@id\":\"https:\/\/nordnesrepublikken.no\/#\/schema\/person\/image\/\",\"url\":\"https:\/\/nordnesrepublikken.no\/wp-content\/uploads\/2025\/02\/nordnesrepublikken-2-2-150x150.jpg\",\"contentUrl\":\"https:\/\/nordnesrepublikken.no\/wp-content\/uploads\/2025\/02\/nordnesrepublikken-2-2-150x150.jpg\",\"caption\":\"Ole Andersen\"},\"description\":\"Ettersom jeg vokste opp i Oslo, har jeg alltid v\u00e6rt fascinert av ordenes kraft og deres evne til \u00e5 skape endringer. Etter \u00e5 ha fullf\u00f8rt min utdannelse i kommunikasjon ved Universitetet i Bergen, fikk jeg muligheten til \u00e5 jobbe innen ulike medier, der jeg har s\u00f8kt \u00e5 belyse viktige samfunnssp\u00f8rsm\u00e5l. I dag, som redakt\u00f8r for Nordnesrepublikken, pr\u00f8ver jeg \u00e5 forene min kj\u00e6rlighet for journalistikk med min lidenskap for innovasjon og eventyr.\",\"sameAs\":[\"https:\/\/nordnesrepublikken.no\/\"]}]}<\/script>\n<!-- \/ Yoast SEO plugin. -->","yoast_head_json":{"title":"Hva som skjer med USAs plikter for Canada, Mexico og Kina: Effektene p\u00e5 den globale \u00f8konomien - Nordnesrepublikken","robots":{"index":"index","follow":"follow","max-snippet":"max-snippet:-1","max-image-preview":"max-image-preview:large","max-video-preview":"max-video-preview:-1"},"canonical":"https:\/\/nordnesrepublikken.no\/index.php\/2025\/03\/06\/hva-som-skjer-med-usas-plikter-for-canada-mexico-og-kina-effektene-pa-den-globale-okonomien\/","og_locale":"nb_NO","og_type":"article","og_title":"Hva som skjer med USAs plikter for Canada, Mexico og Kina: Effektene p\u00e5 den globale \u00f8konomien - Nordnesrepublikken","og_description":"Hva avisene allerede har kalt en &laquo;har offisielt startetkommersiell krig&laquo;Mellom USA og tre av deres","og_url":"https:\/\/nordnesrepublikken.no\/index.php\/2025\/03\/06\/hva-som-skjer-med-usas-plikter-for-canada-mexico-og-kina-effektene-pa-den-globale-okonomien\/","og_site_name":"Nordnesrepublikken","article_published_time":"2025-03-06T20:51:38+00:00","article_modified_time":"2025-03-06T20:51:39+00:00","og_image":[{"width":900,"height":506,"url":"https:\/\/nordnesrepublikken.no\/wp-content\/uploads\/2025\/03\/1741294299_Hva-som-skjer-med-USAs-plikter-for-Canada-Mexico-og.jpg","type":"image\/jpeg"}],"author":"Ole Andersen","twitter_card":"summary_large_image","twitter_misc":{"Skrevet av":"Ole Andersen","Ansl. lesetid":"4 minutter"},"schema":{"@context":"https:\/\/schema.org","@graph":[{"@type":"Article","@id":"https:\/\/nordnesrepublikken.no\/index.php\/2025\/03\/06\/hva-som-skjer-med-usas-plikter-for-canada-mexico-og-kina-effektene-pa-den-globale-okonomien\/#article","isPartOf":{"@id":"https:\/\/nordnesrepublikken.no\/index.php\/2025\/03\/06\/hva-som-skjer-med-usas-plikter-for-canada-mexico-og-kina-effektene-pa-den-globale-okonomien\/"},"author":{"name":"Ole Andersen","@id":"https:\/\/nordnesrepublikken.no\/#\/schema\/person\/2e7e81935bab77882fffb79296240ff1"},"headline":"Hva som skjer med USAs plikter for Canada, Mexico og Kina: Effektene p\u00e5 den globale \u00f8konomien","datePublished":"2025-03-06T20:51:38+00:00","dateModified":"2025-03-06T20:51:39+00:00","mainEntityOfPage":{"@id":"https:\/\/nordnesrepublikken.no\/index.php\/2025\/03\/06\/hva-som-skjer-med-usas-plikter-for-canada-mexico-og-kina-effektene-pa-den-globale-okonomien\/"},"wordCount":772,"publisher":{"@id":"https:\/\/nordnesrepublikken.no\/#organization"},"image":{"@id":"https:\/\/nordnesrepublikken.no\/index.php\/2025\/03\/06\/hva-som-skjer-med-usas-plikter-for-canada-mexico-og-kina-effektene-pa-den-globale-okonomien\/#primaryimage"},"thumbnailUrl":"https:\/\/nordnesrepublikken.no\/wp-content\/uploads\/2025\/03\/1741294299_Hva-som-skjer-med-USAs-plikter-for-Canada-Mexico-og.jpg","keywords":["Canada","den","Effektene","globale","Hva","Kina","med","Mexico","\u00f8konomien","p\u00e5","plikter","skjer","som","USAs"],"articleSection":["Politikk"],"inLanguage":"nb-NO"},{"@type":"WebPage","@id":"https:\/\/nordnesrepublikken.no\/index.php\/2025\/03\/06\/hva-som-skjer-med-usas-plikter-for-canada-mexico-og-kina-effektene-pa-den-globale-okonomien\/","url":"https:\/\/nordnesrepublikken.no\/index.php\/2025\/03\/06\/hva-som-skjer-med-usas-plikter-for-canada-mexico-og-kina-effektene-pa-den-globale-okonomien\/","name":"Hva som skjer med USAs plikter for Canada, Mexico og Kina: Effektene p\u00e5 den globale \u00f8konomien - Nordnesrepublikken","isPartOf":{"@id":"https:\/\/nordnesrepublikken.no\/#website"},"primaryImageOfPage":{"@id":"https:\/\/nordnesrepublikken.no\/index.php\/2025\/03\/06\/hva-som-skjer-med-usas-plikter-for-canada-mexico-og-kina-effektene-pa-den-globale-okonomien\/#primaryimage"},"image":{"@id":"https:\/\/nordnesrepublikken.no\/index.php\/2025\/03\/06\/hva-som-skjer-med-usas-plikter-for-canada-mexico-og-kina-effektene-pa-den-globale-okonomien\/#primaryimage"},"thumbnailUrl":"https:\/\/nordnesrepublikken.no\/wp-content\/uploads\/2025\/03\/1741294299_Hva-som-skjer-med-USAs-plikter-for-Canada-Mexico-og.jpg","datePublished":"2025-03-06T20:51:38+00:00","dateModified":"2025-03-06T20:51:39+00:00","breadcrumb":{"@id":"https:\/\/nordnesrepublikken.no\/index.php\/2025\/03\/06\/hva-som-skjer-med-usas-plikter-for-canada-mexico-og-kina-effektene-pa-den-globale-okonomien\/#breadcrumb"},"inLanguage":"nb-NO","potentialAction":[{"@type":"ReadAction","target":["https:\/\/nordnesrepublikken.no\/index.php\/2025\/03\/06\/hva-som-skjer-med-usas-plikter-for-canada-mexico-og-kina-effektene-pa-den-globale-okonomien\/"]}]},{"@type":"ImageObject","inLanguage":"nb-NO","@id":"https:\/\/nordnesrepublikken.no\/index.php\/2025\/03\/06\/hva-som-skjer-med-usas-plikter-for-canada-mexico-og-kina-effektene-pa-den-globale-okonomien\/#primaryimage","url":"https:\/\/nordnesrepublikken.no\/wp-content\/uploads\/2025\/03\/1741294299_Hva-som-skjer-med-USAs-plikter-for-Canada-Mexico-og.jpg","contentUrl":"https:\/\/nordnesrepublikken.no\/wp-content\/uploads\/2025\/03\/1741294299_Hva-som-skjer-med-USAs-plikter-for-Canada-Mexico-og.jpg","width":900,"height":506,"caption":"dazi USA guerra commerciale trump"},{"@type":"BreadcrumbList","@id":"https:\/\/nordnesrepublikken.no\/index.php\/2025\/03\/06\/hva-som-skjer-med-usas-plikter-for-canada-mexico-og-kina-effektene-pa-den-globale-okonomien\/#breadcrumb","itemListElement":[{"@type":"ListItem","position":1,"name":"Home","item":"https:\/\/nordnesrepublikken.no\/"},{"@type":"ListItem","position":2,"name":"Hva som skjer med USAs plikter for Canada, Mexico og Kina: Effektene p\u00e5 den globale \u00f8konomien"}]},{"@type":"WebSite","@id":"https:\/\/nordnesrepublikken.no\/#website","url":"https:\/\/nordnesrepublikken.no\/","name":"Nordnesrepublikken","description":"Stemmer og Visjoner fra Republikkens Hjerte","publisher":{"@id":"https:\/\/nordnesrepublikken.no\/#organization"},"potentialAction":[{"@type":"SearchAction","target":{"@type":"EntryPoint","urlTemplate":"https:\/\/nordnesrepublikken.no\/?s={search_term_string}"},"query-input":{"@type":"PropertyValueSpecification","valueRequired":true,"valueName":"search_term_string"}}],"inLanguage":"nb-NO"},{"@type":"Organization","@id":"https:\/\/nordnesrepublikken.no\/#organization","name":"Nordnesrepublikken","url":"https:\/\/nordnesrepublikken.no\/","logo":{"@type":"ImageObject","inLanguage":"nb-NO","@id":"https:\/\/nordnesrepublikken.no\/#\/schema\/logo\/image\/","url":"https:\/\/nordnesrepublikken.no\/wp-content\/uploads\/2025\/02\/cropped-nordnesrepublikken-2.png","contentUrl":"https:\/\/nordnesrepublikken.no\/wp-content\/uploads\/2025\/02\/cropped-nordnesrepublikken-2.png","width":1248,"height":362,"caption":"Nordnesrepublikken"},"image":{"@id":"https:\/\/nordnesrepublikken.no\/#\/schema\/logo\/image\/"}},{"@type":"Person","@id":"https:\/\/nordnesrepublikken.no\/#\/schema\/person\/2e7e81935bab77882fffb79296240ff1","name":"Ole Andersen","image":{"@type":"ImageObject","inLanguage":"nb-NO","@id":"https:\/\/nordnesrepublikken.no\/#\/schema\/person\/image\/","url":"https:\/\/nordnesrepublikken.no\/wp-content\/uploads\/2025\/02\/nordnesrepublikken-2-2-150x150.jpg","contentUrl":"https:\/\/nordnesrepublikken.no\/wp-content\/uploads\/2025\/02\/nordnesrepublikken-2-2-150x150.jpg","caption":"Ole Andersen"},"description":"Ettersom jeg vokste opp i Oslo, har jeg alltid v\u00e6rt fascinert av ordenes kraft og deres evne til \u00e5 skape endringer. Etter \u00e5 ha fullf\u00f8rt min utdannelse i kommunikasjon ved Universitetet i Bergen, fikk jeg muligheten til \u00e5 jobbe innen ulike medier, der jeg har s\u00f8kt \u00e5 belyse viktige samfunnssp\u00f8rsm\u00e5l. I dag, som redakt\u00f8r for Nordnesrepublikken, pr\u00f8ver jeg \u00e5 forene min kj\u00e6rlighet for journalistikk med min lidenskap for innovasjon og eventyr.","sameAs":["https:\/\/nordnesrepublikken.no\/"]}]}},"_links":{"self":[{"href":"https:\/\/nordnesrepublikken.no\/index.php\/wp-json\/wp\/v2\/posts\/2780","targetHints":{"allow":["GET"]}}],"collection":[{"href":"https:\/\/nordnesrepublikken.no\/index.php\/wp-json\/wp\/v2\/posts"}],"about":[{"href":"https:\/\/nordnesrepublikken.no\/index.php\/wp-json\/wp\/v2\/types\/post"}],"author":[{"embeddable":true,"href":"https:\/\/nordnesrepublikken.no\/index.php\/wp-json\/wp\/v2\/users\/1"}],"replies":[{"embeddable":true,"href":"https:\/\/nordnesrepublikken.no\/index.php\/wp-json\/wp\/v2\/comments?post=2780"}],"version-history":[{"count":1,"href":"https:\/\/nordnesrepublikken.no\/index.php\/wp-json\/wp\/v2\/posts\/2780\/revisions"}],"predecessor-version":[{"id":2782,"href":"https:\/\/nordnesrepublikken.no\/index.php\/wp-json\/wp\/v2\/posts\/2780\/revisions\/2782"}],"wp:featuredmedia":[{"embeddable":true,"href":"https:\/\/nordnesrepublikken.no\/index.php\/wp-json\/wp\/v2\/media\/2781"}],"wp:attachment":[{"href":"https:\/\/nordnesrepublikken.no\/index.php\/wp-json\/wp\/v2\/media?parent=2780"}],"wp:term":[{"taxonomy":"category","embeddable":true,"href":"https:\/\/nordnesrepublikken.no\/index.php\/wp-json\/wp\/v2\/categories?post=2780"},{"taxonomy":"post_tag","embeddable":true,"href":"https:\/\/nordnesrepublikken.no\/index.php\/wp-json\/wp\/v2\/tags?post=2780"}],"curies":[{"name":"wp","href":"https:\/\/api.w.org\/{rel}","templated":true}]}}