{"id":2774,"date":"2025-03-06T08:51:36","date_gmt":"2025-03-06T07:51:36","guid":{"rendered":"https:\/\/nordnesrepublikken.no\/index.php\/2025\/03\/06\/joint-viking-2025-natos-storste-militaere-ovelse-i-norge\/"},"modified":"2025-03-06T08:51:36","modified_gmt":"2025-03-06T07:51:36","slug":"joint-viking-2025-natos-storste-militaere-ovelse-i-norge","status":"publish","type":"post","link":"https:\/\/nordnesrepublikken.no\/index.php\/2025\/03\/06\/joint-viking-2025-natos-storste-militaere-ovelse-i-norge\/","title":{"rendered":"Joint Viking 2025: NATOs st\u00f8rste milit\u00e6re \u00f8velse i Norge"},"content":{"rendered":"<p><\/p>\n<div class=\"wordpress-content\">\n                    <!-- Article Start --><\/p>\n<p><strong>Joint Viking 2025, Norges st\u00f8rste milit\u00e6re \u00f8velse i \u00e5ret, er n\u00e5 i gang. I l\u00f8pet av 3-14 mars involverer \u00f8velsen 10.000 soldater fra ni NATO-landstrening i Nord-Norges utfordrende vinterforhold.<\/strong><\/p>\n<p>Deltakende land inkluderer Norge, Storbritannia, USA, Frankrike, Tyskland, Finland, Canada, Belgia og Nederland, som rapportert av <em>Forsvaret<\/em>.<\/p>\n<p>\u00d8velsen tar sikte p\u00e5 \u00e5 forbedre NATOs interoperabilitet, tog styrker til \u00e5 beskytte den nordlige flanken og teste Norges evne til \u00e5 motta allierte forsterkninger. Det norske felles hovedkvarteret (NJHQ) p\u00e5 Reitan leder operasjonen.<\/p>\n<div class=\"sra_unit\"><link rel=\"stylesheet\" id=\"block-sra\" href=\"https:\/\/euroweeklynews.com\/wp-content\/plugins\/snack-related-articles\/dist\/css\/snack-related.min.css?230514-44157\" type=\"text\/css\" media=\"all\">\n<\/div>\n<h2><strong>Hvorfor er felles viking 2025 viktig?<\/strong><\/h2>\n<p>Med p\u00e5g\u00e5ende geopolitiske spenninger, s\u00e6rlig ang\u00e5ende Russland og Ukraina, er milit\u00e6rt samarbeid fortsatt avgj\u00f8rende. Generalmajor Gjert Lage Dyndal, nestleder ved NJHQ, uttalte: &laquo;\u00c5 bringe v\u00e5re allierte sammen p\u00e5 arenaer som dette har blitt enda viktigere i lys av dagens usikre sikkerhetssituasjon.&raquo; Han la videre vekt p\u00e5 viktigheten av felles trening i alle domener for \u00e5 styrke NATOs nordlige forsvar, sitert av <em>High North News<\/em>.<\/p>\n<h2><strong>Storbritannias rolle i felles viking 2025<\/strong><\/h2>\n<p>Nesten 2000 Royal Marines og Commando -styrker har blitt utplassert for vintertrening. British Littoral Response Group (North) deltar i amfibiske operasjoner og milit\u00e6re \u00f8velser i Troms County (Royal Navy). I f\u00f8lge en uttalelse 31. januar fra Royal Navy: &laquo;Trening Joint Viking handler om \u00e5 forsvare den strategisk viktige regionen.&raquo;<\/p>\n<p>Et sentralt fokus i \u00e5r er det norske-finniske milit\u00e6re partnerskapet, styrket etter at Finland begynte i NATO i 2023. 6. mars vil norske og finske styrker gjennomf\u00f8re felles luftforsvars\u00f8velser under arktiske forhold og fremheve NATOs nordlige evner.<\/p>\n<p>Joint Viking 2025 demonstrerer NATOs forpliktelse til europeisk sikkerhet. Deltakelsen fra britiske, amerikanske og europeiske styrker signaliserer en sterk og samlet forsvarsstrategi.<\/p>\n<p>N\u00e5r geopolitisk usikkerhet vokser, beroliger milit\u00e6re \u00f8velser som felles viking at Europas nordlige forsvar forblir sterke.<\/p>\n<p>Se alle nyheter i Norge.<\/p>\n<p>                    <!-- Article End --><\/p><\/div>\n","protected":false},"excerpt":{"rendered":"<p>Joint Viking 2025, Norges st\u00f8rste milit\u00e6re \u00f8velse i \u00e5ret, er n\u00e5 i gang. I l\u00f8pet<\/p>\n","protected":false},"author":1,"featured_media":2775,"comment_status":"closed","ping_status":"open","sticky":false,"template":"","format":"standard","meta":{"footnotes":""},"categories":[22],"tags":[346,350,348,153,351,349,347],"class_list":["post-2774","post","type-post","status-publish","format-standard","has-post-thumbnail","hentry","category-nasjonal","tag-joint","tag-militaere","tag-natos","tag-norge","tag-ovelse","tag-storste","tag-viking","generate-columns","tablet-grid-50","mobile-grid-100","grid-parent","grid-33","resize-featured-image"],"yoast_head":"<!-- This site is optimized with the Yoast SEO plugin v24.4 - https:\/\/yoast.com\/wordpress\/plugins\/seo\/ -->\n<title>Joint Viking 2025: NATOs st\u00f8rste milit\u00e6re \u00f8velse i Norge - Nordnesrepublikken<\/title>\n<meta name=\"robots\" content=\"index, follow, max-snippet:-1, max-image-preview:large, max-video-preview:-1\" \/>\n<link rel=\"canonical\" href=\"https:\/\/nordnesrepublikken.no\/index.php\/2025\/03\/06\/joint-viking-2025-natos-storste-militaere-ovelse-i-norge\/\" \/>\n<meta property=\"og:locale\" content=\"nb_NO\" \/>\n<meta property=\"og:type\" content=\"article\" \/>\n<meta property=\"og:title\" content=\"Joint Viking 2025: NATOs st\u00f8rste milit\u00e6re \u00f8velse i Norge - Nordnesrepublikken\" \/>\n<meta property=\"og:description\" content=\"Joint Viking 2025, Norges st\u00f8rste milit\u00e6re \u00f8velse i \u00e5ret, er n\u00e5 i gang. I l\u00f8pet\" \/>\n<meta property=\"og:url\" content=\"https:\/\/nordnesrepublikken.no\/index.php\/2025\/03\/06\/joint-viking-2025-natos-storste-militaere-ovelse-i-norge\/\" \/>\n<meta property=\"og:site_name\" content=\"Nordnesrepublikken\" \/>\n<meta property=\"article:published_time\" content=\"2025-03-06T07:51:36+00:00\" \/>\n<meta property=\"og:image\" content=\"https:\/\/nordnesrepublikken.no\/wp-content\/uploads\/2025\/03\/1741247496_Joint-Viking-2025-NATOs-storste-militaere-ovelse-i-Norge.jpg\" \/>\n\t<meta property=\"og:image:width\" content=\"1200\" \/>\n\t<meta property=\"og:image:height\" content=\"800\" \/>\n\t<meta property=\"og:image:type\" content=\"image\/jpeg\" \/>\n<meta name=\"author\" content=\"Ole Andersen\" \/>\n<meta name=\"twitter:card\" content=\"summary_large_image\" \/>\n<meta name=\"twitter:label1\" content=\"Skrevet av\" \/>\n\t<meta name=\"twitter:data1\" content=\"Ole Andersen\" \/>\n\t<meta name=\"twitter:label2\" content=\"Ansl. lesetid\" \/>\n\t<meta name=\"twitter:data2\" content=\"1 minutt\" \/>\n<script type=\"application\/ld+json\" class=\"yoast-schema-graph\">{\"@context\":\"https:\/\/schema.org\",\"@graph\":[{\"@type\":\"Article\",\"@id\":\"https:\/\/nordnesrepublikken.no\/index.php\/2025\/03\/06\/joint-viking-2025-natos-storste-militaere-ovelse-i-norge\/#article\",\"isPartOf\":{\"@id\":\"https:\/\/nordnesrepublikken.no\/index.php\/2025\/03\/06\/joint-viking-2025-natos-storste-militaere-ovelse-i-norge\/\"},\"author\":{\"name\":\"Ole Andersen\",\"@id\":\"https:\/\/nordnesrepublikken.no\/#\/schema\/person\/2e7e81935bab77882fffb79296240ff1\"},\"headline\":\"Joint Viking 2025: NATOs st\u00f8rste milit\u00e6re \u00f8velse i Norge\",\"datePublished\":\"2025-03-06T07:51:36+00:00\",\"mainEntityOfPage\":{\"@id\":\"https:\/\/nordnesrepublikken.no\/index.php\/2025\/03\/06\/joint-viking-2025-natos-storste-militaere-ovelse-i-norge\/\"},\"wordCount\":297,\"publisher\":{\"@id\":\"https:\/\/nordnesrepublikken.no\/#organization\"},\"image\":{\"@id\":\"https:\/\/nordnesrepublikken.no\/index.php\/2025\/03\/06\/joint-viking-2025-natos-storste-militaere-ovelse-i-norge\/#primaryimage\"},\"thumbnailUrl\":\"https:\/\/nordnesrepublikken.no\/wp-content\/uploads\/2025\/03\/1741247496_Joint-Viking-2025-NATOs-storste-militaere-ovelse-i-Norge.jpg\",\"keywords\":[\"Joint\",\"milit\u00e6re\",\"NATOs\",\"Norge\",\"\u00f8velse\",\"st\u00f8rste\",\"Viking\"],\"articleSection\":[\"Nasjonal\"],\"inLanguage\":\"nb-NO\"},{\"@type\":\"WebPage\",\"@id\":\"https:\/\/nordnesrepublikken.no\/index.php\/2025\/03\/06\/joint-viking-2025-natos-storste-militaere-ovelse-i-norge\/\",\"url\":\"https:\/\/nordnesrepublikken.no\/index.php\/2025\/03\/06\/joint-viking-2025-natos-storste-militaere-ovelse-i-norge\/\",\"name\":\"Joint Viking 2025: NATOs st\u00f8rste milit\u00e6re \u00f8velse i Norge - Nordnesrepublikken\",\"isPartOf\":{\"@id\":\"https:\/\/nordnesrepublikken.no\/#website\"},\"primaryImageOfPage\":{\"@id\":\"https:\/\/nordnesrepublikken.no\/index.php\/2025\/03\/06\/joint-viking-2025-natos-storste-militaere-ovelse-i-norge\/#primaryimage\"},\"image\":{\"@id\":\"https:\/\/nordnesrepublikken.no\/index.php\/2025\/03\/06\/joint-viking-2025-natos-storste-militaere-ovelse-i-norge\/#primaryimage\"},\"thumbnailUrl\":\"https:\/\/nordnesrepublikken.no\/wp-content\/uploads\/2025\/03\/1741247496_Joint-Viking-2025-NATOs-storste-militaere-ovelse-i-Norge.jpg\",\"datePublished\":\"2025-03-06T07:51:36+00:00\",\"breadcrumb\":{\"@id\":\"https:\/\/nordnesrepublikken.no\/index.php\/2025\/03\/06\/joint-viking-2025-natos-storste-militaere-ovelse-i-norge\/#breadcrumb\"},\"inLanguage\":\"nb-NO\",\"potentialAction\":[{\"@type\":\"ReadAction\",\"target\":[\"https:\/\/nordnesrepublikken.no\/index.php\/2025\/03\/06\/joint-viking-2025-natos-storste-militaere-ovelse-i-norge\/\"]}]},{\"@type\":\"ImageObject\",\"inLanguage\":\"nb-NO\",\"@id\":\"https:\/\/nordnesrepublikken.no\/index.php\/2025\/03\/06\/joint-viking-2025-natos-storste-militaere-ovelse-i-norge\/#primaryimage\",\"url\":\"https:\/\/nordnesrepublikken.no\/wp-content\/uploads\/2025\/03\/1741247496_Joint-Viking-2025-NATOs-storste-militaere-ovelse-i-Norge.jpg\",\"contentUrl\":\"https:\/\/nordnesrepublikken.no\/wp-content\/uploads\/2025\/03\/1741247496_Joint-Viking-2025-NATOs-storste-militaere-ovelse-i-Norge.jpg\",\"width\":1200,\"height\":800,\"caption\":\"Joint Viking 2025: NATOs st\u00f8rste milit\u00e6re \u00f8velse i Norge\"},{\"@type\":\"BreadcrumbList\",\"@id\":\"https:\/\/nordnesrepublikken.no\/index.php\/2025\/03\/06\/joint-viking-2025-natos-storste-militaere-ovelse-i-norge\/#breadcrumb\",\"itemListElement\":[{\"@type\":\"ListItem\",\"position\":1,\"name\":\"Home\",\"item\":\"https:\/\/nordnesrepublikken.no\/\"},{\"@type\":\"ListItem\",\"position\":2,\"name\":\"Joint Viking 2025: NATOs st\u00f8rste milit\u00e6re \u00f8velse i Norge\"}]},{\"@type\":\"WebSite\",\"@id\":\"https:\/\/nordnesrepublikken.no\/#website\",\"url\":\"https:\/\/nordnesrepublikken.no\/\",\"name\":\"Nordnesrepublikken\",\"description\":\"Stemmer og Visjoner fra Republikkens Hjerte\",\"publisher\":{\"@id\":\"https:\/\/nordnesrepublikken.no\/#organization\"},\"potentialAction\":[{\"@type\":\"SearchAction\",\"target\":{\"@type\":\"EntryPoint\",\"urlTemplate\":\"https:\/\/nordnesrepublikken.no\/?s={search_term_string}\"},\"query-input\":{\"@type\":\"PropertyValueSpecification\",\"valueRequired\":true,\"valueName\":\"search_term_string\"}}],\"inLanguage\":\"nb-NO\"},{\"@type\":\"Organization\",\"@id\":\"https:\/\/nordnesrepublikken.no\/#organization\",\"name\":\"Nordnesrepublikken\",\"url\":\"https:\/\/nordnesrepublikken.no\/\",\"logo\":{\"@type\":\"ImageObject\",\"inLanguage\":\"nb-NO\",\"@id\":\"https:\/\/nordnesrepublikken.no\/#\/schema\/logo\/image\/\",\"url\":\"https:\/\/nordnesrepublikken.no\/wp-content\/uploads\/2025\/02\/cropped-nordnesrepublikken-2.png\",\"contentUrl\":\"https:\/\/nordnesrepublikken.no\/wp-content\/uploads\/2025\/02\/cropped-nordnesrepublikken-2.png\",\"width\":1248,\"height\":362,\"caption\":\"Nordnesrepublikken\"},\"image\":{\"@id\":\"https:\/\/nordnesrepublikken.no\/#\/schema\/logo\/image\/\"}},{\"@type\":\"Person\",\"@id\":\"https:\/\/nordnesrepublikken.no\/#\/schema\/person\/2e7e81935bab77882fffb79296240ff1\",\"name\":\"Ole Andersen\",\"image\":{\"@type\":\"ImageObject\",\"inLanguage\":\"nb-NO\",\"@id\":\"https:\/\/nordnesrepublikken.no\/#\/schema\/person\/image\/\",\"url\":\"https:\/\/nordnesrepublikken.no\/wp-content\/uploads\/2025\/02\/nordnesrepublikken-2-2-150x150.jpg\",\"contentUrl\":\"https:\/\/nordnesrepublikken.no\/wp-content\/uploads\/2025\/02\/nordnesrepublikken-2-2-150x150.jpg\",\"caption\":\"Ole Andersen\"},\"description\":\"Ettersom jeg vokste opp i Oslo, har jeg alltid v\u00e6rt fascinert av ordenes kraft og deres evne til \u00e5 skape endringer. Etter \u00e5 ha fullf\u00f8rt min utdannelse i kommunikasjon ved Universitetet i Bergen, fikk jeg muligheten til \u00e5 jobbe innen ulike medier, der jeg har s\u00f8kt \u00e5 belyse viktige samfunnssp\u00f8rsm\u00e5l. I dag, som redakt\u00f8r for Nordnesrepublikken, pr\u00f8ver jeg \u00e5 forene min kj\u00e6rlighet for journalistikk med min lidenskap for innovasjon og eventyr.\",\"sameAs\":[\"https:\/\/nordnesrepublikken.no\/\"]}]}<\/script>\n<!-- \/ Yoast SEO plugin. -->","yoast_head_json":{"title":"Joint Viking 2025: NATOs st\u00f8rste milit\u00e6re \u00f8velse i Norge - Nordnesrepublikken","robots":{"index":"index","follow":"follow","max-snippet":"max-snippet:-1","max-image-preview":"max-image-preview:large","max-video-preview":"max-video-preview:-1"},"canonical":"https:\/\/nordnesrepublikken.no\/index.php\/2025\/03\/06\/joint-viking-2025-natos-storste-militaere-ovelse-i-norge\/","og_locale":"nb_NO","og_type":"article","og_title":"Joint Viking 2025: NATOs st\u00f8rste milit\u00e6re \u00f8velse i Norge - Nordnesrepublikken","og_description":"Joint Viking 2025, Norges st\u00f8rste milit\u00e6re \u00f8velse i \u00e5ret, er n\u00e5 i gang. I l\u00f8pet","og_url":"https:\/\/nordnesrepublikken.no\/index.php\/2025\/03\/06\/joint-viking-2025-natos-storste-militaere-ovelse-i-norge\/","og_site_name":"Nordnesrepublikken","article_published_time":"2025-03-06T07:51:36+00:00","og_image":[{"width":1200,"height":800,"url":"https:\/\/nordnesrepublikken.no\/wp-content\/uploads\/2025\/03\/1741247496_Joint-Viking-2025-NATOs-storste-militaere-ovelse-i-Norge.jpg","type":"image\/jpeg"}],"author":"Ole Andersen","twitter_card":"summary_large_image","twitter_misc":{"Skrevet av":"Ole Andersen","Ansl. lesetid":"1 minutt"},"schema":{"@context":"https:\/\/schema.org","@graph":[{"@type":"Article","@id":"https:\/\/nordnesrepublikken.no\/index.php\/2025\/03\/06\/joint-viking-2025-natos-storste-militaere-ovelse-i-norge\/#article","isPartOf":{"@id":"https:\/\/nordnesrepublikken.no\/index.php\/2025\/03\/06\/joint-viking-2025-natos-storste-militaere-ovelse-i-norge\/"},"author":{"name":"Ole Andersen","@id":"https:\/\/nordnesrepublikken.no\/#\/schema\/person\/2e7e81935bab77882fffb79296240ff1"},"headline":"Joint Viking 2025: NATOs st\u00f8rste milit\u00e6re \u00f8velse i Norge","datePublished":"2025-03-06T07:51:36+00:00","mainEntityOfPage":{"@id":"https:\/\/nordnesrepublikken.no\/index.php\/2025\/03\/06\/joint-viking-2025-natos-storste-militaere-ovelse-i-norge\/"},"wordCount":297,"publisher":{"@id":"https:\/\/nordnesrepublikken.no\/#organization"},"image":{"@id":"https:\/\/nordnesrepublikken.no\/index.php\/2025\/03\/06\/joint-viking-2025-natos-storste-militaere-ovelse-i-norge\/#primaryimage"},"thumbnailUrl":"https:\/\/nordnesrepublikken.no\/wp-content\/uploads\/2025\/03\/1741247496_Joint-Viking-2025-NATOs-storste-militaere-ovelse-i-Norge.jpg","keywords":["Joint","milit\u00e6re","NATOs","Norge","\u00f8velse","st\u00f8rste","Viking"],"articleSection":["Nasjonal"],"inLanguage":"nb-NO"},{"@type":"WebPage","@id":"https:\/\/nordnesrepublikken.no\/index.php\/2025\/03\/06\/joint-viking-2025-natos-storste-militaere-ovelse-i-norge\/","url":"https:\/\/nordnesrepublikken.no\/index.php\/2025\/03\/06\/joint-viking-2025-natos-storste-militaere-ovelse-i-norge\/","name":"Joint Viking 2025: NATOs st\u00f8rste milit\u00e6re \u00f8velse i Norge - Nordnesrepublikken","isPartOf":{"@id":"https:\/\/nordnesrepublikken.no\/#website"},"primaryImageOfPage":{"@id":"https:\/\/nordnesrepublikken.no\/index.php\/2025\/03\/06\/joint-viking-2025-natos-storste-militaere-ovelse-i-norge\/#primaryimage"},"image":{"@id":"https:\/\/nordnesrepublikken.no\/index.php\/2025\/03\/06\/joint-viking-2025-natos-storste-militaere-ovelse-i-norge\/#primaryimage"},"thumbnailUrl":"https:\/\/nordnesrepublikken.no\/wp-content\/uploads\/2025\/03\/1741247496_Joint-Viking-2025-NATOs-storste-militaere-ovelse-i-Norge.jpg","datePublished":"2025-03-06T07:51:36+00:00","breadcrumb":{"@id":"https:\/\/nordnesrepublikken.no\/index.php\/2025\/03\/06\/joint-viking-2025-natos-storste-militaere-ovelse-i-norge\/#breadcrumb"},"inLanguage":"nb-NO","potentialAction":[{"@type":"ReadAction","target":["https:\/\/nordnesrepublikken.no\/index.php\/2025\/03\/06\/joint-viking-2025-natos-storste-militaere-ovelse-i-norge\/"]}]},{"@type":"ImageObject","inLanguage":"nb-NO","@id":"https:\/\/nordnesrepublikken.no\/index.php\/2025\/03\/06\/joint-viking-2025-natos-storste-militaere-ovelse-i-norge\/#primaryimage","url":"https:\/\/nordnesrepublikken.no\/wp-content\/uploads\/2025\/03\/1741247496_Joint-Viking-2025-NATOs-storste-militaere-ovelse-i-Norge.jpg","contentUrl":"https:\/\/nordnesrepublikken.no\/wp-content\/uploads\/2025\/03\/1741247496_Joint-Viking-2025-NATOs-storste-militaere-ovelse-i-Norge.jpg","width":1200,"height":800,"caption":"Joint Viking 2025: NATOs st\u00f8rste milit\u00e6re \u00f8velse i Norge"},{"@type":"BreadcrumbList","@id":"https:\/\/nordnesrepublikken.no\/index.php\/2025\/03\/06\/joint-viking-2025-natos-storste-militaere-ovelse-i-norge\/#breadcrumb","itemListElement":[{"@type":"ListItem","position":1,"name":"Home","item":"https:\/\/nordnesrepublikken.no\/"},{"@type":"ListItem","position":2,"name":"Joint Viking 2025: NATOs st\u00f8rste milit\u00e6re \u00f8velse i Norge"}]},{"@type":"WebSite","@id":"https:\/\/nordnesrepublikken.no\/#website","url":"https:\/\/nordnesrepublikken.no\/","name":"Nordnesrepublikken","description":"Stemmer og Visjoner fra Republikkens Hjerte","publisher":{"@id":"https:\/\/nordnesrepublikken.no\/#organization"},"potentialAction":[{"@type":"SearchAction","target":{"@type":"EntryPoint","urlTemplate":"https:\/\/nordnesrepublikken.no\/?s={search_term_string}"},"query-input":{"@type":"PropertyValueSpecification","valueRequired":true,"valueName":"search_term_string"}}],"inLanguage":"nb-NO"},{"@type":"Organization","@id":"https:\/\/nordnesrepublikken.no\/#organization","name":"Nordnesrepublikken","url":"https:\/\/nordnesrepublikken.no\/","logo":{"@type":"ImageObject","inLanguage":"nb-NO","@id":"https:\/\/nordnesrepublikken.no\/#\/schema\/logo\/image\/","url":"https:\/\/nordnesrepublikken.no\/wp-content\/uploads\/2025\/02\/cropped-nordnesrepublikken-2.png","contentUrl":"https:\/\/nordnesrepublikken.no\/wp-content\/uploads\/2025\/02\/cropped-nordnesrepublikken-2.png","width":1248,"height":362,"caption":"Nordnesrepublikken"},"image":{"@id":"https:\/\/nordnesrepublikken.no\/#\/schema\/logo\/image\/"}},{"@type":"Person","@id":"https:\/\/nordnesrepublikken.no\/#\/schema\/person\/2e7e81935bab77882fffb79296240ff1","name":"Ole Andersen","image":{"@type":"ImageObject","inLanguage":"nb-NO","@id":"https:\/\/nordnesrepublikken.no\/#\/schema\/person\/image\/","url":"https:\/\/nordnesrepublikken.no\/wp-content\/uploads\/2025\/02\/nordnesrepublikken-2-2-150x150.jpg","contentUrl":"https:\/\/nordnesrepublikken.no\/wp-content\/uploads\/2025\/02\/nordnesrepublikken-2-2-150x150.jpg","caption":"Ole Andersen"},"description":"Ettersom jeg vokste opp i Oslo, har jeg alltid v\u00e6rt fascinert av ordenes kraft og deres evne til \u00e5 skape endringer. Etter \u00e5 ha fullf\u00f8rt min utdannelse i kommunikasjon ved Universitetet i Bergen, fikk jeg muligheten til \u00e5 jobbe innen ulike medier, der jeg har s\u00f8kt \u00e5 belyse viktige samfunnssp\u00f8rsm\u00e5l. I dag, som redakt\u00f8r for Nordnesrepublikken, pr\u00f8ver jeg \u00e5 forene min kj\u00e6rlighet for journalistikk med min lidenskap for innovasjon og eventyr.","sameAs":["https:\/\/nordnesrepublikken.no\/"]}]}},"_links":{"self":[{"href":"https:\/\/nordnesrepublikken.no\/index.php\/wp-json\/wp\/v2\/posts\/2774","targetHints":{"allow":["GET"]}}],"collection":[{"href":"https:\/\/nordnesrepublikken.no\/index.php\/wp-json\/wp\/v2\/posts"}],"about":[{"href":"https:\/\/nordnesrepublikken.no\/index.php\/wp-json\/wp\/v2\/types\/post"}],"author":[{"embeddable":true,"href":"https:\/\/nordnesrepublikken.no\/index.php\/wp-json\/wp\/v2\/users\/1"}],"replies":[{"embeddable":true,"href":"https:\/\/nordnesrepublikken.no\/index.php\/wp-json\/wp\/v2\/comments?post=2774"}],"version-history":[{"count":1,"href":"https:\/\/nordnesrepublikken.no\/index.php\/wp-json\/wp\/v2\/posts\/2774\/revisions"}],"predecessor-version":[{"id":2776,"href":"https:\/\/nordnesrepublikken.no\/index.php\/wp-json\/wp\/v2\/posts\/2774\/revisions\/2776"}],"wp:featuredmedia":[{"embeddable":true,"href":"https:\/\/nordnesrepublikken.no\/index.php\/wp-json\/wp\/v2\/media\/2775"}],"wp:attachment":[{"href":"https:\/\/nordnesrepublikken.no\/index.php\/wp-json\/wp\/v2\/media?parent=2774"}],"wp:term":[{"taxonomy":"category","embeddable":true,"href":"https:\/\/nordnesrepublikken.no\/index.php\/wp-json\/wp\/v2\/categories?post=2774"},{"taxonomy":"post_tag","embeddable":true,"href":"https:\/\/nordnesrepublikken.no\/index.php\/wp-json\/wp\/v2\/tags?post=2774"}],"curies":[{"name":"wp","href":"https:\/\/api.w.org\/{rel}","templated":true}]}}