{"id":2753,"date":"2025-03-02T05:50:39","date_gmt":"2025-03-02T04:50:39","guid":{"rendered":"https:\/\/nordnesrepublikken.no\/index.php\/2025\/03\/02\/norge-oker-okonomisk-stotte-til-ukraina\/"},"modified":"2025-03-02T05:50:40","modified_gmt":"2025-03-02T04:50:40","slug":"norge-oker-okonomisk-stotte-til-ukraina","status":"publish","type":"post","link":"https:\/\/nordnesrepublikken.no\/index.php\/2025\/03\/02\/norge-oker-okonomisk-stotte-til-ukraina\/","title":{"rendered":"Norge \u00f8ker \u00f8konomisk st\u00f8tte til Ukraina"},"content":{"rendered":"<p><\/p>\n<div class=\"wordpress-content\">\n                    <!-- Article Start --><\/p>\n<p><strong>Norge g\u00e5r nok en gang opp for Ukraina. Den norske regjeringen har kunngjort planer om \u00e5 \u00f8ke sin hjelp til Ukraina, og understreket et sterkt engasjement n\u00e5r krigen kverner p\u00e5.<\/strong><\/p>\n<p>P\u00e5 tredje jubileum for Russlands fullskala invasjon erkl\u00e6rte statsminister Jonas Gahr St\u00f8rre at Norge vil gi 3,5 milliarder euro (rundt 35 milliarder kroner) til st\u00f8tte for Ukraina i 2025.<\/p>\n<p>Dette l\u00f8ftet demonstrerer Norges vilje til \u00e5 st\u00e5 ved det ukrainske folket, og St\u00f8rre la vekt p\u00e5 at Norge til og med er klar til \u00e5 \u00f8ke bistanden ytterligere om n\u00f8dvendig<\/p>\n<div class=\"sra_unit\"><link rel=\"stylesheet\" id=\"block-sra\" href=\"https:\/\/euroweeklynews.com\/wp-content\/plugins\/snack-related-articles\/dist\/css\/snack-related.min.css?230514-44157\" type=\"text\/css\" media=\"all\">\n<\/div>\n<p>Han kunngjorde denne kunngj\u00f8ringen mens han bes\u00f8kte Kyiv for \u00e5 m\u00f8te president Volodymyr Zelensky og andre europeiske ledere, og viser Norges solidaritet p\u00e5 bakken<\/p>\n<p>Det er en klar melding: Norges forpliktelse til Ukraina fortsetter ikke bare, men blir sterkere.<\/p>\n<h2>Norges forpliktelse til Ukraina vokser<\/h2>\n<p>Det nye bistandsl\u00f8ftet bygger p\u00e5 et allerede betydelig norsk st\u00f8tteprogram. Faktisk hadde Norge tidligere \u00f8remerket minst 35 milliarder kroner (omtrent 3,1 milliarder dollar) for Ukraina i 2025. Som en del av en langsiktig st\u00f8tteplan. Alle store politiske partier i Norge har st\u00f8ttet et fler\u00e5rig Nansen-st\u00f8tteprogram for Ukraina som garanterer minimum 155 milliarder kroner (ca. \u20ac 13,3 milliarder) i bistand fra 2023 til 2030<\/p>\n<p>Denne brede politiske konsensus sender et enhetlig signal om st\u00f8tte for Ukrainas kamp mot aggresjon. Statsminister St\u00f8re fremhevet at en slik enhet er avgj\u00f8rende, ettersom den demonstrerer Norges standhaftige motstand mot krigen og dens dedikasjon til \u00e5 hjelpe Ukraina \u00e5 holde ut. Med hans ord har krigen for\u00e5rsaket enorm motgang og fortsatt sivil hjelp er helt essensielt for \u00e5 hjelpe ukrainere gjennom krisen<\/p>\n<p>Norges st\u00f8tte er ikke begrenset til ett omr\u00e5de &#8211; det spenner over humanit\u00e6r hjelp, gjenoppbygging og milit\u00e6r hjelp. Av neste \u00e5rs forpliktelse er omtrent en tredjedel (12,5 milliarder dollar) dedikert til humanit\u00e6re og sivile form\u00e5l<\/p>\n<p>mens resten vil styrke Ukrainas forsvar. Ved \u00e5 hjelpe Ukrainas milit\u00e6re, har Norge som m\u00e5l \u00e5 sikre at ukrainere kan beskytte sine hjem og familier &#8211; et grunnleggende aspekt av humanit\u00e6r st\u00f8tte i en krigstid. St\u00f8r og hans regjering sier i hovedsak at Norge vil gj\u00f8re sitt ytterste for \u00e5 hjelpe Ukraina, enten det betyr \u00e5 gi kritiske forsyninger til sivile eller utstyr til Ukrainas soldater.<\/p>\n<h2>Humanit\u00e6r lettelse og ombyggingsinnsats i Ukraina<\/h2>\n<p>Et humanit\u00e6rt fokus er kjernen i Norges bistands\u00f8kning. Den norske regjeringen erkjenner at bak frontlinjene sliter millioner av ukrainere med blackouts, forskyvning og \u00f8delagt infrastruktur. St\u00f8rs plan leder betydelige midler til \u00e5 avlaste denne lidelsen. For eksempel, av 2025 -pakken, er omtrent 4,5 milliarder dollar \u00f8remerket for \u00e5 gjenopprette Ukrainas energisikkerhet.<\/p>\n<p>Dette betyr \u00e5 reparere str\u00f8mnett, gi beredskapsgeneratorer og kj\u00f8pe gass &#8211; viktige trinn for \u00e5 holde lysene p\u00e5 og varmen som kj\u00f8rer for familier gjennom brutale vinterm\u00e5nedene. En annen NOK 3 milliarder tildeles rent for humanit\u00e6r hjelp<\/p>\n<p>som vil g\u00e5 mot livreddende innsats som mathjelp, medisinsk utstyr og ly for de som er fortrengt av kampene. Slik st\u00f8tte kan utgj\u00f8re forskjellen for lokalsamfunn som pr\u00f8ver \u00e5 overleve og gjenoppbygge midt i \u00f8deleggelsen. Norways hjelp vil ogs\u00e5 bidra til \u00e5 gjenoppbygge innsatsen i krigsherjede byer og tettsteder. Midler settes til side for \u00e5 bidra til \u00e5 rekonstruere kritisk infrastruktur og hjem, og for \u00e5 st\u00f8tte den ukrainske \u00f8konomien p\u00e5 lokalt niv\u00e5. \u00c5 gjenoppbygge krigsherjede samfunn er en langsiktig utfordring, men Norge investerer i det gjennom initiativer for gjenoppbygging og til og med forretningsutvikling i Ukraina<\/p>\n<p>Denne doble vektleggingen-\u00f8yeblikkelig lettelse og langsiktig utvinning-viser at Norges tiln\u00e6rming er omfattende. Det handler ikke bare om n\u00f8dhjelp; Det handler ogs\u00e5 om \u00e5 gi ukrainere verkt\u00f8yene for \u00e5 gjenvinne fremtiden. St\u00f8r p\u00e5pekte at ukrainske sivilsamfunn og reformer av gode styringsreformer ogs\u00e5 blir st\u00f8ttet for \u00e5 sikre at bistand virkelig styrker det ukrainske folket.<\/p>\n<p>Finn flere nyheter om Norge<\/p>\n<p>                    <!-- Article End --><\/p><\/div>\n","protected":false},"excerpt":{"rendered":"<p>Norge g\u00e5r nok en gang opp for Ukraina. Den norske regjeringen har kunngjort planer om<\/p>\n","protected":false},"author":1,"featured_media":2754,"comment_status":"closed","ping_status":"open","sticky":false,"template":"","format":"standard","meta":{"footnotes":""},"categories":[22],"tags":[153,313,314,214,117,148],"class_list":["post-2753","post","type-post","status-publish","format-standard","has-post-thumbnail","hentry","category-nasjonal","tag-norge","tag-oker","tag-okonomisk","tag-stotte","tag-til","tag-ukraina","generate-columns","tablet-grid-50","mobile-grid-100","grid-parent","grid-33","resize-featured-image"],"yoast_head":"<!-- This site is optimized with the Yoast SEO plugin v24.4 - https:\/\/yoast.com\/wordpress\/plugins\/seo\/ -->\n<title>Norge \u00f8ker \u00f8konomisk st\u00f8tte til Ukraina - Nordnesrepublikken<\/title>\n<meta name=\"robots\" content=\"index, follow, max-snippet:-1, max-image-preview:large, max-video-preview:-1\" \/>\n<link rel=\"canonical\" href=\"https:\/\/nordnesrepublikken.no\/index.php\/2025\/03\/02\/norge-oker-okonomisk-stotte-til-ukraina\/\" \/>\n<meta property=\"og:locale\" content=\"nb_NO\" \/>\n<meta property=\"og:type\" content=\"article\" \/>\n<meta property=\"og:title\" content=\"Norge \u00f8ker \u00f8konomisk st\u00f8tte til Ukraina - Nordnesrepublikken\" \/>\n<meta property=\"og:description\" content=\"Norge g\u00e5r nok en gang opp for Ukraina. Den norske regjeringen har kunngjort planer om\" \/>\n<meta property=\"og:url\" content=\"https:\/\/nordnesrepublikken.no\/index.php\/2025\/03\/02\/norge-oker-okonomisk-stotte-til-ukraina\/\" \/>\n<meta property=\"og:site_name\" content=\"Nordnesrepublikken\" \/>\n<meta property=\"article:published_time\" content=\"2025-03-02T04:50:39+00:00\" \/>\n<meta property=\"article:modified_time\" content=\"2025-03-02T04:50:40+00:00\" \/>\n<meta property=\"og:image\" content=\"https:\/\/nordnesrepublikken.no\/wp-content\/uploads\/2025\/03\/1740891039_Norge-oker-okonomisk-stotte-til-Ukraina.jpg\" \/>\n\t<meta property=\"og:image:width\" content=\"1200\" \/>\n\t<meta property=\"og:image:height\" content=\"800\" \/>\n\t<meta property=\"og:image:type\" content=\"image\/jpeg\" \/>\n<meta name=\"author\" content=\"Ole Andersen\" \/>\n<meta name=\"twitter:card\" content=\"summary_large_image\" \/>\n<meta name=\"twitter:label1\" content=\"Skrevet av\" \/>\n\t<meta name=\"twitter:data1\" content=\"Ole Andersen\" \/>\n\t<meta name=\"twitter:label2\" content=\"Ansl. lesetid\" \/>\n\t<meta name=\"twitter:data2\" content=\"3 minutter\" \/>\n<script type=\"application\/ld+json\" class=\"yoast-schema-graph\">{\"@context\":\"https:\/\/schema.org\",\"@graph\":[{\"@type\":\"Article\",\"@id\":\"https:\/\/nordnesrepublikken.no\/index.php\/2025\/03\/02\/norge-oker-okonomisk-stotte-til-ukraina\/#article\",\"isPartOf\":{\"@id\":\"https:\/\/nordnesrepublikken.no\/index.php\/2025\/03\/02\/norge-oker-okonomisk-stotte-til-ukraina\/\"},\"author\":{\"name\":\"Ole Andersen\",\"@id\":\"https:\/\/nordnesrepublikken.no\/#\/schema\/person\/2e7e81935bab77882fffb79296240ff1\"},\"headline\":\"Norge \u00f8ker \u00f8konomisk st\u00f8tte til Ukraina\",\"datePublished\":\"2025-03-02T04:50:39+00:00\",\"dateModified\":\"2025-03-02T04:50:40+00:00\",\"mainEntityOfPage\":{\"@id\":\"https:\/\/nordnesrepublikken.no\/index.php\/2025\/03\/02\/norge-oker-okonomisk-stotte-til-ukraina\/\"},\"wordCount\":631,\"publisher\":{\"@id\":\"https:\/\/nordnesrepublikken.no\/#organization\"},\"image\":{\"@id\":\"https:\/\/nordnesrepublikken.no\/index.php\/2025\/03\/02\/norge-oker-okonomisk-stotte-til-ukraina\/#primaryimage\"},\"thumbnailUrl\":\"https:\/\/nordnesrepublikken.no\/wp-content\/uploads\/2025\/03\/1740891039_Norge-oker-okonomisk-stotte-til-Ukraina.jpg\",\"keywords\":[\"Norge\",\"\u00f8ker\",\"\u00f8konomisk\",\"st\u00f8tte\",\"til\",\"Ukraina\"],\"articleSection\":[\"Nasjonal\"],\"inLanguage\":\"nb-NO\"},{\"@type\":\"WebPage\",\"@id\":\"https:\/\/nordnesrepublikken.no\/index.php\/2025\/03\/02\/norge-oker-okonomisk-stotte-til-ukraina\/\",\"url\":\"https:\/\/nordnesrepublikken.no\/index.php\/2025\/03\/02\/norge-oker-okonomisk-stotte-til-ukraina\/\",\"name\":\"Norge \u00f8ker \u00f8konomisk st\u00f8tte til Ukraina - Nordnesrepublikken\",\"isPartOf\":{\"@id\":\"https:\/\/nordnesrepublikken.no\/#website\"},\"primaryImageOfPage\":{\"@id\":\"https:\/\/nordnesrepublikken.no\/index.php\/2025\/03\/02\/norge-oker-okonomisk-stotte-til-ukraina\/#primaryimage\"},\"image\":{\"@id\":\"https:\/\/nordnesrepublikken.no\/index.php\/2025\/03\/02\/norge-oker-okonomisk-stotte-til-ukraina\/#primaryimage\"},\"thumbnailUrl\":\"https:\/\/nordnesrepublikken.no\/wp-content\/uploads\/2025\/03\/1740891039_Norge-oker-okonomisk-stotte-til-Ukraina.jpg\",\"datePublished\":\"2025-03-02T04:50:39+00:00\",\"dateModified\":\"2025-03-02T04:50:40+00:00\",\"breadcrumb\":{\"@id\":\"https:\/\/nordnesrepublikken.no\/index.php\/2025\/03\/02\/norge-oker-okonomisk-stotte-til-ukraina\/#breadcrumb\"},\"inLanguage\":\"nb-NO\",\"potentialAction\":[{\"@type\":\"ReadAction\",\"target\":[\"https:\/\/nordnesrepublikken.no\/index.php\/2025\/03\/02\/norge-oker-okonomisk-stotte-til-ukraina\/\"]}]},{\"@type\":\"ImageObject\",\"inLanguage\":\"nb-NO\",\"@id\":\"https:\/\/nordnesrepublikken.no\/index.php\/2025\/03\/02\/norge-oker-okonomisk-stotte-til-ukraina\/#primaryimage\",\"url\":\"https:\/\/nordnesrepublikken.no\/wp-content\/uploads\/2025\/03\/1740891039_Norge-oker-okonomisk-stotte-til-Ukraina.jpg\",\"contentUrl\":\"https:\/\/nordnesrepublikken.no\/wp-content\/uploads\/2025\/03\/1740891039_Norge-oker-okonomisk-stotte-til-Ukraina.jpg\",\"width\":1200,\"height\":800,\"caption\":\"Norge \u00f8ker \u00f8konomisk st\u00f8tte til Ukraina\"},{\"@type\":\"BreadcrumbList\",\"@id\":\"https:\/\/nordnesrepublikken.no\/index.php\/2025\/03\/02\/norge-oker-okonomisk-stotte-til-ukraina\/#breadcrumb\",\"itemListElement\":[{\"@type\":\"ListItem\",\"position\":1,\"name\":\"Home\",\"item\":\"https:\/\/nordnesrepublikken.no\/\"},{\"@type\":\"ListItem\",\"position\":2,\"name\":\"Norge \u00f8ker \u00f8konomisk st\u00f8tte til Ukraina\"}]},{\"@type\":\"WebSite\",\"@id\":\"https:\/\/nordnesrepublikken.no\/#website\",\"url\":\"https:\/\/nordnesrepublikken.no\/\",\"name\":\"Nordnesrepublikken\",\"description\":\"Stemmer og Visjoner fra Republikkens Hjerte\",\"publisher\":{\"@id\":\"https:\/\/nordnesrepublikken.no\/#organization\"},\"potentialAction\":[{\"@type\":\"SearchAction\",\"target\":{\"@type\":\"EntryPoint\",\"urlTemplate\":\"https:\/\/nordnesrepublikken.no\/?s={search_term_string}\"},\"query-input\":{\"@type\":\"PropertyValueSpecification\",\"valueRequired\":true,\"valueName\":\"search_term_string\"}}],\"inLanguage\":\"nb-NO\"},{\"@type\":\"Organization\",\"@id\":\"https:\/\/nordnesrepublikken.no\/#organization\",\"name\":\"Nordnesrepublikken\",\"url\":\"https:\/\/nordnesrepublikken.no\/\",\"logo\":{\"@type\":\"ImageObject\",\"inLanguage\":\"nb-NO\",\"@id\":\"https:\/\/nordnesrepublikken.no\/#\/schema\/logo\/image\/\",\"url\":\"https:\/\/nordnesrepublikken.no\/wp-content\/uploads\/2025\/02\/cropped-nordnesrepublikken-2.png\",\"contentUrl\":\"https:\/\/nordnesrepublikken.no\/wp-content\/uploads\/2025\/02\/cropped-nordnesrepublikken-2.png\",\"width\":1248,\"height\":362,\"caption\":\"Nordnesrepublikken\"},\"image\":{\"@id\":\"https:\/\/nordnesrepublikken.no\/#\/schema\/logo\/image\/\"}},{\"@type\":\"Person\",\"@id\":\"https:\/\/nordnesrepublikken.no\/#\/schema\/person\/2e7e81935bab77882fffb79296240ff1\",\"name\":\"Ole Andersen\",\"image\":{\"@type\":\"ImageObject\",\"inLanguage\":\"nb-NO\",\"@id\":\"https:\/\/nordnesrepublikken.no\/#\/schema\/person\/image\/\",\"url\":\"https:\/\/nordnesrepublikken.no\/wp-content\/uploads\/2025\/02\/nordnesrepublikken-2-2-150x150.jpg\",\"contentUrl\":\"https:\/\/nordnesrepublikken.no\/wp-content\/uploads\/2025\/02\/nordnesrepublikken-2-2-150x150.jpg\",\"caption\":\"Ole Andersen\"},\"description\":\"Ettersom jeg vokste opp i Oslo, har jeg alltid v\u00e6rt fascinert av ordenes kraft og deres evne til \u00e5 skape endringer. Etter \u00e5 ha fullf\u00f8rt min utdannelse i kommunikasjon ved Universitetet i Bergen, fikk jeg muligheten til \u00e5 jobbe innen ulike medier, der jeg har s\u00f8kt \u00e5 belyse viktige samfunnssp\u00f8rsm\u00e5l. I dag, som redakt\u00f8r for Nordnesrepublikken, pr\u00f8ver jeg \u00e5 forene min kj\u00e6rlighet for journalistikk med min lidenskap for innovasjon og eventyr.\",\"sameAs\":[\"https:\/\/nordnesrepublikken.no\/\"]}]}<\/script>\n<!-- \/ Yoast SEO plugin. -->","yoast_head_json":{"title":"Norge \u00f8ker \u00f8konomisk st\u00f8tte til Ukraina - Nordnesrepublikken","robots":{"index":"index","follow":"follow","max-snippet":"max-snippet:-1","max-image-preview":"max-image-preview:large","max-video-preview":"max-video-preview:-1"},"canonical":"https:\/\/nordnesrepublikken.no\/index.php\/2025\/03\/02\/norge-oker-okonomisk-stotte-til-ukraina\/","og_locale":"nb_NO","og_type":"article","og_title":"Norge \u00f8ker \u00f8konomisk st\u00f8tte til Ukraina - Nordnesrepublikken","og_description":"Norge g\u00e5r nok en gang opp for Ukraina. Den norske regjeringen har kunngjort planer om","og_url":"https:\/\/nordnesrepublikken.no\/index.php\/2025\/03\/02\/norge-oker-okonomisk-stotte-til-ukraina\/","og_site_name":"Nordnesrepublikken","article_published_time":"2025-03-02T04:50:39+00:00","article_modified_time":"2025-03-02T04:50:40+00:00","og_image":[{"width":1200,"height":800,"url":"https:\/\/nordnesrepublikken.no\/wp-content\/uploads\/2025\/03\/1740891039_Norge-oker-okonomisk-stotte-til-Ukraina.jpg","type":"image\/jpeg"}],"author":"Ole Andersen","twitter_card":"summary_large_image","twitter_misc":{"Skrevet av":"Ole Andersen","Ansl. lesetid":"3 minutter"},"schema":{"@context":"https:\/\/schema.org","@graph":[{"@type":"Article","@id":"https:\/\/nordnesrepublikken.no\/index.php\/2025\/03\/02\/norge-oker-okonomisk-stotte-til-ukraina\/#article","isPartOf":{"@id":"https:\/\/nordnesrepublikken.no\/index.php\/2025\/03\/02\/norge-oker-okonomisk-stotte-til-ukraina\/"},"author":{"name":"Ole Andersen","@id":"https:\/\/nordnesrepublikken.no\/#\/schema\/person\/2e7e81935bab77882fffb79296240ff1"},"headline":"Norge \u00f8ker \u00f8konomisk st\u00f8tte til Ukraina","datePublished":"2025-03-02T04:50:39+00:00","dateModified":"2025-03-02T04:50:40+00:00","mainEntityOfPage":{"@id":"https:\/\/nordnesrepublikken.no\/index.php\/2025\/03\/02\/norge-oker-okonomisk-stotte-til-ukraina\/"},"wordCount":631,"publisher":{"@id":"https:\/\/nordnesrepublikken.no\/#organization"},"image":{"@id":"https:\/\/nordnesrepublikken.no\/index.php\/2025\/03\/02\/norge-oker-okonomisk-stotte-til-ukraina\/#primaryimage"},"thumbnailUrl":"https:\/\/nordnesrepublikken.no\/wp-content\/uploads\/2025\/03\/1740891039_Norge-oker-okonomisk-stotte-til-Ukraina.jpg","keywords":["Norge","\u00f8ker","\u00f8konomisk","st\u00f8tte","til","Ukraina"],"articleSection":["Nasjonal"],"inLanguage":"nb-NO"},{"@type":"WebPage","@id":"https:\/\/nordnesrepublikken.no\/index.php\/2025\/03\/02\/norge-oker-okonomisk-stotte-til-ukraina\/","url":"https:\/\/nordnesrepublikken.no\/index.php\/2025\/03\/02\/norge-oker-okonomisk-stotte-til-ukraina\/","name":"Norge \u00f8ker \u00f8konomisk st\u00f8tte til Ukraina - Nordnesrepublikken","isPartOf":{"@id":"https:\/\/nordnesrepublikken.no\/#website"},"primaryImageOfPage":{"@id":"https:\/\/nordnesrepublikken.no\/index.php\/2025\/03\/02\/norge-oker-okonomisk-stotte-til-ukraina\/#primaryimage"},"image":{"@id":"https:\/\/nordnesrepublikken.no\/index.php\/2025\/03\/02\/norge-oker-okonomisk-stotte-til-ukraina\/#primaryimage"},"thumbnailUrl":"https:\/\/nordnesrepublikken.no\/wp-content\/uploads\/2025\/03\/1740891039_Norge-oker-okonomisk-stotte-til-Ukraina.jpg","datePublished":"2025-03-02T04:50:39+00:00","dateModified":"2025-03-02T04:50:40+00:00","breadcrumb":{"@id":"https:\/\/nordnesrepublikken.no\/index.php\/2025\/03\/02\/norge-oker-okonomisk-stotte-til-ukraina\/#breadcrumb"},"inLanguage":"nb-NO","potentialAction":[{"@type":"ReadAction","target":["https:\/\/nordnesrepublikken.no\/index.php\/2025\/03\/02\/norge-oker-okonomisk-stotte-til-ukraina\/"]}]},{"@type":"ImageObject","inLanguage":"nb-NO","@id":"https:\/\/nordnesrepublikken.no\/index.php\/2025\/03\/02\/norge-oker-okonomisk-stotte-til-ukraina\/#primaryimage","url":"https:\/\/nordnesrepublikken.no\/wp-content\/uploads\/2025\/03\/1740891039_Norge-oker-okonomisk-stotte-til-Ukraina.jpg","contentUrl":"https:\/\/nordnesrepublikken.no\/wp-content\/uploads\/2025\/03\/1740891039_Norge-oker-okonomisk-stotte-til-Ukraina.jpg","width":1200,"height":800,"caption":"Norge \u00f8ker \u00f8konomisk st\u00f8tte til Ukraina"},{"@type":"BreadcrumbList","@id":"https:\/\/nordnesrepublikken.no\/index.php\/2025\/03\/02\/norge-oker-okonomisk-stotte-til-ukraina\/#breadcrumb","itemListElement":[{"@type":"ListItem","position":1,"name":"Home","item":"https:\/\/nordnesrepublikken.no\/"},{"@type":"ListItem","position":2,"name":"Norge \u00f8ker \u00f8konomisk st\u00f8tte til Ukraina"}]},{"@type":"WebSite","@id":"https:\/\/nordnesrepublikken.no\/#website","url":"https:\/\/nordnesrepublikken.no\/","name":"Nordnesrepublikken","description":"Stemmer og Visjoner fra Republikkens Hjerte","publisher":{"@id":"https:\/\/nordnesrepublikken.no\/#organization"},"potentialAction":[{"@type":"SearchAction","target":{"@type":"EntryPoint","urlTemplate":"https:\/\/nordnesrepublikken.no\/?s={search_term_string}"},"query-input":{"@type":"PropertyValueSpecification","valueRequired":true,"valueName":"search_term_string"}}],"inLanguage":"nb-NO"},{"@type":"Organization","@id":"https:\/\/nordnesrepublikken.no\/#organization","name":"Nordnesrepublikken","url":"https:\/\/nordnesrepublikken.no\/","logo":{"@type":"ImageObject","inLanguage":"nb-NO","@id":"https:\/\/nordnesrepublikken.no\/#\/schema\/logo\/image\/","url":"https:\/\/nordnesrepublikken.no\/wp-content\/uploads\/2025\/02\/cropped-nordnesrepublikken-2.png","contentUrl":"https:\/\/nordnesrepublikken.no\/wp-content\/uploads\/2025\/02\/cropped-nordnesrepublikken-2.png","width":1248,"height":362,"caption":"Nordnesrepublikken"},"image":{"@id":"https:\/\/nordnesrepublikken.no\/#\/schema\/logo\/image\/"}},{"@type":"Person","@id":"https:\/\/nordnesrepublikken.no\/#\/schema\/person\/2e7e81935bab77882fffb79296240ff1","name":"Ole Andersen","image":{"@type":"ImageObject","inLanguage":"nb-NO","@id":"https:\/\/nordnesrepublikken.no\/#\/schema\/person\/image\/","url":"https:\/\/nordnesrepublikken.no\/wp-content\/uploads\/2025\/02\/nordnesrepublikken-2-2-150x150.jpg","contentUrl":"https:\/\/nordnesrepublikken.no\/wp-content\/uploads\/2025\/02\/nordnesrepublikken-2-2-150x150.jpg","caption":"Ole Andersen"},"description":"Ettersom jeg vokste opp i Oslo, har jeg alltid v\u00e6rt fascinert av ordenes kraft og deres evne til \u00e5 skape endringer. Etter \u00e5 ha fullf\u00f8rt min utdannelse i kommunikasjon ved Universitetet i Bergen, fikk jeg muligheten til \u00e5 jobbe innen ulike medier, der jeg har s\u00f8kt \u00e5 belyse viktige samfunnssp\u00f8rsm\u00e5l. I dag, som redakt\u00f8r for Nordnesrepublikken, pr\u00f8ver jeg \u00e5 forene min kj\u00e6rlighet for journalistikk med min lidenskap for innovasjon og eventyr.","sameAs":["https:\/\/nordnesrepublikken.no\/"]}]}},"_links":{"self":[{"href":"https:\/\/nordnesrepublikken.no\/index.php\/wp-json\/wp\/v2\/posts\/2753","targetHints":{"allow":["GET"]}}],"collection":[{"href":"https:\/\/nordnesrepublikken.no\/index.php\/wp-json\/wp\/v2\/posts"}],"about":[{"href":"https:\/\/nordnesrepublikken.no\/index.php\/wp-json\/wp\/v2\/types\/post"}],"author":[{"embeddable":true,"href":"https:\/\/nordnesrepublikken.no\/index.php\/wp-json\/wp\/v2\/users\/1"}],"replies":[{"embeddable":true,"href":"https:\/\/nordnesrepublikken.no\/index.php\/wp-json\/wp\/v2\/comments?post=2753"}],"version-history":[{"count":1,"href":"https:\/\/nordnesrepublikken.no\/index.php\/wp-json\/wp\/v2\/posts\/2753\/revisions"}],"predecessor-version":[{"id":2755,"href":"https:\/\/nordnesrepublikken.no\/index.php\/wp-json\/wp\/v2\/posts\/2753\/revisions\/2755"}],"wp:featuredmedia":[{"embeddable":true,"href":"https:\/\/nordnesrepublikken.no\/index.php\/wp-json\/wp\/v2\/media\/2754"}],"wp:attachment":[{"href":"https:\/\/nordnesrepublikken.no\/index.php\/wp-json\/wp\/v2\/media?parent=2753"}],"wp:term":[{"taxonomy":"category","embeddable":true,"href":"https:\/\/nordnesrepublikken.no\/index.php\/wp-json\/wp\/v2\/categories?post=2753"},{"taxonomy":"post_tag","embeddable":true,"href":"https:\/\/nordnesrepublikken.no\/index.php\/wp-json\/wp\/v2\/tags?post=2753"}],"curies":[{"name":"wp","href":"https:\/\/api.w.org\/{rel}","templated":true}]}}