{"id":2744,"date":"2025-03-01T18:50:36","date_gmt":"2025-03-01T17:50:36","guid":{"rendered":"https:\/\/nordnesrepublikken.no\/index.php\/2025\/03\/01\/eurotunnel-og-london-st-pancras-gar-sammen-for-a-utvide\/"},"modified":"2025-03-01T18:50:37","modified_gmt":"2025-03-01T17:50:37","slug":"eurotunnel-og-london-st-pancras-gar-sammen-for-a-utvide","status":"publish","type":"post","link":"https:\/\/nordnesrepublikken.no\/index.php\/2025\/03\/01\/eurotunnel-og-london-st-pancras-gar-sammen-for-a-utvide\/","title":{"rendered":"Eurotunnel og London St. Pancras g\u00e5r sammen for \u00e5 utvide"},"content":{"rendered":"<p><\/p>\n<div class=\"wordpress-content\">\n                    <!-- Article Start --><\/p>\n<p><strong>Eurotunnel og London St. Pancras Highspeed har signert et Memorandum of Understanding (MOU), som rapportert av Getlinks offisielle pressemelding, for \u00e5 styrke den internasjonale h\u00f8yhastighets jernbanekoblingen mellom London og Europa.<\/strong><\/p>\n<p>Partnerskapet tar sikte p\u00e5 \u00e5 forbedre tjenestene, redusere reisetidene og oppmuntre til nye ruter, gj\u00f8re internasjonale togreiser mer effektive og tilgjengelige for passasjerer.<\/p>\n<h2><strong>Memorandum of Understanding (MOU) mellom Eurotunnel og London St. Pancras<\/strong><\/h2>\n<p>MOU skisserer flere initiativer designet for \u00e5 forbedre tverrkanalskinne. F\u00f8rst opp er reduserte reisetid. Det vil ogs\u00e5 v\u00e6re \u00f8kt kapasitet. Utvidelsen av togtjenester p\u00e5 St. Pancras International vil romme opptil 5000 passasjerer i timen. Flere destinasjoner vil bli lagt inn i blandingen &#8211; ruter til st\u00f8rre byer som Frankfurt og Milano.<\/p>\n<div class=\"sra_unit\"><link rel=\"stylesheet\" id=\"block-sra\" href=\"https:\/\/euroweeklynews.com\/wp-content\/plugins\/snack-related-articles\/dist\/css\/snack-related.min.css?230514-44157\" type=\"text\/css\" media=\"all\">\n<\/div>\n<p>If\u00f8lge <em>Euronews<\/em>siterer markedsunders\u00f8kelser fra Eurotunnel, er det sterk ettersp\u00f8rsel etter togruter til sveitsiske byer, s\u00e5 vel som S\u00f8r -Frankrike.<\/p>\n<p>London St. Pancras Highspeed og Eurotunnel er forpliktet til \u00e5 fremme b\u00e6rekraftig reiser med lite karbon, med jernbaneturer som hjelper til med \u00e5 oppveie utslipp som tilsvarer 60 000 kortdistansefly \u00e5rlig. Yann Leriche, administrerende direkt\u00f8r i Getlink, som eier Eurotunnel, uttalte i Getlink pressemelding: &laquo;Vi er opptatt av \u00e5 drive frem attraktive muligheter for mobilitet med lite karbon med en rekke nye destinasjoner i Tyskland, Sveits og Frankrike.&raquo;<\/p>\n<p>Mens partnerskapet legger grunnlaget for \u00e5 utvide h\u00f8yhastighetsbane, m\u00e5 infrastruktur og togoperat\u00f8rer samsvare med disse planene for \u00e5 bli virkelighet. Reiseekspert Mark Smith, grunnlegger av Train Guide <em>Mann i sete 61<\/em>sa til Euronews: &laquo;Vi m\u00e5 huske at dette ikke er planer fra en togoperat\u00f8r for \u00e5 faktisk kj\u00f8re tog. De er forslag fra infrastruktureiere om hva som trener en fremtidig uspesifisert operat\u00f8r som kanskje ikke bryr seg om \u00e5 kj\u00f8re. Det er en stor forskjell! \u201d<\/p>\n<p>Imidlertid, med \u00f8kende ettersp\u00f8rsel etter alternativer til flyging, unders\u00f8ker nye jernbanepriister som Evolyn muligheter til \u00e5 lansere tjenester mellom London og store europeiske destinasjoner innen 2030.<\/p>\n<p>For utvandrere, lokalbefolkningen og reisende i EU, kan dette partnerskapet bety raskere, rimeligere og b\u00e6rekraftige reiser mellom Storbritannia og fastlands -Europa i l\u00f8pet av en n\u00e6r fremtid.<\/p>\n<p>Se alle reisenyheter.<\/p>\n<p>                    <!-- Article End --><\/p><\/div>\n","protected":false},"excerpt":{"rendered":"<p>Eurotunnel og London St. Pancras Highspeed har signert et Memorandum of Understanding (MOU), som rapportert<\/p>\n","protected":false},"author":1,"featured_media":2745,"comment_status":"closed","ping_status":"open","sticky":false,"template":"","format":"standard","meta":{"footnotes":""},"categories":[105],"tags":[298,300,249,299,301,302],"class_list":["post-2744","post","type-post","status-publish","format-standard","has-post-thumbnail","hentry","category-livsstil","tag-eurotunnel","tag-gar","tag-london","tag-pancras","tag-sammen","tag-utvide","generate-columns","tablet-grid-50","mobile-grid-100","grid-parent","grid-33","resize-featured-image"],"yoast_head":"<!-- This site is optimized with the Yoast SEO plugin v24.4 - https:\/\/yoast.com\/wordpress\/plugins\/seo\/ -->\n<title>Eurotunnel og London St. Pancras g\u00e5r sammen for \u00e5 utvide - Nordnesrepublikken<\/title>\n<meta name=\"robots\" content=\"index, follow, max-snippet:-1, max-image-preview:large, max-video-preview:-1\" \/>\n<link rel=\"canonical\" href=\"https:\/\/nordnesrepublikken.no\/index.php\/2025\/03\/01\/eurotunnel-og-london-st-pancras-gar-sammen-for-a-utvide\/\" \/>\n<meta property=\"og:locale\" content=\"nb_NO\" \/>\n<meta property=\"og:type\" content=\"article\" \/>\n<meta property=\"og:title\" content=\"Eurotunnel og London St. Pancras g\u00e5r sammen for \u00e5 utvide - Nordnesrepublikken\" \/>\n<meta property=\"og:description\" content=\"Eurotunnel og London St. Pancras Highspeed har signert et Memorandum of Understanding (MOU), som rapportert\" \/>\n<meta property=\"og:url\" content=\"https:\/\/nordnesrepublikken.no\/index.php\/2025\/03\/01\/eurotunnel-og-london-st-pancras-gar-sammen-for-a-utvide\/\" \/>\n<meta property=\"og:site_name\" content=\"Nordnesrepublikken\" \/>\n<meta property=\"article:published_time\" content=\"2025-03-01T17:50:36+00:00\" \/>\n<meta property=\"article:modified_time\" content=\"2025-03-01T17:50:37+00:00\" \/>\n<meta property=\"og:image\" content=\"https:\/\/nordnesrepublikken.no\/wp-content\/uploads\/2025\/03\/1740851436_Eurotunnel-og-London-St-Pancras-gar-sammen-for-a-utvide.jpg\" \/>\n\t<meta property=\"og:image:width\" content=\"1199\" \/>\n\t<meta property=\"og:image:height\" content=\"560\" \/>\n\t<meta property=\"og:image:type\" content=\"image\/jpeg\" \/>\n<meta name=\"author\" content=\"Ole Andersen\" \/>\n<meta name=\"twitter:card\" content=\"summary_large_image\" \/>\n<meta name=\"twitter:label1\" content=\"Skrevet av\" \/>\n\t<meta name=\"twitter:data1\" content=\"Ole Andersen\" \/>\n\t<meta name=\"twitter:label2\" content=\"Ansl. lesetid\" \/>\n\t<meta name=\"twitter:data2\" content=\"2 minutter\" \/>\n<script type=\"application\/ld+json\" class=\"yoast-schema-graph\">{\"@context\":\"https:\/\/schema.org\",\"@graph\":[{\"@type\":\"Article\",\"@id\":\"https:\/\/nordnesrepublikken.no\/index.php\/2025\/03\/01\/eurotunnel-og-london-st-pancras-gar-sammen-for-a-utvide\/#article\",\"isPartOf\":{\"@id\":\"https:\/\/nordnesrepublikken.no\/index.php\/2025\/03\/01\/eurotunnel-og-london-st-pancras-gar-sammen-for-a-utvide\/\"},\"author\":{\"name\":\"Ole Andersen\",\"@id\":\"https:\/\/nordnesrepublikken.no\/#\/schema\/person\/2e7e81935bab77882fffb79296240ff1\"},\"headline\":\"Eurotunnel og London St. Pancras g\u00e5r sammen for \u00e5 utvide\",\"datePublished\":\"2025-03-01T17:50:36+00:00\",\"dateModified\":\"2025-03-01T17:50:37+00:00\",\"mainEntityOfPage\":{\"@id\":\"https:\/\/nordnesrepublikken.no\/index.php\/2025\/03\/01\/eurotunnel-og-london-st-pancras-gar-sammen-for-a-utvide\/\"},\"wordCount\":349,\"publisher\":{\"@id\":\"https:\/\/nordnesrepublikken.no\/#organization\"},\"image\":{\"@id\":\"https:\/\/nordnesrepublikken.no\/index.php\/2025\/03\/01\/eurotunnel-og-london-st-pancras-gar-sammen-for-a-utvide\/#primaryimage\"},\"thumbnailUrl\":\"https:\/\/nordnesrepublikken.no\/wp-content\/uploads\/2025\/03\/1740851436_Eurotunnel-og-London-St-Pancras-gar-sammen-for-a-utvide.jpg\",\"keywords\":[\"Eurotunnel\",\"g\u00e5r\",\"London\",\"Pancras\",\"sammen\",\"utvide\"],\"articleSection\":[\"Livsstil\"],\"inLanguage\":\"nb-NO\"},{\"@type\":\"WebPage\",\"@id\":\"https:\/\/nordnesrepublikken.no\/index.php\/2025\/03\/01\/eurotunnel-og-london-st-pancras-gar-sammen-for-a-utvide\/\",\"url\":\"https:\/\/nordnesrepublikken.no\/index.php\/2025\/03\/01\/eurotunnel-og-london-st-pancras-gar-sammen-for-a-utvide\/\",\"name\":\"Eurotunnel og London St. Pancras g\u00e5r sammen for \u00e5 utvide - Nordnesrepublikken\",\"isPartOf\":{\"@id\":\"https:\/\/nordnesrepublikken.no\/#website\"},\"primaryImageOfPage\":{\"@id\":\"https:\/\/nordnesrepublikken.no\/index.php\/2025\/03\/01\/eurotunnel-og-london-st-pancras-gar-sammen-for-a-utvide\/#primaryimage\"},\"image\":{\"@id\":\"https:\/\/nordnesrepublikken.no\/index.php\/2025\/03\/01\/eurotunnel-og-london-st-pancras-gar-sammen-for-a-utvide\/#primaryimage\"},\"thumbnailUrl\":\"https:\/\/nordnesrepublikken.no\/wp-content\/uploads\/2025\/03\/1740851436_Eurotunnel-og-London-St-Pancras-gar-sammen-for-a-utvide.jpg\",\"datePublished\":\"2025-03-01T17:50:36+00:00\",\"dateModified\":\"2025-03-01T17:50:37+00:00\",\"breadcrumb\":{\"@id\":\"https:\/\/nordnesrepublikken.no\/index.php\/2025\/03\/01\/eurotunnel-og-london-st-pancras-gar-sammen-for-a-utvide\/#breadcrumb\"},\"inLanguage\":\"nb-NO\",\"potentialAction\":[{\"@type\":\"ReadAction\",\"target\":[\"https:\/\/nordnesrepublikken.no\/index.php\/2025\/03\/01\/eurotunnel-og-london-st-pancras-gar-sammen-for-a-utvide\/\"]}]},{\"@type\":\"ImageObject\",\"inLanguage\":\"nb-NO\",\"@id\":\"https:\/\/nordnesrepublikken.no\/index.php\/2025\/03\/01\/eurotunnel-og-london-st-pancras-gar-sammen-for-a-utvide\/#primaryimage\",\"url\":\"https:\/\/nordnesrepublikken.no\/wp-content\/uploads\/2025\/03\/1740851436_Eurotunnel-og-London-St-Pancras-gar-sammen-for-a-utvide.jpg\",\"contentUrl\":\"https:\/\/nordnesrepublikken.no\/wp-content\/uploads\/2025\/03\/1740851436_Eurotunnel-og-London-St-Pancras-gar-sammen-for-a-utvide.jpg\",\"width\":1199,\"height\":560,\"caption\":\"Eurotunnel og London St. Pancras g\u00e5r sammen for \u00e5 utvide\"},{\"@type\":\"BreadcrumbList\",\"@id\":\"https:\/\/nordnesrepublikken.no\/index.php\/2025\/03\/01\/eurotunnel-og-london-st-pancras-gar-sammen-for-a-utvide\/#breadcrumb\",\"itemListElement\":[{\"@type\":\"ListItem\",\"position\":1,\"name\":\"Home\",\"item\":\"https:\/\/nordnesrepublikken.no\/\"},{\"@type\":\"ListItem\",\"position\":2,\"name\":\"Eurotunnel og London St. Pancras g\u00e5r sammen for \u00e5 utvide\"}]},{\"@type\":\"WebSite\",\"@id\":\"https:\/\/nordnesrepublikken.no\/#website\",\"url\":\"https:\/\/nordnesrepublikken.no\/\",\"name\":\"Nordnesrepublikken\",\"description\":\"Stemmer og Visjoner fra Republikkens Hjerte\",\"publisher\":{\"@id\":\"https:\/\/nordnesrepublikken.no\/#organization\"},\"potentialAction\":[{\"@type\":\"SearchAction\",\"target\":{\"@type\":\"EntryPoint\",\"urlTemplate\":\"https:\/\/nordnesrepublikken.no\/?s={search_term_string}\"},\"query-input\":{\"@type\":\"PropertyValueSpecification\",\"valueRequired\":true,\"valueName\":\"search_term_string\"}}],\"inLanguage\":\"nb-NO\"},{\"@type\":\"Organization\",\"@id\":\"https:\/\/nordnesrepublikken.no\/#organization\",\"name\":\"Nordnesrepublikken\",\"url\":\"https:\/\/nordnesrepublikken.no\/\",\"logo\":{\"@type\":\"ImageObject\",\"inLanguage\":\"nb-NO\",\"@id\":\"https:\/\/nordnesrepublikken.no\/#\/schema\/logo\/image\/\",\"url\":\"https:\/\/nordnesrepublikken.no\/wp-content\/uploads\/2025\/02\/cropped-nordnesrepublikken-2.png\",\"contentUrl\":\"https:\/\/nordnesrepublikken.no\/wp-content\/uploads\/2025\/02\/cropped-nordnesrepublikken-2.png\",\"width\":1248,\"height\":362,\"caption\":\"Nordnesrepublikken\"},\"image\":{\"@id\":\"https:\/\/nordnesrepublikken.no\/#\/schema\/logo\/image\/\"}},{\"@type\":\"Person\",\"@id\":\"https:\/\/nordnesrepublikken.no\/#\/schema\/person\/2e7e81935bab77882fffb79296240ff1\",\"name\":\"Ole Andersen\",\"image\":{\"@type\":\"ImageObject\",\"inLanguage\":\"nb-NO\",\"@id\":\"https:\/\/nordnesrepublikken.no\/#\/schema\/person\/image\/\",\"url\":\"https:\/\/nordnesrepublikken.no\/wp-content\/uploads\/2025\/02\/nordnesrepublikken-2-2-150x150.jpg\",\"contentUrl\":\"https:\/\/nordnesrepublikken.no\/wp-content\/uploads\/2025\/02\/nordnesrepublikken-2-2-150x150.jpg\",\"caption\":\"Ole Andersen\"},\"description\":\"Ettersom jeg vokste opp i Oslo, har jeg alltid v\u00e6rt fascinert av ordenes kraft og deres evne til \u00e5 skape endringer. Etter \u00e5 ha fullf\u00f8rt min utdannelse i kommunikasjon ved Universitetet i Bergen, fikk jeg muligheten til \u00e5 jobbe innen ulike medier, der jeg har s\u00f8kt \u00e5 belyse viktige samfunnssp\u00f8rsm\u00e5l. I dag, som redakt\u00f8r for Nordnesrepublikken, pr\u00f8ver jeg \u00e5 forene min kj\u00e6rlighet for journalistikk med min lidenskap for innovasjon og eventyr.\",\"sameAs\":[\"https:\/\/nordnesrepublikken.no\/\"]}]}<\/script>\n<!-- \/ Yoast SEO plugin. -->","yoast_head_json":{"title":"Eurotunnel og London St. Pancras g\u00e5r sammen for \u00e5 utvide - Nordnesrepublikken","robots":{"index":"index","follow":"follow","max-snippet":"max-snippet:-1","max-image-preview":"max-image-preview:large","max-video-preview":"max-video-preview:-1"},"canonical":"https:\/\/nordnesrepublikken.no\/index.php\/2025\/03\/01\/eurotunnel-og-london-st-pancras-gar-sammen-for-a-utvide\/","og_locale":"nb_NO","og_type":"article","og_title":"Eurotunnel og London St. Pancras g\u00e5r sammen for \u00e5 utvide - Nordnesrepublikken","og_description":"Eurotunnel og London St. Pancras Highspeed har signert et Memorandum of Understanding (MOU), som rapportert","og_url":"https:\/\/nordnesrepublikken.no\/index.php\/2025\/03\/01\/eurotunnel-og-london-st-pancras-gar-sammen-for-a-utvide\/","og_site_name":"Nordnesrepublikken","article_published_time":"2025-03-01T17:50:36+00:00","article_modified_time":"2025-03-01T17:50:37+00:00","og_image":[{"width":1199,"height":560,"url":"https:\/\/nordnesrepublikken.no\/wp-content\/uploads\/2025\/03\/1740851436_Eurotunnel-og-London-St-Pancras-gar-sammen-for-a-utvide.jpg","type":"image\/jpeg"}],"author":"Ole Andersen","twitter_card":"summary_large_image","twitter_misc":{"Skrevet av":"Ole Andersen","Ansl. lesetid":"2 minutter"},"schema":{"@context":"https:\/\/schema.org","@graph":[{"@type":"Article","@id":"https:\/\/nordnesrepublikken.no\/index.php\/2025\/03\/01\/eurotunnel-og-london-st-pancras-gar-sammen-for-a-utvide\/#article","isPartOf":{"@id":"https:\/\/nordnesrepublikken.no\/index.php\/2025\/03\/01\/eurotunnel-og-london-st-pancras-gar-sammen-for-a-utvide\/"},"author":{"name":"Ole Andersen","@id":"https:\/\/nordnesrepublikken.no\/#\/schema\/person\/2e7e81935bab77882fffb79296240ff1"},"headline":"Eurotunnel og London St. Pancras g\u00e5r sammen for \u00e5 utvide","datePublished":"2025-03-01T17:50:36+00:00","dateModified":"2025-03-01T17:50:37+00:00","mainEntityOfPage":{"@id":"https:\/\/nordnesrepublikken.no\/index.php\/2025\/03\/01\/eurotunnel-og-london-st-pancras-gar-sammen-for-a-utvide\/"},"wordCount":349,"publisher":{"@id":"https:\/\/nordnesrepublikken.no\/#organization"},"image":{"@id":"https:\/\/nordnesrepublikken.no\/index.php\/2025\/03\/01\/eurotunnel-og-london-st-pancras-gar-sammen-for-a-utvide\/#primaryimage"},"thumbnailUrl":"https:\/\/nordnesrepublikken.no\/wp-content\/uploads\/2025\/03\/1740851436_Eurotunnel-og-London-St-Pancras-gar-sammen-for-a-utvide.jpg","keywords":["Eurotunnel","g\u00e5r","London","Pancras","sammen","utvide"],"articleSection":["Livsstil"],"inLanguage":"nb-NO"},{"@type":"WebPage","@id":"https:\/\/nordnesrepublikken.no\/index.php\/2025\/03\/01\/eurotunnel-og-london-st-pancras-gar-sammen-for-a-utvide\/","url":"https:\/\/nordnesrepublikken.no\/index.php\/2025\/03\/01\/eurotunnel-og-london-st-pancras-gar-sammen-for-a-utvide\/","name":"Eurotunnel og London St. Pancras g\u00e5r sammen for \u00e5 utvide - Nordnesrepublikken","isPartOf":{"@id":"https:\/\/nordnesrepublikken.no\/#website"},"primaryImageOfPage":{"@id":"https:\/\/nordnesrepublikken.no\/index.php\/2025\/03\/01\/eurotunnel-og-london-st-pancras-gar-sammen-for-a-utvide\/#primaryimage"},"image":{"@id":"https:\/\/nordnesrepublikken.no\/index.php\/2025\/03\/01\/eurotunnel-og-london-st-pancras-gar-sammen-for-a-utvide\/#primaryimage"},"thumbnailUrl":"https:\/\/nordnesrepublikken.no\/wp-content\/uploads\/2025\/03\/1740851436_Eurotunnel-og-London-St-Pancras-gar-sammen-for-a-utvide.jpg","datePublished":"2025-03-01T17:50:36+00:00","dateModified":"2025-03-01T17:50:37+00:00","breadcrumb":{"@id":"https:\/\/nordnesrepublikken.no\/index.php\/2025\/03\/01\/eurotunnel-og-london-st-pancras-gar-sammen-for-a-utvide\/#breadcrumb"},"inLanguage":"nb-NO","potentialAction":[{"@type":"ReadAction","target":["https:\/\/nordnesrepublikken.no\/index.php\/2025\/03\/01\/eurotunnel-og-london-st-pancras-gar-sammen-for-a-utvide\/"]}]},{"@type":"ImageObject","inLanguage":"nb-NO","@id":"https:\/\/nordnesrepublikken.no\/index.php\/2025\/03\/01\/eurotunnel-og-london-st-pancras-gar-sammen-for-a-utvide\/#primaryimage","url":"https:\/\/nordnesrepublikken.no\/wp-content\/uploads\/2025\/03\/1740851436_Eurotunnel-og-London-St-Pancras-gar-sammen-for-a-utvide.jpg","contentUrl":"https:\/\/nordnesrepublikken.no\/wp-content\/uploads\/2025\/03\/1740851436_Eurotunnel-og-London-St-Pancras-gar-sammen-for-a-utvide.jpg","width":1199,"height":560,"caption":"Eurotunnel og London St. Pancras g\u00e5r sammen for \u00e5 utvide"},{"@type":"BreadcrumbList","@id":"https:\/\/nordnesrepublikken.no\/index.php\/2025\/03\/01\/eurotunnel-og-london-st-pancras-gar-sammen-for-a-utvide\/#breadcrumb","itemListElement":[{"@type":"ListItem","position":1,"name":"Home","item":"https:\/\/nordnesrepublikken.no\/"},{"@type":"ListItem","position":2,"name":"Eurotunnel og London St. Pancras g\u00e5r sammen for \u00e5 utvide"}]},{"@type":"WebSite","@id":"https:\/\/nordnesrepublikken.no\/#website","url":"https:\/\/nordnesrepublikken.no\/","name":"Nordnesrepublikken","description":"Stemmer og Visjoner fra Republikkens Hjerte","publisher":{"@id":"https:\/\/nordnesrepublikken.no\/#organization"},"potentialAction":[{"@type":"SearchAction","target":{"@type":"EntryPoint","urlTemplate":"https:\/\/nordnesrepublikken.no\/?s={search_term_string}"},"query-input":{"@type":"PropertyValueSpecification","valueRequired":true,"valueName":"search_term_string"}}],"inLanguage":"nb-NO"},{"@type":"Organization","@id":"https:\/\/nordnesrepublikken.no\/#organization","name":"Nordnesrepublikken","url":"https:\/\/nordnesrepublikken.no\/","logo":{"@type":"ImageObject","inLanguage":"nb-NO","@id":"https:\/\/nordnesrepublikken.no\/#\/schema\/logo\/image\/","url":"https:\/\/nordnesrepublikken.no\/wp-content\/uploads\/2025\/02\/cropped-nordnesrepublikken-2.png","contentUrl":"https:\/\/nordnesrepublikken.no\/wp-content\/uploads\/2025\/02\/cropped-nordnesrepublikken-2.png","width":1248,"height":362,"caption":"Nordnesrepublikken"},"image":{"@id":"https:\/\/nordnesrepublikken.no\/#\/schema\/logo\/image\/"}},{"@type":"Person","@id":"https:\/\/nordnesrepublikken.no\/#\/schema\/person\/2e7e81935bab77882fffb79296240ff1","name":"Ole Andersen","image":{"@type":"ImageObject","inLanguage":"nb-NO","@id":"https:\/\/nordnesrepublikken.no\/#\/schema\/person\/image\/","url":"https:\/\/nordnesrepublikken.no\/wp-content\/uploads\/2025\/02\/nordnesrepublikken-2-2-150x150.jpg","contentUrl":"https:\/\/nordnesrepublikken.no\/wp-content\/uploads\/2025\/02\/nordnesrepublikken-2-2-150x150.jpg","caption":"Ole Andersen"},"description":"Ettersom jeg vokste opp i Oslo, har jeg alltid v\u00e6rt fascinert av ordenes kraft og deres evne til \u00e5 skape endringer. Etter \u00e5 ha fullf\u00f8rt min utdannelse i kommunikasjon ved Universitetet i Bergen, fikk jeg muligheten til \u00e5 jobbe innen ulike medier, der jeg har s\u00f8kt \u00e5 belyse viktige samfunnssp\u00f8rsm\u00e5l. I dag, som redakt\u00f8r for Nordnesrepublikken, pr\u00f8ver jeg \u00e5 forene min kj\u00e6rlighet for journalistikk med min lidenskap for innovasjon og eventyr.","sameAs":["https:\/\/nordnesrepublikken.no\/"]}]}},"_links":{"self":[{"href":"https:\/\/nordnesrepublikken.no\/index.php\/wp-json\/wp\/v2\/posts\/2744","targetHints":{"allow":["GET"]}}],"collection":[{"href":"https:\/\/nordnesrepublikken.no\/index.php\/wp-json\/wp\/v2\/posts"}],"about":[{"href":"https:\/\/nordnesrepublikken.no\/index.php\/wp-json\/wp\/v2\/types\/post"}],"author":[{"embeddable":true,"href":"https:\/\/nordnesrepublikken.no\/index.php\/wp-json\/wp\/v2\/users\/1"}],"replies":[{"embeddable":true,"href":"https:\/\/nordnesrepublikken.no\/index.php\/wp-json\/wp\/v2\/comments?post=2744"}],"version-history":[{"count":1,"href":"https:\/\/nordnesrepublikken.no\/index.php\/wp-json\/wp\/v2\/posts\/2744\/revisions"}],"predecessor-version":[{"id":2746,"href":"https:\/\/nordnesrepublikken.no\/index.php\/wp-json\/wp\/v2\/posts\/2744\/revisions\/2746"}],"wp:featuredmedia":[{"embeddable":true,"href":"https:\/\/nordnesrepublikken.no\/index.php\/wp-json\/wp\/v2\/media\/2745"}],"wp:attachment":[{"href":"https:\/\/nordnesrepublikken.no\/index.php\/wp-json\/wp\/v2\/media?parent=2744"}],"wp:term":[{"taxonomy":"category","embeddable":true,"href":"https:\/\/nordnesrepublikken.no\/index.php\/wp-json\/wp\/v2\/categories?post=2744"},{"taxonomy":"post_tag","embeddable":true,"href":"https:\/\/nordnesrepublikken.no\/index.php\/wp-json\/wp\/v2\/tags?post=2744"}],"curies":[{"name":"wp","href":"https:\/\/api.w.org\/{rel}","templated":true}]}}