{"id":2738,"date":"2025-02-28T17:52:39","date_gmt":"2025-02-28T16:52:39","guid":{"rendered":"https:\/\/nordnesrepublikken.no\/index.php\/2025\/02\/28\/i-bacoli-dukket-det-opp-romerske-vegger-og-rom-i-lake-fusaro-takket-vaere-brainysism-i-fegrei-leirene-hva-de-er\/"},"modified":"2025-02-28T17:52:40","modified_gmt":"2025-02-28T16:52:40","slug":"i-bacoli-dukket-det-opp-romerske-vegger-og-rom-i-lake-fusaro-takket-vaere-brainysism-i-fegrei-leirene-hva-de-er","status":"publish","type":"post","link":"https:\/\/nordnesrepublikken.no\/index.php\/2025\/02\/28\/i-bacoli-dukket-det-opp-romerske-vegger-og-rom-i-lake-fusaro-takket-vaere-brainysism-i-fegrei-leirene-hva-de-er\/","title":{"rendered":"I Bacoli dukket det opp romerske vegger og rom i Lake Fusaro takket v\u00e6re Brainysism i FeGrei -leirene: hva de er"},"content":{"rendered":"<div>\n      <!-- CONTENT --><\/p>\n<div class=\"cp_wrapper cp_wrapper--fw mb-30 mb-20@tablet\">\n<figure class=\"mm\"><picture class=\"img\" style=\"padding-top:56.25%\"><source  media=\"(min-width: 1024px)\"><source  media=\"(min-width: 768px)\"><\/source><\/source><\/picture><\/figure>\n<\/p><\/div>\n<p>Fra havbunnen av <strong>Fusaro Lake<\/strong>i Bacoli kommune i <strong>CAMPI FREGREI<\/strong>har dukket opp igjen <strong>Murstrukturer<\/strong> av den keiserlige epoken p\u00e5 grunn av l\u00f8ftet av jorda p\u00e5 grunn av <strong>Bradyseisme<\/strong> FGREO kombinert med lave tidevannsforhold. Restene ville tilh\u00f8re en<strong>Ancient Villa<\/strong> <strong>eller avhengighet<\/strong> Roman: P\u00e5 det tidspunktet omr\u00e5det med Lake Fusaro var faktisk en bolig og produktiv kontekst, preget av tilstedev\u00e6relsen av mange aristokratiske villaer som ble bes\u00f8kt av det h\u00f8ye romerske samfunnet. Mer detaljert er strukturene som er funnet innebygd <strong><em>opus reticulatum <\/em><\/strong><em>&#8211;<\/em> En bygningsteknikk som inneb\u00e6rer bruk av 45 \u00b0 skr\u00e5steiner &#8211; som kunne ha tilh\u00f8rt <strong>termiske strukturer<\/strong> av en rik villa av kysten.<\/p>\n<p>Bradisisme har gjengitt p\u00e5 strukturene som allerede er kjent for arkeologiske i den n\u00e6rliggende kommunen i <strong>Pozzuoli<\/strong>det viktigste urbane sentrum av Fugrei Campi i sentrum av den vulkanske kalderaen. De som p\u00e5 bildet nedenfor virker enkle steiner som de er stasjonert, er faktisk rester av <strong>Antikke lager <\/strong>Og <strong>Religi\u00f8se bygninger<\/strong>.<\/p>\n<div class=\"cp_wrapper cp_wrapper--fw mb-50\">\n<figure class=\"mm\"><picture class=\"img\" style=\"padding-top:46.203703703704%\"><source  media=\"(min-width: 1024px)\"><source  media=\"(min-width: 768px)\"><img decoding=\"async\" loading=\"lazy\" src=\"https:\/\/nordnesrepublikken.no\/wp-content\/uploads\/2025\/02\/1740761559_602_I-Bacoli-dukket-det-opp-romerske-vegger-og-rom-i.jpg\" alt=\"Arkeologiske finner Pozzuoli Campi flegrei\" width=\"1080\" height=\"499\"><\/source><\/source><\/picture><\/figure>\n<\/p><\/div>\n<p>De nylige funnene og omdrevet i Campi Fogrei vitner om hvor mye dette omr\u00e5det var <strong>aktiv<\/strong> I den keiserlige tiden av det gamle Roma: Det var faktisk et av de viktigste maritime utvekslingssentrene i Middelhavsbassenget.<\/p>\n<p>Det vulkanske fenomenet bradisisme for\u00e5rsaker fra <strong>2005<\/strong> en l\u00f8fting av jorda i flegrei -feltene: <strong>Rione Terra<\/strong> av Pozzuoli er poenget med maksimal l\u00f8ft, med <strong>121 centimeter<\/strong> de siste 20 \u00e5rene. Dette fenomenet akselererer gjenforeningen av arkeologiske rester, men p\u00e5 den annen side plasserer det utfordringer relatert til deres dokumentasjon, beskyttelse og bevaring. Der <strong>Arkeologiske superintendens av hovedstadsomr\u00e5det Napoli<\/strong> Det er stadig forpliktet til \u00e5 bevare og beskytte disse funnene som hjelper oss med \u00e5 forst\u00e5 livet i det phlegean -omr\u00e5det i romertiden.<\/p>\n<\/p><\/div>\n","protected":false},"excerpt":{"rendered":"<p>Fra havbunnen av Fusaro Lakei Bacoli kommune i CAMPI FREGREIhar dukket opp igjen Murstrukturer av<\/p>\n","protected":false},"author":1,"featured_media":2739,"comment_status":"closed","ping_status":"open","sticky":false,"template":"","format":"standard","meta":{"footnotes":""},"categories":[104],"tags":[281,291,66,282,257,288,144,287,292,283,286,284,289,290,285],"class_list":["post-2738","post","type-post","status-publish","format-standard","has-post-thumbnail","hentry","category-samfunn","tag-bacoli","tag-brainysism","tag-det","tag-dukket","tag-fegrei","tag-fusaro","tag-hva","tag-lake","tag-leirene","tag-opp","tag-rom","tag-romerske","tag-takket","tag-vaere","tag-vegger","generate-columns","tablet-grid-50","mobile-grid-100","grid-parent","grid-33","resize-featured-image"],"yoast_head":"<!-- This site is optimized with the Yoast SEO plugin v24.4 - https:\/\/yoast.com\/wordpress\/plugins\/seo\/ -->\n<title>I Bacoli dukket det opp romerske vegger og rom i Lake Fusaro takket v\u00e6re Brainysism i FeGrei -leirene: hva de er - Nordnesrepublikken<\/title>\n<meta name=\"robots\" content=\"index, follow, max-snippet:-1, max-image-preview:large, max-video-preview:-1\" \/>\n<link rel=\"canonical\" href=\"https:\/\/nordnesrepublikken.no\/index.php\/2025\/02\/28\/i-bacoli-dukket-det-opp-romerske-vegger-og-rom-i-lake-fusaro-takket-vaere-brainysism-i-fegrei-leirene-hva-de-er\/\" \/>\n<meta property=\"og:locale\" content=\"nb_NO\" \/>\n<meta property=\"og:type\" content=\"article\" \/>\n<meta property=\"og:title\" content=\"I Bacoli dukket det opp romerske vegger og rom i Lake Fusaro takket v\u00e6re Brainysism i FeGrei -leirene: hva de er - Nordnesrepublikken\" \/>\n<meta property=\"og:description\" content=\"Fra havbunnen av Fusaro Lakei Bacoli kommune i CAMPI FREGREIhar dukket opp igjen Murstrukturer av\" \/>\n<meta property=\"og:url\" content=\"https:\/\/nordnesrepublikken.no\/index.php\/2025\/02\/28\/i-bacoli-dukket-det-opp-romerske-vegger-og-rom-i-lake-fusaro-takket-vaere-brainysism-i-fegrei-leirene-hva-de-er\/\" \/>\n<meta property=\"og:site_name\" content=\"Nordnesrepublikken\" \/>\n<meta property=\"article:published_time\" content=\"2025-02-28T16:52:39+00:00\" \/>\n<meta property=\"article:modified_time\" content=\"2025-02-28T16:52:40+00:00\" \/>\n<meta property=\"og:image\" content=\"https:\/\/nordnesrepublikken.no\/wp-content\/uploads\/2025\/02\/1740761560_I-Bacoli-dukket-det-opp-romerske-vegger-og-rom-i.jpg\" \/>\n\t<meta property=\"og:image:width\" content=\"828\" \/>\n\t<meta property=\"og:image:height\" content=\"480\" \/>\n\t<meta property=\"og:image:type\" content=\"image\/jpeg\" \/>\n<meta name=\"author\" content=\"Ole Andersen\" \/>\n<meta name=\"twitter:card\" content=\"summary_large_image\" \/>\n<meta name=\"twitter:label1\" content=\"Skrevet av\" \/>\n\t<meta name=\"twitter:data1\" content=\"Ole Andersen\" \/>\n\t<meta name=\"twitter:label2\" content=\"Ansl. lesetid\" \/>\n\t<meta name=\"twitter:data2\" content=\"1 minutt\" \/>\n<script type=\"application\/ld+json\" class=\"yoast-schema-graph\">{\"@context\":\"https:\/\/schema.org\",\"@graph\":[{\"@type\":\"Article\",\"@id\":\"https:\/\/nordnesrepublikken.no\/index.php\/2025\/02\/28\/i-bacoli-dukket-det-opp-romerske-vegger-og-rom-i-lake-fusaro-takket-vaere-brainysism-i-fegrei-leirene-hva-de-er\/#article\",\"isPartOf\":{\"@id\":\"https:\/\/nordnesrepublikken.no\/index.php\/2025\/02\/28\/i-bacoli-dukket-det-opp-romerske-vegger-og-rom-i-lake-fusaro-takket-vaere-brainysism-i-fegrei-leirene-hva-de-er\/\"},\"author\":{\"name\":\"Ole Andersen\",\"@id\":\"https:\/\/nordnesrepublikken.no\/#\/schema\/person\/2e7e81935bab77882fffb79296240ff1\"},\"headline\":\"I Bacoli dukket det opp romerske vegger og rom i Lake Fusaro takket v\u00e6re Brainysism i FeGrei -leirene: hva de er\",\"datePublished\":\"2025-02-28T16:52:39+00:00\",\"dateModified\":\"2025-02-28T16:52:40+00:00\",\"mainEntityOfPage\":{\"@id\":\"https:\/\/nordnesrepublikken.no\/index.php\/2025\/02\/28\/i-bacoli-dukket-det-opp-romerske-vegger-og-rom-i-lake-fusaro-takket-vaere-brainysism-i-fegrei-leirene-hva-de-er\/\"},\"wordCount\":302,\"publisher\":{\"@id\":\"https:\/\/nordnesrepublikken.no\/#organization\"},\"image\":{\"@id\":\"https:\/\/nordnesrepublikken.no\/index.php\/2025\/02\/28\/i-bacoli-dukket-det-opp-romerske-vegger-og-rom-i-lake-fusaro-takket-vaere-brainysism-i-fegrei-leirene-hva-de-er\/#primaryimage\"},\"thumbnailUrl\":\"https:\/\/nordnesrepublikken.no\/wp-content\/uploads\/2025\/02\/1740761560_I-Bacoli-dukket-det-opp-romerske-vegger-og-rom-i.jpg\",\"keywords\":[\"Bacoli\",\"Brainysism\",\"Det\",\"dukket\",\"Fegrei\",\"Fusaro\",\"Hva\",\"Lake\",\"leirene\",\"opp\",\"rom\",\"romerske\",\"takket\",\"v\u00e6re\",\"vegger\"],\"articleSection\":[\"Samfunn\"],\"inLanguage\":\"nb-NO\"},{\"@type\":\"WebPage\",\"@id\":\"https:\/\/nordnesrepublikken.no\/index.php\/2025\/02\/28\/i-bacoli-dukket-det-opp-romerske-vegger-og-rom-i-lake-fusaro-takket-vaere-brainysism-i-fegrei-leirene-hva-de-er\/\",\"url\":\"https:\/\/nordnesrepublikken.no\/index.php\/2025\/02\/28\/i-bacoli-dukket-det-opp-romerske-vegger-og-rom-i-lake-fusaro-takket-vaere-brainysism-i-fegrei-leirene-hva-de-er\/\",\"name\":\"I Bacoli dukket det opp romerske vegger og rom i Lake Fusaro takket v\u00e6re Brainysism i FeGrei -leirene: hva de er - Nordnesrepublikken\",\"isPartOf\":{\"@id\":\"https:\/\/nordnesrepublikken.no\/#website\"},\"primaryImageOfPage\":{\"@id\":\"https:\/\/nordnesrepublikken.no\/index.php\/2025\/02\/28\/i-bacoli-dukket-det-opp-romerske-vegger-og-rom-i-lake-fusaro-takket-vaere-brainysism-i-fegrei-leirene-hva-de-er\/#primaryimage\"},\"image\":{\"@id\":\"https:\/\/nordnesrepublikken.no\/index.php\/2025\/02\/28\/i-bacoli-dukket-det-opp-romerske-vegger-og-rom-i-lake-fusaro-takket-vaere-brainysism-i-fegrei-leirene-hva-de-er\/#primaryimage\"},\"thumbnailUrl\":\"https:\/\/nordnesrepublikken.no\/wp-content\/uploads\/2025\/02\/1740761560_I-Bacoli-dukket-det-opp-romerske-vegger-og-rom-i.jpg\",\"datePublished\":\"2025-02-28T16:52:39+00:00\",\"dateModified\":\"2025-02-28T16:52:40+00:00\",\"breadcrumb\":{\"@id\":\"https:\/\/nordnesrepublikken.no\/index.php\/2025\/02\/28\/i-bacoli-dukket-det-opp-romerske-vegger-og-rom-i-lake-fusaro-takket-vaere-brainysism-i-fegrei-leirene-hva-de-er\/#breadcrumb\"},\"inLanguage\":\"nb-NO\",\"potentialAction\":[{\"@type\":\"ReadAction\",\"target\":[\"https:\/\/nordnesrepublikken.no\/index.php\/2025\/02\/28\/i-bacoli-dukket-det-opp-romerske-vegger-og-rom-i-lake-fusaro-takket-vaere-brainysism-i-fegrei-leirene-hva-de-er\/\"]}]},{\"@type\":\"ImageObject\",\"inLanguage\":\"nb-NO\",\"@id\":\"https:\/\/nordnesrepublikken.no\/index.php\/2025\/02\/28\/i-bacoli-dukket-det-opp-romerske-vegger-og-rom-i-lake-fusaro-takket-vaere-brainysism-i-fegrei-leirene-hva-de-er\/#primaryimage\",\"url\":\"https:\/\/nordnesrepublikken.no\/wp-content\/uploads\/2025\/02\/1740761560_I-Bacoli-dukket-det-opp-romerske-vegger-og-rom-i.jpg\",\"contentUrl\":\"https:\/\/nordnesrepublikken.no\/wp-content\/uploads\/2025\/02\/1740761560_I-Bacoli-dukket-det-opp-romerske-vegger-og-rom-i.jpg\",\"width\":828,\"height\":480,\"caption\":\"ritrovamenti archeologici lago fusaro campi flegrei bradisismo\"},{\"@type\":\"BreadcrumbList\",\"@id\":\"https:\/\/nordnesrepublikken.no\/index.php\/2025\/02\/28\/i-bacoli-dukket-det-opp-romerske-vegger-og-rom-i-lake-fusaro-takket-vaere-brainysism-i-fegrei-leirene-hva-de-er\/#breadcrumb\",\"itemListElement\":[{\"@type\":\"ListItem\",\"position\":1,\"name\":\"Home\",\"item\":\"https:\/\/nordnesrepublikken.no\/\"},{\"@type\":\"ListItem\",\"position\":2,\"name\":\"I Bacoli dukket det opp romerske vegger og rom i Lake Fusaro takket v\u00e6re Brainysism i FeGrei -leirene: hva de er\"}]},{\"@type\":\"WebSite\",\"@id\":\"https:\/\/nordnesrepublikken.no\/#website\",\"url\":\"https:\/\/nordnesrepublikken.no\/\",\"name\":\"Nordnesrepublikken\",\"description\":\"Stemmer og Visjoner fra Republikkens Hjerte\",\"publisher\":{\"@id\":\"https:\/\/nordnesrepublikken.no\/#organization\"},\"potentialAction\":[{\"@type\":\"SearchAction\",\"target\":{\"@type\":\"EntryPoint\",\"urlTemplate\":\"https:\/\/nordnesrepublikken.no\/?s={search_term_string}\"},\"query-input\":{\"@type\":\"PropertyValueSpecification\",\"valueRequired\":true,\"valueName\":\"search_term_string\"}}],\"inLanguage\":\"nb-NO\"},{\"@type\":\"Organization\",\"@id\":\"https:\/\/nordnesrepublikken.no\/#organization\",\"name\":\"Nordnesrepublikken\",\"url\":\"https:\/\/nordnesrepublikken.no\/\",\"logo\":{\"@type\":\"ImageObject\",\"inLanguage\":\"nb-NO\",\"@id\":\"https:\/\/nordnesrepublikken.no\/#\/schema\/logo\/image\/\",\"url\":\"https:\/\/nordnesrepublikken.no\/wp-content\/uploads\/2025\/02\/cropped-nordnesrepublikken-2.png\",\"contentUrl\":\"https:\/\/nordnesrepublikken.no\/wp-content\/uploads\/2025\/02\/cropped-nordnesrepublikken-2.png\",\"width\":1248,\"height\":362,\"caption\":\"Nordnesrepublikken\"},\"image\":{\"@id\":\"https:\/\/nordnesrepublikken.no\/#\/schema\/logo\/image\/\"}},{\"@type\":\"Person\",\"@id\":\"https:\/\/nordnesrepublikken.no\/#\/schema\/person\/2e7e81935bab77882fffb79296240ff1\",\"name\":\"Ole Andersen\",\"image\":{\"@type\":\"ImageObject\",\"inLanguage\":\"nb-NO\",\"@id\":\"https:\/\/nordnesrepublikken.no\/#\/schema\/person\/image\/\",\"url\":\"https:\/\/nordnesrepublikken.no\/wp-content\/uploads\/2025\/02\/nordnesrepublikken-2-2-150x150.jpg\",\"contentUrl\":\"https:\/\/nordnesrepublikken.no\/wp-content\/uploads\/2025\/02\/nordnesrepublikken-2-2-150x150.jpg\",\"caption\":\"Ole Andersen\"},\"description\":\"Ettersom jeg vokste opp i Oslo, har jeg alltid v\u00e6rt fascinert av ordenes kraft og deres evne til \u00e5 skape endringer. Etter \u00e5 ha fullf\u00f8rt min utdannelse i kommunikasjon ved Universitetet i Bergen, fikk jeg muligheten til \u00e5 jobbe innen ulike medier, der jeg har s\u00f8kt \u00e5 belyse viktige samfunnssp\u00f8rsm\u00e5l. I dag, som redakt\u00f8r for Nordnesrepublikken, pr\u00f8ver jeg \u00e5 forene min kj\u00e6rlighet for journalistikk med min lidenskap for innovasjon og eventyr.\",\"sameAs\":[\"https:\/\/nordnesrepublikken.no\/\"]}]}<\/script>\n<!-- \/ Yoast SEO plugin. -->","yoast_head_json":{"title":"I Bacoli dukket det opp romerske vegger og rom i Lake Fusaro takket v\u00e6re Brainysism i FeGrei -leirene: hva de er - Nordnesrepublikken","robots":{"index":"index","follow":"follow","max-snippet":"max-snippet:-1","max-image-preview":"max-image-preview:large","max-video-preview":"max-video-preview:-1"},"canonical":"https:\/\/nordnesrepublikken.no\/index.php\/2025\/02\/28\/i-bacoli-dukket-det-opp-romerske-vegger-og-rom-i-lake-fusaro-takket-vaere-brainysism-i-fegrei-leirene-hva-de-er\/","og_locale":"nb_NO","og_type":"article","og_title":"I Bacoli dukket det opp romerske vegger og rom i Lake Fusaro takket v\u00e6re Brainysism i FeGrei -leirene: hva de er - Nordnesrepublikken","og_description":"Fra havbunnen av Fusaro Lakei Bacoli kommune i CAMPI FREGREIhar dukket opp igjen Murstrukturer av","og_url":"https:\/\/nordnesrepublikken.no\/index.php\/2025\/02\/28\/i-bacoli-dukket-det-opp-romerske-vegger-og-rom-i-lake-fusaro-takket-vaere-brainysism-i-fegrei-leirene-hva-de-er\/","og_site_name":"Nordnesrepublikken","article_published_time":"2025-02-28T16:52:39+00:00","article_modified_time":"2025-02-28T16:52:40+00:00","og_image":[{"width":828,"height":480,"url":"https:\/\/nordnesrepublikken.no\/wp-content\/uploads\/2025\/02\/1740761560_I-Bacoli-dukket-det-opp-romerske-vegger-og-rom-i.jpg","type":"image\/jpeg"}],"author":"Ole Andersen","twitter_card":"summary_large_image","twitter_misc":{"Skrevet av":"Ole Andersen","Ansl. lesetid":"1 minutt"},"schema":{"@context":"https:\/\/schema.org","@graph":[{"@type":"Article","@id":"https:\/\/nordnesrepublikken.no\/index.php\/2025\/02\/28\/i-bacoli-dukket-det-opp-romerske-vegger-og-rom-i-lake-fusaro-takket-vaere-brainysism-i-fegrei-leirene-hva-de-er\/#article","isPartOf":{"@id":"https:\/\/nordnesrepublikken.no\/index.php\/2025\/02\/28\/i-bacoli-dukket-det-opp-romerske-vegger-og-rom-i-lake-fusaro-takket-vaere-brainysism-i-fegrei-leirene-hva-de-er\/"},"author":{"name":"Ole Andersen","@id":"https:\/\/nordnesrepublikken.no\/#\/schema\/person\/2e7e81935bab77882fffb79296240ff1"},"headline":"I Bacoli dukket det opp romerske vegger og rom i Lake Fusaro takket v\u00e6re Brainysism i FeGrei -leirene: hva de er","datePublished":"2025-02-28T16:52:39+00:00","dateModified":"2025-02-28T16:52:40+00:00","mainEntityOfPage":{"@id":"https:\/\/nordnesrepublikken.no\/index.php\/2025\/02\/28\/i-bacoli-dukket-det-opp-romerske-vegger-og-rom-i-lake-fusaro-takket-vaere-brainysism-i-fegrei-leirene-hva-de-er\/"},"wordCount":302,"publisher":{"@id":"https:\/\/nordnesrepublikken.no\/#organization"},"image":{"@id":"https:\/\/nordnesrepublikken.no\/index.php\/2025\/02\/28\/i-bacoli-dukket-det-opp-romerske-vegger-og-rom-i-lake-fusaro-takket-vaere-brainysism-i-fegrei-leirene-hva-de-er\/#primaryimage"},"thumbnailUrl":"https:\/\/nordnesrepublikken.no\/wp-content\/uploads\/2025\/02\/1740761560_I-Bacoli-dukket-det-opp-romerske-vegger-og-rom-i.jpg","keywords":["Bacoli","Brainysism","Det","dukket","Fegrei","Fusaro","Hva","Lake","leirene","opp","rom","romerske","takket","v\u00e6re","vegger"],"articleSection":["Samfunn"],"inLanguage":"nb-NO"},{"@type":"WebPage","@id":"https:\/\/nordnesrepublikken.no\/index.php\/2025\/02\/28\/i-bacoli-dukket-det-opp-romerske-vegger-og-rom-i-lake-fusaro-takket-vaere-brainysism-i-fegrei-leirene-hva-de-er\/","url":"https:\/\/nordnesrepublikken.no\/index.php\/2025\/02\/28\/i-bacoli-dukket-det-opp-romerske-vegger-og-rom-i-lake-fusaro-takket-vaere-brainysism-i-fegrei-leirene-hva-de-er\/","name":"I Bacoli dukket det opp romerske vegger og rom i Lake Fusaro takket v\u00e6re Brainysism i FeGrei -leirene: hva de er - Nordnesrepublikken","isPartOf":{"@id":"https:\/\/nordnesrepublikken.no\/#website"},"primaryImageOfPage":{"@id":"https:\/\/nordnesrepublikken.no\/index.php\/2025\/02\/28\/i-bacoli-dukket-det-opp-romerske-vegger-og-rom-i-lake-fusaro-takket-vaere-brainysism-i-fegrei-leirene-hva-de-er\/#primaryimage"},"image":{"@id":"https:\/\/nordnesrepublikken.no\/index.php\/2025\/02\/28\/i-bacoli-dukket-det-opp-romerske-vegger-og-rom-i-lake-fusaro-takket-vaere-brainysism-i-fegrei-leirene-hva-de-er\/#primaryimage"},"thumbnailUrl":"https:\/\/nordnesrepublikken.no\/wp-content\/uploads\/2025\/02\/1740761560_I-Bacoli-dukket-det-opp-romerske-vegger-og-rom-i.jpg","datePublished":"2025-02-28T16:52:39+00:00","dateModified":"2025-02-28T16:52:40+00:00","breadcrumb":{"@id":"https:\/\/nordnesrepublikken.no\/index.php\/2025\/02\/28\/i-bacoli-dukket-det-opp-romerske-vegger-og-rom-i-lake-fusaro-takket-vaere-brainysism-i-fegrei-leirene-hva-de-er\/#breadcrumb"},"inLanguage":"nb-NO","potentialAction":[{"@type":"ReadAction","target":["https:\/\/nordnesrepublikken.no\/index.php\/2025\/02\/28\/i-bacoli-dukket-det-opp-romerske-vegger-og-rom-i-lake-fusaro-takket-vaere-brainysism-i-fegrei-leirene-hva-de-er\/"]}]},{"@type":"ImageObject","inLanguage":"nb-NO","@id":"https:\/\/nordnesrepublikken.no\/index.php\/2025\/02\/28\/i-bacoli-dukket-det-opp-romerske-vegger-og-rom-i-lake-fusaro-takket-vaere-brainysism-i-fegrei-leirene-hva-de-er\/#primaryimage","url":"https:\/\/nordnesrepublikken.no\/wp-content\/uploads\/2025\/02\/1740761560_I-Bacoli-dukket-det-opp-romerske-vegger-og-rom-i.jpg","contentUrl":"https:\/\/nordnesrepublikken.no\/wp-content\/uploads\/2025\/02\/1740761560_I-Bacoli-dukket-det-opp-romerske-vegger-og-rom-i.jpg","width":828,"height":480,"caption":"ritrovamenti archeologici lago fusaro campi flegrei bradisismo"},{"@type":"BreadcrumbList","@id":"https:\/\/nordnesrepublikken.no\/index.php\/2025\/02\/28\/i-bacoli-dukket-det-opp-romerske-vegger-og-rom-i-lake-fusaro-takket-vaere-brainysism-i-fegrei-leirene-hva-de-er\/#breadcrumb","itemListElement":[{"@type":"ListItem","position":1,"name":"Home","item":"https:\/\/nordnesrepublikken.no\/"},{"@type":"ListItem","position":2,"name":"I Bacoli dukket det opp romerske vegger og rom i Lake Fusaro takket v\u00e6re Brainysism i FeGrei -leirene: hva de er"}]},{"@type":"WebSite","@id":"https:\/\/nordnesrepublikken.no\/#website","url":"https:\/\/nordnesrepublikken.no\/","name":"Nordnesrepublikken","description":"Stemmer og Visjoner fra Republikkens Hjerte","publisher":{"@id":"https:\/\/nordnesrepublikken.no\/#organization"},"potentialAction":[{"@type":"SearchAction","target":{"@type":"EntryPoint","urlTemplate":"https:\/\/nordnesrepublikken.no\/?s={search_term_string}"},"query-input":{"@type":"PropertyValueSpecification","valueRequired":true,"valueName":"search_term_string"}}],"inLanguage":"nb-NO"},{"@type":"Organization","@id":"https:\/\/nordnesrepublikken.no\/#organization","name":"Nordnesrepublikken","url":"https:\/\/nordnesrepublikken.no\/","logo":{"@type":"ImageObject","inLanguage":"nb-NO","@id":"https:\/\/nordnesrepublikken.no\/#\/schema\/logo\/image\/","url":"https:\/\/nordnesrepublikken.no\/wp-content\/uploads\/2025\/02\/cropped-nordnesrepublikken-2.png","contentUrl":"https:\/\/nordnesrepublikken.no\/wp-content\/uploads\/2025\/02\/cropped-nordnesrepublikken-2.png","width":1248,"height":362,"caption":"Nordnesrepublikken"},"image":{"@id":"https:\/\/nordnesrepublikken.no\/#\/schema\/logo\/image\/"}},{"@type":"Person","@id":"https:\/\/nordnesrepublikken.no\/#\/schema\/person\/2e7e81935bab77882fffb79296240ff1","name":"Ole Andersen","image":{"@type":"ImageObject","inLanguage":"nb-NO","@id":"https:\/\/nordnesrepublikken.no\/#\/schema\/person\/image\/","url":"https:\/\/nordnesrepublikken.no\/wp-content\/uploads\/2025\/02\/nordnesrepublikken-2-2-150x150.jpg","contentUrl":"https:\/\/nordnesrepublikken.no\/wp-content\/uploads\/2025\/02\/nordnesrepublikken-2-2-150x150.jpg","caption":"Ole Andersen"},"description":"Ettersom jeg vokste opp i Oslo, har jeg alltid v\u00e6rt fascinert av ordenes kraft og deres evne til \u00e5 skape endringer. Etter \u00e5 ha fullf\u00f8rt min utdannelse i kommunikasjon ved Universitetet i Bergen, fikk jeg muligheten til \u00e5 jobbe innen ulike medier, der jeg har s\u00f8kt \u00e5 belyse viktige samfunnssp\u00f8rsm\u00e5l. I dag, som redakt\u00f8r for Nordnesrepublikken, pr\u00f8ver jeg \u00e5 forene min kj\u00e6rlighet for journalistikk med min lidenskap for innovasjon og eventyr.","sameAs":["https:\/\/nordnesrepublikken.no\/"]}]}},"_links":{"self":[{"href":"https:\/\/nordnesrepublikken.no\/index.php\/wp-json\/wp\/v2\/posts\/2738","targetHints":{"allow":["GET"]}}],"collection":[{"href":"https:\/\/nordnesrepublikken.no\/index.php\/wp-json\/wp\/v2\/posts"}],"about":[{"href":"https:\/\/nordnesrepublikken.no\/index.php\/wp-json\/wp\/v2\/types\/post"}],"author":[{"embeddable":true,"href":"https:\/\/nordnesrepublikken.no\/index.php\/wp-json\/wp\/v2\/users\/1"}],"replies":[{"embeddable":true,"href":"https:\/\/nordnesrepublikken.no\/index.php\/wp-json\/wp\/v2\/comments?post=2738"}],"version-history":[{"count":1,"href":"https:\/\/nordnesrepublikken.no\/index.php\/wp-json\/wp\/v2\/posts\/2738\/revisions"}],"predecessor-version":[{"id":2740,"href":"https:\/\/nordnesrepublikken.no\/index.php\/wp-json\/wp\/v2\/posts\/2738\/revisions\/2740"}],"wp:featuredmedia":[{"embeddable":true,"href":"https:\/\/nordnesrepublikken.no\/index.php\/wp-json\/wp\/v2\/media\/2739"}],"wp:attachment":[{"href":"https:\/\/nordnesrepublikken.no\/index.php\/wp-json\/wp\/v2\/media?parent=2738"}],"wp:term":[{"taxonomy":"category","embeddable":true,"href":"https:\/\/nordnesrepublikken.no\/index.php\/wp-json\/wp\/v2\/categories?post=2738"},{"taxonomy":"post_tag","embeddable":true,"href":"https:\/\/nordnesrepublikken.no\/index.php\/wp-json\/wp\/v2\/tags?post=2738"}],"curies":[{"name":"wp","href":"https:\/\/api.w.org\/{rel}","templated":true}]}}