{"id":2729,"date":"2025-02-26T21:50:45","date_gmt":"2025-02-26T20:50:45","guid":{"rendered":"https:\/\/nordnesrepublikken.no\/index.php\/2025\/02\/26\/torino-thyssenkrupp-ulykken-og-de-lange-juridiske-kampene\/"},"modified":"2025-02-26T21:50:56","modified_gmt":"2025-02-26T20:50:56","slug":"torino-thyssenkrupp-ulykken-og-de-lange-juridiske-kampene","status":"publish","type":"post","link":"https:\/\/nordnesrepublikken.no\/index.php\/2025\/02\/26\/torino-thyssenkrupp-ulykken-og-de-lange-juridiske-kampene\/","title":{"rendered":"Torino Thyssenkrupp -ulykken og de lange juridiske kampene"},"content":{"rendered":"<div>\n      <!-- CONTENT --><\/p>\n<div class=\"cp_wrapper cp_wrapper--fw mb-30 mb-20@tablet\">\n<figure class=\"mm\"><picture class=\"img\" style=\"padding-top:56.25%\"><source  media=\"(min-width: 1024px)\"><source  media=\"(min-width: 768px)\"><\/source><\/source><\/picture><\/figure>\n<\/p><\/div>\n<p>Brannen til<strong>Thyssenkrupp Steelworks of Torino<\/strong>som fant sted om natten mellom <strong>5 <\/strong>Og<strong> 6. desember 2007<\/strong>var en alvorlig katastrofe p\u00e5 jobben som for\u00e5rsaket 7 arbeidernes d\u00f8d. Den lange prosessuelle prosessen har identifisert ulykken.<strong>snu<\/strong> Og det <strong>D\u00e5rlig investering i sikkerhet<\/strong>p\u00e5 grunn av det progressive <strong>Demontering av produksjonsstedet<\/strong> beregnet p\u00e5 stenging, men som i det \u00f8yeblikket fremdeles var i full virksomhet. Den forferdelige ilden <strong>Det kostet livet til 7 av de 8 arbeiderne<\/strong> til stede i omr\u00e5det den kvelden. Hvis fakta raskt ble konstatert av myndighetene, kan ikke det samme sies<strong> ansvar i selskapet<\/strong>. Bare ni \u00e5r senere, med en <strong>Kassasjonssetning<\/strong>The <strong>F\u00f8rste arrestasjoner<\/strong> for de tiltalte som er bosatt i Italia, og bare i <strong>2023<\/strong> ogs\u00e5 administrerende direkt\u00f8r<strong> Harald Espenhahn<\/strong>Tysk statsborger, begynte han \u00e5 sone sin dom i semifreedom.<\/p>\n<p>Det tidligere Thyssenkrupp -anlegget i Torino eies n\u00e5 av Arvedi ast, som har startet en <strong>gjenvinningsprosjekt<\/strong>. Til tross for inngrep for \u00e5 forbedre sikkerheten og redusere forurensningen, er omr\u00e5det fortsatt forurenset, spesielt fra <strong>Hexavalent krom<\/strong>et kreftfremkallende stoff. For \u00e5 forbedre situasjonen godkjente byr\u00e5det et prosjekt for \u00e5 forvandle omr\u00e5det til et <strong>Public Park<\/strong>sikter mot ombygging av omr\u00e5det og forbedring av milj\u00f8et rundt.<\/p>\n<h2>Staten Thyssenkrupp Steelworks of Torino i 2007<\/h2>\n<p>Tyssenkrupp -fabrikken til Torino, A <strong>Industrielt kompleks<\/strong> i utkanten av byen og i n\u00e6rheten av det store<strong> Pellerina Park<\/strong>P\u00e5 2000 -tallet krysset han en krise p\u00e5 grunn av selskapets vilje til gradvis \u00e5 disponere produksjonen av st\u00e5llaminater.<\/p>\n<div class=\"cp_wrapper cp_wrapper--fw mb-50\">\n<figure class=\"mm\"><picture class=\"img\" style=\"padding-top:66.575342465753%\"><source  media=\"(min-width: 1024px)\"><source  media=\"(min-width: 768px)\"><img decoding=\"async\" loading=\"lazy\" src=\"https:\/\/nordnesrepublikken.no\/wp-content\/uploads\/2025\/02\/1740603042_949_Torino-Thyssenkrupp-ulykken-og-de-lange-juridiske-kampene.jpg\" alt=\"Bilde\" width=\"730\" height=\"486\"><\/source><\/source><\/picture><\/figure>\n<\/p><\/div>\n<p>Intensjonen til<strong> Lukk systemet <\/strong>og overf\u00f8r andre steder maskineriet brakte selskapet til<strong> Reduser investeringene<\/strong> p\u00e5 Torino -nettstedet, inkludert de for<strong>Installasjon av sikkerhetssystemer<\/strong> Som tilstedev\u00e6relsen av automatiske brannslukningsapparater gjennom produksjonslinjen. Fortsatt hadde denne intervensjonen ogs\u00e5 blitt anbefalt av forsikringsselskapskonsulentene, etter mindre episoder som fant sted i andre virksomheter av den tyske multinasjonale, men r\u00e5det forble uh\u00f8rt.<\/p>\n<p>Ogs\u00e5 <strong>Vedlikehold av plantene<\/strong> Eksisterende, som fremhevet av p\u00e5f\u00f8lgende unders\u00f8kelser, var prek\u00e6r: den <strong>oljer\u00f8r <\/strong>under press<strong>,<\/strong> n\u00f8dvendig for drift av maskineriet, <strong>De ble ikke utsatt for regelmessig inspeksjon.<\/strong> P\u00e5 ulykkestidspunktet fungerte ikke indikatorene for riktig plassering av st\u00e5lb\u00e5ndene langs linjen, og dannelsen av operat\u00f8rene var knapp sammenlignet med risikoen for prosessene.<\/p>\n<h2>Hva som skjedde p\u00e5 Turikrupp i Torino og \u00e5rsakene til ulykken<\/h2>\n<p>Om natten mellom 5 og 6. desember 2007 traff en forferdelig brann Turin -fabrikken til st\u00e5let Thirtykrupp, noe som for\u00e5rsaket syv arbeidernes d\u00f8d. Det er en av de mest alvorlige katastrofene p\u00e5 arbeidsplassen for nyere historie. Omr\u00e5dene der ulykken skjedde var lettelsesomr\u00e5det E <strong>rense<\/strong> (dvs. rengj\u00f8ring) av st\u00e5lb\u00e5ndene: plassert p\u00e5 3 meter h\u00f8yt fra bakken, mottok den st\u00e5l pakket inn i spoler og<strong> gjennomsyret<\/strong>. Metallet ble beskyttet av et lag med papir for \u00e5 skille b\u00e5ndspolene: Dette laget ble deretter fjernet for p\u00e5f\u00f8lgende prosesser, el &#8216;<strong>Olje ble samlet for drypp<\/strong>f\u00f8r du tegner st\u00e5lb\u00e5ndet. Dryppetiden var imidlertid <strong>utilstrekkelig<\/strong>faktor som favoriserte <strong>falle<\/strong> <strong>av olje p\u00e5 gulvet. <\/strong>I arbeidsomr\u00e5det ble fjerning av papiret fra omr\u00e5det ogs\u00e5 fors\u00f8mt p\u00e5 grunn av <strong>D\u00e5rlig trening<\/strong> Personalet og mangelen p\u00e5 kontrollene.<\/p>\n<p>Natt til 5. desember hadde linjen v\u00e6rt <strong>stopper midlertidig <\/strong>for vedlikehold og ble kommandert i<strong> h\u00e5ndbok<\/strong> av operat\u00f8rene: spesielt hadde det v\u00e6rt <strong>deaktivert automatisk kontroll <\/strong>av sentrering av st\u00e5lb\u00e5ndet, som er n\u00f8dvendig for \u00e5 unng\u00e5 \u00e5 gni metallet langs linjen og den p\u00e5f\u00f8lgende utl\u00f8seren av gnister.<\/p>\n<div class=\"cp_wrapper cp_wrapper--fw mb-50\">\n<figure class=\"mm\"><picture class=\"img\" style=\"padding-top:66.541353383459%\"><source  media=\"(min-width: 1024px)\"><source  media=\"(min-width: 768px)\"><img decoding=\"async\" loading=\"lazy\" src=\"https:\/\/nordnesrepublikken.no\/wp-content\/uploads\/2025\/02\/1740603043_612_Torino-Thyssenkrupp-ulykken-og-de-lange-juridiske-kampene.jpg\" alt=\"Spartles Stiaieria\" width=\"4256\" height=\"2832\" class=\"js-seedtag-img\"><\/source><\/source><\/picture><\/figure>\n<\/p><\/div>\n<p>P\u00e5 tidspunktet for gjenopptakelsen av aktiviteter forble kontrollen av sentrering i manuell modus: den <strong>indikatorlys <\/strong>av feil plassering av b\u00e5ndet var <strong>lyn<\/strong> og operat\u00f8rene la ikke merke til <strong>glemsomhet<\/strong>. Gnistene p\u00e5 grunn av gnidning av b\u00e5ndet avfyrte en <strong>F\u00f8rste brann <\/strong>av beskjeden enhet til avfallsmaterialene (papir og olje) som er til stede under linjen. De 8 arbeiderne i omr\u00e5det pr\u00f8vde \u00e5 sl\u00e5 det av ved \u00e5 ri p\u00e5 stedet med brannslukningsapparater, gitt frav\u00e6ret av et automatisk system som er i stand til \u00e5 stoppe flammene i knoppen.<\/p>\n<p>Imidlertid involverte brannen en av<strong> Trykkr\u00f8r under trykk<\/strong> av maskineriet: a <strong>Fleksibel gummi<\/strong>lenge utsatt for varmen fra den lille ilden, br\u00f8t opp med p\u00e5f\u00f8lgende <strong>forst\u00f8vning<\/strong> (Dannelse av sm\u00e5 dr\u00e5per i luften) <strong>olje<\/strong>. Det var nettopp denne &laquo;t\u00e5ken&raquo; med olje, fint blandet med oksygenet i luften, som for\u00e5rsaket den s\u00e5 -kalt &laquo;<strong>Flash Fire<\/strong>&laquo;, en <strong>sky<\/strong> som straks utvidet for <strong>12 meter<\/strong> Investering av arbeiderne som er engasjert i brannslukningsapparater.<\/p>\n<p>Flammene spredte seg og ble temmet f\u00f8rst etter en lang inngripen av brannmannskapene, straks forhastet av byens kommando av Corso Regina Margherita 330, og praktisk talt grenser til fabrikken. Dessverre for arbeiderne var imidlertid skjebnen allerede merket: <strong>alvorlige forbrenninger<\/strong> De for\u00e5rsaket d\u00f8dsfallet p\u00e5 en av dem og deretter seks andre kolleger, etter dager og ukes kamp p\u00e5 sykehusene i byen. Bare en av dem, <strong>Antonio Boccuzzi<\/strong>,<strong> Han klarte \u00e5 redde seg selv<\/strong> Rapportering brenner i ansiktet og det direkte vitnesbyrd om skrekkene levde.<\/p>\n<div class=\"cp_wrapper cp_wrapper--fw mb-50\">\n<figure class=\"mm\"><picture class=\"img\" style=\"padding-top:69.001751313485%\"><source  media=\"(min-width: 1024px)\"><source  media=\"(min-width: 768px)\"><img decoding=\"async\" loading=\"lazy\" src=\"https:\/\/nordnesrepublikken.no\/wp-content\/uploads\/2025\/02\/Torino-Thyssenkrupp-ulykken-og-de-lange-juridiske-kampene.jpeg\" alt=\"Thyssenkrupp Torino -tragedie\" width=\"1142\" height=\"788\"><\/source><\/source><\/picture><\/figure>\n<\/p><\/div>\n<h2>THYSSENKRUPP ALKSJENNING AV TORIN: Trial and Convictions<\/h2>\n<p>Tragedien rystet opinionen, til tross for at d\u00f8dsfallene p\u00e5 jobb dessverre er en nesten daglig virkelighet i v\u00e5rt land. Funnene fra etterforskerne konstaterte \u00e5rsakene til ulykken og anleggets tilstand, men <strong>Definisjon av ansvar <\/strong>Det var en mer sammensatt vei.<\/p>\n<p>I de forskjellige d\u00f8mmegradene er avgj\u00f8relsene fra ledere, lokale administratorer og ledelsen blitt vurdert, opp til figuren til<strong>Administrerende direkt\u00f8r<\/strong> av tiden <strong> Harald Espenhahn<\/strong>.<\/p>\n<div class=\"cp_wrapper cp_wrapper--fw mb-50\">\n<figure class=\"mm\"><picture class=\"img\" style=\"padding-top:29.541015625%\"><source  media=\"(min-width: 1024px)\"><source  media=\"(min-width: 768px)\"><img decoding=\"async\" loading=\"lazy\" src=\"https:\/\/nordnesrepublikken.no\/wp-content\/uploads\/2025\/02\/1740603045_912_Torino-Thyssenkrupp-ulykken-og-de-lange-juridiske-kampene.jpg\" alt=\"Bilde\" width=\"2048\" height=\"605\" class=\"js-seedtag-img\"><\/source><\/source><\/picture><\/figure>\n<\/p><\/div>\n<p>Den f\u00f8rste siktelsen for frivillig drap ble redusert til <strong>drap<\/strong>til tross for protestene fra de sivile partiene. Denne tolkningen var <strong>bekreftet av dommen fra Cassation Court<\/strong>ankom 9 \u00e5r senere, med <strong>Penis mellom 6 og 8 \u00e5r gammel<\/strong> Tatt for fire italienske tiltalte 29. mai 2015.<\/p>\n<p>For de to tyske tiltalte m\u00e5tte foresp\u00f8rslene om overbevisning lide en <strong>Ytterligere trinn,<\/strong> Som skal implementeres av utenlandsk rettferdighet: for ad esehahn utl\u00f8ste h\u00e5ndjernene endelig<strong> 10. august 2023,<\/strong> Mer enn 16 \u00e5r etter ulykken, men under et semifreedomregime (fengsel bare om natten, med arbeidstillatelser) og med en<strong> redusert<\/strong> fra 9 \u00e5r som kreves av italienske p\u00e5talemyndigheter til <strong>5 \u00e5r,<\/strong> Maksimal grense gitt av tysk lov for denne typen kriminalitet.<\/p>\n<div class=\"cp_wrapper  mb-50\">\n<div class=\"cbx\">\n<div class=\"cbx__collection\">\n<p>Kilder:<\/p>\n<div class=\"cbx__sources\">                                                                                                                          Setning nr. 38342 CASSASJONS COURT Thyssen: Jeg vil ikke d\u00f8, jeg vil ikke d\u00f8. Bok med familieminner &laquo;, Ansa Marmo, L. &#038; Piccinini, Norberto &#038; Fiorentini, Luca. (2013). Manglende sikkerhetstiltak f\u00f8rte til jetbrannen og syv d\u00f8dsfall ved en st\u00e5lanlegg i Torino. Dynamikk og erfaringer. Journal of Loss Prevention in the Process Industries                                                 <\/div>\n<\/p><\/div>\n<\/p><\/div>\n<\/p><\/div>\n<\/p><\/div>\n","protected":false},"excerpt":{"rendered":"<p>Brannen tilThyssenkrupp Steelworks of Torinosom fant sted om natten mellom 5 Og 6. desember 2007var<\/p>\n","protected":false},"author":1,"featured_media":2730,"comment_status":"closed","ping_status":"open","sticky":false,"template":"","format":"standard","meta":{"footnotes":""},"categories":[26],"tags":[267,268,266,264,263,265],"class_list":["post-2729","post","type-post","status-publish","format-standard","has-post-thumbnail","hentry","category-miljo","tag-juridiske","tag-kampene","tag-lange","tag-thyssenkrupp","tag-torino","tag-ulykken","generate-columns","tablet-grid-50","mobile-grid-100","grid-parent","grid-33","resize-featured-image"],"yoast_head":"<!-- This site is optimized with the Yoast SEO plugin v24.4 - https:\/\/yoast.com\/wordpress\/plugins\/seo\/ -->\n<title>Torino Thyssenkrupp -ulykken og de lange juridiske kampene - Nordnesrepublikken<\/title>\n<meta name=\"robots\" content=\"index, follow, max-snippet:-1, max-image-preview:large, max-video-preview:-1\" \/>\n<link rel=\"canonical\" href=\"https:\/\/nordnesrepublikken.no\/index.php\/2025\/02\/26\/torino-thyssenkrupp-ulykken-og-de-lange-juridiske-kampene\/\" \/>\n<meta property=\"og:locale\" content=\"nb_NO\" \/>\n<meta property=\"og:type\" content=\"article\" \/>\n<meta property=\"og:title\" content=\"Torino Thyssenkrupp -ulykken og de lange juridiske kampene - Nordnesrepublikken\" \/>\n<meta property=\"og:description\" content=\"Brannen tilThyssenkrupp Steelworks of Torinosom fant sted om natten mellom 5 Og 6. desember 2007var\" \/>\n<meta property=\"og:url\" content=\"https:\/\/nordnesrepublikken.no\/index.php\/2025\/02\/26\/torino-thyssenkrupp-ulykken-og-de-lange-juridiske-kampene\/\" \/>\n<meta property=\"og:site_name\" content=\"Nordnesrepublikken\" \/>\n<meta property=\"article:published_time\" content=\"2025-02-26T20:50:45+00:00\" \/>\n<meta property=\"article:modified_time\" content=\"2025-02-26T20:50:56+00:00\" \/>\n<meta property=\"og:image\" content=\"https:\/\/nordnesrepublikken.no\/wp-content\/uploads\/2025\/02\/1740603045_Torino-Thyssenkrupp-ulykken-og-de-lange-juridiske-kampene-scaled.jpg\" \/>\n\t<meta property=\"og:image:width\" content=\"2560\" \/>\n\t<meta property=\"og:image:height\" content=\"1707\" \/>\n\t<meta property=\"og:image:type\" content=\"image\/jpeg\" \/>\n<meta name=\"author\" content=\"Ole Andersen\" \/>\n<meta name=\"twitter:card\" content=\"summary_large_image\" \/>\n<meta name=\"twitter:label1\" content=\"Skrevet av\" \/>\n\t<meta name=\"twitter:data1\" content=\"Ole Andersen\" \/>\n\t<meta name=\"twitter:label2\" content=\"Ansl. lesetid\" \/>\n\t<meta name=\"twitter:data2\" content=\"5 minutter\" \/>\n<script type=\"application\/ld+json\" class=\"yoast-schema-graph\">{\"@context\":\"https:\/\/schema.org\",\"@graph\":[{\"@type\":\"Article\",\"@id\":\"https:\/\/nordnesrepublikken.no\/index.php\/2025\/02\/26\/torino-thyssenkrupp-ulykken-og-de-lange-juridiske-kampene\/#article\",\"isPartOf\":{\"@id\":\"https:\/\/nordnesrepublikken.no\/index.php\/2025\/02\/26\/torino-thyssenkrupp-ulykken-og-de-lange-juridiske-kampene\/\"},\"author\":{\"name\":\"Ole Andersen\",\"@id\":\"https:\/\/nordnesrepublikken.no\/#\/schema\/person\/2e7e81935bab77882fffb79296240ff1\"},\"headline\":\"Torino Thyssenkrupp -ulykken og de lange juridiske kampene\",\"datePublished\":\"2025-02-26T20:50:45+00:00\",\"dateModified\":\"2025-02-26T20:50:56+00:00\",\"mainEntityOfPage\":{\"@id\":\"https:\/\/nordnesrepublikken.no\/index.php\/2025\/02\/26\/torino-thyssenkrupp-ulykken-og-de-lange-juridiske-kampene\/\"},\"wordCount\":1047,\"publisher\":{\"@id\":\"https:\/\/nordnesrepublikken.no\/#organization\"},\"image\":{\"@id\":\"https:\/\/nordnesrepublikken.no\/index.php\/2025\/02\/26\/torino-thyssenkrupp-ulykken-og-de-lange-juridiske-kampene\/#primaryimage\"},\"thumbnailUrl\":\"https:\/\/nordnesrepublikken.no\/wp-content\/uploads\/2025\/02\/1740603045_Torino-Thyssenkrupp-ulykken-og-de-lange-juridiske-kampene-scaled.jpg\",\"keywords\":[\"juridiske\",\"kampene\",\"lange\",\"Thyssenkrupp\",\"Torino\",\"ulykken\"],\"articleSection\":[\"Milj\u00f8\"],\"inLanguage\":\"nb-NO\"},{\"@type\":\"WebPage\",\"@id\":\"https:\/\/nordnesrepublikken.no\/index.php\/2025\/02\/26\/torino-thyssenkrupp-ulykken-og-de-lange-juridiske-kampene\/\",\"url\":\"https:\/\/nordnesrepublikken.no\/index.php\/2025\/02\/26\/torino-thyssenkrupp-ulykken-og-de-lange-juridiske-kampene\/\",\"name\":\"Torino Thyssenkrupp -ulykken og de lange juridiske kampene - Nordnesrepublikken\",\"isPartOf\":{\"@id\":\"https:\/\/nordnesrepublikken.no\/#website\"},\"primaryImageOfPage\":{\"@id\":\"https:\/\/nordnesrepublikken.no\/index.php\/2025\/02\/26\/torino-thyssenkrupp-ulykken-og-de-lange-juridiske-kampene\/#primaryimage\"},\"image\":{\"@id\":\"https:\/\/nordnesrepublikken.no\/index.php\/2025\/02\/26\/torino-thyssenkrupp-ulykken-og-de-lange-juridiske-kampene\/#primaryimage\"},\"thumbnailUrl\":\"https:\/\/nordnesrepublikken.no\/wp-content\/uploads\/2025\/02\/1740603045_Torino-Thyssenkrupp-ulykken-og-de-lange-juridiske-kampene-scaled.jpg\",\"datePublished\":\"2025-02-26T20:50:45+00:00\",\"dateModified\":\"2025-02-26T20:50:56+00:00\",\"breadcrumb\":{\"@id\":\"https:\/\/nordnesrepublikken.no\/index.php\/2025\/02\/26\/torino-thyssenkrupp-ulykken-og-de-lange-juridiske-kampene\/#breadcrumb\"},\"inLanguage\":\"nb-NO\",\"potentialAction\":[{\"@type\":\"ReadAction\",\"target\":[\"https:\/\/nordnesrepublikken.no\/index.php\/2025\/02\/26\/torino-thyssenkrupp-ulykken-og-de-lange-juridiske-kampene\/\"]}]},{\"@type\":\"ImageObject\",\"inLanguage\":\"nb-NO\",\"@id\":\"https:\/\/nordnesrepublikken.no\/index.php\/2025\/02\/26\/torino-thyssenkrupp-ulykken-og-de-lange-juridiske-kampene\/#primaryimage\",\"url\":\"https:\/\/nordnesrepublikken.no\/wp-content\/uploads\/2025\/02\/1740603045_Torino-Thyssenkrupp-ulykken-og-de-lange-juridiske-kampene-scaled.jpg\",\"contentUrl\":\"https:\/\/nordnesrepublikken.no\/wp-content\/uploads\/2025\/02\/1740603045_Torino-Thyssenkrupp-ulykken-og-de-lange-juridiske-kampene-scaled.jpg\",\"width\":2560,\"height\":1707,\"caption\":\"Thyssenkrpp incendio Torino\"},{\"@type\":\"BreadcrumbList\",\"@id\":\"https:\/\/nordnesrepublikken.no\/index.php\/2025\/02\/26\/torino-thyssenkrupp-ulykken-og-de-lange-juridiske-kampene\/#breadcrumb\",\"itemListElement\":[{\"@type\":\"ListItem\",\"position\":1,\"name\":\"Home\",\"item\":\"https:\/\/nordnesrepublikken.no\/\"},{\"@type\":\"ListItem\",\"position\":2,\"name\":\"Torino Thyssenkrupp -ulykken og de lange juridiske kampene\"}]},{\"@type\":\"WebSite\",\"@id\":\"https:\/\/nordnesrepublikken.no\/#website\",\"url\":\"https:\/\/nordnesrepublikken.no\/\",\"name\":\"Nordnesrepublikken\",\"description\":\"Stemmer og Visjoner fra Republikkens Hjerte\",\"publisher\":{\"@id\":\"https:\/\/nordnesrepublikken.no\/#organization\"},\"potentialAction\":[{\"@type\":\"SearchAction\",\"target\":{\"@type\":\"EntryPoint\",\"urlTemplate\":\"https:\/\/nordnesrepublikken.no\/?s={search_term_string}\"},\"query-input\":{\"@type\":\"PropertyValueSpecification\",\"valueRequired\":true,\"valueName\":\"search_term_string\"}}],\"inLanguage\":\"nb-NO\"},{\"@type\":\"Organization\",\"@id\":\"https:\/\/nordnesrepublikken.no\/#organization\",\"name\":\"Nordnesrepublikken\",\"url\":\"https:\/\/nordnesrepublikken.no\/\",\"logo\":{\"@type\":\"ImageObject\",\"inLanguage\":\"nb-NO\",\"@id\":\"https:\/\/nordnesrepublikken.no\/#\/schema\/logo\/image\/\",\"url\":\"https:\/\/nordnesrepublikken.no\/wp-content\/uploads\/2025\/02\/cropped-nordnesrepublikken-2.png\",\"contentUrl\":\"https:\/\/nordnesrepublikken.no\/wp-content\/uploads\/2025\/02\/cropped-nordnesrepublikken-2.png\",\"width\":1248,\"height\":362,\"caption\":\"Nordnesrepublikken\"},\"image\":{\"@id\":\"https:\/\/nordnesrepublikken.no\/#\/schema\/logo\/image\/\"}},{\"@type\":\"Person\",\"@id\":\"https:\/\/nordnesrepublikken.no\/#\/schema\/person\/2e7e81935bab77882fffb79296240ff1\",\"name\":\"Ole Andersen\",\"image\":{\"@type\":\"ImageObject\",\"inLanguage\":\"nb-NO\",\"@id\":\"https:\/\/nordnesrepublikken.no\/#\/schema\/person\/image\/\",\"url\":\"https:\/\/nordnesrepublikken.no\/wp-content\/uploads\/2025\/02\/nordnesrepublikken-2-2-150x150.jpg\",\"contentUrl\":\"https:\/\/nordnesrepublikken.no\/wp-content\/uploads\/2025\/02\/nordnesrepublikken-2-2-150x150.jpg\",\"caption\":\"Ole Andersen\"},\"description\":\"Ettersom jeg vokste opp i Oslo, har jeg alltid v\u00e6rt fascinert av ordenes kraft og deres evne til \u00e5 skape endringer. Etter \u00e5 ha fullf\u00f8rt min utdannelse i kommunikasjon ved Universitetet i Bergen, fikk jeg muligheten til \u00e5 jobbe innen ulike medier, der jeg har s\u00f8kt \u00e5 belyse viktige samfunnssp\u00f8rsm\u00e5l. I dag, som redakt\u00f8r for Nordnesrepublikken, pr\u00f8ver jeg \u00e5 forene min kj\u00e6rlighet for journalistikk med min lidenskap for innovasjon og eventyr.\",\"sameAs\":[\"https:\/\/nordnesrepublikken.no\/\"]}]}<\/script>\n<!-- \/ Yoast SEO plugin. -->","yoast_head_json":{"title":"Torino Thyssenkrupp -ulykken og de lange juridiske kampene - Nordnesrepublikken","robots":{"index":"index","follow":"follow","max-snippet":"max-snippet:-1","max-image-preview":"max-image-preview:large","max-video-preview":"max-video-preview:-1"},"canonical":"https:\/\/nordnesrepublikken.no\/index.php\/2025\/02\/26\/torino-thyssenkrupp-ulykken-og-de-lange-juridiske-kampene\/","og_locale":"nb_NO","og_type":"article","og_title":"Torino Thyssenkrupp -ulykken og de lange juridiske kampene - Nordnesrepublikken","og_description":"Brannen tilThyssenkrupp Steelworks of Torinosom fant sted om natten mellom 5 Og 6. desember 2007var","og_url":"https:\/\/nordnesrepublikken.no\/index.php\/2025\/02\/26\/torino-thyssenkrupp-ulykken-og-de-lange-juridiske-kampene\/","og_site_name":"Nordnesrepublikken","article_published_time":"2025-02-26T20:50:45+00:00","article_modified_time":"2025-02-26T20:50:56+00:00","og_image":[{"width":2560,"height":1707,"url":"https:\/\/nordnesrepublikken.no\/wp-content\/uploads\/2025\/02\/1740603045_Torino-Thyssenkrupp-ulykken-og-de-lange-juridiske-kampene-scaled.jpg","type":"image\/jpeg"}],"author":"Ole Andersen","twitter_card":"summary_large_image","twitter_misc":{"Skrevet av":"Ole Andersen","Ansl. lesetid":"5 minutter"},"schema":{"@context":"https:\/\/schema.org","@graph":[{"@type":"Article","@id":"https:\/\/nordnesrepublikken.no\/index.php\/2025\/02\/26\/torino-thyssenkrupp-ulykken-og-de-lange-juridiske-kampene\/#article","isPartOf":{"@id":"https:\/\/nordnesrepublikken.no\/index.php\/2025\/02\/26\/torino-thyssenkrupp-ulykken-og-de-lange-juridiske-kampene\/"},"author":{"name":"Ole Andersen","@id":"https:\/\/nordnesrepublikken.no\/#\/schema\/person\/2e7e81935bab77882fffb79296240ff1"},"headline":"Torino Thyssenkrupp -ulykken og de lange juridiske kampene","datePublished":"2025-02-26T20:50:45+00:00","dateModified":"2025-02-26T20:50:56+00:00","mainEntityOfPage":{"@id":"https:\/\/nordnesrepublikken.no\/index.php\/2025\/02\/26\/torino-thyssenkrupp-ulykken-og-de-lange-juridiske-kampene\/"},"wordCount":1047,"publisher":{"@id":"https:\/\/nordnesrepublikken.no\/#organization"},"image":{"@id":"https:\/\/nordnesrepublikken.no\/index.php\/2025\/02\/26\/torino-thyssenkrupp-ulykken-og-de-lange-juridiske-kampene\/#primaryimage"},"thumbnailUrl":"https:\/\/nordnesrepublikken.no\/wp-content\/uploads\/2025\/02\/1740603045_Torino-Thyssenkrupp-ulykken-og-de-lange-juridiske-kampene-scaled.jpg","keywords":["juridiske","kampene","lange","Thyssenkrupp","Torino","ulykken"],"articleSection":["Milj\u00f8"],"inLanguage":"nb-NO"},{"@type":"WebPage","@id":"https:\/\/nordnesrepublikken.no\/index.php\/2025\/02\/26\/torino-thyssenkrupp-ulykken-og-de-lange-juridiske-kampene\/","url":"https:\/\/nordnesrepublikken.no\/index.php\/2025\/02\/26\/torino-thyssenkrupp-ulykken-og-de-lange-juridiske-kampene\/","name":"Torino Thyssenkrupp -ulykken og de lange juridiske kampene - Nordnesrepublikken","isPartOf":{"@id":"https:\/\/nordnesrepublikken.no\/#website"},"primaryImageOfPage":{"@id":"https:\/\/nordnesrepublikken.no\/index.php\/2025\/02\/26\/torino-thyssenkrupp-ulykken-og-de-lange-juridiske-kampene\/#primaryimage"},"image":{"@id":"https:\/\/nordnesrepublikken.no\/index.php\/2025\/02\/26\/torino-thyssenkrupp-ulykken-og-de-lange-juridiske-kampene\/#primaryimage"},"thumbnailUrl":"https:\/\/nordnesrepublikken.no\/wp-content\/uploads\/2025\/02\/1740603045_Torino-Thyssenkrupp-ulykken-og-de-lange-juridiske-kampene-scaled.jpg","datePublished":"2025-02-26T20:50:45+00:00","dateModified":"2025-02-26T20:50:56+00:00","breadcrumb":{"@id":"https:\/\/nordnesrepublikken.no\/index.php\/2025\/02\/26\/torino-thyssenkrupp-ulykken-og-de-lange-juridiske-kampene\/#breadcrumb"},"inLanguage":"nb-NO","potentialAction":[{"@type":"ReadAction","target":["https:\/\/nordnesrepublikken.no\/index.php\/2025\/02\/26\/torino-thyssenkrupp-ulykken-og-de-lange-juridiske-kampene\/"]}]},{"@type":"ImageObject","inLanguage":"nb-NO","@id":"https:\/\/nordnesrepublikken.no\/index.php\/2025\/02\/26\/torino-thyssenkrupp-ulykken-og-de-lange-juridiske-kampene\/#primaryimage","url":"https:\/\/nordnesrepublikken.no\/wp-content\/uploads\/2025\/02\/1740603045_Torino-Thyssenkrupp-ulykken-og-de-lange-juridiske-kampene-scaled.jpg","contentUrl":"https:\/\/nordnesrepublikken.no\/wp-content\/uploads\/2025\/02\/1740603045_Torino-Thyssenkrupp-ulykken-og-de-lange-juridiske-kampene-scaled.jpg","width":2560,"height":1707,"caption":"Thyssenkrpp incendio Torino"},{"@type":"BreadcrumbList","@id":"https:\/\/nordnesrepublikken.no\/index.php\/2025\/02\/26\/torino-thyssenkrupp-ulykken-og-de-lange-juridiske-kampene\/#breadcrumb","itemListElement":[{"@type":"ListItem","position":1,"name":"Home","item":"https:\/\/nordnesrepublikken.no\/"},{"@type":"ListItem","position":2,"name":"Torino Thyssenkrupp -ulykken og de lange juridiske kampene"}]},{"@type":"WebSite","@id":"https:\/\/nordnesrepublikken.no\/#website","url":"https:\/\/nordnesrepublikken.no\/","name":"Nordnesrepublikken","description":"Stemmer og Visjoner fra Republikkens Hjerte","publisher":{"@id":"https:\/\/nordnesrepublikken.no\/#organization"},"potentialAction":[{"@type":"SearchAction","target":{"@type":"EntryPoint","urlTemplate":"https:\/\/nordnesrepublikken.no\/?s={search_term_string}"},"query-input":{"@type":"PropertyValueSpecification","valueRequired":true,"valueName":"search_term_string"}}],"inLanguage":"nb-NO"},{"@type":"Organization","@id":"https:\/\/nordnesrepublikken.no\/#organization","name":"Nordnesrepublikken","url":"https:\/\/nordnesrepublikken.no\/","logo":{"@type":"ImageObject","inLanguage":"nb-NO","@id":"https:\/\/nordnesrepublikken.no\/#\/schema\/logo\/image\/","url":"https:\/\/nordnesrepublikken.no\/wp-content\/uploads\/2025\/02\/cropped-nordnesrepublikken-2.png","contentUrl":"https:\/\/nordnesrepublikken.no\/wp-content\/uploads\/2025\/02\/cropped-nordnesrepublikken-2.png","width":1248,"height":362,"caption":"Nordnesrepublikken"},"image":{"@id":"https:\/\/nordnesrepublikken.no\/#\/schema\/logo\/image\/"}},{"@type":"Person","@id":"https:\/\/nordnesrepublikken.no\/#\/schema\/person\/2e7e81935bab77882fffb79296240ff1","name":"Ole Andersen","image":{"@type":"ImageObject","inLanguage":"nb-NO","@id":"https:\/\/nordnesrepublikken.no\/#\/schema\/person\/image\/","url":"https:\/\/nordnesrepublikken.no\/wp-content\/uploads\/2025\/02\/nordnesrepublikken-2-2-150x150.jpg","contentUrl":"https:\/\/nordnesrepublikken.no\/wp-content\/uploads\/2025\/02\/nordnesrepublikken-2-2-150x150.jpg","caption":"Ole Andersen"},"description":"Ettersom jeg vokste opp i Oslo, har jeg alltid v\u00e6rt fascinert av ordenes kraft og deres evne til \u00e5 skape endringer. Etter \u00e5 ha fullf\u00f8rt min utdannelse i kommunikasjon ved Universitetet i Bergen, fikk jeg muligheten til \u00e5 jobbe innen ulike medier, der jeg har s\u00f8kt \u00e5 belyse viktige samfunnssp\u00f8rsm\u00e5l. I dag, som redakt\u00f8r for Nordnesrepublikken, pr\u00f8ver jeg \u00e5 forene min kj\u00e6rlighet for journalistikk med min lidenskap for innovasjon og eventyr.","sameAs":["https:\/\/nordnesrepublikken.no\/"]}]}},"_links":{"self":[{"href":"https:\/\/nordnesrepublikken.no\/index.php\/wp-json\/wp\/v2\/posts\/2729","targetHints":{"allow":["GET"]}}],"collection":[{"href":"https:\/\/nordnesrepublikken.no\/index.php\/wp-json\/wp\/v2\/posts"}],"about":[{"href":"https:\/\/nordnesrepublikken.no\/index.php\/wp-json\/wp\/v2\/types\/post"}],"author":[{"embeddable":true,"href":"https:\/\/nordnesrepublikken.no\/index.php\/wp-json\/wp\/v2\/users\/1"}],"replies":[{"embeddable":true,"href":"https:\/\/nordnesrepublikken.no\/index.php\/wp-json\/wp\/v2\/comments?post=2729"}],"version-history":[{"count":1,"href":"https:\/\/nordnesrepublikken.no\/index.php\/wp-json\/wp\/v2\/posts\/2729\/revisions"}],"predecessor-version":[{"id":2731,"href":"https:\/\/nordnesrepublikken.no\/index.php\/wp-json\/wp\/v2\/posts\/2729\/revisions\/2731"}],"wp:featuredmedia":[{"embeddable":true,"href":"https:\/\/nordnesrepublikken.no\/index.php\/wp-json\/wp\/v2\/media\/2730"}],"wp:attachment":[{"href":"https:\/\/nordnesrepublikken.no\/index.php\/wp-json\/wp\/v2\/media?parent=2729"}],"wp:term":[{"taxonomy":"category","embeddable":true,"href":"https:\/\/nordnesrepublikken.no\/index.php\/wp-json\/wp\/v2\/categories?post=2729"},{"taxonomy":"post_tag","embeddable":true,"href":"https:\/\/nordnesrepublikken.no\/index.php\/wp-json\/wp\/v2\/tags?post=2729"}],"curies":[{"name":"wp","href":"https:\/\/api.w.org\/{rel}","templated":true}]}}