{"id":2726,"date":"2025-02-26T20:50:13","date_gmt":"2025-02-26T19:50:13","guid":{"rendered":"https:\/\/nordnesrepublikken.no\/index.php\/2025\/02\/26\/grunnvann-av-fegrei-feltene-resultatene-av-den-nye-ingv-studien\/"},"modified":"2025-02-26T20:50:17","modified_gmt":"2025-02-26T19:50:17","slug":"grunnvann-av-fegrei-feltene-resultatene-av-den-nye-ingv-studien","status":"publish","type":"post","link":"https:\/\/nordnesrepublikken.no\/index.php\/2025\/02\/26\/grunnvann-av-fegrei-feltene-resultatene-av-den-nye-ingv-studien\/","title":{"rendered":"Grunnvann av Fegrei -feltene, resultatene av den nye INGV -studien"},"content":{"rendered":"<div>\n      <!-- CONTENT --><\/p>\n<div class=\"cp_wrapper cp_wrapper--fw mb-30 mb-20@tablet\">\n<figure class=\"mm\"><picture class=\"img\" style=\"padding-top:56.25%\"><source  media=\"(min-width: 1024px)\"><source  media=\"(min-width: 768px)\"><\/source><\/source><\/picture><\/figure>\n<\/p><\/div>\n<p>De <strong>grunnvann<\/strong> av Caldera Dei <strong>CAMPI FREGREI<\/strong> er gjenstand for en <strong>Ny studie<\/strong>publisert i magasinet <em>Journal of Volcanology and Geothermal Research<\/em>Redigert av et team fra Vesuvian Observatory fra National Institute of Geophysics and Volcanology (INGV-OV) i samarbeid med forskjellige italienske universiteter. Forskning, med tittelen c<em>Hemisk og isotopisk karakterisering av grunnvann og termisk farvann fra Campi Fegrei Caldera (S\u00f8r -Italia), <\/em>unders\u00f8kte <strong>Kjemisk sammensetning<\/strong> av undergrunnsvann, og avsl\u00f8rer betydelig variabilitet. Resultatene gjorde det mulig \u00e5 identifisere <strong>Prosesser med magmatisk opprinnelse<\/strong> som p\u00e5virker dens egenskaper. Dataene som er samlet inn er viktige for \u00e5 forbedre <strong>Overv\u00e5kingsnettverk<\/strong>slik at du kan tolke fremtidige endringer i den kjemiske sammensetningen av vannet og derfor <strong>Identifiser eventuelle signaler om utvinning av vulkansk aktivitet<\/strong>.<\/p>\n<h2><strong>Egenskapene til grunnvannet til Fegrei -feltene<\/strong><\/h2>\n<p>Studien er<strong> mer utt\u00f8mmende<\/strong> Dette har blitt gjennomf\u00f8rt siden 2005, da den n\u00e5v\u00e6rende l\u00f8ftefasen av Fegrei -feltene begynte p\u00e5 grunn av fenomenet <strong>Bradyseisme<\/strong>. Forskerne utf\u00f8rte analysene p\u00e5 <strong>114 pr\u00f8ver av grunnvann<\/strong>identifisere forskjellige typer vann som sameksisterer i omr\u00e5det. P\u00e5 bakgrunn av vannets egenskaper var forskerne i stand til \u00e5 identifisere prosessene som bestemmer deres sammensetning. Sistnevnte er faktisk betinget av samspillet, i akviferne, blant <strong>bergarter<\/strong>The <strong>sirkulerende farvann<\/strong> oppvarmet av magma og <strong>gass<\/strong> som blir kvitt det. Disse mekanismene avhenger igjen av kjemiske-fysiske faktorer som varierer i rom og tid. Resultatet er en <strong>Stor variasjon i komposisjon<\/strong> Underjordiske farvann, typisk for vulkanske omr\u00e5der. I omr\u00e5det til Campi Fegrei, s\u00e6rlig, letter tilstedev\u00e6relsen av mange feil og brudd p\u00e5 blandingen mellom det overfladiske og dypt underjordiske vannet, rikere p\u00e5 gass og med st\u00f8rre saltholdighet.<\/p>\n<div class=\"cp_wrapper cp_wrapper--fw mb-50\">\n<figure class=\"mm\"><picture class=\"img\" style=\"padding-top:41.70243204578%\"><source  media=\"(min-width: 1024px)\"><source  media=\"(min-width: 768px)\"><img decoding=\"async\" loading=\"lazy\" src=\"https:\/\/nordnesrepublikken.no\/wp-content\/uploads\/2025\/02\/1740599413_628_Grunnvann-av-Fegrei-feltene-resultatene-av-den-nye-INGV-studien.jpg\" alt=\"Bilde\" width=\"2796\" height=\"1166\"><\/source><\/source><\/picture><\/figure>\n<\/p><\/div>\n<p>Under kalderaen er de til stede <strong>kaldt vann<\/strong> av meteorisk opprinnelse rik p\u00e5 bikarbonat, <strong>Termisk farvann<\/strong> stammer fra samspillet i dybden med gassen av vulkansk opprinnelse, <strong>Klorert farvann<\/strong> stammer fra blanding av regnvann og marint vann klatret av store dybder, <strong>varmt vann rikt p\u00e5 sulfater<\/strong> Kjennetegn p\u00e5<strong>Solfatara-Pisciarelli-omr\u00e5det<\/strong>. I dette omr\u00e5det er flukt av gass og varmt vann fra bakken spesielt intens, snarere enn i andre omr\u00e5der av kalderaen. Fysiske simuleringer antyder at intense episoder med Magma -dejugering, stadig hyppigere de siste \u00e5rene, er den sannsynlige \u00e5rsaken til den n\u00e5v\u00e6rende l\u00f8ftingen av kalderaen.<\/p>\n<div class=\"cp_wrapper cp_wrapper--fw mb-50\">\n<figure class=\"mm\"><picture class=\"img\" style=\"padding-top:88.675958188153%\"><source  media=\"(min-width: 1024px)\"><source  media=\"(min-width: 768px)\"><img decoding=\"async\" loading=\"lazy\" src=\"https:\/\/nordnesrepublikken.no\/wp-content\/uploads\/2025\/02\/1740599413_640_Grunnvann-av-Fegrei-feltene-resultatene-av-den-nye-INGV-studien.jpg\" alt=\"Bilde\" width=\"1722\" height=\"1527\" class=\"js-seedtag-img\"><\/source><\/source><\/picture><\/figure>\n<\/p><\/div>\n<h2><strong>Hva er bruken av \u00e5 studere grunnvannet til Fogrei -feltene<\/strong><\/h2>\n<p>&laquo;Arbeidet har gjort det mulig \u00e5 gjenkjenne de komplekse prosessene som kontrollerer de forskjellige egenskapene til vannet, inkludert tilsetning av vulkansk-hydrotermiske gasser og deres dejeksjonsprosesser, og bidrar til definisjonen av den geokjemiske modellen til systemet&raquo; forklarer Stefano Caliro, teknologansvar Denne modellen vil v\u00e6re grunnleggende for <strong>tolke eventuelle fremtidige endringer<\/strong> i kjemien til grunnvannet til Fugrei -feltene. Disse variasjonene vil bli oppfanget av en <strong>Permanent overv\u00e5kningsnettverk<\/strong> som vil kontrollere forskjellige kjemiske-fysiske parametere for grunnvann. Variasjonene av disse parametrene kan utgj\u00f8re <strong>forl\u00f8perfenomener<\/strong> som lover oppstigningen av magma mot overflaten.<\/p>\n<\/p><\/div>\n","protected":false},"excerpt":{"rendered":"<p>De grunnvann av Caldera Dei CAMPI FREGREI er gjenstand for en Ny studiepublisert i magasinet<\/p>\n","protected":false},"author":1,"featured_media":2727,"comment_status":"closed","ping_status":"open","sticky":false,"template":"","format":"standard","meta":{"footnotes":""},"categories":[24],"tags":[74,257,258,256,261,260,259,262],"class_list":["post-2726","post","type-post","status-publish","format-standard","has-post-thumbnail","hentry","category-vitenskap","tag-den","tag-fegrei","tag-feltene","tag-grunnvann","tag-ingv","tag-nye","tag-resultatene","tag-studien","generate-columns","tablet-grid-50","mobile-grid-100","grid-parent","grid-33","resize-featured-image"],"yoast_head":"<!-- This site is optimized with the Yoast SEO plugin v24.4 - https:\/\/yoast.com\/wordpress\/plugins\/seo\/ -->\n<title>Grunnvann av Fegrei -feltene, resultatene av den nye INGV -studien - Nordnesrepublikken<\/title>\n<meta name=\"robots\" content=\"index, follow, max-snippet:-1, max-image-preview:large, max-video-preview:-1\" \/>\n<link rel=\"canonical\" href=\"https:\/\/nordnesrepublikken.no\/index.php\/2025\/02\/26\/grunnvann-av-fegrei-feltene-resultatene-av-den-nye-ingv-studien\/\" \/>\n<meta property=\"og:locale\" content=\"nb_NO\" \/>\n<meta property=\"og:type\" content=\"article\" \/>\n<meta property=\"og:title\" content=\"Grunnvann av Fegrei -feltene, resultatene av den nye INGV -studien - Nordnesrepublikken\" \/>\n<meta property=\"og:description\" content=\"De grunnvann av Caldera Dei CAMPI FREGREI er gjenstand for en Ny studiepublisert i magasinet\" \/>\n<meta property=\"og:url\" content=\"https:\/\/nordnesrepublikken.no\/index.php\/2025\/02\/26\/grunnvann-av-fegrei-feltene-resultatene-av-den-nye-ingv-studien\/\" \/>\n<meta property=\"og:site_name\" content=\"Nordnesrepublikken\" \/>\n<meta property=\"article:published_time\" content=\"2025-02-26T19:50:13+00:00\" \/>\n<meta property=\"article:modified_time\" content=\"2025-02-26T19:50:17+00:00\" \/>\n<meta property=\"og:image\" content=\"https:\/\/nordnesrepublikken.no\/wp-content\/uploads\/2025\/02\/1740599414_Grunnvann-av-Fegrei-feltene-resultatene-av-den-nye-INGV-studien.jpg\" \/>\n\t<meta property=\"og:image:width\" content=\"2549\" \/>\n\t<meta property=\"og:image:height\" content=\"1491\" \/>\n\t<meta property=\"og:image:type\" content=\"image\/jpeg\" \/>\n<meta name=\"author\" content=\"Ole Andersen\" \/>\n<meta name=\"twitter:card\" content=\"summary_large_image\" \/>\n<meta name=\"twitter:label1\" content=\"Skrevet av\" \/>\n\t<meta name=\"twitter:data1\" content=\"Ole Andersen\" \/>\n\t<meta name=\"twitter:label2\" content=\"Ansl. lesetid\" \/>\n\t<meta name=\"twitter:data2\" content=\"2 minutter\" \/>\n<script type=\"application\/ld+json\" class=\"yoast-schema-graph\">{\"@context\":\"https:\/\/schema.org\",\"@graph\":[{\"@type\":\"Article\",\"@id\":\"https:\/\/nordnesrepublikken.no\/index.php\/2025\/02\/26\/grunnvann-av-fegrei-feltene-resultatene-av-den-nye-ingv-studien\/#article\",\"isPartOf\":{\"@id\":\"https:\/\/nordnesrepublikken.no\/index.php\/2025\/02\/26\/grunnvann-av-fegrei-feltene-resultatene-av-den-nye-ingv-studien\/\"},\"author\":{\"name\":\"Ole Andersen\",\"@id\":\"https:\/\/nordnesrepublikken.no\/#\/schema\/person\/2e7e81935bab77882fffb79296240ff1\"},\"headline\":\"Grunnvann av Fegrei -feltene, resultatene av den nye INGV -studien\",\"datePublished\":\"2025-02-26T19:50:13+00:00\",\"dateModified\":\"2025-02-26T19:50:17+00:00\",\"mainEntityOfPage\":{\"@id\":\"https:\/\/nordnesrepublikken.no\/index.php\/2025\/02\/26\/grunnvann-av-fegrei-feltene-resultatene-av-den-nye-ingv-studien\/\"},\"wordCount\":473,\"publisher\":{\"@id\":\"https:\/\/nordnesrepublikken.no\/#organization\"},\"image\":{\"@id\":\"https:\/\/nordnesrepublikken.no\/index.php\/2025\/02\/26\/grunnvann-av-fegrei-feltene-resultatene-av-den-nye-ingv-studien\/#primaryimage\"},\"thumbnailUrl\":\"https:\/\/nordnesrepublikken.no\/wp-content\/uploads\/2025\/02\/1740599414_Grunnvann-av-Fegrei-feltene-resultatene-av-den-nye-INGV-studien.jpg\",\"keywords\":[\"den\",\"Fegrei\",\"feltene\",\"Grunnvann\",\"INGV\",\"nye\",\"resultatene\",\"studien\"],\"articleSection\":[\"Vitenskap\"],\"inLanguage\":\"nb-NO\"},{\"@type\":\"WebPage\",\"@id\":\"https:\/\/nordnesrepublikken.no\/index.php\/2025\/02\/26\/grunnvann-av-fegrei-feltene-resultatene-av-den-nye-ingv-studien\/\",\"url\":\"https:\/\/nordnesrepublikken.no\/index.php\/2025\/02\/26\/grunnvann-av-fegrei-feltene-resultatene-av-den-nye-ingv-studien\/\",\"name\":\"Grunnvann av Fegrei -feltene, resultatene av den nye INGV -studien - Nordnesrepublikken\",\"isPartOf\":{\"@id\":\"https:\/\/nordnesrepublikken.no\/#website\"},\"primaryImageOfPage\":{\"@id\":\"https:\/\/nordnesrepublikken.no\/index.php\/2025\/02\/26\/grunnvann-av-fegrei-feltene-resultatene-av-den-nye-ingv-studien\/#primaryimage\"},\"image\":{\"@id\":\"https:\/\/nordnesrepublikken.no\/index.php\/2025\/02\/26\/grunnvann-av-fegrei-feltene-resultatene-av-den-nye-ingv-studien\/#primaryimage\"},\"thumbnailUrl\":\"https:\/\/nordnesrepublikken.no\/wp-content\/uploads\/2025\/02\/1740599414_Grunnvann-av-Fegrei-feltene-resultatene-av-den-nye-INGV-studien.jpg\",\"datePublished\":\"2025-02-26T19:50:13+00:00\",\"dateModified\":\"2025-02-26T19:50:17+00:00\",\"breadcrumb\":{\"@id\":\"https:\/\/nordnesrepublikken.no\/index.php\/2025\/02\/26\/grunnvann-av-fegrei-feltene-resultatene-av-den-nye-ingv-studien\/#breadcrumb\"},\"inLanguage\":\"nb-NO\",\"potentialAction\":[{\"@type\":\"ReadAction\",\"target\":[\"https:\/\/nordnesrepublikken.no\/index.php\/2025\/02\/26\/grunnvann-av-fegrei-feltene-resultatene-av-den-nye-ingv-studien\/\"]}]},{\"@type\":\"ImageObject\",\"inLanguage\":\"nb-NO\",\"@id\":\"https:\/\/nordnesrepublikken.no\/index.php\/2025\/02\/26\/grunnvann-av-fegrei-feltene-resultatene-av-den-nye-ingv-studien\/#primaryimage\",\"url\":\"https:\/\/nordnesrepublikken.no\/wp-content\/uploads\/2025\/02\/1740599414_Grunnvann-av-Fegrei-feltene-resultatene-av-den-nye-INGV-studien.jpg\",\"contentUrl\":\"https:\/\/nordnesrepublikken.no\/wp-content\/uploads\/2025\/02\/1740599414_Grunnvann-av-Fegrei-feltene-resultatene-av-den-nye-INGV-studien.jpg\",\"width\":2549,\"height\":1491,\"caption\":\"Immagine\"},{\"@type\":\"BreadcrumbList\",\"@id\":\"https:\/\/nordnesrepublikken.no\/index.php\/2025\/02\/26\/grunnvann-av-fegrei-feltene-resultatene-av-den-nye-ingv-studien\/#breadcrumb\",\"itemListElement\":[{\"@type\":\"ListItem\",\"position\":1,\"name\":\"Home\",\"item\":\"https:\/\/nordnesrepublikken.no\/\"},{\"@type\":\"ListItem\",\"position\":2,\"name\":\"Grunnvann av Fegrei -feltene, resultatene av den nye INGV -studien\"}]},{\"@type\":\"WebSite\",\"@id\":\"https:\/\/nordnesrepublikken.no\/#website\",\"url\":\"https:\/\/nordnesrepublikken.no\/\",\"name\":\"Nordnesrepublikken\",\"description\":\"Stemmer og Visjoner fra Republikkens Hjerte\",\"publisher\":{\"@id\":\"https:\/\/nordnesrepublikken.no\/#organization\"},\"potentialAction\":[{\"@type\":\"SearchAction\",\"target\":{\"@type\":\"EntryPoint\",\"urlTemplate\":\"https:\/\/nordnesrepublikken.no\/?s={search_term_string}\"},\"query-input\":{\"@type\":\"PropertyValueSpecification\",\"valueRequired\":true,\"valueName\":\"search_term_string\"}}],\"inLanguage\":\"nb-NO\"},{\"@type\":\"Organization\",\"@id\":\"https:\/\/nordnesrepublikken.no\/#organization\",\"name\":\"Nordnesrepublikken\",\"url\":\"https:\/\/nordnesrepublikken.no\/\",\"logo\":{\"@type\":\"ImageObject\",\"inLanguage\":\"nb-NO\",\"@id\":\"https:\/\/nordnesrepublikken.no\/#\/schema\/logo\/image\/\",\"url\":\"https:\/\/nordnesrepublikken.no\/wp-content\/uploads\/2025\/02\/cropped-nordnesrepublikken-2.png\",\"contentUrl\":\"https:\/\/nordnesrepublikken.no\/wp-content\/uploads\/2025\/02\/cropped-nordnesrepublikken-2.png\",\"width\":1248,\"height\":362,\"caption\":\"Nordnesrepublikken\"},\"image\":{\"@id\":\"https:\/\/nordnesrepublikken.no\/#\/schema\/logo\/image\/\"}},{\"@type\":\"Person\",\"@id\":\"https:\/\/nordnesrepublikken.no\/#\/schema\/person\/2e7e81935bab77882fffb79296240ff1\",\"name\":\"Ole Andersen\",\"image\":{\"@type\":\"ImageObject\",\"inLanguage\":\"nb-NO\",\"@id\":\"https:\/\/nordnesrepublikken.no\/#\/schema\/person\/image\/\",\"url\":\"https:\/\/nordnesrepublikken.no\/wp-content\/uploads\/2025\/02\/nordnesrepublikken-2-2-150x150.jpg\",\"contentUrl\":\"https:\/\/nordnesrepublikken.no\/wp-content\/uploads\/2025\/02\/nordnesrepublikken-2-2-150x150.jpg\",\"caption\":\"Ole Andersen\"},\"description\":\"Ettersom jeg vokste opp i Oslo, har jeg alltid v\u00e6rt fascinert av ordenes kraft og deres evne til \u00e5 skape endringer. Etter \u00e5 ha fullf\u00f8rt min utdannelse i kommunikasjon ved Universitetet i Bergen, fikk jeg muligheten til \u00e5 jobbe innen ulike medier, der jeg har s\u00f8kt \u00e5 belyse viktige samfunnssp\u00f8rsm\u00e5l. I dag, som redakt\u00f8r for Nordnesrepublikken, pr\u00f8ver jeg \u00e5 forene min kj\u00e6rlighet for journalistikk med min lidenskap for innovasjon og eventyr.\",\"sameAs\":[\"https:\/\/nordnesrepublikken.no\/\"]}]}<\/script>\n<!-- \/ Yoast SEO plugin. -->","yoast_head_json":{"title":"Grunnvann av Fegrei -feltene, resultatene av den nye INGV -studien - Nordnesrepublikken","robots":{"index":"index","follow":"follow","max-snippet":"max-snippet:-1","max-image-preview":"max-image-preview:large","max-video-preview":"max-video-preview:-1"},"canonical":"https:\/\/nordnesrepublikken.no\/index.php\/2025\/02\/26\/grunnvann-av-fegrei-feltene-resultatene-av-den-nye-ingv-studien\/","og_locale":"nb_NO","og_type":"article","og_title":"Grunnvann av Fegrei -feltene, resultatene av den nye INGV -studien - Nordnesrepublikken","og_description":"De grunnvann av Caldera Dei CAMPI FREGREI er gjenstand for en Ny studiepublisert i magasinet","og_url":"https:\/\/nordnesrepublikken.no\/index.php\/2025\/02\/26\/grunnvann-av-fegrei-feltene-resultatene-av-den-nye-ingv-studien\/","og_site_name":"Nordnesrepublikken","article_published_time":"2025-02-26T19:50:13+00:00","article_modified_time":"2025-02-26T19:50:17+00:00","og_image":[{"width":2549,"height":1491,"url":"https:\/\/nordnesrepublikken.no\/wp-content\/uploads\/2025\/02\/1740599414_Grunnvann-av-Fegrei-feltene-resultatene-av-den-nye-INGV-studien.jpg","type":"image\/jpeg"}],"author":"Ole Andersen","twitter_card":"summary_large_image","twitter_misc":{"Skrevet av":"Ole Andersen","Ansl. lesetid":"2 minutter"},"schema":{"@context":"https:\/\/schema.org","@graph":[{"@type":"Article","@id":"https:\/\/nordnesrepublikken.no\/index.php\/2025\/02\/26\/grunnvann-av-fegrei-feltene-resultatene-av-den-nye-ingv-studien\/#article","isPartOf":{"@id":"https:\/\/nordnesrepublikken.no\/index.php\/2025\/02\/26\/grunnvann-av-fegrei-feltene-resultatene-av-den-nye-ingv-studien\/"},"author":{"name":"Ole Andersen","@id":"https:\/\/nordnesrepublikken.no\/#\/schema\/person\/2e7e81935bab77882fffb79296240ff1"},"headline":"Grunnvann av Fegrei -feltene, resultatene av den nye INGV -studien","datePublished":"2025-02-26T19:50:13+00:00","dateModified":"2025-02-26T19:50:17+00:00","mainEntityOfPage":{"@id":"https:\/\/nordnesrepublikken.no\/index.php\/2025\/02\/26\/grunnvann-av-fegrei-feltene-resultatene-av-den-nye-ingv-studien\/"},"wordCount":473,"publisher":{"@id":"https:\/\/nordnesrepublikken.no\/#organization"},"image":{"@id":"https:\/\/nordnesrepublikken.no\/index.php\/2025\/02\/26\/grunnvann-av-fegrei-feltene-resultatene-av-den-nye-ingv-studien\/#primaryimage"},"thumbnailUrl":"https:\/\/nordnesrepublikken.no\/wp-content\/uploads\/2025\/02\/1740599414_Grunnvann-av-Fegrei-feltene-resultatene-av-den-nye-INGV-studien.jpg","keywords":["den","Fegrei","feltene","Grunnvann","INGV","nye","resultatene","studien"],"articleSection":["Vitenskap"],"inLanguage":"nb-NO"},{"@type":"WebPage","@id":"https:\/\/nordnesrepublikken.no\/index.php\/2025\/02\/26\/grunnvann-av-fegrei-feltene-resultatene-av-den-nye-ingv-studien\/","url":"https:\/\/nordnesrepublikken.no\/index.php\/2025\/02\/26\/grunnvann-av-fegrei-feltene-resultatene-av-den-nye-ingv-studien\/","name":"Grunnvann av Fegrei -feltene, resultatene av den nye INGV -studien - Nordnesrepublikken","isPartOf":{"@id":"https:\/\/nordnesrepublikken.no\/#website"},"primaryImageOfPage":{"@id":"https:\/\/nordnesrepublikken.no\/index.php\/2025\/02\/26\/grunnvann-av-fegrei-feltene-resultatene-av-den-nye-ingv-studien\/#primaryimage"},"image":{"@id":"https:\/\/nordnesrepublikken.no\/index.php\/2025\/02\/26\/grunnvann-av-fegrei-feltene-resultatene-av-den-nye-ingv-studien\/#primaryimage"},"thumbnailUrl":"https:\/\/nordnesrepublikken.no\/wp-content\/uploads\/2025\/02\/1740599414_Grunnvann-av-Fegrei-feltene-resultatene-av-den-nye-INGV-studien.jpg","datePublished":"2025-02-26T19:50:13+00:00","dateModified":"2025-02-26T19:50:17+00:00","breadcrumb":{"@id":"https:\/\/nordnesrepublikken.no\/index.php\/2025\/02\/26\/grunnvann-av-fegrei-feltene-resultatene-av-den-nye-ingv-studien\/#breadcrumb"},"inLanguage":"nb-NO","potentialAction":[{"@type":"ReadAction","target":["https:\/\/nordnesrepublikken.no\/index.php\/2025\/02\/26\/grunnvann-av-fegrei-feltene-resultatene-av-den-nye-ingv-studien\/"]}]},{"@type":"ImageObject","inLanguage":"nb-NO","@id":"https:\/\/nordnesrepublikken.no\/index.php\/2025\/02\/26\/grunnvann-av-fegrei-feltene-resultatene-av-den-nye-ingv-studien\/#primaryimage","url":"https:\/\/nordnesrepublikken.no\/wp-content\/uploads\/2025\/02\/1740599414_Grunnvann-av-Fegrei-feltene-resultatene-av-den-nye-INGV-studien.jpg","contentUrl":"https:\/\/nordnesrepublikken.no\/wp-content\/uploads\/2025\/02\/1740599414_Grunnvann-av-Fegrei-feltene-resultatene-av-den-nye-INGV-studien.jpg","width":2549,"height":1491,"caption":"Immagine"},{"@type":"BreadcrumbList","@id":"https:\/\/nordnesrepublikken.no\/index.php\/2025\/02\/26\/grunnvann-av-fegrei-feltene-resultatene-av-den-nye-ingv-studien\/#breadcrumb","itemListElement":[{"@type":"ListItem","position":1,"name":"Home","item":"https:\/\/nordnesrepublikken.no\/"},{"@type":"ListItem","position":2,"name":"Grunnvann av Fegrei -feltene, resultatene av den nye INGV -studien"}]},{"@type":"WebSite","@id":"https:\/\/nordnesrepublikken.no\/#website","url":"https:\/\/nordnesrepublikken.no\/","name":"Nordnesrepublikken","description":"Stemmer og Visjoner fra Republikkens Hjerte","publisher":{"@id":"https:\/\/nordnesrepublikken.no\/#organization"},"potentialAction":[{"@type":"SearchAction","target":{"@type":"EntryPoint","urlTemplate":"https:\/\/nordnesrepublikken.no\/?s={search_term_string}"},"query-input":{"@type":"PropertyValueSpecification","valueRequired":true,"valueName":"search_term_string"}}],"inLanguage":"nb-NO"},{"@type":"Organization","@id":"https:\/\/nordnesrepublikken.no\/#organization","name":"Nordnesrepublikken","url":"https:\/\/nordnesrepublikken.no\/","logo":{"@type":"ImageObject","inLanguage":"nb-NO","@id":"https:\/\/nordnesrepublikken.no\/#\/schema\/logo\/image\/","url":"https:\/\/nordnesrepublikken.no\/wp-content\/uploads\/2025\/02\/cropped-nordnesrepublikken-2.png","contentUrl":"https:\/\/nordnesrepublikken.no\/wp-content\/uploads\/2025\/02\/cropped-nordnesrepublikken-2.png","width":1248,"height":362,"caption":"Nordnesrepublikken"},"image":{"@id":"https:\/\/nordnesrepublikken.no\/#\/schema\/logo\/image\/"}},{"@type":"Person","@id":"https:\/\/nordnesrepublikken.no\/#\/schema\/person\/2e7e81935bab77882fffb79296240ff1","name":"Ole Andersen","image":{"@type":"ImageObject","inLanguage":"nb-NO","@id":"https:\/\/nordnesrepublikken.no\/#\/schema\/person\/image\/","url":"https:\/\/nordnesrepublikken.no\/wp-content\/uploads\/2025\/02\/nordnesrepublikken-2-2-150x150.jpg","contentUrl":"https:\/\/nordnesrepublikken.no\/wp-content\/uploads\/2025\/02\/nordnesrepublikken-2-2-150x150.jpg","caption":"Ole Andersen"},"description":"Ettersom jeg vokste opp i Oslo, har jeg alltid v\u00e6rt fascinert av ordenes kraft og deres evne til \u00e5 skape endringer. Etter \u00e5 ha fullf\u00f8rt min utdannelse i kommunikasjon ved Universitetet i Bergen, fikk jeg muligheten til \u00e5 jobbe innen ulike medier, der jeg har s\u00f8kt \u00e5 belyse viktige samfunnssp\u00f8rsm\u00e5l. I dag, som redakt\u00f8r for Nordnesrepublikken, pr\u00f8ver jeg \u00e5 forene min kj\u00e6rlighet for journalistikk med min lidenskap for innovasjon og eventyr.","sameAs":["https:\/\/nordnesrepublikken.no\/"]}]}},"_links":{"self":[{"href":"https:\/\/nordnesrepublikken.no\/index.php\/wp-json\/wp\/v2\/posts\/2726","targetHints":{"allow":["GET"]}}],"collection":[{"href":"https:\/\/nordnesrepublikken.no\/index.php\/wp-json\/wp\/v2\/posts"}],"about":[{"href":"https:\/\/nordnesrepublikken.no\/index.php\/wp-json\/wp\/v2\/types\/post"}],"author":[{"embeddable":true,"href":"https:\/\/nordnesrepublikken.no\/index.php\/wp-json\/wp\/v2\/users\/1"}],"replies":[{"embeddable":true,"href":"https:\/\/nordnesrepublikken.no\/index.php\/wp-json\/wp\/v2\/comments?post=2726"}],"version-history":[{"count":1,"href":"https:\/\/nordnesrepublikken.no\/index.php\/wp-json\/wp\/v2\/posts\/2726\/revisions"}],"predecessor-version":[{"id":2728,"href":"https:\/\/nordnesrepublikken.no\/index.php\/wp-json\/wp\/v2\/posts\/2726\/revisions\/2728"}],"wp:featuredmedia":[{"embeddable":true,"href":"https:\/\/nordnesrepublikken.no\/index.php\/wp-json\/wp\/v2\/media\/2727"}],"wp:attachment":[{"href":"https:\/\/nordnesrepublikken.no\/index.php\/wp-json\/wp\/v2\/media?parent=2726"}],"wp:term":[{"taxonomy":"category","embeddable":true,"href":"https:\/\/nordnesrepublikken.no\/index.php\/wp-json\/wp\/v2\/categories?post=2726"},{"taxonomy":"post_tag","embeddable":true,"href":"https:\/\/nordnesrepublikken.no\/index.php\/wp-json\/wp\/v2\/tags?post=2726"}],"curies":[{"name":"wp","href":"https:\/\/api.w.org\/{rel}","templated":true}]}}