{"id":2704,"date":"2025-02-23T20:50:56","date_gmt":"2025-02-23T19:50:56","guid":{"rendered":"https:\/\/nordnesrepublikken.no\/index.php\/2025\/02\/23\/er-permafrosten-virkelig-sammenslatt-ja-her-er-konsekvensene\/"},"modified":"2025-02-23T20:51:00","modified_gmt":"2025-02-23T19:51:00","slug":"er-permafrosten-virkelig-sammenslatt-ja-her-er-konsekvensene","status":"publish","type":"post","link":"https:\/\/nordnesrepublikken.no\/index.php\/2025\/02\/23\/er-permafrosten-virkelig-sammenslatt-ja-her-er-konsekvensene\/","title":{"rendered":"Er permafrosten virkelig sammensl\u00e5tt? Ja, her er konsekvensene"},"content":{"rendered":"<div>\n      <!-- CONTENT --><\/p>\n<div class=\"cp_wrapper cp_wrapper--fw mb-30 mb-20@tablet\">\n<figure class=\"mm\"><picture class=\"img\" style=\"padding-top:56.25%\"><source  media=\"(min-width: 1024px)\"><source  media=\"(min-width: 768px)\"><\/source><\/source><\/picture><\/figure>\n<\/p><\/div>\n<p>De <strong>permafrost<\/strong> Det er en type jord, best\u00e5ende av is, steiner og sedimenter, som forblir frosset gjennom \u00e5ret og dets <strong>fusjon <\/strong>Det er en av de flere og alvorlige konsekvensene av klimaendringer. Selv om det snakker om det relativt, spiller permafrost en avgj\u00f8rende rolle i <strong>regulering<\/strong> <strong>klima<\/strong> <strong>global<\/strong> Og det er ogs\u00e5 en av komponentene i jordens system <strong>mer f\u00f8lsom<\/strong> til global oppvarming. Fusjonen av denne spesielle typen jord som er typisk for h\u00f8y breddegrad er en<strong> prosess allerede i gang<\/strong>med tap h\u00f8yere enn <strong>10%<\/strong> de siste ti\u00e5rene.<\/p>\n<p>Det som bekymrer mest er ikke s\u00e5 mye fusjon av selve isen, som sin egen<strong> Konsekvenser p\u00e5 milj\u00f8et<\/strong>. Skade p\u00e5 <strong>infrastruktur<\/strong> Og <strong>hjem<\/strong>oppv\u00e5kning av <strong>virus<\/strong> <strong>sovende<\/strong> i hundretusenvis av \u00e5r og den plutselige potensielle frigj\u00f8ringen av Beyond <strong>1700 milliarder tonn<\/strong> <strong>av gass<\/strong> <strong>drivhus<\/strong> I atmosf\u00e6ren er det bare noen av <strong>\u00f8deleggende konsekvenser<\/strong> av dette fenomenet.<\/p>\n<h2>Permafrost: hva det er, hvor det er og hvorfor det blandes<\/h2>\n<p>De <strong>permafrost<\/strong> Det er det laget av land <strong>permanent<\/strong> <strong>frossen<\/strong>det vil si som opprettholdes ved temperaturer nedenfor<strong> 0 \u00b0 C.<\/strong> I minst to \u00e5r p\u00e5 rad. Det finnes hovedsakelig p\u00e5 den nordlige halvkule, i regioner som <strong>Siberia<\/strong>The<strong>Alaska<\/strong>The <strong>Canada<\/strong>The <strong>Gr\u00f8nland<\/strong> og<strong>Tibetansk plat\u00e5<\/strong> og<strong>Island<\/strong>dekker en overflate h\u00f8yere enn <strong>19 millioner km\u00b2<\/strong>lik omtrent 24% av landene som dukket opp i Arktis. P\u00e5 mange omr\u00e5der, permafrost <strong>vedvarer fra den siste istiden<\/strong> og kan n\u00e5 betydelige tykkelser, opp til flere <strong>hundrevis av meter<\/strong>.<\/p>\n<div class=\"cp_wrapper cp_wrapper--fw mb-50\">\n<figure class=\"mm\"><picture class=\"img\" style=\"padding-top:74.830852503383%\"><source  media=\"(min-width: 1024px)\"><source  media=\"(min-width: 768px)\"><img decoding=\"async\" loading=\"lazy\" src=\"https:\/\/climatekids.nasa.gov\/permafrost\/permafrost2.png?im=Resize,width=638;\" alt=\"Bildet viser et omr\u00e5de med fler\u00e5rig frossen jord, kalt permafrost, dominert av det aktive omr\u00e5det, eller det mest overfladiske laget av jorda som fryser og tininger sesongmessig. Studiepoeng: NASA.\" width=\"739\" height=\"553\"><\/source><\/source><\/picture><\/figure>\n<\/p><\/div>\n<p>Denne delen av frossen jord er sannsynligvis et av de naturlige terrestriske systemene som er mest f\u00f8lsomme for klimaendringer. Satellittdata samlet inn mellom <strong>1997<\/strong> og <strong>2018<\/strong>sammen med situasjonsm\u00e5linger, fremhevet de hvordan permafrost -temperaturen har \u00f8kt med omtrent <strong>1 \u00b0 C i flere ti\u00e5r<\/strong>. En studie publisert i <strong>2017<\/strong> I International Scientific Journal <em>Naturens klimaendringer<\/em> antyder at omtrent mellom 2002 og 2012 forsvant de<strong> 3,4 millioner km\u00b2 permafrost<\/strong>. Imidlertid er det et estimat med stor feilmargin (ca. \u00b1 2,3 millioner km\u00b2), p\u00e5 grunn av vanskene relatert til m\u00e5ling av denne variabelen.<\/p>\n<p>De klimatiske modellene indikerer ogs\u00e5 at hvis den globale temperaturen skulle stabilisere seg til <strong>2 \u00b0 C over preindustrielle niv\u00e5er<\/strong> &#8211; maksimal grense satt av <strong>Paris -avtaler<\/strong> &#8211; utover <strong>2,5 millioner km\u00b2 permafrost kunne forsvinne<\/strong>. I det verste scenariet, med en \u00f8kning p\u00e5 omtrent 6 \u00b0 C sammenlignet med preindustrielle niv\u00e5er, kunne permafrosten forsvinne nesten fullstendig.<\/p>\n<h2><strong>Hva er konsekvensene av fusjonen av permafrost<\/strong><\/h2>\n<p>Milj\u00f8p\u00e5virkningen forbundet med avriming av den arktiske permafrost er betydelig og multifaktoriell, og inkluderer frigj\u00f8ring av klimagasser eller virus og naturlige farer som skred og dannelse av kratere.<\/p>\n<h3>Frigj\u00f8ring av klimagasser<\/h3>\n<p>F\u00f8rst av alt inneholder den frosne jorda i permafrosten enorme mengder av <strong>organisk materiale rik p\u00e5 karbon<\/strong>sammensatt av <strong>rester<\/strong> <strong>planter<\/strong> <strong>og dyr<\/strong> som ikke var i stand til \u00e5 dekomponere p\u00e5 grunn av ekstremt stive temperaturer. Imidlertid, med sammensl\u00e5ingen av permafrosten, ville bakterie -nedbrytningsprosessene reaktiveres, noe som f\u00f8rer til produksjon og <strong>Frigj\u00f8ring av klimagasser<\/strong> som et av -produkt.<\/p>\n<p>Flere studier har understreket hvordan permafrostet p\u00e5 den nordlige halvkule inneholder utover <strong>1700 milliarder tonn beregninger av frossen karbon,<\/strong> Ogs\u00e5 i form av metan og karbondioksid. Det er en verdi godt <strong>45 ganger h\u00f8yere<\/strong> til mengden CO<sub>2<\/sub> avgitt av mann i 2023, lik omtrent <strong>3,78 milliarder tonn.<\/strong><\/p>\n<p>Imidlertid er det enn\u00e5 ikke klart hvordan og n\u00e5r dette karbonet kan frigj\u00f8res ut i atmosf\u00e6ren. Noen prognoser indikerer at allerede i det neste <strong>40-60 \u00e5r<\/strong> Det vil v\u00e6re mulig \u00e5 m\u00e5le prakt av klimagasser assosiert med sammensl\u00e5ingen av permafrost. Det verste scenariet involverer en <strong>plutselig l\u00f8slatelse<\/strong> Drivhusgasser, med \u00f8deleggende effekter p\u00e5 milj\u00f8et og uopprettelig kompromitterer ethvert fors\u00f8k p\u00e5 \u00e5 stoppe klimaendringene. Det gunstigste scenariet gir derimot en gradvis frigj\u00f8ring av karbon, slik at forskere kan identifisere seg og ta i bruk passende <strong>inneslutning og tilpasningstiltak<\/strong>.<\/p>\n<div class=\"cp_wrapper cp_wrapper--fw mb-50\">\n<figure class=\"mm\"><picture class=\"img\" style=\"padding-top:74.764890282132%\"><source  media=\"(min-width: 1024px)\"><source  media=\"(min-width: 768px)\"><img decoding=\"async\" loading=\"lazy\" src=\"https:\/\/nordnesrepublikken.no\/wp-content\/uploads\/2025\/02\/1740340253_194_Er-permafrosten-virkelig-sammenslatt-Ja-her-er-konsekvensene.jpg\" alt=\"Iskuner dannet av frysing av vannet som renner nedover i permafrost. Studiepoeng: National Park Service.\" width=\"638\" height=\"477\" class=\"js-seedtag-img\"><\/source><\/source><\/picture><\/figure>\n<\/p><\/div>\n<h3>Skade p\u00e5 strukturer og infrastrukturer<\/h3>\n<p>Fusjonen av permafrost har ogs\u00e5 sterk innvirkning p\u00e5 infrastrukturen. Faktisk i det minste <strong>120 000 bygninger<\/strong>, <strong>40 000 km<\/strong> <strong>av veier og 9 500 km oljer\u00f8rledninger<\/strong> De finnes i omr\u00e5dene med permafrost p\u00e5 den nordlige halvkule. I Russland er over 60% av territoriet okkupert av permafrost.<\/p>\n<p>Med sammensl\u00e5ingen av isen blir overflatemorfologien i omr\u00e5dene n\u00e5r frossen blir <strong>uregelmessig<\/strong>. Isen utf\u00f8rer faktisk en funksjon som ligner p\u00e5 et bindemiddel, og holder sammenhengende kornene til u\u00f8nsket jord. F\u00f8lgelig fenomener av <strong>termokarseisme<\/strong>, <strong>jordskred<\/strong>, <strong>Calanche<\/strong> og andre <strong>overfladiske erosive prosesser<\/strong> Av forskjellige enheter f\u00f8lger ofte fusjonen av permafrost, som representerer en kontinuerlig trussel mot infrastrukturer og hjem.<\/p>\n<p>De negative effektene av dette fenomenet er allerede tydelige i mange arktiske regioner. I byen <strong>Norilsk<\/strong>I Russland har for eksempel i 2020 mange bygninger og hjem f\u00e5tt skader p\u00e5 grunn av jordens svikt, samt en alvorlig<strong> s\u00f8l av diesel<\/strong>. Videre, fra 2013, eksplosjoner for\u00e5rsaket av l\u00f8slatelse av <strong>Gasshydrat<\/strong> Etter avriming av permafrosten genererte de mange <strong>krater<\/strong> <strong>i tundraen<\/strong> <strong>Sibersk<\/strong>.<\/p>\n<h3><strong>Frigj\u00f8ring av virus<\/strong><\/h3>\n<p>Utover organisk og karbonstoff holder permafrostet mange <strong>virus<\/strong>hvorav noen anses som utryddet eller nesten, for eksempel <strong>Bubonic pest og kopper,<\/strong> Som, hvis reitert til oml\u00f8p, kan representere en trussel mot menneskers helse.<\/p>\n<p>Allerede i august av <strong>2016<\/strong>omtrent ti personer i Sibir ble rammet av en epidemi av <strong>miltbrann<\/strong>som ogs\u00e5 for\u00e5rsaket <strong>D\u00f8d av en 12 -\u00e5rig gutt.<\/strong> Forskere har identifisert gaven til smitte i en <strong>RENNA CARCASS gjengitt fra avriming av permafrost<\/strong>. I tillegg inneholder disse isene mikrober som eksisterer fra mye f\u00f8r dagens selskap, hvorav noen dateres tilbake til utover<strong> For 400 000 \u00e5r siden.<\/strong><\/p>\n<div class=\"cp_wrapper cp_wrapper--fw mb-50\">\n<figure class=\"mm\"><picture class=\"img\" style=\"padding-top:166.21621621622%\"><source  media=\"(min-width: 1024px)\"><source  media=\"(min-width: 768px)\"><img decoding=\"async\" loading=\"lazy\" src=\"https:\/\/nordnesrepublikken.no\/wp-content\/uploads\/2025\/02\/1740340255_621_Er-permafrosten-virkelig-sammenslatt-Ja-her-er-konsekvensene.jpg\" alt=\"Hulrom produsert ved avriming av permafrosten. Kreditter: NOAA.\" width=\"740\" height=\"1230\"><\/source><\/source><\/picture><\/figure>\n<\/p><\/div>\n<h3>Lidelser i flora, fauna og milj\u00f8<\/h3>\n<p>Det skal ikke ignoreres hvordan fusjonen av permafrosten forvandler de polare omr\u00e5dene i tundraen til landskap <strong>gj\u00f8rmete<\/strong>bestemme <strong>forsvinning av den lokale floraen<\/strong> Og satte overlevelsen av faunaen som lever i fare i fare.<\/p>\n<p>Videre, n\u00e5r permafrostet som ligger under vannforekomster, som innsj\u00f8er, smelter sammen, infiltrerer vannet bakken og forsvinner, og bidrar til ugyldigheten av t\u00f8rkeforhold.<\/p>\n<div class=\"cp_wrapper cp_wrapper--fw mb-50\">\n<figure class=\"mm\"><picture class=\"img\" style=\"padding-top:75%\"><source  media=\"(min-width: 1024px)\"><source  media=\"(min-width: 768px)\"><img decoding=\"async\" loading=\"lazy\" src=\"https:\/\/nordnesrepublikken.no\/wp-content\/uploads\/2025\/02\/1740340256_501_Er-permafrosten-virkelig-sammenslatt-Ja-her-er-konsekvensene.jpg\" alt=\"Paludosa -omr\u00e5det produsert ved fusjonen av permafrost. Kreditter: NOAA.\" width=\"672\" height=\"504\" class=\"js-seedtag-img\"><\/source><\/source><\/picture><\/figure>\n<\/p><\/div>\n<div class=\"cp_wrapper  mb-50\">\n<div class=\"cbx\">\n<div class=\"cbx__collection\">\n<p>Bibliografi<\/p>\n<div class=\"cbx__sources\">                                                                                                                          Parazoo, NC, Koven, CD, Lawrence, DM, Romanovsky, V. og Miller, CE: Detekterer permafrostkarbon-tilbakemelding: Talik dannet og innkrevd kald-sesong resorts som forl\u00f8pere til synk-til-jowing overganger, kryosf\u00e6ren, 12 , 123\u2013144. Natali, SM, Watts, JD, Rogers, BM et al. Stort tap av CO2 om vinteren observert over den nordlige permafrostregionen. Nat. Klima. Chang. 9, 852\u2013857 (2019). Chadburn, S., Burke, E., Cox, P. et al. En observasjonsbasert begrensning for permafrost-tap som en funksjon av global oppvarming. Nature Clim Change 7, 340\u2013344 (2017). Hjort, J., Streletskiy, D., Dor\u00e9, G. et al. Effekter av permafrostforringelse p\u00e5 infrastruktur. Nat Rev Earth Environ 3, 24\u201338 (2022). Miner, KR, Turetsky, MR, Malina, E. et al. Permafrost karbonutslipp i et skiftende arktisk. Nat Rev Earth Environ 3, 55\u201367 (2022). Schuur, E., McGuire, A., Sch\u00e4del, C. et al. Klimaendringer og permafrost karbon -tilbakemelding. Nature 520, 171\u2013179 (2015). Schneider von Deimling, T., Lee, H., Ingeman-Nielsen, T., Westermann, S., Romanovsky, V., Lamoureux, S., Walker, DA, Chadburn, S., Trochim, E., Cai, L., Nitzbon, J., Jacobi, S., og Langer, M .: Fonsonmers of Permafrost Degradation For Arctic Infrastructure &#8211; Bridging the Model Gap Bethaeen Regional and Engineering Scales, Cryosphere, 15, 2451\u20132471                                                 <\/div>\n<\/p><\/div>\n<\/p><\/div>\n<\/p><\/div>\n<\/p><\/div>\n","protected":false},"excerpt":{"rendered":"<p>De permafrost Det er en type jord, best\u00e5ende av is, steiner og sedimenter, som forblir<\/p>\n","protected":false},"author":1,"featured_media":2705,"comment_status":"closed","ping_status":"open","sticky":false,"template":"","format":"standard","meta":{"footnotes":""},"categories":[26],"tags":[203,226,228,227],"class_list":["post-2704","post","type-post","status-publish","format-standard","has-post-thumbnail","hentry","category-miljo","tag-konsekvensene","tag-permafrosten","tag-sammenslatt","tag-virkelig","generate-columns","tablet-grid-50","mobile-grid-100","grid-parent","grid-33","resize-featured-image"],"yoast_head":"<!-- This site is optimized with the Yoast SEO plugin v24.4 - https:\/\/yoast.com\/wordpress\/plugins\/seo\/ -->\n<title>Er permafrosten virkelig sammensl\u00e5tt? Ja, her er konsekvensene - Nordnesrepublikken<\/title>\n<meta name=\"robots\" content=\"index, follow, max-snippet:-1, max-image-preview:large, max-video-preview:-1\" \/>\n<link rel=\"canonical\" href=\"https:\/\/nordnesrepublikken.no\/index.php\/2025\/02\/23\/er-permafrosten-virkelig-sammenslatt-ja-her-er-konsekvensene\/\" \/>\n<meta property=\"og:locale\" content=\"nb_NO\" \/>\n<meta property=\"og:type\" content=\"article\" \/>\n<meta property=\"og:title\" content=\"Er permafrosten virkelig sammensl\u00e5tt? Ja, her er konsekvensene - Nordnesrepublikken\" \/>\n<meta property=\"og:description\" content=\"De permafrost Det er en type jord, best\u00e5ende av is, steiner og sedimenter, som forblir\" \/>\n<meta property=\"og:url\" content=\"https:\/\/nordnesrepublikken.no\/index.php\/2025\/02\/23\/er-permafrosten-virkelig-sammenslatt-ja-her-er-konsekvensene\/\" \/>\n<meta property=\"og:site_name\" content=\"Nordnesrepublikken\" \/>\n<meta property=\"article:published_time\" content=\"2025-02-23T19:50:56+00:00\" \/>\n<meta property=\"article:modified_time\" content=\"2025-02-23T19:51:00+00:00\" \/>\n<meta property=\"og:image\" content=\"https:\/\/nordnesrepublikken.no\/wp-content\/uploads\/2025\/02\/1740340256_Er-permafrosten-virkelig-sammenslatt-Ja-her-er-konsekvensene.jpg\" \/>\n\t<meta property=\"og:image:width\" content=\"2549\" \/>\n\t<meta property=\"og:image:height\" content=\"1491\" \/>\n\t<meta property=\"og:image:type\" content=\"image\/jpeg\" \/>\n<meta name=\"author\" content=\"Ole Andersen\" \/>\n<meta name=\"twitter:card\" content=\"summary_large_image\" \/>\n<meta name=\"twitter:label1\" content=\"Skrevet av\" \/>\n\t<meta name=\"twitter:data1\" content=\"Ole Andersen\" \/>\n\t<meta name=\"twitter:label2\" content=\"Ansl. lesetid\" \/>\n\t<meta name=\"twitter:data2\" content=\"6 minutter\" \/>\n<script type=\"application\/ld+json\" class=\"yoast-schema-graph\">{\"@context\":\"https:\/\/schema.org\",\"@graph\":[{\"@type\":\"Article\",\"@id\":\"https:\/\/nordnesrepublikken.no\/index.php\/2025\/02\/23\/er-permafrosten-virkelig-sammenslatt-ja-her-er-konsekvensene\/#article\",\"isPartOf\":{\"@id\":\"https:\/\/nordnesrepublikken.no\/index.php\/2025\/02\/23\/er-permafrosten-virkelig-sammenslatt-ja-her-er-konsekvensene\/\"},\"author\":{\"name\":\"Ole Andersen\",\"@id\":\"https:\/\/nordnesrepublikken.no\/#\/schema\/person\/2e7e81935bab77882fffb79296240ff1\"},\"headline\":\"Er permafrosten virkelig sammensl\u00e5tt? Ja, her er konsekvensene\",\"datePublished\":\"2025-02-23T19:50:56+00:00\",\"dateModified\":\"2025-02-23T19:51:00+00:00\",\"mainEntityOfPage\":{\"@id\":\"https:\/\/nordnesrepublikken.no\/index.php\/2025\/02\/23\/er-permafrosten-virkelig-sammenslatt-ja-her-er-konsekvensene\/\"},\"wordCount\":1135,\"publisher\":{\"@id\":\"https:\/\/nordnesrepublikken.no\/#organization\"},\"image\":{\"@id\":\"https:\/\/nordnesrepublikken.no\/index.php\/2025\/02\/23\/er-permafrosten-virkelig-sammenslatt-ja-her-er-konsekvensene\/#primaryimage\"},\"thumbnailUrl\":\"https:\/\/nordnesrepublikken.no\/wp-content\/uploads\/2025\/02\/1740340256_Er-permafrosten-virkelig-sammenslatt-Ja-her-er-konsekvensene.jpg\",\"keywords\":[\"konsekvensene\",\"permafrosten\",\"sammensl\u00e5tt\",\"virkelig\"],\"articleSection\":[\"Milj\u00f8\"],\"inLanguage\":\"nb-NO\"},{\"@type\":\"WebPage\",\"@id\":\"https:\/\/nordnesrepublikken.no\/index.php\/2025\/02\/23\/er-permafrosten-virkelig-sammenslatt-ja-her-er-konsekvensene\/\",\"url\":\"https:\/\/nordnesrepublikken.no\/index.php\/2025\/02\/23\/er-permafrosten-virkelig-sammenslatt-ja-her-er-konsekvensene\/\",\"name\":\"Er permafrosten virkelig sammensl\u00e5tt? Ja, her er konsekvensene - Nordnesrepublikken\",\"isPartOf\":{\"@id\":\"https:\/\/nordnesrepublikken.no\/#website\"},\"primaryImageOfPage\":{\"@id\":\"https:\/\/nordnesrepublikken.no\/index.php\/2025\/02\/23\/er-permafrosten-virkelig-sammenslatt-ja-her-er-konsekvensene\/#primaryimage\"},\"image\":{\"@id\":\"https:\/\/nordnesrepublikken.no\/index.php\/2025\/02\/23\/er-permafrosten-virkelig-sammenslatt-ja-her-er-konsekvensene\/#primaryimage\"},\"thumbnailUrl\":\"https:\/\/nordnesrepublikken.no\/wp-content\/uploads\/2025\/02\/1740340256_Er-permafrosten-virkelig-sammenslatt-Ja-her-er-konsekvensene.jpg\",\"datePublished\":\"2025-02-23T19:50:56+00:00\",\"dateModified\":\"2025-02-23T19:51:00+00:00\",\"breadcrumb\":{\"@id\":\"https:\/\/nordnesrepublikken.no\/index.php\/2025\/02\/23\/er-permafrosten-virkelig-sammenslatt-ja-her-er-konsekvensene\/#breadcrumb\"},\"inLanguage\":\"nb-NO\",\"potentialAction\":[{\"@type\":\"ReadAction\",\"target\":[\"https:\/\/nordnesrepublikken.no\/index.php\/2025\/02\/23\/er-permafrosten-virkelig-sammenslatt-ja-her-er-konsekvensene\/\"]}]},{\"@type\":\"ImageObject\",\"inLanguage\":\"nb-NO\",\"@id\":\"https:\/\/nordnesrepublikken.no\/index.php\/2025\/02\/23\/er-permafrosten-virkelig-sammenslatt-ja-her-er-konsekvensene\/#primaryimage\",\"url\":\"https:\/\/nordnesrepublikken.no\/wp-content\/uploads\/2025\/02\/1740340256_Er-permafrosten-virkelig-sammenslatt-Ja-her-er-konsekvensene.jpg\",\"contentUrl\":\"https:\/\/nordnesrepublikken.no\/wp-content\/uploads\/2025\/02\/1740340256_Er-permafrosten-virkelig-sammenslatt-Ja-her-er-konsekvensene.jpg\",\"width\":2549,\"height\":1491,\"caption\":\"Immagine\"},{\"@type\":\"BreadcrumbList\",\"@id\":\"https:\/\/nordnesrepublikken.no\/index.php\/2025\/02\/23\/er-permafrosten-virkelig-sammenslatt-ja-her-er-konsekvensene\/#breadcrumb\",\"itemListElement\":[{\"@type\":\"ListItem\",\"position\":1,\"name\":\"Home\",\"item\":\"https:\/\/nordnesrepublikken.no\/\"},{\"@type\":\"ListItem\",\"position\":2,\"name\":\"Er permafrosten virkelig sammensl\u00e5tt? Ja, her er konsekvensene\"}]},{\"@type\":\"WebSite\",\"@id\":\"https:\/\/nordnesrepublikken.no\/#website\",\"url\":\"https:\/\/nordnesrepublikken.no\/\",\"name\":\"Nordnesrepublikken\",\"description\":\"Stemmer og Visjoner fra Republikkens Hjerte\",\"publisher\":{\"@id\":\"https:\/\/nordnesrepublikken.no\/#organization\"},\"potentialAction\":[{\"@type\":\"SearchAction\",\"target\":{\"@type\":\"EntryPoint\",\"urlTemplate\":\"https:\/\/nordnesrepublikken.no\/?s={search_term_string}\"},\"query-input\":{\"@type\":\"PropertyValueSpecification\",\"valueRequired\":true,\"valueName\":\"search_term_string\"}}],\"inLanguage\":\"nb-NO\"},{\"@type\":\"Organization\",\"@id\":\"https:\/\/nordnesrepublikken.no\/#organization\",\"name\":\"Nordnesrepublikken\",\"url\":\"https:\/\/nordnesrepublikken.no\/\",\"logo\":{\"@type\":\"ImageObject\",\"inLanguage\":\"nb-NO\",\"@id\":\"https:\/\/nordnesrepublikken.no\/#\/schema\/logo\/image\/\",\"url\":\"https:\/\/nordnesrepublikken.no\/wp-content\/uploads\/2025\/02\/cropped-nordnesrepublikken-2.png\",\"contentUrl\":\"https:\/\/nordnesrepublikken.no\/wp-content\/uploads\/2025\/02\/cropped-nordnesrepublikken-2.png\",\"width\":1248,\"height\":362,\"caption\":\"Nordnesrepublikken\"},\"image\":{\"@id\":\"https:\/\/nordnesrepublikken.no\/#\/schema\/logo\/image\/\"}},{\"@type\":\"Person\",\"@id\":\"https:\/\/nordnesrepublikken.no\/#\/schema\/person\/2e7e81935bab77882fffb79296240ff1\",\"name\":\"Ole Andersen\",\"image\":{\"@type\":\"ImageObject\",\"inLanguage\":\"nb-NO\",\"@id\":\"https:\/\/nordnesrepublikken.no\/#\/schema\/person\/image\/\",\"url\":\"https:\/\/nordnesrepublikken.no\/wp-content\/uploads\/2025\/02\/nordnesrepublikken-2-2-150x150.jpg\",\"contentUrl\":\"https:\/\/nordnesrepublikken.no\/wp-content\/uploads\/2025\/02\/nordnesrepublikken-2-2-150x150.jpg\",\"caption\":\"Ole Andersen\"},\"description\":\"Ettersom jeg vokste opp i Oslo, har jeg alltid v\u00e6rt fascinert av ordenes kraft og deres evne til \u00e5 skape endringer. Etter \u00e5 ha fullf\u00f8rt min utdannelse i kommunikasjon ved Universitetet i Bergen, fikk jeg muligheten til \u00e5 jobbe innen ulike medier, der jeg har s\u00f8kt \u00e5 belyse viktige samfunnssp\u00f8rsm\u00e5l. I dag, som redakt\u00f8r for Nordnesrepublikken, pr\u00f8ver jeg \u00e5 forene min kj\u00e6rlighet for journalistikk med min lidenskap for innovasjon og eventyr.\",\"sameAs\":[\"https:\/\/nordnesrepublikken.no\/\"]}]}<\/script>\n<!-- \/ Yoast SEO plugin. -->","yoast_head_json":{"title":"Er permafrosten virkelig sammensl\u00e5tt? Ja, her er konsekvensene - Nordnesrepublikken","robots":{"index":"index","follow":"follow","max-snippet":"max-snippet:-1","max-image-preview":"max-image-preview:large","max-video-preview":"max-video-preview:-1"},"canonical":"https:\/\/nordnesrepublikken.no\/index.php\/2025\/02\/23\/er-permafrosten-virkelig-sammenslatt-ja-her-er-konsekvensene\/","og_locale":"nb_NO","og_type":"article","og_title":"Er permafrosten virkelig sammensl\u00e5tt? Ja, her er konsekvensene - Nordnesrepublikken","og_description":"De permafrost Det er en type jord, best\u00e5ende av is, steiner og sedimenter, som forblir","og_url":"https:\/\/nordnesrepublikken.no\/index.php\/2025\/02\/23\/er-permafrosten-virkelig-sammenslatt-ja-her-er-konsekvensene\/","og_site_name":"Nordnesrepublikken","article_published_time":"2025-02-23T19:50:56+00:00","article_modified_time":"2025-02-23T19:51:00+00:00","og_image":[{"width":2549,"height":1491,"url":"https:\/\/nordnesrepublikken.no\/wp-content\/uploads\/2025\/02\/1740340256_Er-permafrosten-virkelig-sammenslatt-Ja-her-er-konsekvensene.jpg","type":"image\/jpeg"}],"author":"Ole Andersen","twitter_card":"summary_large_image","twitter_misc":{"Skrevet av":"Ole Andersen","Ansl. lesetid":"6 minutter"},"schema":{"@context":"https:\/\/schema.org","@graph":[{"@type":"Article","@id":"https:\/\/nordnesrepublikken.no\/index.php\/2025\/02\/23\/er-permafrosten-virkelig-sammenslatt-ja-her-er-konsekvensene\/#article","isPartOf":{"@id":"https:\/\/nordnesrepublikken.no\/index.php\/2025\/02\/23\/er-permafrosten-virkelig-sammenslatt-ja-her-er-konsekvensene\/"},"author":{"name":"Ole Andersen","@id":"https:\/\/nordnesrepublikken.no\/#\/schema\/person\/2e7e81935bab77882fffb79296240ff1"},"headline":"Er permafrosten virkelig sammensl\u00e5tt? Ja, her er konsekvensene","datePublished":"2025-02-23T19:50:56+00:00","dateModified":"2025-02-23T19:51:00+00:00","mainEntityOfPage":{"@id":"https:\/\/nordnesrepublikken.no\/index.php\/2025\/02\/23\/er-permafrosten-virkelig-sammenslatt-ja-her-er-konsekvensene\/"},"wordCount":1135,"publisher":{"@id":"https:\/\/nordnesrepublikken.no\/#organization"},"image":{"@id":"https:\/\/nordnesrepublikken.no\/index.php\/2025\/02\/23\/er-permafrosten-virkelig-sammenslatt-ja-her-er-konsekvensene\/#primaryimage"},"thumbnailUrl":"https:\/\/nordnesrepublikken.no\/wp-content\/uploads\/2025\/02\/1740340256_Er-permafrosten-virkelig-sammenslatt-Ja-her-er-konsekvensene.jpg","keywords":["konsekvensene","permafrosten","sammensl\u00e5tt","virkelig"],"articleSection":["Milj\u00f8"],"inLanguage":"nb-NO"},{"@type":"WebPage","@id":"https:\/\/nordnesrepublikken.no\/index.php\/2025\/02\/23\/er-permafrosten-virkelig-sammenslatt-ja-her-er-konsekvensene\/","url":"https:\/\/nordnesrepublikken.no\/index.php\/2025\/02\/23\/er-permafrosten-virkelig-sammenslatt-ja-her-er-konsekvensene\/","name":"Er permafrosten virkelig sammensl\u00e5tt? Ja, her er konsekvensene - Nordnesrepublikken","isPartOf":{"@id":"https:\/\/nordnesrepublikken.no\/#website"},"primaryImageOfPage":{"@id":"https:\/\/nordnesrepublikken.no\/index.php\/2025\/02\/23\/er-permafrosten-virkelig-sammenslatt-ja-her-er-konsekvensene\/#primaryimage"},"image":{"@id":"https:\/\/nordnesrepublikken.no\/index.php\/2025\/02\/23\/er-permafrosten-virkelig-sammenslatt-ja-her-er-konsekvensene\/#primaryimage"},"thumbnailUrl":"https:\/\/nordnesrepublikken.no\/wp-content\/uploads\/2025\/02\/1740340256_Er-permafrosten-virkelig-sammenslatt-Ja-her-er-konsekvensene.jpg","datePublished":"2025-02-23T19:50:56+00:00","dateModified":"2025-02-23T19:51:00+00:00","breadcrumb":{"@id":"https:\/\/nordnesrepublikken.no\/index.php\/2025\/02\/23\/er-permafrosten-virkelig-sammenslatt-ja-her-er-konsekvensene\/#breadcrumb"},"inLanguage":"nb-NO","potentialAction":[{"@type":"ReadAction","target":["https:\/\/nordnesrepublikken.no\/index.php\/2025\/02\/23\/er-permafrosten-virkelig-sammenslatt-ja-her-er-konsekvensene\/"]}]},{"@type":"ImageObject","inLanguage":"nb-NO","@id":"https:\/\/nordnesrepublikken.no\/index.php\/2025\/02\/23\/er-permafrosten-virkelig-sammenslatt-ja-her-er-konsekvensene\/#primaryimage","url":"https:\/\/nordnesrepublikken.no\/wp-content\/uploads\/2025\/02\/1740340256_Er-permafrosten-virkelig-sammenslatt-Ja-her-er-konsekvensene.jpg","contentUrl":"https:\/\/nordnesrepublikken.no\/wp-content\/uploads\/2025\/02\/1740340256_Er-permafrosten-virkelig-sammenslatt-Ja-her-er-konsekvensene.jpg","width":2549,"height":1491,"caption":"Immagine"},{"@type":"BreadcrumbList","@id":"https:\/\/nordnesrepublikken.no\/index.php\/2025\/02\/23\/er-permafrosten-virkelig-sammenslatt-ja-her-er-konsekvensene\/#breadcrumb","itemListElement":[{"@type":"ListItem","position":1,"name":"Home","item":"https:\/\/nordnesrepublikken.no\/"},{"@type":"ListItem","position":2,"name":"Er permafrosten virkelig sammensl\u00e5tt? Ja, her er konsekvensene"}]},{"@type":"WebSite","@id":"https:\/\/nordnesrepublikken.no\/#website","url":"https:\/\/nordnesrepublikken.no\/","name":"Nordnesrepublikken","description":"Stemmer og Visjoner fra Republikkens Hjerte","publisher":{"@id":"https:\/\/nordnesrepublikken.no\/#organization"},"potentialAction":[{"@type":"SearchAction","target":{"@type":"EntryPoint","urlTemplate":"https:\/\/nordnesrepublikken.no\/?s={search_term_string}"},"query-input":{"@type":"PropertyValueSpecification","valueRequired":true,"valueName":"search_term_string"}}],"inLanguage":"nb-NO"},{"@type":"Organization","@id":"https:\/\/nordnesrepublikken.no\/#organization","name":"Nordnesrepublikken","url":"https:\/\/nordnesrepublikken.no\/","logo":{"@type":"ImageObject","inLanguage":"nb-NO","@id":"https:\/\/nordnesrepublikken.no\/#\/schema\/logo\/image\/","url":"https:\/\/nordnesrepublikken.no\/wp-content\/uploads\/2025\/02\/cropped-nordnesrepublikken-2.png","contentUrl":"https:\/\/nordnesrepublikken.no\/wp-content\/uploads\/2025\/02\/cropped-nordnesrepublikken-2.png","width":1248,"height":362,"caption":"Nordnesrepublikken"},"image":{"@id":"https:\/\/nordnesrepublikken.no\/#\/schema\/logo\/image\/"}},{"@type":"Person","@id":"https:\/\/nordnesrepublikken.no\/#\/schema\/person\/2e7e81935bab77882fffb79296240ff1","name":"Ole Andersen","image":{"@type":"ImageObject","inLanguage":"nb-NO","@id":"https:\/\/nordnesrepublikken.no\/#\/schema\/person\/image\/","url":"https:\/\/nordnesrepublikken.no\/wp-content\/uploads\/2025\/02\/nordnesrepublikken-2-2-150x150.jpg","contentUrl":"https:\/\/nordnesrepublikken.no\/wp-content\/uploads\/2025\/02\/nordnesrepublikken-2-2-150x150.jpg","caption":"Ole Andersen"},"description":"Ettersom jeg vokste opp i Oslo, har jeg alltid v\u00e6rt fascinert av ordenes kraft og deres evne til \u00e5 skape endringer. Etter \u00e5 ha fullf\u00f8rt min utdannelse i kommunikasjon ved Universitetet i Bergen, fikk jeg muligheten til \u00e5 jobbe innen ulike medier, der jeg har s\u00f8kt \u00e5 belyse viktige samfunnssp\u00f8rsm\u00e5l. I dag, som redakt\u00f8r for Nordnesrepublikken, pr\u00f8ver jeg \u00e5 forene min kj\u00e6rlighet for journalistikk med min lidenskap for innovasjon og eventyr.","sameAs":["https:\/\/nordnesrepublikken.no\/"]}]}},"_links":{"self":[{"href":"https:\/\/nordnesrepublikken.no\/index.php\/wp-json\/wp\/v2\/posts\/2704","targetHints":{"allow":["GET"]}}],"collection":[{"href":"https:\/\/nordnesrepublikken.no\/index.php\/wp-json\/wp\/v2\/posts"}],"about":[{"href":"https:\/\/nordnesrepublikken.no\/index.php\/wp-json\/wp\/v2\/types\/post"}],"author":[{"embeddable":true,"href":"https:\/\/nordnesrepublikken.no\/index.php\/wp-json\/wp\/v2\/users\/1"}],"replies":[{"embeddable":true,"href":"https:\/\/nordnesrepublikken.no\/index.php\/wp-json\/wp\/v2\/comments?post=2704"}],"version-history":[{"count":1,"href":"https:\/\/nordnesrepublikken.no\/index.php\/wp-json\/wp\/v2\/posts\/2704\/revisions"}],"predecessor-version":[{"id":2706,"href":"https:\/\/nordnesrepublikken.no\/index.php\/wp-json\/wp\/v2\/posts\/2704\/revisions\/2706"}],"wp:featuredmedia":[{"embeddable":true,"href":"https:\/\/nordnesrepublikken.no\/index.php\/wp-json\/wp\/v2\/media\/2705"}],"wp:attachment":[{"href":"https:\/\/nordnesrepublikken.no\/index.php\/wp-json\/wp\/v2\/media?parent=2704"}],"wp:term":[{"taxonomy":"category","embeddable":true,"href":"https:\/\/nordnesrepublikken.no\/index.php\/wp-json\/wp\/v2\/categories?post=2704"},{"taxonomy":"post_tag","embeddable":true,"href":"https:\/\/nordnesrepublikken.no\/index.php\/wp-json\/wp\/v2\/tags?post=2704"}],"curies":[{"name":"wp","href":"https:\/\/api.w.org\/{rel}","templated":true}]}}