{"id":2695,"date":"2025-02-22T18:50:21","date_gmt":"2025-02-22T17:50:21","guid":{"rendered":"https:\/\/nordnesrepublikken.no\/index.php\/2025\/02\/22\/geopolitikk-av-bomull-mellom-sosio-miljoproblemer-og-stotte-fra-1-milliard-mennesker\/"},"modified":"2025-02-22T18:50:24","modified_gmt":"2025-02-22T17:50:24","slug":"geopolitikk-av-bomull-mellom-sosio-miljoproblemer-og-stotte-fra-1-milliard-mennesker","status":"publish","type":"post","link":"https:\/\/nordnesrepublikken.no\/index.php\/2025\/02\/22\/geopolitikk-av-bomull-mellom-sosio-miljoproblemer-og-stotte-fra-1-milliard-mennesker\/","title":{"rendered":"Geopolitikk av bomull, mellom sosio-milj\u00f8problemer og st\u00f8tte fra 1 milliard mennesker"},"content":{"rendered":"<div>\n      <!-- CONTENT --><\/p>\n<div class=\"cp_wrapper cp_wrapper--fw mb-30 mb-20@tablet\">\n<figure class=\"mm\"><picture class=\"img\" style=\"padding-top:56.25%\"><source  media=\"(min-width: 1024px)\"><source  media=\"(min-width: 768px)\"><\/source><\/source><\/picture><\/figure>\n<\/p><\/div>\n<p>Industrien til <strong>bomull<\/strong> er en av <strong>kjede<\/strong> mer eldgamle i historien og utgj\u00f8r i dag en multimfaccen -virksomhet som er indusert i \u00e5ret <strong>2020<\/strong> Garantert n\u00e6ring til Ben <strong>1 milliard mennesker<\/strong>inkludert <strong>100 millioner sm\u00e5b\u00f8nder<\/strong> Eiere av sm\u00e5 tomter. I skyggen av disse tallene er imidlertid andre mindre kjente, men like viktige aspekter skjult, for eksempel <strong>Kamp uten nabolag<\/strong> Blant de viktigste produserende landene, ivrig etter \u00e5 erobre nye markedsskiver, og dyrking og innsamlingspraksis som har produsert autentisk <strong>Milj\u00f8katastrofer<\/strong> Og det <strong>Utnyttelse av hele befolkningen<\/strong>.<\/p>\n<h2><b>Opprinnelse og kort historie med bomullsindustri<\/b><\/h2>\n<p>Bomull er en tekstilfiber oppn\u00e5dd fra Ovatte som pakker inn fr\u00f8ene til buskplantene i sjangeren <em><strong>Gossypium<\/strong><\/em>. I virkeligheten er det flere arter av planter av denne typen som produserer bomull, men i l\u00f8pet av historien har bare fire blitt domestisert, og deretter kommersielt dyrket:<\/p>\n<ul>\n<li><em><strong>Gossypium hirsutum<\/strong><\/em> &#8211; Innf\u00f8dt i Mellom -Amerika, Mexico, Karibia og S\u00f8r -Florida;<\/li>\n<li><em><strong>Gossypium barbadense<\/strong><\/em> &#8211; Innf\u00f8dt i de tropiske regionene i S\u00f8r -Amerika;<\/li>\n<li><em><strong>Gossypium arboreum<\/strong><\/em> &#8211; Innf\u00f8dt i omr\u00e5det til det indiske subkontinentet;<\/li>\n<li><em><strong>Gossypium Herbaceum<\/strong><\/em> &#8211; Innf\u00f8dt i S\u00f8r -Afrika og den arabiske halv\u00f8ya.<\/li>\n<\/ul>\n<p>Av denne grunn er det ingen singel <strong>Opprinnelsessted<\/strong> bomull (i motsetning til tilfellet <strong>kaffe<\/strong>for eksempel), men snarere et sett med steder der et visst antall sivilisasjoner som er forskjellige fra hverandre, har startet domestisering.<\/p>\n<p>Akkurat som det skjedde med andre arter b\u00e5de vegetabilske og dyr som er domestisert av mennesker for deres levebr\u00f8d og\/eller \u00f8konomiske aktiviteter, gjennom historien har de nevnte buskplanter v\u00e6rt gjenstand for en utvelgelsesprosess som favoriserte fremveksten av flest varianter produktive, men det var bare oppfinnelsen av <strong>Bomullsskall<\/strong> ved <strong>Eli Whitney<\/strong> I 1793 (senere patentert 14. mars 1794) for \u00e5 gj\u00f8re prosessen med \u00e5 behandle r\u00e5stoff for industrielle form\u00e5l enkelt (<strong>F\u00f8rste industrielle revolusjon<\/strong>). Selv om den derfor f\u00f8lger med utviklingen av menneskeheten siden eldgamle tider, har bare i en relativt ny tidsspenn bomull har blitt et stort forbrukerprodukt.<\/p>\n<h2><b>De viktigste bomullsproduserende landene<\/b><\/h2>\n<div class=\"cp_wrapper cp_wrapper--fw mb-50\">\n<figure class=\"mm\"><picture class=\"img\" style=\"padding-top:60%\"><source  media=\"(min-width: 1024px)\"><source  media=\"(min-width: 768px)\"><img decoding=\"async\" loading=\"lazy\" src=\"https:\/\/nordnesrepublikken.no\/wp-content\/uploads\/2025\/02\/1740246621_964_Geopolitikk-av-bomull-mellom-sosio-miljoproblemer-og-stotte-fra-1-milliard.jpg\" alt=\"Bilde\" width=\"1600\" height=\"960\"><\/source><\/source><\/picture><\/figure>\n<\/p><\/div>\n<p>I f\u00f8lge data for \u00e5ret <strong>2022<\/strong>den totale produksjonen av bomull av <strong>21 Hovedprodusenter<\/strong> det utgjorde nesten <strong>70 millioner tonn <\/strong>av r\u00e5stoff. Viktig \u00e5 merke seg at disse produsentene representerer et heterogent sett som ser tilstedev\u00e6relsen av <strong>Store asiatiske krefter<\/strong> (som Kina, India og Pakistan), men ogs\u00e5 <strong>USAs Amerika<\/strong>nesten alle <strong>Ex-muslimene i Sovjetunionen<\/strong> (Usbekistan, Turkmenistan, Tagikistan, Kazakistan og Aserbajdsjan), <strong>Latinamerikanske krefter<\/strong> som en \u00f8kning (Brasil, Mexico, Argentina) og til og med en viktig gruppe land i<strong>Afrika Francofona<\/strong> (Burkina Faso, Benin, Mali, Elfenbenskysten, Kamerun).<\/p>\n<p>Generelt sett er faktorene som mest p\u00e5virker bomullsdyrking av klima og milj\u00f8messig karakter. Der <strong>Ideell temperatur<\/strong> For dyrking av bomull er det rundt <strong>Under 25 \u00b0 C<\/strong>. I et intervall mellom 25 og 35 \u00b0 C kan det imidlertid utvikles muggsopp, mens ved 0 \u00b0 C fryser bomull. Et annet sterkt konditioneringselement er <strong>vann ettersp\u00f8rsel<\/strong> s\u00e5 mye at i gjennomsnitt for produksjonen av <strong>1 kg<\/strong> Det trengs bomull <strong>Mellom 8000 og 10.000 liter vann<\/strong> Mens du er i <strong>spesielt t\u00f8rre omr\u00e5der<\/strong> mengden \u00f8ker til og med til <strong>22 500 liter.<\/strong><\/p>\n<h2><b>Den milj\u00f8messige og sosiale effekten av bomull<\/b><\/h2>\n<p>Selv om indusert av bomullsindustrien garanterer n\u00e6ring av over 1 milliard mennesker (2020 data), f\u00e5r arbeiderne i sektoren veldig ofte veldig lav kompensasjon for arbeidet de l\u00e5ner ut. Avhengigheten av bomull av tilf\u00f8rsel av store mengder vann, dessuten risiko <strong>p\u00e5virker tilgjengeligheten av bl\u00e5tt gull negativt<\/strong> for befolkningens behov.<\/p>\n<p>Ikke bare det: utviklingen av <strong>Bomullsavlinger<\/strong> Han var p\u00e5 grunnlag av en av de verste <strong>\u00f8kologiske katastrofer<\/strong> av historien, n\u00e5r <strong>Sovjetiske ledere<\/strong> De bestemte seg for \u00e5 avlede enormt <strong>Vannvolum<\/strong> fra kursene til <strong>Amu Darya og Syr Darya Rivers<\/strong> bringer til <strong>Hanning av Lake Aral<\/strong>.<\/p>\n<p>Utover milj\u00f8p\u00e5virkningen har bomullsindustrien blitt anklaget flere ganger for \u00e5 for\u00e5rsake <strong>&laquo;Slaveri reduksjon&raquo;<\/strong> av hele befolkningen, &laquo;forpliktet&raquo; til \u00e5 jobbe med samlingen av bomull under forhold ved utnyttelsesgrensen. Presise beskyldninger i denne forstand (inkludert utnyttelse av barnearbeid) ble flyttet mot myndighetene i <strong>Eks-sovjetiske stater i Sentral-Asia<\/strong>spesielt<strong>Usbekistan <\/strong>og <strong>Turkmenistan<\/strong>.<\/p>\n<p>Til slutt, fra begynnelsen av 2000 -tallet, noen praksis for <strong>urettferdig konkurranse<\/strong> foretatt av <strong>USAs Amerika<\/strong> De ville ha m\u00f8tt den faste opposisjonen, spesielt p\u00e5 stedet <strong>WTO <\/strong>(World Commerce Organization), av <strong>Brasil<\/strong> og en gruppe afrikanske produsenter som heter <strong>&laquo;Cotton-4&raquo; (Benin, Burkina Faso, Chad og Mali)<\/strong> som samlet ford\u00f8mte &laquo;modus operandi&raquo;, i sin uriktige varsel, av <strong>Tilskudd til bomullsindustrien din<\/strong> Dermed forhindrer andre konkurrenter i \u00e5 erobre Vitali -markedsandeler for \u00e5 f\u00e5 sin \u00f8konomiske utvikling til \u00e5 ta av.<\/p>\n<\/p><\/div>\n","protected":false},"excerpt":{"rendered":"<p>Industrien til bomull er en av kjede mer eldgamle i historien og utgj\u00f8r i dag<\/p>\n","protected":false},"author":1,"featured_media":2696,"comment_status":"closed","ping_status":"open","sticky":false,"template":"","format":"standard","meta":{"footnotes":""},"categories":[23],"tags":[211,125,210,212,36,215,213,214],"class_list":["post-2695","post","type-post","status-publish","format-standard","has-post-thumbnail","hentry","category-politikk","tag-bomull","tag-fra","tag-geopolitikk","tag-mellom","tag-mennesker","tag-milliard","tag-sosiomiljoproblemer","tag-stotte","generate-columns","tablet-grid-50","mobile-grid-100","grid-parent","grid-33","resize-featured-image"],"yoast_head":"<!-- This site is optimized with the Yoast SEO plugin v24.4 - https:\/\/yoast.com\/wordpress\/plugins\/seo\/ -->\n<title>Geopolitikk av bomull, mellom sosio-milj\u00f8problemer og st\u00f8tte fra 1 milliard mennesker - Nordnesrepublikken<\/title>\n<meta name=\"robots\" content=\"index, follow, max-snippet:-1, max-image-preview:large, max-video-preview:-1\" \/>\n<link rel=\"canonical\" href=\"https:\/\/nordnesrepublikken.no\/index.php\/2025\/02\/22\/geopolitikk-av-bomull-mellom-sosio-miljoproblemer-og-stotte-fra-1-milliard-mennesker\/\" \/>\n<meta property=\"og:locale\" content=\"nb_NO\" \/>\n<meta property=\"og:type\" content=\"article\" \/>\n<meta property=\"og:title\" content=\"Geopolitikk av bomull, mellom sosio-milj\u00f8problemer og st\u00f8tte fra 1 milliard mennesker - Nordnesrepublikken\" \/>\n<meta property=\"og:description\" content=\"Industrien til bomull er en av kjede mer eldgamle i historien og utgj\u00f8r i dag\" \/>\n<meta property=\"og:url\" content=\"https:\/\/nordnesrepublikken.no\/index.php\/2025\/02\/22\/geopolitikk-av-bomull-mellom-sosio-miljoproblemer-og-stotte-fra-1-milliard-mennesker\/\" \/>\n<meta property=\"og:site_name\" content=\"Nordnesrepublikken\" \/>\n<meta property=\"article:published_time\" content=\"2025-02-22T17:50:21+00:00\" \/>\n<meta property=\"article:modified_time\" content=\"2025-02-22T17:50:24+00:00\" \/>\n<meta property=\"og:image\" content=\"https:\/\/nordnesrepublikken.no\/wp-content\/uploads\/2025\/02\/1740246623_Geopolitikk-av-bomull-mellom-sosio-miljoproblemer-og-stotte-fra-1-milliard.jpg\" \/>\n\t<meta property=\"og:image:width\" content=\"1280\" \/>\n\t<meta property=\"og:image:height\" content=\"720\" \/>\n\t<meta property=\"og:image:type\" content=\"image\/jpeg\" \/>\n<meta name=\"author\" content=\"Ole Andersen\" \/>\n<meta name=\"twitter:card\" content=\"summary_large_image\" \/>\n<meta name=\"twitter:label1\" content=\"Skrevet av\" \/>\n\t<meta name=\"twitter:data1\" content=\"Ole Andersen\" \/>\n\t<meta name=\"twitter:label2\" content=\"Ansl. lesetid\" \/>\n\t<meta name=\"twitter:data2\" content=\"4 minutter\" \/>\n<script type=\"application\/ld+json\" class=\"yoast-schema-graph\">{\"@context\":\"https:\/\/schema.org\",\"@graph\":[{\"@type\":\"Article\",\"@id\":\"https:\/\/nordnesrepublikken.no\/index.php\/2025\/02\/22\/geopolitikk-av-bomull-mellom-sosio-miljoproblemer-og-stotte-fra-1-milliard-mennesker\/#article\",\"isPartOf\":{\"@id\":\"https:\/\/nordnesrepublikken.no\/index.php\/2025\/02\/22\/geopolitikk-av-bomull-mellom-sosio-miljoproblemer-og-stotte-fra-1-milliard-mennesker\/\"},\"author\":{\"name\":\"Ole Andersen\",\"@id\":\"https:\/\/nordnesrepublikken.no\/#\/schema\/person\/2e7e81935bab77882fffb79296240ff1\"},\"headline\":\"Geopolitikk av bomull, mellom sosio-milj\u00f8problemer og st\u00f8tte fra 1 milliard mennesker\",\"datePublished\":\"2025-02-22T17:50:21+00:00\",\"dateModified\":\"2025-02-22T17:50:24+00:00\",\"mainEntityOfPage\":{\"@id\":\"https:\/\/nordnesrepublikken.no\/index.php\/2025\/02\/22\/geopolitikk-av-bomull-mellom-sosio-miljoproblemer-og-stotte-fra-1-milliard-mennesker\/\"},\"wordCount\":738,\"publisher\":{\"@id\":\"https:\/\/nordnesrepublikken.no\/#organization\"},\"image\":{\"@id\":\"https:\/\/nordnesrepublikken.no\/index.php\/2025\/02\/22\/geopolitikk-av-bomull-mellom-sosio-miljoproblemer-og-stotte-fra-1-milliard-mennesker\/#primaryimage\"},\"thumbnailUrl\":\"https:\/\/nordnesrepublikken.no\/wp-content\/uploads\/2025\/02\/1740246623_Geopolitikk-av-bomull-mellom-sosio-miljoproblemer-og-stotte-fra-1-milliard.jpg\",\"keywords\":[\"bomull\",\"fra\",\"Geopolitikk\",\"mellom\",\"mennesker\",\"milliard\",\"sosiomilj\u00f8problemer\",\"st\u00f8tte\"],\"articleSection\":[\"Politikk\"],\"inLanguage\":\"nb-NO\"},{\"@type\":\"WebPage\",\"@id\":\"https:\/\/nordnesrepublikken.no\/index.php\/2025\/02\/22\/geopolitikk-av-bomull-mellom-sosio-miljoproblemer-og-stotte-fra-1-milliard-mennesker\/\",\"url\":\"https:\/\/nordnesrepublikken.no\/index.php\/2025\/02\/22\/geopolitikk-av-bomull-mellom-sosio-miljoproblemer-og-stotte-fra-1-milliard-mennesker\/\",\"name\":\"Geopolitikk av bomull, mellom sosio-milj\u00f8problemer og st\u00f8tte fra 1 milliard mennesker - Nordnesrepublikken\",\"isPartOf\":{\"@id\":\"https:\/\/nordnesrepublikken.no\/#website\"},\"primaryImageOfPage\":{\"@id\":\"https:\/\/nordnesrepublikken.no\/index.php\/2025\/02\/22\/geopolitikk-av-bomull-mellom-sosio-miljoproblemer-og-stotte-fra-1-milliard-mennesker\/#primaryimage\"},\"image\":{\"@id\":\"https:\/\/nordnesrepublikken.no\/index.php\/2025\/02\/22\/geopolitikk-av-bomull-mellom-sosio-miljoproblemer-og-stotte-fra-1-milliard-mennesker\/#primaryimage\"},\"thumbnailUrl\":\"https:\/\/nordnesrepublikken.no\/wp-content\/uploads\/2025\/02\/1740246623_Geopolitikk-av-bomull-mellom-sosio-miljoproblemer-og-stotte-fra-1-milliard.jpg\",\"datePublished\":\"2025-02-22T17:50:21+00:00\",\"dateModified\":\"2025-02-22T17:50:24+00:00\",\"breadcrumb\":{\"@id\":\"https:\/\/nordnesrepublikken.no\/index.php\/2025\/02\/22\/geopolitikk-av-bomull-mellom-sosio-miljoproblemer-og-stotte-fra-1-milliard-mennesker\/#breadcrumb\"},\"inLanguage\":\"nb-NO\",\"potentialAction\":[{\"@type\":\"ReadAction\",\"target\":[\"https:\/\/nordnesrepublikken.no\/index.php\/2025\/02\/22\/geopolitikk-av-bomull-mellom-sosio-miljoproblemer-og-stotte-fra-1-milliard-mennesker\/\"]}]},{\"@type\":\"ImageObject\",\"inLanguage\":\"nb-NO\",\"@id\":\"https:\/\/nordnesrepublikken.no\/index.php\/2025\/02\/22\/geopolitikk-av-bomull-mellom-sosio-miljoproblemer-og-stotte-fra-1-milliard-mennesker\/#primaryimage\",\"url\":\"https:\/\/nordnesrepublikken.no\/wp-content\/uploads\/2025\/02\/1740246623_Geopolitikk-av-bomull-mellom-sosio-miljoproblemer-og-stotte-fra-1-milliard.jpg\",\"contentUrl\":\"https:\/\/nordnesrepublikken.no\/wp-content\/uploads\/2025\/02\/1740246623_Geopolitikk-av-bomull-mellom-sosio-miljoproblemer-og-stotte-fra-1-milliard.jpg\",\"width\":1280,\"height\":720,\"caption\":\"geopolitica del cotone\"},{\"@type\":\"BreadcrumbList\",\"@id\":\"https:\/\/nordnesrepublikken.no\/index.php\/2025\/02\/22\/geopolitikk-av-bomull-mellom-sosio-miljoproblemer-og-stotte-fra-1-milliard-mennesker\/#breadcrumb\",\"itemListElement\":[{\"@type\":\"ListItem\",\"position\":1,\"name\":\"Home\",\"item\":\"https:\/\/nordnesrepublikken.no\/\"},{\"@type\":\"ListItem\",\"position\":2,\"name\":\"Geopolitikk av bomull, mellom sosio-milj\u00f8problemer og st\u00f8tte fra 1 milliard mennesker\"}]},{\"@type\":\"WebSite\",\"@id\":\"https:\/\/nordnesrepublikken.no\/#website\",\"url\":\"https:\/\/nordnesrepublikken.no\/\",\"name\":\"Nordnesrepublikken\",\"description\":\"Stemmer og Visjoner fra Republikkens Hjerte\",\"publisher\":{\"@id\":\"https:\/\/nordnesrepublikken.no\/#organization\"},\"potentialAction\":[{\"@type\":\"SearchAction\",\"target\":{\"@type\":\"EntryPoint\",\"urlTemplate\":\"https:\/\/nordnesrepublikken.no\/?s={search_term_string}\"},\"query-input\":{\"@type\":\"PropertyValueSpecification\",\"valueRequired\":true,\"valueName\":\"search_term_string\"}}],\"inLanguage\":\"nb-NO\"},{\"@type\":\"Organization\",\"@id\":\"https:\/\/nordnesrepublikken.no\/#organization\",\"name\":\"Nordnesrepublikken\",\"url\":\"https:\/\/nordnesrepublikken.no\/\",\"logo\":{\"@type\":\"ImageObject\",\"inLanguage\":\"nb-NO\",\"@id\":\"https:\/\/nordnesrepublikken.no\/#\/schema\/logo\/image\/\",\"url\":\"https:\/\/nordnesrepublikken.no\/wp-content\/uploads\/2025\/02\/cropped-nordnesrepublikken-2.png\",\"contentUrl\":\"https:\/\/nordnesrepublikken.no\/wp-content\/uploads\/2025\/02\/cropped-nordnesrepublikken-2.png\",\"width\":1248,\"height\":362,\"caption\":\"Nordnesrepublikken\"},\"image\":{\"@id\":\"https:\/\/nordnesrepublikken.no\/#\/schema\/logo\/image\/\"}},{\"@type\":\"Person\",\"@id\":\"https:\/\/nordnesrepublikken.no\/#\/schema\/person\/2e7e81935bab77882fffb79296240ff1\",\"name\":\"Ole Andersen\",\"image\":{\"@type\":\"ImageObject\",\"inLanguage\":\"nb-NO\",\"@id\":\"https:\/\/nordnesrepublikken.no\/#\/schema\/person\/image\/\",\"url\":\"https:\/\/nordnesrepublikken.no\/wp-content\/uploads\/2025\/02\/nordnesrepublikken-2-2-150x150.jpg\",\"contentUrl\":\"https:\/\/nordnesrepublikken.no\/wp-content\/uploads\/2025\/02\/nordnesrepublikken-2-2-150x150.jpg\",\"caption\":\"Ole Andersen\"},\"description\":\"Ettersom jeg vokste opp i Oslo, har jeg alltid v\u00e6rt fascinert av ordenes kraft og deres evne til \u00e5 skape endringer. Etter \u00e5 ha fullf\u00f8rt min utdannelse i kommunikasjon ved Universitetet i Bergen, fikk jeg muligheten til \u00e5 jobbe innen ulike medier, der jeg har s\u00f8kt \u00e5 belyse viktige samfunnssp\u00f8rsm\u00e5l. I dag, som redakt\u00f8r for Nordnesrepublikken, pr\u00f8ver jeg \u00e5 forene min kj\u00e6rlighet for journalistikk med min lidenskap for innovasjon og eventyr.\",\"sameAs\":[\"https:\/\/nordnesrepublikken.no\/\"]}]}<\/script>\n<!-- \/ Yoast SEO plugin. -->","yoast_head_json":{"title":"Geopolitikk av bomull, mellom sosio-milj\u00f8problemer og st\u00f8tte fra 1 milliard mennesker - Nordnesrepublikken","robots":{"index":"index","follow":"follow","max-snippet":"max-snippet:-1","max-image-preview":"max-image-preview:large","max-video-preview":"max-video-preview:-1"},"canonical":"https:\/\/nordnesrepublikken.no\/index.php\/2025\/02\/22\/geopolitikk-av-bomull-mellom-sosio-miljoproblemer-og-stotte-fra-1-milliard-mennesker\/","og_locale":"nb_NO","og_type":"article","og_title":"Geopolitikk av bomull, mellom sosio-milj\u00f8problemer og st\u00f8tte fra 1 milliard mennesker - Nordnesrepublikken","og_description":"Industrien til bomull er en av kjede mer eldgamle i historien og utgj\u00f8r i dag","og_url":"https:\/\/nordnesrepublikken.no\/index.php\/2025\/02\/22\/geopolitikk-av-bomull-mellom-sosio-miljoproblemer-og-stotte-fra-1-milliard-mennesker\/","og_site_name":"Nordnesrepublikken","article_published_time":"2025-02-22T17:50:21+00:00","article_modified_time":"2025-02-22T17:50:24+00:00","og_image":[{"width":1280,"height":720,"url":"https:\/\/nordnesrepublikken.no\/wp-content\/uploads\/2025\/02\/1740246623_Geopolitikk-av-bomull-mellom-sosio-miljoproblemer-og-stotte-fra-1-milliard.jpg","type":"image\/jpeg"}],"author":"Ole Andersen","twitter_card":"summary_large_image","twitter_misc":{"Skrevet av":"Ole Andersen","Ansl. lesetid":"4 minutter"},"schema":{"@context":"https:\/\/schema.org","@graph":[{"@type":"Article","@id":"https:\/\/nordnesrepublikken.no\/index.php\/2025\/02\/22\/geopolitikk-av-bomull-mellom-sosio-miljoproblemer-og-stotte-fra-1-milliard-mennesker\/#article","isPartOf":{"@id":"https:\/\/nordnesrepublikken.no\/index.php\/2025\/02\/22\/geopolitikk-av-bomull-mellom-sosio-miljoproblemer-og-stotte-fra-1-milliard-mennesker\/"},"author":{"name":"Ole Andersen","@id":"https:\/\/nordnesrepublikken.no\/#\/schema\/person\/2e7e81935bab77882fffb79296240ff1"},"headline":"Geopolitikk av bomull, mellom sosio-milj\u00f8problemer og st\u00f8tte fra 1 milliard mennesker","datePublished":"2025-02-22T17:50:21+00:00","dateModified":"2025-02-22T17:50:24+00:00","mainEntityOfPage":{"@id":"https:\/\/nordnesrepublikken.no\/index.php\/2025\/02\/22\/geopolitikk-av-bomull-mellom-sosio-miljoproblemer-og-stotte-fra-1-milliard-mennesker\/"},"wordCount":738,"publisher":{"@id":"https:\/\/nordnesrepublikken.no\/#organization"},"image":{"@id":"https:\/\/nordnesrepublikken.no\/index.php\/2025\/02\/22\/geopolitikk-av-bomull-mellom-sosio-miljoproblemer-og-stotte-fra-1-milliard-mennesker\/#primaryimage"},"thumbnailUrl":"https:\/\/nordnesrepublikken.no\/wp-content\/uploads\/2025\/02\/1740246623_Geopolitikk-av-bomull-mellom-sosio-miljoproblemer-og-stotte-fra-1-milliard.jpg","keywords":["bomull","fra","Geopolitikk","mellom","mennesker","milliard","sosiomilj\u00f8problemer","st\u00f8tte"],"articleSection":["Politikk"],"inLanguage":"nb-NO"},{"@type":"WebPage","@id":"https:\/\/nordnesrepublikken.no\/index.php\/2025\/02\/22\/geopolitikk-av-bomull-mellom-sosio-miljoproblemer-og-stotte-fra-1-milliard-mennesker\/","url":"https:\/\/nordnesrepublikken.no\/index.php\/2025\/02\/22\/geopolitikk-av-bomull-mellom-sosio-miljoproblemer-og-stotte-fra-1-milliard-mennesker\/","name":"Geopolitikk av bomull, mellom sosio-milj\u00f8problemer og st\u00f8tte fra 1 milliard mennesker - Nordnesrepublikken","isPartOf":{"@id":"https:\/\/nordnesrepublikken.no\/#website"},"primaryImageOfPage":{"@id":"https:\/\/nordnesrepublikken.no\/index.php\/2025\/02\/22\/geopolitikk-av-bomull-mellom-sosio-miljoproblemer-og-stotte-fra-1-milliard-mennesker\/#primaryimage"},"image":{"@id":"https:\/\/nordnesrepublikken.no\/index.php\/2025\/02\/22\/geopolitikk-av-bomull-mellom-sosio-miljoproblemer-og-stotte-fra-1-milliard-mennesker\/#primaryimage"},"thumbnailUrl":"https:\/\/nordnesrepublikken.no\/wp-content\/uploads\/2025\/02\/1740246623_Geopolitikk-av-bomull-mellom-sosio-miljoproblemer-og-stotte-fra-1-milliard.jpg","datePublished":"2025-02-22T17:50:21+00:00","dateModified":"2025-02-22T17:50:24+00:00","breadcrumb":{"@id":"https:\/\/nordnesrepublikken.no\/index.php\/2025\/02\/22\/geopolitikk-av-bomull-mellom-sosio-miljoproblemer-og-stotte-fra-1-milliard-mennesker\/#breadcrumb"},"inLanguage":"nb-NO","potentialAction":[{"@type":"ReadAction","target":["https:\/\/nordnesrepublikken.no\/index.php\/2025\/02\/22\/geopolitikk-av-bomull-mellom-sosio-miljoproblemer-og-stotte-fra-1-milliard-mennesker\/"]}]},{"@type":"ImageObject","inLanguage":"nb-NO","@id":"https:\/\/nordnesrepublikken.no\/index.php\/2025\/02\/22\/geopolitikk-av-bomull-mellom-sosio-miljoproblemer-og-stotte-fra-1-milliard-mennesker\/#primaryimage","url":"https:\/\/nordnesrepublikken.no\/wp-content\/uploads\/2025\/02\/1740246623_Geopolitikk-av-bomull-mellom-sosio-miljoproblemer-og-stotte-fra-1-milliard.jpg","contentUrl":"https:\/\/nordnesrepublikken.no\/wp-content\/uploads\/2025\/02\/1740246623_Geopolitikk-av-bomull-mellom-sosio-miljoproblemer-og-stotte-fra-1-milliard.jpg","width":1280,"height":720,"caption":"geopolitica del cotone"},{"@type":"BreadcrumbList","@id":"https:\/\/nordnesrepublikken.no\/index.php\/2025\/02\/22\/geopolitikk-av-bomull-mellom-sosio-miljoproblemer-og-stotte-fra-1-milliard-mennesker\/#breadcrumb","itemListElement":[{"@type":"ListItem","position":1,"name":"Home","item":"https:\/\/nordnesrepublikken.no\/"},{"@type":"ListItem","position":2,"name":"Geopolitikk av bomull, mellom sosio-milj\u00f8problemer og st\u00f8tte fra 1 milliard mennesker"}]},{"@type":"WebSite","@id":"https:\/\/nordnesrepublikken.no\/#website","url":"https:\/\/nordnesrepublikken.no\/","name":"Nordnesrepublikken","description":"Stemmer og Visjoner fra Republikkens Hjerte","publisher":{"@id":"https:\/\/nordnesrepublikken.no\/#organization"},"potentialAction":[{"@type":"SearchAction","target":{"@type":"EntryPoint","urlTemplate":"https:\/\/nordnesrepublikken.no\/?s={search_term_string}"},"query-input":{"@type":"PropertyValueSpecification","valueRequired":true,"valueName":"search_term_string"}}],"inLanguage":"nb-NO"},{"@type":"Organization","@id":"https:\/\/nordnesrepublikken.no\/#organization","name":"Nordnesrepublikken","url":"https:\/\/nordnesrepublikken.no\/","logo":{"@type":"ImageObject","inLanguage":"nb-NO","@id":"https:\/\/nordnesrepublikken.no\/#\/schema\/logo\/image\/","url":"https:\/\/nordnesrepublikken.no\/wp-content\/uploads\/2025\/02\/cropped-nordnesrepublikken-2.png","contentUrl":"https:\/\/nordnesrepublikken.no\/wp-content\/uploads\/2025\/02\/cropped-nordnesrepublikken-2.png","width":1248,"height":362,"caption":"Nordnesrepublikken"},"image":{"@id":"https:\/\/nordnesrepublikken.no\/#\/schema\/logo\/image\/"}},{"@type":"Person","@id":"https:\/\/nordnesrepublikken.no\/#\/schema\/person\/2e7e81935bab77882fffb79296240ff1","name":"Ole Andersen","image":{"@type":"ImageObject","inLanguage":"nb-NO","@id":"https:\/\/nordnesrepublikken.no\/#\/schema\/person\/image\/","url":"https:\/\/nordnesrepublikken.no\/wp-content\/uploads\/2025\/02\/nordnesrepublikken-2-2-150x150.jpg","contentUrl":"https:\/\/nordnesrepublikken.no\/wp-content\/uploads\/2025\/02\/nordnesrepublikken-2-2-150x150.jpg","caption":"Ole Andersen"},"description":"Ettersom jeg vokste opp i Oslo, har jeg alltid v\u00e6rt fascinert av ordenes kraft og deres evne til \u00e5 skape endringer. Etter \u00e5 ha fullf\u00f8rt min utdannelse i kommunikasjon ved Universitetet i Bergen, fikk jeg muligheten til \u00e5 jobbe innen ulike medier, der jeg har s\u00f8kt \u00e5 belyse viktige samfunnssp\u00f8rsm\u00e5l. I dag, som redakt\u00f8r for Nordnesrepublikken, pr\u00f8ver jeg \u00e5 forene min kj\u00e6rlighet for journalistikk med min lidenskap for innovasjon og eventyr.","sameAs":["https:\/\/nordnesrepublikken.no\/"]}]}},"_links":{"self":[{"href":"https:\/\/nordnesrepublikken.no\/index.php\/wp-json\/wp\/v2\/posts\/2695","targetHints":{"allow":["GET"]}}],"collection":[{"href":"https:\/\/nordnesrepublikken.no\/index.php\/wp-json\/wp\/v2\/posts"}],"about":[{"href":"https:\/\/nordnesrepublikken.no\/index.php\/wp-json\/wp\/v2\/types\/post"}],"author":[{"embeddable":true,"href":"https:\/\/nordnesrepublikken.no\/index.php\/wp-json\/wp\/v2\/users\/1"}],"replies":[{"embeddable":true,"href":"https:\/\/nordnesrepublikken.no\/index.php\/wp-json\/wp\/v2\/comments?post=2695"}],"version-history":[{"count":1,"href":"https:\/\/nordnesrepublikken.no\/index.php\/wp-json\/wp\/v2\/posts\/2695\/revisions"}],"predecessor-version":[{"id":2697,"href":"https:\/\/nordnesrepublikken.no\/index.php\/wp-json\/wp\/v2\/posts\/2695\/revisions\/2697"}],"wp:featuredmedia":[{"embeddable":true,"href":"https:\/\/nordnesrepublikken.no\/index.php\/wp-json\/wp\/v2\/media\/2696"}],"wp:attachment":[{"href":"https:\/\/nordnesrepublikken.no\/index.php\/wp-json\/wp\/v2\/media?parent=2695"}],"wp:term":[{"taxonomy":"category","embeddable":true,"href":"https:\/\/nordnesrepublikken.no\/index.php\/wp-json\/wp\/v2\/categories?post=2695"},{"taxonomy":"post_tag","embeddable":true,"href":"https:\/\/nordnesrepublikken.no\/index.php\/wp-json\/wp\/v2\/tags?post=2695"}],"curies":[{"name":"wp","href":"https:\/\/api.w.org\/{rel}","templated":true}]}}