{"id":2689,"date":"2025-02-21T17:50:32","date_gmt":"2025-02-21T16:50:32","guid":{"rendered":"https:\/\/nordnesrepublikken.no\/index.php\/2025\/02\/21\/fordi-trump-kritiserte-zelensky-og-konsekvensene-i-internasjonal-politikk\/"},"modified":"2025-02-21T17:50:33","modified_gmt":"2025-02-21T16:50:33","slug":"fordi-trump-kritiserte-zelensky-og-konsekvensene-i-internasjonal-politikk","status":"publish","type":"post","link":"https:\/\/nordnesrepublikken.no\/index.php\/2025\/02\/21\/fordi-trump-kritiserte-zelensky-og-konsekvensene-i-internasjonal-politikk\/","title":{"rendered":"Fordi Trump kritiserte Zelensky og konsekvensene i internasjonal politikk"},"content":{"rendered":"<div>\n      <!-- CONTENT --><\/p>\n<div class=\"cp_wrapper cp_wrapper--fw mb-30 mb-20@tablet\">\n<figure class=\"mm\"><picture class=\"img\" style=\"padding-top:56.25%\"><source  media=\"(min-width: 1024px)\"><source  media=\"(min-width: 768px)\"><\/source><\/source><\/picture><\/figure>\n<\/p><\/div>\n<p>I noen dager n\u00e5 er usikkerheten om krigens fremtid i Ukraina og konsekvensene p\u00e5 verdens geopolitiske scenario bekymrings opinionen. De <strong>Trump president<\/strong>etter telefonsamtalen til Kreml, ga krevende uttalelser om <strong>President <\/strong><strong>Zelensky<\/strong>definerer ham for eksempel &laquo;en diktator som aldri har blitt valgt&raquo; og en &laquo;middelm\u00e5dig komiker&raquo;, uegnet for den rollen han spiller og tilskriver krigens skyld fremdeles i gang. Det ser ut til at diplomatisk dialog raskt degenererer under det internasjonale samfunnet med \u00f8ynene med <strong>uforutsigbare implikasjoner<\/strong>ogs\u00e5 gitt den p\u00e5st\u00e5tte st\u00f8tten som <strong>Russland<\/strong> av Putin ville motta fra <strong>Nord -Korea<\/strong> i missilproduksjon.<\/p>\n<p>Dette er bakgrunnen som kontekstualiserer erkl\u00e6ringen fra USAs president som definerte den ukrainske motstykket A &laquo;<strong>komisk diktator<\/strong>&laquo;, Med henvisning til det savnede valget i 2019 (umulig \u00e5 utf\u00f8re ettersom krigen hadde p\u00e5lagt kampsportlovene i det ukrainske landet), og sa ogs\u00e5 at godkjenningsindeksen har falt betydelig (omstendighetene dette ikke st\u00f8ttes av visse data). Trump gjentok deretter at Russland er klar til \u00e5 lukke konflikten ved \u00e5 starte fredsforhandlinger.<\/p>\n<p>Den amerikanske presidenten fortalte ogs\u00e5 Fox News at han \u00f8nsket<strong>Ukraina betaler amerikansk bistand<\/strong>som if\u00f8lge ham utgj\u00f8r <strong>300-350 milliarder dollar<\/strong> Sammenlignet med de omtrent 100 milliarder europeiske, og la til at den har bedt om tilsvarende <strong>500 milliarder i sjeldne land<\/strong>forslag om at Kiev if\u00f8lge ham ville ha vesentlig akseptert, men at han faktisk ser ut til \u00e5 ha blitt signert fordi garantiene relatert til sikkerheten til Ukraina ville savne. Zelensky svarte p\u00e5 Trumps uttalelser som understreket at den amerikanske kollegaen er bortskjemte av en <strong>&laquo;Desinformasjonsrom&raquo; <\/strong>Opprettet av Russland og at valget fortsetter \u00e5 v\u00e6re umulig p\u00e5 grunn av de kontinuerlige angrepene.<\/p>\n<p>Holdningen som presidenten fortsetter \u00e5 opprettholde overfor den russisk-ukrainske konflikten, er i samsvar med ideen om et Amerika som m\u00e5 frigj\u00f8re seg fra kriger som ikke interesserer ham fra f\u00f8rste h\u00e5nd og som fremfor alt utgj\u00f8r en viktig \u00f8konomisk utgifter. Det ser ogs\u00e5 ut til at USAs oppmerksomhet \u00f8nsker \u00e5 endre retning ved \u00e5 g\u00e5 mot Kina, og absolutt \u00e5 kunne skryte av vennlige forhold til Moskva og slutte \u00e5 f\u00f4re en dyr krig ville v\u00e6re til stor hjelp i denne forstand. Det Trump sier ser ut til \u00e5 mate en <strong>Filorussisk fortelling<\/strong> Det kan legitimere p\u00e5standene fra Putin og undergrave internasjonal st\u00f8tte til den ukrainske saken, <strong>Isolerer Kiev<\/strong> og sette den i en posisjon av <strong>ulempe<\/strong> I tilfelle av <strong>Fredsforhandlinger<\/strong>.<\/p>\n<p>Den n\u00e5v\u00e6rende situasjonen gj\u00f8r <strong>Geopolitisk fremtid<\/strong> av europeisk jord: mens<strong>EU<\/strong> har godkjent en ny pakke med <strong>Straffer mot Russland<\/strong>tilbaketrekking av amerikanske tropper kan inneb\u00e6re en ukontrollert bevegelsesfrihet for Moskva, for \u00e5 bli avverget, if\u00f8lge <strong>Storbritannia<\/strong> og <strong>Frankrike<\/strong>. Disse to landene ville jobbe med en <strong>Milit\u00e6r omorganisering<\/strong> <strong>europeisk<\/strong> &laquo;Sikkerhet&raquo; for Ukraina, i tilfelle av en &laquo;v\u00e5penhvile&raquo; p\u00e5lagt av aksen<strong> Washington-Mosca<\/strong>. Russland har definert disse mulige handlingene a <strong>&laquo;Direkte uakseptabel trussel&raquo;<\/strong>som antyder muligheten for en ikke -funksjonell reaksjon p\u00e5 denne mulige politiske implikasjonen.<\/p>\n<\/p><\/div>\n","protected":false},"excerpt":{"rendered":"<p>I noen dager n\u00e5 er usikkerheten om krigens fremtid i Ukraina og konsekvensene p\u00e5 verdens<\/p>\n","protected":false},"author":1,"featured_media":2690,"comment_status":"closed","ping_status":"open","sticky":false,"template":"","format":"standard","meta":{"footnotes":""},"categories":[104],"tags":[83,204,203,201,17,61,202],"class_list":["post-2689","post","type-post","status-publish","format-standard","has-post-thumbnail","hentry","category-samfunn","tag-fordi","tag-internasjonal","tag-konsekvensene","tag-kritiserte","tag-politikk","tag-trump","tag-zelensky","generate-columns","tablet-grid-50","mobile-grid-100","grid-parent","grid-33","resize-featured-image"],"yoast_head":"<!-- This site is optimized with the Yoast SEO plugin v24.4 - https:\/\/yoast.com\/wordpress\/plugins\/seo\/ -->\n<title>Fordi Trump kritiserte Zelensky og konsekvensene i internasjonal politikk - Nordnesrepublikken<\/title>\n<meta name=\"robots\" content=\"index, follow, max-snippet:-1, max-image-preview:large, max-video-preview:-1\" \/>\n<link rel=\"canonical\" href=\"https:\/\/nordnesrepublikken.no\/index.php\/2025\/02\/21\/fordi-trump-kritiserte-zelensky-og-konsekvensene-i-internasjonal-politikk\/\" \/>\n<meta property=\"og:locale\" content=\"nb_NO\" \/>\n<meta property=\"og:type\" content=\"article\" \/>\n<meta property=\"og:title\" content=\"Fordi Trump kritiserte Zelensky og konsekvensene i internasjonal politikk - Nordnesrepublikken\" \/>\n<meta property=\"og:description\" content=\"I noen dager n\u00e5 er usikkerheten om krigens fremtid i Ukraina og konsekvensene p\u00e5 verdens\" \/>\n<meta property=\"og:url\" content=\"https:\/\/nordnesrepublikken.no\/index.php\/2025\/02\/21\/fordi-trump-kritiserte-zelensky-og-konsekvensene-i-internasjonal-politikk\/\" \/>\n<meta property=\"og:site_name\" content=\"Nordnesrepublikken\" \/>\n<meta property=\"article:published_time\" content=\"2025-02-21T16:50:32+00:00\" \/>\n<meta property=\"article:modified_time\" content=\"2025-02-21T16:50:33+00:00\" \/>\n<meta property=\"og:image\" content=\"https:\/\/nordnesrepublikken.no\/wp-content\/uploads\/2025\/02\/1740156633_Fordi-Trump-kritiserte-Zelensky-og-konsekvensene-i-internasjonal-politikk.jpeg\" \/>\n\t<meta property=\"og:image:width\" content=\"1043\" \/>\n\t<meta property=\"og:image:height\" content=\"695\" \/>\n\t<meta property=\"og:image:type\" content=\"image\/jpeg\" \/>\n<meta name=\"author\" content=\"Ole Andersen\" \/>\n<meta name=\"twitter:card\" content=\"summary_large_image\" \/>\n<meta name=\"twitter:label1\" content=\"Skrevet av\" \/>\n\t<meta name=\"twitter:data1\" content=\"Ole Andersen\" \/>\n\t<meta name=\"twitter:label2\" content=\"Ansl. lesetid\" \/>\n\t<meta name=\"twitter:data2\" content=\"2 minutter\" \/>\n<script type=\"application\/ld+json\" class=\"yoast-schema-graph\">{\"@context\":\"https:\/\/schema.org\",\"@graph\":[{\"@type\":\"Article\",\"@id\":\"https:\/\/nordnesrepublikken.no\/index.php\/2025\/02\/21\/fordi-trump-kritiserte-zelensky-og-konsekvensene-i-internasjonal-politikk\/#article\",\"isPartOf\":{\"@id\":\"https:\/\/nordnesrepublikken.no\/index.php\/2025\/02\/21\/fordi-trump-kritiserte-zelensky-og-konsekvensene-i-internasjonal-politikk\/\"},\"author\":{\"name\":\"Ole Andersen\",\"@id\":\"https:\/\/nordnesrepublikken.no\/#\/schema\/person\/2e7e81935bab77882fffb79296240ff1\"},\"headline\":\"Fordi Trump kritiserte Zelensky og konsekvensene i internasjonal politikk\",\"datePublished\":\"2025-02-21T16:50:32+00:00\",\"dateModified\":\"2025-02-21T16:50:33+00:00\",\"mainEntityOfPage\":{\"@id\":\"https:\/\/nordnesrepublikken.no\/index.php\/2025\/02\/21\/fordi-trump-kritiserte-zelensky-og-konsekvensene-i-internasjonal-politikk\/\"},\"wordCount\":484,\"publisher\":{\"@id\":\"https:\/\/nordnesrepublikken.no\/#organization\"},\"image\":{\"@id\":\"https:\/\/nordnesrepublikken.no\/index.php\/2025\/02\/21\/fordi-trump-kritiserte-zelensky-og-konsekvensene-i-internasjonal-politikk\/#primaryimage\"},\"thumbnailUrl\":\"https:\/\/nordnesrepublikken.no\/wp-content\/uploads\/2025\/02\/1740156633_Fordi-Trump-kritiserte-Zelensky-og-konsekvensene-i-internasjonal-politikk.jpeg\",\"keywords\":[\"Fordi\",\"internasjonal\",\"konsekvensene\",\"kritiserte\",\"politikk\",\"Trump\",\"Zelensky\"],\"articleSection\":[\"Samfunn\"],\"inLanguage\":\"nb-NO\"},{\"@type\":\"WebPage\",\"@id\":\"https:\/\/nordnesrepublikken.no\/index.php\/2025\/02\/21\/fordi-trump-kritiserte-zelensky-og-konsekvensene-i-internasjonal-politikk\/\",\"url\":\"https:\/\/nordnesrepublikken.no\/index.php\/2025\/02\/21\/fordi-trump-kritiserte-zelensky-og-konsekvensene-i-internasjonal-politikk\/\",\"name\":\"Fordi Trump kritiserte Zelensky og konsekvensene i internasjonal politikk - Nordnesrepublikken\",\"isPartOf\":{\"@id\":\"https:\/\/nordnesrepublikken.no\/#website\"},\"primaryImageOfPage\":{\"@id\":\"https:\/\/nordnesrepublikken.no\/index.php\/2025\/02\/21\/fordi-trump-kritiserte-zelensky-og-konsekvensene-i-internasjonal-politikk\/#primaryimage\"},\"image\":{\"@id\":\"https:\/\/nordnesrepublikken.no\/index.php\/2025\/02\/21\/fordi-trump-kritiserte-zelensky-og-konsekvensene-i-internasjonal-politikk\/#primaryimage\"},\"thumbnailUrl\":\"https:\/\/nordnesrepublikken.no\/wp-content\/uploads\/2025\/02\/1740156633_Fordi-Trump-kritiserte-Zelensky-og-konsekvensene-i-internasjonal-politikk.jpeg\",\"datePublished\":\"2025-02-21T16:50:32+00:00\",\"dateModified\":\"2025-02-21T16:50:33+00:00\",\"breadcrumb\":{\"@id\":\"https:\/\/nordnesrepublikken.no\/index.php\/2025\/02\/21\/fordi-trump-kritiserte-zelensky-og-konsekvensene-i-internasjonal-politikk\/#breadcrumb\"},\"inLanguage\":\"nb-NO\",\"potentialAction\":[{\"@type\":\"ReadAction\",\"target\":[\"https:\/\/nordnesrepublikken.no\/index.php\/2025\/02\/21\/fordi-trump-kritiserte-zelensky-og-konsekvensene-i-internasjonal-politikk\/\"]}]},{\"@type\":\"ImageObject\",\"inLanguage\":\"nb-NO\",\"@id\":\"https:\/\/nordnesrepublikken.no\/index.php\/2025\/02\/21\/fordi-trump-kritiserte-zelensky-og-konsekvensene-i-internasjonal-politikk\/#primaryimage\",\"url\":\"https:\/\/nordnesrepublikken.no\/wp-content\/uploads\/2025\/02\/1740156633_Fordi-Trump-kritiserte-Zelensky-og-konsekvensene-i-internasjonal-politikk.jpeg\",\"contentUrl\":\"https:\/\/nordnesrepublikken.no\/wp-content\/uploads\/2025\/02\/1740156633_Fordi-Trump-kritiserte-Zelensky-og-konsekvensene-i-internasjonal-politikk.jpeg\",\"width\":1043,\"height\":695,\"caption\":\"zelensky\"},{\"@type\":\"BreadcrumbList\",\"@id\":\"https:\/\/nordnesrepublikken.no\/index.php\/2025\/02\/21\/fordi-trump-kritiserte-zelensky-og-konsekvensene-i-internasjonal-politikk\/#breadcrumb\",\"itemListElement\":[{\"@type\":\"ListItem\",\"position\":1,\"name\":\"Home\",\"item\":\"https:\/\/nordnesrepublikken.no\/\"},{\"@type\":\"ListItem\",\"position\":2,\"name\":\"Fordi Trump kritiserte Zelensky og konsekvensene i internasjonal politikk\"}]},{\"@type\":\"WebSite\",\"@id\":\"https:\/\/nordnesrepublikken.no\/#website\",\"url\":\"https:\/\/nordnesrepublikken.no\/\",\"name\":\"Nordnesrepublikken\",\"description\":\"Stemmer og Visjoner fra Republikkens Hjerte\",\"publisher\":{\"@id\":\"https:\/\/nordnesrepublikken.no\/#organization\"},\"potentialAction\":[{\"@type\":\"SearchAction\",\"target\":{\"@type\":\"EntryPoint\",\"urlTemplate\":\"https:\/\/nordnesrepublikken.no\/?s={search_term_string}\"},\"query-input\":{\"@type\":\"PropertyValueSpecification\",\"valueRequired\":true,\"valueName\":\"search_term_string\"}}],\"inLanguage\":\"nb-NO\"},{\"@type\":\"Organization\",\"@id\":\"https:\/\/nordnesrepublikken.no\/#organization\",\"name\":\"Nordnesrepublikken\",\"url\":\"https:\/\/nordnesrepublikken.no\/\",\"logo\":{\"@type\":\"ImageObject\",\"inLanguage\":\"nb-NO\",\"@id\":\"https:\/\/nordnesrepublikken.no\/#\/schema\/logo\/image\/\",\"url\":\"https:\/\/nordnesrepublikken.no\/wp-content\/uploads\/2025\/02\/cropped-nordnesrepublikken-2.png\",\"contentUrl\":\"https:\/\/nordnesrepublikken.no\/wp-content\/uploads\/2025\/02\/cropped-nordnesrepublikken-2.png\",\"width\":1248,\"height\":362,\"caption\":\"Nordnesrepublikken\"},\"image\":{\"@id\":\"https:\/\/nordnesrepublikken.no\/#\/schema\/logo\/image\/\"}},{\"@type\":\"Person\",\"@id\":\"https:\/\/nordnesrepublikken.no\/#\/schema\/person\/2e7e81935bab77882fffb79296240ff1\",\"name\":\"Ole Andersen\",\"image\":{\"@type\":\"ImageObject\",\"inLanguage\":\"nb-NO\",\"@id\":\"https:\/\/nordnesrepublikken.no\/#\/schema\/person\/image\/\",\"url\":\"https:\/\/nordnesrepublikken.no\/wp-content\/uploads\/2025\/02\/nordnesrepublikken-2-2-150x150.jpg\",\"contentUrl\":\"https:\/\/nordnesrepublikken.no\/wp-content\/uploads\/2025\/02\/nordnesrepublikken-2-2-150x150.jpg\",\"caption\":\"Ole Andersen\"},\"description\":\"Ettersom jeg vokste opp i Oslo, har jeg alltid v\u00e6rt fascinert av ordenes kraft og deres evne til \u00e5 skape endringer. Etter \u00e5 ha fullf\u00f8rt min utdannelse i kommunikasjon ved Universitetet i Bergen, fikk jeg muligheten til \u00e5 jobbe innen ulike medier, der jeg har s\u00f8kt \u00e5 belyse viktige samfunnssp\u00f8rsm\u00e5l. I dag, som redakt\u00f8r for Nordnesrepublikken, pr\u00f8ver jeg \u00e5 forene min kj\u00e6rlighet for journalistikk med min lidenskap for innovasjon og eventyr.\",\"sameAs\":[\"https:\/\/nordnesrepublikken.no\/\"]}]}<\/script>\n<!-- \/ Yoast SEO plugin. -->","yoast_head_json":{"title":"Fordi Trump kritiserte Zelensky og konsekvensene i internasjonal politikk - Nordnesrepublikken","robots":{"index":"index","follow":"follow","max-snippet":"max-snippet:-1","max-image-preview":"max-image-preview:large","max-video-preview":"max-video-preview:-1"},"canonical":"https:\/\/nordnesrepublikken.no\/index.php\/2025\/02\/21\/fordi-trump-kritiserte-zelensky-og-konsekvensene-i-internasjonal-politikk\/","og_locale":"nb_NO","og_type":"article","og_title":"Fordi Trump kritiserte Zelensky og konsekvensene i internasjonal politikk - Nordnesrepublikken","og_description":"I noen dager n\u00e5 er usikkerheten om krigens fremtid i Ukraina og konsekvensene p\u00e5 verdens","og_url":"https:\/\/nordnesrepublikken.no\/index.php\/2025\/02\/21\/fordi-trump-kritiserte-zelensky-og-konsekvensene-i-internasjonal-politikk\/","og_site_name":"Nordnesrepublikken","article_published_time":"2025-02-21T16:50:32+00:00","article_modified_time":"2025-02-21T16:50:33+00:00","og_image":[{"width":1043,"height":695,"url":"https:\/\/nordnesrepublikken.no\/wp-content\/uploads\/2025\/02\/1740156633_Fordi-Trump-kritiserte-Zelensky-og-konsekvensene-i-internasjonal-politikk.jpeg","type":"image\/jpeg"}],"author":"Ole Andersen","twitter_card":"summary_large_image","twitter_misc":{"Skrevet av":"Ole Andersen","Ansl. lesetid":"2 minutter"},"schema":{"@context":"https:\/\/schema.org","@graph":[{"@type":"Article","@id":"https:\/\/nordnesrepublikken.no\/index.php\/2025\/02\/21\/fordi-trump-kritiserte-zelensky-og-konsekvensene-i-internasjonal-politikk\/#article","isPartOf":{"@id":"https:\/\/nordnesrepublikken.no\/index.php\/2025\/02\/21\/fordi-trump-kritiserte-zelensky-og-konsekvensene-i-internasjonal-politikk\/"},"author":{"name":"Ole Andersen","@id":"https:\/\/nordnesrepublikken.no\/#\/schema\/person\/2e7e81935bab77882fffb79296240ff1"},"headline":"Fordi Trump kritiserte Zelensky og konsekvensene i internasjonal politikk","datePublished":"2025-02-21T16:50:32+00:00","dateModified":"2025-02-21T16:50:33+00:00","mainEntityOfPage":{"@id":"https:\/\/nordnesrepublikken.no\/index.php\/2025\/02\/21\/fordi-trump-kritiserte-zelensky-og-konsekvensene-i-internasjonal-politikk\/"},"wordCount":484,"publisher":{"@id":"https:\/\/nordnesrepublikken.no\/#organization"},"image":{"@id":"https:\/\/nordnesrepublikken.no\/index.php\/2025\/02\/21\/fordi-trump-kritiserte-zelensky-og-konsekvensene-i-internasjonal-politikk\/#primaryimage"},"thumbnailUrl":"https:\/\/nordnesrepublikken.no\/wp-content\/uploads\/2025\/02\/1740156633_Fordi-Trump-kritiserte-Zelensky-og-konsekvensene-i-internasjonal-politikk.jpeg","keywords":["Fordi","internasjonal","konsekvensene","kritiserte","politikk","Trump","Zelensky"],"articleSection":["Samfunn"],"inLanguage":"nb-NO"},{"@type":"WebPage","@id":"https:\/\/nordnesrepublikken.no\/index.php\/2025\/02\/21\/fordi-trump-kritiserte-zelensky-og-konsekvensene-i-internasjonal-politikk\/","url":"https:\/\/nordnesrepublikken.no\/index.php\/2025\/02\/21\/fordi-trump-kritiserte-zelensky-og-konsekvensene-i-internasjonal-politikk\/","name":"Fordi Trump kritiserte Zelensky og konsekvensene i internasjonal politikk - Nordnesrepublikken","isPartOf":{"@id":"https:\/\/nordnesrepublikken.no\/#website"},"primaryImageOfPage":{"@id":"https:\/\/nordnesrepublikken.no\/index.php\/2025\/02\/21\/fordi-trump-kritiserte-zelensky-og-konsekvensene-i-internasjonal-politikk\/#primaryimage"},"image":{"@id":"https:\/\/nordnesrepublikken.no\/index.php\/2025\/02\/21\/fordi-trump-kritiserte-zelensky-og-konsekvensene-i-internasjonal-politikk\/#primaryimage"},"thumbnailUrl":"https:\/\/nordnesrepublikken.no\/wp-content\/uploads\/2025\/02\/1740156633_Fordi-Trump-kritiserte-Zelensky-og-konsekvensene-i-internasjonal-politikk.jpeg","datePublished":"2025-02-21T16:50:32+00:00","dateModified":"2025-02-21T16:50:33+00:00","breadcrumb":{"@id":"https:\/\/nordnesrepublikken.no\/index.php\/2025\/02\/21\/fordi-trump-kritiserte-zelensky-og-konsekvensene-i-internasjonal-politikk\/#breadcrumb"},"inLanguage":"nb-NO","potentialAction":[{"@type":"ReadAction","target":["https:\/\/nordnesrepublikken.no\/index.php\/2025\/02\/21\/fordi-trump-kritiserte-zelensky-og-konsekvensene-i-internasjonal-politikk\/"]}]},{"@type":"ImageObject","inLanguage":"nb-NO","@id":"https:\/\/nordnesrepublikken.no\/index.php\/2025\/02\/21\/fordi-trump-kritiserte-zelensky-og-konsekvensene-i-internasjonal-politikk\/#primaryimage","url":"https:\/\/nordnesrepublikken.no\/wp-content\/uploads\/2025\/02\/1740156633_Fordi-Trump-kritiserte-Zelensky-og-konsekvensene-i-internasjonal-politikk.jpeg","contentUrl":"https:\/\/nordnesrepublikken.no\/wp-content\/uploads\/2025\/02\/1740156633_Fordi-Trump-kritiserte-Zelensky-og-konsekvensene-i-internasjonal-politikk.jpeg","width":1043,"height":695,"caption":"zelensky"},{"@type":"BreadcrumbList","@id":"https:\/\/nordnesrepublikken.no\/index.php\/2025\/02\/21\/fordi-trump-kritiserte-zelensky-og-konsekvensene-i-internasjonal-politikk\/#breadcrumb","itemListElement":[{"@type":"ListItem","position":1,"name":"Home","item":"https:\/\/nordnesrepublikken.no\/"},{"@type":"ListItem","position":2,"name":"Fordi Trump kritiserte Zelensky og konsekvensene i internasjonal politikk"}]},{"@type":"WebSite","@id":"https:\/\/nordnesrepublikken.no\/#website","url":"https:\/\/nordnesrepublikken.no\/","name":"Nordnesrepublikken","description":"Stemmer og Visjoner fra Republikkens Hjerte","publisher":{"@id":"https:\/\/nordnesrepublikken.no\/#organization"},"potentialAction":[{"@type":"SearchAction","target":{"@type":"EntryPoint","urlTemplate":"https:\/\/nordnesrepublikken.no\/?s={search_term_string}"},"query-input":{"@type":"PropertyValueSpecification","valueRequired":true,"valueName":"search_term_string"}}],"inLanguage":"nb-NO"},{"@type":"Organization","@id":"https:\/\/nordnesrepublikken.no\/#organization","name":"Nordnesrepublikken","url":"https:\/\/nordnesrepublikken.no\/","logo":{"@type":"ImageObject","inLanguage":"nb-NO","@id":"https:\/\/nordnesrepublikken.no\/#\/schema\/logo\/image\/","url":"https:\/\/nordnesrepublikken.no\/wp-content\/uploads\/2025\/02\/cropped-nordnesrepublikken-2.png","contentUrl":"https:\/\/nordnesrepublikken.no\/wp-content\/uploads\/2025\/02\/cropped-nordnesrepublikken-2.png","width":1248,"height":362,"caption":"Nordnesrepublikken"},"image":{"@id":"https:\/\/nordnesrepublikken.no\/#\/schema\/logo\/image\/"}},{"@type":"Person","@id":"https:\/\/nordnesrepublikken.no\/#\/schema\/person\/2e7e81935bab77882fffb79296240ff1","name":"Ole Andersen","image":{"@type":"ImageObject","inLanguage":"nb-NO","@id":"https:\/\/nordnesrepublikken.no\/#\/schema\/person\/image\/","url":"https:\/\/nordnesrepublikken.no\/wp-content\/uploads\/2025\/02\/nordnesrepublikken-2-2-150x150.jpg","contentUrl":"https:\/\/nordnesrepublikken.no\/wp-content\/uploads\/2025\/02\/nordnesrepublikken-2-2-150x150.jpg","caption":"Ole Andersen"},"description":"Ettersom jeg vokste opp i Oslo, har jeg alltid v\u00e6rt fascinert av ordenes kraft og deres evne til \u00e5 skape endringer. Etter \u00e5 ha fullf\u00f8rt min utdannelse i kommunikasjon ved Universitetet i Bergen, fikk jeg muligheten til \u00e5 jobbe innen ulike medier, der jeg har s\u00f8kt \u00e5 belyse viktige samfunnssp\u00f8rsm\u00e5l. I dag, som redakt\u00f8r for Nordnesrepublikken, pr\u00f8ver jeg \u00e5 forene min kj\u00e6rlighet for journalistikk med min lidenskap for innovasjon og eventyr.","sameAs":["https:\/\/nordnesrepublikken.no\/"]}]}},"_links":{"self":[{"href":"https:\/\/nordnesrepublikken.no\/index.php\/wp-json\/wp\/v2\/posts\/2689","targetHints":{"allow":["GET"]}}],"collection":[{"href":"https:\/\/nordnesrepublikken.no\/index.php\/wp-json\/wp\/v2\/posts"}],"about":[{"href":"https:\/\/nordnesrepublikken.no\/index.php\/wp-json\/wp\/v2\/types\/post"}],"author":[{"embeddable":true,"href":"https:\/\/nordnesrepublikken.no\/index.php\/wp-json\/wp\/v2\/users\/1"}],"replies":[{"embeddable":true,"href":"https:\/\/nordnesrepublikken.no\/index.php\/wp-json\/wp\/v2\/comments?post=2689"}],"version-history":[{"count":1,"href":"https:\/\/nordnesrepublikken.no\/index.php\/wp-json\/wp\/v2\/posts\/2689\/revisions"}],"predecessor-version":[{"id":2691,"href":"https:\/\/nordnesrepublikken.no\/index.php\/wp-json\/wp\/v2\/posts\/2689\/revisions\/2691"}],"wp:featuredmedia":[{"embeddable":true,"href":"https:\/\/nordnesrepublikken.no\/index.php\/wp-json\/wp\/v2\/media\/2690"}],"wp:attachment":[{"href":"https:\/\/nordnesrepublikken.no\/index.php\/wp-json\/wp\/v2\/media?parent=2689"}],"wp:term":[{"taxonomy":"category","embeddable":true,"href":"https:\/\/nordnesrepublikken.no\/index.php\/wp-json\/wp\/v2\/categories?post=2689"},{"taxonomy":"post_tag","embeddable":true,"href":"https:\/\/nordnesrepublikken.no\/index.php\/wp-json\/wp\/v2\/tags?post=2689"}],"curies":[{"name":"wp","href":"https:\/\/api.w.org\/{rel}","templated":true}]}}