{"id":2676,"date":"2025-02-20T19:52:38","date_gmt":"2025-02-20T18:52:38","guid":{"rendered":"https:\/\/nordnesrepublikken.no\/index.php\/2025\/02\/20\/radioaktiv-anomali-i-stillehavet-skyldes-kanskje-kosmiske-hendelser-det-vi-vet\/"},"modified":"2025-02-20T19:52:39","modified_gmt":"2025-02-20T18:52:39","slug":"radioaktiv-anomali-i-stillehavet-skyldes-kanskje-kosmiske-hendelser-det-vi-vet","status":"publish","type":"post","link":"https:\/\/nordnesrepublikken.no\/index.php\/2025\/02\/20\/radioaktiv-anomali-i-stillehavet-skyldes-kanskje-kosmiske-hendelser-det-vi-vet\/","title":{"rendered":"Radioaktiv anomali i Stillehavet skyldes kanskje kosmiske hendelser: det vi vet"},"content":{"rendered":"<div>\n      <!-- CONTENT --><\/p>\n<div class=\"cp_wrapper cp_wrapper--fw mb-30 mb-20@tablet\">\n<figure class=\"mm\"><picture class=\"img\" style=\"padding-top:56.25%\"><source  media=\"(min-width: 1024px)\"><source  media=\"(min-width: 768px)\"><\/source><\/source><\/picture><\/figure>\n<\/p><\/div>\n<p>En mystisk akkumulering av <strong>Beerillium-10<\/strong>a <strong>Radioaktiv isotop<\/strong> av Beerillium, ble oppdaget i to omr\u00e5der av<strong>Stillehavet<\/strong> Fra et team av tyske og australske forskere: forklaringen kan v\u00e6re geologisk eller klima, eller ogs\u00e5 <strong>Astrofysikk<\/strong>p\u00e5 grunn av kosmiske hendelser suksesser for rundt 10 millioner \u00e5r siden.<\/p>\n<p>Studien, publisert i magasinet <em>Naturkommunikasjon<\/em>forklarer hvordan denne anomalien ble funnet i <strong>pr\u00f8ver av havbunnen<\/strong> i nord og i sentrum av havet, som dateres tilbake til for omtrent 10 millioner \u00e5r siden. I disse pr\u00f8vene er konsentrasjonen av beryllium-10 <strong>2 ganger h\u00f8yere enn forventet<\/strong>. De mest sannsynlige \u00e5rsakene, if\u00f8lge forskere, er eller av <strong>Terrestrisk natur<\/strong>en variasjon i havstr\u00f8mmer, eller <strong>Astrofysisk natur<\/strong>med en \u00f8kning i kosmiske str\u00e5ler p\u00e5 grunn av eksplosjonen av en <strong>Supernova<\/strong>. Beerillium produseres faktisk ved interaksjon av kosmiske str\u00e5ler med oksygen og atmosf\u00e6risk nitrogen. For \u00e5 identifisere den eksakte \u00e5rsaken, har forskere tenkt \u00e5 analysere flere pr\u00f8ver og oppfordre andre forskerteam til \u00e5 gjennomf\u00f8re ytterligere studier.<\/p>\n<p>Hvis anomalien ble observert globalt, ville den styrke den astrofysiske hypotesen. Imidlertid, hvis det bare forekommer i spesifikke regioner, vil endringene i havstr\u00f8mmer v\u00e6re den mest sannsynlige forklaringen. Oppdagelsen kan hjelpe forskere med \u00e5 <strong>rekonstruere hendelser<\/strong> Som planeten v\u00e5r har m\u00f8tt de siste 10 millioner \u00e5rene.<\/p>\n<h2>Oppdagelsen av den radioaktive anomalien: akkumulering av beryllium-10<\/h2>\n<p>I studien publisert i magasinet <em>Naturkommunikasjon<\/em>Forskerne av Helmholtz Center og University of Dresden i Tyskland og National University of Australia, rapporterte oppdagelsen av en <strong>uventet konsentrasjon av beryllium-10<\/strong> I pr\u00f8ver av havbunnen av den sentrale og nordlige delen av Stillehavet. Beerillium-10 er en <strong>Radioaktiv isotop<\/strong> av Beerillium, det vil si et atom utstyrt med samme antall protoner som beryllium, men forskjellige antall n\u00f8ytroner. Isotoper er ofte ikke veldig stabile og radioaktive, r\u00e5tnende i andre elementer, i dette tilfellet, <strong>bor<\/strong>med en<strong> halvering av tid <\/strong>om<strong> 1,4 millioner \u00e5r<\/strong>.<\/p>\n<p>Beerillium-10 dannes i atmosf\u00e6ren n\u00e5r jeg <strong>Kosmiske str\u00e5ler<\/strong>energiladede partikler, samhandle med<strong>oksygen<\/strong> el &#8216;<strong>nitrogen<\/strong> I atmosf\u00e6ren. N\u00e5r den er dannet, n\u00e5r beryllium-10 jordens overflate for <strong>nedb\u00f8r<\/strong> Vel ja <strong>akkumulere gradvis<\/strong>. Tilstedev\u00e6relsen er spesielt synlig p\u00e5 <strong>havsedimenter<\/strong>Siden dette er omr\u00e5der, er en slags geologiske arkiver av planeten, blant de mest uforurensede p\u00e5 kloden. Fra analysen av konsentrasjonen av beryllium-10 og kjent dens halveringstid, kan forskere <strong>Dato havsedimentene. <\/strong><\/p>\n<p>Analysere pr\u00f8vene samlet med en <strong>massespektrometer<\/strong>et instrument som er i stand til \u00e5 m\u00e5le overflod av isotoper av et bestemt element, har forskere lagt merke til at i havbunnlagene som dateres tilbake til <strong>For 10 millioner \u00e5r siden<\/strong>konsentrasjonen av beryllium-10 er <strong>To ganger den forventningen<\/strong>. For \u00e5 utelukke muligheten for forurensning unders\u00f8kte teamet ytterligere pr\u00f8ver, som avsl\u00f8rte den samme anomalien, og bekreftet at det var et reelt fenomen.<\/p>\n<h2>De mulige forklaringene p\u00e5 akkumulering av Berlin-10 i Stillehavet<\/h2>\n<p>Forskere i sin artikkel formulerte to typer forklaringer for uvanlig akkumulering av beryllium-10 i Stillehavet. Den f\u00f8rste er av <strong>Terrestrisk opprinnelse<\/strong> og best\u00e5r av en <strong>drastisk endring av havstr\u00f8mmer<\/strong> n\u00e6r Antarktis som fant sted for mellom 10 og 12 millioner \u00e5r siden. Denne endringen kan ha f\u00f8rt til en ikke-ensartet fordeling av beryllium-10s p\u00e5 planeten, noe som for\u00e5rsaker en akkumulering i det fredelige hav.<\/p>\n<p>Den andre typen forklaring er i stedet for <strong>Astrofysisk natur<\/strong>. Forskere spekulerer faktisk at, omtrent <strong>For 10 millioner \u00e5r siden<\/strong>en massestjerne st\u00f8rre enn 8 solmasser kan ha eksplodert som <strong>Supernova<\/strong> P\u00e5 slutten av ens liv. Denne hendelsen genererer en <strong>Stor mengde kosmiske str\u00e5ler<\/strong>det vil si elektrisk lastet med h\u00f8ye energipartikler. Forutsatt at supernovaen har eksplodert ganske n\u00e6r jorden, kan den plutselige \u00f8kningen i str\u00f8mmen av kosmiske str\u00e5ler ha f\u00f8rt til en p\u00e5f\u00f8lgende<strong> \u00d8kning i produksjonen av beryllium-10<\/strong> Ved interaksjon av de kosmiske str\u00e5lene selv med oksygen og nitrogen i atmosf\u00e6ren.<\/p>\n<p>Alltid faller innenfor forklaringene p\u00e5 <strong>Astrofysisk natur<\/strong> Dette er hva v\u00e5re millioner \u00e5r siden solsystemet v\u00e5rt ville ha gjennom en <strong>Gassinterstellare skyer<\/strong> tett og kulde som ville ha for\u00e5rsaket en endring i<strong>heliosf\u00e6re<\/strong>. Det siste er regionen for solinnflytelse som hjelper til med \u00e5 beskytte planeten v\u00e5r mot handlingen av kosmiske str\u00e5ler som kommer utenfor solsystemet. Reduksjonen kan f\u00f8re til en \u00f8kning i disse str\u00e5lene og derfor en \u00f8kning i produksjonen av beryllium-10 i atmosf\u00e6ren.<\/p>\n<\/p><\/div>\n","protected":false},"excerpt":{"rendered":"<p>En mystisk akkumulering av Beerillium-10a Radioaktiv isotop av Beerillium, ble oppdaget i to omr\u00e5der avStillehavet<\/p>\n","protected":false},"author":1,"featured_media":2677,"comment_status":"closed","ping_status":"open","sticky":false,"template":"","format":"standard","meta":{"footnotes":""},"categories":[26],"tags":[190,66,194,193,75,189,192,191,73],"class_list":["post-2676","post","type-post","status-publish","format-standard","has-post-thumbnail","hentry","category-miljo","tag-anomali","tag-det","tag-hendelser","tag-kanskje","tag-kosmiske","tag-radioaktiv","tag-skyldes","tag-stillehavet","tag-vet","generate-columns","tablet-grid-50","mobile-grid-100","grid-parent","grid-33","resize-featured-image"],"yoast_head":"<!-- This site is optimized with the Yoast SEO plugin v24.4 - https:\/\/yoast.com\/wordpress\/plugins\/seo\/ -->\n<title>Radioaktiv anomali i Stillehavet skyldes kanskje kosmiske hendelser: det vi vet - Nordnesrepublikken<\/title>\n<meta name=\"robots\" content=\"index, follow, max-snippet:-1, max-image-preview:large, max-video-preview:-1\" \/>\n<link rel=\"canonical\" href=\"https:\/\/nordnesrepublikken.no\/index.php\/2025\/02\/20\/radioaktiv-anomali-i-stillehavet-skyldes-kanskje-kosmiske-hendelser-det-vi-vet\/\" \/>\n<meta property=\"og:locale\" content=\"nb_NO\" \/>\n<meta property=\"og:type\" content=\"article\" \/>\n<meta property=\"og:title\" content=\"Radioaktiv anomali i Stillehavet skyldes kanskje kosmiske hendelser: det vi vet - Nordnesrepublikken\" \/>\n<meta property=\"og:description\" content=\"En mystisk akkumulering av Beerillium-10a Radioaktiv isotop av Beerillium, ble oppdaget i to omr\u00e5der avStillehavet\" \/>\n<meta property=\"og:url\" content=\"https:\/\/nordnesrepublikken.no\/index.php\/2025\/02\/20\/radioaktiv-anomali-i-stillehavet-skyldes-kanskje-kosmiske-hendelser-det-vi-vet\/\" \/>\n<meta property=\"og:site_name\" content=\"Nordnesrepublikken\" \/>\n<meta property=\"article:published_time\" content=\"2025-02-20T18:52:38+00:00\" \/>\n<meta property=\"article:modified_time\" content=\"2025-02-20T18:52:39+00:00\" \/>\n<meta property=\"og:image\" content=\"https:\/\/nordnesrepublikken.no\/wp-content\/uploads\/2025\/02\/1740077558_Radioaktiv-anomali-i-Stillehavet-skyldes-kanskje-kosmiske-hendelser-det-vi.jpeg\" \/>\n\t<meta property=\"og:image:width\" content=\"1277\" \/>\n\t<meta property=\"og:image:height\" content=\"725\" \/>\n\t<meta property=\"og:image:type\" content=\"image\/jpeg\" \/>\n<meta name=\"author\" content=\"Ole Andersen\" \/>\n<meta name=\"twitter:card\" content=\"summary_large_image\" \/>\n<meta name=\"twitter:label1\" content=\"Skrevet av\" \/>\n\t<meta name=\"twitter:data1\" content=\"Ole Andersen\" \/>\n\t<meta name=\"twitter:label2\" content=\"Ansl. lesetid\" \/>\n\t<meta name=\"twitter:data2\" content=\"4 minutter\" \/>\n<script type=\"application\/ld+json\" class=\"yoast-schema-graph\">{\"@context\":\"https:\/\/schema.org\",\"@graph\":[{\"@type\":\"Article\",\"@id\":\"https:\/\/nordnesrepublikken.no\/index.php\/2025\/02\/20\/radioaktiv-anomali-i-stillehavet-skyldes-kanskje-kosmiske-hendelser-det-vi-vet\/#article\",\"isPartOf\":{\"@id\":\"https:\/\/nordnesrepublikken.no\/index.php\/2025\/02\/20\/radioaktiv-anomali-i-stillehavet-skyldes-kanskje-kosmiske-hendelser-det-vi-vet\/\"},\"author\":{\"name\":\"Ole Andersen\",\"@id\":\"https:\/\/nordnesrepublikken.no\/#\/schema\/person\/2e7e81935bab77882fffb79296240ff1\"},\"headline\":\"Radioaktiv anomali i Stillehavet skyldes kanskje kosmiske hendelser: det vi vet\",\"datePublished\":\"2025-02-20T18:52:38+00:00\",\"dateModified\":\"2025-02-20T18:52:39+00:00\",\"mainEntityOfPage\":{\"@id\":\"https:\/\/nordnesrepublikken.no\/index.php\/2025\/02\/20\/radioaktiv-anomali-i-stillehavet-skyldes-kanskje-kosmiske-hendelser-det-vi-vet\/\"},\"wordCount\":716,\"publisher\":{\"@id\":\"https:\/\/nordnesrepublikken.no\/#organization\"},\"image\":{\"@id\":\"https:\/\/nordnesrepublikken.no\/index.php\/2025\/02\/20\/radioaktiv-anomali-i-stillehavet-skyldes-kanskje-kosmiske-hendelser-det-vi-vet\/#primaryimage\"},\"thumbnailUrl\":\"https:\/\/nordnesrepublikken.no\/wp-content\/uploads\/2025\/02\/1740077558_Radioaktiv-anomali-i-Stillehavet-skyldes-kanskje-kosmiske-hendelser-det-vi.jpeg\",\"keywords\":[\"anomali\",\"Det\",\"hendelser\",\"kanskje\",\"kosmiske\",\"Radioaktiv\",\"skyldes\",\"Stillehavet\",\"vet\"],\"articleSection\":[\"Milj\u00f8\"],\"inLanguage\":\"nb-NO\"},{\"@type\":\"WebPage\",\"@id\":\"https:\/\/nordnesrepublikken.no\/index.php\/2025\/02\/20\/radioaktiv-anomali-i-stillehavet-skyldes-kanskje-kosmiske-hendelser-det-vi-vet\/\",\"url\":\"https:\/\/nordnesrepublikken.no\/index.php\/2025\/02\/20\/radioaktiv-anomali-i-stillehavet-skyldes-kanskje-kosmiske-hendelser-det-vi-vet\/\",\"name\":\"Radioaktiv anomali i Stillehavet skyldes kanskje kosmiske hendelser: det vi vet - Nordnesrepublikken\",\"isPartOf\":{\"@id\":\"https:\/\/nordnesrepublikken.no\/#website\"},\"primaryImageOfPage\":{\"@id\":\"https:\/\/nordnesrepublikken.no\/index.php\/2025\/02\/20\/radioaktiv-anomali-i-stillehavet-skyldes-kanskje-kosmiske-hendelser-det-vi-vet\/#primaryimage\"},\"image\":{\"@id\":\"https:\/\/nordnesrepublikken.no\/index.php\/2025\/02\/20\/radioaktiv-anomali-i-stillehavet-skyldes-kanskje-kosmiske-hendelser-det-vi-vet\/#primaryimage\"},\"thumbnailUrl\":\"https:\/\/nordnesrepublikken.no\/wp-content\/uploads\/2025\/02\/1740077558_Radioaktiv-anomali-i-Stillehavet-skyldes-kanskje-kosmiske-hendelser-det-vi.jpeg\",\"datePublished\":\"2025-02-20T18:52:38+00:00\",\"dateModified\":\"2025-02-20T18:52:39+00:00\",\"breadcrumb\":{\"@id\":\"https:\/\/nordnesrepublikken.no\/index.php\/2025\/02\/20\/radioaktiv-anomali-i-stillehavet-skyldes-kanskje-kosmiske-hendelser-det-vi-vet\/#breadcrumb\"},\"inLanguage\":\"nb-NO\",\"potentialAction\":[{\"@type\":\"ReadAction\",\"target\":[\"https:\/\/nordnesrepublikken.no\/index.php\/2025\/02\/20\/radioaktiv-anomali-i-stillehavet-skyldes-kanskje-kosmiske-hendelser-det-vi-vet\/\"]}]},{\"@type\":\"ImageObject\",\"inLanguage\":\"nb-NO\",\"@id\":\"https:\/\/nordnesrepublikken.no\/index.php\/2025\/02\/20\/radioaktiv-anomali-i-stillehavet-skyldes-kanskje-kosmiske-hendelser-det-vi-vet\/#primaryimage\",\"url\":\"https:\/\/nordnesrepublikken.no\/wp-content\/uploads\/2025\/02\/1740077558_Radioaktiv-anomali-i-Stillehavet-skyldes-kanskje-kosmiske-hendelser-det-vi.jpeg\",\"contentUrl\":\"https:\/\/nordnesrepublikken.no\/wp-content\/uploads\/2025\/02\/1740077558_Radioaktiv-anomali-i-Stillehavet-skyldes-kanskje-kosmiske-hendelser-det-vi.jpeg\",\"width\":1277,\"height\":725,\"caption\":\"Immagine\"},{\"@type\":\"BreadcrumbList\",\"@id\":\"https:\/\/nordnesrepublikken.no\/index.php\/2025\/02\/20\/radioaktiv-anomali-i-stillehavet-skyldes-kanskje-kosmiske-hendelser-det-vi-vet\/#breadcrumb\",\"itemListElement\":[{\"@type\":\"ListItem\",\"position\":1,\"name\":\"Home\",\"item\":\"https:\/\/nordnesrepublikken.no\/\"},{\"@type\":\"ListItem\",\"position\":2,\"name\":\"Radioaktiv anomali i Stillehavet skyldes kanskje kosmiske hendelser: det vi vet\"}]},{\"@type\":\"WebSite\",\"@id\":\"https:\/\/nordnesrepublikken.no\/#website\",\"url\":\"https:\/\/nordnesrepublikken.no\/\",\"name\":\"Nordnesrepublikken\",\"description\":\"Stemmer og Visjoner fra Republikkens Hjerte\",\"publisher\":{\"@id\":\"https:\/\/nordnesrepublikken.no\/#organization\"},\"potentialAction\":[{\"@type\":\"SearchAction\",\"target\":{\"@type\":\"EntryPoint\",\"urlTemplate\":\"https:\/\/nordnesrepublikken.no\/?s={search_term_string}\"},\"query-input\":{\"@type\":\"PropertyValueSpecification\",\"valueRequired\":true,\"valueName\":\"search_term_string\"}}],\"inLanguage\":\"nb-NO\"},{\"@type\":\"Organization\",\"@id\":\"https:\/\/nordnesrepublikken.no\/#organization\",\"name\":\"Nordnesrepublikken\",\"url\":\"https:\/\/nordnesrepublikken.no\/\",\"logo\":{\"@type\":\"ImageObject\",\"inLanguage\":\"nb-NO\",\"@id\":\"https:\/\/nordnesrepublikken.no\/#\/schema\/logo\/image\/\",\"url\":\"https:\/\/nordnesrepublikken.no\/wp-content\/uploads\/2025\/02\/cropped-nordnesrepublikken-2.png\",\"contentUrl\":\"https:\/\/nordnesrepublikken.no\/wp-content\/uploads\/2025\/02\/cropped-nordnesrepublikken-2.png\",\"width\":1248,\"height\":362,\"caption\":\"Nordnesrepublikken\"},\"image\":{\"@id\":\"https:\/\/nordnesrepublikken.no\/#\/schema\/logo\/image\/\"}},{\"@type\":\"Person\",\"@id\":\"https:\/\/nordnesrepublikken.no\/#\/schema\/person\/2e7e81935bab77882fffb79296240ff1\",\"name\":\"Ole Andersen\",\"image\":{\"@type\":\"ImageObject\",\"inLanguage\":\"nb-NO\",\"@id\":\"https:\/\/nordnesrepublikken.no\/#\/schema\/person\/image\/\",\"url\":\"https:\/\/nordnesrepublikken.no\/wp-content\/uploads\/2025\/02\/nordnesrepublikken-2-2-150x150.jpg\",\"contentUrl\":\"https:\/\/nordnesrepublikken.no\/wp-content\/uploads\/2025\/02\/nordnesrepublikken-2-2-150x150.jpg\",\"caption\":\"Ole Andersen\"},\"description\":\"Ettersom jeg vokste opp i Oslo, har jeg alltid v\u00e6rt fascinert av ordenes kraft og deres evne til \u00e5 skape endringer. Etter \u00e5 ha fullf\u00f8rt min utdannelse i kommunikasjon ved Universitetet i Bergen, fikk jeg muligheten til \u00e5 jobbe innen ulike medier, der jeg har s\u00f8kt \u00e5 belyse viktige samfunnssp\u00f8rsm\u00e5l. I dag, som redakt\u00f8r for Nordnesrepublikken, pr\u00f8ver jeg \u00e5 forene min kj\u00e6rlighet for journalistikk med min lidenskap for innovasjon og eventyr.\",\"sameAs\":[\"https:\/\/nordnesrepublikken.no\/\"]}]}<\/script>\n<!-- \/ Yoast SEO plugin. -->","yoast_head_json":{"title":"Radioaktiv anomali i Stillehavet skyldes kanskje kosmiske hendelser: det vi vet - Nordnesrepublikken","robots":{"index":"index","follow":"follow","max-snippet":"max-snippet:-1","max-image-preview":"max-image-preview:large","max-video-preview":"max-video-preview:-1"},"canonical":"https:\/\/nordnesrepublikken.no\/index.php\/2025\/02\/20\/radioaktiv-anomali-i-stillehavet-skyldes-kanskje-kosmiske-hendelser-det-vi-vet\/","og_locale":"nb_NO","og_type":"article","og_title":"Radioaktiv anomali i Stillehavet skyldes kanskje kosmiske hendelser: det vi vet - Nordnesrepublikken","og_description":"En mystisk akkumulering av Beerillium-10a Radioaktiv isotop av Beerillium, ble oppdaget i to omr\u00e5der avStillehavet","og_url":"https:\/\/nordnesrepublikken.no\/index.php\/2025\/02\/20\/radioaktiv-anomali-i-stillehavet-skyldes-kanskje-kosmiske-hendelser-det-vi-vet\/","og_site_name":"Nordnesrepublikken","article_published_time":"2025-02-20T18:52:38+00:00","article_modified_time":"2025-02-20T18:52:39+00:00","og_image":[{"width":1277,"height":725,"url":"https:\/\/nordnesrepublikken.no\/wp-content\/uploads\/2025\/02\/1740077558_Radioaktiv-anomali-i-Stillehavet-skyldes-kanskje-kosmiske-hendelser-det-vi.jpeg","type":"image\/jpeg"}],"author":"Ole Andersen","twitter_card":"summary_large_image","twitter_misc":{"Skrevet av":"Ole Andersen","Ansl. lesetid":"4 minutter"},"schema":{"@context":"https:\/\/schema.org","@graph":[{"@type":"Article","@id":"https:\/\/nordnesrepublikken.no\/index.php\/2025\/02\/20\/radioaktiv-anomali-i-stillehavet-skyldes-kanskje-kosmiske-hendelser-det-vi-vet\/#article","isPartOf":{"@id":"https:\/\/nordnesrepublikken.no\/index.php\/2025\/02\/20\/radioaktiv-anomali-i-stillehavet-skyldes-kanskje-kosmiske-hendelser-det-vi-vet\/"},"author":{"name":"Ole Andersen","@id":"https:\/\/nordnesrepublikken.no\/#\/schema\/person\/2e7e81935bab77882fffb79296240ff1"},"headline":"Radioaktiv anomali i Stillehavet skyldes kanskje kosmiske hendelser: det vi vet","datePublished":"2025-02-20T18:52:38+00:00","dateModified":"2025-02-20T18:52:39+00:00","mainEntityOfPage":{"@id":"https:\/\/nordnesrepublikken.no\/index.php\/2025\/02\/20\/radioaktiv-anomali-i-stillehavet-skyldes-kanskje-kosmiske-hendelser-det-vi-vet\/"},"wordCount":716,"publisher":{"@id":"https:\/\/nordnesrepublikken.no\/#organization"},"image":{"@id":"https:\/\/nordnesrepublikken.no\/index.php\/2025\/02\/20\/radioaktiv-anomali-i-stillehavet-skyldes-kanskje-kosmiske-hendelser-det-vi-vet\/#primaryimage"},"thumbnailUrl":"https:\/\/nordnesrepublikken.no\/wp-content\/uploads\/2025\/02\/1740077558_Radioaktiv-anomali-i-Stillehavet-skyldes-kanskje-kosmiske-hendelser-det-vi.jpeg","keywords":["anomali","Det","hendelser","kanskje","kosmiske","Radioaktiv","skyldes","Stillehavet","vet"],"articleSection":["Milj\u00f8"],"inLanguage":"nb-NO"},{"@type":"WebPage","@id":"https:\/\/nordnesrepublikken.no\/index.php\/2025\/02\/20\/radioaktiv-anomali-i-stillehavet-skyldes-kanskje-kosmiske-hendelser-det-vi-vet\/","url":"https:\/\/nordnesrepublikken.no\/index.php\/2025\/02\/20\/radioaktiv-anomali-i-stillehavet-skyldes-kanskje-kosmiske-hendelser-det-vi-vet\/","name":"Radioaktiv anomali i Stillehavet skyldes kanskje kosmiske hendelser: det vi vet - Nordnesrepublikken","isPartOf":{"@id":"https:\/\/nordnesrepublikken.no\/#website"},"primaryImageOfPage":{"@id":"https:\/\/nordnesrepublikken.no\/index.php\/2025\/02\/20\/radioaktiv-anomali-i-stillehavet-skyldes-kanskje-kosmiske-hendelser-det-vi-vet\/#primaryimage"},"image":{"@id":"https:\/\/nordnesrepublikken.no\/index.php\/2025\/02\/20\/radioaktiv-anomali-i-stillehavet-skyldes-kanskje-kosmiske-hendelser-det-vi-vet\/#primaryimage"},"thumbnailUrl":"https:\/\/nordnesrepublikken.no\/wp-content\/uploads\/2025\/02\/1740077558_Radioaktiv-anomali-i-Stillehavet-skyldes-kanskje-kosmiske-hendelser-det-vi.jpeg","datePublished":"2025-02-20T18:52:38+00:00","dateModified":"2025-02-20T18:52:39+00:00","breadcrumb":{"@id":"https:\/\/nordnesrepublikken.no\/index.php\/2025\/02\/20\/radioaktiv-anomali-i-stillehavet-skyldes-kanskje-kosmiske-hendelser-det-vi-vet\/#breadcrumb"},"inLanguage":"nb-NO","potentialAction":[{"@type":"ReadAction","target":["https:\/\/nordnesrepublikken.no\/index.php\/2025\/02\/20\/radioaktiv-anomali-i-stillehavet-skyldes-kanskje-kosmiske-hendelser-det-vi-vet\/"]}]},{"@type":"ImageObject","inLanguage":"nb-NO","@id":"https:\/\/nordnesrepublikken.no\/index.php\/2025\/02\/20\/radioaktiv-anomali-i-stillehavet-skyldes-kanskje-kosmiske-hendelser-det-vi-vet\/#primaryimage","url":"https:\/\/nordnesrepublikken.no\/wp-content\/uploads\/2025\/02\/1740077558_Radioaktiv-anomali-i-Stillehavet-skyldes-kanskje-kosmiske-hendelser-det-vi.jpeg","contentUrl":"https:\/\/nordnesrepublikken.no\/wp-content\/uploads\/2025\/02\/1740077558_Radioaktiv-anomali-i-Stillehavet-skyldes-kanskje-kosmiske-hendelser-det-vi.jpeg","width":1277,"height":725,"caption":"Immagine"},{"@type":"BreadcrumbList","@id":"https:\/\/nordnesrepublikken.no\/index.php\/2025\/02\/20\/radioaktiv-anomali-i-stillehavet-skyldes-kanskje-kosmiske-hendelser-det-vi-vet\/#breadcrumb","itemListElement":[{"@type":"ListItem","position":1,"name":"Home","item":"https:\/\/nordnesrepublikken.no\/"},{"@type":"ListItem","position":2,"name":"Radioaktiv anomali i Stillehavet skyldes kanskje kosmiske hendelser: det vi vet"}]},{"@type":"WebSite","@id":"https:\/\/nordnesrepublikken.no\/#website","url":"https:\/\/nordnesrepublikken.no\/","name":"Nordnesrepublikken","description":"Stemmer og Visjoner fra Republikkens Hjerte","publisher":{"@id":"https:\/\/nordnesrepublikken.no\/#organization"},"potentialAction":[{"@type":"SearchAction","target":{"@type":"EntryPoint","urlTemplate":"https:\/\/nordnesrepublikken.no\/?s={search_term_string}"},"query-input":{"@type":"PropertyValueSpecification","valueRequired":true,"valueName":"search_term_string"}}],"inLanguage":"nb-NO"},{"@type":"Organization","@id":"https:\/\/nordnesrepublikken.no\/#organization","name":"Nordnesrepublikken","url":"https:\/\/nordnesrepublikken.no\/","logo":{"@type":"ImageObject","inLanguage":"nb-NO","@id":"https:\/\/nordnesrepublikken.no\/#\/schema\/logo\/image\/","url":"https:\/\/nordnesrepublikken.no\/wp-content\/uploads\/2025\/02\/cropped-nordnesrepublikken-2.png","contentUrl":"https:\/\/nordnesrepublikken.no\/wp-content\/uploads\/2025\/02\/cropped-nordnesrepublikken-2.png","width":1248,"height":362,"caption":"Nordnesrepublikken"},"image":{"@id":"https:\/\/nordnesrepublikken.no\/#\/schema\/logo\/image\/"}},{"@type":"Person","@id":"https:\/\/nordnesrepublikken.no\/#\/schema\/person\/2e7e81935bab77882fffb79296240ff1","name":"Ole Andersen","image":{"@type":"ImageObject","inLanguage":"nb-NO","@id":"https:\/\/nordnesrepublikken.no\/#\/schema\/person\/image\/","url":"https:\/\/nordnesrepublikken.no\/wp-content\/uploads\/2025\/02\/nordnesrepublikken-2-2-150x150.jpg","contentUrl":"https:\/\/nordnesrepublikken.no\/wp-content\/uploads\/2025\/02\/nordnesrepublikken-2-2-150x150.jpg","caption":"Ole Andersen"},"description":"Ettersom jeg vokste opp i Oslo, har jeg alltid v\u00e6rt fascinert av ordenes kraft og deres evne til \u00e5 skape endringer. Etter \u00e5 ha fullf\u00f8rt min utdannelse i kommunikasjon ved Universitetet i Bergen, fikk jeg muligheten til \u00e5 jobbe innen ulike medier, der jeg har s\u00f8kt \u00e5 belyse viktige samfunnssp\u00f8rsm\u00e5l. I dag, som redakt\u00f8r for Nordnesrepublikken, pr\u00f8ver jeg \u00e5 forene min kj\u00e6rlighet for journalistikk med min lidenskap for innovasjon og eventyr.","sameAs":["https:\/\/nordnesrepublikken.no\/"]}]}},"_links":{"self":[{"href":"https:\/\/nordnesrepublikken.no\/index.php\/wp-json\/wp\/v2\/posts\/2676","targetHints":{"allow":["GET"]}}],"collection":[{"href":"https:\/\/nordnesrepublikken.no\/index.php\/wp-json\/wp\/v2\/posts"}],"about":[{"href":"https:\/\/nordnesrepublikken.no\/index.php\/wp-json\/wp\/v2\/types\/post"}],"author":[{"embeddable":true,"href":"https:\/\/nordnesrepublikken.no\/index.php\/wp-json\/wp\/v2\/users\/1"}],"replies":[{"embeddable":true,"href":"https:\/\/nordnesrepublikken.no\/index.php\/wp-json\/wp\/v2\/comments?post=2676"}],"version-history":[{"count":1,"href":"https:\/\/nordnesrepublikken.no\/index.php\/wp-json\/wp\/v2\/posts\/2676\/revisions"}],"predecessor-version":[{"id":2678,"href":"https:\/\/nordnesrepublikken.no\/index.php\/wp-json\/wp\/v2\/posts\/2676\/revisions\/2678"}],"wp:featuredmedia":[{"embeddable":true,"href":"https:\/\/nordnesrepublikken.no\/index.php\/wp-json\/wp\/v2\/media\/2677"}],"wp:attachment":[{"href":"https:\/\/nordnesrepublikken.no\/index.php\/wp-json\/wp\/v2\/media?parent=2676"}],"wp:term":[{"taxonomy":"category","embeddable":true,"href":"https:\/\/nordnesrepublikken.no\/index.php\/wp-json\/wp\/v2\/categories?post=2676"},{"taxonomy":"post_tag","embeddable":true,"href":"https:\/\/nordnesrepublikken.no\/index.php\/wp-json\/wp\/v2\/tags?post=2676"}],"curies":[{"name":"wp","href":"https:\/\/api.w.org\/{rel}","templated":true}]}}